{"id":64852,"date":"2021-09-17T22:45:02","date_gmt":"2021-09-17T21:45:02","guid":{"rendered":"https:\/\/radioljubuski.ba\/?p=64852"},"modified":"2021-09-18T15:12:47","modified_gmt":"2021-09-18T14:12:47","slug":"poslusajte-snimak-razgovora-direktora-osa-e-osmana-mehmedagica-s-glavnom-tuzteljicom-gordanom-tadic-i-njenom-zamjenicom","status":"publish","type":"post","link":"https:\/\/radioljubuski.ba\/index.php\/2021\/09\/17\/poslusajte-snimak-razgovora-direktora-osa-e-osmana-mehmedagica-s-glavnom-tuzteljicom-gordanom-tadic-i-njenom-zamjenicom\/","title":{"rendered":"Poslu\u0161ajte snimak razgovora direktora OSA-e Osmana Mehmedagi\u0107a s glavnom tu\u017eteljicom Gordanom Tadi\u0107 i njenom zamjenicom"},"content":{"rendered":"\n<p><strong>Na adresu portala Avaz.ba je stigao mail u kojem su prilo\u017eene audiosnimke razgovora Osmana Mehmedagi\u0107a, direktora OSA-e BiH, s Gordanom Tadi\u0107, glavnom dr\u017eavnom tu\u017eiteljicom, i njenom zamjenicom Ozrenkom Ne\u0161kovi\u0107. U mailu se navodi da iza njega stoje po\u0161teni i potla\u010deni zaposlenici Obavje\u0161tajno-sigurnosne agencije BiH (OSA BiH). Posu\u0161ajte prvi dio snimke:<\/strong><\/p>\n\n\n\n<iframe loading=\"lazy\" title=\"(I) Osmica tajno snimao razgovor sa tu\u017eiteljicom Tadi\u0107 gdje prijeti i poku\u0161ava da kompromitira \u010cavku\" width=\"640\" height=\"360\" src=\"https:\/\/www.youtube.com\/embed\/LFoKoEs8mhI?feature=oembed\" frameborder=\"0\" allow=\"accelerometer; autoplay; clipboard-write; encrypted-media; gyroscope; picture-in-picture; web-share\" referrerpolicy=\"strict-origin-when-cross-origin\" allowfullscreen><\/iframe>\n\n\n\n<p>U mailu se navodi, izme\u0111u ostalog, da generalni direktor OSA-e Osman Mehmedagi\u0107 Osmica, zlorabe\u0107i resurse slu\u017ebe, ve\u0107 du\u017ee vrijeme nezakonito prati i prislu\u0161kuje glavnu dr\u017eavnu tu\u017eiteljicu Gordanu Tadi\u0107.<\/p>\n\n\n\n<p>Navodi se da je preko svojih odanih kadrova u slu\u017ebi nezakonito ozvu\u010dio ured glavne tu\u017eiteljice. Kao dokaz tome, medijima su poslali snimke na kojima se \u010duje razgovor Mehmedagi\u0107a, glavne tu\u017eiteljice Tadi\u0107 i njene zamjenice Ozrenke Ne\u0161kovi\u0107. Mehmedagi\u0107 je, prema tvrdnjama autora pisma iz OSA-e, tra\u017eio da mu se ova snimka dostavi, a potom odmah uni\u0161ti jer se i on pojavljuje na istoj.<\/p>\n\n\n\n<p>Prema snimci, koja je o\u010digledno ranije nastala, jer se govori o Mehmedagi\u0107evoj prvoj problemati\u010dnoj diplomi, a ne onoj krivotvorenoj na Ameri\u010dkom sveu\u010dili\u0161tu, zbog koje je bio odre\u0111en pritvor vlasniku tog sveu\u010dili\u0161ta Denisu Prci\u0107u i gdje su ve\u0107 prona\u0111ene potrgane stanice i nalijepljene nove kako bi poku\u0161ali pokazati kako je Mehmedagi\u0107 diplomirao na Ameri\u010dkom sveu\u010dili\u0161tu.<\/p>\n\n\n\n<p>\u2013 Kriminalci, kada se na\u0111u u pritvoru, jedva \u010dekaju do\u0107i do Suda, jer tu onda sve lako rije\u0161e \u2013 ka\u017ee, izme\u0111u ostalog, Mehmedagi\u0107 u snimljenom razgovoru.<\/p>\n\n\n\n<p><strong>OSA demantira da je Mehmedagi\u0107 snimao razgovor<\/strong><\/p>\n\n\n\n<p>Obavje\u0161tajno sigurnosna agencija BiH (OSA) demantirala je da je njezin direktor snimao razgovor s glavnom tu\u017eiteljicom Tu\u017eiteljstva BiH Gordanom Tadi\u0107.<\/p>\n\n\n\n<p>-Kao i mnogo puta do sada kada je u pitanju Obavje\u0161tajno-sigurnosna agencija radi se o neosnovanom napadu na OSA\/OBA BiH i njenog generalnog direktora Osmana Mehmedagi\u0107a. Pozivamo sve relevantne institucije u ovom slu\u010daju da izvr\u0161e provjeru ko je snimao slu\u017ebeni sastanak u Tu\u017eiteljstvu Bosne i Hercegovine i razgovor izme\u0111u osoba koje imaju pristup tajnim podacima, stoji u priop\u0107enju OSA-e.<\/p>\n\n\n\n<p>Vje\u0161ta\u010denjem snimka vrlo jednostavno se, dodaje se u priop\u0107enju, mo\u017ee utvrditi tko je osoba koja je nezakonito snimala sastanak koji je odr\u017ean u slu\u017ebenim prostorijama Tu\u017eiteljstva BiH.<\/p>\n\n\n\n<p>-OSA BiH i njen direktor Osman Mehmedagi\u0107 nikada nisu zlorabili resurse Agencije za bilo koju osobnu svrhu \u0161to \u0107e se dokazati i u ovom slu\u010daju poku\u0161aja diskreditacije jedne od najva\u017enijih dr\u017eavnih institucija. Jo\u0161 jednom pozivamo sve relevantne institucije, kako doma\u0107e tako i me\u0111unarodne, isklju\u010duju\u0107i Tu\u017eiteljstvo BiH, da provjere i ustanove tko je neovla\u0161teno snimao sastanak u Tu\u017eiteljstvu BiH \u010diji je doma\u0107in bila glavna tu\u017eiteljica Gordana Tadi\u0107.Jo\u0161 jednom isti\u010demo, OSA i njen generalni direktor nisu sudjelovali u ovom o\u010diglednom nezakonitom djelu, stoji u priop\u0107enju OSA-e.<\/p>\n\n\n\n<p>\/HMS\/<\/p>\n","protected":false},"excerpt":{"rendered":"<p>Na adresu portala Avaz.ba je stigao mail u kojem su prilo\u017eene audiosnimke razgovora Osmana Mehmedagi\u0107a, direktora OSA-e BiH, s Gordanom Tadi\u0107, glavnom dr\u017eavnom tu\u017eiteljicom, i njenom zamjenicom Ozrenkom Ne\u0161kovi\u0107. U mailu se navodi da iza njega stoje po\u0161teni i potla\u010deni zaposlenici Obavje\u0161tajno-sigurnosne agencije BiH (OSA BiH). Posu\u0161ajte prvi dio snimke: U mailu se navodi, izme\u0111u [&hellip;]<\/p>\n","protected":false},"author":2,"featured_media":64853,"comment_status":"closed","ping_status":"closed","sticky":false,"template":"","format":"standard","meta":{"h5ap_radio_sources":[],"footnotes":""},"categories":[1],"tags":[],"class_list":["post-64852","post","type-post","status-publish","format-standard","has-post-thumbnail","hentry","category-bihiregija"],"yoast_head":"<!-- This site is optimized with the Yoast SEO plugin v27.4 - https:\/\/yoast.com\/product\/yoast-seo-wordpress\/ -->\n<title>Poslu\u0161ajte snimak razgovora direktora OSA-e Osmana Mehmedagi\u0107a s glavnom tu\u017eteljicom Gordanom Tadi\u0107 i njenom zamjenicom - RADIO LJUBU\u0160KI<\/title>\n<meta name=\"robots\" content=\"index, follow, max-snippet:-1, max-image-preview:large, max-video-preview:-1\" \/>\n<link rel=\"canonical\" href=\"https:\/\/radioljubuski.ba\/index.php\/2021\/09\/17\/poslusajte-snimak-razgovora-direktora-osa-e-osmana-mehmedagica-s-glavnom-tuzteljicom-gordanom-tadic-i-njenom-zamjenicom\/\" \/>\n<meta property=\"og:locale\" content=\"hr_HR\" \/>\n<meta property=\"og:type\" content=\"article\" \/>\n<meta property=\"og:title\" content=\"Poslu\u0161ajte snimak razgovora direktora OSA-e Osmana Mehmedagi\u0107a s glavnom tu\u017eteljicom Gordanom Tadi\u0107 i njenom zamjenicom - RADIO LJUBU\u0160KI\" \/>\n<meta property=\"og:description\" content=\"Na adresu portala Avaz.ba je stigao mail u kojem su prilo\u017eene audiosnimke razgovora Osmana Mehmedagi\u0107a, direktora OSA-e BiH, s Gordanom Tadi\u0107, glavnom dr\u017eavnom tu\u017eiteljicom, i njenom zamjenicom Ozrenkom Ne\u0161kovi\u0107. U mailu se navodi da iza njega stoje po\u0161teni i potla\u010deni zaposlenici Obavje\u0161tajno-sigurnosne agencije BiH (OSA BiH). Posu\u0161ajte prvi dio snimke: U mailu se navodi, izme\u0111u [&hellip;]\" \/>\n<meta property=\"og:url\" content=\"https:\/\/radioljubuski.ba\/index.php\/2021\/09\/17\/poslusajte-snimak-razgovora-direktora-osa-e-osmana-mehmedagica-s-glavnom-tuzteljicom-gordanom-tadic-i-njenom-zamjenicom\/\" \/>\n<meta property=\"og:site_name\" content=\"RADIO LJUBU\u0160KI\" \/>\n<meta property=\"article:publisher\" content=\"https:\/\/www.facebook.com\/Radiio-Ljubuski-1490835324566332\" \/>\n<meta property=\"article:published_time\" content=\"2021-09-17T21:45:02+00:00\" \/>\n<meta property=\"article:modified_time\" content=\"2021-09-18T14:12:47+00:00\" \/>\n<meta property=\"og:image\" content=\"https:\/\/radioljubuski.ba\/wp-content\/uploads\/2021\/09\/osmica-tadic.png\" \/>\n\t<meta property=\"og:image:width\" content=\"1024\" \/>\n\t<meta property=\"og:image:height\" content=\"576\" \/>\n\t<meta property=\"og:image:type\" content=\"image\/png\" \/>\n<meta name=\"author\" content=\"Radio Ljubu\u0161ki\" \/>\n<meta name=\"twitter:card\" content=\"summary_large_image\" \/>\n<meta name=\"twitter:creator\" content=\"@radioljubuski\" \/>\n<meta name=\"twitter:site\" content=\"@radioljubuski\" \/>\n<meta name=\"twitter:label1\" content=\"Napisao\/la\" \/>\n\t<meta name=\"twitter:data1\" content=\"Radio Ljubu\u0161ki\" \/>\n\t<meta name=\"twitter:label2\" content=\"Procijenjeno vrijeme \u010ditanja\" \/>\n\t<meta name=\"twitter:data2\" content=\"2 minute\" \/>\n<script type=\"application\/ld+json\" class=\"yoast-schema-graph\">{\"@context\":\"https:\\\/\\\/schema.org\",\"@graph\":[{\"@type\":\"Article\",\"@id\":\"https:\\\/\\\/radioljubuski.ba\\\/index.php\\\/2021\\\/09\\\/17\\\/poslusajte-snimak-razgovora-direktora-osa-e-osmana-mehmedagica-s-glavnom-tuzteljicom-gordanom-tadic-i-njenom-zamjenicom\\\/#article\",\"isPartOf\":{\"@id\":\"https:\\\/\\\/radioljubuski.ba\\\/index.php\\\/2021\\\/09\\\/17\\\/poslusajte-snimak-razgovora-direktora-osa-e-osmana-mehmedagica-s-glavnom-tuzteljicom-gordanom-tadic-i-njenom-zamjenicom\\\/\"},\"author\":{\"name\":\"Radio Ljubu\u0161ki\",\"@id\":\"https:\\\/\\\/radioljubuski.ba\\\/#\\\/schema\\\/person\\\/19fc700381a780f69665d7956c469e3b\"},\"headline\":\"Poslu\u0161ajte snimak razgovora direktora OSA-e Osmana Mehmedagi\u0107a s glavnom tu\u017eteljicom Gordanom Tadi\u0107 i njenom zamjenicom\",\"datePublished\":\"2021-09-17T21:45:02+00:00\",\"dateModified\":\"2021-09-18T14:12:47+00:00\",\"mainEntityOfPage\":{\"@id\":\"https:\\\/\\\/radioljubuski.ba\\\/index.php\\\/2021\\\/09\\\/17\\\/poslusajte-snimak-razgovora-direktora-osa-e-osmana-mehmedagica-s-glavnom-tuzteljicom-gordanom-tadic-i-njenom-zamjenicom\\\/\"},\"wordCount\":523,\"publisher\":{\"@id\":\"https:\\\/\\\/radioljubuski.ba\\\/#organization\"},\"image\":{\"@id\":\"https:\\\/\\\/radioljubuski.ba\\\/index.php\\\/2021\\\/09\\\/17\\\/poslusajte-snimak-razgovora-direktora-osa-e-osmana-mehmedagica-s-glavnom-tuzteljicom-gordanom-tadic-i-njenom-zamjenicom\\\/#primaryimage\"},\"thumbnailUrl\":\"https:\\\/\\\/radioljubuski.ba\\\/wp-content\\\/uploads\\\/2021\\\/09\\\/osmica-tadic.png\",\"articleSection\":[\"BIH i regija\"],\"inLanguage\":\"hr\"},{\"@type\":\"WebPage\",\"@id\":\"https:\\\/\\\/radioljubuski.ba\\\/index.php\\\/2021\\\/09\\\/17\\\/poslusajte-snimak-razgovora-direktora-osa-e-osmana-mehmedagica-s-glavnom-tuzteljicom-gordanom-tadic-i-njenom-zamjenicom\\\/\",\"url\":\"https:\\\/\\\/radioljubuski.ba\\\/index.php\\\/2021\\\/09\\\/17\\\/poslusajte-snimak-razgovora-direktora-osa-e-osmana-mehmedagica-s-glavnom-tuzteljicom-gordanom-tadic-i-njenom-zamjenicom\\\/\",\"name\":\"Poslu\u0161ajte snimak razgovora direktora OSA-e Osmana Mehmedagi\u0107a s glavnom tu\u017eteljicom Gordanom Tadi\u0107 i njenom zamjenicom - RADIO LJUBU\u0160KI\",\"isPartOf\":{\"@id\":\"https:\\\/\\\/radioljubuski.ba\\\/#website\"},\"primaryImageOfPage\":{\"@id\":\"https:\\\/\\\/radioljubuski.ba\\\/index.php\\\/2021\\\/09\\\/17\\\/poslusajte-snimak-razgovora-direktora-osa-e-osmana-mehmedagica-s-glavnom-tuzteljicom-gordanom-tadic-i-njenom-zamjenicom\\\/#primaryimage\"},\"image\":{\"@id\":\"https:\\\/\\\/radioljubuski.ba\\\/index.php\\\/2021\\\/09\\\/17\\\/poslusajte-snimak-razgovora-direktora-osa-e-osmana-mehmedagica-s-glavnom-tuzteljicom-gordanom-tadic-i-njenom-zamjenicom\\\/#primaryimage\"},\"thumbnailUrl\":\"https:\\\/\\\/radioljubuski.ba\\\/wp-content\\\/uploads\\\/2021\\\/09\\\/osmica-tadic.png\",\"datePublished\":\"2021-09-17T21:45:02+00:00\",\"dateModified\":\"2021-09-18T14:12:47+00:00\",\"breadcrumb\":{\"@id\":\"https:\\\/\\\/radioljubuski.ba\\\/index.php\\\/2021\\\/09\\\/17\\\/poslusajte-snimak-razgovora-direktora-osa-e-osmana-mehmedagica-s-glavnom-tuzteljicom-gordanom-tadic-i-njenom-zamjenicom\\\/#breadcrumb\"},\"inLanguage\":\"hr\",\"potentialAction\":[{\"@type\":\"ReadAction\",\"target\":[\"https:\\\/\\\/radioljubuski.ba\\\/index.php\\\/2021\\\/09\\\/17\\\/poslusajte-snimak-razgovora-direktora-osa-e-osmana-mehmedagica-s-glavnom-tuzteljicom-gordanom-tadic-i-njenom-zamjenicom\\\/\"]}]},{\"@type\":\"ImageObject\",\"inLanguage\":\"hr\",\"@id\":\"https:\\\/\\\/radioljubuski.ba\\\/index.php\\\/2021\\\/09\\\/17\\\/poslusajte-snimak-razgovora-direktora-osa-e-osmana-mehmedagica-s-glavnom-tuzteljicom-gordanom-tadic-i-njenom-zamjenicom\\\/#primaryimage\",\"url\":\"https:\\\/\\\/radioljubuski.ba\\\/wp-content\\\/uploads\\\/2021\\\/09\\\/osmica-tadic.png\",\"contentUrl\":\"https:\\\/\\\/radioljubuski.ba\\\/wp-content\\\/uploads\\\/2021\\\/09\\\/osmica-tadic.png\",\"width\":1024,\"height\":576},{\"@type\":\"BreadcrumbList\",\"@id\":\"https:\\\/\\\/radioljubuski.ba\\\/index.php\\\/2021\\\/09\\\/17\\\/poslusajte-snimak-razgovora-direktora-osa-e-osmana-mehmedagica-s-glavnom-tuzteljicom-gordanom-tadic-i-njenom-zamjenicom\\\/#breadcrumb\",\"itemListElement\":[{\"@type\":\"ListItem\",\"position\":1,\"name\":\"Po\u010detna stranica\",\"item\":\"https:\\\/\\\/radioljubuski.ba\\\/\"},{\"@type\":\"ListItem\",\"position\":2,\"name\":\"Poslu\u0161ajte snimak razgovora direktora OSA-e Osmana Mehmedagi\u0107a s glavnom tu\u017eteljicom Gordanom Tadi\u0107 i njenom zamjenicom\"}]},{\"@type\":\"WebSite\",\"@id\":\"https:\\\/\\\/radioljubuski.ba\\\/#website\",\"url\":\"https:\\\/\\\/radioljubuski.ba\\\/\",\"name\":\"Radio Ljubu\u0161ki\",\"description\":\"Sun\u010dana frekvencija Hercegovine\",\"publisher\":{\"@id\":\"https:\\\/\\\/radioljubuski.ba\\\/#organization\"},\"potentialAction\":[{\"@type\":\"SearchAction\",\"target\":{\"@type\":\"EntryPoint\",\"urlTemplate\":\"https:\\\/\\\/radioljubuski.ba\\\/?s={search_term_string}\"},\"query-input\":{\"@type\":\"PropertyValueSpecification\",\"valueRequired\":true,\"valueName\":\"search_term_string\"}}],\"inLanguage\":\"hr\"},{\"@type\":\"Organization\",\"@id\":\"https:\\\/\\\/radioljubuski.ba\\\/#organization\",\"name\":\"Radio Ljubu\u0161ki\",\"url\":\"https:\\\/\\\/radioljubuski.ba\\\/\",\"logo\":{\"@type\":\"ImageObject\",\"inLanguage\":\"hr\",\"@id\":\"https:\\\/\\\/radioljubuski.ba\\\/#\\\/schema\\\/logo\\\/image\\\/\",\"url\":\"https:\\\/\\\/radioljubuski.ba\\\/wp-content\\\/uploads\\\/2021\\\/02\\\/cropped-Radio_Ljubuski_logo1.jpg\",\"contentUrl\":\"https:\\\/\\\/radioljubuski.ba\\\/wp-content\\\/uploads\\\/2021\\\/02\\\/cropped-Radio_Ljubuski_logo1.jpg\",\"width\":512,\"height\":512,\"caption\":\"Radio Ljubu\u0161ki\"},\"image\":{\"@id\":\"https:\\\/\\\/radioljubuski.ba\\\/#\\\/schema\\\/logo\\\/image\\\/\"},\"sameAs\":[\"https:\\\/\\\/www.facebook.com\\\/Radiio-Ljubuski-1490835324566332\",\"https:\\\/\\\/x.com\\\/radioljubuski\",\"https:\\\/\\\/hr.linkedin.com\\\/company\\\/radio-ljubuski\",\"https:\\\/\\\/www.youtube.com\\\/channel\\\/UCHYaeO_n0Db3tjNGudGpXyw\"]},{\"@type\":\"Person\",\"@id\":\"https:\\\/\\\/radioljubuski.ba\\\/#\\\/schema\\\/person\\\/19fc700381a780f69665d7956c469e3b\",\"name\":\"Radio Ljubu\u0161ki\"}]}<\/script>\n<!-- \/ Yoast SEO plugin. -->","yoast_head_json":{"title":"Poslu\u0161ajte snimak razgovora direktora OSA-e Osmana Mehmedagi\u0107a s glavnom tu\u017eteljicom Gordanom Tadi\u0107 i njenom zamjenicom - RADIO LJUBU\u0160KI","robots":{"index":"index","follow":"follow","max-snippet":"max-snippet:-1","max-image-preview":"max-image-preview:large","max-video-preview":"max-video-preview:-1"},"canonical":"https:\/\/radioljubuski.ba\/index.php\/2021\/09\/17\/poslusajte-snimak-razgovora-direktora-osa-e-osmana-mehmedagica-s-glavnom-tuzteljicom-gordanom-tadic-i-njenom-zamjenicom\/","og_locale":"hr_HR","og_type":"article","og_title":"Poslu\u0161ajte snimak razgovora direktora OSA-e Osmana Mehmedagi\u0107a s glavnom tu\u017eteljicom Gordanom Tadi\u0107 i njenom zamjenicom - RADIO LJUBU\u0160KI","og_description":"Na adresu portala Avaz.ba je stigao mail u kojem su prilo\u017eene audiosnimke razgovora Osmana Mehmedagi\u0107a, direktora OSA-e BiH, s Gordanom Tadi\u0107, glavnom dr\u017eavnom tu\u017eiteljicom, i njenom zamjenicom Ozrenkom Ne\u0161kovi\u0107. U mailu se navodi da iza njega stoje po\u0161teni i potla\u010deni zaposlenici Obavje\u0161tajno-sigurnosne agencije BiH (OSA BiH). Posu\u0161ajte prvi dio snimke: U mailu se navodi, izme\u0111u [&hellip;]","og_url":"https:\/\/radioljubuski.ba\/index.php\/2021\/09\/17\/poslusajte-snimak-razgovora-direktora-osa-e-osmana-mehmedagica-s-glavnom-tuzteljicom-gordanom-tadic-i-njenom-zamjenicom\/","og_site_name":"RADIO LJUBU\u0160KI","article_publisher":"https:\/\/www.facebook.com\/Radiio-Ljubuski-1490835324566332","article_published_time":"2021-09-17T21:45:02+00:00","article_modified_time":"2021-09-18T14:12:47+00:00","og_image":[{"width":1024,"height":576,"url":"https:\/\/radioljubuski.ba\/wp-content\/uploads\/2021\/09\/osmica-tadic.png","type":"image\/png"}],"author":"Radio Ljubu\u0161ki","twitter_card":"summary_large_image","twitter_creator":"@radioljubuski","twitter_site":"@radioljubuski","twitter_misc":{"Napisao\/la":"Radio Ljubu\u0161ki","Procijenjeno vrijeme \u010ditanja":"2 minute"},"schema":{"@context":"https:\/\/schema.org","@graph":[{"@type":"Article","@id":"https:\/\/radioljubuski.ba\/index.php\/2021\/09\/17\/poslusajte-snimak-razgovora-direktora-osa-e-osmana-mehmedagica-s-glavnom-tuzteljicom-gordanom-tadic-i-njenom-zamjenicom\/#article","isPartOf":{"@id":"https:\/\/radioljubuski.ba\/index.php\/2021\/09\/17\/poslusajte-snimak-razgovora-direktora-osa-e-osmana-mehmedagica-s-glavnom-tuzteljicom-gordanom-tadic-i-njenom-zamjenicom\/"},"author":{"name":"Radio Ljubu\u0161ki","@id":"https:\/\/radioljubuski.ba\/#\/schema\/person\/19fc700381a780f69665d7956c469e3b"},"headline":"Poslu\u0161ajte snimak razgovora direktora OSA-e Osmana Mehmedagi\u0107a s glavnom tu\u017eteljicom Gordanom Tadi\u0107 i njenom zamjenicom","datePublished":"2021-09-17T21:45:02+00:00","dateModified":"2021-09-18T14:12:47+00:00","mainEntityOfPage":{"@id":"https:\/\/radioljubuski.ba\/index.php\/2021\/09\/17\/poslusajte-snimak-razgovora-direktora-osa-e-osmana-mehmedagica-s-glavnom-tuzteljicom-gordanom-tadic-i-njenom-zamjenicom\/"},"wordCount":523,"publisher":{"@id":"https:\/\/radioljubuski.ba\/#organization"},"image":{"@id":"https:\/\/radioljubuski.ba\/index.php\/2021\/09\/17\/poslusajte-snimak-razgovora-direktora-osa-e-osmana-mehmedagica-s-glavnom-tuzteljicom-gordanom-tadic-i-njenom-zamjenicom\/#primaryimage"},"thumbnailUrl":"https:\/\/radioljubuski.ba\/wp-content\/uploads\/2021\/09\/osmica-tadic.png","articleSection":["BIH i regija"],"inLanguage":"hr"},{"@type":"WebPage","@id":"https:\/\/radioljubuski.ba\/index.php\/2021\/09\/17\/poslusajte-snimak-razgovora-direktora-osa-e-osmana-mehmedagica-s-glavnom-tuzteljicom-gordanom-tadic-i-njenom-zamjenicom\/","url":"https:\/\/radioljubuski.ba\/index.php\/2021\/09\/17\/poslusajte-snimak-razgovora-direktora-osa-e-osmana-mehmedagica-s-glavnom-tuzteljicom-gordanom-tadic-i-njenom-zamjenicom\/","name":"Poslu\u0161ajte snimak razgovora direktora OSA-e Osmana Mehmedagi\u0107a s glavnom tu\u017eteljicom Gordanom Tadi\u0107 i njenom zamjenicom - RADIO LJUBU\u0160KI","isPartOf":{"@id":"https:\/\/radioljubuski.ba\/#website"},"primaryImageOfPage":{"@id":"https:\/\/radioljubuski.ba\/index.php\/2021\/09\/17\/poslusajte-snimak-razgovora-direktora-osa-e-osmana-mehmedagica-s-glavnom-tuzteljicom-gordanom-tadic-i-njenom-zamjenicom\/#primaryimage"},"image":{"@id":"https:\/\/radioljubuski.ba\/index.php\/2021\/09\/17\/poslusajte-snimak-razgovora-direktora-osa-e-osmana-mehmedagica-s-glavnom-tuzteljicom-gordanom-tadic-i-njenom-zamjenicom\/#primaryimage"},"thumbnailUrl":"https:\/\/radioljubuski.ba\/wp-content\/uploads\/2021\/09\/osmica-tadic.png","datePublished":"2021-09-17T21:45:02+00:00","dateModified":"2021-09-18T14:12:47+00:00","breadcrumb":{"@id":"https:\/\/radioljubuski.ba\/index.php\/2021\/09\/17\/poslusajte-snimak-razgovora-direktora-osa-e-osmana-mehmedagica-s-glavnom-tuzteljicom-gordanom-tadic-i-njenom-zamjenicom\/#breadcrumb"},"inLanguage":"hr","potentialAction":[{"@type":"ReadAction","target":["https:\/\/radioljubuski.ba\/index.php\/2021\/09\/17\/poslusajte-snimak-razgovora-direktora-osa-e-osmana-mehmedagica-s-glavnom-tuzteljicom-gordanom-tadic-i-njenom-zamjenicom\/"]}]},{"@type":"ImageObject","inLanguage":"hr","@id":"https:\/\/radioljubuski.ba\/index.php\/2021\/09\/17\/poslusajte-snimak-razgovora-direktora-osa-e-osmana-mehmedagica-s-glavnom-tuzteljicom-gordanom-tadic-i-njenom-zamjenicom\/#primaryimage","url":"https:\/\/radioljubuski.ba\/wp-content\/uploads\/2021\/09\/osmica-tadic.png","contentUrl":"https:\/\/radioljubuski.ba\/wp-content\/uploads\/2021\/09\/osmica-tadic.png","width":1024,"height":576},{"@type":"BreadcrumbList","@id":"https:\/\/radioljubuski.ba\/index.php\/2021\/09\/17\/poslusajte-snimak-razgovora-direktora-osa-e-osmana-mehmedagica-s-glavnom-tuzteljicom-gordanom-tadic-i-njenom-zamjenicom\/#breadcrumb","itemListElement":[{"@type":"ListItem","position":1,"name":"Po\u010detna stranica","item":"https:\/\/radioljubuski.ba\/"},{"@type":"ListItem","position":2,"name":"Poslu\u0161ajte snimak razgovora direktora OSA-e Osmana Mehmedagi\u0107a s glavnom tu\u017eteljicom Gordanom Tadi\u0107 i njenom zamjenicom"}]},{"@type":"WebSite","@id":"https:\/\/radioljubuski.ba\/#website","url":"https:\/\/radioljubuski.ba\/","name":"Radio Ljubu\u0161ki","description":"Sun\u010dana frekvencija Hercegovine","publisher":{"@id":"https:\/\/radioljubuski.ba\/#organization"},"potentialAction":[{"@type":"SearchAction","target":{"@type":"EntryPoint","urlTemplate":"https:\/\/radioljubuski.ba\/?s={search_term_string}"},"query-input":{"@type":"PropertyValueSpecification","valueRequired":true,"valueName":"search_term_string"}}],"inLanguage":"hr"},{"@type":"Organization","@id":"https:\/\/radioljubuski.ba\/#organization","name":"Radio Ljubu\u0161ki","url":"https:\/\/radioljubuski.ba\/","logo":{"@type":"ImageObject","inLanguage":"hr","@id":"https:\/\/radioljubuski.ba\/#\/schema\/logo\/image\/","url":"https:\/\/radioljubuski.ba\/wp-content\/uploads\/2021\/02\/cropped-Radio_Ljubuski_logo1.jpg","contentUrl":"https:\/\/radioljubuski.ba\/wp-content\/uploads\/2021\/02\/cropped-Radio_Ljubuski_logo1.jpg","width":512,"height":512,"caption":"Radio Ljubu\u0161ki"},"image":{"@id":"https:\/\/radioljubuski.ba\/#\/schema\/logo\/image\/"},"sameAs":["https:\/\/www.facebook.com\/Radiio-Ljubuski-1490835324566332","https:\/\/x.com\/radioljubuski","https:\/\/hr.linkedin.com\/company\/radio-ljubuski","https:\/\/www.youtube.com\/channel\/UCHYaeO_n0Db3tjNGudGpXyw"]},{"@type":"Person","@id":"https:\/\/radioljubuski.ba\/#\/schema\/person\/19fc700381a780f69665d7956c469e3b","name":"Radio Ljubu\u0161ki"}]}},"_links":{"self":[{"href":"https:\/\/radioljubuski.ba\/index.php\/wp-json\/wp\/v2\/posts\/64852","targetHints":{"allow":["GET"]}}],"collection":[{"href":"https:\/\/radioljubuski.ba\/index.php\/wp-json\/wp\/v2\/posts"}],"about":[{"href":"https:\/\/radioljubuski.ba\/index.php\/wp-json\/wp\/v2\/types\/post"}],"author":[{"embeddable":true,"href":"https:\/\/radioljubuski.ba\/index.php\/wp-json\/wp\/v2\/users\/2"}],"replies":[{"embeddable":true,"href":"https:\/\/radioljubuski.ba\/index.php\/wp-json\/wp\/v2\/comments?post=64852"}],"version-history":[{"count":1,"href":"https:\/\/radioljubuski.ba\/index.php\/wp-json\/wp\/v2\/posts\/64852\/revisions"}],"predecessor-version":[{"id":64854,"href":"https:\/\/radioljubuski.ba\/index.php\/wp-json\/wp\/v2\/posts\/64852\/revisions\/64854"}],"wp:featuredmedia":[{"embeddable":true,"href":"https:\/\/radioljubuski.ba\/index.php\/wp-json\/wp\/v2\/media\/64853"}],"wp:attachment":[{"href":"https:\/\/radioljubuski.ba\/index.php\/wp-json\/wp\/v2\/media?parent=64852"}],"wp:term":[{"taxonomy":"category","embeddable":true,"href":"https:\/\/radioljubuski.ba\/index.php\/wp-json\/wp\/v2\/categories?post=64852"},{"taxonomy":"post_tag","embeddable":true,"href":"https:\/\/radioljubuski.ba\/index.php\/wp-json\/wp\/v2\/tags?post=64852"}],"curies":[{"name":"wp","href":"https:\/\/api.w.org\/{rel}","templated":true}]}}