{"id":64858,"date":"2021-09-17T22:47:13","date_gmt":"2021-09-17T21:47:13","guid":{"rendered":"https:\/\/radioljubuski.ba\/?p=64858"},"modified":"2021-09-17T22:47:14","modified_gmt":"2021-09-17T21:47:14","slug":"stanivukovic-greska-je-lagati-narod-bih-je-neodvojiva-od-srpskog-naroda","status":"publish","type":"post","link":"https:\/\/radioljubuski.ba\/index.php\/2021\/09\/17\/stanivukovic-greska-je-lagati-narod-bih-je-neodvojiva-od-srpskog-naroda\/","title":{"rendered":"Stanivukovi\u0107: Gre\u0161ka je lagati narod, BiH je neodvojiva od srpskog naroda"},"content":{"rendered":"\n<p><strong>Gradona\u010delnik Banje Luke Dra\u0161ko Stanivukovi\u0107 boravio je ovih dana na obilje\u017eavanju Dana srpskog jedinstva u Beogradu, a nakon sredi\u0161nje sve\u010danosti dao je zanimljive izjave za medije, pogotovo u kontekstu praznika koji se obilje\u017eavao.<\/strong><\/p>\n\n\n\n<p>Stanivukovi\u0107 je tako odstupio od dominantnog narativa koji je bio prisutan na sve\u010danosti na Savskom trgu i koji je dolazio od du\u017enosnika Srbije i Republike Srpske, rekav\u0161i da treba razmi\u0161ljati \u201chladnom glavom\u201d.<\/p>\n\n\n\n<p>Na zamolbu novinara da komentira Dodikovo pozivanje na odcjepljenje RS-a od BiH i njeno pripojenje Srbiji, Stanivukovi\u0107 je rekao da su to \u201cobi\u010dne fraze\u201d. Potom ga je novinarka pitala misli li on da bi se to trebalo dogoditi.<\/p>\n\n\n\n<p>\u201cJa znam \u0161to bih trebao re\u0107i da bih dobio aplauz s jedne i gnjusnu kritiku s druge strane. Treba zadr\u017eati hladnu glavu i voditi mudru politiku. Mislim da je gre\u0161ka lagati svoj narod. Imamo politiku iz RS-a koja svaki dan govori \u2018samo \u0161to se nismo odcijepili\u2019 i tako 20 godina i to je samo predizborni trik\u201d, ka\u017ee Stanivukovi\u0107.<\/p>\n\n\n\n<p>Nakon toga je rekao da o odcjepljenju nema govora, jer je BiH i zemlja srpskog naroda koji tu ba\u0161tini vjekovnu povijest.<\/p>\n\n\n\n<p>\u201cBiH je neodvojiva od srpskog naroda. Odricati se BiH zna\u010di odricati se stoljetne povijesti svog naroda. \u010cudi me da netko tko ima 60 godina kao Dodik to ne zna i da se \u017eeli odre\u0107i deset stolje\u0107a svoje povijesti. Ja \u017eivim u Republici Srpskoj i to je dio Bosne i Hercegovine. Dodiku je odzvonilo i on se koristi jeftinim trikovima. Dobijete kratkotrajni aplauz, ali nema fajde od toga\u201d, zaklju\u010dio je Stanivukovi\u0107.<\/p>\n\n\n\n<p>Kazao je da za Srbe nije mudro odricati se BiH i europskih vrijednosti.<\/p>\n\n\n\n<p>\u201cOnda slu\u0161ate jednog Srbina iz RS-a, koji se predstavlja velikim Srbinom, gospodina Dodika, koji ka\u017ee mi smo najbolji, mi smo jedini, sami protiv svih, svijet je protiv nas, zapad nam je neprijatelj. Onda imate glas iz Srbije koji ka\u017ee Njema\u010dka je na\u0161 prijatelj, hvala im za investicije. To je glas razuma\u201d, zaklju\u010dioje Stanivukovi\u0107.<\/p>\n\n\n\n<p>\/HMS\/<\/p>\n","protected":false},"excerpt":{"rendered":"<p>Gradona\u010delnik Banje Luke Dra\u0161ko Stanivukovi\u0107 boravio je ovih dana na obilje\u017eavanju Dana srpskog jedinstva u Beogradu, a nakon sredi\u0161nje sve\u010danosti dao je zanimljive izjave za medije, pogotovo u kontekstu praznika koji se obilje\u017eavao. Stanivukovi\u0107 je tako odstupio od dominantnog narativa koji je bio prisutan na sve\u010danosti na Savskom trgu i koji je dolazio od du\u017enosnika [&hellip;]<\/p>\n","protected":false},"author":2,"featured_media":64859,"comment_status":"closed","ping_status":"closed","sticky":false,"template":"","format":"standard","meta":{"h5ap_radio_sources":[],"footnotes":""},"categories":[1],"tags":[],"class_list":["post-64858","post","type-post","status-publish","format-standard","has-post-thumbnail","hentry","category-bihiregija"],"yoast_head":"<!-- This site is optimized with the Yoast SEO plugin v27.4 - https:\/\/yoast.com\/product\/yoast-seo-wordpress\/ -->\n<title>Stanivukovi\u0107: Gre\u0161ka je lagati narod, BiH je neodvojiva od srpskog naroda - RADIO LJUBU\u0160KI<\/title>\n<meta name=\"robots\" content=\"index, follow, max-snippet:-1, max-image-preview:large, max-video-preview:-1\" \/>\n<link rel=\"canonical\" href=\"https:\/\/radioljubuski.ba\/index.php\/2021\/09\/17\/stanivukovic-greska-je-lagati-narod-bih-je-neodvojiva-od-srpskog-naroda\/\" \/>\n<meta property=\"og:locale\" content=\"hr_HR\" \/>\n<meta property=\"og:type\" content=\"article\" \/>\n<meta property=\"og:title\" content=\"Stanivukovi\u0107: Gre\u0161ka je lagati narod, BiH je neodvojiva od srpskog naroda - RADIO LJUBU\u0160KI\" \/>\n<meta property=\"og:description\" content=\"Gradona\u010delnik Banje Luke Dra\u0161ko Stanivukovi\u0107 boravio je ovih dana na obilje\u017eavanju Dana srpskog jedinstva u Beogradu, a nakon sredi\u0161nje sve\u010danosti dao je zanimljive izjave za medije, pogotovo u kontekstu praznika koji se obilje\u017eavao. Stanivukovi\u0107 je tako odstupio od dominantnog narativa koji je bio prisutan na sve\u010danosti na Savskom trgu i koji je dolazio od du\u017enosnika [&hellip;]\" \/>\n<meta property=\"og:url\" content=\"https:\/\/radioljubuski.ba\/index.php\/2021\/09\/17\/stanivukovic-greska-je-lagati-narod-bih-je-neodvojiva-od-srpskog-naroda\/\" \/>\n<meta property=\"og:site_name\" content=\"RADIO LJUBU\u0160KI\" \/>\n<meta property=\"article:publisher\" content=\"https:\/\/www.facebook.com\/Radiio-Ljubuski-1490835324566332\" \/>\n<meta property=\"article:published_time\" content=\"2021-09-17T21:47:13+00:00\" \/>\n<meta property=\"article:modified_time\" content=\"2021-09-17T21:47:14+00:00\" \/>\n<meta property=\"og:image\" content=\"https:\/\/radioljubuski.ba\/wp-content\/uploads\/2021\/09\/stanivukovic.jpg\" \/>\n\t<meta property=\"og:image:width\" content=\"750\" \/>\n\t<meta property=\"og:image:height\" content=\"465\" \/>\n\t<meta property=\"og:image:type\" content=\"image\/jpeg\" \/>\n<meta name=\"author\" content=\"Radio Ljubu\u0161ki\" \/>\n<meta name=\"twitter:card\" content=\"summary_large_image\" \/>\n<meta name=\"twitter:creator\" content=\"@radioljubuski\" \/>\n<meta name=\"twitter:site\" content=\"@radioljubuski\" \/>\n<meta name=\"twitter:label1\" content=\"Napisao\/la\" \/>\n\t<meta name=\"twitter:data1\" content=\"Radio Ljubu\u0161ki\" \/>\n\t<meta name=\"twitter:label2\" content=\"Procijenjeno vrijeme \u010ditanja\" \/>\n\t<meta name=\"twitter:data2\" content=\"2 minute\" \/>\n<script type=\"application\/ld+json\" class=\"yoast-schema-graph\">{\"@context\":\"https:\\\/\\\/schema.org\",\"@graph\":[{\"@type\":\"Article\",\"@id\":\"https:\\\/\\\/radioljubuski.ba\\\/index.php\\\/2021\\\/09\\\/17\\\/stanivukovic-greska-je-lagati-narod-bih-je-neodvojiva-od-srpskog-naroda\\\/#article\",\"isPartOf\":{\"@id\":\"https:\\\/\\\/radioljubuski.ba\\\/index.php\\\/2021\\\/09\\\/17\\\/stanivukovic-greska-je-lagati-narod-bih-je-neodvojiva-od-srpskog-naroda\\\/\"},\"author\":{\"name\":\"Radio Ljubu\u0161ki\",\"@id\":\"https:\\\/\\\/radioljubuski.ba\\\/#\\\/schema\\\/person\\\/19fc700381a780f69665d7956c469e3b\"},\"headline\":\"Stanivukovi\u0107: Gre\u0161ka je lagati narod, BiH je neodvojiva od srpskog naroda\",\"datePublished\":\"2021-09-17T21:47:13+00:00\",\"dateModified\":\"2021-09-17T21:47:14+00:00\",\"mainEntityOfPage\":{\"@id\":\"https:\\\/\\\/radioljubuski.ba\\\/index.php\\\/2021\\\/09\\\/17\\\/stanivukovic-greska-je-lagati-narod-bih-je-neodvojiva-od-srpskog-naroda\\\/\"},\"wordCount\":354,\"publisher\":{\"@id\":\"https:\\\/\\\/radioljubuski.ba\\\/#organization\"},\"image\":{\"@id\":\"https:\\\/\\\/radioljubuski.ba\\\/index.php\\\/2021\\\/09\\\/17\\\/stanivukovic-greska-je-lagati-narod-bih-je-neodvojiva-od-srpskog-naroda\\\/#primaryimage\"},\"thumbnailUrl\":\"https:\\\/\\\/radioljubuski.ba\\\/wp-content\\\/uploads\\\/2021\\\/09\\\/stanivukovic.jpg\",\"articleSection\":[\"BIH i regija\"],\"inLanguage\":\"hr\"},{\"@type\":\"WebPage\",\"@id\":\"https:\\\/\\\/radioljubuski.ba\\\/index.php\\\/2021\\\/09\\\/17\\\/stanivukovic-greska-je-lagati-narod-bih-je-neodvojiva-od-srpskog-naroda\\\/\",\"url\":\"https:\\\/\\\/radioljubuski.ba\\\/index.php\\\/2021\\\/09\\\/17\\\/stanivukovic-greska-je-lagati-narod-bih-je-neodvojiva-od-srpskog-naroda\\\/\",\"name\":\"Stanivukovi\u0107: Gre\u0161ka je lagati narod, BiH je neodvojiva od srpskog naroda - RADIO LJUBU\u0160KI\",\"isPartOf\":{\"@id\":\"https:\\\/\\\/radioljubuski.ba\\\/#website\"},\"primaryImageOfPage\":{\"@id\":\"https:\\\/\\\/radioljubuski.ba\\\/index.php\\\/2021\\\/09\\\/17\\\/stanivukovic-greska-je-lagati-narod-bih-je-neodvojiva-od-srpskog-naroda\\\/#primaryimage\"},\"image\":{\"@id\":\"https:\\\/\\\/radioljubuski.ba\\\/index.php\\\/2021\\\/09\\\/17\\\/stanivukovic-greska-je-lagati-narod-bih-je-neodvojiva-od-srpskog-naroda\\\/#primaryimage\"},\"thumbnailUrl\":\"https:\\\/\\\/radioljubuski.ba\\\/wp-content\\\/uploads\\\/2021\\\/09\\\/stanivukovic.jpg\",\"datePublished\":\"2021-09-17T21:47:13+00:00\",\"dateModified\":\"2021-09-17T21:47:14+00:00\",\"breadcrumb\":{\"@id\":\"https:\\\/\\\/radioljubuski.ba\\\/index.php\\\/2021\\\/09\\\/17\\\/stanivukovic-greska-je-lagati-narod-bih-je-neodvojiva-od-srpskog-naroda\\\/#breadcrumb\"},\"inLanguage\":\"hr\",\"potentialAction\":[{\"@type\":\"ReadAction\",\"target\":[\"https:\\\/\\\/radioljubuski.ba\\\/index.php\\\/2021\\\/09\\\/17\\\/stanivukovic-greska-je-lagati-narod-bih-je-neodvojiva-od-srpskog-naroda\\\/\"]}]},{\"@type\":\"ImageObject\",\"inLanguage\":\"hr\",\"@id\":\"https:\\\/\\\/radioljubuski.ba\\\/index.php\\\/2021\\\/09\\\/17\\\/stanivukovic-greska-je-lagati-narod-bih-je-neodvojiva-od-srpskog-naroda\\\/#primaryimage\",\"url\":\"https:\\\/\\\/radioljubuski.ba\\\/wp-content\\\/uploads\\\/2021\\\/09\\\/stanivukovic.jpg\",\"contentUrl\":\"https:\\\/\\\/radioljubuski.ba\\\/wp-content\\\/uploads\\\/2021\\\/09\\\/stanivukovic.jpg\",\"width\":750,\"height\":465},{\"@type\":\"BreadcrumbList\",\"@id\":\"https:\\\/\\\/radioljubuski.ba\\\/index.php\\\/2021\\\/09\\\/17\\\/stanivukovic-greska-je-lagati-narod-bih-je-neodvojiva-od-srpskog-naroda\\\/#breadcrumb\",\"itemListElement\":[{\"@type\":\"ListItem\",\"position\":1,\"name\":\"Po\u010detna stranica\",\"item\":\"https:\\\/\\\/radioljubuski.ba\\\/\"},{\"@type\":\"ListItem\",\"position\":2,\"name\":\"Stanivukovi\u0107: Gre\u0161ka je lagati narod, BiH je neodvojiva od srpskog naroda\"}]},{\"@type\":\"WebSite\",\"@id\":\"https:\\\/\\\/radioljubuski.ba\\\/#website\",\"url\":\"https:\\\/\\\/radioljubuski.ba\\\/\",\"name\":\"Radio Ljubu\u0161ki\",\"description\":\"Sun\u010dana frekvencija Hercegovine\",\"publisher\":{\"@id\":\"https:\\\/\\\/radioljubuski.ba\\\/#organization\"},\"potentialAction\":[{\"@type\":\"SearchAction\",\"target\":{\"@type\":\"EntryPoint\",\"urlTemplate\":\"https:\\\/\\\/radioljubuski.ba\\\/?s={search_term_string}\"},\"query-input\":{\"@type\":\"PropertyValueSpecification\",\"valueRequired\":true,\"valueName\":\"search_term_string\"}}],\"inLanguage\":\"hr\"},{\"@type\":\"Organization\",\"@id\":\"https:\\\/\\\/radioljubuski.ba\\\/#organization\",\"name\":\"Radio Ljubu\u0161ki\",\"url\":\"https:\\\/\\\/radioljubuski.ba\\\/\",\"logo\":{\"@type\":\"ImageObject\",\"inLanguage\":\"hr\",\"@id\":\"https:\\\/\\\/radioljubuski.ba\\\/#\\\/schema\\\/logo\\\/image\\\/\",\"url\":\"https:\\\/\\\/radioljubuski.ba\\\/wp-content\\\/uploads\\\/2021\\\/02\\\/cropped-Radio_Ljubuski_logo1.jpg\",\"contentUrl\":\"https:\\\/\\\/radioljubuski.ba\\\/wp-content\\\/uploads\\\/2021\\\/02\\\/cropped-Radio_Ljubuski_logo1.jpg\",\"width\":512,\"height\":512,\"caption\":\"Radio Ljubu\u0161ki\"},\"image\":{\"@id\":\"https:\\\/\\\/radioljubuski.ba\\\/#\\\/schema\\\/logo\\\/image\\\/\"},\"sameAs\":[\"https:\\\/\\\/www.facebook.com\\\/Radiio-Ljubuski-1490835324566332\",\"https:\\\/\\\/x.com\\\/radioljubuski\",\"https:\\\/\\\/hr.linkedin.com\\\/company\\\/radio-ljubuski\",\"https:\\\/\\\/www.youtube.com\\\/channel\\\/UCHYaeO_n0Db3tjNGudGpXyw\"]},{\"@type\":\"Person\",\"@id\":\"https:\\\/\\\/radioljubuski.ba\\\/#\\\/schema\\\/person\\\/19fc700381a780f69665d7956c469e3b\",\"name\":\"Radio Ljubu\u0161ki\"}]}<\/script>\n<!-- \/ Yoast SEO plugin. -->","yoast_head_json":{"title":"Stanivukovi\u0107: Gre\u0161ka je lagati narod, BiH je neodvojiva od srpskog naroda - RADIO LJUBU\u0160KI","robots":{"index":"index","follow":"follow","max-snippet":"max-snippet:-1","max-image-preview":"max-image-preview:large","max-video-preview":"max-video-preview:-1"},"canonical":"https:\/\/radioljubuski.ba\/index.php\/2021\/09\/17\/stanivukovic-greska-je-lagati-narod-bih-je-neodvojiva-od-srpskog-naroda\/","og_locale":"hr_HR","og_type":"article","og_title":"Stanivukovi\u0107: Gre\u0161ka je lagati narod, BiH je neodvojiva od srpskog naroda - RADIO LJUBU\u0160KI","og_description":"Gradona\u010delnik Banje Luke Dra\u0161ko Stanivukovi\u0107 boravio je ovih dana na obilje\u017eavanju Dana srpskog jedinstva u Beogradu, a nakon sredi\u0161nje sve\u010danosti dao je zanimljive izjave za medije, pogotovo u kontekstu praznika koji se obilje\u017eavao. Stanivukovi\u0107 je tako odstupio od dominantnog narativa koji je bio prisutan na sve\u010danosti na Savskom trgu i koji je dolazio od du\u017enosnika [&hellip;]","og_url":"https:\/\/radioljubuski.ba\/index.php\/2021\/09\/17\/stanivukovic-greska-je-lagati-narod-bih-je-neodvojiva-od-srpskog-naroda\/","og_site_name":"RADIO LJUBU\u0160KI","article_publisher":"https:\/\/www.facebook.com\/Radiio-Ljubuski-1490835324566332","article_published_time":"2021-09-17T21:47:13+00:00","article_modified_time":"2021-09-17T21:47:14+00:00","og_image":[{"width":750,"height":465,"url":"https:\/\/radioljubuski.ba\/wp-content\/uploads\/2021\/09\/stanivukovic.jpg","type":"image\/jpeg"}],"author":"Radio Ljubu\u0161ki","twitter_card":"summary_large_image","twitter_creator":"@radioljubuski","twitter_site":"@radioljubuski","twitter_misc":{"Napisao\/la":"Radio Ljubu\u0161ki","Procijenjeno vrijeme \u010ditanja":"2 minute"},"schema":{"@context":"https:\/\/schema.org","@graph":[{"@type":"Article","@id":"https:\/\/radioljubuski.ba\/index.php\/2021\/09\/17\/stanivukovic-greska-je-lagati-narod-bih-je-neodvojiva-od-srpskog-naroda\/#article","isPartOf":{"@id":"https:\/\/radioljubuski.ba\/index.php\/2021\/09\/17\/stanivukovic-greska-je-lagati-narod-bih-je-neodvojiva-od-srpskog-naroda\/"},"author":{"name":"Radio Ljubu\u0161ki","@id":"https:\/\/radioljubuski.ba\/#\/schema\/person\/19fc700381a780f69665d7956c469e3b"},"headline":"Stanivukovi\u0107: Gre\u0161ka je lagati narod, BiH je neodvojiva od srpskog naroda","datePublished":"2021-09-17T21:47:13+00:00","dateModified":"2021-09-17T21:47:14+00:00","mainEntityOfPage":{"@id":"https:\/\/radioljubuski.ba\/index.php\/2021\/09\/17\/stanivukovic-greska-je-lagati-narod-bih-je-neodvojiva-od-srpskog-naroda\/"},"wordCount":354,"publisher":{"@id":"https:\/\/radioljubuski.ba\/#organization"},"image":{"@id":"https:\/\/radioljubuski.ba\/index.php\/2021\/09\/17\/stanivukovic-greska-je-lagati-narod-bih-je-neodvojiva-od-srpskog-naroda\/#primaryimage"},"thumbnailUrl":"https:\/\/radioljubuski.ba\/wp-content\/uploads\/2021\/09\/stanivukovic.jpg","articleSection":["BIH i regija"],"inLanguage":"hr"},{"@type":"WebPage","@id":"https:\/\/radioljubuski.ba\/index.php\/2021\/09\/17\/stanivukovic-greska-je-lagati-narod-bih-je-neodvojiva-od-srpskog-naroda\/","url":"https:\/\/radioljubuski.ba\/index.php\/2021\/09\/17\/stanivukovic-greska-je-lagati-narod-bih-je-neodvojiva-od-srpskog-naroda\/","name":"Stanivukovi\u0107: Gre\u0161ka je lagati narod, BiH je neodvojiva od srpskog naroda - RADIO LJUBU\u0160KI","isPartOf":{"@id":"https:\/\/radioljubuski.ba\/#website"},"primaryImageOfPage":{"@id":"https:\/\/radioljubuski.ba\/index.php\/2021\/09\/17\/stanivukovic-greska-je-lagati-narod-bih-je-neodvojiva-od-srpskog-naroda\/#primaryimage"},"image":{"@id":"https:\/\/radioljubuski.ba\/index.php\/2021\/09\/17\/stanivukovic-greska-je-lagati-narod-bih-je-neodvojiva-od-srpskog-naroda\/#primaryimage"},"thumbnailUrl":"https:\/\/radioljubuski.ba\/wp-content\/uploads\/2021\/09\/stanivukovic.jpg","datePublished":"2021-09-17T21:47:13+00:00","dateModified":"2021-09-17T21:47:14+00:00","breadcrumb":{"@id":"https:\/\/radioljubuski.ba\/index.php\/2021\/09\/17\/stanivukovic-greska-je-lagati-narod-bih-je-neodvojiva-od-srpskog-naroda\/#breadcrumb"},"inLanguage":"hr","potentialAction":[{"@type":"ReadAction","target":["https:\/\/radioljubuski.ba\/index.php\/2021\/09\/17\/stanivukovic-greska-je-lagati-narod-bih-je-neodvojiva-od-srpskog-naroda\/"]}]},{"@type":"ImageObject","inLanguage":"hr","@id":"https:\/\/radioljubuski.ba\/index.php\/2021\/09\/17\/stanivukovic-greska-je-lagati-narod-bih-je-neodvojiva-od-srpskog-naroda\/#primaryimage","url":"https:\/\/radioljubuski.ba\/wp-content\/uploads\/2021\/09\/stanivukovic.jpg","contentUrl":"https:\/\/radioljubuski.ba\/wp-content\/uploads\/2021\/09\/stanivukovic.jpg","width":750,"height":465},{"@type":"BreadcrumbList","@id":"https:\/\/radioljubuski.ba\/index.php\/2021\/09\/17\/stanivukovic-greska-je-lagati-narod-bih-je-neodvojiva-od-srpskog-naroda\/#breadcrumb","itemListElement":[{"@type":"ListItem","position":1,"name":"Po\u010detna stranica","item":"https:\/\/radioljubuski.ba\/"},{"@type":"ListItem","position":2,"name":"Stanivukovi\u0107: Gre\u0161ka je lagati narod, BiH je neodvojiva od srpskog naroda"}]},{"@type":"WebSite","@id":"https:\/\/radioljubuski.ba\/#website","url":"https:\/\/radioljubuski.ba\/","name":"Radio Ljubu\u0161ki","description":"Sun\u010dana frekvencija Hercegovine","publisher":{"@id":"https:\/\/radioljubuski.ba\/#organization"},"potentialAction":[{"@type":"SearchAction","target":{"@type":"EntryPoint","urlTemplate":"https:\/\/radioljubuski.ba\/?s={search_term_string}"},"query-input":{"@type":"PropertyValueSpecification","valueRequired":true,"valueName":"search_term_string"}}],"inLanguage":"hr"},{"@type":"Organization","@id":"https:\/\/radioljubuski.ba\/#organization","name":"Radio Ljubu\u0161ki","url":"https:\/\/radioljubuski.ba\/","logo":{"@type":"ImageObject","inLanguage":"hr","@id":"https:\/\/radioljubuski.ba\/#\/schema\/logo\/image\/","url":"https:\/\/radioljubuski.ba\/wp-content\/uploads\/2021\/02\/cropped-Radio_Ljubuski_logo1.jpg","contentUrl":"https:\/\/radioljubuski.ba\/wp-content\/uploads\/2021\/02\/cropped-Radio_Ljubuski_logo1.jpg","width":512,"height":512,"caption":"Radio Ljubu\u0161ki"},"image":{"@id":"https:\/\/radioljubuski.ba\/#\/schema\/logo\/image\/"},"sameAs":["https:\/\/www.facebook.com\/Radiio-Ljubuski-1490835324566332","https:\/\/x.com\/radioljubuski","https:\/\/hr.linkedin.com\/company\/radio-ljubuski","https:\/\/www.youtube.com\/channel\/UCHYaeO_n0Db3tjNGudGpXyw"]},{"@type":"Person","@id":"https:\/\/radioljubuski.ba\/#\/schema\/person\/19fc700381a780f69665d7956c469e3b","name":"Radio Ljubu\u0161ki"}]}},"_links":{"self":[{"href":"https:\/\/radioljubuski.ba\/index.php\/wp-json\/wp\/v2\/posts\/64858","targetHints":{"allow":["GET"]}}],"collection":[{"href":"https:\/\/radioljubuski.ba\/index.php\/wp-json\/wp\/v2\/posts"}],"about":[{"href":"https:\/\/radioljubuski.ba\/index.php\/wp-json\/wp\/v2\/types\/post"}],"author":[{"embeddable":true,"href":"https:\/\/radioljubuski.ba\/index.php\/wp-json\/wp\/v2\/users\/2"}],"replies":[{"embeddable":true,"href":"https:\/\/radioljubuski.ba\/index.php\/wp-json\/wp\/v2\/comments?post=64858"}],"version-history":[{"count":1,"href":"https:\/\/radioljubuski.ba\/index.php\/wp-json\/wp\/v2\/posts\/64858\/revisions"}],"predecessor-version":[{"id":64860,"href":"https:\/\/radioljubuski.ba\/index.php\/wp-json\/wp\/v2\/posts\/64858\/revisions\/64860"}],"wp:featuredmedia":[{"embeddable":true,"href":"https:\/\/radioljubuski.ba\/index.php\/wp-json\/wp\/v2\/media\/64859"}],"wp:attachment":[{"href":"https:\/\/radioljubuski.ba\/index.php\/wp-json\/wp\/v2\/media?parent=64858"}],"wp:term":[{"taxonomy":"category","embeddable":true,"href":"https:\/\/radioljubuski.ba\/index.php\/wp-json\/wp\/v2\/categories?post=64858"},{"taxonomy":"post_tag","embeddable":true,"href":"https:\/\/radioljubuski.ba\/index.php\/wp-json\/wp\/v2\/tags?post=64858"}],"curies":[{"name":"wp","href":"https:\/\/api.w.org\/{rel}","templated":true}]}}