{"id":64882,"date":"2021-09-17T23:06:16","date_gmt":"2021-09-17T22:06:16","guid":{"rendered":"https:\/\/radioljubuski.ba\/?p=64882"},"modified":"2021-09-17T23:06:17","modified_gmt":"2021-09-17T22:06:17","slug":"puno-lakse-se-uhvatiti-u-kostac-s-problemima-kad-znate-da-niste-sami","status":"publish","type":"post","link":"https:\/\/radioljubuski.ba\/index.php\/2021\/09\/17\/puno-lakse-se-uhvatiti-u-kostac-s-problemima-kad-znate-da-niste-sami\/","title":{"rendered":"Puno lak\u0161e se uhvatiti u ko\u0161tac s problemima kad znate da niste sami"},"content":{"rendered":"\n<p>Prema podatcima u SKB Mostar godi\u0161nje se rodi oko 150 prematurusa, odnosno prijevremeno ro\u0111ene djece. Na podru\u010dju Mostara djeluje Udruga za nedono\u0161\u010dad Mostar koja je osnovana prije nepune dvije godine. Nedavno su promovirali i prvu slikovnicu &#8216;Zagrljaj pletene hobotnice&#8217; koja je trenutno u prodaji, a kupovinom primjerka podr\u017eava se rad Udruge. Tim povodom razgovarali smo s Ivanom Ivankovi\u0107, predsjednicom Udruge za nedono\u0161\u010dad Mostar.<\/p>\n\n\n\n<figure class=\"wp-block-image\"><img decoding=\"async\" src=\"https:\/\/storage.pogled.ba\/images\/599b\/7e63\/214638\/original\/9-2021-09-17-15-48-51-241989652_409944800744046_7182951845534096601_n.jpg\" alt=\"\"\/><\/figure>\n\n\n\n<p>-Cilj udruge je istaknuti va\u017enost rane rehabilitacije i tu potrebu pribli\u017eiti \u0161iroj javnosti kako bi na bilo kakav na\u010din dala podr\u0161ku i razumijevanje radu udruge. Tako\u0111er, cilj nam je u \u0161to skorije vrijeme osigurati financiranje terapeuta, kako bi roditelje oslobodili tro\u0161kova koje nisu mali. Ili bar umanjiti iste, koliko bude u na\u0161oj mogu\u0107nosti. \u017delimo biti podr\u0161ka odjelu neonatologije u nabavi opreme za odjel \u2013 kazala nam je Ivana.<\/p>\n\n\n\n<figure class=\"wp-block-image\"><img decoding=\"async\" src=\"https:\/\/storage.pogled.ba\/images\/4ac2\/9ed4\/214639\/original\/9-2021-09-17-15-49-04-242170521_409943884077471_1317511864033523162_n.jpg\" alt=\"\"\/><\/figure>\n\n\n\n<p>Upitali smo je kako su do\u0161li na ideju da naprave slikovnicu i kome je slikovnica namijenjena, te nam je rekla kako &nbsp;posebne zahvale idu spisateljici Mileni Juki\u0107 Bandi\u0107 te da su na ideju do\u0161li preko zajedni\u010dke poznanice sa spisateljicom.<\/p>\n\n\n\n<p>-Slikovnica je namijenjena prvenstveno djeci a i svima koji vole dje\u010dji svijet &nbsp;ma\u0161te i koji &nbsp;kupnjom slikovnice \u017eele podr\u017eati rad udruge. Osim u na\u0161oj udruzi, slikovnica se mo\u017ee kupiti u knji\u017eari Alfa u Mepasu, u Narodnoj knji\u017enici u Kosa\u010di na dje\u010djem odjelu kao i u prostorijama Helen doron u Mepasu. Hvala svima koji se \u017eele pridru\u017eiti potpori udruge na bilo koji na\u010din \u2013 poru\u010dila je.<\/p>\n\n\n\n<p>-Tako\u0111er zahvaljujemo ilustratorici An\u0111eli Bukovac, kao i nakladi Lijepa rije\u010d i uva\u017eenom gospodinu \u0160imi E\u0161i\u0107u uglednom piscu, novinaru, nakladniku, humanitarcu prije svega \u2013 kazala je.<\/p>\n\n\n\n<p>Postojanje jedne ovakve udruge od velike je va\u017enosti za roditelje prijevremeno ro\u0111ene djece, naro\u010dito u vidu podr\u0161ke.<\/p>\n\n\n\n<p>-Mi \u0107emo se kao udruga truditi dati maksimalnu podr\u0161ku roditeljima, vjerujte da je ona iznimno va\u017ena, a to mo\u017eemo posvjedo\u010diti i iz vlastitih iskustava. Puno lak\u0161e se uhvatiti u ko\u0161tac s problemima kad znate da niste sami \u2013 naglasila je predsjednica udruge.<\/p>\n\n\n\n<p>Tako\u0111er, u sklopu projekta koji se provodio na Odjelu za intenzivno lije\u010denje i neonatologiju na Klinici za dje\u010dje bolesti SKB-a Mostar svako prijevremeno ro\u0111eno dijete u Mostaru dobilo je pletenu hobotnicu. Zanimalo nas je koliko upotreba pletene hobotnice zna\u010di u prvim danima \u017eivota prijevremeno ro\u0111ene djece, a Ivana nam je objasnila kako se vjeruje da hobotnica opona\u0161a pup\u010danu vrpcu u maj\u010dinoj utrobi.<\/p>\n\n\n\n<p>-Smatra se da hobotnica opona\u0161a pup\u010danu vrpcu, a svi znamo koliko je va\u017ena ta spona izme\u0111u djeteta i majke, pogotovo za prijevremeno ro\u0111enu djecu. Zna\u010di daje im neku vrstu sigurnosti, a vjeruje se da poti\u010de i neurolo\u0161ki razvoj.<\/p>\n\n\n\n<p><strong>Autor: A.Artukovi\u0107\/Pogled.ba<\/strong><\/p>\n","protected":false},"excerpt":{"rendered":"<p>Prema podatcima u SKB Mostar godi\u0161nje se rodi oko 150 prematurusa, odnosno prijevremeno ro\u0111ene djece. Na podru\u010dju Mostara djeluje Udruga za nedono\u0161\u010dad Mostar koja je osnovana prije nepune dvije godine. Nedavno su promovirali i prvu slikovnicu &#8216;Zagrljaj pletene hobotnice&#8217; koja je trenutno u prodaji, a kupovinom primjerka podr\u017eava se rad Udruge. Tim povodom razgovarali smo [&hellip;]<\/p>\n","protected":false},"author":2,"featured_media":64883,"comment_status":"closed","ping_status":"closed","sticky":false,"template":"","format":"standard","meta":{"h5ap_radio_sources":[],"footnotes":""},"categories":[1],"tags":[],"class_list":["post-64882","post","type-post","status-publish","format-standard","has-post-thumbnail","hentry","category-bihiregija"],"yoast_head":"<!-- This site is optimized with the Yoast SEO plugin v27.4 - https:\/\/yoast.com\/product\/yoast-seo-wordpress\/ -->\n<title>Puno lak\u0161e se uhvatiti u ko\u0161tac s problemima kad znate da niste sami - RADIO LJUBU\u0160KI<\/title>\n<meta name=\"robots\" content=\"index, follow, max-snippet:-1, max-image-preview:large, max-video-preview:-1\" \/>\n<link rel=\"canonical\" href=\"https:\/\/radioljubuski.ba\/index.php\/2021\/09\/17\/puno-lakse-se-uhvatiti-u-kostac-s-problemima-kad-znate-da-niste-sami\/\" \/>\n<meta property=\"og:locale\" content=\"hr_HR\" \/>\n<meta property=\"og:type\" content=\"article\" \/>\n<meta property=\"og:title\" content=\"Puno lak\u0161e se uhvatiti u ko\u0161tac s problemima kad znate da niste sami - RADIO LJUBU\u0160KI\" \/>\n<meta property=\"og:description\" content=\"Prema podatcima u SKB Mostar godi\u0161nje se rodi oko 150 prematurusa, odnosno prijevremeno ro\u0111ene djece. Na podru\u010dju Mostara djeluje Udruga za nedono\u0161\u010dad Mostar koja je osnovana prije nepune dvije godine. Nedavno su promovirali i prvu slikovnicu &#8216;Zagrljaj pletene hobotnice&#8217; koja je trenutno u prodaji, a kupovinom primjerka podr\u017eava se rad Udruge. Tim povodom razgovarali smo [&hellip;]\" \/>\n<meta property=\"og:url\" content=\"https:\/\/radioljubuski.ba\/index.php\/2021\/09\/17\/puno-lakse-se-uhvatiti-u-kostac-s-problemima-kad-znate-da-niste-sami\/\" \/>\n<meta property=\"og:site_name\" content=\"RADIO LJUBU\u0160KI\" \/>\n<meta property=\"article:publisher\" content=\"https:\/\/www.facebook.com\/Radiio-Ljubuski-1490835324566332\" \/>\n<meta property=\"article:published_time\" content=\"2021-09-17T22:06:16+00:00\" \/>\n<meta property=\"article:modified_time\" content=\"2021-09-17T22:06:17+00:00\" \/>\n<meta property=\"og:image\" content=\"https:\/\/radioljubuski.ba\/wp-content\/uploads\/2021\/09\/9-2021-09-17-15-49-10-242152023_409945164077343_2433310504202298622_n.jpg\" \/>\n\t<meta property=\"og:image:width\" content=\"1000\" \/>\n\t<meta property=\"og:image:height\" content=\"625\" \/>\n\t<meta property=\"og:image:type\" content=\"image\/jpeg\" \/>\n<meta name=\"author\" content=\"Radio Ljubu\u0161ki\" \/>\n<meta name=\"twitter:card\" content=\"summary_large_image\" \/>\n<meta name=\"twitter:creator\" content=\"@radioljubuski\" \/>\n<meta name=\"twitter:site\" content=\"@radioljubuski\" \/>\n<meta name=\"twitter:label1\" content=\"Napisao\/la\" \/>\n\t<meta name=\"twitter:data1\" content=\"Radio Ljubu\u0161ki\" \/>\n\t<meta name=\"twitter:label2\" content=\"Procijenjeno vrijeme \u010ditanja\" \/>\n\t<meta name=\"twitter:data2\" content=\"3 minute\" \/>\n<script type=\"application\/ld+json\" class=\"yoast-schema-graph\">{\"@context\":\"https:\\\/\\\/schema.org\",\"@graph\":[{\"@type\":\"Article\",\"@id\":\"https:\\\/\\\/radioljubuski.ba\\\/index.php\\\/2021\\\/09\\\/17\\\/puno-lakse-se-uhvatiti-u-kostac-s-problemima-kad-znate-da-niste-sami\\\/#article\",\"isPartOf\":{\"@id\":\"https:\\\/\\\/radioljubuski.ba\\\/index.php\\\/2021\\\/09\\\/17\\\/puno-lakse-se-uhvatiti-u-kostac-s-problemima-kad-znate-da-niste-sami\\\/\"},\"author\":{\"name\":\"Radio Ljubu\u0161ki\",\"@id\":\"https:\\\/\\\/radioljubuski.ba\\\/#\\\/schema\\\/person\\\/19fc700381a780f69665d7956c469e3b\"},\"headline\":\"Puno lak\u0161e se uhvatiti u ko\u0161tac s problemima kad znate da niste sami\",\"datePublished\":\"2021-09-17T22:06:16+00:00\",\"dateModified\":\"2021-09-17T22:06:17+00:00\",\"mainEntityOfPage\":{\"@id\":\"https:\\\/\\\/radioljubuski.ba\\\/index.php\\\/2021\\\/09\\\/17\\\/puno-lakse-se-uhvatiti-u-kostac-s-problemima-kad-znate-da-niste-sami\\\/\"},\"wordCount\":499,\"publisher\":{\"@id\":\"https:\\\/\\\/radioljubuski.ba\\\/#organization\"},\"image\":{\"@id\":\"https:\\\/\\\/radioljubuski.ba\\\/index.php\\\/2021\\\/09\\\/17\\\/puno-lakse-se-uhvatiti-u-kostac-s-problemima-kad-znate-da-niste-sami\\\/#primaryimage\"},\"thumbnailUrl\":\"https:\\\/\\\/radioljubuski.ba\\\/wp-content\\\/uploads\\\/2021\\\/09\\\/9-2021-09-17-15-49-10-242152023_409945164077343_2433310504202298622_n.jpg\",\"articleSection\":[\"BIH i regija\"],\"inLanguage\":\"hr\"},{\"@type\":\"WebPage\",\"@id\":\"https:\\\/\\\/radioljubuski.ba\\\/index.php\\\/2021\\\/09\\\/17\\\/puno-lakse-se-uhvatiti-u-kostac-s-problemima-kad-znate-da-niste-sami\\\/\",\"url\":\"https:\\\/\\\/radioljubuski.ba\\\/index.php\\\/2021\\\/09\\\/17\\\/puno-lakse-se-uhvatiti-u-kostac-s-problemima-kad-znate-da-niste-sami\\\/\",\"name\":\"Puno lak\u0161e se uhvatiti u ko\u0161tac s problemima kad znate da niste sami - RADIO LJUBU\u0160KI\",\"isPartOf\":{\"@id\":\"https:\\\/\\\/radioljubuski.ba\\\/#website\"},\"primaryImageOfPage\":{\"@id\":\"https:\\\/\\\/radioljubuski.ba\\\/index.php\\\/2021\\\/09\\\/17\\\/puno-lakse-se-uhvatiti-u-kostac-s-problemima-kad-znate-da-niste-sami\\\/#primaryimage\"},\"image\":{\"@id\":\"https:\\\/\\\/radioljubuski.ba\\\/index.php\\\/2021\\\/09\\\/17\\\/puno-lakse-se-uhvatiti-u-kostac-s-problemima-kad-znate-da-niste-sami\\\/#primaryimage\"},\"thumbnailUrl\":\"https:\\\/\\\/radioljubuski.ba\\\/wp-content\\\/uploads\\\/2021\\\/09\\\/9-2021-09-17-15-49-10-242152023_409945164077343_2433310504202298622_n.jpg\",\"datePublished\":\"2021-09-17T22:06:16+00:00\",\"dateModified\":\"2021-09-17T22:06:17+00:00\",\"breadcrumb\":{\"@id\":\"https:\\\/\\\/radioljubuski.ba\\\/index.php\\\/2021\\\/09\\\/17\\\/puno-lakse-se-uhvatiti-u-kostac-s-problemima-kad-znate-da-niste-sami\\\/#breadcrumb\"},\"inLanguage\":\"hr\",\"potentialAction\":[{\"@type\":\"ReadAction\",\"target\":[\"https:\\\/\\\/radioljubuski.ba\\\/index.php\\\/2021\\\/09\\\/17\\\/puno-lakse-se-uhvatiti-u-kostac-s-problemima-kad-znate-da-niste-sami\\\/\"]}]},{\"@type\":\"ImageObject\",\"inLanguage\":\"hr\",\"@id\":\"https:\\\/\\\/radioljubuski.ba\\\/index.php\\\/2021\\\/09\\\/17\\\/puno-lakse-se-uhvatiti-u-kostac-s-problemima-kad-znate-da-niste-sami\\\/#primaryimage\",\"url\":\"https:\\\/\\\/radioljubuski.ba\\\/wp-content\\\/uploads\\\/2021\\\/09\\\/9-2021-09-17-15-49-10-242152023_409945164077343_2433310504202298622_n.jpg\",\"contentUrl\":\"https:\\\/\\\/radioljubuski.ba\\\/wp-content\\\/uploads\\\/2021\\\/09\\\/9-2021-09-17-15-49-10-242152023_409945164077343_2433310504202298622_n.jpg\",\"width\":1000,\"height\":625},{\"@type\":\"BreadcrumbList\",\"@id\":\"https:\\\/\\\/radioljubuski.ba\\\/index.php\\\/2021\\\/09\\\/17\\\/puno-lakse-se-uhvatiti-u-kostac-s-problemima-kad-znate-da-niste-sami\\\/#breadcrumb\",\"itemListElement\":[{\"@type\":\"ListItem\",\"position\":1,\"name\":\"Po\u010detna stranica\",\"item\":\"https:\\\/\\\/radioljubuski.ba\\\/\"},{\"@type\":\"ListItem\",\"position\":2,\"name\":\"Puno lak\u0161e se uhvatiti u ko\u0161tac s problemima kad znate da niste sami\"}]},{\"@type\":\"WebSite\",\"@id\":\"https:\\\/\\\/radioljubuski.ba\\\/#website\",\"url\":\"https:\\\/\\\/radioljubuski.ba\\\/\",\"name\":\"Radio Ljubu\u0161ki\",\"description\":\"Sun\u010dana frekvencija Hercegovine\",\"publisher\":{\"@id\":\"https:\\\/\\\/radioljubuski.ba\\\/#organization\"},\"potentialAction\":[{\"@type\":\"SearchAction\",\"target\":{\"@type\":\"EntryPoint\",\"urlTemplate\":\"https:\\\/\\\/radioljubuski.ba\\\/?s={search_term_string}\"},\"query-input\":{\"@type\":\"PropertyValueSpecification\",\"valueRequired\":true,\"valueName\":\"search_term_string\"}}],\"inLanguage\":\"hr\"},{\"@type\":\"Organization\",\"@id\":\"https:\\\/\\\/radioljubuski.ba\\\/#organization\",\"name\":\"Radio Ljubu\u0161ki\",\"url\":\"https:\\\/\\\/radioljubuski.ba\\\/\",\"logo\":{\"@type\":\"ImageObject\",\"inLanguage\":\"hr\",\"@id\":\"https:\\\/\\\/radioljubuski.ba\\\/#\\\/schema\\\/logo\\\/image\\\/\",\"url\":\"https:\\\/\\\/radioljubuski.ba\\\/wp-content\\\/uploads\\\/2021\\\/02\\\/cropped-Radio_Ljubuski_logo1.jpg\",\"contentUrl\":\"https:\\\/\\\/radioljubuski.ba\\\/wp-content\\\/uploads\\\/2021\\\/02\\\/cropped-Radio_Ljubuski_logo1.jpg\",\"width\":512,\"height\":512,\"caption\":\"Radio Ljubu\u0161ki\"},\"image\":{\"@id\":\"https:\\\/\\\/radioljubuski.ba\\\/#\\\/schema\\\/logo\\\/image\\\/\"},\"sameAs\":[\"https:\\\/\\\/www.facebook.com\\\/Radiio-Ljubuski-1490835324566332\",\"https:\\\/\\\/x.com\\\/radioljubuski\",\"https:\\\/\\\/hr.linkedin.com\\\/company\\\/radio-ljubuski\",\"https:\\\/\\\/www.youtube.com\\\/channel\\\/UCHYaeO_n0Db3tjNGudGpXyw\"]},{\"@type\":\"Person\",\"@id\":\"https:\\\/\\\/radioljubuski.ba\\\/#\\\/schema\\\/person\\\/19fc700381a780f69665d7956c469e3b\",\"name\":\"Radio Ljubu\u0161ki\"}]}<\/script>\n<!-- \/ Yoast SEO plugin. -->","yoast_head_json":{"title":"Puno lak\u0161e se uhvatiti u ko\u0161tac s problemima kad znate da niste sami - RADIO LJUBU\u0160KI","robots":{"index":"index","follow":"follow","max-snippet":"max-snippet:-1","max-image-preview":"max-image-preview:large","max-video-preview":"max-video-preview:-1"},"canonical":"https:\/\/radioljubuski.ba\/index.php\/2021\/09\/17\/puno-lakse-se-uhvatiti-u-kostac-s-problemima-kad-znate-da-niste-sami\/","og_locale":"hr_HR","og_type":"article","og_title":"Puno lak\u0161e se uhvatiti u ko\u0161tac s problemima kad znate da niste sami - RADIO LJUBU\u0160KI","og_description":"Prema podatcima u SKB Mostar godi\u0161nje se rodi oko 150 prematurusa, odnosno prijevremeno ro\u0111ene djece. Na podru\u010dju Mostara djeluje Udruga za nedono\u0161\u010dad Mostar koja je osnovana prije nepune dvije godine. Nedavno su promovirali i prvu slikovnicu &#8216;Zagrljaj pletene hobotnice&#8217; koja je trenutno u prodaji, a kupovinom primjerka podr\u017eava se rad Udruge. Tim povodom razgovarali smo [&hellip;]","og_url":"https:\/\/radioljubuski.ba\/index.php\/2021\/09\/17\/puno-lakse-se-uhvatiti-u-kostac-s-problemima-kad-znate-da-niste-sami\/","og_site_name":"RADIO LJUBU\u0160KI","article_publisher":"https:\/\/www.facebook.com\/Radiio-Ljubuski-1490835324566332","article_published_time":"2021-09-17T22:06:16+00:00","article_modified_time":"2021-09-17T22:06:17+00:00","og_image":[{"width":1000,"height":625,"url":"https:\/\/radioljubuski.ba\/wp-content\/uploads\/2021\/09\/9-2021-09-17-15-49-10-242152023_409945164077343_2433310504202298622_n.jpg","type":"image\/jpeg"}],"author":"Radio Ljubu\u0161ki","twitter_card":"summary_large_image","twitter_creator":"@radioljubuski","twitter_site":"@radioljubuski","twitter_misc":{"Napisao\/la":"Radio Ljubu\u0161ki","Procijenjeno vrijeme \u010ditanja":"3 minute"},"schema":{"@context":"https:\/\/schema.org","@graph":[{"@type":"Article","@id":"https:\/\/radioljubuski.ba\/index.php\/2021\/09\/17\/puno-lakse-se-uhvatiti-u-kostac-s-problemima-kad-znate-da-niste-sami\/#article","isPartOf":{"@id":"https:\/\/radioljubuski.ba\/index.php\/2021\/09\/17\/puno-lakse-se-uhvatiti-u-kostac-s-problemima-kad-znate-da-niste-sami\/"},"author":{"name":"Radio Ljubu\u0161ki","@id":"https:\/\/radioljubuski.ba\/#\/schema\/person\/19fc700381a780f69665d7956c469e3b"},"headline":"Puno lak\u0161e se uhvatiti u ko\u0161tac s problemima kad znate da niste sami","datePublished":"2021-09-17T22:06:16+00:00","dateModified":"2021-09-17T22:06:17+00:00","mainEntityOfPage":{"@id":"https:\/\/radioljubuski.ba\/index.php\/2021\/09\/17\/puno-lakse-se-uhvatiti-u-kostac-s-problemima-kad-znate-da-niste-sami\/"},"wordCount":499,"publisher":{"@id":"https:\/\/radioljubuski.ba\/#organization"},"image":{"@id":"https:\/\/radioljubuski.ba\/index.php\/2021\/09\/17\/puno-lakse-se-uhvatiti-u-kostac-s-problemima-kad-znate-da-niste-sami\/#primaryimage"},"thumbnailUrl":"https:\/\/radioljubuski.ba\/wp-content\/uploads\/2021\/09\/9-2021-09-17-15-49-10-242152023_409945164077343_2433310504202298622_n.jpg","articleSection":["BIH i regija"],"inLanguage":"hr"},{"@type":"WebPage","@id":"https:\/\/radioljubuski.ba\/index.php\/2021\/09\/17\/puno-lakse-se-uhvatiti-u-kostac-s-problemima-kad-znate-da-niste-sami\/","url":"https:\/\/radioljubuski.ba\/index.php\/2021\/09\/17\/puno-lakse-se-uhvatiti-u-kostac-s-problemima-kad-znate-da-niste-sami\/","name":"Puno lak\u0161e se uhvatiti u ko\u0161tac s problemima kad znate da niste sami - RADIO LJUBU\u0160KI","isPartOf":{"@id":"https:\/\/radioljubuski.ba\/#website"},"primaryImageOfPage":{"@id":"https:\/\/radioljubuski.ba\/index.php\/2021\/09\/17\/puno-lakse-se-uhvatiti-u-kostac-s-problemima-kad-znate-da-niste-sami\/#primaryimage"},"image":{"@id":"https:\/\/radioljubuski.ba\/index.php\/2021\/09\/17\/puno-lakse-se-uhvatiti-u-kostac-s-problemima-kad-znate-da-niste-sami\/#primaryimage"},"thumbnailUrl":"https:\/\/radioljubuski.ba\/wp-content\/uploads\/2021\/09\/9-2021-09-17-15-49-10-242152023_409945164077343_2433310504202298622_n.jpg","datePublished":"2021-09-17T22:06:16+00:00","dateModified":"2021-09-17T22:06:17+00:00","breadcrumb":{"@id":"https:\/\/radioljubuski.ba\/index.php\/2021\/09\/17\/puno-lakse-se-uhvatiti-u-kostac-s-problemima-kad-znate-da-niste-sami\/#breadcrumb"},"inLanguage":"hr","potentialAction":[{"@type":"ReadAction","target":["https:\/\/radioljubuski.ba\/index.php\/2021\/09\/17\/puno-lakse-se-uhvatiti-u-kostac-s-problemima-kad-znate-da-niste-sami\/"]}]},{"@type":"ImageObject","inLanguage":"hr","@id":"https:\/\/radioljubuski.ba\/index.php\/2021\/09\/17\/puno-lakse-se-uhvatiti-u-kostac-s-problemima-kad-znate-da-niste-sami\/#primaryimage","url":"https:\/\/radioljubuski.ba\/wp-content\/uploads\/2021\/09\/9-2021-09-17-15-49-10-242152023_409945164077343_2433310504202298622_n.jpg","contentUrl":"https:\/\/radioljubuski.ba\/wp-content\/uploads\/2021\/09\/9-2021-09-17-15-49-10-242152023_409945164077343_2433310504202298622_n.jpg","width":1000,"height":625},{"@type":"BreadcrumbList","@id":"https:\/\/radioljubuski.ba\/index.php\/2021\/09\/17\/puno-lakse-se-uhvatiti-u-kostac-s-problemima-kad-znate-da-niste-sami\/#breadcrumb","itemListElement":[{"@type":"ListItem","position":1,"name":"Po\u010detna stranica","item":"https:\/\/radioljubuski.ba\/"},{"@type":"ListItem","position":2,"name":"Puno lak\u0161e se uhvatiti u ko\u0161tac s problemima kad znate da niste sami"}]},{"@type":"WebSite","@id":"https:\/\/radioljubuski.ba\/#website","url":"https:\/\/radioljubuski.ba\/","name":"Radio Ljubu\u0161ki","description":"Sun\u010dana frekvencija Hercegovine","publisher":{"@id":"https:\/\/radioljubuski.ba\/#organization"},"potentialAction":[{"@type":"SearchAction","target":{"@type":"EntryPoint","urlTemplate":"https:\/\/radioljubuski.ba\/?s={search_term_string}"},"query-input":{"@type":"PropertyValueSpecification","valueRequired":true,"valueName":"search_term_string"}}],"inLanguage":"hr"},{"@type":"Organization","@id":"https:\/\/radioljubuski.ba\/#organization","name":"Radio Ljubu\u0161ki","url":"https:\/\/radioljubuski.ba\/","logo":{"@type":"ImageObject","inLanguage":"hr","@id":"https:\/\/radioljubuski.ba\/#\/schema\/logo\/image\/","url":"https:\/\/radioljubuski.ba\/wp-content\/uploads\/2021\/02\/cropped-Radio_Ljubuski_logo1.jpg","contentUrl":"https:\/\/radioljubuski.ba\/wp-content\/uploads\/2021\/02\/cropped-Radio_Ljubuski_logo1.jpg","width":512,"height":512,"caption":"Radio Ljubu\u0161ki"},"image":{"@id":"https:\/\/radioljubuski.ba\/#\/schema\/logo\/image\/"},"sameAs":["https:\/\/www.facebook.com\/Radiio-Ljubuski-1490835324566332","https:\/\/x.com\/radioljubuski","https:\/\/hr.linkedin.com\/company\/radio-ljubuski","https:\/\/www.youtube.com\/channel\/UCHYaeO_n0Db3tjNGudGpXyw"]},{"@type":"Person","@id":"https:\/\/radioljubuski.ba\/#\/schema\/person\/19fc700381a780f69665d7956c469e3b","name":"Radio Ljubu\u0161ki"}]}},"_links":{"self":[{"href":"https:\/\/radioljubuski.ba\/index.php\/wp-json\/wp\/v2\/posts\/64882","targetHints":{"allow":["GET"]}}],"collection":[{"href":"https:\/\/radioljubuski.ba\/index.php\/wp-json\/wp\/v2\/posts"}],"about":[{"href":"https:\/\/radioljubuski.ba\/index.php\/wp-json\/wp\/v2\/types\/post"}],"author":[{"embeddable":true,"href":"https:\/\/radioljubuski.ba\/index.php\/wp-json\/wp\/v2\/users\/2"}],"replies":[{"embeddable":true,"href":"https:\/\/radioljubuski.ba\/index.php\/wp-json\/wp\/v2\/comments?post=64882"}],"version-history":[{"count":1,"href":"https:\/\/radioljubuski.ba\/index.php\/wp-json\/wp\/v2\/posts\/64882\/revisions"}],"predecessor-version":[{"id":64884,"href":"https:\/\/radioljubuski.ba\/index.php\/wp-json\/wp\/v2\/posts\/64882\/revisions\/64884"}],"wp:featuredmedia":[{"embeddable":true,"href":"https:\/\/radioljubuski.ba\/index.php\/wp-json\/wp\/v2\/media\/64883"}],"wp:attachment":[{"href":"https:\/\/radioljubuski.ba\/index.php\/wp-json\/wp\/v2\/media?parent=64882"}],"wp:term":[{"taxonomy":"category","embeddable":true,"href":"https:\/\/radioljubuski.ba\/index.php\/wp-json\/wp\/v2\/categories?post=64882"},{"taxonomy":"post_tag","embeddable":true,"href":"https:\/\/radioljubuski.ba\/index.php\/wp-json\/wp\/v2\/tags?post=64882"}],"curies":[{"name":"wp","href":"https:\/\/api.w.org\/{rel}","templated":true}]}}