{"id":64885,"date":"2021-09-17T23:07:30","date_gmt":"2021-09-17T22:07:30","guid":{"rendered":"https:\/\/radioljubuski.ba\/?p=64885"},"modified":"2021-09-17T23:07:31","modified_gmt":"2021-09-17T22:07:31","slug":"ministrica-gudeljevic-obratila-se-na-otvaranju-konferencije-grad-buducnosti-otvoreni-grad-mostar-2021","status":"publish","type":"post","link":"https:\/\/radioljubuski.ba\/index.php\/2021\/09\/17\/ministrica-gudeljevic-obratila-se-na-otvaranju-konferencije-grad-buducnosti-otvoreni-grad-mostar-2021\/","title":{"rendered":"Ministrica Gudeljevi\u0107 obratila se na otvaranju Konferencije \u201cGrad budu\u0107nosti-Otvoreni grad Mostar 2021.\u201d"},"content":{"rendered":"\n<p>Danas je u Mostaru otvorena konferencija \u201cGrad budu\u0107nosti-Otvoreni grad Mostar 2021.\u201d koju je organiziralo Sveu\u010dili\u0161te u Mostaru.<\/p>\n\n\n\n<p>Prisutnim znanstvenicima i ostalim sudionicima su se na otvaranju konferencije obratili: ministrica Ankica Gudeljevi\u0107, zamjenica \u0161efa delegacije EU u BiH Elena Dorodnova, gradona\u010delnik Mostara Mario Kordi\u0107 i Salem Mari\u0107, predsjednik Gradskog vije\u0107a Mostar.<\/p>\n\n\n\n<p>Konferencija je posve\u0107ena razvoju znanosti, tehnologije i obrazovanju op\u0107enito kao i ulaganju u mlade ljude. \u201eTehnologija je budu\u0107nost ili bolje re\u0107i razvoj tehnologije jeste put za sigurnu budu\u0107nost svake dr\u017eave, svake regije, Europe i svijeta\u201c, istaknula je ministrica Gudeljevi\u0107 u svome obra\u0107anju.<\/p>\n\n\n\n<p>Ministarstvo civilnih poslova Bosne i Hercegovine kontinuirano nastoji doprinijeti pobolj\u0161anju obrazovanja kao temelja za konkurentnost dru\u0161tva i ekonomije. Posebno su zna\u010dajni &nbsp;inovacije i istra\u017eivanja kojima \u0107e biti potaknut ekonomski rast u dr\u017eavi.<\/p>\n\n\n\n<p>Ministrica Gudeljevi\u0107 je istaknula i trenuta\u010dne aktivnosti Ministarstva na osna\u017eivanju znanosti i tehnologije kao \u0161to su: Bilateralni sporazum izme\u0111u Vlade NR Kine i Vije\u0107a ministara Bosne i Hercegovine o suradnji u podru\u010dju znanosti i tehnologije je u pripremi i nadamo se da \u0107emo uskoro potpisati ovaj Sporazum. Vije\u0107e ministara Bosne i Hercegovine imenovalo je Radnu skupinu za izradu Strategije pametne specijalizacije u Bosni i Hercegovini. Okvirni sporazum o znanstveno-tehni\u010dkoj suradnji izme\u0111u Vije\u0107a ministara Bosne i Hercegovine i CERN -a potpisan je u velja\u010di ove godine. Jugoisto\u010dna Europa se ujedinila u osnivanju Me\u0111unarodnog instituta za odr\u017eive tehnologije SEEIIST.<\/p>\n\n\n\n<p>Cilj Ministarstva je ove godine pridru\u017eiti se EU programu za istra\u017eivanje i inovacije \u201eHorizon Europe\u201c, a to zna\u010di postati dijelom Europskog istra\u017eiva\u010dkog prostora i regionalnog povezivanja.<\/p>\n\n\n\n<p>Na kraju Konferencije planirano je usvajanje deklaracije na \u0161to se na kraju svog izlaganja osvrnula ministrica Gudeljevi\u0107.<\/p>\n\n\n\n<p>\u201e\u017delim dati punu potporu deklaraciji koja danas treba biti usvojena. Europska budu\u0107nost grada Mostara je obveza za sve nas. Va\u0161e opredijeljene da Mostar bude predvodnik u postizanju europskih dostignu\u0107a, osobito u razvoju demokratskog ozra\u010dja kao i tehnolo\u0161kog rasta i razvoja uvjerava nas jo\u0161 jednom da europski put nema alternativu, a taj put zna\u010di otvoreni dijalog, okupljanje znanstvenika oko znanstvenih izazova, uva\u017eavanje i argumentiranje u korist svih nas.\u201c<\/p>\n\n\n\n<p>Izvor:pogled.ba<\/p>\n","protected":false},"excerpt":{"rendered":"<p>Danas je u Mostaru otvorena konferencija \u201cGrad budu\u0107nosti-Otvoreni grad Mostar 2021.\u201d koju je organiziralo Sveu\u010dili\u0161te u Mostaru. Prisutnim znanstvenicima i ostalim sudionicima su se na otvaranju konferencije obratili: ministrica Ankica Gudeljevi\u0107, zamjenica \u0161efa delegacije EU u BiH Elena Dorodnova, gradona\u010delnik Mostara Mario Kordi\u0107 i Salem Mari\u0107, predsjednik Gradskog vije\u0107a Mostar. Konferencija je posve\u0107ena razvoju znanosti, [&hellip;]<\/p>\n","protected":false},"author":2,"featured_media":64886,"comment_status":"closed","ping_status":"closed","sticky":false,"template":"","format":"standard","meta":{"h5ap_radio_sources":[],"footnotes":""},"categories":[1],"tags":[],"class_list":["post-64885","post","type-post","status-publish","format-standard","has-post-thumbnail","hentry","category-bihiregija"],"yoast_head":"<!-- This site is optimized with the Yoast SEO plugin v27.4 - https:\/\/yoast.com\/product\/yoast-seo-wordpress\/ -->\n<title>Ministrica Gudeljevi\u0107 obratila se na otvaranju Konferencije \u201cGrad budu\u0107nosti-Otvoreni grad Mostar 2021.\u201d - RADIO LJUBU\u0160KI<\/title>\n<meta name=\"robots\" content=\"index, follow, max-snippet:-1, max-image-preview:large, max-video-preview:-1\" \/>\n<link rel=\"canonical\" href=\"https:\/\/radioljubuski.ba\/index.php\/2021\/09\/17\/ministrica-gudeljevic-obratila-se-na-otvaranju-konferencije-grad-buducnosti-otvoreni-grad-mostar-2021\/\" \/>\n<meta property=\"og:locale\" content=\"hr_HR\" \/>\n<meta property=\"og:type\" content=\"article\" \/>\n<meta property=\"og:title\" content=\"Ministrica Gudeljevi\u0107 obratila se na otvaranju Konferencije \u201cGrad budu\u0107nosti-Otvoreni grad Mostar 2021.\u201d - RADIO LJUBU\u0160KI\" \/>\n<meta property=\"og:description\" content=\"Danas je u Mostaru otvorena konferencija \u201cGrad budu\u0107nosti-Otvoreni grad Mostar 2021.\u201d koju je organiziralo Sveu\u010dili\u0161te u Mostaru. Prisutnim znanstvenicima i ostalim sudionicima su se na otvaranju konferencije obratili: ministrica Ankica Gudeljevi\u0107, zamjenica \u0161efa delegacije EU u BiH Elena Dorodnova, gradona\u010delnik Mostara Mario Kordi\u0107 i Salem Mari\u0107, predsjednik Gradskog vije\u0107a Mostar. Konferencija je posve\u0107ena razvoju znanosti, [&hellip;]\" \/>\n<meta property=\"og:url\" content=\"https:\/\/radioljubuski.ba\/index.php\/2021\/09\/17\/ministrica-gudeljevic-obratila-se-na-otvaranju-konferencije-grad-buducnosti-otvoreni-grad-mostar-2021\/\" \/>\n<meta property=\"og:site_name\" content=\"RADIO LJUBU\u0160KI\" \/>\n<meta property=\"article:publisher\" content=\"https:\/\/www.facebook.com\/Radiio-Ljubuski-1490835324566332\" \/>\n<meta property=\"article:published_time\" content=\"2021-09-17T22:07:30+00:00\" \/>\n<meta property=\"article:modified_time\" content=\"2021-09-17T22:07:31+00:00\" \/>\n<meta property=\"og:image\" content=\"https:\/\/radioljubuski.ba\/wp-content\/uploads\/2021\/09\/9-2021-09-17-17-23-26-ferrr.jpg\" \/>\n\t<meta property=\"og:image:width\" content=\"1000\" \/>\n\t<meta property=\"og:image:height\" content=\"625\" \/>\n\t<meta property=\"og:image:type\" content=\"image\/jpeg\" \/>\n<meta name=\"author\" content=\"Radio Ljubu\u0161ki\" \/>\n<meta name=\"twitter:card\" content=\"summary_large_image\" \/>\n<meta name=\"twitter:creator\" content=\"@radioljubuski\" \/>\n<meta name=\"twitter:site\" content=\"@radioljubuski\" \/>\n<meta name=\"twitter:label1\" content=\"Napisao\/la\" \/>\n\t<meta name=\"twitter:data1\" content=\"Radio Ljubu\u0161ki\" \/>\n\t<meta name=\"twitter:label2\" content=\"Procijenjeno vrijeme \u010ditanja\" \/>\n\t<meta name=\"twitter:data2\" content=\"2 minute\" \/>\n<script type=\"application\/ld+json\" class=\"yoast-schema-graph\">{\"@context\":\"https:\\\/\\\/schema.org\",\"@graph\":[{\"@type\":\"Article\",\"@id\":\"https:\\\/\\\/radioljubuski.ba\\\/index.php\\\/2021\\\/09\\\/17\\\/ministrica-gudeljevic-obratila-se-na-otvaranju-konferencije-grad-buducnosti-otvoreni-grad-mostar-2021\\\/#article\",\"isPartOf\":{\"@id\":\"https:\\\/\\\/radioljubuski.ba\\\/index.php\\\/2021\\\/09\\\/17\\\/ministrica-gudeljevic-obratila-se-na-otvaranju-konferencije-grad-buducnosti-otvoreni-grad-mostar-2021\\\/\"},\"author\":{\"name\":\"Radio Ljubu\u0161ki\",\"@id\":\"https:\\\/\\\/radioljubuski.ba\\\/#\\\/schema\\\/person\\\/19fc700381a780f69665d7956c469e3b\"},\"headline\":\"Ministrica Gudeljevi\u0107 obratila se na otvaranju Konferencije \u201cGrad budu\u0107nosti-Otvoreni grad Mostar 2021.\u201d\",\"datePublished\":\"2021-09-17T22:07:30+00:00\",\"dateModified\":\"2021-09-17T22:07:31+00:00\",\"mainEntityOfPage\":{\"@id\":\"https:\\\/\\\/radioljubuski.ba\\\/index.php\\\/2021\\\/09\\\/17\\\/ministrica-gudeljevic-obratila-se-na-otvaranju-konferencije-grad-buducnosti-otvoreni-grad-mostar-2021\\\/\"},\"wordCount\":388,\"publisher\":{\"@id\":\"https:\\\/\\\/radioljubuski.ba\\\/#organization\"},\"image\":{\"@id\":\"https:\\\/\\\/radioljubuski.ba\\\/index.php\\\/2021\\\/09\\\/17\\\/ministrica-gudeljevic-obratila-se-na-otvaranju-konferencije-grad-buducnosti-otvoreni-grad-mostar-2021\\\/#primaryimage\"},\"thumbnailUrl\":\"https:\\\/\\\/radioljubuski.ba\\\/wp-content\\\/uploads\\\/2021\\\/09\\\/9-2021-09-17-17-23-26-ferrr.jpg\",\"articleSection\":[\"BIH i regija\"],\"inLanguage\":\"hr\"},{\"@type\":\"WebPage\",\"@id\":\"https:\\\/\\\/radioljubuski.ba\\\/index.php\\\/2021\\\/09\\\/17\\\/ministrica-gudeljevic-obratila-se-na-otvaranju-konferencije-grad-buducnosti-otvoreni-grad-mostar-2021\\\/\",\"url\":\"https:\\\/\\\/radioljubuski.ba\\\/index.php\\\/2021\\\/09\\\/17\\\/ministrica-gudeljevic-obratila-se-na-otvaranju-konferencije-grad-buducnosti-otvoreni-grad-mostar-2021\\\/\",\"name\":\"Ministrica Gudeljevi\u0107 obratila se na otvaranju Konferencije \u201cGrad budu\u0107nosti-Otvoreni grad Mostar 2021.\u201d - RADIO LJUBU\u0160KI\",\"isPartOf\":{\"@id\":\"https:\\\/\\\/radioljubuski.ba\\\/#website\"},\"primaryImageOfPage\":{\"@id\":\"https:\\\/\\\/radioljubuski.ba\\\/index.php\\\/2021\\\/09\\\/17\\\/ministrica-gudeljevic-obratila-se-na-otvaranju-konferencije-grad-buducnosti-otvoreni-grad-mostar-2021\\\/#primaryimage\"},\"image\":{\"@id\":\"https:\\\/\\\/radioljubuski.ba\\\/index.php\\\/2021\\\/09\\\/17\\\/ministrica-gudeljevic-obratila-se-na-otvaranju-konferencije-grad-buducnosti-otvoreni-grad-mostar-2021\\\/#primaryimage\"},\"thumbnailUrl\":\"https:\\\/\\\/radioljubuski.ba\\\/wp-content\\\/uploads\\\/2021\\\/09\\\/9-2021-09-17-17-23-26-ferrr.jpg\",\"datePublished\":\"2021-09-17T22:07:30+00:00\",\"dateModified\":\"2021-09-17T22:07:31+00:00\",\"breadcrumb\":{\"@id\":\"https:\\\/\\\/radioljubuski.ba\\\/index.php\\\/2021\\\/09\\\/17\\\/ministrica-gudeljevic-obratila-se-na-otvaranju-konferencije-grad-buducnosti-otvoreni-grad-mostar-2021\\\/#breadcrumb\"},\"inLanguage\":\"hr\",\"potentialAction\":[{\"@type\":\"ReadAction\",\"target\":[\"https:\\\/\\\/radioljubuski.ba\\\/index.php\\\/2021\\\/09\\\/17\\\/ministrica-gudeljevic-obratila-se-na-otvaranju-konferencije-grad-buducnosti-otvoreni-grad-mostar-2021\\\/\"]}]},{\"@type\":\"ImageObject\",\"inLanguage\":\"hr\",\"@id\":\"https:\\\/\\\/radioljubuski.ba\\\/index.php\\\/2021\\\/09\\\/17\\\/ministrica-gudeljevic-obratila-se-na-otvaranju-konferencije-grad-buducnosti-otvoreni-grad-mostar-2021\\\/#primaryimage\",\"url\":\"https:\\\/\\\/radioljubuski.ba\\\/wp-content\\\/uploads\\\/2021\\\/09\\\/9-2021-09-17-17-23-26-ferrr.jpg\",\"contentUrl\":\"https:\\\/\\\/radioljubuski.ba\\\/wp-content\\\/uploads\\\/2021\\\/09\\\/9-2021-09-17-17-23-26-ferrr.jpg\",\"width\":1000,\"height\":625},{\"@type\":\"BreadcrumbList\",\"@id\":\"https:\\\/\\\/radioljubuski.ba\\\/index.php\\\/2021\\\/09\\\/17\\\/ministrica-gudeljevic-obratila-se-na-otvaranju-konferencije-grad-buducnosti-otvoreni-grad-mostar-2021\\\/#breadcrumb\",\"itemListElement\":[{\"@type\":\"ListItem\",\"position\":1,\"name\":\"Po\u010detna stranica\",\"item\":\"https:\\\/\\\/radioljubuski.ba\\\/\"},{\"@type\":\"ListItem\",\"position\":2,\"name\":\"Ministrica Gudeljevi\u0107 obratila se na otvaranju Konferencije \u201cGrad budu\u0107nosti-Otvoreni grad Mostar 2021.\u201d\"}]},{\"@type\":\"WebSite\",\"@id\":\"https:\\\/\\\/radioljubuski.ba\\\/#website\",\"url\":\"https:\\\/\\\/radioljubuski.ba\\\/\",\"name\":\"Radio Ljubu\u0161ki\",\"description\":\"Sun\u010dana frekvencija Hercegovine\",\"publisher\":{\"@id\":\"https:\\\/\\\/radioljubuski.ba\\\/#organization\"},\"potentialAction\":[{\"@type\":\"SearchAction\",\"target\":{\"@type\":\"EntryPoint\",\"urlTemplate\":\"https:\\\/\\\/radioljubuski.ba\\\/?s={search_term_string}\"},\"query-input\":{\"@type\":\"PropertyValueSpecification\",\"valueRequired\":true,\"valueName\":\"search_term_string\"}}],\"inLanguage\":\"hr\"},{\"@type\":\"Organization\",\"@id\":\"https:\\\/\\\/radioljubuski.ba\\\/#organization\",\"name\":\"Radio Ljubu\u0161ki\",\"url\":\"https:\\\/\\\/radioljubuski.ba\\\/\",\"logo\":{\"@type\":\"ImageObject\",\"inLanguage\":\"hr\",\"@id\":\"https:\\\/\\\/radioljubuski.ba\\\/#\\\/schema\\\/logo\\\/image\\\/\",\"url\":\"https:\\\/\\\/radioljubuski.ba\\\/wp-content\\\/uploads\\\/2021\\\/02\\\/cropped-Radio_Ljubuski_logo1.jpg\",\"contentUrl\":\"https:\\\/\\\/radioljubuski.ba\\\/wp-content\\\/uploads\\\/2021\\\/02\\\/cropped-Radio_Ljubuski_logo1.jpg\",\"width\":512,\"height\":512,\"caption\":\"Radio Ljubu\u0161ki\"},\"image\":{\"@id\":\"https:\\\/\\\/radioljubuski.ba\\\/#\\\/schema\\\/logo\\\/image\\\/\"},\"sameAs\":[\"https:\\\/\\\/www.facebook.com\\\/Radiio-Ljubuski-1490835324566332\",\"https:\\\/\\\/x.com\\\/radioljubuski\",\"https:\\\/\\\/hr.linkedin.com\\\/company\\\/radio-ljubuski\",\"https:\\\/\\\/www.youtube.com\\\/channel\\\/UCHYaeO_n0Db3tjNGudGpXyw\"]},{\"@type\":\"Person\",\"@id\":\"https:\\\/\\\/radioljubuski.ba\\\/#\\\/schema\\\/person\\\/19fc700381a780f69665d7956c469e3b\",\"name\":\"Radio Ljubu\u0161ki\"}]}<\/script>\n<!-- \/ Yoast SEO plugin. -->","yoast_head_json":{"title":"Ministrica Gudeljevi\u0107 obratila se na otvaranju Konferencije \u201cGrad budu\u0107nosti-Otvoreni grad Mostar 2021.\u201d - RADIO LJUBU\u0160KI","robots":{"index":"index","follow":"follow","max-snippet":"max-snippet:-1","max-image-preview":"max-image-preview:large","max-video-preview":"max-video-preview:-1"},"canonical":"https:\/\/radioljubuski.ba\/index.php\/2021\/09\/17\/ministrica-gudeljevic-obratila-se-na-otvaranju-konferencije-grad-buducnosti-otvoreni-grad-mostar-2021\/","og_locale":"hr_HR","og_type":"article","og_title":"Ministrica Gudeljevi\u0107 obratila se na otvaranju Konferencije \u201cGrad budu\u0107nosti-Otvoreni grad Mostar 2021.\u201d - RADIO LJUBU\u0160KI","og_description":"Danas je u Mostaru otvorena konferencija \u201cGrad budu\u0107nosti-Otvoreni grad Mostar 2021.\u201d koju je organiziralo Sveu\u010dili\u0161te u Mostaru. Prisutnim znanstvenicima i ostalim sudionicima su se na otvaranju konferencije obratili: ministrica Ankica Gudeljevi\u0107, zamjenica \u0161efa delegacije EU u BiH Elena Dorodnova, gradona\u010delnik Mostara Mario Kordi\u0107 i Salem Mari\u0107, predsjednik Gradskog vije\u0107a Mostar. Konferencija je posve\u0107ena razvoju znanosti, [&hellip;]","og_url":"https:\/\/radioljubuski.ba\/index.php\/2021\/09\/17\/ministrica-gudeljevic-obratila-se-na-otvaranju-konferencije-grad-buducnosti-otvoreni-grad-mostar-2021\/","og_site_name":"RADIO LJUBU\u0160KI","article_publisher":"https:\/\/www.facebook.com\/Radiio-Ljubuski-1490835324566332","article_published_time":"2021-09-17T22:07:30+00:00","article_modified_time":"2021-09-17T22:07:31+00:00","og_image":[{"width":1000,"height":625,"url":"https:\/\/radioljubuski.ba\/wp-content\/uploads\/2021\/09\/9-2021-09-17-17-23-26-ferrr.jpg","type":"image\/jpeg"}],"author":"Radio Ljubu\u0161ki","twitter_card":"summary_large_image","twitter_creator":"@radioljubuski","twitter_site":"@radioljubuski","twitter_misc":{"Napisao\/la":"Radio Ljubu\u0161ki","Procijenjeno vrijeme \u010ditanja":"2 minute"},"schema":{"@context":"https:\/\/schema.org","@graph":[{"@type":"Article","@id":"https:\/\/radioljubuski.ba\/index.php\/2021\/09\/17\/ministrica-gudeljevic-obratila-se-na-otvaranju-konferencije-grad-buducnosti-otvoreni-grad-mostar-2021\/#article","isPartOf":{"@id":"https:\/\/radioljubuski.ba\/index.php\/2021\/09\/17\/ministrica-gudeljevic-obratila-se-na-otvaranju-konferencije-grad-buducnosti-otvoreni-grad-mostar-2021\/"},"author":{"name":"Radio Ljubu\u0161ki","@id":"https:\/\/radioljubuski.ba\/#\/schema\/person\/19fc700381a780f69665d7956c469e3b"},"headline":"Ministrica Gudeljevi\u0107 obratila se na otvaranju Konferencije \u201cGrad budu\u0107nosti-Otvoreni grad Mostar 2021.\u201d","datePublished":"2021-09-17T22:07:30+00:00","dateModified":"2021-09-17T22:07:31+00:00","mainEntityOfPage":{"@id":"https:\/\/radioljubuski.ba\/index.php\/2021\/09\/17\/ministrica-gudeljevic-obratila-se-na-otvaranju-konferencije-grad-buducnosti-otvoreni-grad-mostar-2021\/"},"wordCount":388,"publisher":{"@id":"https:\/\/radioljubuski.ba\/#organization"},"image":{"@id":"https:\/\/radioljubuski.ba\/index.php\/2021\/09\/17\/ministrica-gudeljevic-obratila-se-na-otvaranju-konferencije-grad-buducnosti-otvoreni-grad-mostar-2021\/#primaryimage"},"thumbnailUrl":"https:\/\/radioljubuski.ba\/wp-content\/uploads\/2021\/09\/9-2021-09-17-17-23-26-ferrr.jpg","articleSection":["BIH i regija"],"inLanguage":"hr"},{"@type":"WebPage","@id":"https:\/\/radioljubuski.ba\/index.php\/2021\/09\/17\/ministrica-gudeljevic-obratila-se-na-otvaranju-konferencije-grad-buducnosti-otvoreni-grad-mostar-2021\/","url":"https:\/\/radioljubuski.ba\/index.php\/2021\/09\/17\/ministrica-gudeljevic-obratila-se-na-otvaranju-konferencije-grad-buducnosti-otvoreni-grad-mostar-2021\/","name":"Ministrica Gudeljevi\u0107 obratila se na otvaranju Konferencije \u201cGrad budu\u0107nosti-Otvoreni grad Mostar 2021.\u201d - RADIO LJUBU\u0160KI","isPartOf":{"@id":"https:\/\/radioljubuski.ba\/#website"},"primaryImageOfPage":{"@id":"https:\/\/radioljubuski.ba\/index.php\/2021\/09\/17\/ministrica-gudeljevic-obratila-se-na-otvaranju-konferencije-grad-buducnosti-otvoreni-grad-mostar-2021\/#primaryimage"},"image":{"@id":"https:\/\/radioljubuski.ba\/index.php\/2021\/09\/17\/ministrica-gudeljevic-obratila-se-na-otvaranju-konferencije-grad-buducnosti-otvoreni-grad-mostar-2021\/#primaryimage"},"thumbnailUrl":"https:\/\/radioljubuski.ba\/wp-content\/uploads\/2021\/09\/9-2021-09-17-17-23-26-ferrr.jpg","datePublished":"2021-09-17T22:07:30+00:00","dateModified":"2021-09-17T22:07:31+00:00","breadcrumb":{"@id":"https:\/\/radioljubuski.ba\/index.php\/2021\/09\/17\/ministrica-gudeljevic-obratila-se-na-otvaranju-konferencije-grad-buducnosti-otvoreni-grad-mostar-2021\/#breadcrumb"},"inLanguage":"hr","potentialAction":[{"@type":"ReadAction","target":["https:\/\/radioljubuski.ba\/index.php\/2021\/09\/17\/ministrica-gudeljevic-obratila-se-na-otvaranju-konferencije-grad-buducnosti-otvoreni-grad-mostar-2021\/"]}]},{"@type":"ImageObject","inLanguage":"hr","@id":"https:\/\/radioljubuski.ba\/index.php\/2021\/09\/17\/ministrica-gudeljevic-obratila-se-na-otvaranju-konferencije-grad-buducnosti-otvoreni-grad-mostar-2021\/#primaryimage","url":"https:\/\/radioljubuski.ba\/wp-content\/uploads\/2021\/09\/9-2021-09-17-17-23-26-ferrr.jpg","contentUrl":"https:\/\/radioljubuski.ba\/wp-content\/uploads\/2021\/09\/9-2021-09-17-17-23-26-ferrr.jpg","width":1000,"height":625},{"@type":"BreadcrumbList","@id":"https:\/\/radioljubuski.ba\/index.php\/2021\/09\/17\/ministrica-gudeljevic-obratila-se-na-otvaranju-konferencije-grad-buducnosti-otvoreni-grad-mostar-2021\/#breadcrumb","itemListElement":[{"@type":"ListItem","position":1,"name":"Po\u010detna stranica","item":"https:\/\/radioljubuski.ba\/"},{"@type":"ListItem","position":2,"name":"Ministrica Gudeljevi\u0107 obratila se na otvaranju Konferencije \u201cGrad budu\u0107nosti-Otvoreni grad Mostar 2021.\u201d"}]},{"@type":"WebSite","@id":"https:\/\/radioljubuski.ba\/#website","url":"https:\/\/radioljubuski.ba\/","name":"Radio Ljubu\u0161ki","description":"Sun\u010dana frekvencija Hercegovine","publisher":{"@id":"https:\/\/radioljubuski.ba\/#organization"},"potentialAction":[{"@type":"SearchAction","target":{"@type":"EntryPoint","urlTemplate":"https:\/\/radioljubuski.ba\/?s={search_term_string}"},"query-input":{"@type":"PropertyValueSpecification","valueRequired":true,"valueName":"search_term_string"}}],"inLanguage":"hr"},{"@type":"Organization","@id":"https:\/\/radioljubuski.ba\/#organization","name":"Radio Ljubu\u0161ki","url":"https:\/\/radioljubuski.ba\/","logo":{"@type":"ImageObject","inLanguage":"hr","@id":"https:\/\/radioljubuski.ba\/#\/schema\/logo\/image\/","url":"https:\/\/radioljubuski.ba\/wp-content\/uploads\/2021\/02\/cropped-Radio_Ljubuski_logo1.jpg","contentUrl":"https:\/\/radioljubuski.ba\/wp-content\/uploads\/2021\/02\/cropped-Radio_Ljubuski_logo1.jpg","width":512,"height":512,"caption":"Radio Ljubu\u0161ki"},"image":{"@id":"https:\/\/radioljubuski.ba\/#\/schema\/logo\/image\/"},"sameAs":["https:\/\/www.facebook.com\/Radiio-Ljubuski-1490835324566332","https:\/\/x.com\/radioljubuski","https:\/\/hr.linkedin.com\/company\/radio-ljubuski","https:\/\/www.youtube.com\/channel\/UCHYaeO_n0Db3tjNGudGpXyw"]},{"@type":"Person","@id":"https:\/\/radioljubuski.ba\/#\/schema\/person\/19fc700381a780f69665d7956c469e3b","name":"Radio Ljubu\u0161ki"}]}},"_links":{"self":[{"href":"https:\/\/radioljubuski.ba\/index.php\/wp-json\/wp\/v2\/posts\/64885","targetHints":{"allow":["GET"]}}],"collection":[{"href":"https:\/\/radioljubuski.ba\/index.php\/wp-json\/wp\/v2\/posts"}],"about":[{"href":"https:\/\/radioljubuski.ba\/index.php\/wp-json\/wp\/v2\/types\/post"}],"author":[{"embeddable":true,"href":"https:\/\/radioljubuski.ba\/index.php\/wp-json\/wp\/v2\/users\/2"}],"replies":[{"embeddable":true,"href":"https:\/\/radioljubuski.ba\/index.php\/wp-json\/wp\/v2\/comments?post=64885"}],"version-history":[{"count":1,"href":"https:\/\/radioljubuski.ba\/index.php\/wp-json\/wp\/v2\/posts\/64885\/revisions"}],"predecessor-version":[{"id":64887,"href":"https:\/\/radioljubuski.ba\/index.php\/wp-json\/wp\/v2\/posts\/64885\/revisions\/64887"}],"wp:featuredmedia":[{"embeddable":true,"href":"https:\/\/radioljubuski.ba\/index.php\/wp-json\/wp\/v2\/media\/64886"}],"wp:attachment":[{"href":"https:\/\/radioljubuski.ba\/index.php\/wp-json\/wp\/v2\/media?parent=64885"}],"wp:term":[{"taxonomy":"category","embeddable":true,"href":"https:\/\/radioljubuski.ba\/index.php\/wp-json\/wp\/v2\/categories?post=64885"},{"taxonomy":"post_tag","embeddable":true,"href":"https:\/\/radioljubuski.ba\/index.php\/wp-json\/wp\/v2\/tags?post=64885"}],"curies":[{"name":"wp","href":"https:\/\/api.w.org\/{rel}","templated":true}]}}