{"id":64921,"date":"2021-09-17T23:59:52","date_gmt":"2021-09-17T22:59:52","guid":{"rendered":"https:\/\/radioljubuski.ba\/?p=64921"},"modified":"2021-09-17T23:59:53","modified_gmt":"2021-09-17T22:59:53","slug":"radoncic-covic-je-mene-posjetio-u-pritvoru-zasto-ja-njemu-ne-bih-otisao-na-rodendan","status":"publish","type":"post","link":"https:\/\/radioljubuski.ba\/index.php\/2021\/09\/17\/radoncic-covic-je-mene-posjetio-u-pritvoru-zasto-ja-njemu-ne-bih-otisao-na-rodendan\/","title":{"rendered":"Radon\u010di\u0107: \u010covi\u0107 je mene posjetio u pritvoru, za\u0161to ja njemu ne bih oti\u0161ao na ro\u0111endan?"},"content":{"rendered":"\n<h5 class=\"wp-block-heading\">Lider SBB-a Fahrudin Radon\u010di\u0107 gostovao je u programu N1 televizije gdje je govorio o raznim temama.<\/h5>\n\n\n\n<p>Jedna od njih bila je i njegov dolazak na proslavu 65. ro\u0111endana&nbsp;<strong>Dragana \u010covi\u0107a<\/strong>.<\/p>\n\n\n\n<p><em>Smatram da&nbsp;<\/em><strong><em>bo\u0161nja\u010dki politi\u010dari trebaju oti\u0107i na takav ro\u0111endan<\/em><\/strong><em>. To \u0161to je do\u0161ao gospodin Dodik i \u0161to je do\u0161lo do razmjene re\u010denica mene i njega pa smo se slo\u017eili da ne kvarimo atmosferu za ro\u0111endan.<\/em><\/p>\n\n\n\n<p><em>Gospodin \u010covi\u0107 je imao toliko korektnosti, kad su me svi Bo\u0161njaci otpisali kao kriminalci,&nbsp;<\/em><strong><em>do\u0161ao me je posjetiti u pritvor<\/em><\/strong><em>. Za\u0161to mu ne bih oti\u0161ao na ro\u0111endan?<\/em>, kazao je Radon\u010di\u0107.<\/p>\n\n\n\n<p><strong>(www.jabuka.tv)<\/strong><\/p>\n","protected":false},"excerpt":{"rendered":"<p>Lider SBB-a Fahrudin Radon\u010di\u0107 gostovao je u programu N1 televizije gdje je govorio o raznim temama. Jedna od njih bila je i njegov dolazak na proslavu 65. ro\u0111endana&nbsp;Dragana \u010covi\u0107a. Smatram da&nbsp;bo\u0161nja\u010dki politi\u010dari trebaju oti\u0107i na takav ro\u0111endan. To \u0161to je do\u0161ao gospodin Dodik i \u0161to je do\u0161lo do razmjene re\u010denica mene i njega pa smo [&hellip;]<\/p>\n","protected":false},"author":2,"featured_media":64922,"comment_status":"closed","ping_status":"closed","sticky":false,"template":"","format":"standard","meta":{"h5ap_radio_sources":[],"footnotes":""},"categories":[1],"tags":[],"class_list":["post-64921","post","type-post","status-publish","format-standard","has-post-thumbnail","hentry","category-bihiregija"],"yoast_head":"<!-- This site is optimized with the Yoast SEO plugin v27.4 - https:\/\/yoast.com\/product\/yoast-seo-wordpress\/ -->\n<title>Radon\u010di\u0107: \u010covi\u0107 je mene posjetio u pritvoru, za\u0161to ja njemu ne bih oti\u0161ao na ro\u0111endan? - RADIO LJUBU\u0160KI<\/title>\n<meta name=\"robots\" content=\"index, follow, max-snippet:-1, max-image-preview:large, max-video-preview:-1\" \/>\n<link rel=\"canonical\" href=\"https:\/\/radioljubuski.ba\/index.php\/2021\/09\/17\/radoncic-covic-je-mene-posjetio-u-pritvoru-zasto-ja-njemu-ne-bih-otisao-na-rodendan\/\" \/>\n<meta property=\"og:locale\" content=\"hr_HR\" \/>\n<meta property=\"og:type\" content=\"article\" \/>\n<meta property=\"og:title\" content=\"Radon\u010di\u0107: \u010covi\u0107 je mene posjetio u pritvoru, za\u0161to ja njemu ne bih oti\u0161ao na ro\u0111endan? - RADIO LJUBU\u0160KI\" \/>\n<meta property=\"og:description\" content=\"Lider SBB-a Fahrudin Radon\u010di\u0107 gostovao je u programu N1 televizije gdje je govorio o raznim temama. Jedna od njih bila je i njegov dolazak na proslavu 65. ro\u0111endana&nbsp;Dragana \u010covi\u0107a. Smatram da&nbsp;bo\u0161nja\u010dki politi\u010dari trebaju oti\u0107i na takav ro\u0111endan. To \u0161to je do\u0161ao gospodin Dodik i \u0161to je do\u0161lo do razmjene re\u010denica mene i njega pa smo [&hellip;]\" \/>\n<meta property=\"og:url\" content=\"https:\/\/radioljubuski.ba\/index.php\/2021\/09\/17\/radoncic-covic-je-mene-posjetio-u-pritvoru-zasto-ja-njemu-ne-bih-otisao-na-rodendan\/\" \/>\n<meta property=\"og:site_name\" content=\"RADIO LJUBU\u0160KI\" \/>\n<meta property=\"article:publisher\" content=\"https:\/\/www.facebook.com\/Radiio-Ljubuski-1490835324566332\" \/>\n<meta property=\"article:published_time\" content=\"2021-09-17T22:59:52+00:00\" \/>\n<meta property=\"article:modified_time\" content=\"2021-09-17T22:59:53+00:00\" \/>\n<meta property=\"og:image\" content=\"https:\/\/radioljubuski.ba\/wp-content\/uploads\/2021\/09\/fahrudin-radoncic-birn.jpg\" \/>\n\t<meta property=\"og:image:width\" content=\"810\" \/>\n\t<meta property=\"og:image:height\" content=\"583\" \/>\n\t<meta property=\"og:image:type\" content=\"image\/jpeg\" \/>\n<meta name=\"author\" content=\"Radio Ljubu\u0161ki\" \/>\n<meta name=\"twitter:card\" content=\"summary_large_image\" \/>\n<meta name=\"twitter:creator\" content=\"@radioljubuski\" \/>\n<meta name=\"twitter:site\" content=\"@radioljubuski\" \/>\n<meta name=\"twitter:label1\" content=\"Napisao\/la\" \/>\n\t<meta name=\"twitter:data1\" content=\"Radio Ljubu\u0161ki\" \/>\n\t<meta name=\"twitter:label2\" content=\"Procijenjeno vrijeme \u010ditanja\" \/>\n\t<meta name=\"twitter:data2\" content=\"1 minuta\" \/>\n<script type=\"application\/ld+json\" class=\"yoast-schema-graph\">{\"@context\":\"https:\\\/\\\/schema.org\",\"@graph\":[{\"@type\":\"Article\",\"@id\":\"https:\\\/\\\/radioljubuski.ba\\\/index.php\\\/2021\\\/09\\\/17\\\/radoncic-covic-je-mene-posjetio-u-pritvoru-zasto-ja-njemu-ne-bih-otisao-na-rodendan\\\/#article\",\"isPartOf\":{\"@id\":\"https:\\\/\\\/radioljubuski.ba\\\/index.php\\\/2021\\\/09\\\/17\\\/radoncic-covic-je-mene-posjetio-u-pritvoru-zasto-ja-njemu-ne-bih-otisao-na-rodendan\\\/\"},\"author\":{\"name\":\"Radio Ljubu\u0161ki\",\"@id\":\"https:\\\/\\\/radioljubuski.ba\\\/#\\\/schema\\\/person\\\/19fc700381a780f69665d7956c469e3b\"},\"headline\":\"Radon\u010di\u0107: \u010covi\u0107 je mene posjetio u pritvoru, za\u0161to ja njemu ne bih oti\u0161ao na ro\u0111endan?\",\"datePublished\":\"2021-09-17T22:59:52+00:00\",\"dateModified\":\"2021-09-17T22:59:53+00:00\",\"mainEntityOfPage\":{\"@id\":\"https:\\\/\\\/radioljubuski.ba\\\/index.php\\\/2021\\\/09\\\/17\\\/radoncic-covic-je-mene-posjetio-u-pritvoru-zasto-ja-njemu-ne-bih-otisao-na-rodendan\\\/\"},\"wordCount\":138,\"publisher\":{\"@id\":\"https:\\\/\\\/radioljubuski.ba\\\/#organization\"},\"image\":{\"@id\":\"https:\\\/\\\/radioljubuski.ba\\\/index.php\\\/2021\\\/09\\\/17\\\/radoncic-covic-je-mene-posjetio-u-pritvoru-zasto-ja-njemu-ne-bih-otisao-na-rodendan\\\/#primaryimage\"},\"thumbnailUrl\":\"https:\\\/\\\/radioljubuski.ba\\\/wp-content\\\/uploads\\\/2021\\\/09\\\/fahrudin-radoncic-birn.jpg\",\"articleSection\":[\"BIH i regija\"],\"inLanguage\":\"hr\"},{\"@type\":\"WebPage\",\"@id\":\"https:\\\/\\\/radioljubuski.ba\\\/index.php\\\/2021\\\/09\\\/17\\\/radoncic-covic-je-mene-posjetio-u-pritvoru-zasto-ja-njemu-ne-bih-otisao-na-rodendan\\\/\",\"url\":\"https:\\\/\\\/radioljubuski.ba\\\/index.php\\\/2021\\\/09\\\/17\\\/radoncic-covic-je-mene-posjetio-u-pritvoru-zasto-ja-njemu-ne-bih-otisao-na-rodendan\\\/\",\"name\":\"Radon\u010di\u0107: \u010covi\u0107 je mene posjetio u pritvoru, za\u0161to ja njemu ne bih oti\u0161ao na ro\u0111endan? - RADIO LJUBU\u0160KI\",\"isPartOf\":{\"@id\":\"https:\\\/\\\/radioljubuski.ba\\\/#website\"},\"primaryImageOfPage\":{\"@id\":\"https:\\\/\\\/radioljubuski.ba\\\/index.php\\\/2021\\\/09\\\/17\\\/radoncic-covic-je-mene-posjetio-u-pritvoru-zasto-ja-njemu-ne-bih-otisao-na-rodendan\\\/#primaryimage\"},\"image\":{\"@id\":\"https:\\\/\\\/radioljubuski.ba\\\/index.php\\\/2021\\\/09\\\/17\\\/radoncic-covic-je-mene-posjetio-u-pritvoru-zasto-ja-njemu-ne-bih-otisao-na-rodendan\\\/#primaryimage\"},\"thumbnailUrl\":\"https:\\\/\\\/radioljubuski.ba\\\/wp-content\\\/uploads\\\/2021\\\/09\\\/fahrudin-radoncic-birn.jpg\",\"datePublished\":\"2021-09-17T22:59:52+00:00\",\"dateModified\":\"2021-09-17T22:59:53+00:00\",\"breadcrumb\":{\"@id\":\"https:\\\/\\\/radioljubuski.ba\\\/index.php\\\/2021\\\/09\\\/17\\\/radoncic-covic-je-mene-posjetio-u-pritvoru-zasto-ja-njemu-ne-bih-otisao-na-rodendan\\\/#breadcrumb\"},\"inLanguage\":\"hr\",\"potentialAction\":[{\"@type\":\"ReadAction\",\"target\":[\"https:\\\/\\\/radioljubuski.ba\\\/index.php\\\/2021\\\/09\\\/17\\\/radoncic-covic-je-mene-posjetio-u-pritvoru-zasto-ja-njemu-ne-bih-otisao-na-rodendan\\\/\"]}]},{\"@type\":\"ImageObject\",\"inLanguage\":\"hr\",\"@id\":\"https:\\\/\\\/radioljubuski.ba\\\/index.php\\\/2021\\\/09\\\/17\\\/radoncic-covic-je-mene-posjetio-u-pritvoru-zasto-ja-njemu-ne-bih-otisao-na-rodendan\\\/#primaryimage\",\"url\":\"https:\\\/\\\/radioljubuski.ba\\\/wp-content\\\/uploads\\\/2021\\\/09\\\/fahrudin-radoncic-birn.jpg\",\"contentUrl\":\"https:\\\/\\\/radioljubuski.ba\\\/wp-content\\\/uploads\\\/2021\\\/09\\\/fahrudin-radoncic-birn.jpg\",\"width\":810,\"height\":583},{\"@type\":\"BreadcrumbList\",\"@id\":\"https:\\\/\\\/radioljubuski.ba\\\/index.php\\\/2021\\\/09\\\/17\\\/radoncic-covic-je-mene-posjetio-u-pritvoru-zasto-ja-njemu-ne-bih-otisao-na-rodendan\\\/#breadcrumb\",\"itemListElement\":[{\"@type\":\"ListItem\",\"position\":1,\"name\":\"Po\u010detna stranica\",\"item\":\"https:\\\/\\\/radioljubuski.ba\\\/\"},{\"@type\":\"ListItem\",\"position\":2,\"name\":\"Radon\u010di\u0107: \u010covi\u0107 je mene posjetio u pritvoru, za\u0161to ja njemu ne bih oti\u0161ao na ro\u0111endan?\"}]},{\"@type\":\"WebSite\",\"@id\":\"https:\\\/\\\/radioljubuski.ba\\\/#website\",\"url\":\"https:\\\/\\\/radioljubuski.ba\\\/\",\"name\":\"Radio Ljubu\u0161ki\",\"description\":\"Sun\u010dana frekvencija Hercegovine\",\"publisher\":{\"@id\":\"https:\\\/\\\/radioljubuski.ba\\\/#organization\"},\"potentialAction\":[{\"@type\":\"SearchAction\",\"target\":{\"@type\":\"EntryPoint\",\"urlTemplate\":\"https:\\\/\\\/radioljubuski.ba\\\/?s={search_term_string}\"},\"query-input\":{\"@type\":\"PropertyValueSpecification\",\"valueRequired\":true,\"valueName\":\"search_term_string\"}}],\"inLanguage\":\"hr\"},{\"@type\":\"Organization\",\"@id\":\"https:\\\/\\\/radioljubuski.ba\\\/#organization\",\"name\":\"Radio Ljubu\u0161ki\",\"url\":\"https:\\\/\\\/radioljubuski.ba\\\/\",\"logo\":{\"@type\":\"ImageObject\",\"inLanguage\":\"hr\",\"@id\":\"https:\\\/\\\/radioljubuski.ba\\\/#\\\/schema\\\/logo\\\/image\\\/\",\"url\":\"https:\\\/\\\/radioljubuski.ba\\\/wp-content\\\/uploads\\\/2021\\\/02\\\/cropped-Radio_Ljubuski_logo1.jpg\",\"contentUrl\":\"https:\\\/\\\/radioljubuski.ba\\\/wp-content\\\/uploads\\\/2021\\\/02\\\/cropped-Radio_Ljubuski_logo1.jpg\",\"width\":512,\"height\":512,\"caption\":\"Radio Ljubu\u0161ki\"},\"image\":{\"@id\":\"https:\\\/\\\/radioljubuski.ba\\\/#\\\/schema\\\/logo\\\/image\\\/\"},\"sameAs\":[\"https:\\\/\\\/www.facebook.com\\\/Radiio-Ljubuski-1490835324566332\",\"https:\\\/\\\/x.com\\\/radioljubuski\",\"https:\\\/\\\/hr.linkedin.com\\\/company\\\/radio-ljubuski\",\"https:\\\/\\\/www.youtube.com\\\/channel\\\/UCHYaeO_n0Db3tjNGudGpXyw\"]},{\"@type\":\"Person\",\"@id\":\"https:\\\/\\\/radioljubuski.ba\\\/#\\\/schema\\\/person\\\/19fc700381a780f69665d7956c469e3b\",\"name\":\"Radio Ljubu\u0161ki\"}]}<\/script>\n<!-- \/ Yoast SEO plugin. -->","yoast_head_json":{"title":"Radon\u010di\u0107: \u010covi\u0107 je mene posjetio u pritvoru, za\u0161to ja njemu ne bih oti\u0161ao na ro\u0111endan? - RADIO LJUBU\u0160KI","robots":{"index":"index","follow":"follow","max-snippet":"max-snippet:-1","max-image-preview":"max-image-preview:large","max-video-preview":"max-video-preview:-1"},"canonical":"https:\/\/radioljubuski.ba\/index.php\/2021\/09\/17\/radoncic-covic-je-mene-posjetio-u-pritvoru-zasto-ja-njemu-ne-bih-otisao-na-rodendan\/","og_locale":"hr_HR","og_type":"article","og_title":"Radon\u010di\u0107: \u010covi\u0107 je mene posjetio u pritvoru, za\u0161to ja njemu ne bih oti\u0161ao na ro\u0111endan? - RADIO LJUBU\u0160KI","og_description":"Lider SBB-a Fahrudin Radon\u010di\u0107 gostovao je u programu N1 televizije gdje je govorio o raznim temama. Jedna od njih bila je i njegov dolazak na proslavu 65. ro\u0111endana&nbsp;Dragana \u010covi\u0107a. Smatram da&nbsp;bo\u0161nja\u010dki politi\u010dari trebaju oti\u0107i na takav ro\u0111endan. To \u0161to je do\u0161ao gospodin Dodik i \u0161to je do\u0161lo do razmjene re\u010denica mene i njega pa smo [&hellip;]","og_url":"https:\/\/radioljubuski.ba\/index.php\/2021\/09\/17\/radoncic-covic-je-mene-posjetio-u-pritvoru-zasto-ja-njemu-ne-bih-otisao-na-rodendan\/","og_site_name":"RADIO LJUBU\u0160KI","article_publisher":"https:\/\/www.facebook.com\/Radiio-Ljubuski-1490835324566332","article_published_time":"2021-09-17T22:59:52+00:00","article_modified_time":"2021-09-17T22:59:53+00:00","og_image":[{"width":810,"height":583,"url":"https:\/\/radioljubuski.ba\/wp-content\/uploads\/2021\/09\/fahrudin-radoncic-birn.jpg","type":"image\/jpeg"}],"author":"Radio Ljubu\u0161ki","twitter_card":"summary_large_image","twitter_creator":"@radioljubuski","twitter_site":"@radioljubuski","twitter_misc":{"Napisao\/la":"Radio Ljubu\u0161ki","Procijenjeno vrijeme \u010ditanja":"1 minuta"},"schema":{"@context":"https:\/\/schema.org","@graph":[{"@type":"Article","@id":"https:\/\/radioljubuski.ba\/index.php\/2021\/09\/17\/radoncic-covic-je-mene-posjetio-u-pritvoru-zasto-ja-njemu-ne-bih-otisao-na-rodendan\/#article","isPartOf":{"@id":"https:\/\/radioljubuski.ba\/index.php\/2021\/09\/17\/radoncic-covic-je-mene-posjetio-u-pritvoru-zasto-ja-njemu-ne-bih-otisao-na-rodendan\/"},"author":{"name":"Radio Ljubu\u0161ki","@id":"https:\/\/radioljubuski.ba\/#\/schema\/person\/19fc700381a780f69665d7956c469e3b"},"headline":"Radon\u010di\u0107: \u010covi\u0107 je mene posjetio u pritvoru, za\u0161to ja njemu ne bih oti\u0161ao na ro\u0111endan?","datePublished":"2021-09-17T22:59:52+00:00","dateModified":"2021-09-17T22:59:53+00:00","mainEntityOfPage":{"@id":"https:\/\/radioljubuski.ba\/index.php\/2021\/09\/17\/radoncic-covic-je-mene-posjetio-u-pritvoru-zasto-ja-njemu-ne-bih-otisao-na-rodendan\/"},"wordCount":138,"publisher":{"@id":"https:\/\/radioljubuski.ba\/#organization"},"image":{"@id":"https:\/\/radioljubuski.ba\/index.php\/2021\/09\/17\/radoncic-covic-je-mene-posjetio-u-pritvoru-zasto-ja-njemu-ne-bih-otisao-na-rodendan\/#primaryimage"},"thumbnailUrl":"https:\/\/radioljubuski.ba\/wp-content\/uploads\/2021\/09\/fahrudin-radoncic-birn.jpg","articleSection":["BIH i regija"],"inLanguage":"hr"},{"@type":"WebPage","@id":"https:\/\/radioljubuski.ba\/index.php\/2021\/09\/17\/radoncic-covic-je-mene-posjetio-u-pritvoru-zasto-ja-njemu-ne-bih-otisao-na-rodendan\/","url":"https:\/\/radioljubuski.ba\/index.php\/2021\/09\/17\/radoncic-covic-je-mene-posjetio-u-pritvoru-zasto-ja-njemu-ne-bih-otisao-na-rodendan\/","name":"Radon\u010di\u0107: \u010covi\u0107 je mene posjetio u pritvoru, za\u0161to ja njemu ne bih oti\u0161ao na ro\u0111endan? - RADIO LJUBU\u0160KI","isPartOf":{"@id":"https:\/\/radioljubuski.ba\/#website"},"primaryImageOfPage":{"@id":"https:\/\/radioljubuski.ba\/index.php\/2021\/09\/17\/radoncic-covic-je-mene-posjetio-u-pritvoru-zasto-ja-njemu-ne-bih-otisao-na-rodendan\/#primaryimage"},"image":{"@id":"https:\/\/radioljubuski.ba\/index.php\/2021\/09\/17\/radoncic-covic-je-mene-posjetio-u-pritvoru-zasto-ja-njemu-ne-bih-otisao-na-rodendan\/#primaryimage"},"thumbnailUrl":"https:\/\/radioljubuski.ba\/wp-content\/uploads\/2021\/09\/fahrudin-radoncic-birn.jpg","datePublished":"2021-09-17T22:59:52+00:00","dateModified":"2021-09-17T22:59:53+00:00","breadcrumb":{"@id":"https:\/\/radioljubuski.ba\/index.php\/2021\/09\/17\/radoncic-covic-je-mene-posjetio-u-pritvoru-zasto-ja-njemu-ne-bih-otisao-na-rodendan\/#breadcrumb"},"inLanguage":"hr","potentialAction":[{"@type":"ReadAction","target":["https:\/\/radioljubuski.ba\/index.php\/2021\/09\/17\/radoncic-covic-je-mene-posjetio-u-pritvoru-zasto-ja-njemu-ne-bih-otisao-na-rodendan\/"]}]},{"@type":"ImageObject","inLanguage":"hr","@id":"https:\/\/radioljubuski.ba\/index.php\/2021\/09\/17\/radoncic-covic-je-mene-posjetio-u-pritvoru-zasto-ja-njemu-ne-bih-otisao-na-rodendan\/#primaryimage","url":"https:\/\/radioljubuski.ba\/wp-content\/uploads\/2021\/09\/fahrudin-radoncic-birn.jpg","contentUrl":"https:\/\/radioljubuski.ba\/wp-content\/uploads\/2021\/09\/fahrudin-radoncic-birn.jpg","width":810,"height":583},{"@type":"BreadcrumbList","@id":"https:\/\/radioljubuski.ba\/index.php\/2021\/09\/17\/radoncic-covic-je-mene-posjetio-u-pritvoru-zasto-ja-njemu-ne-bih-otisao-na-rodendan\/#breadcrumb","itemListElement":[{"@type":"ListItem","position":1,"name":"Po\u010detna stranica","item":"https:\/\/radioljubuski.ba\/"},{"@type":"ListItem","position":2,"name":"Radon\u010di\u0107: \u010covi\u0107 je mene posjetio u pritvoru, za\u0161to ja njemu ne bih oti\u0161ao na ro\u0111endan?"}]},{"@type":"WebSite","@id":"https:\/\/radioljubuski.ba\/#website","url":"https:\/\/radioljubuski.ba\/","name":"Radio Ljubu\u0161ki","description":"Sun\u010dana frekvencija Hercegovine","publisher":{"@id":"https:\/\/radioljubuski.ba\/#organization"},"potentialAction":[{"@type":"SearchAction","target":{"@type":"EntryPoint","urlTemplate":"https:\/\/radioljubuski.ba\/?s={search_term_string}"},"query-input":{"@type":"PropertyValueSpecification","valueRequired":true,"valueName":"search_term_string"}}],"inLanguage":"hr"},{"@type":"Organization","@id":"https:\/\/radioljubuski.ba\/#organization","name":"Radio Ljubu\u0161ki","url":"https:\/\/radioljubuski.ba\/","logo":{"@type":"ImageObject","inLanguage":"hr","@id":"https:\/\/radioljubuski.ba\/#\/schema\/logo\/image\/","url":"https:\/\/radioljubuski.ba\/wp-content\/uploads\/2021\/02\/cropped-Radio_Ljubuski_logo1.jpg","contentUrl":"https:\/\/radioljubuski.ba\/wp-content\/uploads\/2021\/02\/cropped-Radio_Ljubuski_logo1.jpg","width":512,"height":512,"caption":"Radio Ljubu\u0161ki"},"image":{"@id":"https:\/\/radioljubuski.ba\/#\/schema\/logo\/image\/"},"sameAs":["https:\/\/www.facebook.com\/Radiio-Ljubuski-1490835324566332","https:\/\/x.com\/radioljubuski","https:\/\/hr.linkedin.com\/company\/radio-ljubuski","https:\/\/www.youtube.com\/channel\/UCHYaeO_n0Db3tjNGudGpXyw"]},{"@type":"Person","@id":"https:\/\/radioljubuski.ba\/#\/schema\/person\/19fc700381a780f69665d7956c469e3b","name":"Radio Ljubu\u0161ki"}]}},"_links":{"self":[{"href":"https:\/\/radioljubuski.ba\/index.php\/wp-json\/wp\/v2\/posts\/64921","targetHints":{"allow":["GET"]}}],"collection":[{"href":"https:\/\/radioljubuski.ba\/index.php\/wp-json\/wp\/v2\/posts"}],"about":[{"href":"https:\/\/radioljubuski.ba\/index.php\/wp-json\/wp\/v2\/types\/post"}],"author":[{"embeddable":true,"href":"https:\/\/radioljubuski.ba\/index.php\/wp-json\/wp\/v2\/users\/2"}],"replies":[{"embeddable":true,"href":"https:\/\/radioljubuski.ba\/index.php\/wp-json\/wp\/v2\/comments?post=64921"}],"version-history":[{"count":1,"href":"https:\/\/radioljubuski.ba\/index.php\/wp-json\/wp\/v2\/posts\/64921\/revisions"}],"predecessor-version":[{"id":64923,"href":"https:\/\/radioljubuski.ba\/index.php\/wp-json\/wp\/v2\/posts\/64921\/revisions\/64923"}],"wp:featuredmedia":[{"embeddable":true,"href":"https:\/\/radioljubuski.ba\/index.php\/wp-json\/wp\/v2\/media\/64922"}],"wp:attachment":[{"href":"https:\/\/radioljubuski.ba\/index.php\/wp-json\/wp\/v2\/media?parent=64921"}],"wp:term":[{"taxonomy":"category","embeddable":true,"href":"https:\/\/radioljubuski.ba\/index.php\/wp-json\/wp\/v2\/categories?post=64921"},{"taxonomy":"post_tag","embeddable":true,"href":"https:\/\/radioljubuski.ba\/index.php\/wp-json\/wp\/v2\/tags?post=64921"}],"curies":[{"name":"wp","href":"https:\/\/api.w.org\/{rel}","templated":true}]}}