{"id":64932,"date":"2021-09-18T00:03:20","date_gmt":"2021-09-17T23:03:20","guid":{"rendered":"https:\/\/radioljubuski.ba\/?p=64932"},"modified":"2021-09-18T00:03:20","modified_gmt":"2021-09-17T23:03:20","slug":"biokovo-i-imotska-jezera-postat-ce-treci-hrvatski-geopark","status":"publish","type":"post","link":"https:\/\/radioljubuski.ba\/index.php\/2021\/09\/18\/biokovo-i-imotska-jezera-postat-ce-treci-hrvatski-geopark\/","title":{"rendered":"Biokovo i imotska jezera postat \u0107e tre\u0107i hrvatski Geopark"},"content":{"rendered":"\n<p>Biokovo i imotska jezera postat \u0107e tre\u0107i hrvatski Geopark pod za\u0161titom Unesca, daju li dvojica Unescovih ocjenjiva\u010da Ferran Climent Costa iz \u0160panjolske i Hans Hartmut Escher iz Njema\u010dke, &nbsp;koji su ovoga tjedna boravili na makarskom i imotskom podru\u010dju, pozitivno mi\u0161ljenje o na\u0161oj kandidaturi.<\/p>\n\n\n\n<p>Escher je objasnio kako \u0107e tijekom listopada napisati izvje\u0161taj temeljem kojega \u0107e Unesco donijeti odluku, za koju o\u010dekuje kako \u0107e biti objavljena u travnju 2022. godine. Unesco mo\u017ee prihvatiti kandidaturu, tra\u017eiti dopunu ili je odbiti. Iako ne smiju re\u0107i svoj kona\u010dni sud, niti iznositi dojmove, sude\u0107i po njihovim reakcijama, za o\u010dekivati je da se Biokovo i imotska jezera priklju\u010de Papuku i Vi\u0161kom akvatoriju, za sada jedinim Unescovim Geoparkovima u Hrvatskoj.<\/p>\n\n\n\n<p>&#8211; Te\u0161ko je izdvojiti \u0161to me se najvi\u0161e dojmilo od svega \u0161to smo vidjeli, ali prije svega istaknuo bih kako me odu\u0161evila ljubaznost ovda\u0161njih ljudi kao i zaposlenika Parka prirode Biokovo. Te\u0161ko je izdvojiti jedno mjesto ovog iznimno va\u017enog geolo\u0161kog podru\u010dja koje obiluje s toliko razli\u010ditosti \u2013 rekao je Ferran Climent Costa iz \u0160panjolske. Povr\u0161ina Geoparka iznosi 431 kilometra kvadratna, na kojem \u017eivi izme\u0111u 25.000 i 30.000 stanovnika, a obuhva\u0107a Imotski, kao najve\u0107i grad i 13 op\u0107ina. Dogovoreno je kako \u0107e sjedi\u0161te Geoparka biti u Imotskom. Mario \u0160iljeg, dr\u017eavni tajnik u Ministarstvu gospodarstva i odr\u017eivog razvoja te predsjednik Upravnog vije\u0107a Parka prirode Biokovo istaknuo je brojne prednosti progla\u0161enja Unescovog geoparka.<\/p>\n\n\n\n<p>&#8211; Turisti ciljano dolaze u podru\u010dja pod Unescovom za\u0161titom, za to imamo primjer na\u0161ih Plitvi\u010dkih jezera. Zato o\u010dekujem da \u0107e progla\u0161enje Geoparka Biokovo \u2013 imotska jezera doprinijeti atraktivnosti podru\u010dja i sna\u017enom razvoju lokalne zajednice, razvoj OPG-ova i ostalih aktivnosti \u2013 rekao je \u0160iljeg za Ve\u010dernji list. Ksenija Protrka iz PP Biokovo iznijela je kronologiju aktivnosti tijekom 3,5 godine koliko se priprema kandidatura. &nbsp;<\/p>\n\n\n\n<p>Provedena su geolo\u0161ka istra\u017eivanja, kartiranje, izgradnja staza, ozna\u010davanje, tiskanje publikacije. Ivana \u0106apin, direktorica Geoparka nabrojala je najatraktivnije lokacije na koje su vodili goste: od Sky walka, preko vrha Svetog Jure do Modrog jezera, Crvenog jezera, a na izvoru Kr\u010devac vidjeli su \u010dovje\u010dju ribicu. Ku\u0161ali su biokovski med i pili \u010daj od ljekovitih biokovskih trava.<\/p>\n\n\n\n<p>Izvor:vecerrnji.ba<\/p>\n","protected":false},"excerpt":{"rendered":"<p>Biokovo i imotska jezera postat \u0107e tre\u0107i hrvatski Geopark pod za\u0161titom Unesca, daju li dvojica Unescovih ocjenjiva\u010da Ferran Climent Costa iz \u0160panjolske i Hans Hartmut Escher iz Njema\u010dke, &nbsp;koji su ovoga tjedna boravili na makarskom i imotskom podru\u010dju, pozitivno mi\u0161ljenje o na\u0161oj kandidaturi. Escher je objasnio kako \u0107e tijekom listopada napisati izvje\u0161taj temeljem kojega \u0107e [&hellip;]<\/p>\n","protected":false},"author":2,"featured_media":64933,"comment_status":"closed","ping_status":"closed","sticky":false,"template":"","format":"standard","meta":{"h5ap_radio_sources":[],"footnotes":""},"categories":[1],"tags":[],"class_list":["post-64932","post","type-post","status-publish","format-standard","has-post-thumbnail","hentry","category-bihiregija"],"yoast_head":"<!-- This site is optimized with the Yoast SEO plugin v27.4 - https:\/\/yoast.com\/product\/yoast-seo-wordpress\/ -->\n<title>Biokovo i imotska jezera postat \u0107e tre\u0107i hrvatski Geopark - RADIO LJUBU\u0160KI<\/title>\n<meta name=\"robots\" content=\"index, follow, max-snippet:-1, max-image-preview:large, max-video-preview:-1\" \/>\n<link rel=\"canonical\" href=\"https:\/\/radioljubuski.ba\/index.php\/2021\/09\/18\/biokovo-i-imotska-jezera-postat-ce-treci-hrvatski-geopark\/\" \/>\n<meta property=\"og:locale\" content=\"hr_HR\" \/>\n<meta property=\"og:type\" content=\"article\" \/>\n<meta property=\"og:title\" content=\"Biokovo i imotska jezera postat \u0107e tre\u0107i hrvatski Geopark - RADIO LJUBU\u0160KI\" \/>\n<meta property=\"og:description\" content=\"Biokovo i imotska jezera postat \u0107e tre\u0107i hrvatski Geopark pod za\u0161titom Unesca, daju li dvojica Unescovih ocjenjiva\u010da Ferran Climent Costa iz \u0160panjolske i Hans Hartmut Escher iz Njema\u010dke, &nbsp;koji su ovoga tjedna boravili na makarskom i imotskom podru\u010dju, pozitivno mi\u0161ljenje o na\u0161oj kandidaturi. Escher je objasnio kako \u0107e tijekom listopada napisati izvje\u0161taj temeljem kojega \u0107e [&hellip;]\" \/>\n<meta property=\"og:url\" content=\"https:\/\/radioljubuski.ba\/index.php\/2021\/09\/18\/biokovo-i-imotska-jezera-postat-ce-treci-hrvatski-geopark\/\" \/>\n<meta property=\"og:site_name\" content=\"RADIO LJUBU\u0160KI\" \/>\n<meta property=\"article:publisher\" content=\"https:\/\/www.facebook.com\/Radiio-Ljubuski-1490835324566332\" \/>\n<meta property=\"article:published_time\" content=\"2021-09-17T23:03:20+00:00\" \/>\n<meta property=\"og:image\" content=\"https:\/\/radioljubuski.ba\/wp-content\/uploads\/2021\/09\/9-2021-09-17-18-51-52-imot.png\" \/>\n\t<meta property=\"og:image:width\" content=\"1000\" \/>\n\t<meta property=\"og:image:height\" content=\"625\" \/>\n\t<meta property=\"og:image:type\" content=\"image\/png\" \/>\n<meta name=\"author\" content=\"Radio Ljubu\u0161ki\" \/>\n<meta name=\"twitter:card\" content=\"summary_large_image\" \/>\n<meta name=\"twitter:creator\" content=\"@radioljubuski\" \/>\n<meta name=\"twitter:site\" content=\"@radioljubuski\" \/>\n<meta name=\"twitter:label1\" content=\"Napisao\/la\" \/>\n\t<meta name=\"twitter:data1\" content=\"Radio Ljubu\u0161ki\" \/>\n\t<meta name=\"twitter:label2\" content=\"Procijenjeno vrijeme \u010ditanja\" \/>\n\t<meta name=\"twitter:data2\" content=\"2 minute\" \/>\n<script type=\"application\/ld+json\" class=\"yoast-schema-graph\">{\"@context\":\"https:\\\/\\\/schema.org\",\"@graph\":[{\"@type\":\"Article\",\"@id\":\"https:\\\/\\\/radioljubuski.ba\\\/index.php\\\/2021\\\/09\\\/18\\\/biokovo-i-imotska-jezera-postat-ce-treci-hrvatski-geopark\\\/#article\",\"isPartOf\":{\"@id\":\"https:\\\/\\\/radioljubuski.ba\\\/index.php\\\/2021\\\/09\\\/18\\\/biokovo-i-imotska-jezera-postat-ce-treci-hrvatski-geopark\\\/\"},\"author\":{\"name\":\"Radio Ljubu\u0161ki\",\"@id\":\"https:\\\/\\\/radioljubuski.ba\\\/#\\\/schema\\\/person\\\/19fc700381a780f69665d7956c469e3b\"},\"headline\":\"Biokovo i imotska jezera postat \u0107e tre\u0107i hrvatski Geopark\",\"datePublished\":\"2021-09-17T23:03:20+00:00\",\"mainEntityOfPage\":{\"@id\":\"https:\\\/\\\/radioljubuski.ba\\\/index.php\\\/2021\\\/09\\\/18\\\/biokovo-i-imotska-jezera-postat-ce-treci-hrvatski-geopark\\\/\"},\"wordCount\":396,\"publisher\":{\"@id\":\"https:\\\/\\\/radioljubuski.ba\\\/#organization\"},\"image\":{\"@id\":\"https:\\\/\\\/radioljubuski.ba\\\/index.php\\\/2021\\\/09\\\/18\\\/biokovo-i-imotska-jezera-postat-ce-treci-hrvatski-geopark\\\/#primaryimage\"},\"thumbnailUrl\":\"https:\\\/\\\/radioljubuski.ba\\\/wp-content\\\/uploads\\\/2021\\\/09\\\/9-2021-09-17-18-51-52-imot.png\",\"articleSection\":[\"BIH i regija\"],\"inLanguage\":\"hr\"},{\"@type\":\"WebPage\",\"@id\":\"https:\\\/\\\/radioljubuski.ba\\\/index.php\\\/2021\\\/09\\\/18\\\/biokovo-i-imotska-jezera-postat-ce-treci-hrvatski-geopark\\\/\",\"url\":\"https:\\\/\\\/radioljubuski.ba\\\/index.php\\\/2021\\\/09\\\/18\\\/biokovo-i-imotska-jezera-postat-ce-treci-hrvatski-geopark\\\/\",\"name\":\"Biokovo i imotska jezera postat \u0107e tre\u0107i hrvatski Geopark - RADIO LJUBU\u0160KI\",\"isPartOf\":{\"@id\":\"https:\\\/\\\/radioljubuski.ba\\\/#website\"},\"primaryImageOfPage\":{\"@id\":\"https:\\\/\\\/radioljubuski.ba\\\/index.php\\\/2021\\\/09\\\/18\\\/biokovo-i-imotska-jezera-postat-ce-treci-hrvatski-geopark\\\/#primaryimage\"},\"image\":{\"@id\":\"https:\\\/\\\/radioljubuski.ba\\\/index.php\\\/2021\\\/09\\\/18\\\/biokovo-i-imotska-jezera-postat-ce-treci-hrvatski-geopark\\\/#primaryimage\"},\"thumbnailUrl\":\"https:\\\/\\\/radioljubuski.ba\\\/wp-content\\\/uploads\\\/2021\\\/09\\\/9-2021-09-17-18-51-52-imot.png\",\"datePublished\":\"2021-09-17T23:03:20+00:00\",\"breadcrumb\":{\"@id\":\"https:\\\/\\\/radioljubuski.ba\\\/index.php\\\/2021\\\/09\\\/18\\\/biokovo-i-imotska-jezera-postat-ce-treci-hrvatski-geopark\\\/#breadcrumb\"},\"inLanguage\":\"hr\",\"potentialAction\":[{\"@type\":\"ReadAction\",\"target\":[\"https:\\\/\\\/radioljubuski.ba\\\/index.php\\\/2021\\\/09\\\/18\\\/biokovo-i-imotska-jezera-postat-ce-treci-hrvatski-geopark\\\/\"]}]},{\"@type\":\"ImageObject\",\"inLanguage\":\"hr\",\"@id\":\"https:\\\/\\\/radioljubuski.ba\\\/index.php\\\/2021\\\/09\\\/18\\\/biokovo-i-imotska-jezera-postat-ce-treci-hrvatski-geopark\\\/#primaryimage\",\"url\":\"https:\\\/\\\/radioljubuski.ba\\\/wp-content\\\/uploads\\\/2021\\\/09\\\/9-2021-09-17-18-51-52-imot.png\",\"contentUrl\":\"https:\\\/\\\/radioljubuski.ba\\\/wp-content\\\/uploads\\\/2021\\\/09\\\/9-2021-09-17-18-51-52-imot.png\",\"width\":1000,\"height\":625},{\"@type\":\"BreadcrumbList\",\"@id\":\"https:\\\/\\\/radioljubuski.ba\\\/index.php\\\/2021\\\/09\\\/18\\\/biokovo-i-imotska-jezera-postat-ce-treci-hrvatski-geopark\\\/#breadcrumb\",\"itemListElement\":[{\"@type\":\"ListItem\",\"position\":1,\"name\":\"Po\u010detna stranica\",\"item\":\"https:\\\/\\\/radioljubuski.ba\\\/\"},{\"@type\":\"ListItem\",\"position\":2,\"name\":\"Biokovo i imotska jezera postat \u0107e tre\u0107i hrvatski Geopark\"}]},{\"@type\":\"WebSite\",\"@id\":\"https:\\\/\\\/radioljubuski.ba\\\/#website\",\"url\":\"https:\\\/\\\/radioljubuski.ba\\\/\",\"name\":\"Radio Ljubu\u0161ki\",\"description\":\"Sun\u010dana frekvencija Hercegovine\",\"publisher\":{\"@id\":\"https:\\\/\\\/radioljubuski.ba\\\/#organization\"},\"potentialAction\":[{\"@type\":\"SearchAction\",\"target\":{\"@type\":\"EntryPoint\",\"urlTemplate\":\"https:\\\/\\\/radioljubuski.ba\\\/?s={search_term_string}\"},\"query-input\":{\"@type\":\"PropertyValueSpecification\",\"valueRequired\":true,\"valueName\":\"search_term_string\"}}],\"inLanguage\":\"hr\"},{\"@type\":\"Organization\",\"@id\":\"https:\\\/\\\/radioljubuski.ba\\\/#organization\",\"name\":\"Radio Ljubu\u0161ki\",\"url\":\"https:\\\/\\\/radioljubuski.ba\\\/\",\"logo\":{\"@type\":\"ImageObject\",\"inLanguage\":\"hr\",\"@id\":\"https:\\\/\\\/radioljubuski.ba\\\/#\\\/schema\\\/logo\\\/image\\\/\",\"url\":\"https:\\\/\\\/radioljubuski.ba\\\/wp-content\\\/uploads\\\/2021\\\/02\\\/cropped-Radio_Ljubuski_logo1.jpg\",\"contentUrl\":\"https:\\\/\\\/radioljubuski.ba\\\/wp-content\\\/uploads\\\/2021\\\/02\\\/cropped-Radio_Ljubuski_logo1.jpg\",\"width\":512,\"height\":512,\"caption\":\"Radio Ljubu\u0161ki\"},\"image\":{\"@id\":\"https:\\\/\\\/radioljubuski.ba\\\/#\\\/schema\\\/logo\\\/image\\\/\"},\"sameAs\":[\"https:\\\/\\\/www.facebook.com\\\/Radiio-Ljubuski-1490835324566332\",\"https:\\\/\\\/x.com\\\/radioljubuski\",\"https:\\\/\\\/hr.linkedin.com\\\/company\\\/radio-ljubuski\",\"https:\\\/\\\/www.youtube.com\\\/channel\\\/UCHYaeO_n0Db3tjNGudGpXyw\"]},{\"@type\":\"Person\",\"@id\":\"https:\\\/\\\/radioljubuski.ba\\\/#\\\/schema\\\/person\\\/19fc700381a780f69665d7956c469e3b\",\"name\":\"Radio Ljubu\u0161ki\"}]}<\/script>\n<!-- \/ Yoast SEO plugin. -->","yoast_head_json":{"title":"Biokovo i imotska jezera postat \u0107e tre\u0107i hrvatski Geopark - RADIO LJUBU\u0160KI","robots":{"index":"index","follow":"follow","max-snippet":"max-snippet:-1","max-image-preview":"max-image-preview:large","max-video-preview":"max-video-preview:-1"},"canonical":"https:\/\/radioljubuski.ba\/index.php\/2021\/09\/18\/biokovo-i-imotska-jezera-postat-ce-treci-hrvatski-geopark\/","og_locale":"hr_HR","og_type":"article","og_title":"Biokovo i imotska jezera postat \u0107e tre\u0107i hrvatski Geopark - RADIO LJUBU\u0160KI","og_description":"Biokovo i imotska jezera postat \u0107e tre\u0107i hrvatski Geopark pod za\u0161titom Unesca, daju li dvojica Unescovih ocjenjiva\u010da Ferran Climent Costa iz \u0160panjolske i Hans Hartmut Escher iz Njema\u010dke, &nbsp;koji su ovoga tjedna boravili na makarskom i imotskom podru\u010dju, pozitivno mi\u0161ljenje o na\u0161oj kandidaturi. Escher je objasnio kako \u0107e tijekom listopada napisati izvje\u0161taj temeljem kojega \u0107e [&hellip;]","og_url":"https:\/\/radioljubuski.ba\/index.php\/2021\/09\/18\/biokovo-i-imotska-jezera-postat-ce-treci-hrvatski-geopark\/","og_site_name":"RADIO LJUBU\u0160KI","article_publisher":"https:\/\/www.facebook.com\/Radiio-Ljubuski-1490835324566332","article_published_time":"2021-09-17T23:03:20+00:00","og_image":[{"width":1000,"height":625,"url":"https:\/\/radioljubuski.ba\/wp-content\/uploads\/2021\/09\/9-2021-09-17-18-51-52-imot.png","type":"image\/png"}],"author":"Radio Ljubu\u0161ki","twitter_card":"summary_large_image","twitter_creator":"@radioljubuski","twitter_site":"@radioljubuski","twitter_misc":{"Napisao\/la":"Radio Ljubu\u0161ki","Procijenjeno vrijeme \u010ditanja":"2 minute"},"schema":{"@context":"https:\/\/schema.org","@graph":[{"@type":"Article","@id":"https:\/\/radioljubuski.ba\/index.php\/2021\/09\/18\/biokovo-i-imotska-jezera-postat-ce-treci-hrvatski-geopark\/#article","isPartOf":{"@id":"https:\/\/radioljubuski.ba\/index.php\/2021\/09\/18\/biokovo-i-imotska-jezera-postat-ce-treci-hrvatski-geopark\/"},"author":{"name":"Radio Ljubu\u0161ki","@id":"https:\/\/radioljubuski.ba\/#\/schema\/person\/19fc700381a780f69665d7956c469e3b"},"headline":"Biokovo i imotska jezera postat \u0107e tre\u0107i hrvatski Geopark","datePublished":"2021-09-17T23:03:20+00:00","mainEntityOfPage":{"@id":"https:\/\/radioljubuski.ba\/index.php\/2021\/09\/18\/biokovo-i-imotska-jezera-postat-ce-treci-hrvatski-geopark\/"},"wordCount":396,"publisher":{"@id":"https:\/\/radioljubuski.ba\/#organization"},"image":{"@id":"https:\/\/radioljubuski.ba\/index.php\/2021\/09\/18\/biokovo-i-imotska-jezera-postat-ce-treci-hrvatski-geopark\/#primaryimage"},"thumbnailUrl":"https:\/\/radioljubuski.ba\/wp-content\/uploads\/2021\/09\/9-2021-09-17-18-51-52-imot.png","articleSection":["BIH i regija"],"inLanguage":"hr"},{"@type":"WebPage","@id":"https:\/\/radioljubuski.ba\/index.php\/2021\/09\/18\/biokovo-i-imotska-jezera-postat-ce-treci-hrvatski-geopark\/","url":"https:\/\/radioljubuski.ba\/index.php\/2021\/09\/18\/biokovo-i-imotska-jezera-postat-ce-treci-hrvatski-geopark\/","name":"Biokovo i imotska jezera postat \u0107e tre\u0107i hrvatski Geopark - RADIO LJUBU\u0160KI","isPartOf":{"@id":"https:\/\/radioljubuski.ba\/#website"},"primaryImageOfPage":{"@id":"https:\/\/radioljubuski.ba\/index.php\/2021\/09\/18\/biokovo-i-imotska-jezera-postat-ce-treci-hrvatski-geopark\/#primaryimage"},"image":{"@id":"https:\/\/radioljubuski.ba\/index.php\/2021\/09\/18\/biokovo-i-imotska-jezera-postat-ce-treci-hrvatski-geopark\/#primaryimage"},"thumbnailUrl":"https:\/\/radioljubuski.ba\/wp-content\/uploads\/2021\/09\/9-2021-09-17-18-51-52-imot.png","datePublished":"2021-09-17T23:03:20+00:00","breadcrumb":{"@id":"https:\/\/radioljubuski.ba\/index.php\/2021\/09\/18\/biokovo-i-imotska-jezera-postat-ce-treci-hrvatski-geopark\/#breadcrumb"},"inLanguage":"hr","potentialAction":[{"@type":"ReadAction","target":["https:\/\/radioljubuski.ba\/index.php\/2021\/09\/18\/biokovo-i-imotska-jezera-postat-ce-treci-hrvatski-geopark\/"]}]},{"@type":"ImageObject","inLanguage":"hr","@id":"https:\/\/radioljubuski.ba\/index.php\/2021\/09\/18\/biokovo-i-imotska-jezera-postat-ce-treci-hrvatski-geopark\/#primaryimage","url":"https:\/\/radioljubuski.ba\/wp-content\/uploads\/2021\/09\/9-2021-09-17-18-51-52-imot.png","contentUrl":"https:\/\/radioljubuski.ba\/wp-content\/uploads\/2021\/09\/9-2021-09-17-18-51-52-imot.png","width":1000,"height":625},{"@type":"BreadcrumbList","@id":"https:\/\/radioljubuski.ba\/index.php\/2021\/09\/18\/biokovo-i-imotska-jezera-postat-ce-treci-hrvatski-geopark\/#breadcrumb","itemListElement":[{"@type":"ListItem","position":1,"name":"Po\u010detna stranica","item":"https:\/\/radioljubuski.ba\/"},{"@type":"ListItem","position":2,"name":"Biokovo i imotska jezera postat \u0107e tre\u0107i hrvatski Geopark"}]},{"@type":"WebSite","@id":"https:\/\/radioljubuski.ba\/#website","url":"https:\/\/radioljubuski.ba\/","name":"Radio Ljubu\u0161ki","description":"Sun\u010dana frekvencija Hercegovine","publisher":{"@id":"https:\/\/radioljubuski.ba\/#organization"},"potentialAction":[{"@type":"SearchAction","target":{"@type":"EntryPoint","urlTemplate":"https:\/\/radioljubuski.ba\/?s={search_term_string}"},"query-input":{"@type":"PropertyValueSpecification","valueRequired":true,"valueName":"search_term_string"}}],"inLanguage":"hr"},{"@type":"Organization","@id":"https:\/\/radioljubuski.ba\/#organization","name":"Radio Ljubu\u0161ki","url":"https:\/\/radioljubuski.ba\/","logo":{"@type":"ImageObject","inLanguage":"hr","@id":"https:\/\/radioljubuski.ba\/#\/schema\/logo\/image\/","url":"https:\/\/radioljubuski.ba\/wp-content\/uploads\/2021\/02\/cropped-Radio_Ljubuski_logo1.jpg","contentUrl":"https:\/\/radioljubuski.ba\/wp-content\/uploads\/2021\/02\/cropped-Radio_Ljubuski_logo1.jpg","width":512,"height":512,"caption":"Radio Ljubu\u0161ki"},"image":{"@id":"https:\/\/radioljubuski.ba\/#\/schema\/logo\/image\/"},"sameAs":["https:\/\/www.facebook.com\/Radiio-Ljubuski-1490835324566332","https:\/\/x.com\/radioljubuski","https:\/\/hr.linkedin.com\/company\/radio-ljubuski","https:\/\/www.youtube.com\/channel\/UCHYaeO_n0Db3tjNGudGpXyw"]},{"@type":"Person","@id":"https:\/\/radioljubuski.ba\/#\/schema\/person\/19fc700381a780f69665d7956c469e3b","name":"Radio Ljubu\u0161ki"}]}},"_links":{"self":[{"href":"https:\/\/radioljubuski.ba\/index.php\/wp-json\/wp\/v2\/posts\/64932","targetHints":{"allow":["GET"]}}],"collection":[{"href":"https:\/\/radioljubuski.ba\/index.php\/wp-json\/wp\/v2\/posts"}],"about":[{"href":"https:\/\/radioljubuski.ba\/index.php\/wp-json\/wp\/v2\/types\/post"}],"author":[{"embeddable":true,"href":"https:\/\/radioljubuski.ba\/index.php\/wp-json\/wp\/v2\/users\/2"}],"replies":[{"embeddable":true,"href":"https:\/\/radioljubuski.ba\/index.php\/wp-json\/wp\/v2\/comments?post=64932"}],"version-history":[{"count":1,"href":"https:\/\/radioljubuski.ba\/index.php\/wp-json\/wp\/v2\/posts\/64932\/revisions"}],"predecessor-version":[{"id":64935,"href":"https:\/\/radioljubuski.ba\/index.php\/wp-json\/wp\/v2\/posts\/64932\/revisions\/64935"}],"wp:featuredmedia":[{"embeddable":true,"href":"https:\/\/radioljubuski.ba\/index.php\/wp-json\/wp\/v2\/media\/64933"}],"wp:attachment":[{"href":"https:\/\/radioljubuski.ba\/index.php\/wp-json\/wp\/v2\/media?parent=64932"}],"wp:term":[{"taxonomy":"category","embeddable":true,"href":"https:\/\/radioljubuski.ba\/index.php\/wp-json\/wp\/v2\/categories?post=64932"},{"taxonomy":"post_tag","embeddable":true,"href":"https:\/\/radioljubuski.ba\/index.php\/wp-json\/wp\/v2\/tags?post=64932"}],"curies":[{"name":"wp","href":"https:\/\/api.w.org\/{rel}","templated":true}]}}