{"id":64947,"date":"2021-09-18T00:07:41","date_gmt":"2021-09-17T23:07:41","guid":{"rendered":"https:\/\/radioljubuski.ba\/?p=64947"},"modified":"2021-09-18T00:07:42","modified_gmt":"2021-09-17T23:07:42","slug":"mostarci-uzivali-u-zajednickom-koncertu-nacionalnih-kulturnih-drustava","status":"publish","type":"post","link":"https:\/\/radioljubuski.ba\/index.php\/2021\/09\/18\/mostarci-uzivali-u-zajednickom-koncertu-nacionalnih-kulturnih-drustava\/","title":{"rendered":"Mostarci u\u017eivali u zajedni\u010dkom koncertu nacionalnih kulturnih dru\u0161tava"},"content":{"rendered":"\n<p>Zajedni\u010dki koncert \u010detiri nacionalna kulturna dru\u0161tava pod nazivom &#8220;Suzvu\u010dja\/Sazvu\u010dja&#8221; odr\u017ean je u petak u Hrvatskom domu &#8220;Herceg Stjepan Kosa\u010da&#8221; u Mostaru.<\/p>\n\n\n\n<p>Koncert je jedan od projekata Me\u0111ukulturnog vije\u0107a BiH, koje je osnovano na temelju sporazuma o saradnji \u010detiri temeljne organizacije kulture naroda BiH, i to BZK &#8220;Preporod&#8221;, HKD &#8220;Napredak&#8221;, SPKD &#8220;Prosvjeta&#8221; i JKPHD &#8220;La Benevolencija&#8221;.<\/p>\n\n\n\n<p>Tako su ispred &#8216;Preporoda&#8217; nastupili &#8220;D\u017eenana&amp;D\u017eenana&#8221;, duo koji \u010dine sopranistica D\u017eenana Huseinagi\u0107 i pijanistica D\u017eenana \u0160ehanovi\u0107 Sarajli\u0107, ispred &#8216;Napretka&#8217; trio &#8220;Senso&#8221; koji \u010dine mezzosopranistica prof. Monija Jarak Mikuli\u0107, prof. Marijana Pavlovi\u0107, glasovir i prof. Jelena Markovi\u0107-Mili\u0107evi\u0107, violon\u010delo, ispred L&#8217;a Benevolencije&#8217; &#8220;Zorana&amp;\u0119thno orchestra&#8221; i etno grupa &#8220;Sv. Dimitrije&#8221; ispred &#8216;Prosvjete&#8217;.<\/p>\n\n\n\n<p>Gradona\u010delnik Mostara Mario Kordi\u0107 koji je tako\u0111er prisustvovao koncertu naglasio je kako je njegovo odr\u017eavanje prezna\u010dajno i prebitno za Grad Mostar.<\/p>\n\n\n\n<p>&#8211; Prezna\u010dajno, prebitno i ustvari jedino normalno \u0161to se mo\u017ee de\u0161avati u Mostaru a to je da su nas \u010detiri nacionalna dru\u0161tva po\u010dastila jednim koncertom, kulturnim doga\u0111anjem upravo na tragu onoga kako mi danas funkcioniramo u Gradskom vije\u0107u, a to je uva\u017eavanje drugog i uva\u017eavanja i razli\u010ditosti izme\u0111u svih nas &#8211; kazao je Kordi\u0107 u izjavi za medije uo\u010di koncerta.<\/p>\n\n\n\n<p>Naglasio je kako je ovaj koncert na tragu ne\u010dega u \u0161to apsolutno vjeruje, a to je da jedni s drugima mo\u017eemo \u017eivjeti, ali da se moramo me\u0111usobno uva\u017eavati.<\/p>\n\n\n\n<p>&#8211; Ovaj koncert je negdje na tragu te nekakve politi\u010dke agende, odnosno, ne\u010dega u \u0161to ja apsolutno vjerujem, da mi mo\u017eemo jedni s drugima \u017eivjeti zajedno ali moramo jedni druge uva\u017eavati. Ono \u0161to mi je va\u017eno to je da prenesemo poruku da u ovom momentu, evo kako se u Mostaru sad de\u0161ava, niti jedan narod nije ugro\u017een od drugoga zahvaljuju\u0107i izbornom zakonu u Gradu Mostaru koji garantira ravnopravnost svih dionika politi\u010dkog \u017eivota u gradu i da upravo na ovom fonu mo\u017ee i \u010ditava BiH funkcionirati, da se po\u0161tuju razli\u010ditosti i da se ostvare prava svakog pojedinca u BiH i svake nacionalne zajednice &#8211; ocijenio je Kordi\u0107.&nbsp;<\/p>\n\n\n\n<p>Izvor:pogled.ba<\/p>\n","protected":false},"excerpt":{"rendered":"<p>Zajedni\u010dki koncert \u010detiri nacionalna kulturna dru\u0161tava pod nazivom &#8220;Suzvu\u010dja\/Sazvu\u010dja&#8221; odr\u017ean je u petak u Hrvatskom domu &#8220;Herceg Stjepan Kosa\u010da&#8221; u Mostaru. Koncert je jedan od projekata Me\u0111ukulturnog vije\u0107a BiH, koje je osnovano na temelju sporazuma o saradnji \u010detiri temeljne organizacije kulture naroda BiH, i to BZK &#8220;Preporod&#8221;, HKD &#8220;Napredak&#8221;, SPKD &#8220;Prosvjeta&#8221; i JKPHD &#8220;La Benevolencija&#8221;. [&hellip;]<\/p>\n","protected":false},"author":2,"featured_media":64948,"comment_status":"closed","ping_status":"closed","sticky":false,"template":"","format":"standard","meta":{"h5ap_radio_sources":[],"footnotes":""},"categories":[1],"tags":[],"class_list":["post-64947","post","type-post","status-publish","format-standard","has-post-thumbnail","hentry","category-bihiregija"],"yoast_head":"<!-- This site is optimized with the Yoast SEO plugin v27.4 - https:\/\/yoast.com\/product\/yoast-seo-wordpress\/ -->\n<title>Mostarci u\u017eivali u zajedni\u010dkom koncertu nacionalnih kulturnih dru\u0161tava - RADIO LJUBU\u0160KI<\/title>\n<meta name=\"robots\" content=\"index, follow, max-snippet:-1, max-image-preview:large, max-video-preview:-1\" \/>\n<link rel=\"canonical\" href=\"https:\/\/radioljubuski.ba\/index.php\/2021\/09\/18\/mostarci-uzivali-u-zajednickom-koncertu-nacionalnih-kulturnih-drustava\/\" \/>\n<meta property=\"og:locale\" content=\"hr_HR\" \/>\n<meta property=\"og:type\" content=\"article\" \/>\n<meta property=\"og:title\" content=\"Mostarci u\u017eivali u zajedni\u010dkom koncertu nacionalnih kulturnih dru\u0161tava - RADIO LJUBU\u0160KI\" \/>\n<meta property=\"og:description\" content=\"Zajedni\u010dki koncert \u010detiri nacionalna kulturna dru\u0161tava pod nazivom &#8220;Suzvu\u010dja\/Sazvu\u010dja&#8221; odr\u017ean je u petak u Hrvatskom domu &#8220;Herceg Stjepan Kosa\u010da&#8221; u Mostaru. Koncert je jedan od projekata Me\u0111ukulturnog vije\u0107a BiH, koje je osnovano na temelju sporazuma o saradnji \u010detiri temeljne organizacije kulture naroda BiH, i to BZK &#8220;Preporod&#8221;, HKD &#8220;Napredak&#8221;, SPKD &#8220;Prosvjeta&#8221; i JKPHD &#8220;La Benevolencija&#8221;. [&hellip;]\" \/>\n<meta property=\"og:url\" content=\"https:\/\/radioljubuski.ba\/index.php\/2021\/09\/18\/mostarci-uzivali-u-zajednickom-koncertu-nacionalnih-kulturnih-drustava\/\" \/>\n<meta property=\"og:site_name\" content=\"RADIO LJUBU\u0160KI\" \/>\n<meta property=\"article:publisher\" content=\"https:\/\/www.facebook.com\/Radiio-Ljubuski-1490835324566332\" \/>\n<meta property=\"article:published_time\" content=\"2021-09-17T23:07:41+00:00\" \/>\n<meta property=\"article:modified_time\" content=\"2021-09-17T23:07:42+00:00\" \/>\n<meta property=\"og:image\" content=\"https:\/\/radioljubuski.ba\/wp-content\/uploads\/2021\/09\/9-2021-09-17-20-17-48-mostarrr.jpg\" \/>\n\t<meta property=\"og:image:width\" content=\"1000\" \/>\n\t<meta property=\"og:image:height\" content=\"625\" \/>\n\t<meta property=\"og:image:type\" content=\"image\/jpeg\" \/>\n<meta name=\"author\" content=\"Radio Ljubu\u0161ki\" \/>\n<meta name=\"twitter:card\" content=\"summary_large_image\" \/>\n<meta name=\"twitter:creator\" content=\"@radioljubuski\" \/>\n<meta name=\"twitter:site\" content=\"@radioljubuski\" \/>\n<meta name=\"twitter:label1\" content=\"Napisao\/la\" \/>\n\t<meta name=\"twitter:data1\" content=\"Radio Ljubu\u0161ki\" \/>\n\t<meta name=\"twitter:label2\" content=\"Procijenjeno vrijeme \u010ditanja\" \/>\n\t<meta name=\"twitter:data2\" content=\"2 minute\" \/>\n<script type=\"application\/ld+json\" class=\"yoast-schema-graph\">{\"@context\":\"https:\\\/\\\/schema.org\",\"@graph\":[{\"@type\":\"Article\",\"@id\":\"https:\\\/\\\/radioljubuski.ba\\\/index.php\\\/2021\\\/09\\\/18\\\/mostarci-uzivali-u-zajednickom-koncertu-nacionalnih-kulturnih-drustava\\\/#article\",\"isPartOf\":{\"@id\":\"https:\\\/\\\/radioljubuski.ba\\\/index.php\\\/2021\\\/09\\\/18\\\/mostarci-uzivali-u-zajednickom-koncertu-nacionalnih-kulturnih-drustava\\\/\"},\"author\":{\"name\":\"Radio Ljubu\u0161ki\",\"@id\":\"https:\\\/\\\/radioljubuski.ba\\\/#\\\/schema\\\/person\\\/19fc700381a780f69665d7956c469e3b\"},\"headline\":\"Mostarci u\u017eivali u zajedni\u010dkom koncertu nacionalnih kulturnih dru\u0161tava\",\"datePublished\":\"2021-09-17T23:07:41+00:00\",\"dateModified\":\"2021-09-17T23:07:42+00:00\",\"mainEntityOfPage\":{\"@id\":\"https:\\\/\\\/radioljubuski.ba\\\/index.php\\\/2021\\\/09\\\/18\\\/mostarci-uzivali-u-zajednickom-koncertu-nacionalnih-kulturnih-drustava\\\/\"},\"wordCount\":387,\"publisher\":{\"@id\":\"https:\\\/\\\/radioljubuski.ba\\\/#organization\"},\"image\":{\"@id\":\"https:\\\/\\\/radioljubuski.ba\\\/index.php\\\/2021\\\/09\\\/18\\\/mostarci-uzivali-u-zajednickom-koncertu-nacionalnih-kulturnih-drustava\\\/#primaryimage\"},\"thumbnailUrl\":\"https:\\\/\\\/radioljubuski.ba\\\/wp-content\\\/uploads\\\/2021\\\/09\\\/9-2021-09-17-20-17-48-mostarrr.jpg\",\"articleSection\":[\"BIH i regija\"],\"inLanguage\":\"hr\"},{\"@type\":\"WebPage\",\"@id\":\"https:\\\/\\\/radioljubuski.ba\\\/index.php\\\/2021\\\/09\\\/18\\\/mostarci-uzivali-u-zajednickom-koncertu-nacionalnih-kulturnih-drustava\\\/\",\"url\":\"https:\\\/\\\/radioljubuski.ba\\\/index.php\\\/2021\\\/09\\\/18\\\/mostarci-uzivali-u-zajednickom-koncertu-nacionalnih-kulturnih-drustava\\\/\",\"name\":\"Mostarci u\u017eivali u zajedni\u010dkom koncertu nacionalnih kulturnih dru\u0161tava - RADIO LJUBU\u0160KI\",\"isPartOf\":{\"@id\":\"https:\\\/\\\/radioljubuski.ba\\\/#website\"},\"primaryImageOfPage\":{\"@id\":\"https:\\\/\\\/radioljubuski.ba\\\/index.php\\\/2021\\\/09\\\/18\\\/mostarci-uzivali-u-zajednickom-koncertu-nacionalnih-kulturnih-drustava\\\/#primaryimage\"},\"image\":{\"@id\":\"https:\\\/\\\/radioljubuski.ba\\\/index.php\\\/2021\\\/09\\\/18\\\/mostarci-uzivali-u-zajednickom-koncertu-nacionalnih-kulturnih-drustava\\\/#primaryimage\"},\"thumbnailUrl\":\"https:\\\/\\\/radioljubuski.ba\\\/wp-content\\\/uploads\\\/2021\\\/09\\\/9-2021-09-17-20-17-48-mostarrr.jpg\",\"datePublished\":\"2021-09-17T23:07:41+00:00\",\"dateModified\":\"2021-09-17T23:07:42+00:00\",\"breadcrumb\":{\"@id\":\"https:\\\/\\\/radioljubuski.ba\\\/index.php\\\/2021\\\/09\\\/18\\\/mostarci-uzivali-u-zajednickom-koncertu-nacionalnih-kulturnih-drustava\\\/#breadcrumb\"},\"inLanguage\":\"hr\",\"potentialAction\":[{\"@type\":\"ReadAction\",\"target\":[\"https:\\\/\\\/radioljubuski.ba\\\/index.php\\\/2021\\\/09\\\/18\\\/mostarci-uzivali-u-zajednickom-koncertu-nacionalnih-kulturnih-drustava\\\/\"]}]},{\"@type\":\"ImageObject\",\"inLanguage\":\"hr\",\"@id\":\"https:\\\/\\\/radioljubuski.ba\\\/index.php\\\/2021\\\/09\\\/18\\\/mostarci-uzivali-u-zajednickom-koncertu-nacionalnih-kulturnih-drustava\\\/#primaryimage\",\"url\":\"https:\\\/\\\/radioljubuski.ba\\\/wp-content\\\/uploads\\\/2021\\\/09\\\/9-2021-09-17-20-17-48-mostarrr.jpg\",\"contentUrl\":\"https:\\\/\\\/radioljubuski.ba\\\/wp-content\\\/uploads\\\/2021\\\/09\\\/9-2021-09-17-20-17-48-mostarrr.jpg\",\"width\":1000,\"height\":625},{\"@type\":\"BreadcrumbList\",\"@id\":\"https:\\\/\\\/radioljubuski.ba\\\/index.php\\\/2021\\\/09\\\/18\\\/mostarci-uzivali-u-zajednickom-koncertu-nacionalnih-kulturnih-drustava\\\/#breadcrumb\",\"itemListElement\":[{\"@type\":\"ListItem\",\"position\":1,\"name\":\"Po\u010detna stranica\",\"item\":\"https:\\\/\\\/radioljubuski.ba\\\/\"},{\"@type\":\"ListItem\",\"position\":2,\"name\":\"Mostarci u\u017eivali u zajedni\u010dkom koncertu nacionalnih kulturnih dru\u0161tava\"}]},{\"@type\":\"WebSite\",\"@id\":\"https:\\\/\\\/radioljubuski.ba\\\/#website\",\"url\":\"https:\\\/\\\/radioljubuski.ba\\\/\",\"name\":\"Radio Ljubu\u0161ki\",\"description\":\"Sun\u010dana frekvencija Hercegovine\",\"publisher\":{\"@id\":\"https:\\\/\\\/radioljubuski.ba\\\/#organization\"},\"potentialAction\":[{\"@type\":\"SearchAction\",\"target\":{\"@type\":\"EntryPoint\",\"urlTemplate\":\"https:\\\/\\\/radioljubuski.ba\\\/?s={search_term_string}\"},\"query-input\":{\"@type\":\"PropertyValueSpecification\",\"valueRequired\":true,\"valueName\":\"search_term_string\"}}],\"inLanguage\":\"hr\"},{\"@type\":\"Organization\",\"@id\":\"https:\\\/\\\/radioljubuski.ba\\\/#organization\",\"name\":\"Radio Ljubu\u0161ki\",\"url\":\"https:\\\/\\\/radioljubuski.ba\\\/\",\"logo\":{\"@type\":\"ImageObject\",\"inLanguage\":\"hr\",\"@id\":\"https:\\\/\\\/radioljubuski.ba\\\/#\\\/schema\\\/logo\\\/image\\\/\",\"url\":\"https:\\\/\\\/radioljubuski.ba\\\/wp-content\\\/uploads\\\/2021\\\/02\\\/cropped-Radio_Ljubuski_logo1.jpg\",\"contentUrl\":\"https:\\\/\\\/radioljubuski.ba\\\/wp-content\\\/uploads\\\/2021\\\/02\\\/cropped-Radio_Ljubuski_logo1.jpg\",\"width\":512,\"height\":512,\"caption\":\"Radio Ljubu\u0161ki\"},\"image\":{\"@id\":\"https:\\\/\\\/radioljubuski.ba\\\/#\\\/schema\\\/logo\\\/image\\\/\"},\"sameAs\":[\"https:\\\/\\\/www.facebook.com\\\/Radiio-Ljubuski-1490835324566332\",\"https:\\\/\\\/x.com\\\/radioljubuski\",\"https:\\\/\\\/hr.linkedin.com\\\/company\\\/radio-ljubuski\",\"https:\\\/\\\/www.youtube.com\\\/channel\\\/UCHYaeO_n0Db3tjNGudGpXyw\"]},{\"@type\":\"Person\",\"@id\":\"https:\\\/\\\/radioljubuski.ba\\\/#\\\/schema\\\/person\\\/19fc700381a780f69665d7956c469e3b\",\"name\":\"Radio Ljubu\u0161ki\"}]}<\/script>\n<!-- \/ Yoast SEO plugin. -->","yoast_head_json":{"title":"Mostarci u\u017eivali u zajedni\u010dkom koncertu nacionalnih kulturnih dru\u0161tava - RADIO LJUBU\u0160KI","robots":{"index":"index","follow":"follow","max-snippet":"max-snippet:-1","max-image-preview":"max-image-preview:large","max-video-preview":"max-video-preview:-1"},"canonical":"https:\/\/radioljubuski.ba\/index.php\/2021\/09\/18\/mostarci-uzivali-u-zajednickom-koncertu-nacionalnih-kulturnih-drustava\/","og_locale":"hr_HR","og_type":"article","og_title":"Mostarci u\u017eivali u zajedni\u010dkom koncertu nacionalnih kulturnih dru\u0161tava - RADIO LJUBU\u0160KI","og_description":"Zajedni\u010dki koncert \u010detiri nacionalna kulturna dru\u0161tava pod nazivom &#8220;Suzvu\u010dja\/Sazvu\u010dja&#8221; odr\u017ean je u petak u Hrvatskom domu &#8220;Herceg Stjepan Kosa\u010da&#8221; u Mostaru. Koncert je jedan od projekata Me\u0111ukulturnog vije\u0107a BiH, koje je osnovano na temelju sporazuma o saradnji \u010detiri temeljne organizacije kulture naroda BiH, i to BZK &#8220;Preporod&#8221;, HKD &#8220;Napredak&#8221;, SPKD &#8220;Prosvjeta&#8221; i JKPHD &#8220;La Benevolencija&#8221;. [&hellip;]","og_url":"https:\/\/radioljubuski.ba\/index.php\/2021\/09\/18\/mostarci-uzivali-u-zajednickom-koncertu-nacionalnih-kulturnih-drustava\/","og_site_name":"RADIO LJUBU\u0160KI","article_publisher":"https:\/\/www.facebook.com\/Radiio-Ljubuski-1490835324566332","article_published_time":"2021-09-17T23:07:41+00:00","article_modified_time":"2021-09-17T23:07:42+00:00","og_image":[{"width":1000,"height":625,"url":"https:\/\/radioljubuski.ba\/wp-content\/uploads\/2021\/09\/9-2021-09-17-20-17-48-mostarrr.jpg","type":"image\/jpeg"}],"author":"Radio Ljubu\u0161ki","twitter_card":"summary_large_image","twitter_creator":"@radioljubuski","twitter_site":"@radioljubuski","twitter_misc":{"Napisao\/la":"Radio Ljubu\u0161ki","Procijenjeno vrijeme \u010ditanja":"2 minute"},"schema":{"@context":"https:\/\/schema.org","@graph":[{"@type":"Article","@id":"https:\/\/radioljubuski.ba\/index.php\/2021\/09\/18\/mostarci-uzivali-u-zajednickom-koncertu-nacionalnih-kulturnih-drustava\/#article","isPartOf":{"@id":"https:\/\/radioljubuski.ba\/index.php\/2021\/09\/18\/mostarci-uzivali-u-zajednickom-koncertu-nacionalnih-kulturnih-drustava\/"},"author":{"name":"Radio Ljubu\u0161ki","@id":"https:\/\/radioljubuski.ba\/#\/schema\/person\/19fc700381a780f69665d7956c469e3b"},"headline":"Mostarci u\u017eivali u zajedni\u010dkom koncertu nacionalnih kulturnih dru\u0161tava","datePublished":"2021-09-17T23:07:41+00:00","dateModified":"2021-09-17T23:07:42+00:00","mainEntityOfPage":{"@id":"https:\/\/radioljubuski.ba\/index.php\/2021\/09\/18\/mostarci-uzivali-u-zajednickom-koncertu-nacionalnih-kulturnih-drustava\/"},"wordCount":387,"publisher":{"@id":"https:\/\/radioljubuski.ba\/#organization"},"image":{"@id":"https:\/\/radioljubuski.ba\/index.php\/2021\/09\/18\/mostarci-uzivali-u-zajednickom-koncertu-nacionalnih-kulturnih-drustava\/#primaryimage"},"thumbnailUrl":"https:\/\/radioljubuski.ba\/wp-content\/uploads\/2021\/09\/9-2021-09-17-20-17-48-mostarrr.jpg","articleSection":["BIH i regija"],"inLanguage":"hr"},{"@type":"WebPage","@id":"https:\/\/radioljubuski.ba\/index.php\/2021\/09\/18\/mostarci-uzivali-u-zajednickom-koncertu-nacionalnih-kulturnih-drustava\/","url":"https:\/\/radioljubuski.ba\/index.php\/2021\/09\/18\/mostarci-uzivali-u-zajednickom-koncertu-nacionalnih-kulturnih-drustava\/","name":"Mostarci u\u017eivali u zajedni\u010dkom koncertu nacionalnih kulturnih dru\u0161tava - RADIO LJUBU\u0160KI","isPartOf":{"@id":"https:\/\/radioljubuski.ba\/#website"},"primaryImageOfPage":{"@id":"https:\/\/radioljubuski.ba\/index.php\/2021\/09\/18\/mostarci-uzivali-u-zajednickom-koncertu-nacionalnih-kulturnih-drustava\/#primaryimage"},"image":{"@id":"https:\/\/radioljubuski.ba\/index.php\/2021\/09\/18\/mostarci-uzivali-u-zajednickom-koncertu-nacionalnih-kulturnih-drustava\/#primaryimage"},"thumbnailUrl":"https:\/\/radioljubuski.ba\/wp-content\/uploads\/2021\/09\/9-2021-09-17-20-17-48-mostarrr.jpg","datePublished":"2021-09-17T23:07:41+00:00","dateModified":"2021-09-17T23:07:42+00:00","breadcrumb":{"@id":"https:\/\/radioljubuski.ba\/index.php\/2021\/09\/18\/mostarci-uzivali-u-zajednickom-koncertu-nacionalnih-kulturnih-drustava\/#breadcrumb"},"inLanguage":"hr","potentialAction":[{"@type":"ReadAction","target":["https:\/\/radioljubuski.ba\/index.php\/2021\/09\/18\/mostarci-uzivali-u-zajednickom-koncertu-nacionalnih-kulturnih-drustava\/"]}]},{"@type":"ImageObject","inLanguage":"hr","@id":"https:\/\/radioljubuski.ba\/index.php\/2021\/09\/18\/mostarci-uzivali-u-zajednickom-koncertu-nacionalnih-kulturnih-drustava\/#primaryimage","url":"https:\/\/radioljubuski.ba\/wp-content\/uploads\/2021\/09\/9-2021-09-17-20-17-48-mostarrr.jpg","contentUrl":"https:\/\/radioljubuski.ba\/wp-content\/uploads\/2021\/09\/9-2021-09-17-20-17-48-mostarrr.jpg","width":1000,"height":625},{"@type":"BreadcrumbList","@id":"https:\/\/radioljubuski.ba\/index.php\/2021\/09\/18\/mostarci-uzivali-u-zajednickom-koncertu-nacionalnih-kulturnih-drustava\/#breadcrumb","itemListElement":[{"@type":"ListItem","position":1,"name":"Po\u010detna stranica","item":"https:\/\/radioljubuski.ba\/"},{"@type":"ListItem","position":2,"name":"Mostarci u\u017eivali u zajedni\u010dkom koncertu nacionalnih kulturnih dru\u0161tava"}]},{"@type":"WebSite","@id":"https:\/\/radioljubuski.ba\/#website","url":"https:\/\/radioljubuski.ba\/","name":"Radio Ljubu\u0161ki","description":"Sun\u010dana frekvencija Hercegovine","publisher":{"@id":"https:\/\/radioljubuski.ba\/#organization"},"potentialAction":[{"@type":"SearchAction","target":{"@type":"EntryPoint","urlTemplate":"https:\/\/radioljubuski.ba\/?s={search_term_string}"},"query-input":{"@type":"PropertyValueSpecification","valueRequired":true,"valueName":"search_term_string"}}],"inLanguage":"hr"},{"@type":"Organization","@id":"https:\/\/radioljubuski.ba\/#organization","name":"Radio Ljubu\u0161ki","url":"https:\/\/radioljubuski.ba\/","logo":{"@type":"ImageObject","inLanguage":"hr","@id":"https:\/\/radioljubuski.ba\/#\/schema\/logo\/image\/","url":"https:\/\/radioljubuski.ba\/wp-content\/uploads\/2021\/02\/cropped-Radio_Ljubuski_logo1.jpg","contentUrl":"https:\/\/radioljubuski.ba\/wp-content\/uploads\/2021\/02\/cropped-Radio_Ljubuski_logo1.jpg","width":512,"height":512,"caption":"Radio Ljubu\u0161ki"},"image":{"@id":"https:\/\/radioljubuski.ba\/#\/schema\/logo\/image\/"},"sameAs":["https:\/\/www.facebook.com\/Radiio-Ljubuski-1490835324566332","https:\/\/x.com\/radioljubuski","https:\/\/hr.linkedin.com\/company\/radio-ljubuski","https:\/\/www.youtube.com\/channel\/UCHYaeO_n0Db3tjNGudGpXyw"]},{"@type":"Person","@id":"https:\/\/radioljubuski.ba\/#\/schema\/person\/19fc700381a780f69665d7956c469e3b","name":"Radio Ljubu\u0161ki"}]}},"_links":{"self":[{"href":"https:\/\/radioljubuski.ba\/index.php\/wp-json\/wp\/v2\/posts\/64947","targetHints":{"allow":["GET"]}}],"collection":[{"href":"https:\/\/radioljubuski.ba\/index.php\/wp-json\/wp\/v2\/posts"}],"about":[{"href":"https:\/\/radioljubuski.ba\/index.php\/wp-json\/wp\/v2\/types\/post"}],"author":[{"embeddable":true,"href":"https:\/\/radioljubuski.ba\/index.php\/wp-json\/wp\/v2\/users\/2"}],"replies":[{"embeddable":true,"href":"https:\/\/radioljubuski.ba\/index.php\/wp-json\/wp\/v2\/comments?post=64947"}],"version-history":[{"count":1,"href":"https:\/\/radioljubuski.ba\/index.php\/wp-json\/wp\/v2\/posts\/64947\/revisions"}],"predecessor-version":[{"id":64949,"href":"https:\/\/radioljubuski.ba\/index.php\/wp-json\/wp\/v2\/posts\/64947\/revisions\/64949"}],"wp:featuredmedia":[{"embeddable":true,"href":"https:\/\/radioljubuski.ba\/index.php\/wp-json\/wp\/v2\/media\/64948"}],"wp:attachment":[{"href":"https:\/\/radioljubuski.ba\/index.php\/wp-json\/wp\/v2\/media?parent=64947"}],"wp:term":[{"taxonomy":"category","embeddable":true,"href":"https:\/\/radioljubuski.ba\/index.php\/wp-json\/wp\/v2\/categories?post=64947"},{"taxonomy":"post_tag","embeddable":true,"href":"https:\/\/radioljubuski.ba\/index.php\/wp-json\/wp\/v2\/tags?post=64947"}],"curies":[{"name":"wp","href":"https:\/\/api.w.org\/{rel}","templated":true}]}}