{"id":64978,"date":"2021-09-18T00:26:12","date_gmt":"2021-09-17T23:26:12","guid":{"rendered":"https:\/\/radioljubuski.ba\/?p=64978"},"modified":"2021-09-18T00:26:14","modified_gmt":"2021-09-17T23:26:14","slug":"klanjanje-za-domovinu-sto-svaki-hrvat-treba-znati-o-svetistu-sveta-mati-slobode","status":"publish","type":"post","link":"https:\/\/radioljubuski.ba\/index.php\/2021\/09\/18\/klanjanje-za-domovinu-sto-svaki-hrvat-treba-znati-o-svetistu-sveta-mati-slobode\/","title":{"rendered":"Klanjanje za Domovinu \u2013 \u0161to svaki Hrvat treba znati o sveti\u0161tu Sveta Mati Slobode?"},"content":{"rendered":"\n<p><strong>Zavjetna crkva Sveta Mati Slobode nastala je na mjestu na kojem je puk molio krunicu.&nbsp;<\/strong><\/p>\n\n\n\n<p><strong>Ovo je sveti\u0161te znak vremena i stalan podsjetnik na one koji su svoje \u017eivote polo\u017eili za hrvatsku slobodu.<\/strong><\/p>\n\n\n\n<p><em>\u201cNa slavu Trojedinoga Boga, u \u010dast Bla\u017eene Djevice Marije, ova se crkva podi\u017ee kao zadu\u017ebina hrvatskih katolika da se u njoj trajno prikazuje Kristova \u017ertva za sve koji su darovali \u017eivote za dobrobit i slobodu svoje domovine\u201d, pi\u0161e u povelji posvete crkve Sveta Mati Slobode na zagreba\u010dkom Jarunu.<\/em><\/p>\n\n\n\n<p>U petak, 17. rujna&nbsp;bit \u0107e cjelono\u0107no klanjanje za domovinu u crkvi Sv. Mati Slobode na Jarunu, s nakanom za duhovno bu\u0111enje i obra\u0107enje hrvatskog naroda.<\/p>\n\n\n\n<p>Klanjanje je po\u010delo u 22h i trajat \u0107e do jutarnje sv. mise u subotu ujutro.<\/p>\n\n\n\n<figure class=\"wp-block-image\"><img decoding=\"async\" src=\"https:\/\/zupa-duhasvetoga-jarun.hr\/wp-content\/themes\/yootheme\/cache\/241864558_4359173824165831_6095113995088675804_n-b4a1e1ba.jpeg\" alt=\"\"\/><\/figure>\n\n\n\n<p><strong>Marija uvijek prati hrvatski narod na njegovom putu<\/strong><\/p>\n\n\n\n<p>Hrvatski vjerni\u010dki puk oduvijek vjeruje da ga Marija zagovara i prati na njegovu povijesnom putu. Njoj se utjecao osobito tijekom svojih kri\u017enih putova kroz povijest. Tako i u vrijeme Domovinskog rata. Krunica je spontano postala za\u0161titni znak na\u0161ih branitelja, a narod ju je molio u svim crkvama i na javnim mjestima, vjeruju\u0107i da \u0107e nas Bog, po zagovoru Bla\u017eene Djevice Marije, spasiti od prijete\u0107eg uni\u0161tenja, pi\u0161e&nbsp;<a href=\"https:\/\/hkm.hr\/vijesti\/domovina\/zagreb-u-kenotaf-ove-crkve-uklesano-je-15-840-imena-poginulih-branitelja\/\">hkm.hr<\/a><\/p>\n\n\n\n<p>Zavjetna crkva Sveta Mati Slobode nastala je na mjestu na kojem je puk molio krunicu.<\/p>\n\n\n\n<p>Ideju o izgradnji crkve dao je don Petar \u0160imi\u0107. On je liturgijski i funkcionalno osmislio prostor i vodio cjelokupnu izgradnju. Crkva je izgra\u0111ena po nacrtu arhitekta Nikole Ba\u0161i\u0107a. Godine 1993. do\u0161lo je do ideje za izgradnju, 11. studenoga 1995. postavljen je kamen temeljac, koji je donesen iz Trsatskog sveti\u0161ta, odakle potje\u010du drevne litanije iz kojih je preuzeto ime Sveta Mati Slobode.<\/p>\n\n\n\n<iframe loading=\"lazy\" title=\"Izdvojeno 13.11.2017. Sveti\u0161te Mati Slobode\" width=\"640\" height=\"360\" src=\"https:\/\/www.youtube.com\/embed\/tV6EYazrWe4?feature=oembed\" frameborder=\"0\" allow=\"accelerometer; autoplay; clipboard-write; encrypted-media; gyroscope; picture-in-picture; web-share\" referrerpolicy=\"strict-origin-when-cross-origin\" allowfullscreen><\/iframe>\n\n\n\n<p><strong>Sveti\u0161te je sje\u0107anje na sve koji su svoj \u017eivot dali za Hrvatsku<\/strong><\/p>\n\n\n\n<p>Nakon punih pet godina izgradnje, 12. studenoga 2000., zagreba\u010dki nadbiskup kardinal Josip Bozani\u0107 posvetio je crkvu i oltar. Tom prigodom u oltar su ugra\u0111ene mo\u0107i bla\u017eenog Alojzija Stepinca. Ovo je sveti\u0161te znak vremena i stalan podsjetnik na one koji su svoje \u017eivote polo\u017eili za na\u0161u slobodu.<\/p>\n\n\n\n<p>Smisao je sveti\u0161ta gajiti vjeru hrvatskoga puka u zagovor Bla\u017eene Djevice Marije te o\u010duvati od povijesnog zaborava ime svakoga hrvatskog branitelja koji je darovao svoj \u017eivot za domovinu. Molitvom za domovinu i za sve koji su za nju polo\u017eili \u017eivote ova spomen crkva ulazi u niz hrvatskih zavjetnih marijanskih sveti\u0161ta.<\/p>\n\n\n\n<p><strong>Pieta \u2013 hrvatska \u017eena dr\u017ei na rukama umiru\u0107eg sina branitelja Hrvatske<\/strong><\/p>\n\n\n\n<p>Za\u0161titni znak sveti\u0161ta predstavlja potresan prizor&nbsp;<em>Piet\u00e0<\/em>. Predstavlja ga hrvatska \u017eena iz puka: na skutima dr\u017ei svoga umiru\u0107eg sina, hrvatskog branitelja s krunicom oko vrata. Iz rane mu kaplje krv koja, padaju\u0107i, na tlu tvori hrvatski grb. Za\u0161titni znak izradio je Ivan Lackovi\u0107 Croata.<\/p>\n\n\n\n<p>Iza oltara je kenotaf \u2013 prazan grob. U njemu je, oko oltarnog reljefa proslave uskrslog Krista i Marije, ispisana jedinstvena spomen knjiga, imena poginulih branitelja uklesana u stijenke kenotafa. Svaki je branitelj predstavljen imenom, inicijalom o\u010deva imena, prezimenom, godinom ro\u0111enja i pogibije. Tako kenotaf \u010duva od povijesnog zaborava spomen na svakog branitelja poginulog u Domovinskom ratu.<\/p>\n\n\n\n<p>U kenotaf je uklesano 15 840 imena poginulih branitelja, a njihov je popis dobiven od Ministarstva branitelja. Podno\u017ejem popisa prote\u017ee se suptilan, prozra\u010dan, od stakla izra\u0111en kri\u017eni put, koji su, zajedno s Kristom, pro\u0161li na\u0161i branitelji.<\/p>\n\n\n\n<p><em>Piet\u00e0 Croatica<\/em>, na isto\u010dnom pro\u010delju sveti\u0161ta, uklesana u kamen, okrenuta u lici Hrgovi\u0107i koja vodi prema Jarunskom jezeru, poziva prolaznike i jarunske izletnike da malo zastanu i pomole se za poginule branitelje, \u0161to mnogi i \u010dine. Tako to mjesto poprima obilje\u017eje kapelice Majci Bo\u017ejoj na otvorenom.<\/p>\n\n\n\n<p>Ispod teksta je Krist u padu, rad kipara Marijana Gaj\u0161aka. Na ju\u017enoj stijeni kenotafa stoji uklesan tekst Bo\u017eidara Prosenjaka: Ako vam je te\u017eak stijeg \u010destitosti, utaknite ga u zemlju gdje po\u010divaju na\u0161e kosti, mi \u0107emo ga dr\u017eati, s potpisom Va\u0161i branitelji. Time poginuli branitelji ostaju na\u0161im budu\u0107im pokoljenjima trajan poticaj u \u010destitosti&nbsp;\u017eivljenja<\/p>\n\n\n\n<p><em>Izvor: narod.hr\/hkm.hr<\/em><\/p>\n","protected":false},"excerpt":{"rendered":"<p>Zavjetna crkva Sveta Mati Slobode nastala je na mjestu na kojem je puk molio krunicu.&nbsp; Ovo je sveti\u0161te znak vremena i stalan podsjetnik na one koji su svoje \u017eivote polo\u017eili za hrvatsku slobodu. \u201cNa slavu Trojedinoga Boga, u \u010dast Bla\u017eene Djevice Marije, ova se crkva podi\u017ee kao zadu\u017ebina hrvatskih katolika da se u njoj trajno [&hellip;]<\/p>\n","protected":false},"author":2,"featured_media":64979,"comment_status":"closed","ping_status":"closed","sticky":false,"template":"","format":"standard","meta":{"h5ap_radio_sources":[],"footnotes":""},"categories":[1],"tags":[],"class_list":["post-64978","post","type-post","status-publish","format-standard","has-post-thumbnail","hentry","category-bihiregija"],"yoast_head":"<!-- This site is optimized with the Yoast SEO plugin v27.4 - https:\/\/yoast.com\/product\/yoast-seo-wordpress\/ -->\n<title>Klanjanje za Domovinu \u2013 \u0161to svaki Hrvat treba znati o sveti\u0161tu Sveta Mati Slobode? - RADIO LJUBU\u0160KI<\/title>\n<meta name=\"robots\" content=\"index, follow, max-snippet:-1, max-image-preview:large, max-video-preview:-1\" \/>\n<link rel=\"canonical\" href=\"https:\/\/radioljubuski.ba\/index.php\/2021\/09\/18\/klanjanje-za-domovinu-sto-svaki-hrvat-treba-znati-o-svetistu-sveta-mati-slobode\/\" \/>\n<meta property=\"og:locale\" content=\"hr_HR\" \/>\n<meta property=\"og:type\" content=\"article\" \/>\n<meta property=\"og:title\" content=\"Klanjanje za Domovinu \u2013 \u0161to svaki Hrvat treba znati o sveti\u0161tu Sveta Mati Slobode? - RADIO LJUBU\u0160KI\" \/>\n<meta property=\"og:description\" content=\"Zavjetna crkva Sveta Mati Slobode nastala je na mjestu na kojem je puk molio krunicu.&nbsp; Ovo je sveti\u0161te znak vremena i stalan podsjetnik na one koji su svoje \u017eivote polo\u017eili za hrvatsku slobodu. \u201cNa slavu Trojedinoga Boga, u \u010dast Bla\u017eene Djevice Marije, ova se crkva podi\u017ee kao zadu\u017ebina hrvatskih katolika da se u njoj trajno [&hellip;]\" \/>\n<meta property=\"og:url\" content=\"https:\/\/radioljubuski.ba\/index.php\/2021\/09\/18\/klanjanje-za-domovinu-sto-svaki-hrvat-treba-znati-o-svetistu-sveta-mati-slobode\/\" \/>\n<meta property=\"og:site_name\" content=\"RADIO LJUBU\u0160KI\" \/>\n<meta property=\"article:publisher\" content=\"https:\/\/www.facebook.com\/Radiio-Ljubuski-1490835324566332\" \/>\n<meta property=\"article:published_time\" content=\"2021-09-17T23:26:12+00:00\" \/>\n<meta property=\"article:modified_time\" content=\"2021-09-17T23:26:14+00:00\" \/>\n<meta property=\"og:image\" content=\"https:\/\/radioljubuski.ba\/wp-content\/uploads\/2021\/09\/H20171102002074-696x464-1.jpg\" \/>\n\t<meta property=\"og:image:width\" content=\"696\" \/>\n\t<meta property=\"og:image:height\" content=\"464\" \/>\n\t<meta property=\"og:image:type\" content=\"image\/jpeg\" \/>\n<meta name=\"author\" content=\"Radio Ljubu\u0161ki\" \/>\n<meta name=\"twitter:card\" content=\"summary_large_image\" \/>\n<meta name=\"twitter:creator\" content=\"@radioljubuski\" \/>\n<meta name=\"twitter:site\" content=\"@radioljubuski\" \/>\n<meta name=\"twitter:label1\" content=\"Napisao\/la\" \/>\n\t<meta name=\"twitter:data1\" content=\"Radio Ljubu\u0161ki\" \/>\n\t<meta name=\"twitter:label2\" content=\"Procijenjeno vrijeme \u010ditanja\" \/>\n\t<meta name=\"twitter:data2\" content=\"3 minute\" \/>\n<script type=\"application\/ld+json\" class=\"yoast-schema-graph\">{\"@context\":\"https:\\\/\\\/schema.org\",\"@graph\":[{\"@type\":\"Article\",\"@id\":\"https:\\\/\\\/radioljubuski.ba\\\/index.php\\\/2021\\\/09\\\/18\\\/klanjanje-za-domovinu-sto-svaki-hrvat-treba-znati-o-svetistu-sveta-mati-slobode\\\/#article\",\"isPartOf\":{\"@id\":\"https:\\\/\\\/radioljubuski.ba\\\/index.php\\\/2021\\\/09\\\/18\\\/klanjanje-za-domovinu-sto-svaki-hrvat-treba-znati-o-svetistu-sveta-mati-slobode\\\/\"},\"author\":{\"name\":\"Radio Ljubu\u0161ki\",\"@id\":\"https:\\\/\\\/radioljubuski.ba\\\/#\\\/schema\\\/person\\\/19fc700381a780f69665d7956c469e3b\"},\"headline\":\"Klanjanje za Domovinu \u2013 \u0161to svaki Hrvat treba znati o sveti\u0161tu Sveta Mati Slobode?\",\"datePublished\":\"2021-09-17T23:26:12+00:00\",\"dateModified\":\"2021-09-17T23:26:14+00:00\",\"mainEntityOfPage\":{\"@id\":\"https:\\\/\\\/radioljubuski.ba\\\/index.php\\\/2021\\\/09\\\/18\\\/klanjanje-za-domovinu-sto-svaki-hrvat-treba-znati-o-svetistu-sveta-mati-slobode\\\/\"},\"wordCount\":723,\"publisher\":{\"@id\":\"https:\\\/\\\/radioljubuski.ba\\\/#organization\"},\"image\":{\"@id\":\"https:\\\/\\\/radioljubuski.ba\\\/index.php\\\/2021\\\/09\\\/18\\\/klanjanje-za-domovinu-sto-svaki-hrvat-treba-znati-o-svetistu-sveta-mati-slobode\\\/#primaryimage\"},\"thumbnailUrl\":\"https:\\\/\\\/radioljubuski.ba\\\/wp-content\\\/uploads\\\/2021\\\/09\\\/H20171102002074-696x464-1.jpg\",\"articleSection\":[\"BIH i regija\"],\"inLanguage\":\"hr\"},{\"@type\":\"WebPage\",\"@id\":\"https:\\\/\\\/radioljubuski.ba\\\/index.php\\\/2021\\\/09\\\/18\\\/klanjanje-za-domovinu-sto-svaki-hrvat-treba-znati-o-svetistu-sveta-mati-slobode\\\/\",\"url\":\"https:\\\/\\\/radioljubuski.ba\\\/index.php\\\/2021\\\/09\\\/18\\\/klanjanje-za-domovinu-sto-svaki-hrvat-treba-znati-o-svetistu-sveta-mati-slobode\\\/\",\"name\":\"Klanjanje za Domovinu \u2013 \u0161to svaki Hrvat treba znati o sveti\u0161tu Sveta Mati Slobode? - RADIO LJUBU\u0160KI\",\"isPartOf\":{\"@id\":\"https:\\\/\\\/radioljubuski.ba\\\/#website\"},\"primaryImageOfPage\":{\"@id\":\"https:\\\/\\\/radioljubuski.ba\\\/index.php\\\/2021\\\/09\\\/18\\\/klanjanje-za-domovinu-sto-svaki-hrvat-treba-znati-o-svetistu-sveta-mati-slobode\\\/#primaryimage\"},\"image\":{\"@id\":\"https:\\\/\\\/radioljubuski.ba\\\/index.php\\\/2021\\\/09\\\/18\\\/klanjanje-za-domovinu-sto-svaki-hrvat-treba-znati-o-svetistu-sveta-mati-slobode\\\/#primaryimage\"},\"thumbnailUrl\":\"https:\\\/\\\/radioljubuski.ba\\\/wp-content\\\/uploads\\\/2021\\\/09\\\/H20171102002074-696x464-1.jpg\",\"datePublished\":\"2021-09-17T23:26:12+00:00\",\"dateModified\":\"2021-09-17T23:26:14+00:00\",\"breadcrumb\":{\"@id\":\"https:\\\/\\\/radioljubuski.ba\\\/index.php\\\/2021\\\/09\\\/18\\\/klanjanje-za-domovinu-sto-svaki-hrvat-treba-znati-o-svetistu-sveta-mati-slobode\\\/#breadcrumb\"},\"inLanguage\":\"hr\",\"potentialAction\":[{\"@type\":\"ReadAction\",\"target\":[\"https:\\\/\\\/radioljubuski.ba\\\/index.php\\\/2021\\\/09\\\/18\\\/klanjanje-za-domovinu-sto-svaki-hrvat-treba-znati-o-svetistu-sveta-mati-slobode\\\/\"]}]},{\"@type\":\"ImageObject\",\"inLanguage\":\"hr\",\"@id\":\"https:\\\/\\\/radioljubuski.ba\\\/index.php\\\/2021\\\/09\\\/18\\\/klanjanje-za-domovinu-sto-svaki-hrvat-treba-znati-o-svetistu-sveta-mati-slobode\\\/#primaryimage\",\"url\":\"https:\\\/\\\/radioljubuski.ba\\\/wp-content\\\/uploads\\\/2021\\\/09\\\/H20171102002074-696x464-1.jpg\",\"contentUrl\":\"https:\\\/\\\/radioljubuski.ba\\\/wp-content\\\/uploads\\\/2021\\\/09\\\/H20171102002074-696x464-1.jpg\",\"width\":696,\"height\":464},{\"@type\":\"BreadcrumbList\",\"@id\":\"https:\\\/\\\/radioljubuski.ba\\\/index.php\\\/2021\\\/09\\\/18\\\/klanjanje-za-domovinu-sto-svaki-hrvat-treba-znati-o-svetistu-sveta-mati-slobode\\\/#breadcrumb\",\"itemListElement\":[{\"@type\":\"ListItem\",\"position\":1,\"name\":\"Po\u010detna stranica\",\"item\":\"https:\\\/\\\/radioljubuski.ba\\\/\"},{\"@type\":\"ListItem\",\"position\":2,\"name\":\"Klanjanje za Domovinu \u2013 \u0161to svaki Hrvat treba znati o sveti\u0161tu Sveta Mati Slobode?\"}]},{\"@type\":\"WebSite\",\"@id\":\"https:\\\/\\\/radioljubuski.ba\\\/#website\",\"url\":\"https:\\\/\\\/radioljubuski.ba\\\/\",\"name\":\"Radio Ljubu\u0161ki\",\"description\":\"Sun\u010dana frekvencija Hercegovine\",\"publisher\":{\"@id\":\"https:\\\/\\\/radioljubuski.ba\\\/#organization\"},\"potentialAction\":[{\"@type\":\"SearchAction\",\"target\":{\"@type\":\"EntryPoint\",\"urlTemplate\":\"https:\\\/\\\/radioljubuski.ba\\\/?s={search_term_string}\"},\"query-input\":{\"@type\":\"PropertyValueSpecification\",\"valueRequired\":true,\"valueName\":\"search_term_string\"}}],\"inLanguage\":\"hr\"},{\"@type\":\"Organization\",\"@id\":\"https:\\\/\\\/radioljubuski.ba\\\/#organization\",\"name\":\"Radio Ljubu\u0161ki\",\"url\":\"https:\\\/\\\/radioljubuski.ba\\\/\",\"logo\":{\"@type\":\"ImageObject\",\"inLanguage\":\"hr\",\"@id\":\"https:\\\/\\\/radioljubuski.ba\\\/#\\\/schema\\\/logo\\\/image\\\/\",\"url\":\"https:\\\/\\\/radioljubuski.ba\\\/wp-content\\\/uploads\\\/2021\\\/02\\\/cropped-Radio_Ljubuski_logo1.jpg\",\"contentUrl\":\"https:\\\/\\\/radioljubuski.ba\\\/wp-content\\\/uploads\\\/2021\\\/02\\\/cropped-Radio_Ljubuski_logo1.jpg\",\"width\":512,\"height\":512,\"caption\":\"Radio Ljubu\u0161ki\"},\"image\":{\"@id\":\"https:\\\/\\\/radioljubuski.ba\\\/#\\\/schema\\\/logo\\\/image\\\/\"},\"sameAs\":[\"https:\\\/\\\/www.facebook.com\\\/Radiio-Ljubuski-1490835324566332\",\"https:\\\/\\\/x.com\\\/radioljubuski\",\"https:\\\/\\\/hr.linkedin.com\\\/company\\\/radio-ljubuski\",\"https:\\\/\\\/www.youtube.com\\\/channel\\\/UCHYaeO_n0Db3tjNGudGpXyw\"]},{\"@type\":\"Person\",\"@id\":\"https:\\\/\\\/radioljubuski.ba\\\/#\\\/schema\\\/person\\\/19fc700381a780f69665d7956c469e3b\",\"name\":\"Radio Ljubu\u0161ki\"}]}<\/script>\n<!-- \/ Yoast SEO plugin. -->","yoast_head_json":{"title":"Klanjanje za Domovinu \u2013 \u0161to svaki Hrvat treba znati o sveti\u0161tu Sveta Mati Slobode? - RADIO LJUBU\u0160KI","robots":{"index":"index","follow":"follow","max-snippet":"max-snippet:-1","max-image-preview":"max-image-preview:large","max-video-preview":"max-video-preview:-1"},"canonical":"https:\/\/radioljubuski.ba\/index.php\/2021\/09\/18\/klanjanje-za-domovinu-sto-svaki-hrvat-treba-znati-o-svetistu-sveta-mati-slobode\/","og_locale":"hr_HR","og_type":"article","og_title":"Klanjanje za Domovinu \u2013 \u0161to svaki Hrvat treba znati o sveti\u0161tu Sveta Mati Slobode? - RADIO LJUBU\u0160KI","og_description":"Zavjetna crkva Sveta Mati Slobode nastala je na mjestu na kojem je puk molio krunicu.&nbsp; Ovo je sveti\u0161te znak vremena i stalan podsjetnik na one koji su svoje \u017eivote polo\u017eili za hrvatsku slobodu. \u201cNa slavu Trojedinoga Boga, u \u010dast Bla\u017eene Djevice Marije, ova se crkva podi\u017ee kao zadu\u017ebina hrvatskih katolika da se u njoj trajno [&hellip;]","og_url":"https:\/\/radioljubuski.ba\/index.php\/2021\/09\/18\/klanjanje-za-domovinu-sto-svaki-hrvat-treba-znati-o-svetistu-sveta-mati-slobode\/","og_site_name":"RADIO LJUBU\u0160KI","article_publisher":"https:\/\/www.facebook.com\/Radiio-Ljubuski-1490835324566332","article_published_time":"2021-09-17T23:26:12+00:00","article_modified_time":"2021-09-17T23:26:14+00:00","og_image":[{"width":696,"height":464,"url":"https:\/\/radioljubuski.ba\/wp-content\/uploads\/2021\/09\/H20171102002074-696x464-1.jpg","type":"image\/jpeg"}],"author":"Radio Ljubu\u0161ki","twitter_card":"summary_large_image","twitter_creator":"@radioljubuski","twitter_site":"@radioljubuski","twitter_misc":{"Napisao\/la":"Radio Ljubu\u0161ki","Procijenjeno vrijeme \u010ditanja":"3 minute"},"schema":{"@context":"https:\/\/schema.org","@graph":[{"@type":"Article","@id":"https:\/\/radioljubuski.ba\/index.php\/2021\/09\/18\/klanjanje-za-domovinu-sto-svaki-hrvat-treba-znati-o-svetistu-sveta-mati-slobode\/#article","isPartOf":{"@id":"https:\/\/radioljubuski.ba\/index.php\/2021\/09\/18\/klanjanje-za-domovinu-sto-svaki-hrvat-treba-znati-o-svetistu-sveta-mati-slobode\/"},"author":{"name":"Radio Ljubu\u0161ki","@id":"https:\/\/radioljubuski.ba\/#\/schema\/person\/19fc700381a780f69665d7956c469e3b"},"headline":"Klanjanje za Domovinu \u2013 \u0161to svaki Hrvat treba znati o sveti\u0161tu Sveta Mati Slobode?","datePublished":"2021-09-17T23:26:12+00:00","dateModified":"2021-09-17T23:26:14+00:00","mainEntityOfPage":{"@id":"https:\/\/radioljubuski.ba\/index.php\/2021\/09\/18\/klanjanje-za-domovinu-sto-svaki-hrvat-treba-znati-o-svetistu-sveta-mati-slobode\/"},"wordCount":723,"publisher":{"@id":"https:\/\/radioljubuski.ba\/#organization"},"image":{"@id":"https:\/\/radioljubuski.ba\/index.php\/2021\/09\/18\/klanjanje-za-domovinu-sto-svaki-hrvat-treba-znati-o-svetistu-sveta-mati-slobode\/#primaryimage"},"thumbnailUrl":"https:\/\/radioljubuski.ba\/wp-content\/uploads\/2021\/09\/H20171102002074-696x464-1.jpg","articleSection":["BIH i regija"],"inLanguage":"hr"},{"@type":"WebPage","@id":"https:\/\/radioljubuski.ba\/index.php\/2021\/09\/18\/klanjanje-za-domovinu-sto-svaki-hrvat-treba-znati-o-svetistu-sveta-mati-slobode\/","url":"https:\/\/radioljubuski.ba\/index.php\/2021\/09\/18\/klanjanje-za-domovinu-sto-svaki-hrvat-treba-znati-o-svetistu-sveta-mati-slobode\/","name":"Klanjanje za Domovinu \u2013 \u0161to svaki Hrvat treba znati o sveti\u0161tu Sveta Mati Slobode? - RADIO LJUBU\u0160KI","isPartOf":{"@id":"https:\/\/radioljubuski.ba\/#website"},"primaryImageOfPage":{"@id":"https:\/\/radioljubuski.ba\/index.php\/2021\/09\/18\/klanjanje-za-domovinu-sto-svaki-hrvat-treba-znati-o-svetistu-sveta-mati-slobode\/#primaryimage"},"image":{"@id":"https:\/\/radioljubuski.ba\/index.php\/2021\/09\/18\/klanjanje-za-domovinu-sto-svaki-hrvat-treba-znati-o-svetistu-sveta-mati-slobode\/#primaryimage"},"thumbnailUrl":"https:\/\/radioljubuski.ba\/wp-content\/uploads\/2021\/09\/H20171102002074-696x464-1.jpg","datePublished":"2021-09-17T23:26:12+00:00","dateModified":"2021-09-17T23:26:14+00:00","breadcrumb":{"@id":"https:\/\/radioljubuski.ba\/index.php\/2021\/09\/18\/klanjanje-za-domovinu-sto-svaki-hrvat-treba-znati-o-svetistu-sveta-mati-slobode\/#breadcrumb"},"inLanguage":"hr","potentialAction":[{"@type":"ReadAction","target":["https:\/\/radioljubuski.ba\/index.php\/2021\/09\/18\/klanjanje-za-domovinu-sto-svaki-hrvat-treba-znati-o-svetistu-sveta-mati-slobode\/"]}]},{"@type":"ImageObject","inLanguage":"hr","@id":"https:\/\/radioljubuski.ba\/index.php\/2021\/09\/18\/klanjanje-za-domovinu-sto-svaki-hrvat-treba-znati-o-svetistu-sveta-mati-slobode\/#primaryimage","url":"https:\/\/radioljubuski.ba\/wp-content\/uploads\/2021\/09\/H20171102002074-696x464-1.jpg","contentUrl":"https:\/\/radioljubuski.ba\/wp-content\/uploads\/2021\/09\/H20171102002074-696x464-1.jpg","width":696,"height":464},{"@type":"BreadcrumbList","@id":"https:\/\/radioljubuski.ba\/index.php\/2021\/09\/18\/klanjanje-za-domovinu-sto-svaki-hrvat-treba-znati-o-svetistu-sveta-mati-slobode\/#breadcrumb","itemListElement":[{"@type":"ListItem","position":1,"name":"Po\u010detna stranica","item":"https:\/\/radioljubuski.ba\/"},{"@type":"ListItem","position":2,"name":"Klanjanje za Domovinu \u2013 \u0161to svaki Hrvat treba znati o sveti\u0161tu Sveta Mati Slobode?"}]},{"@type":"WebSite","@id":"https:\/\/radioljubuski.ba\/#website","url":"https:\/\/radioljubuski.ba\/","name":"Radio Ljubu\u0161ki","description":"Sun\u010dana frekvencija Hercegovine","publisher":{"@id":"https:\/\/radioljubuski.ba\/#organization"},"potentialAction":[{"@type":"SearchAction","target":{"@type":"EntryPoint","urlTemplate":"https:\/\/radioljubuski.ba\/?s={search_term_string}"},"query-input":{"@type":"PropertyValueSpecification","valueRequired":true,"valueName":"search_term_string"}}],"inLanguage":"hr"},{"@type":"Organization","@id":"https:\/\/radioljubuski.ba\/#organization","name":"Radio Ljubu\u0161ki","url":"https:\/\/radioljubuski.ba\/","logo":{"@type":"ImageObject","inLanguage":"hr","@id":"https:\/\/radioljubuski.ba\/#\/schema\/logo\/image\/","url":"https:\/\/radioljubuski.ba\/wp-content\/uploads\/2021\/02\/cropped-Radio_Ljubuski_logo1.jpg","contentUrl":"https:\/\/radioljubuski.ba\/wp-content\/uploads\/2021\/02\/cropped-Radio_Ljubuski_logo1.jpg","width":512,"height":512,"caption":"Radio Ljubu\u0161ki"},"image":{"@id":"https:\/\/radioljubuski.ba\/#\/schema\/logo\/image\/"},"sameAs":["https:\/\/www.facebook.com\/Radiio-Ljubuski-1490835324566332","https:\/\/x.com\/radioljubuski","https:\/\/hr.linkedin.com\/company\/radio-ljubuski","https:\/\/www.youtube.com\/channel\/UCHYaeO_n0Db3tjNGudGpXyw"]},{"@type":"Person","@id":"https:\/\/radioljubuski.ba\/#\/schema\/person\/19fc700381a780f69665d7956c469e3b","name":"Radio Ljubu\u0161ki"}]}},"_links":{"self":[{"href":"https:\/\/radioljubuski.ba\/index.php\/wp-json\/wp\/v2\/posts\/64978","targetHints":{"allow":["GET"]}}],"collection":[{"href":"https:\/\/radioljubuski.ba\/index.php\/wp-json\/wp\/v2\/posts"}],"about":[{"href":"https:\/\/radioljubuski.ba\/index.php\/wp-json\/wp\/v2\/types\/post"}],"author":[{"embeddable":true,"href":"https:\/\/radioljubuski.ba\/index.php\/wp-json\/wp\/v2\/users\/2"}],"replies":[{"embeddable":true,"href":"https:\/\/radioljubuski.ba\/index.php\/wp-json\/wp\/v2\/comments?post=64978"}],"version-history":[{"count":1,"href":"https:\/\/radioljubuski.ba\/index.php\/wp-json\/wp\/v2\/posts\/64978\/revisions"}],"predecessor-version":[{"id":64980,"href":"https:\/\/radioljubuski.ba\/index.php\/wp-json\/wp\/v2\/posts\/64978\/revisions\/64980"}],"wp:featuredmedia":[{"embeddable":true,"href":"https:\/\/radioljubuski.ba\/index.php\/wp-json\/wp\/v2\/media\/64979"}],"wp:attachment":[{"href":"https:\/\/radioljubuski.ba\/index.php\/wp-json\/wp\/v2\/media?parent=64978"}],"wp:term":[{"taxonomy":"category","embeddable":true,"href":"https:\/\/radioljubuski.ba\/index.php\/wp-json\/wp\/v2\/categories?post=64978"},{"taxonomy":"post_tag","embeddable":true,"href":"https:\/\/radioljubuski.ba\/index.php\/wp-json\/wp\/v2\/tags?post=64978"}],"curies":[{"name":"wp","href":"https:\/\/api.w.org\/{rel}","templated":true}]}}