{"id":64993,"date":"2021-09-18T00:34:37","date_gmt":"2021-09-17T23:34:37","guid":{"rendered":"https:\/\/radioljubuski.ba\/?p=64993"},"modified":"2021-09-18T00:34:38","modified_gmt":"2021-09-17T23:34:38","slug":"konakovic-ponavljam-nije-u-redu-da-bosnjaci-biraju-hrvatskog-clana-predsjednistva","status":"publish","type":"post","link":"https:\/\/radioljubuski.ba\/index.php\/2021\/09\/18\/konakovic-ponavljam-nije-u-redu-da-bosnjaci-biraju-hrvatskog-clana-predsjednistva\/","title":{"rendered":"Konakovi\u0107: Ponavljam, nije u redu da Bo\u0161njaci biraju hrvatskog \u010dlana Predsjedni\u0161tva"},"content":{"rendered":"\n<p><strong>Lider Naroda i pravde Elmedin Konakovi\u0107 kazao je za N1 kako je apsolutno protiv prijedloga predsjednika HDZ-a BiH Dragana \u010covi\u0107a za popunjavanje Doma naroda. Ponovio je jo\u0161 jednom i da je protiv da Bo\u0161njaci biraju \u201chrvatskog \u010dlana Predsjedni\u0161tva Bosne i Hercegovine\u201d.<\/strong><\/p>\n\n\n\n<p>Konakovi\u0107 je danas kategori\u010dno odbacio optu\u017ebe da podr\u017eava \u010covi\u0107a i na taj na\u010din poma\u017ee u podjeli dr\u017eave.<\/p>\n\n\n\n<p>\u201cUpravo to rade ovi koji su nas doveli u situaciju da samo kroz prosvjede mo\u017eemo izraziti svoje stavove, a kroz institucije vrlo slabo ili nikako. Ponovio sam vi\u0161e puta da su Bo\u0161njaci izabrali hrvatskog \u010dlana Predsjedni\u0161tva BiH i i dalje mislim da to nije uredu. S druge strane se apsolutno protivim prijedlozima Dragana \u010covi\u0107a po kojima bi se popunjavanje Doma naroda radilo geografski \u2013 to bi bio uvod u tre\u0107i entitet. I protiv toga \u0107emo se boriti dok smo \u017eivi\u201d, poru\u010dio je.<\/p>\n\n\n\n<p>Prvi \u010dovjek NiP-a je istaknuo kako je prijedlog ove stranke s \u010detvrtim \u010dlanom Predsjedni\u0161tva BiH \u201cdobio na va\u017enosti\u201d kad su se po\u010deli analizirati prijedlozi jedne i druge strane. Dodao je kako se do sada nije \u010duo prijedlog SDA\u2026<\/p>\n\n\n\n<p>\u201cVidjeli smo kao radni papir, ali nismo \u010duli slu\u017ebeni9 stav SDA\u201d.<\/p>\n\n\n\n<p>Elmedin Konakovi\u0107 je ponovio da je \u201capsolutno protiv\u201d prijedloga \u201cgeografskog popunjavanja Doma naroda\u201d, da Hrvat iz Sarajeva nije Hrvat i tu Dragan \u010covi\u0107, po njemu, vje\u0161to koristi \u201cjedan nedostatak na koji ima pravo\u201d.<\/p>\n\n\n\n<p>Na kraju razgovora za N1 podsjetio je na \u201cklju\u010dnu stvar\u201d u vezi s izbornom reformom.<\/p>\n\n\n\n<p>\u201cNu\u017ena je izmjena Ustava BiH. Ne postoji ni jedno pravedno rje\u0161enje hrvatskog pitanja, a da istovremeno ne rje\u0161ava pitanje gra\u0111ana BiH koji ne pripadaju etni\u010dkim skupinama. Sve dok se netko iz te skupine ne bude mogao kandidirati za \u010dlana Predsjedni\u0161tva Bosne i Hercegovine mi nismo rije\u0161ili problem. Samo smo, mo\u017eda, malo umirili \u010covi\u0107a\u201d, poru\u010dio je lider Naroda i pravde Elmedin Konakovi\u0107.<\/p>\n\n\n\n<p>\/HMS\/<\/p>\n","protected":false},"excerpt":{"rendered":"<p>Lider Naroda i pravde Elmedin Konakovi\u0107 kazao je za N1 kako je apsolutno protiv prijedloga predsjednika HDZ-a BiH Dragana \u010covi\u0107a za popunjavanje Doma naroda. Ponovio je jo\u0161 jednom i da je protiv da Bo\u0161njaci biraju \u201chrvatskog \u010dlana Predsjedni\u0161tva Bosne i Hercegovine\u201d. Konakovi\u0107 je danas kategori\u010dno odbacio optu\u017ebe da podr\u017eava \u010covi\u0107a i na taj na\u010din poma\u017ee [&hellip;]<\/p>\n","protected":false},"author":2,"featured_media":64994,"comment_status":"closed","ping_status":"closed","sticky":false,"template":"","format":"standard","meta":{"h5ap_radio_sources":[],"footnotes":""},"categories":[1],"tags":[],"class_list":["post-64993","post","type-post","status-publish","format-standard","has-post-thumbnail","hentry","category-bihiregija"],"yoast_head":"<!-- This site is optimized with the Yoast SEO plugin v27.4 - https:\/\/yoast.com\/product\/yoast-seo-wordpress\/ -->\n<title>Konakovi\u0107: Ponavljam, nije u redu da Bo\u0161njaci biraju hrvatskog \u010dlana Predsjedni\u0161tva - RADIO LJUBU\u0160KI<\/title>\n<meta name=\"robots\" content=\"index, follow, max-snippet:-1, max-image-preview:large, max-video-preview:-1\" \/>\n<link rel=\"canonical\" href=\"https:\/\/radioljubuski.ba\/index.php\/2021\/09\/18\/konakovic-ponavljam-nije-u-redu-da-bosnjaci-biraju-hrvatskog-clana-predsjednistva\/\" \/>\n<meta property=\"og:locale\" content=\"hr_HR\" \/>\n<meta property=\"og:type\" content=\"article\" \/>\n<meta property=\"og:title\" content=\"Konakovi\u0107: Ponavljam, nije u redu da Bo\u0161njaci biraju hrvatskog \u010dlana Predsjedni\u0161tva - RADIO LJUBU\u0160KI\" \/>\n<meta property=\"og:description\" content=\"Lider Naroda i pravde Elmedin Konakovi\u0107 kazao je za N1 kako je apsolutno protiv prijedloga predsjednika HDZ-a BiH Dragana \u010covi\u0107a za popunjavanje Doma naroda. Ponovio je jo\u0161 jednom i da je protiv da Bo\u0161njaci biraju \u201chrvatskog \u010dlana Predsjedni\u0161tva Bosne i Hercegovine\u201d. Konakovi\u0107 je danas kategori\u010dno odbacio optu\u017ebe da podr\u017eava \u010covi\u0107a i na taj na\u010din poma\u017ee [&hellip;]\" \/>\n<meta property=\"og:url\" content=\"https:\/\/radioljubuski.ba\/index.php\/2021\/09\/18\/konakovic-ponavljam-nije-u-redu-da-bosnjaci-biraju-hrvatskog-clana-predsjednistva\/\" \/>\n<meta property=\"og:site_name\" content=\"RADIO LJUBU\u0160KI\" \/>\n<meta property=\"article:publisher\" content=\"https:\/\/www.facebook.com\/Radiio-Ljubuski-1490835324566332\" \/>\n<meta property=\"article:published_time\" content=\"2021-09-17T23:34:37+00:00\" \/>\n<meta property=\"article:modified_time\" content=\"2021-09-17T23:34:38+00:00\" \/>\n<meta property=\"og:image\" content=\"https:\/\/radioljubuski.ba\/wp-content\/uploads\/2021\/09\/konakovic-1068x601-1.jpg\" \/>\n\t<meta property=\"og:image:width\" content=\"1068\" \/>\n\t<meta property=\"og:image:height\" content=\"601\" \/>\n\t<meta property=\"og:image:type\" content=\"image\/jpeg\" \/>\n<meta name=\"author\" content=\"Radio Ljubu\u0161ki\" \/>\n<meta name=\"twitter:card\" content=\"summary_large_image\" \/>\n<meta name=\"twitter:creator\" content=\"@radioljubuski\" \/>\n<meta name=\"twitter:site\" content=\"@radioljubuski\" \/>\n<meta name=\"twitter:label1\" content=\"Napisao\/la\" \/>\n\t<meta name=\"twitter:data1\" content=\"Radio Ljubu\u0161ki\" \/>\n\t<meta name=\"twitter:label2\" content=\"Procijenjeno vrijeme \u010ditanja\" \/>\n\t<meta name=\"twitter:data2\" content=\"2 minute\" \/>\n<script type=\"application\/ld+json\" class=\"yoast-schema-graph\">{\"@context\":\"https:\\\/\\\/schema.org\",\"@graph\":[{\"@type\":\"Article\",\"@id\":\"https:\\\/\\\/radioljubuski.ba\\\/index.php\\\/2021\\\/09\\\/18\\\/konakovic-ponavljam-nije-u-redu-da-bosnjaci-biraju-hrvatskog-clana-predsjednistva\\\/#article\",\"isPartOf\":{\"@id\":\"https:\\\/\\\/radioljubuski.ba\\\/index.php\\\/2021\\\/09\\\/18\\\/konakovic-ponavljam-nije-u-redu-da-bosnjaci-biraju-hrvatskog-clana-predsjednistva\\\/\"},\"author\":{\"name\":\"Radio Ljubu\u0161ki\",\"@id\":\"https:\\\/\\\/radioljubuski.ba\\\/#\\\/schema\\\/person\\\/19fc700381a780f69665d7956c469e3b\"},\"headline\":\"Konakovi\u0107: Ponavljam, nije u redu da Bo\u0161njaci biraju hrvatskog \u010dlana Predsjedni\u0161tva\",\"datePublished\":\"2021-09-17T23:34:37+00:00\",\"dateModified\":\"2021-09-17T23:34:38+00:00\",\"mainEntityOfPage\":{\"@id\":\"https:\\\/\\\/radioljubuski.ba\\\/index.php\\\/2021\\\/09\\\/18\\\/konakovic-ponavljam-nije-u-redu-da-bosnjaci-biraju-hrvatskog-clana-predsjednistva\\\/\"},\"wordCount\":344,\"publisher\":{\"@id\":\"https:\\\/\\\/radioljubuski.ba\\\/#organization\"},\"image\":{\"@id\":\"https:\\\/\\\/radioljubuski.ba\\\/index.php\\\/2021\\\/09\\\/18\\\/konakovic-ponavljam-nije-u-redu-da-bosnjaci-biraju-hrvatskog-clana-predsjednistva\\\/#primaryimage\"},\"thumbnailUrl\":\"https:\\\/\\\/radioljubuski.ba\\\/wp-content\\\/uploads\\\/2021\\\/09\\\/konakovic-1068x601-1.jpg\",\"articleSection\":[\"BIH i regija\"],\"inLanguage\":\"hr\"},{\"@type\":\"WebPage\",\"@id\":\"https:\\\/\\\/radioljubuski.ba\\\/index.php\\\/2021\\\/09\\\/18\\\/konakovic-ponavljam-nije-u-redu-da-bosnjaci-biraju-hrvatskog-clana-predsjednistva\\\/\",\"url\":\"https:\\\/\\\/radioljubuski.ba\\\/index.php\\\/2021\\\/09\\\/18\\\/konakovic-ponavljam-nije-u-redu-da-bosnjaci-biraju-hrvatskog-clana-predsjednistva\\\/\",\"name\":\"Konakovi\u0107: Ponavljam, nije u redu da Bo\u0161njaci biraju hrvatskog \u010dlana Predsjedni\u0161tva - RADIO LJUBU\u0160KI\",\"isPartOf\":{\"@id\":\"https:\\\/\\\/radioljubuski.ba\\\/#website\"},\"primaryImageOfPage\":{\"@id\":\"https:\\\/\\\/radioljubuski.ba\\\/index.php\\\/2021\\\/09\\\/18\\\/konakovic-ponavljam-nije-u-redu-da-bosnjaci-biraju-hrvatskog-clana-predsjednistva\\\/#primaryimage\"},\"image\":{\"@id\":\"https:\\\/\\\/radioljubuski.ba\\\/index.php\\\/2021\\\/09\\\/18\\\/konakovic-ponavljam-nije-u-redu-da-bosnjaci-biraju-hrvatskog-clana-predsjednistva\\\/#primaryimage\"},\"thumbnailUrl\":\"https:\\\/\\\/radioljubuski.ba\\\/wp-content\\\/uploads\\\/2021\\\/09\\\/konakovic-1068x601-1.jpg\",\"datePublished\":\"2021-09-17T23:34:37+00:00\",\"dateModified\":\"2021-09-17T23:34:38+00:00\",\"breadcrumb\":{\"@id\":\"https:\\\/\\\/radioljubuski.ba\\\/index.php\\\/2021\\\/09\\\/18\\\/konakovic-ponavljam-nije-u-redu-da-bosnjaci-biraju-hrvatskog-clana-predsjednistva\\\/#breadcrumb\"},\"inLanguage\":\"hr\",\"potentialAction\":[{\"@type\":\"ReadAction\",\"target\":[\"https:\\\/\\\/radioljubuski.ba\\\/index.php\\\/2021\\\/09\\\/18\\\/konakovic-ponavljam-nije-u-redu-da-bosnjaci-biraju-hrvatskog-clana-predsjednistva\\\/\"]}]},{\"@type\":\"ImageObject\",\"inLanguage\":\"hr\",\"@id\":\"https:\\\/\\\/radioljubuski.ba\\\/index.php\\\/2021\\\/09\\\/18\\\/konakovic-ponavljam-nije-u-redu-da-bosnjaci-biraju-hrvatskog-clana-predsjednistva\\\/#primaryimage\",\"url\":\"https:\\\/\\\/radioljubuski.ba\\\/wp-content\\\/uploads\\\/2021\\\/09\\\/konakovic-1068x601-1.jpg\",\"contentUrl\":\"https:\\\/\\\/radioljubuski.ba\\\/wp-content\\\/uploads\\\/2021\\\/09\\\/konakovic-1068x601-1.jpg\",\"width\":1068,\"height\":601},{\"@type\":\"BreadcrumbList\",\"@id\":\"https:\\\/\\\/radioljubuski.ba\\\/index.php\\\/2021\\\/09\\\/18\\\/konakovic-ponavljam-nije-u-redu-da-bosnjaci-biraju-hrvatskog-clana-predsjednistva\\\/#breadcrumb\",\"itemListElement\":[{\"@type\":\"ListItem\",\"position\":1,\"name\":\"Po\u010detna stranica\",\"item\":\"https:\\\/\\\/radioljubuski.ba\\\/\"},{\"@type\":\"ListItem\",\"position\":2,\"name\":\"Konakovi\u0107: Ponavljam, nije u redu da Bo\u0161njaci biraju hrvatskog \u010dlana Predsjedni\u0161tva\"}]},{\"@type\":\"WebSite\",\"@id\":\"https:\\\/\\\/radioljubuski.ba\\\/#website\",\"url\":\"https:\\\/\\\/radioljubuski.ba\\\/\",\"name\":\"Radio Ljubu\u0161ki\",\"description\":\"Sun\u010dana frekvencija Hercegovine\",\"publisher\":{\"@id\":\"https:\\\/\\\/radioljubuski.ba\\\/#organization\"},\"potentialAction\":[{\"@type\":\"SearchAction\",\"target\":{\"@type\":\"EntryPoint\",\"urlTemplate\":\"https:\\\/\\\/radioljubuski.ba\\\/?s={search_term_string}\"},\"query-input\":{\"@type\":\"PropertyValueSpecification\",\"valueRequired\":true,\"valueName\":\"search_term_string\"}}],\"inLanguage\":\"hr\"},{\"@type\":\"Organization\",\"@id\":\"https:\\\/\\\/radioljubuski.ba\\\/#organization\",\"name\":\"Radio Ljubu\u0161ki\",\"url\":\"https:\\\/\\\/radioljubuski.ba\\\/\",\"logo\":{\"@type\":\"ImageObject\",\"inLanguage\":\"hr\",\"@id\":\"https:\\\/\\\/radioljubuski.ba\\\/#\\\/schema\\\/logo\\\/image\\\/\",\"url\":\"https:\\\/\\\/radioljubuski.ba\\\/wp-content\\\/uploads\\\/2021\\\/02\\\/cropped-Radio_Ljubuski_logo1.jpg\",\"contentUrl\":\"https:\\\/\\\/radioljubuski.ba\\\/wp-content\\\/uploads\\\/2021\\\/02\\\/cropped-Radio_Ljubuski_logo1.jpg\",\"width\":512,\"height\":512,\"caption\":\"Radio Ljubu\u0161ki\"},\"image\":{\"@id\":\"https:\\\/\\\/radioljubuski.ba\\\/#\\\/schema\\\/logo\\\/image\\\/\"},\"sameAs\":[\"https:\\\/\\\/www.facebook.com\\\/Radiio-Ljubuski-1490835324566332\",\"https:\\\/\\\/x.com\\\/radioljubuski\",\"https:\\\/\\\/hr.linkedin.com\\\/company\\\/radio-ljubuski\",\"https:\\\/\\\/www.youtube.com\\\/channel\\\/UCHYaeO_n0Db3tjNGudGpXyw\"]},{\"@type\":\"Person\",\"@id\":\"https:\\\/\\\/radioljubuski.ba\\\/#\\\/schema\\\/person\\\/19fc700381a780f69665d7956c469e3b\",\"name\":\"Radio Ljubu\u0161ki\"}]}<\/script>\n<!-- \/ Yoast SEO plugin. -->","yoast_head_json":{"title":"Konakovi\u0107: Ponavljam, nije u redu da Bo\u0161njaci biraju hrvatskog \u010dlana Predsjedni\u0161tva - RADIO LJUBU\u0160KI","robots":{"index":"index","follow":"follow","max-snippet":"max-snippet:-1","max-image-preview":"max-image-preview:large","max-video-preview":"max-video-preview:-1"},"canonical":"https:\/\/radioljubuski.ba\/index.php\/2021\/09\/18\/konakovic-ponavljam-nije-u-redu-da-bosnjaci-biraju-hrvatskog-clana-predsjednistva\/","og_locale":"hr_HR","og_type":"article","og_title":"Konakovi\u0107: Ponavljam, nije u redu da Bo\u0161njaci biraju hrvatskog \u010dlana Predsjedni\u0161tva - RADIO LJUBU\u0160KI","og_description":"Lider Naroda i pravde Elmedin Konakovi\u0107 kazao je za N1 kako je apsolutno protiv prijedloga predsjednika HDZ-a BiH Dragana \u010covi\u0107a za popunjavanje Doma naroda. Ponovio je jo\u0161 jednom i da je protiv da Bo\u0161njaci biraju \u201chrvatskog \u010dlana Predsjedni\u0161tva Bosne i Hercegovine\u201d. Konakovi\u0107 je danas kategori\u010dno odbacio optu\u017ebe da podr\u017eava \u010covi\u0107a i na taj na\u010din poma\u017ee [&hellip;]","og_url":"https:\/\/radioljubuski.ba\/index.php\/2021\/09\/18\/konakovic-ponavljam-nije-u-redu-da-bosnjaci-biraju-hrvatskog-clana-predsjednistva\/","og_site_name":"RADIO LJUBU\u0160KI","article_publisher":"https:\/\/www.facebook.com\/Radiio-Ljubuski-1490835324566332","article_published_time":"2021-09-17T23:34:37+00:00","article_modified_time":"2021-09-17T23:34:38+00:00","og_image":[{"width":1068,"height":601,"url":"https:\/\/radioljubuski.ba\/wp-content\/uploads\/2021\/09\/konakovic-1068x601-1.jpg","type":"image\/jpeg"}],"author":"Radio Ljubu\u0161ki","twitter_card":"summary_large_image","twitter_creator":"@radioljubuski","twitter_site":"@radioljubuski","twitter_misc":{"Napisao\/la":"Radio Ljubu\u0161ki","Procijenjeno vrijeme \u010ditanja":"2 minute"},"schema":{"@context":"https:\/\/schema.org","@graph":[{"@type":"Article","@id":"https:\/\/radioljubuski.ba\/index.php\/2021\/09\/18\/konakovic-ponavljam-nije-u-redu-da-bosnjaci-biraju-hrvatskog-clana-predsjednistva\/#article","isPartOf":{"@id":"https:\/\/radioljubuski.ba\/index.php\/2021\/09\/18\/konakovic-ponavljam-nije-u-redu-da-bosnjaci-biraju-hrvatskog-clana-predsjednistva\/"},"author":{"name":"Radio Ljubu\u0161ki","@id":"https:\/\/radioljubuski.ba\/#\/schema\/person\/19fc700381a780f69665d7956c469e3b"},"headline":"Konakovi\u0107: Ponavljam, nije u redu da Bo\u0161njaci biraju hrvatskog \u010dlana Predsjedni\u0161tva","datePublished":"2021-09-17T23:34:37+00:00","dateModified":"2021-09-17T23:34:38+00:00","mainEntityOfPage":{"@id":"https:\/\/radioljubuski.ba\/index.php\/2021\/09\/18\/konakovic-ponavljam-nije-u-redu-da-bosnjaci-biraju-hrvatskog-clana-predsjednistva\/"},"wordCount":344,"publisher":{"@id":"https:\/\/radioljubuski.ba\/#organization"},"image":{"@id":"https:\/\/radioljubuski.ba\/index.php\/2021\/09\/18\/konakovic-ponavljam-nije-u-redu-da-bosnjaci-biraju-hrvatskog-clana-predsjednistva\/#primaryimage"},"thumbnailUrl":"https:\/\/radioljubuski.ba\/wp-content\/uploads\/2021\/09\/konakovic-1068x601-1.jpg","articleSection":["BIH i regija"],"inLanguage":"hr"},{"@type":"WebPage","@id":"https:\/\/radioljubuski.ba\/index.php\/2021\/09\/18\/konakovic-ponavljam-nije-u-redu-da-bosnjaci-biraju-hrvatskog-clana-predsjednistva\/","url":"https:\/\/radioljubuski.ba\/index.php\/2021\/09\/18\/konakovic-ponavljam-nije-u-redu-da-bosnjaci-biraju-hrvatskog-clana-predsjednistva\/","name":"Konakovi\u0107: Ponavljam, nije u redu da Bo\u0161njaci biraju hrvatskog \u010dlana Predsjedni\u0161tva - RADIO LJUBU\u0160KI","isPartOf":{"@id":"https:\/\/radioljubuski.ba\/#website"},"primaryImageOfPage":{"@id":"https:\/\/radioljubuski.ba\/index.php\/2021\/09\/18\/konakovic-ponavljam-nije-u-redu-da-bosnjaci-biraju-hrvatskog-clana-predsjednistva\/#primaryimage"},"image":{"@id":"https:\/\/radioljubuski.ba\/index.php\/2021\/09\/18\/konakovic-ponavljam-nije-u-redu-da-bosnjaci-biraju-hrvatskog-clana-predsjednistva\/#primaryimage"},"thumbnailUrl":"https:\/\/radioljubuski.ba\/wp-content\/uploads\/2021\/09\/konakovic-1068x601-1.jpg","datePublished":"2021-09-17T23:34:37+00:00","dateModified":"2021-09-17T23:34:38+00:00","breadcrumb":{"@id":"https:\/\/radioljubuski.ba\/index.php\/2021\/09\/18\/konakovic-ponavljam-nije-u-redu-da-bosnjaci-biraju-hrvatskog-clana-predsjednistva\/#breadcrumb"},"inLanguage":"hr","potentialAction":[{"@type":"ReadAction","target":["https:\/\/radioljubuski.ba\/index.php\/2021\/09\/18\/konakovic-ponavljam-nije-u-redu-da-bosnjaci-biraju-hrvatskog-clana-predsjednistva\/"]}]},{"@type":"ImageObject","inLanguage":"hr","@id":"https:\/\/radioljubuski.ba\/index.php\/2021\/09\/18\/konakovic-ponavljam-nije-u-redu-da-bosnjaci-biraju-hrvatskog-clana-predsjednistva\/#primaryimage","url":"https:\/\/radioljubuski.ba\/wp-content\/uploads\/2021\/09\/konakovic-1068x601-1.jpg","contentUrl":"https:\/\/radioljubuski.ba\/wp-content\/uploads\/2021\/09\/konakovic-1068x601-1.jpg","width":1068,"height":601},{"@type":"BreadcrumbList","@id":"https:\/\/radioljubuski.ba\/index.php\/2021\/09\/18\/konakovic-ponavljam-nije-u-redu-da-bosnjaci-biraju-hrvatskog-clana-predsjednistva\/#breadcrumb","itemListElement":[{"@type":"ListItem","position":1,"name":"Po\u010detna stranica","item":"https:\/\/radioljubuski.ba\/"},{"@type":"ListItem","position":2,"name":"Konakovi\u0107: Ponavljam, nije u redu da Bo\u0161njaci biraju hrvatskog \u010dlana Predsjedni\u0161tva"}]},{"@type":"WebSite","@id":"https:\/\/radioljubuski.ba\/#website","url":"https:\/\/radioljubuski.ba\/","name":"Radio Ljubu\u0161ki","description":"Sun\u010dana frekvencija Hercegovine","publisher":{"@id":"https:\/\/radioljubuski.ba\/#organization"},"potentialAction":[{"@type":"SearchAction","target":{"@type":"EntryPoint","urlTemplate":"https:\/\/radioljubuski.ba\/?s={search_term_string}"},"query-input":{"@type":"PropertyValueSpecification","valueRequired":true,"valueName":"search_term_string"}}],"inLanguage":"hr"},{"@type":"Organization","@id":"https:\/\/radioljubuski.ba\/#organization","name":"Radio Ljubu\u0161ki","url":"https:\/\/radioljubuski.ba\/","logo":{"@type":"ImageObject","inLanguage":"hr","@id":"https:\/\/radioljubuski.ba\/#\/schema\/logo\/image\/","url":"https:\/\/radioljubuski.ba\/wp-content\/uploads\/2021\/02\/cropped-Radio_Ljubuski_logo1.jpg","contentUrl":"https:\/\/radioljubuski.ba\/wp-content\/uploads\/2021\/02\/cropped-Radio_Ljubuski_logo1.jpg","width":512,"height":512,"caption":"Radio Ljubu\u0161ki"},"image":{"@id":"https:\/\/radioljubuski.ba\/#\/schema\/logo\/image\/"},"sameAs":["https:\/\/www.facebook.com\/Radiio-Ljubuski-1490835324566332","https:\/\/x.com\/radioljubuski","https:\/\/hr.linkedin.com\/company\/radio-ljubuski","https:\/\/www.youtube.com\/channel\/UCHYaeO_n0Db3tjNGudGpXyw"]},{"@type":"Person","@id":"https:\/\/radioljubuski.ba\/#\/schema\/person\/19fc700381a780f69665d7956c469e3b","name":"Radio Ljubu\u0161ki"}]}},"_links":{"self":[{"href":"https:\/\/radioljubuski.ba\/index.php\/wp-json\/wp\/v2\/posts\/64993","targetHints":{"allow":["GET"]}}],"collection":[{"href":"https:\/\/radioljubuski.ba\/index.php\/wp-json\/wp\/v2\/posts"}],"about":[{"href":"https:\/\/radioljubuski.ba\/index.php\/wp-json\/wp\/v2\/types\/post"}],"author":[{"embeddable":true,"href":"https:\/\/radioljubuski.ba\/index.php\/wp-json\/wp\/v2\/users\/2"}],"replies":[{"embeddable":true,"href":"https:\/\/radioljubuski.ba\/index.php\/wp-json\/wp\/v2\/comments?post=64993"}],"version-history":[{"count":1,"href":"https:\/\/radioljubuski.ba\/index.php\/wp-json\/wp\/v2\/posts\/64993\/revisions"}],"predecessor-version":[{"id":64995,"href":"https:\/\/radioljubuski.ba\/index.php\/wp-json\/wp\/v2\/posts\/64993\/revisions\/64995"}],"wp:featuredmedia":[{"embeddable":true,"href":"https:\/\/radioljubuski.ba\/index.php\/wp-json\/wp\/v2\/media\/64994"}],"wp:attachment":[{"href":"https:\/\/radioljubuski.ba\/index.php\/wp-json\/wp\/v2\/media?parent=64993"}],"wp:term":[{"taxonomy":"category","embeddable":true,"href":"https:\/\/radioljubuski.ba\/index.php\/wp-json\/wp\/v2\/categories?post=64993"},{"taxonomy":"post_tag","embeddable":true,"href":"https:\/\/radioljubuski.ba\/index.php\/wp-json\/wp\/v2\/tags?post=64993"}],"curies":[{"name":"wp","href":"https:\/\/api.w.org\/{rel}","templated":true}]}}