{"id":64996,"date":"2021-09-18T00:35:59","date_gmt":"2021-09-17T23:35:59","guid":{"rendered":"https:\/\/radioljubuski.ba\/?p=64996"},"modified":"2021-09-18T00:36:00","modified_gmt":"2021-09-17T23:36:00","slug":"tko-su-legitimni-predstavnici-i-zbog-cega-bez-legitimnog-predstavljanja-nema-demokracije","status":"publish","type":"post","link":"https:\/\/radioljubuski.ba\/index.php\/2021\/09\/18\/tko-su-legitimni-predstavnici-i-zbog-cega-bez-legitimnog-predstavljanja-nema-demokracije\/","title":{"rendered":"Tko su legitimni predstavnici i zbog \u010dega bez legitimnog predstavljanja nema demokracije?"},"content":{"rendered":"\n<p><strong>Predsjednik Naroda i pravde Elmedin Konakovi\u0107 kazao je za N1 kako termin \u201clegitimno predstavljanje\u201d ne postoji na \u201cWikipediji i drugim mjestima\u201d, ali da tamo postoji termin \u201clegitiman\u201d koji se odnosi na zakonit.<\/strong><\/p>\n\n\n\n<p>Reporterka N1 Adisa Imamovi\u0107 upitala je Konakovi\u0107a kako on definira \u201clegitimno predstavljanje\u201d u Predsjedni\u0161tvu BiH, na \u010demu insistira HDZ BiH, pre\u0161u\u0107uju\u0107i da to nala\u017ee presuda Ustavnog suda u predmetu Ljubi\u0107, na \u010dijoj provedbi insistira HDZ BiH.<\/p>\n\n\n\n<p>\u201cTermin \u2018legitimno predstavljanje\u2019 ne postoji. I u Wikipediji i u drugim mjestima termin \u2018legitiman\u2019 se odnosi na zakonit. Legitiman je izbor \u017deljka Kom\u0161i\u0107a jer mu dana\u0161nji zakoni to dozvoljavaju. Da li on na pravi na\u010din predstavlja interese hrvatskog naroda? Mislim da nije. On kao pojedinac mogao je napraviti mnogo vi\u0161e u obavljanju te funkcije i relaksirati odnose. Oni su napravili to da je \u010covi\u0107 gubljenjem pozicije u Predsjedni\u0161tvu dobio tri puta vi\u0161e pozicija, \u0161to nam je Izetbegovi\u0107 ovih dana i prezentirao\u201d, zaklju\u010dio je Elmedin Konakovi\u0107.<\/p>\n\n\n\n<p>Elmedin Konakovi\u0107, \u010dija izjava da nije dobro da Bo\u0161njaci Hrvatima biraju \u010dlana Predsjedni\u0161tva, predstavlja prijateljski gest prema Hrvatima i Bosni i Hercegovini, je profesor tjelesnog odgoja i, stoga, nije \u010dudno \u0161to ne poznaje zna\u010denje politolo\u0161kih termina poput legitimnosti i \u0161to ne razlikuje pojam legitiman i legalan. Wikipedia je internetska enciklopedia i ne daje uvijek to\u010dne i potpune informacije, jer je popunjavaju pojedinci, koji nu\u017eno ne moraju poznavati materiju o kojoj pi\u0161u. Oni koji se \u017eele upoznati s ustavno-pravnim pojmovima, politolo\u0161kim teorijama, tipovima dr\u017eavnih ure\u0111enja, trebali bi koristiti znanstvenu literaturu, a ne Wikipediu, pi\u0161e Hrvatski Medijski Servis.<\/p>\n\n\n\n<p>Tamo, me\u0111u ostalim, mogu nau\u010diti ne\u0161to i o zna\u010denju pojma legitimnost. Taj pojam pojavljuje se jo\u0161 u doba Francuske revolucije a utemeljitelj mu je Jean-Jacques Rousseau, danas se taj pojam smatra Sine qua non demokracije.<\/p>\n\n\n\n<p>Naime legitimnost vlasti proizlazi iz volje naroda, odnosno dr\u017eavna vlast vr\u0161i volju naroda, jer je narod suveren, i takav oblik vladavine je najbolji jer mu je svrha op\u0107a dobrobit. Dr\u017eave u kojima se ne po\u0161tuju na\u010dela legitimnog predstavljanja ne smatraju se demokratskim dr\u017eavama, ve\u0107 diktaturama.<\/p>\n\n\n\n<p>I u presudi Ustavnog suda BiH, legitimnost je klju\u010dni pojam. U toj se presudi nagla\u0161ava kako demokracija zna\u010di vladavina naroda, a da Ustav BiH, pod pojmom narod podrazumjeva tri konstitutivna naroda Bo\u0161njake, Hrvate i Srbe, te gra\u0111ane BiH. Ukratko oni koji su izabrani u skup\u0161tine \u017eupanije, zastupni\u010dke domove entiteta i dr\u017eave od strane gra\u0111ana su izraz legitimne volje gra\u0111ana. Obrnuto, kada bi netko mimo volje gra\u0111ana bio postavljen u ta predstavni\u010dka tijela gra\u0111ana smatralo bi se da on nema legitimitet predstavljati gra\u0111ane.<\/p>\n\n\n\n<p>I kako \u0161to su skup\u0161tine op\u0107ina, op\u0107inska vije\u0107a, \u017eupanijske skup\u0161tine, entitetski zastupni\u010dki domovi i Zastupni\u010dki dom Parlamenta BiH, izraz legitimne volje gra\u0111ana, tako \u010dlanovi domova naroda i Predsjedni\u0161tva BiH, prema presudi Ustavnog suda BiH, trebaju biti izraz legitimne volje tri konstitutivna, suverena naroda. A to zna\u010di da trebaju biti izabrani od strane ta tri naroda. To, o\u010dito, nije slu\u010daj s hrvatskim \u010dlanom Predsjedni\u0161tva BiH \u017deljkom Kom\u0161i\u0107em, koji nije izabran voljom Hrvata, ve\u0107&nbsp; predominatno voljom Bo\u0161njaka, \u0161to se mo\u017ee egzaktno dokazati, i s \u010detvoricom izaslanika u Klubu Hrvata Federalnog doma naroda, da se zadr\u017eimo samo na ova dva slu\u010daja. Dakle, ne radi se o tome je li netko manji ili ve\u0107i Hrvat, Bo\u0161njak ili Srbin, kako se namjerno poku\u0161ava izvrnuti zna\u010denje pojma legitiman, ve\u0107 je li izabran od onih koje, po Ustavu, treba predstavljati, pi\u0161e HMS.<\/p>\n\n\n\n<p>Uz to legalan i legitiman nisu sinonimi, rije\u010di istog zna\u010denja. Legalan zna\u010di zakonit, a sve \u0161to je zakonito ne mora nu\u017eno biti i legitimno, biti, dakle izraz izborne volje nositelja suvereniteta u demokratskim dru\u0161tvima. U diktaturama, tako\u0111er postoje zakoni, ali oni nisu izraz volje izabranih predstavnika naroda, ve\u0107 izraz volje diktatora.&nbsp; Svi zakoni moraju biti uskla\u0111eni s najvi\u0161im pravnim aktom zemlje Ustavom. Jesu li zakoni u skladu s Ustavom presu\u0111uje Ustavni sud, a Ustavni sud BiH, presudio je u predmetu Ljubi\u0107, da Izborni zakon BiH nije u skladu s Ustavom i zato je nalo\u017eio njegovu izmjenu. A kada se to nije dogodilo, poni\u0161tio je protuustavne odredbe tog zakona. Te odredbe sada Parlament BiH treba nadomjestiti onima koje \u0107e biti u skladu s ustavom.&nbsp; Prema tome, ako se za \u017deljka Kom\u0161i\u0107a mo\u017ee re\u0107i da je uvjetno re\u010deno zakonito izabran, prema odredbama Izbornog zakona ( mada je i to upitno jer i ustav je zakon i to vrhovni) onda isto tako treba konstatirati da je njegov izbor protustavan i nelegitiman, kao \u0161to je slu\u010daj i s \u010detvoricom izaslanika u Klubu Hrvata federalnog Doma naroda, pi\u0161e Hrvatski Medijski Servis.<\/p>\n\n\n\n<p>Uostalom, ovo \u0161to o tome tko je legitiman, a tko ne ka\u017ee presuda Ustavnog Suda BiH u predmetu Ljubi\u0107:<\/p>\n\n\n\n<p><strong>Sa\u017eetak obrazlo\u017eenja Odluke Ustavnog suda BiH U-23\/14 po apelaciji Bo\u017ee Ljubi\u0107a<\/strong><\/p>\n\n\n\n<p>Ustavni sud podsje\u0107a na tekst \u010dlanka I\/2. Ustava Bosne i Hercegovine: \u201eBosna i Hercegovina je demokratska dr\u017eava, koja funkcionira sukladno zakonu i temeljem slobodnih i demokratskih izbora\u201c iz kojeg slijedi<strong>&nbsp;na\u010delo vladavine prava prema kojem svi ustavi, zakoni i drugi propisi koji se donose moraju biti uskla\u0111eni sa ustavnim na\u010delima.<\/strong><\/p>\n\n\n\n<p>Ustavni sud podsje\u0107a da dr\u017eave u\u017eivaju \u0161iroko polje procjene u uspostavi i reguliranju izbornog sustava koji \u0107e primjenjivati. Postoje razli\u010diti na\u010dini organiziranja i provedbe izbora, a ova razli\u010ditost uvjetovana je, izme\u0111u ostalog, i politi\u010dkim razvojem zemlje. Zbog toga, zakonodavstvo koje regulira izbore mora biti sagledano u svjetlu politi\u010dkog razvoja zemlje koja je u pitanju. Nadalje,&nbsp;<strong>Ustavni sud podsje\u0107a da se prema op\u0107em na\u010delu demokracije pravo na demokratsko odlu\u010divanje ostvaruje legitimnim politi\u010dkim predstavljanjem koje mora biti utemeljeno na demokratskom izboru onih koje predstavlja i \u010dije interese zastupa.<\/strong>&nbsp;U tom smislu&nbsp;<strong>veza izme\u0111u onih koje predstavlja i njihovih politi\u010dkih predstavnika na svim administrativno-politi\u010dkim razinama je ta koja omogu\u0107ava legitimitet predstavnicima zajednice. Dakle, samo legitimitet predstavljanja stvara temelj za stvarno sudjelovanje i odlu\u010divanje.<\/strong><\/p>\n\n\n\n<p><strong>Ustavni sud ponovo podsje\u0107a na op\u0107e na\u010delo demokracije da vlast u dr\u017eavi proistje\u010de iz naroda i pripada narodu.&nbsp;<\/strong>Iz Ustava Bosne i Hercegovine slijedi da je Ustav Bosne i Hercegovine kao narod ozna\u010dio konstitutivne narode koji zajedno sa Ostalima i gra\u0111anima Bosne i Hercegovine \u010dine zajednicu dr\u017eavljana koja jednakopravno ostvaruje vlast putem svojih predstavnika, a pravo na demokratsko odlu\u010divanje ostvaruje se legitimnim politi\u010dkim predstavljanjem koje mora biti utemeljeno na demokratskom izboru te zajednice dr\u017eavljana koju predstavlja i \u010dije interese zastupa.&nbsp;<strong>Me\u0111utim, iz navedene alineje Preambule Ustava Bosne i Hercegovine slijedi da je ustavotvorac imenovao, odnosno ozna\u010dio konstitutivne narode (Bo\u0161njake, Srbe i Hrvate) kao posebne kolektivitete i priznao im jednaka prava, tj. da je \u201epodvukao\u201c poseban, jednakopravan i jednak status Bo\u0161njaka, Hrvata i Srba kao konstitutivnih naroda.<\/strong>&nbsp;U svezi s tim Ustavni sud podsje\u0107a na svoju Odluku broj U 5\/98 (odluka o konstitutivnosti) u kojoj je Ustavni sud istaknuo:&nbsp;<strong>\u201eOvo ozna\u010davanje u Preambuli, stoga, mora biti shva\u0107eno kao jedan natkrovljuju\u0107i princip Ustava BiH kojem se entiteti moraju u potpunosti povinovati prema \u010dlanu III\/3.(b) Ustava BiH.\u201c<\/strong><\/p>\n\n\n\n<p>\u2026.Nesporno je da iz navedenog proizlazi da je temeljna zada\u0107a Doma naroda za\u0161tita konstitutivnosti naroda. Nadalje, prema Ustavu Federacije, Federacija se sastoji od federalnih jedinica (kantona).<\/p>\n\n\n\n<p>Me\u0111utim, bez obzira na navedeno, Dom naroda nije Dom federalnih jedinica nego Dom konstitutivnih naroda. Ustavni sud dalje podsje\u0107a da su u cilju provedbe Odluke Ustavnog suda o konstitutivnosti naroda broj U 5\/98 doneseni amandmani na Ustav Federacije (\u010dlanak 8. Ustava Federacije BiH) radi njegova uskla\u0111ivanja sa Ustavom Bosne i Hercegovine, prema kojima je broj delegata smanjen i Dom naroda popunjen i delegatima iz reda srpskog naroda tako da svi konstitutivni narodi imaju jednak broj delegata u Domu naroda (po sedamnaest). Osim toga, Ustavni sud ukazuje i da je Ustavom Federacije propisano da amandmane na Ustav usvaja Dom naroda prostom ve\u0107inom, uklju\u010duju\u0107i ve\u0107inu bo\u0161nja\u010dkih, ve\u0107inu hrvatskih i ve\u0107inu srpskih delegata (po devet delegata).<\/p>\n\n\n\n<p><strong>Iz prethodne analize slijedi da pravo na demokratsko odlu\u010divanje koje se ostvaruje legitimnim politi\u010dkim predstavljanjem mora biti utemeljeno na demokratskom izboru delegata u Dom naroda Federacije Bosne i Hercegovine onog konstitutivnog naroda koji predstavlja i \u010dije interese zastupa<\/strong>. Dovode\u0107i naprijed navedeni zna\u010daj Doma naroda u ustavnom sustavu Federacije Bosne i Hercegovine u svezu s na\u010delom konstitutivnosti naroda neosporno proizlazi da&nbsp;<strong>na\u010delo konstitutivnosti naroda u Federaciji Bosne i Hercegovine, u kontekstu Doma naroda, mo\u017ee biti ostvareno samo ako se popunjavanje Doma naroda temelji na jasno preciziranim kriterijima koji trebaju dovesti do \u0161to potpunijeg predstavljanja svakog od tri konstitutivna naroda u Federaciji Bosne i Hercegovine<\/strong>. Suprotno od navedenog, neadekvatno politi\u010dko predstavljanje onih koje predstavlja i \u010dije interese zastupa dovodi do povrede na\u010dela konstitutivnosti, odnosno nejednakopravnosti bilo kojeg od konstitutivnih naroda, a time i povrede Ustava Bosne i Hercegovine, konkretno \u010dlanka I\/2. Ustava Bosne i Hercegovine.<\/p>\n\n\n\n<p><strong>Ustavni sud uo\u010dava da \u010dlanak 10.12. stavak 2. Izbornog zakona u dijelu: \u201eSvakom konstitutivnom narodu se daje jedno mjesto u svakom kantonu\u201c i \u010dlanak 20.16.A Izbornog zakona (odre\u0111ivanje po jednog delegata iz svakog konstitutivnog naroda za svaki kanton) daju mogu\u0107nost pripadniku konstitutivnog naroda da bude izabran u Dom naroda \u010dak i u krajnjem, ali mogu\u0107em slu\u010daju da je ta osoba jedini pripadnik nekog od konstitutivnih naroda u jednom od kantona, pod uvjetom da je izabrana u zakonodavno tijelo tog kantona.<\/strong>&nbsp;Dakle, tog delegata na neposrednim izborima izabrali su pripadnici drugog konstitutivnog naroda i u tom zakonodavnom tijelu tako\u0111er su ga izabrali pripadnici drugog konstitutivnog naroda. Ustavni sud podsje\u0107a da je u svojoj ranijoj praksi ve\u0107 iznio stajali\u0161te da nije pitanje ustavnosti neodgovaraju\u0107a implementacija odre\u0111enih zakonskih rje\u0161enja ako su ta rje\u0161enja, sama po sebi, u skladu sa Ustavom. U takvim situacijama, u slu\u010daju zlouporabe u implementaciji zakonskih odredbi postoje drugi odgovaraju\u0107i mehanizmi za\u0161tite. Me\u0111utim, u konkretnom slu\u010daju se ne radi o takvoj situaciji, ve\u0107 o situaciji da su navedene odredbe, same po sebi, u njihovoj implementaciji suprotne Ustavu Bosne i Hercegovine. Naime, ako se ima u vidu da ove odredbe daju mogu\u0107nost pripadniku konstitutivnog naroda da bude izabran u Dom naroda \u010dak i u krajnjem, ali mogu\u0107em slu\u010daju da je ta osoba jedini pripadnik nekog od konstitutivnih naroda u jednom od kantona, pod uvjetom da je izabrana u zakonodavno tijelo tog kantona na neposrednim izborima, a da je nakon toga ne biraju pripadnici tog konstitutivnog naroda u Dom naroda,&nbsp;<strong>vi\u0161e je nego o\u010dito da navedene odredbe omogu\u0107avaju da predstavnicima jednog konstitutivnog naroda u zakonodavnom tijelu kantona legitimitet daju predstavnici drugog konstitutivnog naroda, odnosno jedan takav delegat ima isti \u201ekapacitet\u201c u Domu naroda kao i bilo koji drugi delegat kojeg su izabrali pripadnici, odnosno delegati samo iz tog konstitutivnog naroda.<\/strong>&nbsp;Dakle, o\u010dito je da navedene odredbe impliciraju da pravo na demokratsko odlu\u010divanje isklju\u010divo legitimnim politi\u010dkim predstavljanjem ne\u0107e biti utemeljeno na demokratskom izboru delegata u Dom naroda Federacije Bosne i Hercegovine onog konstitutivnog naroda koji predstavlja i \u010dije interese zastupa. Nadalje, u situaciji kada im na neposrednim izborima u prete\u017enom dijelu legitimitet mogu dati pripadnici drugih konstitutivnih naroda, \u010dak i u slu\u010daju da zakonodavno tijelo kantona ima vi\u0161e delegata iz reda odre\u0111enog konstitutivnog naroda, navedene odredbe kr\u0161e Ustav Bosne i Hercegovine. U skladu s navedenim Ustavni sud nalazi da odredbe \u010dlanka 10.12. stavak 2. u dijelu: \u201eSvakom konstitutivnom narodu se daje jedno mjesto u svakom kantonu\u201c i odredbe \u010dlanka 20.16.A Izbornog zakona ne samo da se ne temelje na jasno preciziranim kriterijima koji trebaju dovesti do \u0161to potpunijeg predstavljanja svakog od tri konstitutivna naroda u Federaciji Bosne i Hercegovine nego o\u010dito impliciraju da pravo na demokratsko odlu\u010divanje isklju\u010divo legitimnim politi\u010dkim predstavljanjem ne\u0107e biti utemeljeno na demokratskom izboru delegata u Dom naroda Federacije Bosne i Hercegovine onog konstitutivnog naroda koji predstavlja i \u010dije interese zastupa.<strong>&nbsp;Ustavni sud nalazi da je navedeno suprotno na\u010delu konstitutivnosti, odnosno jednakopravnosti bilo kojeg od konstitutivnih naroda, a time i suprotno Ustavu Bosne i Hercegovine, konkretno \u010dlanku I\/2. Ustava Bosne i Hercegovine.<\/strong><\/p>\n\n\n\n<p><strong>Ustavni sud zaklju\u010duje da odredba Potpoglavlja B \u010dlanka 10.12. stavak 2. u dijelu: \u201eSvakom konstitutivnom narodu se daje jedno mjesto u svakom kantonu\u201c i odredbe Poglavlja 20. \u010dlanka 20.16.A stavak 2. to\u010d. a-j. Izbornog zakona nisu u skladu sa \u010dlankom I\/2. Ustava Bosne i Hercegovine. b) U odnosu na odredbe Potpoglavlja B \u010dl. 10.10., 10.12. u preostalom dijelu, 10.15. i 10.16. Izbornog zakona.<\/strong><\/p>\n\n\n\n<p>U odnosu na odredbe \u010dlanka 10.10. Izbornog zakona Ustavni sud smatra da ukupan broj delegata u Domu naroda iz reda odre\u0111enog konstitutivnog naroda mo\u017ee pokrenuti pitanje je li s ve\u0107om ili manjom vjerodostojno\u0161\u0107u predstavljen svaki konstitutivni narod u tom tijelu nakon odr\u017eanih izbora. Me\u0111utim, u konkretnom slu\u010daju ovako rje\u0161enje nije protuustavno jer je relevantnim odredbama kako Ustava Federacije tako i Izbornim zakonom utvr\u0111en isti broj delegata sva tri konstitutivna naroda u Domu naroda tako da je o\u010dito da omogu\u0107ava jednakopravno predstavljanje svih konstitutivnih naroda u Domu naroda.\/HMS\/<\/p>\n\n\n\n<p><em>P. S.: Da bo\u0161nja\u010dki politi\u010dari i novinari, naravno ne svi, itekako dobro znaju \u0161to je legitimno predstavljanje govore njihove izjave da u Vladi Republike Srpske sjede ministri Bo\u0161njaci ali da oni nisu izraz legitimni predstavnici Bo\u0161njaka, jer su izabrani voljom srpske ve\u0107ine u Narodnoj skup\u0161tini RS.<\/em><\/p>\n\n\n\n<p>\/HMS\/<\/p>\n","protected":false},"excerpt":{"rendered":"<p>Predsjednik Naroda i pravde Elmedin Konakovi\u0107 kazao je za N1 kako termin \u201clegitimno predstavljanje\u201d ne postoji na \u201cWikipediji i drugim mjestima\u201d, ali da tamo postoji termin \u201clegitiman\u201d koji se odnosi na zakonit. Reporterka N1 Adisa Imamovi\u0107 upitala je Konakovi\u0107a kako on definira \u201clegitimno predstavljanje\u201d u Predsjedni\u0161tvu BiH, na \u010demu insistira HDZ BiH, pre\u0161u\u0107uju\u0107i da to [&hellip;]<\/p>\n","protected":false},"author":2,"featured_media":64997,"comment_status":"closed","ping_status":"closed","sticky":false,"template":"","format":"standard","meta":{"h5ap_radio_sources":[],"footnotes":""},"categories":[1],"tags":[],"class_list":["post-64996","post","type-post","status-publish","format-standard","has-post-thumbnail","hentry","category-bihiregija"],"yoast_head":"<!-- This site is optimized with the Yoast SEO plugin v27.4 - https:\/\/yoast.com\/product\/yoast-seo-wordpress\/ -->\n<title>Tko su legitimni predstavnici i zbog \u010dega bez legitimnog predstavljanja nema demokracije? - RADIO LJUBU\u0160KI<\/title>\n<meta name=\"robots\" content=\"index, follow, max-snippet:-1, max-image-preview:large, max-video-preview:-1\" \/>\n<link rel=\"canonical\" href=\"https:\/\/radioljubuski.ba\/index.php\/2021\/09\/18\/tko-su-legitimni-predstavnici-i-zbog-cega-bez-legitimnog-predstavljanja-nema-demokracije\/\" \/>\n<meta property=\"og:locale\" content=\"hr_HR\" \/>\n<meta property=\"og:type\" content=\"article\" \/>\n<meta property=\"og:title\" content=\"Tko su legitimni predstavnici i zbog \u010dega bez legitimnog predstavljanja nema demokracije? - RADIO LJUBU\u0160KI\" \/>\n<meta property=\"og:description\" content=\"Predsjednik Naroda i pravde Elmedin Konakovi\u0107 kazao je za N1 kako termin \u201clegitimno predstavljanje\u201d ne postoji na \u201cWikipediji i drugim mjestima\u201d, ali da tamo postoji termin \u201clegitiman\u201d koji se odnosi na zakonit. Reporterka N1 Adisa Imamovi\u0107 upitala je Konakovi\u0107a kako on definira \u201clegitimno predstavljanje\u201d u Predsjedni\u0161tvu BiH, na \u010demu insistira HDZ BiH, pre\u0161u\u0107uju\u0107i da to [&hellip;]\" \/>\n<meta property=\"og:url\" content=\"https:\/\/radioljubuski.ba\/index.php\/2021\/09\/18\/tko-su-legitimni-predstavnici-i-zbog-cega-bez-legitimnog-predstavljanja-nema-demokracije\/\" \/>\n<meta property=\"og:site_name\" content=\"RADIO LJUBU\u0160KI\" \/>\n<meta property=\"article:publisher\" content=\"https:\/\/www.facebook.com\/Radiio-Ljubuski-1490835324566332\" \/>\n<meta property=\"article:published_time\" content=\"2021-09-17T23:35:59+00:00\" \/>\n<meta property=\"article:modified_time\" content=\"2021-09-17T23:36:00+00:00\" \/>\n<meta property=\"og:image\" content=\"https:\/\/radioljubuski.ba\/wp-content\/uploads\/2021\/09\/ustavni-sud-bih.jpg\" \/>\n\t<meta property=\"og:image:width\" content=\"860\" \/>\n\t<meta property=\"og:image:height\" content=\"450\" \/>\n\t<meta property=\"og:image:type\" content=\"image\/jpeg\" \/>\n<meta name=\"author\" content=\"Radio Ljubu\u0161ki\" \/>\n<meta name=\"twitter:card\" content=\"summary_large_image\" \/>\n<meta name=\"twitter:creator\" content=\"@radioljubuski\" \/>\n<meta name=\"twitter:site\" content=\"@radioljubuski\" \/>\n<meta name=\"twitter:label1\" content=\"Napisao\/la\" \/>\n\t<meta name=\"twitter:data1\" content=\"Radio Ljubu\u0161ki\" \/>\n\t<meta name=\"twitter:label2\" content=\"Procijenjeno vrijeme \u010ditanja\" \/>\n\t<meta name=\"twitter:data2\" content=\"10 minuta\" \/>\n<script type=\"application\/ld+json\" class=\"yoast-schema-graph\">{\"@context\":\"https:\\\/\\\/schema.org\",\"@graph\":[{\"@type\":\"Article\",\"@id\":\"https:\\\/\\\/radioljubuski.ba\\\/index.php\\\/2021\\\/09\\\/18\\\/tko-su-legitimni-predstavnici-i-zbog-cega-bez-legitimnog-predstavljanja-nema-demokracije\\\/#article\",\"isPartOf\":{\"@id\":\"https:\\\/\\\/radioljubuski.ba\\\/index.php\\\/2021\\\/09\\\/18\\\/tko-su-legitimni-predstavnici-i-zbog-cega-bez-legitimnog-predstavljanja-nema-demokracije\\\/\"},\"author\":{\"name\":\"Radio Ljubu\u0161ki\",\"@id\":\"https:\\\/\\\/radioljubuski.ba\\\/#\\\/schema\\\/person\\\/19fc700381a780f69665d7956c469e3b\"},\"headline\":\"Tko su legitimni predstavnici i zbog \u010dega bez legitimnog predstavljanja nema demokracije?\",\"datePublished\":\"2021-09-17T23:35:59+00:00\",\"dateModified\":\"2021-09-17T23:36:00+00:00\",\"mainEntityOfPage\":{\"@id\":\"https:\\\/\\\/radioljubuski.ba\\\/index.php\\\/2021\\\/09\\\/18\\\/tko-su-legitimni-predstavnici-i-zbog-cega-bez-legitimnog-predstavljanja-nema-demokracije\\\/\"},\"wordCount\":2320,\"publisher\":{\"@id\":\"https:\\\/\\\/radioljubuski.ba\\\/#organization\"},\"image\":{\"@id\":\"https:\\\/\\\/radioljubuski.ba\\\/index.php\\\/2021\\\/09\\\/18\\\/tko-su-legitimni-predstavnici-i-zbog-cega-bez-legitimnog-predstavljanja-nema-demokracije\\\/#primaryimage\"},\"thumbnailUrl\":\"https:\\\/\\\/radioljubuski.ba\\\/wp-content\\\/uploads\\\/2021\\\/09\\\/ustavni-sud-bih.jpg\",\"articleSection\":[\"BIH i regija\"],\"inLanguage\":\"hr\"},{\"@type\":\"WebPage\",\"@id\":\"https:\\\/\\\/radioljubuski.ba\\\/index.php\\\/2021\\\/09\\\/18\\\/tko-su-legitimni-predstavnici-i-zbog-cega-bez-legitimnog-predstavljanja-nema-demokracije\\\/\",\"url\":\"https:\\\/\\\/radioljubuski.ba\\\/index.php\\\/2021\\\/09\\\/18\\\/tko-su-legitimni-predstavnici-i-zbog-cega-bez-legitimnog-predstavljanja-nema-demokracije\\\/\",\"name\":\"Tko su legitimni predstavnici i zbog \u010dega bez legitimnog predstavljanja nema demokracije? - RADIO LJUBU\u0160KI\",\"isPartOf\":{\"@id\":\"https:\\\/\\\/radioljubuski.ba\\\/#website\"},\"primaryImageOfPage\":{\"@id\":\"https:\\\/\\\/radioljubuski.ba\\\/index.php\\\/2021\\\/09\\\/18\\\/tko-su-legitimni-predstavnici-i-zbog-cega-bez-legitimnog-predstavljanja-nema-demokracije\\\/#primaryimage\"},\"image\":{\"@id\":\"https:\\\/\\\/radioljubuski.ba\\\/index.php\\\/2021\\\/09\\\/18\\\/tko-su-legitimni-predstavnici-i-zbog-cega-bez-legitimnog-predstavljanja-nema-demokracije\\\/#primaryimage\"},\"thumbnailUrl\":\"https:\\\/\\\/radioljubuski.ba\\\/wp-content\\\/uploads\\\/2021\\\/09\\\/ustavni-sud-bih.jpg\",\"datePublished\":\"2021-09-17T23:35:59+00:00\",\"dateModified\":\"2021-09-17T23:36:00+00:00\",\"breadcrumb\":{\"@id\":\"https:\\\/\\\/radioljubuski.ba\\\/index.php\\\/2021\\\/09\\\/18\\\/tko-su-legitimni-predstavnici-i-zbog-cega-bez-legitimnog-predstavljanja-nema-demokracije\\\/#breadcrumb\"},\"inLanguage\":\"hr\",\"potentialAction\":[{\"@type\":\"ReadAction\",\"target\":[\"https:\\\/\\\/radioljubuski.ba\\\/index.php\\\/2021\\\/09\\\/18\\\/tko-su-legitimni-predstavnici-i-zbog-cega-bez-legitimnog-predstavljanja-nema-demokracije\\\/\"]}]},{\"@type\":\"ImageObject\",\"inLanguage\":\"hr\",\"@id\":\"https:\\\/\\\/radioljubuski.ba\\\/index.php\\\/2021\\\/09\\\/18\\\/tko-su-legitimni-predstavnici-i-zbog-cega-bez-legitimnog-predstavljanja-nema-demokracije\\\/#primaryimage\",\"url\":\"https:\\\/\\\/radioljubuski.ba\\\/wp-content\\\/uploads\\\/2021\\\/09\\\/ustavni-sud-bih.jpg\",\"contentUrl\":\"https:\\\/\\\/radioljubuski.ba\\\/wp-content\\\/uploads\\\/2021\\\/09\\\/ustavni-sud-bih.jpg\",\"width\":860,\"height\":450},{\"@type\":\"BreadcrumbList\",\"@id\":\"https:\\\/\\\/radioljubuski.ba\\\/index.php\\\/2021\\\/09\\\/18\\\/tko-su-legitimni-predstavnici-i-zbog-cega-bez-legitimnog-predstavljanja-nema-demokracije\\\/#breadcrumb\",\"itemListElement\":[{\"@type\":\"ListItem\",\"position\":1,\"name\":\"Po\u010detna stranica\",\"item\":\"https:\\\/\\\/radioljubuski.ba\\\/\"},{\"@type\":\"ListItem\",\"position\":2,\"name\":\"Tko su legitimni predstavnici i zbog \u010dega bez legitimnog predstavljanja nema demokracije?\"}]},{\"@type\":\"WebSite\",\"@id\":\"https:\\\/\\\/radioljubuski.ba\\\/#website\",\"url\":\"https:\\\/\\\/radioljubuski.ba\\\/\",\"name\":\"Radio Ljubu\u0161ki\",\"description\":\"Sun\u010dana frekvencija Hercegovine\",\"publisher\":{\"@id\":\"https:\\\/\\\/radioljubuski.ba\\\/#organization\"},\"potentialAction\":[{\"@type\":\"SearchAction\",\"target\":{\"@type\":\"EntryPoint\",\"urlTemplate\":\"https:\\\/\\\/radioljubuski.ba\\\/?s={search_term_string}\"},\"query-input\":{\"@type\":\"PropertyValueSpecification\",\"valueRequired\":true,\"valueName\":\"search_term_string\"}}],\"inLanguage\":\"hr\"},{\"@type\":\"Organization\",\"@id\":\"https:\\\/\\\/radioljubuski.ba\\\/#organization\",\"name\":\"Radio Ljubu\u0161ki\",\"url\":\"https:\\\/\\\/radioljubuski.ba\\\/\",\"logo\":{\"@type\":\"ImageObject\",\"inLanguage\":\"hr\",\"@id\":\"https:\\\/\\\/radioljubuski.ba\\\/#\\\/schema\\\/logo\\\/image\\\/\",\"url\":\"https:\\\/\\\/radioljubuski.ba\\\/wp-content\\\/uploads\\\/2021\\\/02\\\/cropped-Radio_Ljubuski_logo1.jpg\",\"contentUrl\":\"https:\\\/\\\/radioljubuski.ba\\\/wp-content\\\/uploads\\\/2021\\\/02\\\/cropped-Radio_Ljubuski_logo1.jpg\",\"width\":512,\"height\":512,\"caption\":\"Radio Ljubu\u0161ki\"},\"image\":{\"@id\":\"https:\\\/\\\/radioljubuski.ba\\\/#\\\/schema\\\/logo\\\/image\\\/\"},\"sameAs\":[\"https:\\\/\\\/www.facebook.com\\\/Radiio-Ljubuski-1490835324566332\",\"https:\\\/\\\/x.com\\\/radioljubuski\",\"https:\\\/\\\/hr.linkedin.com\\\/company\\\/radio-ljubuski\",\"https:\\\/\\\/www.youtube.com\\\/channel\\\/UCHYaeO_n0Db3tjNGudGpXyw\"]},{\"@type\":\"Person\",\"@id\":\"https:\\\/\\\/radioljubuski.ba\\\/#\\\/schema\\\/person\\\/19fc700381a780f69665d7956c469e3b\",\"name\":\"Radio Ljubu\u0161ki\"}]}<\/script>\n<!-- \/ Yoast SEO plugin. -->","yoast_head_json":{"title":"Tko su legitimni predstavnici i zbog \u010dega bez legitimnog predstavljanja nema demokracije? - RADIO LJUBU\u0160KI","robots":{"index":"index","follow":"follow","max-snippet":"max-snippet:-1","max-image-preview":"max-image-preview:large","max-video-preview":"max-video-preview:-1"},"canonical":"https:\/\/radioljubuski.ba\/index.php\/2021\/09\/18\/tko-su-legitimni-predstavnici-i-zbog-cega-bez-legitimnog-predstavljanja-nema-demokracije\/","og_locale":"hr_HR","og_type":"article","og_title":"Tko su legitimni predstavnici i zbog \u010dega bez legitimnog predstavljanja nema demokracije? - RADIO LJUBU\u0160KI","og_description":"Predsjednik Naroda i pravde Elmedin Konakovi\u0107 kazao je za N1 kako termin \u201clegitimno predstavljanje\u201d ne postoji na \u201cWikipediji i drugim mjestima\u201d, ali da tamo postoji termin \u201clegitiman\u201d koji se odnosi na zakonit. Reporterka N1 Adisa Imamovi\u0107 upitala je Konakovi\u0107a kako on definira \u201clegitimno predstavljanje\u201d u Predsjedni\u0161tvu BiH, na \u010demu insistira HDZ BiH, pre\u0161u\u0107uju\u0107i da to [&hellip;]","og_url":"https:\/\/radioljubuski.ba\/index.php\/2021\/09\/18\/tko-su-legitimni-predstavnici-i-zbog-cega-bez-legitimnog-predstavljanja-nema-demokracije\/","og_site_name":"RADIO LJUBU\u0160KI","article_publisher":"https:\/\/www.facebook.com\/Radiio-Ljubuski-1490835324566332","article_published_time":"2021-09-17T23:35:59+00:00","article_modified_time":"2021-09-17T23:36:00+00:00","og_image":[{"width":860,"height":450,"url":"https:\/\/radioljubuski.ba\/wp-content\/uploads\/2021\/09\/ustavni-sud-bih.jpg","type":"image\/jpeg"}],"author":"Radio Ljubu\u0161ki","twitter_card":"summary_large_image","twitter_creator":"@radioljubuski","twitter_site":"@radioljubuski","twitter_misc":{"Napisao\/la":"Radio Ljubu\u0161ki","Procijenjeno vrijeme \u010ditanja":"10 minuta"},"schema":{"@context":"https:\/\/schema.org","@graph":[{"@type":"Article","@id":"https:\/\/radioljubuski.ba\/index.php\/2021\/09\/18\/tko-su-legitimni-predstavnici-i-zbog-cega-bez-legitimnog-predstavljanja-nema-demokracije\/#article","isPartOf":{"@id":"https:\/\/radioljubuski.ba\/index.php\/2021\/09\/18\/tko-su-legitimni-predstavnici-i-zbog-cega-bez-legitimnog-predstavljanja-nema-demokracije\/"},"author":{"name":"Radio Ljubu\u0161ki","@id":"https:\/\/radioljubuski.ba\/#\/schema\/person\/19fc700381a780f69665d7956c469e3b"},"headline":"Tko su legitimni predstavnici i zbog \u010dega bez legitimnog predstavljanja nema demokracije?","datePublished":"2021-09-17T23:35:59+00:00","dateModified":"2021-09-17T23:36:00+00:00","mainEntityOfPage":{"@id":"https:\/\/radioljubuski.ba\/index.php\/2021\/09\/18\/tko-su-legitimni-predstavnici-i-zbog-cega-bez-legitimnog-predstavljanja-nema-demokracije\/"},"wordCount":2320,"publisher":{"@id":"https:\/\/radioljubuski.ba\/#organization"},"image":{"@id":"https:\/\/radioljubuski.ba\/index.php\/2021\/09\/18\/tko-su-legitimni-predstavnici-i-zbog-cega-bez-legitimnog-predstavljanja-nema-demokracije\/#primaryimage"},"thumbnailUrl":"https:\/\/radioljubuski.ba\/wp-content\/uploads\/2021\/09\/ustavni-sud-bih.jpg","articleSection":["BIH i regija"],"inLanguage":"hr"},{"@type":"WebPage","@id":"https:\/\/radioljubuski.ba\/index.php\/2021\/09\/18\/tko-su-legitimni-predstavnici-i-zbog-cega-bez-legitimnog-predstavljanja-nema-demokracije\/","url":"https:\/\/radioljubuski.ba\/index.php\/2021\/09\/18\/tko-su-legitimni-predstavnici-i-zbog-cega-bez-legitimnog-predstavljanja-nema-demokracije\/","name":"Tko su legitimni predstavnici i zbog \u010dega bez legitimnog predstavljanja nema demokracije? - RADIO LJUBU\u0160KI","isPartOf":{"@id":"https:\/\/radioljubuski.ba\/#website"},"primaryImageOfPage":{"@id":"https:\/\/radioljubuski.ba\/index.php\/2021\/09\/18\/tko-su-legitimni-predstavnici-i-zbog-cega-bez-legitimnog-predstavljanja-nema-demokracije\/#primaryimage"},"image":{"@id":"https:\/\/radioljubuski.ba\/index.php\/2021\/09\/18\/tko-su-legitimni-predstavnici-i-zbog-cega-bez-legitimnog-predstavljanja-nema-demokracije\/#primaryimage"},"thumbnailUrl":"https:\/\/radioljubuski.ba\/wp-content\/uploads\/2021\/09\/ustavni-sud-bih.jpg","datePublished":"2021-09-17T23:35:59+00:00","dateModified":"2021-09-17T23:36:00+00:00","breadcrumb":{"@id":"https:\/\/radioljubuski.ba\/index.php\/2021\/09\/18\/tko-su-legitimni-predstavnici-i-zbog-cega-bez-legitimnog-predstavljanja-nema-demokracije\/#breadcrumb"},"inLanguage":"hr","potentialAction":[{"@type":"ReadAction","target":["https:\/\/radioljubuski.ba\/index.php\/2021\/09\/18\/tko-su-legitimni-predstavnici-i-zbog-cega-bez-legitimnog-predstavljanja-nema-demokracije\/"]}]},{"@type":"ImageObject","inLanguage":"hr","@id":"https:\/\/radioljubuski.ba\/index.php\/2021\/09\/18\/tko-su-legitimni-predstavnici-i-zbog-cega-bez-legitimnog-predstavljanja-nema-demokracije\/#primaryimage","url":"https:\/\/radioljubuski.ba\/wp-content\/uploads\/2021\/09\/ustavni-sud-bih.jpg","contentUrl":"https:\/\/radioljubuski.ba\/wp-content\/uploads\/2021\/09\/ustavni-sud-bih.jpg","width":860,"height":450},{"@type":"BreadcrumbList","@id":"https:\/\/radioljubuski.ba\/index.php\/2021\/09\/18\/tko-su-legitimni-predstavnici-i-zbog-cega-bez-legitimnog-predstavljanja-nema-demokracije\/#breadcrumb","itemListElement":[{"@type":"ListItem","position":1,"name":"Po\u010detna stranica","item":"https:\/\/radioljubuski.ba\/"},{"@type":"ListItem","position":2,"name":"Tko su legitimni predstavnici i zbog \u010dega bez legitimnog predstavljanja nema demokracije?"}]},{"@type":"WebSite","@id":"https:\/\/radioljubuski.ba\/#website","url":"https:\/\/radioljubuski.ba\/","name":"Radio Ljubu\u0161ki","description":"Sun\u010dana frekvencija Hercegovine","publisher":{"@id":"https:\/\/radioljubuski.ba\/#organization"},"potentialAction":[{"@type":"SearchAction","target":{"@type":"EntryPoint","urlTemplate":"https:\/\/radioljubuski.ba\/?s={search_term_string}"},"query-input":{"@type":"PropertyValueSpecification","valueRequired":true,"valueName":"search_term_string"}}],"inLanguage":"hr"},{"@type":"Organization","@id":"https:\/\/radioljubuski.ba\/#organization","name":"Radio Ljubu\u0161ki","url":"https:\/\/radioljubuski.ba\/","logo":{"@type":"ImageObject","inLanguage":"hr","@id":"https:\/\/radioljubuski.ba\/#\/schema\/logo\/image\/","url":"https:\/\/radioljubuski.ba\/wp-content\/uploads\/2021\/02\/cropped-Radio_Ljubuski_logo1.jpg","contentUrl":"https:\/\/radioljubuski.ba\/wp-content\/uploads\/2021\/02\/cropped-Radio_Ljubuski_logo1.jpg","width":512,"height":512,"caption":"Radio Ljubu\u0161ki"},"image":{"@id":"https:\/\/radioljubuski.ba\/#\/schema\/logo\/image\/"},"sameAs":["https:\/\/www.facebook.com\/Radiio-Ljubuski-1490835324566332","https:\/\/x.com\/radioljubuski","https:\/\/hr.linkedin.com\/company\/radio-ljubuski","https:\/\/www.youtube.com\/channel\/UCHYaeO_n0Db3tjNGudGpXyw"]},{"@type":"Person","@id":"https:\/\/radioljubuski.ba\/#\/schema\/person\/19fc700381a780f69665d7956c469e3b","name":"Radio Ljubu\u0161ki"}]}},"_links":{"self":[{"href":"https:\/\/radioljubuski.ba\/index.php\/wp-json\/wp\/v2\/posts\/64996","targetHints":{"allow":["GET"]}}],"collection":[{"href":"https:\/\/radioljubuski.ba\/index.php\/wp-json\/wp\/v2\/posts"}],"about":[{"href":"https:\/\/radioljubuski.ba\/index.php\/wp-json\/wp\/v2\/types\/post"}],"author":[{"embeddable":true,"href":"https:\/\/radioljubuski.ba\/index.php\/wp-json\/wp\/v2\/users\/2"}],"replies":[{"embeddable":true,"href":"https:\/\/radioljubuski.ba\/index.php\/wp-json\/wp\/v2\/comments?post=64996"}],"version-history":[{"count":1,"href":"https:\/\/radioljubuski.ba\/index.php\/wp-json\/wp\/v2\/posts\/64996\/revisions"}],"predecessor-version":[{"id":64998,"href":"https:\/\/radioljubuski.ba\/index.php\/wp-json\/wp\/v2\/posts\/64996\/revisions\/64998"}],"wp:featuredmedia":[{"embeddable":true,"href":"https:\/\/radioljubuski.ba\/index.php\/wp-json\/wp\/v2\/media\/64997"}],"wp:attachment":[{"href":"https:\/\/radioljubuski.ba\/index.php\/wp-json\/wp\/v2\/media?parent=64996"}],"wp:term":[{"taxonomy":"category","embeddable":true,"href":"https:\/\/radioljubuski.ba\/index.php\/wp-json\/wp\/v2\/categories?post=64996"},{"taxonomy":"post_tag","embeddable":true,"href":"https:\/\/radioljubuski.ba\/index.php\/wp-json\/wp\/v2\/tags?post=64996"}],"curies":[{"name":"wp","href":"https:\/\/api.w.org\/{rel}","templated":true}]}}