{"id":64999,"date":"2021-09-18T00:36:59","date_gmt":"2021-09-17T23:36:59","guid":{"rendered":"https:\/\/radioljubuski.ba\/?p=64999"},"modified":"2021-09-18T00:36:59","modified_gmt":"2021-09-17T23:36:59","slug":"anksioznost-u-trudnoci-uzrok-simptomi-i-je-li-opasna-po-zdravlje-bebe","status":"publish","type":"post","link":"https:\/\/radioljubuski.ba\/index.php\/2021\/09\/18\/anksioznost-u-trudnoci-uzrok-simptomi-i-je-li-opasna-po-zdravlje-bebe\/","title":{"rendered":"Anksioznost u trudno\u0107i: Uzrok, simptomi i je li opasna po zdravlje bebe?"},"content":{"rendered":"\n<p><strong>Osje\u0107aj tjeskobe, nemira i anksioznosti u trudno\u0107i obi\u010dno nije znak za uzbunu, no rije\u010d je o pojavi na koju treba obratiti pozornosti i na koju treba reagirati.<\/strong><\/p>\n\n\n\n<p>Promjene raspolo\u017eenja i razdra\u017eljivost kod trudnica nisu neobi\u010dna pojava, prvenstveno zbog velike promjene u hormonalnoj ravnote\u017ei. Nakon poroda mo\u017ee do\u0107i do postporo\u0111ajne depresije ili baby bluesa, a za vrijeme trudno\u0107e se mo\u017ee pojaviti anksioznost.<\/p>\n\n\n\n<p><strong>Anksioznost u trudno\u0107i<\/strong>&nbsp;mo\u017ee biti opasna za majku i dijete te mo\u017ee utjecati na slabiji razvoj i emotivne pote\u0161ko\u0107e u kasnijem \u017eivotu kod djece. Budu\u0107i da je tomu tako, nu\u017eno je ovaj poreme\u0107aj \u0161to prije prepoznati i lije\u010diti ga.<\/p>\n\n\n\n<h2 class=\"wp-block-heading\">Kako nastaje anksioznost u trudno\u0107i?<\/h2>\n\n\n\n<p>Anksioznost mo\u017ee nastati u bilo kojem periodu trudno\u0107e, no naj\u010de\u0161\u0107e se pojavljuje u prvom tromjese\u010dju, najvjerojatnije zbog intenzivnog utjecaja i promjene hormona. Rije\u010d je o stanju koje je mnogo vi\u0161e od \u017eivciranja zbog primjerice jutarnjih mu\u010dnina, pove\u0107anja tjelesne mase ili drugih \u010dimbenika.<\/p>\n\n\n\n<p>Anksioznost u trudno\u0107i je du\u017ee stanje koje karakterizira op\u0107i nemir, te\u0161ko kontroliranje emocija i izazivanje fizi\u010dkih simptoma poput problema sa spavanjem.<\/p>\n\n\n\n<p>Ovo su naj\u010de\u0161\u0107i&nbsp;<strong>simptomi anksioznosti u trudno\u0107i:<\/strong><\/p>\n\n\n\n<p><strong>\u2013&nbsp;<\/strong>osje\u0107aj nemira i razdra\u017eljivosti neovisno o vanjskim utjecajima<\/p>\n\n\n\n<p>\u2013 osje\u0107aj nezadovoljstva i nemira bez prestanka<\/p>\n\n\n\n<p>\u2013 nemogu\u0107nost kontroliranja ru\u017enih misli<\/p>\n\n\n\n<p>\u2013 pani\u010dni napadaji<\/p>\n\n\n\n<p>\u2013 osje\u0107aj te\u017eine u tijelu, napetost mi\u0161i\u0107a, posebice vrata i \u010deljusti<\/p>\n\n\n\n<p>\u2013 problemi s uspavljivanjem, no\u0107ne more i no\u0107no bu\u0111enje<\/p>\n\n\n\n<p>\u2013 te\u0161ko umirivanje i op\u0107i osje\u0107aj bezvoljnosti<\/p>\n\n\n\n<p>Ovi simptomi su individualni i kod nekih se trudnica mogu pojavljivati u ve\u0107oj ili manjoj mjeri, no ve\u0107ina njih s vremenom mo\u017ee postati sve ja\u010da ukoliko se ne tretira. Uz anksioznost u trudno\u0107i mo\u017ee se pojaviti i depresija \u010diji simptomi obi\u010dno uklju\u010duju ljutnju, gubitak samopouzdanja, gubitak koncentracije i op\u0107i osje\u0107aj bezvoljnosti.<\/p>\n\n\n\n<h2 class=\"wp-block-heading\">Utje\u010de li anksioznost u trudno\u0107i na fetus?<\/h2>\n\n\n\n<p>Osje\u0107aj nemira i tjeskobe, osim na trudnicu mo\u017ee imati negativan utjecaj na fetus. Visoke razine anksioznosti u trudno\u0107i, pokazalo se, mogu rezultirati pote\u0161ko\u0107ama pri porodu. Pojava tjeskobe u ranom periodu trudno\u0107e mo\u017ee imati utjecaj na gubitak bebe, a&nbsp;<strong>anksioznost u drugom i tre\u0107em tromjese\u010dju&nbsp;<\/strong>mo\u017ee rezultirati pote\u0161ko\u0107ama pri porodu i razvoju djeteta u kasnijoj dobi.<\/p>\n\n\n\n<p>Istra\u017eivanja pokazuju kako anksioznost u trudno\u0107i utje\u010de na dru\u0161tveno pona\u0161anje i plodnost djeteta kod odrastaju. Tako\u0111er, ve\u0107i je rizik da \u0107e dijete imati emocionalne probleme, hiperaktivni poreme\u0107aj, probleme s koncentracijom i kognitivnim razvojem. Anksioznost u trudno\u0107i pokazala se kao uzrok lo\u0161e komunikacije s djetetom, no na to utje\u010de i generalni pesimizam.<\/p>\n\n\n\n<p>Razlog za to je \u010dinjenica da se mozak djeteta te \u017eiv\u010dani sistem razvija kroz cijelu trudno\u0107u, posebice u periodu tre\u0107eg tromjese\u010dja. Za vrijeme trudno\u0107e je kompletni \u017eiv\u010dani sustav posebno osjetljiv zbog \u010dega na njega mogu utjecati vanjski uzroci poput anksioznosti trudnice. Regije mozga kod fetusa na koje anksioznost najvi\u0161e utje\u010de su vrlo va\u017ene za kognitivno, emotivno i dru\u0161tveno razvijanje kasnije u \u017eivotu.<\/p>\n\n\n\n<p>Studije pokazuju kako anksioznost u trudno\u0107i mo\u017ee izazvati sporije razvijanje bebe, ni\u017ee akademske uspjehe, pove\u0107anu emotivnu reakciju te bihevioralne probleme kroz vrijeme adolescencije. Svi ovi podaci pokazuju kako je anksioznost u trudno\u0107i va\u017ena stvar koju je potrebno dijagnosticirati i lije\u010diti na vrijeme.<\/p>\n\n\n\n<p>Anksioznost u trudno\u0107i i porod su tako\u0111er povezani jer se pokazalo kako tjeskoba mo\u017ee izazvati odlju\u0161tenje posteljice, ote\u017eanu prehranu ploda, preuranjeni porod te porod carskim rezom, pi\u0161e N1.<\/p>\n\n\n\n<h2 class=\"wp-block-heading\">Lije\u010denje anksioznosti u trudno\u0107i<\/h2>\n\n\n\n<p>S obzirom na to da sama trudno\u0107a mo\u017ee biti uzrok tjeskobe, neke simptome bi bilo dobro \u0161to prije izlije\u010diti.&nbsp;<strong>Anksiozni poreme\u0107aj u trudno\u0107i&nbsp;<\/strong>tretira se psihoterapijskim tehnikama, psiholo\u0161kom potporom i pripremom trudnice na porod i maj\u010dinstvo.<\/p>\n\n\n\n<p>Kod lije\u010denja anksioznosti u trudno\u0107i mogu se koristiti razli\u010dite psiholo\u0161ke tehnike, a obi\u010dno se izbjegava uzimanje lijekova. Cilj je postizanje zadovoljavaju\u0107eg \u017eivota kod \u017eene. Psiholo\u0161ko stanje trudnice potrebno je pratiti kroz cijeli period trudno\u0107e, ali i nakon poroda.<\/p>\n\n\n\n<p>Majkama se savjetuje maj\u010dinsko savjetovanje posebice ako do\u017eivljavaju strah od poroda ili maj\u010dinstva, \u0161to je normalna i uobi\u010dajena stvar. Obiteljima trudnice se savjetuje stalna komunikacija i pru\u017eanje podr\u0161ke trudnicama kojima je va\u017eno pokazati da nisu same u svojim mislima te da se iz svega toga mogu izvu\u0107i kako bi sa\u010duvale svoje zdravlje i zdravlje svog djeteta.<\/p>\n\n\n\n<p>\/HMS\/<\/p>\n","protected":false},"excerpt":{"rendered":"<p>Osje\u0107aj tjeskobe, nemira i anksioznosti u trudno\u0107i obi\u010dno nije znak za uzbunu, no rije\u010d je o pojavi na koju treba obratiti pozornosti i na koju treba reagirati. Promjene raspolo\u017eenja i razdra\u017eljivost kod trudnica nisu neobi\u010dna pojava, prvenstveno zbog velike promjene u hormonalnoj ravnote\u017ei. Nakon poroda mo\u017ee do\u0107i do postporo\u0111ajne depresije ili baby bluesa, a za [&hellip;]<\/p>\n","protected":false},"author":2,"featured_media":65000,"comment_status":"closed","ping_status":"closed","sticky":false,"template":"","format":"standard","meta":{"h5ap_radio_sources":[],"footnotes":""},"categories":[1],"tags":[],"class_list":["post-64999","post","type-post","status-publish","format-standard","has-post-thumbnail","hentry","category-bihiregija"],"yoast_head":"<!-- This site is optimized with the Yoast SEO plugin v27.4 - https:\/\/yoast.com\/product\/yoast-seo-wordpress\/ -->\n<title>Anksioznost u trudno\u0107i: Uzrok, simptomi i je li opasna po zdravlje bebe? - RADIO LJUBU\u0160KI<\/title>\n<meta name=\"robots\" content=\"index, follow, max-snippet:-1, max-image-preview:large, max-video-preview:-1\" \/>\n<link rel=\"canonical\" href=\"https:\/\/radioljubuski.ba\/index.php\/2021\/09\/18\/anksioznost-u-trudnoci-uzrok-simptomi-i-je-li-opasna-po-zdravlje-bebe\/\" \/>\n<meta property=\"og:locale\" content=\"hr_HR\" \/>\n<meta property=\"og:type\" content=\"article\" \/>\n<meta property=\"og:title\" content=\"Anksioznost u trudno\u0107i: Uzrok, simptomi i je li opasna po zdravlje bebe? - RADIO LJUBU\u0160KI\" \/>\n<meta property=\"og:description\" content=\"Osje\u0107aj tjeskobe, nemira i anksioznosti u trudno\u0107i obi\u010dno nije znak za uzbunu, no rije\u010d je o pojavi na koju treba obratiti pozornosti i na koju treba reagirati. Promjene raspolo\u017eenja i razdra\u017eljivost kod trudnica nisu neobi\u010dna pojava, prvenstveno zbog velike promjene u hormonalnoj ravnote\u017ei. Nakon poroda mo\u017ee do\u0107i do postporo\u0111ajne depresije ili baby bluesa, a za [&hellip;]\" \/>\n<meta property=\"og:url\" content=\"https:\/\/radioljubuski.ba\/index.php\/2021\/09\/18\/anksioznost-u-trudnoci-uzrok-simptomi-i-je-li-opasna-po-zdravlje-bebe\/\" \/>\n<meta property=\"og:site_name\" content=\"RADIO LJUBU\u0160KI\" \/>\n<meta property=\"article:publisher\" content=\"https:\/\/www.facebook.com\/Radiio-Ljubuski-1490835324566332\" \/>\n<meta property=\"article:published_time\" content=\"2021-09-17T23:36:59+00:00\" \/>\n<meta property=\"og:image\" content=\"https:\/\/radioljubuski.ba\/wp-content\/uploads\/2021\/09\/shutterstock_1128709067-750x500-1.jpg\" \/>\n\t<meta property=\"og:image:width\" content=\"750\" \/>\n\t<meta property=\"og:image:height\" content=\"500\" \/>\n\t<meta property=\"og:image:type\" content=\"image\/jpeg\" \/>\n<meta name=\"author\" content=\"Radio Ljubu\u0161ki\" \/>\n<meta name=\"twitter:card\" content=\"summary_large_image\" \/>\n<meta name=\"twitter:creator\" content=\"@radioljubuski\" \/>\n<meta name=\"twitter:site\" content=\"@radioljubuski\" \/>\n<meta name=\"twitter:label1\" content=\"Napisao\/la\" \/>\n\t<meta name=\"twitter:data1\" content=\"Radio Ljubu\u0161ki\" \/>\n\t<meta name=\"twitter:label2\" content=\"Procijenjeno vrijeme \u010ditanja\" \/>\n\t<meta name=\"twitter:data2\" content=\"3 minute\" \/>\n<script type=\"application\/ld+json\" class=\"yoast-schema-graph\">{\"@context\":\"https:\\\/\\\/schema.org\",\"@graph\":[{\"@type\":\"Article\",\"@id\":\"https:\\\/\\\/radioljubuski.ba\\\/index.php\\\/2021\\\/09\\\/18\\\/anksioznost-u-trudnoci-uzrok-simptomi-i-je-li-opasna-po-zdravlje-bebe\\\/#article\",\"isPartOf\":{\"@id\":\"https:\\\/\\\/radioljubuski.ba\\\/index.php\\\/2021\\\/09\\\/18\\\/anksioznost-u-trudnoci-uzrok-simptomi-i-je-li-opasna-po-zdravlje-bebe\\\/\"},\"author\":{\"name\":\"Radio Ljubu\u0161ki\",\"@id\":\"https:\\\/\\\/radioljubuski.ba\\\/#\\\/schema\\\/person\\\/19fc700381a780f69665d7956c469e3b\"},\"headline\":\"Anksioznost u trudno\u0107i: Uzrok, simptomi i je li opasna po zdravlje bebe?\",\"datePublished\":\"2021-09-17T23:36:59+00:00\",\"mainEntityOfPage\":{\"@id\":\"https:\\\/\\\/radioljubuski.ba\\\/index.php\\\/2021\\\/09\\\/18\\\/anksioznost-u-trudnoci-uzrok-simptomi-i-je-li-opasna-po-zdravlje-bebe\\\/\"},\"wordCount\":808,\"publisher\":{\"@id\":\"https:\\\/\\\/radioljubuski.ba\\\/#organization\"},\"image\":{\"@id\":\"https:\\\/\\\/radioljubuski.ba\\\/index.php\\\/2021\\\/09\\\/18\\\/anksioznost-u-trudnoci-uzrok-simptomi-i-je-li-opasna-po-zdravlje-bebe\\\/#primaryimage\"},\"thumbnailUrl\":\"https:\\\/\\\/radioljubuski.ba\\\/wp-content\\\/uploads\\\/2021\\\/09\\\/shutterstock_1128709067-750x500-1.jpg\",\"articleSection\":[\"BIH i regija\"],\"inLanguage\":\"hr\"},{\"@type\":\"WebPage\",\"@id\":\"https:\\\/\\\/radioljubuski.ba\\\/index.php\\\/2021\\\/09\\\/18\\\/anksioznost-u-trudnoci-uzrok-simptomi-i-je-li-opasna-po-zdravlje-bebe\\\/\",\"url\":\"https:\\\/\\\/radioljubuski.ba\\\/index.php\\\/2021\\\/09\\\/18\\\/anksioznost-u-trudnoci-uzrok-simptomi-i-je-li-opasna-po-zdravlje-bebe\\\/\",\"name\":\"Anksioznost u trudno\u0107i: Uzrok, simptomi i je li opasna po zdravlje bebe? - RADIO LJUBU\u0160KI\",\"isPartOf\":{\"@id\":\"https:\\\/\\\/radioljubuski.ba\\\/#website\"},\"primaryImageOfPage\":{\"@id\":\"https:\\\/\\\/radioljubuski.ba\\\/index.php\\\/2021\\\/09\\\/18\\\/anksioznost-u-trudnoci-uzrok-simptomi-i-je-li-opasna-po-zdravlje-bebe\\\/#primaryimage\"},\"image\":{\"@id\":\"https:\\\/\\\/radioljubuski.ba\\\/index.php\\\/2021\\\/09\\\/18\\\/anksioznost-u-trudnoci-uzrok-simptomi-i-je-li-opasna-po-zdravlje-bebe\\\/#primaryimage\"},\"thumbnailUrl\":\"https:\\\/\\\/radioljubuski.ba\\\/wp-content\\\/uploads\\\/2021\\\/09\\\/shutterstock_1128709067-750x500-1.jpg\",\"datePublished\":\"2021-09-17T23:36:59+00:00\",\"breadcrumb\":{\"@id\":\"https:\\\/\\\/radioljubuski.ba\\\/index.php\\\/2021\\\/09\\\/18\\\/anksioznost-u-trudnoci-uzrok-simptomi-i-je-li-opasna-po-zdravlje-bebe\\\/#breadcrumb\"},\"inLanguage\":\"hr\",\"potentialAction\":[{\"@type\":\"ReadAction\",\"target\":[\"https:\\\/\\\/radioljubuski.ba\\\/index.php\\\/2021\\\/09\\\/18\\\/anksioznost-u-trudnoci-uzrok-simptomi-i-je-li-opasna-po-zdravlje-bebe\\\/\"]}]},{\"@type\":\"ImageObject\",\"inLanguage\":\"hr\",\"@id\":\"https:\\\/\\\/radioljubuski.ba\\\/index.php\\\/2021\\\/09\\\/18\\\/anksioznost-u-trudnoci-uzrok-simptomi-i-je-li-opasna-po-zdravlje-bebe\\\/#primaryimage\",\"url\":\"https:\\\/\\\/radioljubuski.ba\\\/wp-content\\\/uploads\\\/2021\\\/09\\\/shutterstock_1128709067-750x500-1.jpg\",\"contentUrl\":\"https:\\\/\\\/radioljubuski.ba\\\/wp-content\\\/uploads\\\/2021\\\/09\\\/shutterstock_1128709067-750x500-1.jpg\",\"width\":750,\"height\":500},{\"@type\":\"BreadcrumbList\",\"@id\":\"https:\\\/\\\/radioljubuski.ba\\\/index.php\\\/2021\\\/09\\\/18\\\/anksioznost-u-trudnoci-uzrok-simptomi-i-je-li-opasna-po-zdravlje-bebe\\\/#breadcrumb\",\"itemListElement\":[{\"@type\":\"ListItem\",\"position\":1,\"name\":\"Po\u010detna stranica\",\"item\":\"https:\\\/\\\/radioljubuski.ba\\\/\"},{\"@type\":\"ListItem\",\"position\":2,\"name\":\"Anksioznost u trudno\u0107i: Uzrok, simptomi i je li opasna po zdravlje bebe?\"}]},{\"@type\":\"WebSite\",\"@id\":\"https:\\\/\\\/radioljubuski.ba\\\/#website\",\"url\":\"https:\\\/\\\/radioljubuski.ba\\\/\",\"name\":\"Radio Ljubu\u0161ki\",\"description\":\"Sun\u010dana frekvencija Hercegovine\",\"publisher\":{\"@id\":\"https:\\\/\\\/radioljubuski.ba\\\/#organization\"},\"potentialAction\":[{\"@type\":\"SearchAction\",\"target\":{\"@type\":\"EntryPoint\",\"urlTemplate\":\"https:\\\/\\\/radioljubuski.ba\\\/?s={search_term_string}\"},\"query-input\":{\"@type\":\"PropertyValueSpecification\",\"valueRequired\":true,\"valueName\":\"search_term_string\"}}],\"inLanguage\":\"hr\"},{\"@type\":\"Organization\",\"@id\":\"https:\\\/\\\/radioljubuski.ba\\\/#organization\",\"name\":\"Radio Ljubu\u0161ki\",\"url\":\"https:\\\/\\\/radioljubuski.ba\\\/\",\"logo\":{\"@type\":\"ImageObject\",\"inLanguage\":\"hr\",\"@id\":\"https:\\\/\\\/radioljubuski.ba\\\/#\\\/schema\\\/logo\\\/image\\\/\",\"url\":\"https:\\\/\\\/radioljubuski.ba\\\/wp-content\\\/uploads\\\/2021\\\/02\\\/cropped-Radio_Ljubuski_logo1.jpg\",\"contentUrl\":\"https:\\\/\\\/radioljubuski.ba\\\/wp-content\\\/uploads\\\/2021\\\/02\\\/cropped-Radio_Ljubuski_logo1.jpg\",\"width\":512,\"height\":512,\"caption\":\"Radio Ljubu\u0161ki\"},\"image\":{\"@id\":\"https:\\\/\\\/radioljubuski.ba\\\/#\\\/schema\\\/logo\\\/image\\\/\"},\"sameAs\":[\"https:\\\/\\\/www.facebook.com\\\/Radiio-Ljubuski-1490835324566332\",\"https:\\\/\\\/x.com\\\/radioljubuski\",\"https:\\\/\\\/hr.linkedin.com\\\/company\\\/radio-ljubuski\",\"https:\\\/\\\/www.youtube.com\\\/channel\\\/UCHYaeO_n0Db3tjNGudGpXyw\"]},{\"@type\":\"Person\",\"@id\":\"https:\\\/\\\/radioljubuski.ba\\\/#\\\/schema\\\/person\\\/19fc700381a780f69665d7956c469e3b\",\"name\":\"Radio Ljubu\u0161ki\"}]}<\/script>\n<!-- \/ Yoast SEO plugin. -->","yoast_head_json":{"title":"Anksioznost u trudno\u0107i: Uzrok, simptomi i je li opasna po zdravlje bebe? - RADIO LJUBU\u0160KI","robots":{"index":"index","follow":"follow","max-snippet":"max-snippet:-1","max-image-preview":"max-image-preview:large","max-video-preview":"max-video-preview:-1"},"canonical":"https:\/\/radioljubuski.ba\/index.php\/2021\/09\/18\/anksioznost-u-trudnoci-uzrok-simptomi-i-je-li-opasna-po-zdravlje-bebe\/","og_locale":"hr_HR","og_type":"article","og_title":"Anksioznost u trudno\u0107i: Uzrok, simptomi i je li opasna po zdravlje bebe? - RADIO LJUBU\u0160KI","og_description":"Osje\u0107aj tjeskobe, nemira i anksioznosti u trudno\u0107i obi\u010dno nije znak za uzbunu, no rije\u010d je o pojavi na koju treba obratiti pozornosti i na koju treba reagirati. Promjene raspolo\u017eenja i razdra\u017eljivost kod trudnica nisu neobi\u010dna pojava, prvenstveno zbog velike promjene u hormonalnoj ravnote\u017ei. Nakon poroda mo\u017ee do\u0107i do postporo\u0111ajne depresije ili baby bluesa, a za [&hellip;]","og_url":"https:\/\/radioljubuski.ba\/index.php\/2021\/09\/18\/anksioznost-u-trudnoci-uzrok-simptomi-i-je-li-opasna-po-zdravlje-bebe\/","og_site_name":"RADIO LJUBU\u0160KI","article_publisher":"https:\/\/www.facebook.com\/Radiio-Ljubuski-1490835324566332","article_published_time":"2021-09-17T23:36:59+00:00","og_image":[{"width":750,"height":500,"url":"https:\/\/radioljubuski.ba\/wp-content\/uploads\/2021\/09\/shutterstock_1128709067-750x500-1.jpg","type":"image\/jpeg"}],"author":"Radio Ljubu\u0161ki","twitter_card":"summary_large_image","twitter_creator":"@radioljubuski","twitter_site":"@radioljubuski","twitter_misc":{"Napisao\/la":"Radio Ljubu\u0161ki","Procijenjeno vrijeme \u010ditanja":"3 minute"},"schema":{"@context":"https:\/\/schema.org","@graph":[{"@type":"Article","@id":"https:\/\/radioljubuski.ba\/index.php\/2021\/09\/18\/anksioznost-u-trudnoci-uzrok-simptomi-i-je-li-opasna-po-zdravlje-bebe\/#article","isPartOf":{"@id":"https:\/\/radioljubuski.ba\/index.php\/2021\/09\/18\/anksioznost-u-trudnoci-uzrok-simptomi-i-je-li-opasna-po-zdravlje-bebe\/"},"author":{"name":"Radio Ljubu\u0161ki","@id":"https:\/\/radioljubuski.ba\/#\/schema\/person\/19fc700381a780f69665d7956c469e3b"},"headline":"Anksioznost u trudno\u0107i: Uzrok, simptomi i je li opasna po zdravlje bebe?","datePublished":"2021-09-17T23:36:59+00:00","mainEntityOfPage":{"@id":"https:\/\/radioljubuski.ba\/index.php\/2021\/09\/18\/anksioznost-u-trudnoci-uzrok-simptomi-i-je-li-opasna-po-zdravlje-bebe\/"},"wordCount":808,"publisher":{"@id":"https:\/\/radioljubuski.ba\/#organization"},"image":{"@id":"https:\/\/radioljubuski.ba\/index.php\/2021\/09\/18\/anksioznost-u-trudnoci-uzrok-simptomi-i-je-li-opasna-po-zdravlje-bebe\/#primaryimage"},"thumbnailUrl":"https:\/\/radioljubuski.ba\/wp-content\/uploads\/2021\/09\/shutterstock_1128709067-750x500-1.jpg","articleSection":["BIH i regija"],"inLanguage":"hr"},{"@type":"WebPage","@id":"https:\/\/radioljubuski.ba\/index.php\/2021\/09\/18\/anksioznost-u-trudnoci-uzrok-simptomi-i-je-li-opasna-po-zdravlje-bebe\/","url":"https:\/\/radioljubuski.ba\/index.php\/2021\/09\/18\/anksioznost-u-trudnoci-uzrok-simptomi-i-je-li-opasna-po-zdravlje-bebe\/","name":"Anksioznost u trudno\u0107i: Uzrok, simptomi i je li opasna po zdravlje bebe? - RADIO LJUBU\u0160KI","isPartOf":{"@id":"https:\/\/radioljubuski.ba\/#website"},"primaryImageOfPage":{"@id":"https:\/\/radioljubuski.ba\/index.php\/2021\/09\/18\/anksioznost-u-trudnoci-uzrok-simptomi-i-je-li-opasna-po-zdravlje-bebe\/#primaryimage"},"image":{"@id":"https:\/\/radioljubuski.ba\/index.php\/2021\/09\/18\/anksioznost-u-trudnoci-uzrok-simptomi-i-je-li-opasna-po-zdravlje-bebe\/#primaryimage"},"thumbnailUrl":"https:\/\/radioljubuski.ba\/wp-content\/uploads\/2021\/09\/shutterstock_1128709067-750x500-1.jpg","datePublished":"2021-09-17T23:36:59+00:00","breadcrumb":{"@id":"https:\/\/radioljubuski.ba\/index.php\/2021\/09\/18\/anksioznost-u-trudnoci-uzrok-simptomi-i-je-li-opasna-po-zdravlje-bebe\/#breadcrumb"},"inLanguage":"hr","potentialAction":[{"@type":"ReadAction","target":["https:\/\/radioljubuski.ba\/index.php\/2021\/09\/18\/anksioznost-u-trudnoci-uzrok-simptomi-i-je-li-opasna-po-zdravlje-bebe\/"]}]},{"@type":"ImageObject","inLanguage":"hr","@id":"https:\/\/radioljubuski.ba\/index.php\/2021\/09\/18\/anksioznost-u-trudnoci-uzrok-simptomi-i-je-li-opasna-po-zdravlje-bebe\/#primaryimage","url":"https:\/\/radioljubuski.ba\/wp-content\/uploads\/2021\/09\/shutterstock_1128709067-750x500-1.jpg","contentUrl":"https:\/\/radioljubuski.ba\/wp-content\/uploads\/2021\/09\/shutterstock_1128709067-750x500-1.jpg","width":750,"height":500},{"@type":"BreadcrumbList","@id":"https:\/\/radioljubuski.ba\/index.php\/2021\/09\/18\/anksioznost-u-trudnoci-uzrok-simptomi-i-je-li-opasna-po-zdravlje-bebe\/#breadcrumb","itemListElement":[{"@type":"ListItem","position":1,"name":"Po\u010detna stranica","item":"https:\/\/radioljubuski.ba\/"},{"@type":"ListItem","position":2,"name":"Anksioznost u trudno\u0107i: Uzrok, simptomi i je li opasna po zdravlje bebe?"}]},{"@type":"WebSite","@id":"https:\/\/radioljubuski.ba\/#website","url":"https:\/\/radioljubuski.ba\/","name":"Radio Ljubu\u0161ki","description":"Sun\u010dana frekvencija Hercegovine","publisher":{"@id":"https:\/\/radioljubuski.ba\/#organization"},"potentialAction":[{"@type":"SearchAction","target":{"@type":"EntryPoint","urlTemplate":"https:\/\/radioljubuski.ba\/?s={search_term_string}"},"query-input":{"@type":"PropertyValueSpecification","valueRequired":true,"valueName":"search_term_string"}}],"inLanguage":"hr"},{"@type":"Organization","@id":"https:\/\/radioljubuski.ba\/#organization","name":"Radio Ljubu\u0161ki","url":"https:\/\/radioljubuski.ba\/","logo":{"@type":"ImageObject","inLanguage":"hr","@id":"https:\/\/radioljubuski.ba\/#\/schema\/logo\/image\/","url":"https:\/\/radioljubuski.ba\/wp-content\/uploads\/2021\/02\/cropped-Radio_Ljubuski_logo1.jpg","contentUrl":"https:\/\/radioljubuski.ba\/wp-content\/uploads\/2021\/02\/cropped-Radio_Ljubuski_logo1.jpg","width":512,"height":512,"caption":"Radio Ljubu\u0161ki"},"image":{"@id":"https:\/\/radioljubuski.ba\/#\/schema\/logo\/image\/"},"sameAs":["https:\/\/www.facebook.com\/Radiio-Ljubuski-1490835324566332","https:\/\/x.com\/radioljubuski","https:\/\/hr.linkedin.com\/company\/radio-ljubuski","https:\/\/www.youtube.com\/channel\/UCHYaeO_n0Db3tjNGudGpXyw"]},{"@type":"Person","@id":"https:\/\/radioljubuski.ba\/#\/schema\/person\/19fc700381a780f69665d7956c469e3b","name":"Radio Ljubu\u0161ki"}]}},"_links":{"self":[{"href":"https:\/\/radioljubuski.ba\/index.php\/wp-json\/wp\/v2\/posts\/64999","targetHints":{"allow":["GET"]}}],"collection":[{"href":"https:\/\/radioljubuski.ba\/index.php\/wp-json\/wp\/v2\/posts"}],"about":[{"href":"https:\/\/radioljubuski.ba\/index.php\/wp-json\/wp\/v2\/types\/post"}],"author":[{"embeddable":true,"href":"https:\/\/radioljubuski.ba\/index.php\/wp-json\/wp\/v2\/users\/2"}],"replies":[{"embeddable":true,"href":"https:\/\/radioljubuski.ba\/index.php\/wp-json\/wp\/v2\/comments?post=64999"}],"version-history":[{"count":1,"href":"https:\/\/radioljubuski.ba\/index.php\/wp-json\/wp\/v2\/posts\/64999\/revisions"}],"predecessor-version":[{"id":65001,"href":"https:\/\/radioljubuski.ba\/index.php\/wp-json\/wp\/v2\/posts\/64999\/revisions\/65001"}],"wp:featuredmedia":[{"embeddable":true,"href":"https:\/\/radioljubuski.ba\/index.php\/wp-json\/wp\/v2\/media\/65000"}],"wp:attachment":[{"href":"https:\/\/radioljubuski.ba\/index.php\/wp-json\/wp\/v2\/media?parent=64999"}],"wp:term":[{"taxonomy":"category","embeddable":true,"href":"https:\/\/radioljubuski.ba\/index.php\/wp-json\/wp\/v2\/categories?post=64999"},{"taxonomy":"post_tag","embeddable":true,"href":"https:\/\/radioljubuski.ba\/index.php\/wp-json\/wp\/v2\/tags?post=64999"}],"curies":[{"name":"wp","href":"https:\/\/api.w.org\/{rel}","templated":true}]}}