{"id":65002,"date":"2021-09-18T00:38:59","date_gmt":"2021-09-17T23:38:59","guid":{"rendered":"https:\/\/radioljubuski.ba\/?p=65002"},"modified":"2021-09-18T00:39:00","modified_gmt":"2021-09-17T23:39:00","slug":"incident-u-rogoznici-dio-bivsih-branitelja-na-groblju-vrijedao-generala-rahima-ademija","status":"publish","type":"post","link":"https:\/\/radioljubuski.ba\/index.php\/2021\/09\/18\/incident-u-rogoznici-dio-bivsih-branitelja-na-groblju-vrijedao-generala-rahima-ademija\/","title":{"rendered":"Incident u Rogoznici: dio biv\u0161ih branitelja na groblju vrije\u0111ao generala Rahima Ademija!"},"content":{"rendered":"\n<p>Prvi put na polaganju vijenaca i paljenju svije\u0107a na groblju u Rogoznicu povodom obljetnice akcije osloba\u0111anje rogozni\u010dkih vojarni nije bilo slu\u017ebenih predstavnika Op\u0107ine Rogoznica. \u0160ibensko-kninski \u017eupan Marko Jeli\u0107 je do\u0161ao, ali ne i novi rogozni\u010dki na\u010delnik Marijo Mladini\u0107.<\/p>\n\n\n\n<p>Nije bilo ni biv\u0161eg \u017eupana Gorana Pauka koji je tih dana slavnih rujanskih 1991. godine dana bio topnik na ze\u010devarskoj bitnici, a redovito je dolazio ranjih godina.<\/p>\n\n\n\n<p>Neki od rogozni\u010dkih branitelja su se \u017ealili da im nisu uru\u010deni pozivi za dana\u0161nju sve\u010danost, a ipak najnegodinu situaciju do\u017eivio je general Rahim Ademi koji godinama nije bio pozvan na obilje\u017eavanje akcije kojoj je bio zapovjednik. &nbsp;<\/p>\n\n\n\n<p>Neugodne reakcije spram generala, pa \u010dak i vrije\u0111anje nekih njegovih suboraca,&nbsp; izazvala je o\u010dito generalova knjiga u kojoj neki nisu bili spomenuti, a misle da su trebali biti ili je pak po nekim drugima kontekst tog spominjanja bio neprikladan.<\/p>\n\n\n\n<p>Sve u svemu po\u010detak sve\u010danog obilje\u017eavanja na rogozni\u010dkom groblju nije bio obe\u010davaju\u0107i za slavnu 30 obljetnicu.<\/p>\n\n\n\n<p><strong>PI\u0160E&nbsp;<\/strong>VEDRANA STO\u010cI\u0106\/sibenski.slobodnadalmacija.hr<\/p>\n","protected":false},"excerpt":{"rendered":"<p>Prvi put na polaganju vijenaca i paljenju svije\u0107a na groblju u Rogoznicu povodom obljetnice akcije osloba\u0111anje rogozni\u010dkih vojarni nije bilo slu\u017ebenih predstavnika Op\u0107ine Rogoznica. \u0160ibensko-kninski \u017eupan Marko Jeli\u0107 je do\u0161ao, ali ne i novi rogozni\u010dki na\u010delnik Marijo Mladini\u0107. Nije bilo ni biv\u0161eg \u017eupana Gorana Pauka koji je tih dana slavnih rujanskih 1991. godine dana bio [&hellip;]<\/p>\n","protected":false},"author":2,"featured_media":65003,"comment_status":"closed","ping_status":"closed","sticky":false,"template":"","format":"standard","meta":{"h5ap_radio_sources":[],"footnotes":""},"categories":[1],"tags":[],"class_list":["post-65002","post","type-post","status-publish","format-standard","has-post-thumbnail","hentry","category-bihiregija"],"yoast_head":"<!-- This site is optimized with the Yoast SEO plugin v27.4 - https:\/\/yoast.com\/product\/yoast-seo-wordpress\/ -->\n<title>Incident u Rogoznici: dio biv\u0161ih branitelja na groblju vrije\u0111ao generala Rahima Ademija! - RADIO LJUBU\u0160KI<\/title>\n<meta name=\"robots\" content=\"index, follow, max-snippet:-1, max-image-preview:large, max-video-preview:-1\" \/>\n<link rel=\"canonical\" href=\"https:\/\/radioljubuski.ba\/index.php\/2021\/09\/18\/incident-u-rogoznici-dio-bivsih-branitelja-na-groblju-vrijedao-generala-rahima-ademija\/\" \/>\n<meta property=\"og:locale\" content=\"hr_HR\" \/>\n<meta property=\"og:type\" content=\"article\" \/>\n<meta property=\"og:title\" content=\"Incident u Rogoznici: dio biv\u0161ih branitelja na groblju vrije\u0111ao generala Rahima Ademija! - RADIO LJUBU\u0160KI\" \/>\n<meta property=\"og:description\" content=\"Prvi put na polaganju vijenaca i paljenju svije\u0107a na groblju u Rogoznicu povodom obljetnice akcije osloba\u0111anje rogozni\u010dkih vojarni nije bilo slu\u017ebenih predstavnika Op\u0107ine Rogoznica. \u0160ibensko-kninski \u017eupan Marko Jeli\u0107 je do\u0161ao, ali ne i novi rogozni\u010dki na\u010delnik Marijo Mladini\u0107. Nije bilo ni biv\u0161eg \u017eupana Gorana Pauka koji je tih dana slavnih rujanskih 1991. godine dana bio [&hellip;]\" \/>\n<meta property=\"og:url\" content=\"https:\/\/radioljubuski.ba\/index.php\/2021\/09\/18\/incident-u-rogoznici-dio-bivsih-branitelja-na-groblju-vrijedao-generala-rahima-ademija\/\" \/>\n<meta property=\"og:site_name\" content=\"RADIO LJUBU\u0160KI\" \/>\n<meta property=\"article:publisher\" content=\"https:\/\/www.facebook.com\/Radiio-Ljubuski-1490835324566332\" \/>\n<meta property=\"article:published_time\" content=\"2021-09-17T23:38:59+00:00\" \/>\n<meta property=\"article:modified_time\" content=\"2021-09-17T23:39:00+00:00\" \/>\n<meta property=\"og:image\" content=\"https:\/\/radioljubuski.ba\/wp-content\/uploads\/2021\/09\/o_19354826_1024.jpg\" \/>\n\t<meta property=\"og:image:width\" content=\"1024\" \/>\n\t<meta property=\"og:image:height\" content=\"768\" \/>\n\t<meta property=\"og:image:type\" content=\"image\/jpeg\" \/>\n<meta name=\"author\" content=\"Radio Ljubu\u0161ki\" \/>\n<meta name=\"twitter:card\" content=\"summary_large_image\" \/>\n<meta name=\"twitter:creator\" content=\"@radioljubuski\" \/>\n<meta name=\"twitter:site\" content=\"@radioljubuski\" \/>\n<meta name=\"twitter:label1\" content=\"Napisao\/la\" \/>\n\t<meta name=\"twitter:data1\" content=\"Radio Ljubu\u0161ki\" \/>\n\t<meta name=\"twitter:label2\" content=\"Procijenjeno vrijeme \u010ditanja\" \/>\n\t<meta name=\"twitter:data2\" content=\"1 minuta\" \/>\n<script type=\"application\/ld+json\" class=\"yoast-schema-graph\">{\"@context\":\"https:\\\/\\\/schema.org\",\"@graph\":[{\"@type\":\"Article\",\"@id\":\"https:\\\/\\\/radioljubuski.ba\\\/index.php\\\/2021\\\/09\\\/18\\\/incident-u-rogoznici-dio-bivsih-branitelja-na-groblju-vrijedao-generala-rahima-ademija\\\/#article\",\"isPartOf\":{\"@id\":\"https:\\\/\\\/radioljubuski.ba\\\/index.php\\\/2021\\\/09\\\/18\\\/incident-u-rogoznici-dio-bivsih-branitelja-na-groblju-vrijedao-generala-rahima-ademija\\\/\"},\"author\":{\"name\":\"Radio Ljubu\u0161ki\",\"@id\":\"https:\\\/\\\/radioljubuski.ba\\\/#\\\/schema\\\/person\\\/19fc700381a780f69665d7956c469e3b\"},\"headline\":\"Incident u Rogoznici: dio biv\u0161ih branitelja na groblju vrije\u0111ao generala Rahima Ademija!\",\"datePublished\":\"2021-09-17T23:38:59+00:00\",\"dateModified\":\"2021-09-17T23:39:00+00:00\",\"mainEntityOfPage\":{\"@id\":\"https:\\\/\\\/radioljubuski.ba\\\/index.php\\\/2021\\\/09\\\/18\\\/incident-u-rogoznici-dio-bivsih-branitelja-na-groblju-vrijedao-generala-rahima-ademija\\\/\"},\"wordCount\":203,\"publisher\":{\"@id\":\"https:\\\/\\\/radioljubuski.ba\\\/#organization\"},\"image\":{\"@id\":\"https:\\\/\\\/radioljubuski.ba\\\/index.php\\\/2021\\\/09\\\/18\\\/incident-u-rogoznici-dio-bivsih-branitelja-na-groblju-vrijedao-generala-rahima-ademija\\\/#primaryimage\"},\"thumbnailUrl\":\"https:\\\/\\\/radioljubuski.ba\\\/wp-content\\\/uploads\\\/2021\\\/09\\\/o_19354826_1024.jpg\",\"articleSection\":[\"BIH i regija\"],\"inLanguage\":\"hr\"},{\"@type\":\"WebPage\",\"@id\":\"https:\\\/\\\/radioljubuski.ba\\\/index.php\\\/2021\\\/09\\\/18\\\/incident-u-rogoznici-dio-bivsih-branitelja-na-groblju-vrijedao-generala-rahima-ademija\\\/\",\"url\":\"https:\\\/\\\/radioljubuski.ba\\\/index.php\\\/2021\\\/09\\\/18\\\/incident-u-rogoznici-dio-bivsih-branitelja-na-groblju-vrijedao-generala-rahima-ademija\\\/\",\"name\":\"Incident u Rogoznici: dio biv\u0161ih branitelja na groblju vrije\u0111ao generala Rahima Ademija! - RADIO LJUBU\u0160KI\",\"isPartOf\":{\"@id\":\"https:\\\/\\\/radioljubuski.ba\\\/#website\"},\"primaryImageOfPage\":{\"@id\":\"https:\\\/\\\/radioljubuski.ba\\\/index.php\\\/2021\\\/09\\\/18\\\/incident-u-rogoznici-dio-bivsih-branitelja-na-groblju-vrijedao-generala-rahima-ademija\\\/#primaryimage\"},\"image\":{\"@id\":\"https:\\\/\\\/radioljubuski.ba\\\/index.php\\\/2021\\\/09\\\/18\\\/incident-u-rogoznici-dio-bivsih-branitelja-na-groblju-vrijedao-generala-rahima-ademija\\\/#primaryimage\"},\"thumbnailUrl\":\"https:\\\/\\\/radioljubuski.ba\\\/wp-content\\\/uploads\\\/2021\\\/09\\\/o_19354826_1024.jpg\",\"datePublished\":\"2021-09-17T23:38:59+00:00\",\"dateModified\":\"2021-09-17T23:39:00+00:00\",\"breadcrumb\":{\"@id\":\"https:\\\/\\\/radioljubuski.ba\\\/index.php\\\/2021\\\/09\\\/18\\\/incident-u-rogoznici-dio-bivsih-branitelja-na-groblju-vrijedao-generala-rahima-ademija\\\/#breadcrumb\"},\"inLanguage\":\"hr\",\"potentialAction\":[{\"@type\":\"ReadAction\",\"target\":[\"https:\\\/\\\/radioljubuski.ba\\\/index.php\\\/2021\\\/09\\\/18\\\/incident-u-rogoznici-dio-bivsih-branitelja-na-groblju-vrijedao-generala-rahima-ademija\\\/\"]}]},{\"@type\":\"ImageObject\",\"inLanguage\":\"hr\",\"@id\":\"https:\\\/\\\/radioljubuski.ba\\\/index.php\\\/2021\\\/09\\\/18\\\/incident-u-rogoznici-dio-bivsih-branitelja-na-groblju-vrijedao-generala-rahima-ademija\\\/#primaryimage\",\"url\":\"https:\\\/\\\/radioljubuski.ba\\\/wp-content\\\/uploads\\\/2021\\\/09\\\/o_19354826_1024.jpg\",\"contentUrl\":\"https:\\\/\\\/radioljubuski.ba\\\/wp-content\\\/uploads\\\/2021\\\/09\\\/o_19354826_1024.jpg\",\"width\":1024,\"height\":768},{\"@type\":\"BreadcrumbList\",\"@id\":\"https:\\\/\\\/radioljubuski.ba\\\/index.php\\\/2021\\\/09\\\/18\\\/incident-u-rogoznici-dio-bivsih-branitelja-na-groblju-vrijedao-generala-rahima-ademija\\\/#breadcrumb\",\"itemListElement\":[{\"@type\":\"ListItem\",\"position\":1,\"name\":\"Po\u010detna stranica\",\"item\":\"https:\\\/\\\/radioljubuski.ba\\\/\"},{\"@type\":\"ListItem\",\"position\":2,\"name\":\"Incident u Rogoznici: dio biv\u0161ih branitelja na groblju vrije\u0111ao generala Rahima Ademija!\"}]},{\"@type\":\"WebSite\",\"@id\":\"https:\\\/\\\/radioljubuski.ba\\\/#website\",\"url\":\"https:\\\/\\\/radioljubuski.ba\\\/\",\"name\":\"Radio Ljubu\u0161ki\",\"description\":\"Sun\u010dana frekvencija Hercegovine\",\"publisher\":{\"@id\":\"https:\\\/\\\/radioljubuski.ba\\\/#organization\"},\"potentialAction\":[{\"@type\":\"SearchAction\",\"target\":{\"@type\":\"EntryPoint\",\"urlTemplate\":\"https:\\\/\\\/radioljubuski.ba\\\/?s={search_term_string}\"},\"query-input\":{\"@type\":\"PropertyValueSpecification\",\"valueRequired\":true,\"valueName\":\"search_term_string\"}}],\"inLanguage\":\"hr\"},{\"@type\":\"Organization\",\"@id\":\"https:\\\/\\\/radioljubuski.ba\\\/#organization\",\"name\":\"Radio Ljubu\u0161ki\",\"url\":\"https:\\\/\\\/radioljubuski.ba\\\/\",\"logo\":{\"@type\":\"ImageObject\",\"inLanguage\":\"hr\",\"@id\":\"https:\\\/\\\/radioljubuski.ba\\\/#\\\/schema\\\/logo\\\/image\\\/\",\"url\":\"https:\\\/\\\/radioljubuski.ba\\\/wp-content\\\/uploads\\\/2021\\\/02\\\/cropped-Radio_Ljubuski_logo1.jpg\",\"contentUrl\":\"https:\\\/\\\/radioljubuski.ba\\\/wp-content\\\/uploads\\\/2021\\\/02\\\/cropped-Radio_Ljubuski_logo1.jpg\",\"width\":512,\"height\":512,\"caption\":\"Radio Ljubu\u0161ki\"},\"image\":{\"@id\":\"https:\\\/\\\/radioljubuski.ba\\\/#\\\/schema\\\/logo\\\/image\\\/\"},\"sameAs\":[\"https:\\\/\\\/www.facebook.com\\\/Radiio-Ljubuski-1490835324566332\",\"https:\\\/\\\/x.com\\\/radioljubuski\",\"https:\\\/\\\/hr.linkedin.com\\\/company\\\/radio-ljubuski\",\"https:\\\/\\\/www.youtube.com\\\/channel\\\/UCHYaeO_n0Db3tjNGudGpXyw\"]},{\"@type\":\"Person\",\"@id\":\"https:\\\/\\\/radioljubuski.ba\\\/#\\\/schema\\\/person\\\/19fc700381a780f69665d7956c469e3b\",\"name\":\"Radio Ljubu\u0161ki\"}]}<\/script>\n<!-- \/ Yoast SEO plugin. -->","yoast_head_json":{"title":"Incident u Rogoznici: dio biv\u0161ih branitelja na groblju vrije\u0111ao generala Rahima Ademija! - RADIO LJUBU\u0160KI","robots":{"index":"index","follow":"follow","max-snippet":"max-snippet:-1","max-image-preview":"max-image-preview:large","max-video-preview":"max-video-preview:-1"},"canonical":"https:\/\/radioljubuski.ba\/index.php\/2021\/09\/18\/incident-u-rogoznici-dio-bivsih-branitelja-na-groblju-vrijedao-generala-rahima-ademija\/","og_locale":"hr_HR","og_type":"article","og_title":"Incident u Rogoznici: dio biv\u0161ih branitelja na groblju vrije\u0111ao generala Rahima Ademija! - RADIO LJUBU\u0160KI","og_description":"Prvi put na polaganju vijenaca i paljenju svije\u0107a na groblju u Rogoznicu povodom obljetnice akcije osloba\u0111anje rogozni\u010dkih vojarni nije bilo slu\u017ebenih predstavnika Op\u0107ine Rogoznica. \u0160ibensko-kninski \u017eupan Marko Jeli\u0107 je do\u0161ao, ali ne i novi rogozni\u010dki na\u010delnik Marijo Mladini\u0107. Nije bilo ni biv\u0161eg \u017eupana Gorana Pauka koji je tih dana slavnih rujanskih 1991. godine dana bio [&hellip;]","og_url":"https:\/\/radioljubuski.ba\/index.php\/2021\/09\/18\/incident-u-rogoznici-dio-bivsih-branitelja-na-groblju-vrijedao-generala-rahima-ademija\/","og_site_name":"RADIO LJUBU\u0160KI","article_publisher":"https:\/\/www.facebook.com\/Radiio-Ljubuski-1490835324566332","article_published_time":"2021-09-17T23:38:59+00:00","article_modified_time":"2021-09-17T23:39:00+00:00","og_image":[{"width":1024,"height":768,"url":"https:\/\/radioljubuski.ba\/wp-content\/uploads\/2021\/09\/o_19354826_1024.jpg","type":"image\/jpeg"}],"author":"Radio Ljubu\u0161ki","twitter_card":"summary_large_image","twitter_creator":"@radioljubuski","twitter_site":"@radioljubuski","twitter_misc":{"Napisao\/la":"Radio Ljubu\u0161ki","Procijenjeno vrijeme \u010ditanja":"1 minuta"},"schema":{"@context":"https:\/\/schema.org","@graph":[{"@type":"Article","@id":"https:\/\/radioljubuski.ba\/index.php\/2021\/09\/18\/incident-u-rogoznici-dio-bivsih-branitelja-na-groblju-vrijedao-generala-rahima-ademija\/#article","isPartOf":{"@id":"https:\/\/radioljubuski.ba\/index.php\/2021\/09\/18\/incident-u-rogoznici-dio-bivsih-branitelja-na-groblju-vrijedao-generala-rahima-ademija\/"},"author":{"name":"Radio Ljubu\u0161ki","@id":"https:\/\/radioljubuski.ba\/#\/schema\/person\/19fc700381a780f69665d7956c469e3b"},"headline":"Incident u Rogoznici: dio biv\u0161ih branitelja na groblju vrije\u0111ao generala Rahima Ademija!","datePublished":"2021-09-17T23:38:59+00:00","dateModified":"2021-09-17T23:39:00+00:00","mainEntityOfPage":{"@id":"https:\/\/radioljubuski.ba\/index.php\/2021\/09\/18\/incident-u-rogoznici-dio-bivsih-branitelja-na-groblju-vrijedao-generala-rahima-ademija\/"},"wordCount":203,"publisher":{"@id":"https:\/\/radioljubuski.ba\/#organization"},"image":{"@id":"https:\/\/radioljubuski.ba\/index.php\/2021\/09\/18\/incident-u-rogoznici-dio-bivsih-branitelja-na-groblju-vrijedao-generala-rahima-ademija\/#primaryimage"},"thumbnailUrl":"https:\/\/radioljubuski.ba\/wp-content\/uploads\/2021\/09\/o_19354826_1024.jpg","articleSection":["BIH i regija"],"inLanguage":"hr"},{"@type":"WebPage","@id":"https:\/\/radioljubuski.ba\/index.php\/2021\/09\/18\/incident-u-rogoznici-dio-bivsih-branitelja-na-groblju-vrijedao-generala-rahima-ademija\/","url":"https:\/\/radioljubuski.ba\/index.php\/2021\/09\/18\/incident-u-rogoznici-dio-bivsih-branitelja-na-groblju-vrijedao-generala-rahima-ademija\/","name":"Incident u Rogoznici: dio biv\u0161ih branitelja na groblju vrije\u0111ao generala Rahima Ademija! - RADIO LJUBU\u0160KI","isPartOf":{"@id":"https:\/\/radioljubuski.ba\/#website"},"primaryImageOfPage":{"@id":"https:\/\/radioljubuski.ba\/index.php\/2021\/09\/18\/incident-u-rogoznici-dio-bivsih-branitelja-na-groblju-vrijedao-generala-rahima-ademija\/#primaryimage"},"image":{"@id":"https:\/\/radioljubuski.ba\/index.php\/2021\/09\/18\/incident-u-rogoznici-dio-bivsih-branitelja-na-groblju-vrijedao-generala-rahima-ademija\/#primaryimage"},"thumbnailUrl":"https:\/\/radioljubuski.ba\/wp-content\/uploads\/2021\/09\/o_19354826_1024.jpg","datePublished":"2021-09-17T23:38:59+00:00","dateModified":"2021-09-17T23:39:00+00:00","breadcrumb":{"@id":"https:\/\/radioljubuski.ba\/index.php\/2021\/09\/18\/incident-u-rogoznici-dio-bivsih-branitelja-na-groblju-vrijedao-generala-rahima-ademija\/#breadcrumb"},"inLanguage":"hr","potentialAction":[{"@type":"ReadAction","target":["https:\/\/radioljubuski.ba\/index.php\/2021\/09\/18\/incident-u-rogoznici-dio-bivsih-branitelja-na-groblju-vrijedao-generala-rahima-ademija\/"]}]},{"@type":"ImageObject","inLanguage":"hr","@id":"https:\/\/radioljubuski.ba\/index.php\/2021\/09\/18\/incident-u-rogoznici-dio-bivsih-branitelja-na-groblju-vrijedao-generala-rahima-ademija\/#primaryimage","url":"https:\/\/radioljubuski.ba\/wp-content\/uploads\/2021\/09\/o_19354826_1024.jpg","contentUrl":"https:\/\/radioljubuski.ba\/wp-content\/uploads\/2021\/09\/o_19354826_1024.jpg","width":1024,"height":768},{"@type":"BreadcrumbList","@id":"https:\/\/radioljubuski.ba\/index.php\/2021\/09\/18\/incident-u-rogoznici-dio-bivsih-branitelja-na-groblju-vrijedao-generala-rahima-ademija\/#breadcrumb","itemListElement":[{"@type":"ListItem","position":1,"name":"Po\u010detna stranica","item":"https:\/\/radioljubuski.ba\/"},{"@type":"ListItem","position":2,"name":"Incident u Rogoznici: dio biv\u0161ih branitelja na groblju vrije\u0111ao generala Rahima Ademija!"}]},{"@type":"WebSite","@id":"https:\/\/radioljubuski.ba\/#website","url":"https:\/\/radioljubuski.ba\/","name":"Radio Ljubu\u0161ki","description":"Sun\u010dana frekvencija Hercegovine","publisher":{"@id":"https:\/\/radioljubuski.ba\/#organization"},"potentialAction":[{"@type":"SearchAction","target":{"@type":"EntryPoint","urlTemplate":"https:\/\/radioljubuski.ba\/?s={search_term_string}"},"query-input":{"@type":"PropertyValueSpecification","valueRequired":true,"valueName":"search_term_string"}}],"inLanguage":"hr"},{"@type":"Organization","@id":"https:\/\/radioljubuski.ba\/#organization","name":"Radio Ljubu\u0161ki","url":"https:\/\/radioljubuski.ba\/","logo":{"@type":"ImageObject","inLanguage":"hr","@id":"https:\/\/radioljubuski.ba\/#\/schema\/logo\/image\/","url":"https:\/\/radioljubuski.ba\/wp-content\/uploads\/2021\/02\/cropped-Radio_Ljubuski_logo1.jpg","contentUrl":"https:\/\/radioljubuski.ba\/wp-content\/uploads\/2021\/02\/cropped-Radio_Ljubuski_logo1.jpg","width":512,"height":512,"caption":"Radio Ljubu\u0161ki"},"image":{"@id":"https:\/\/radioljubuski.ba\/#\/schema\/logo\/image\/"},"sameAs":["https:\/\/www.facebook.com\/Radiio-Ljubuski-1490835324566332","https:\/\/x.com\/radioljubuski","https:\/\/hr.linkedin.com\/company\/radio-ljubuski","https:\/\/www.youtube.com\/channel\/UCHYaeO_n0Db3tjNGudGpXyw"]},{"@type":"Person","@id":"https:\/\/radioljubuski.ba\/#\/schema\/person\/19fc700381a780f69665d7956c469e3b","name":"Radio Ljubu\u0161ki"}]}},"_links":{"self":[{"href":"https:\/\/radioljubuski.ba\/index.php\/wp-json\/wp\/v2\/posts\/65002","targetHints":{"allow":["GET"]}}],"collection":[{"href":"https:\/\/radioljubuski.ba\/index.php\/wp-json\/wp\/v2\/posts"}],"about":[{"href":"https:\/\/radioljubuski.ba\/index.php\/wp-json\/wp\/v2\/types\/post"}],"author":[{"embeddable":true,"href":"https:\/\/radioljubuski.ba\/index.php\/wp-json\/wp\/v2\/users\/2"}],"replies":[{"embeddable":true,"href":"https:\/\/radioljubuski.ba\/index.php\/wp-json\/wp\/v2\/comments?post=65002"}],"version-history":[{"count":1,"href":"https:\/\/radioljubuski.ba\/index.php\/wp-json\/wp\/v2\/posts\/65002\/revisions"}],"predecessor-version":[{"id":65004,"href":"https:\/\/radioljubuski.ba\/index.php\/wp-json\/wp\/v2\/posts\/65002\/revisions\/65004"}],"wp:featuredmedia":[{"embeddable":true,"href":"https:\/\/radioljubuski.ba\/index.php\/wp-json\/wp\/v2\/media\/65003"}],"wp:attachment":[{"href":"https:\/\/radioljubuski.ba\/index.php\/wp-json\/wp\/v2\/media?parent=65002"}],"wp:term":[{"taxonomy":"category","embeddable":true,"href":"https:\/\/radioljubuski.ba\/index.php\/wp-json\/wp\/v2\/categories?post=65002"},{"taxonomy":"post_tag","embeddable":true,"href":"https:\/\/radioljubuski.ba\/index.php\/wp-json\/wp\/v2\/tags?post=65002"}],"curies":[{"name":"wp","href":"https:\/\/api.w.org\/{rel}","templated":true}]}}