{"id":65014,"date":"2021-09-18T00:45:08","date_gmt":"2021-09-17T23:45:08","guid":{"rendered":"https:\/\/radioljubuski.ba\/?p=65014"},"modified":"2021-09-18T00:45:10","modified_gmt":"2021-09-17T23:45:10","slug":"stigle-prve-presude-iz-beograda-obitelji-zrtava-s-ovcare-dobile-neprimjereno-niske-odstete-ovo-je-ponizavajuce","status":"publish","type":"post","link":"https:\/\/radioljubuski.ba\/index.php\/2021\/09\/18\/stigle-prve-presude-iz-beograda-obitelji-zrtava-s-ovcare-dobile-neprimjereno-niske-odstete-ovo-je-ponizavajuce\/","title":{"rendered":"Stigle prve presude iz Beograda, obitelji \u017ertava s Ov\u010dare dobile neprimjereno niske od\u0161tete: \u2018Ovo je poni\u017eavaju\u0107e!\u2018"},"content":{"rendered":"\n<p>\u010clanovi obitelji triju \u017ertava ratnog zlo\u010dina na Ov\u010dari dobili su pravomo\u0107ne presude za naknadu \u0161tete zbog smrti svojih najmilijih koju im mora isplatiti Republika Srbija. Epilog je to sudskog postupka koji se vodio na Prvom osnovnom sudu u Beogradu odnosno na Apelacionom sudu, koji je u kona\u010dnici potvrdio prvostupanjske presude, ali dosu\u0111eni iznosi su zapravo mizerni, iako je, naravno, svima jasno da obiteljima \u017ertava nijedan nov\u010dani iznos ne mo\u017ee nadoknaditi taj gubitak. No, \u010dinjenica da su u ove tri presude dosu\u0111eni iznosi u rasponu od 700.000 do 900.000 dinara, odnosno od 44.000 do 57.000 kuna, izazvala je negativne reakcije, kako obitelji \u017ertava, koje su najavile ustavnu tu\u017ebu protiv takvih odluka, tako i humanitarnih organizacija, donosi&nbsp;<a href=\"https:\/\/www.jutarnji.hr\/vijesti\/hrvatska\/obiteljima-zrtava-s-ovcare-neprimjereno-niske-odstete-dosudeni-iznosi-su-ponizavajuci-15103182\">Jutarnji list.&nbsp;<\/a><\/p>\n\n\n\n<h2 class=\"wp-block-heading\">RATNI ZAROBLJENICI<\/h2>\n\n\n\n<p>Tako iz Fonda za humanitarno pravo u Beogradu, koji poma\u017ee postjugoslavenskim dru\u0161tvima da uspostave vladavinu prava i prihvate naslije\u0111e masovnog kr\u0161enja ljudskih prava, kako bi se utvrdila kaznena odgovornost za po\u010dinitelje, zadovoljila pravda i onemogu\u0107ilo ponavljanje zlo\u010dina, nagla\u0161avaju da su zadovoljni brzinom dono\u0161enja presude, kao i samom odlukom da se obiteljima \u017ertava isplati naknada, ali upozoravaju da je rije\u010d o neprimjereno niskim iznosima.<\/p>\n\n\n\n<p>&#8220;Apelacioni sud u Beogradu potvrdio je tri presude Prvog osnovnog suda u Beogradu kojima je dosu\u0111ena naknada \u0161tete \u010dlanovima obitelji ubijenih na poljoprivrednom dobru Ov\u010dara 1991. godine i obvezao Ministarstvo obrane Republike Srbije da isplati nov\u010dane iznose na ime naknade \u0161tete zbog smrti bliske osobe. Fond za humanitarno pravo (FHP) smatra da su ovi postupci rijetki primjeri efikasnog su\u0111enja u postupcima za naknadu \u0161tete, ali da su dosu\u0111eni iznosi \u017ertvama neprimjereno niski i da ne odgovaraju standardima koje je uspostavio Europski sud za ljudska prava (ESLJP)&#8221;, poru\u010dili su iz FHP-a.<\/p>\n\n\n\n<p>Ina\u010de, temelj za ove tu\u017ebe i presude bila je presuda Okru\u017enog suda u Beogradu iz 2009. godine kojom su pripadnici Teritorijalne obrane Vukovara i dobrovolja\u010dke jedinice Leva supoderica (obje u sastavu Jugoslovenske narodne armije) &#8211;&nbsp;Miroljub Vujovi\u0107, Stanko Vujanovi\u0107, Predrag Milojevi\u0107, Goran Mugo\u0161a, Miroslav \u0110ankovi\u0107, Ivan Atanasijevi\u0107, Sa\u0161a Radak&nbsp;i&nbsp;Nada Kalaba&nbsp;&#8211; osu\u0111eni na vi\u0161egodi\u0161nje kazne zatvora za ubojstvo najmanje 200 ratnih zarobljenika na Ov\u010dari, od kojih su identificirana njih 193, koji su po imenu i prezimenu navedeni u ovoj presudi.<\/p>\n\n\n\n<h2 class=\"wp-block-heading\">NESPREMNOST SUDOVA<\/h2>\n\n\n\n<p>Kada je tu presudu 2017. potvrdio Apelacioni sud, obitelji \u017ertava Ov\u010dare pokrenule su parni\u010dne postupke za naknadu \u0161tete zbog smrti bliske osobe protiv Ministarstva obrane Srbije, tra\u017ee\u0107i naknade od po 2,000.000 dinara. Nacionalni sudovi su u tri dosada\u0161nje parnice dosudili iznose u rasponu od 700.000 do 900.000 dinara za svakog tu\u017eioca pojedina\u010dno, smatraju\u0107i dosu\u0111ene iznose adekvatnim za naknadu nematerijalne \u0161tete po toj osnovi.<\/p>\n\n\n\n<p>&#8220;FHP smatra, unato\u010d tome \u0161to su sudovi usvojili tu\u017ebene zahtjeve i \u0161to su postupci pravomo\u0107no okon\u010dani u roku od dvije godine, \u0161to su rijetki pozitivni primjeri efikasnog postupanja, da dosu\u0111eni iznosi ne zadovoljavaju standard pravi\u010dne naknade zbog smrti bliske osobe, odnosno navedeni iznosi su neprimjereno niski i nisu u skladu sa standardima Europskog suda za ljudska prava. Naime, u slu\u010daju Brdar protiv Hrvatske ESLJP je dosudio naknadu ve\u0107u od 23.000 eura za nestanak \u010dlana porodice aplikanta tokom vojne akcije u Hrvatskoj u kolovozu 1995. godine. Iz tog razloga FHP smatra da dosu\u0111eni iznosi pred sudovima Srbije u ovim postupcima ni pribli\u017eno ne odgovaraju sumi koju je ESLJP smatrao pravi\u010dnom u istovjetnoj situaciji, zbog \u010dega su se \u010dlanovi obitelji ubijenih obratili Ustavnom sudu Srbije kako bi ostvarili pun iznos naknade koji im pripada&#8221;, poru\u010dili su iz FHP-a, u kojem smatraju i da ovakve odluke sudova u Srbiji kojima se dosu\u0111uju triput manji iznosi &#8220;govore o nespremnosti doma\u0107ih sudova da primjenjuju praksu ESLJP-a i time obave\u017eu Srbiju na isplatu naknade \u0161tete koja je u skladu s me\u0111unarodnim standardima, \u010dime bi osigurali pravi\u010dne reparacije \u017ertvama ratnih zlo\u010dina&#8221;. Podsjetimo, na Ov\u010dari je u no\u0107i sa 20. na 21. studenoga 1991. ubijeno izme\u0111u 255 i 264 vojnika i civila, od kojih su ve\u0107ina bili pacijenti vukovarske bolnice, iz koje su nakon pada grada odvezeni na Ov\u010daru i tamo pogubljeni. Za vi\u0161e od 60 osoba, za koje se sumnja da su ubijene na Ov\u010dari, jo\u0161 se traga.<\/p>\n\n\n\n<p><strong><em>Obitelj \u017ertve: &#8220;To je dodatno obezvre\u0111ivanje svih nas&#8221;<\/em><\/strong><em><\/em><\/p>\n\n\n\n<p><em>Obitelji \u017ertava Ov\u010dare o ovim presudama ne \u017eele javno govoriti. Mi smo, ipak, razgovarali s jednom osobom koja je na Ov\u010dari izgubila svoga bli\u017enjeg i koja je tako\u0111er podnijela tu\u017ebu za naknadu \u0161tete, ali presuda u tom slu\u010daju jo\u0161 nije donesena.<\/em><\/p>\n\n\n\n<p><em>&#8211; \u010cekam odluku, a za ove presude i iznose sam evo doznao od vas. \u010cinjenica je da nama nijedan iznos ne mo\u017ee vratiti ono \u0161to smo izgubili, ali ako je to\u010dno to \u0161to mi ka\u017eete, a vjerujem da jest, to je stvarno ni\u0161ta. To je samo dodatno obezvrje\u0111ivanje \u017ertava i nas, \u010dlanova njihovih obitelji. Mislim da je to gre\u0161ka i Republike Hrvatske koja se i sama trebala uklju\u010diti u te postupke i tra\u017eiti od\u0161tete, a ne prepu\u0161tati nama da se sami borimo sa sustavom \u2013 kazao nam je ju\u010der na\u0161 sugovornik, ogor\u010den na presudu.<\/em><\/p>\n\n\n\n<p><strong>PI\u0160E&nbsp;<\/strong>NIKOLA PATKOVI\u0106\/JL<em><\/em><\/p>\n","protected":false},"excerpt":{"rendered":"<p>\u010clanovi obitelji triju \u017ertava ratnog zlo\u010dina na Ov\u010dari dobili su pravomo\u0107ne presude za naknadu \u0161tete zbog smrti svojih najmilijih koju im mora isplatiti Republika Srbija. Epilog je to sudskog postupka koji se vodio na Prvom osnovnom sudu u Beogradu odnosno na Apelacionom sudu, koji je u kona\u010dnici potvrdio prvostupanjske presude, ali dosu\u0111eni iznosi su zapravo [&hellip;]<\/p>\n","protected":false},"author":2,"featured_media":65015,"comment_status":"closed","ping_status":"closed","sticky":false,"template":"","format":"standard","meta":{"h5ap_radio_sources":[],"footnotes":""},"categories":[1],"tags":[],"class_list":["post-65014","post","type-post","status-publish","format-standard","has-post-thumbnail","hentry","category-bihiregija"],"yoast_head":"<!-- This site is optimized with the Yoast SEO plugin v27.4 - https:\/\/yoast.com\/product\/yoast-seo-wordpress\/ -->\n<title>Stigle prve presude iz Beograda, obitelji \u017ertava s Ov\u010dare dobile neprimjereno niske od\u0161tete: \u2018Ovo je poni\u017eavaju\u0107e!\u2018 - RADIO LJUBU\u0160KI<\/title>\n<meta name=\"robots\" content=\"index, follow, max-snippet:-1, max-image-preview:large, max-video-preview:-1\" \/>\n<link rel=\"canonical\" href=\"https:\/\/radioljubuski.ba\/index.php\/2021\/09\/18\/stigle-prve-presude-iz-beograda-obitelji-zrtava-s-ovcare-dobile-neprimjereno-niske-odstete-ovo-je-ponizavajuce\/\" \/>\n<meta property=\"og:locale\" content=\"hr_HR\" \/>\n<meta property=\"og:type\" content=\"article\" \/>\n<meta property=\"og:title\" content=\"Stigle prve presude iz Beograda, obitelji \u017ertava s Ov\u010dare dobile neprimjereno niske od\u0161tete: \u2018Ovo je poni\u017eavaju\u0107e!\u2018 - RADIO LJUBU\u0160KI\" \/>\n<meta property=\"og:description\" content=\"\u010clanovi obitelji triju \u017ertava ratnog zlo\u010dina na Ov\u010dari dobili su pravomo\u0107ne presude za naknadu \u0161tete zbog smrti svojih najmilijih koju im mora isplatiti Republika Srbija. Epilog je to sudskog postupka koji se vodio na Prvom osnovnom sudu u Beogradu odnosno na Apelacionom sudu, koji je u kona\u010dnici potvrdio prvostupanjske presude, ali dosu\u0111eni iznosi su zapravo [&hellip;]\" \/>\n<meta property=\"og:url\" content=\"https:\/\/radioljubuski.ba\/index.php\/2021\/09\/18\/stigle-prve-presude-iz-beograda-obitelji-zrtava-s-ovcare-dobile-neprimjereno-niske-odstete-ovo-je-ponizavajuce\/\" \/>\n<meta property=\"og:site_name\" content=\"RADIO LJUBU\u0160KI\" \/>\n<meta property=\"article:publisher\" content=\"https:\/\/www.facebook.com\/Radiio-Ljubuski-1490835324566332\" \/>\n<meta property=\"article:published_time\" content=\"2021-09-17T23:45:08+00:00\" \/>\n<meta property=\"article:modified_time\" content=\"2021-09-17T23:45:10+00:00\" \/>\n<meta property=\"og:image\" content=\"https:\/\/radioljubuski.ba\/wp-content\/uploads\/2021\/09\/o_19354028_1024.jpg\" \/>\n\t<meta property=\"og:image:width\" content=\"1024\" \/>\n\t<meta property=\"og:image:height\" content=\"682\" \/>\n\t<meta property=\"og:image:type\" content=\"image\/jpeg\" \/>\n<meta name=\"author\" content=\"Radio Ljubu\u0161ki\" \/>\n<meta name=\"twitter:card\" content=\"summary_large_image\" \/>\n<meta name=\"twitter:creator\" content=\"@radioljubuski\" \/>\n<meta name=\"twitter:site\" content=\"@radioljubuski\" \/>\n<meta name=\"twitter:label1\" content=\"Napisao\/la\" \/>\n\t<meta name=\"twitter:data1\" content=\"Radio Ljubu\u0161ki\" \/>\n\t<meta name=\"twitter:label2\" content=\"Procijenjeno vrijeme \u010ditanja\" \/>\n\t<meta name=\"twitter:data2\" content=\"4 minute\" \/>\n<script type=\"application\/ld+json\" class=\"yoast-schema-graph\">{\"@context\":\"https:\\\/\\\/schema.org\",\"@graph\":[{\"@type\":\"Article\",\"@id\":\"https:\\\/\\\/radioljubuski.ba\\\/index.php\\\/2021\\\/09\\\/18\\\/stigle-prve-presude-iz-beograda-obitelji-zrtava-s-ovcare-dobile-neprimjereno-niske-odstete-ovo-je-ponizavajuce\\\/#article\",\"isPartOf\":{\"@id\":\"https:\\\/\\\/radioljubuski.ba\\\/index.php\\\/2021\\\/09\\\/18\\\/stigle-prve-presude-iz-beograda-obitelji-zrtava-s-ovcare-dobile-neprimjereno-niske-odstete-ovo-je-ponizavajuce\\\/\"},\"author\":{\"name\":\"Radio Ljubu\u0161ki\",\"@id\":\"https:\\\/\\\/radioljubuski.ba\\\/#\\\/schema\\\/person\\\/19fc700381a780f69665d7956c469e3b\"},\"headline\":\"Stigle prve presude iz Beograda, obitelji \u017ertava s Ov\u010dare dobile neprimjereno niske od\u0161tete: \u2018Ovo je poni\u017eavaju\u0107e!\u2018\",\"datePublished\":\"2021-09-17T23:45:08+00:00\",\"dateModified\":\"2021-09-17T23:45:10+00:00\",\"mainEntityOfPage\":{\"@id\":\"https:\\\/\\\/radioljubuski.ba\\\/index.php\\\/2021\\\/09\\\/18\\\/stigle-prve-presude-iz-beograda-obitelji-zrtava-s-ovcare-dobile-neprimjereno-niske-odstete-ovo-je-ponizavajuce\\\/\"},\"wordCount\":900,\"publisher\":{\"@id\":\"https:\\\/\\\/radioljubuski.ba\\\/#organization\"},\"image\":{\"@id\":\"https:\\\/\\\/radioljubuski.ba\\\/index.php\\\/2021\\\/09\\\/18\\\/stigle-prve-presude-iz-beograda-obitelji-zrtava-s-ovcare-dobile-neprimjereno-niske-odstete-ovo-je-ponizavajuce\\\/#primaryimage\"},\"thumbnailUrl\":\"https:\\\/\\\/radioljubuski.ba\\\/wp-content\\\/uploads\\\/2021\\\/09\\\/o_19354028_1024.jpg\",\"articleSection\":[\"BIH i regija\"],\"inLanguage\":\"hr\"},{\"@type\":\"WebPage\",\"@id\":\"https:\\\/\\\/radioljubuski.ba\\\/index.php\\\/2021\\\/09\\\/18\\\/stigle-prve-presude-iz-beograda-obitelji-zrtava-s-ovcare-dobile-neprimjereno-niske-odstete-ovo-je-ponizavajuce\\\/\",\"url\":\"https:\\\/\\\/radioljubuski.ba\\\/index.php\\\/2021\\\/09\\\/18\\\/stigle-prve-presude-iz-beograda-obitelji-zrtava-s-ovcare-dobile-neprimjereno-niske-odstete-ovo-je-ponizavajuce\\\/\",\"name\":\"Stigle prve presude iz Beograda, obitelji \u017ertava s Ov\u010dare dobile neprimjereno niske od\u0161tete: \u2018Ovo je poni\u017eavaju\u0107e!\u2018 - RADIO LJUBU\u0160KI\",\"isPartOf\":{\"@id\":\"https:\\\/\\\/radioljubuski.ba\\\/#website\"},\"primaryImageOfPage\":{\"@id\":\"https:\\\/\\\/radioljubuski.ba\\\/index.php\\\/2021\\\/09\\\/18\\\/stigle-prve-presude-iz-beograda-obitelji-zrtava-s-ovcare-dobile-neprimjereno-niske-odstete-ovo-je-ponizavajuce\\\/#primaryimage\"},\"image\":{\"@id\":\"https:\\\/\\\/radioljubuski.ba\\\/index.php\\\/2021\\\/09\\\/18\\\/stigle-prve-presude-iz-beograda-obitelji-zrtava-s-ovcare-dobile-neprimjereno-niske-odstete-ovo-je-ponizavajuce\\\/#primaryimage\"},\"thumbnailUrl\":\"https:\\\/\\\/radioljubuski.ba\\\/wp-content\\\/uploads\\\/2021\\\/09\\\/o_19354028_1024.jpg\",\"datePublished\":\"2021-09-17T23:45:08+00:00\",\"dateModified\":\"2021-09-17T23:45:10+00:00\",\"breadcrumb\":{\"@id\":\"https:\\\/\\\/radioljubuski.ba\\\/index.php\\\/2021\\\/09\\\/18\\\/stigle-prve-presude-iz-beograda-obitelji-zrtava-s-ovcare-dobile-neprimjereno-niske-odstete-ovo-je-ponizavajuce\\\/#breadcrumb\"},\"inLanguage\":\"hr\",\"potentialAction\":[{\"@type\":\"ReadAction\",\"target\":[\"https:\\\/\\\/radioljubuski.ba\\\/index.php\\\/2021\\\/09\\\/18\\\/stigle-prve-presude-iz-beograda-obitelji-zrtava-s-ovcare-dobile-neprimjereno-niske-odstete-ovo-je-ponizavajuce\\\/\"]}]},{\"@type\":\"ImageObject\",\"inLanguage\":\"hr\",\"@id\":\"https:\\\/\\\/radioljubuski.ba\\\/index.php\\\/2021\\\/09\\\/18\\\/stigle-prve-presude-iz-beograda-obitelji-zrtava-s-ovcare-dobile-neprimjereno-niske-odstete-ovo-je-ponizavajuce\\\/#primaryimage\",\"url\":\"https:\\\/\\\/radioljubuski.ba\\\/wp-content\\\/uploads\\\/2021\\\/09\\\/o_19354028_1024.jpg\",\"contentUrl\":\"https:\\\/\\\/radioljubuski.ba\\\/wp-content\\\/uploads\\\/2021\\\/09\\\/o_19354028_1024.jpg\",\"width\":1024,\"height\":682},{\"@type\":\"BreadcrumbList\",\"@id\":\"https:\\\/\\\/radioljubuski.ba\\\/index.php\\\/2021\\\/09\\\/18\\\/stigle-prve-presude-iz-beograda-obitelji-zrtava-s-ovcare-dobile-neprimjereno-niske-odstete-ovo-je-ponizavajuce\\\/#breadcrumb\",\"itemListElement\":[{\"@type\":\"ListItem\",\"position\":1,\"name\":\"Po\u010detna stranica\",\"item\":\"https:\\\/\\\/radioljubuski.ba\\\/\"},{\"@type\":\"ListItem\",\"position\":2,\"name\":\"Stigle prve presude iz Beograda, obitelji \u017ertava s Ov\u010dare dobile neprimjereno niske od\u0161tete: \u2018Ovo je poni\u017eavaju\u0107e!\u2018\"}]},{\"@type\":\"WebSite\",\"@id\":\"https:\\\/\\\/radioljubuski.ba\\\/#website\",\"url\":\"https:\\\/\\\/radioljubuski.ba\\\/\",\"name\":\"Radio Ljubu\u0161ki\",\"description\":\"Sun\u010dana frekvencija Hercegovine\",\"publisher\":{\"@id\":\"https:\\\/\\\/radioljubuski.ba\\\/#organization\"},\"potentialAction\":[{\"@type\":\"SearchAction\",\"target\":{\"@type\":\"EntryPoint\",\"urlTemplate\":\"https:\\\/\\\/radioljubuski.ba\\\/?s={search_term_string}\"},\"query-input\":{\"@type\":\"PropertyValueSpecification\",\"valueRequired\":true,\"valueName\":\"search_term_string\"}}],\"inLanguage\":\"hr\"},{\"@type\":\"Organization\",\"@id\":\"https:\\\/\\\/radioljubuski.ba\\\/#organization\",\"name\":\"Radio Ljubu\u0161ki\",\"url\":\"https:\\\/\\\/radioljubuski.ba\\\/\",\"logo\":{\"@type\":\"ImageObject\",\"inLanguage\":\"hr\",\"@id\":\"https:\\\/\\\/radioljubuski.ba\\\/#\\\/schema\\\/logo\\\/image\\\/\",\"url\":\"https:\\\/\\\/radioljubuski.ba\\\/wp-content\\\/uploads\\\/2021\\\/02\\\/cropped-Radio_Ljubuski_logo1.jpg\",\"contentUrl\":\"https:\\\/\\\/radioljubuski.ba\\\/wp-content\\\/uploads\\\/2021\\\/02\\\/cropped-Radio_Ljubuski_logo1.jpg\",\"width\":512,\"height\":512,\"caption\":\"Radio Ljubu\u0161ki\"},\"image\":{\"@id\":\"https:\\\/\\\/radioljubuski.ba\\\/#\\\/schema\\\/logo\\\/image\\\/\"},\"sameAs\":[\"https:\\\/\\\/www.facebook.com\\\/Radiio-Ljubuski-1490835324566332\",\"https:\\\/\\\/x.com\\\/radioljubuski\",\"https:\\\/\\\/hr.linkedin.com\\\/company\\\/radio-ljubuski\",\"https:\\\/\\\/www.youtube.com\\\/channel\\\/UCHYaeO_n0Db3tjNGudGpXyw\"]},{\"@type\":\"Person\",\"@id\":\"https:\\\/\\\/radioljubuski.ba\\\/#\\\/schema\\\/person\\\/19fc700381a780f69665d7956c469e3b\",\"name\":\"Radio Ljubu\u0161ki\"}]}<\/script>\n<!-- \/ Yoast SEO plugin. -->","yoast_head_json":{"title":"Stigle prve presude iz Beograda, obitelji \u017ertava s Ov\u010dare dobile neprimjereno niske od\u0161tete: \u2018Ovo je poni\u017eavaju\u0107e!\u2018 - RADIO LJUBU\u0160KI","robots":{"index":"index","follow":"follow","max-snippet":"max-snippet:-1","max-image-preview":"max-image-preview:large","max-video-preview":"max-video-preview:-1"},"canonical":"https:\/\/radioljubuski.ba\/index.php\/2021\/09\/18\/stigle-prve-presude-iz-beograda-obitelji-zrtava-s-ovcare-dobile-neprimjereno-niske-odstete-ovo-je-ponizavajuce\/","og_locale":"hr_HR","og_type":"article","og_title":"Stigle prve presude iz Beograda, obitelji \u017ertava s Ov\u010dare dobile neprimjereno niske od\u0161tete: \u2018Ovo je poni\u017eavaju\u0107e!\u2018 - RADIO LJUBU\u0160KI","og_description":"\u010clanovi obitelji triju \u017ertava ratnog zlo\u010dina na Ov\u010dari dobili su pravomo\u0107ne presude za naknadu \u0161tete zbog smrti svojih najmilijih koju im mora isplatiti Republika Srbija. Epilog je to sudskog postupka koji se vodio na Prvom osnovnom sudu u Beogradu odnosno na Apelacionom sudu, koji je u kona\u010dnici potvrdio prvostupanjske presude, ali dosu\u0111eni iznosi su zapravo [&hellip;]","og_url":"https:\/\/radioljubuski.ba\/index.php\/2021\/09\/18\/stigle-prve-presude-iz-beograda-obitelji-zrtava-s-ovcare-dobile-neprimjereno-niske-odstete-ovo-je-ponizavajuce\/","og_site_name":"RADIO LJUBU\u0160KI","article_publisher":"https:\/\/www.facebook.com\/Radiio-Ljubuski-1490835324566332","article_published_time":"2021-09-17T23:45:08+00:00","article_modified_time":"2021-09-17T23:45:10+00:00","og_image":[{"width":1024,"height":682,"url":"https:\/\/radioljubuski.ba\/wp-content\/uploads\/2021\/09\/o_19354028_1024.jpg","type":"image\/jpeg"}],"author":"Radio Ljubu\u0161ki","twitter_card":"summary_large_image","twitter_creator":"@radioljubuski","twitter_site":"@radioljubuski","twitter_misc":{"Napisao\/la":"Radio Ljubu\u0161ki","Procijenjeno vrijeme \u010ditanja":"4 minute"},"schema":{"@context":"https:\/\/schema.org","@graph":[{"@type":"Article","@id":"https:\/\/radioljubuski.ba\/index.php\/2021\/09\/18\/stigle-prve-presude-iz-beograda-obitelji-zrtava-s-ovcare-dobile-neprimjereno-niske-odstete-ovo-je-ponizavajuce\/#article","isPartOf":{"@id":"https:\/\/radioljubuski.ba\/index.php\/2021\/09\/18\/stigle-prve-presude-iz-beograda-obitelji-zrtava-s-ovcare-dobile-neprimjereno-niske-odstete-ovo-je-ponizavajuce\/"},"author":{"name":"Radio Ljubu\u0161ki","@id":"https:\/\/radioljubuski.ba\/#\/schema\/person\/19fc700381a780f69665d7956c469e3b"},"headline":"Stigle prve presude iz Beograda, obitelji \u017ertava s Ov\u010dare dobile neprimjereno niske od\u0161tete: \u2018Ovo je poni\u017eavaju\u0107e!\u2018","datePublished":"2021-09-17T23:45:08+00:00","dateModified":"2021-09-17T23:45:10+00:00","mainEntityOfPage":{"@id":"https:\/\/radioljubuski.ba\/index.php\/2021\/09\/18\/stigle-prve-presude-iz-beograda-obitelji-zrtava-s-ovcare-dobile-neprimjereno-niske-odstete-ovo-je-ponizavajuce\/"},"wordCount":900,"publisher":{"@id":"https:\/\/radioljubuski.ba\/#organization"},"image":{"@id":"https:\/\/radioljubuski.ba\/index.php\/2021\/09\/18\/stigle-prve-presude-iz-beograda-obitelji-zrtava-s-ovcare-dobile-neprimjereno-niske-odstete-ovo-je-ponizavajuce\/#primaryimage"},"thumbnailUrl":"https:\/\/radioljubuski.ba\/wp-content\/uploads\/2021\/09\/o_19354028_1024.jpg","articleSection":["BIH i regija"],"inLanguage":"hr"},{"@type":"WebPage","@id":"https:\/\/radioljubuski.ba\/index.php\/2021\/09\/18\/stigle-prve-presude-iz-beograda-obitelji-zrtava-s-ovcare-dobile-neprimjereno-niske-odstete-ovo-je-ponizavajuce\/","url":"https:\/\/radioljubuski.ba\/index.php\/2021\/09\/18\/stigle-prve-presude-iz-beograda-obitelji-zrtava-s-ovcare-dobile-neprimjereno-niske-odstete-ovo-je-ponizavajuce\/","name":"Stigle prve presude iz Beograda, obitelji \u017ertava s Ov\u010dare dobile neprimjereno niske od\u0161tete: \u2018Ovo je poni\u017eavaju\u0107e!\u2018 - RADIO LJUBU\u0160KI","isPartOf":{"@id":"https:\/\/radioljubuski.ba\/#website"},"primaryImageOfPage":{"@id":"https:\/\/radioljubuski.ba\/index.php\/2021\/09\/18\/stigle-prve-presude-iz-beograda-obitelji-zrtava-s-ovcare-dobile-neprimjereno-niske-odstete-ovo-je-ponizavajuce\/#primaryimage"},"image":{"@id":"https:\/\/radioljubuski.ba\/index.php\/2021\/09\/18\/stigle-prve-presude-iz-beograda-obitelji-zrtava-s-ovcare-dobile-neprimjereno-niske-odstete-ovo-je-ponizavajuce\/#primaryimage"},"thumbnailUrl":"https:\/\/radioljubuski.ba\/wp-content\/uploads\/2021\/09\/o_19354028_1024.jpg","datePublished":"2021-09-17T23:45:08+00:00","dateModified":"2021-09-17T23:45:10+00:00","breadcrumb":{"@id":"https:\/\/radioljubuski.ba\/index.php\/2021\/09\/18\/stigle-prve-presude-iz-beograda-obitelji-zrtava-s-ovcare-dobile-neprimjereno-niske-odstete-ovo-je-ponizavajuce\/#breadcrumb"},"inLanguage":"hr","potentialAction":[{"@type":"ReadAction","target":["https:\/\/radioljubuski.ba\/index.php\/2021\/09\/18\/stigle-prve-presude-iz-beograda-obitelji-zrtava-s-ovcare-dobile-neprimjereno-niske-odstete-ovo-je-ponizavajuce\/"]}]},{"@type":"ImageObject","inLanguage":"hr","@id":"https:\/\/radioljubuski.ba\/index.php\/2021\/09\/18\/stigle-prve-presude-iz-beograda-obitelji-zrtava-s-ovcare-dobile-neprimjereno-niske-odstete-ovo-je-ponizavajuce\/#primaryimage","url":"https:\/\/radioljubuski.ba\/wp-content\/uploads\/2021\/09\/o_19354028_1024.jpg","contentUrl":"https:\/\/radioljubuski.ba\/wp-content\/uploads\/2021\/09\/o_19354028_1024.jpg","width":1024,"height":682},{"@type":"BreadcrumbList","@id":"https:\/\/radioljubuski.ba\/index.php\/2021\/09\/18\/stigle-prve-presude-iz-beograda-obitelji-zrtava-s-ovcare-dobile-neprimjereno-niske-odstete-ovo-je-ponizavajuce\/#breadcrumb","itemListElement":[{"@type":"ListItem","position":1,"name":"Po\u010detna stranica","item":"https:\/\/radioljubuski.ba\/"},{"@type":"ListItem","position":2,"name":"Stigle prve presude iz Beograda, obitelji \u017ertava s Ov\u010dare dobile neprimjereno niske od\u0161tete: \u2018Ovo je poni\u017eavaju\u0107e!\u2018"}]},{"@type":"WebSite","@id":"https:\/\/radioljubuski.ba\/#website","url":"https:\/\/radioljubuski.ba\/","name":"Radio Ljubu\u0161ki","description":"Sun\u010dana frekvencija Hercegovine","publisher":{"@id":"https:\/\/radioljubuski.ba\/#organization"},"potentialAction":[{"@type":"SearchAction","target":{"@type":"EntryPoint","urlTemplate":"https:\/\/radioljubuski.ba\/?s={search_term_string}"},"query-input":{"@type":"PropertyValueSpecification","valueRequired":true,"valueName":"search_term_string"}}],"inLanguage":"hr"},{"@type":"Organization","@id":"https:\/\/radioljubuski.ba\/#organization","name":"Radio Ljubu\u0161ki","url":"https:\/\/radioljubuski.ba\/","logo":{"@type":"ImageObject","inLanguage":"hr","@id":"https:\/\/radioljubuski.ba\/#\/schema\/logo\/image\/","url":"https:\/\/radioljubuski.ba\/wp-content\/uploads\/2021\/02\/cropped-Radio_Ljubuski_logo1.jpg","contentUrl":"https:\/\/radioljubuski.ba\/wp-content\/uploads\/2021\/02\/cropped-Radio_Ljubuski_logo1.jpg","width":512,"height":512,"caption":"Radio Ljubu\u0161ki"},"image":{"@id":"https:\/\/radioljubuski.ba\/#\/schema\/logo\/image\/"},"sameAs":["https:\/\/www.facebook.com\/Radiio-Ljubuski-1490835324566332","https:\/\/x.com\/radioljubuski","https:\/\/hr.linkedin.com\/company\/radio-ljubuski","https:\/\/www.youtube.com\/channel\/UCHYaeO_n0Db3tjNGudGpXyw"]},{"@type":"Person","@id":"https:\/\/radioljubuski.ba\/#\/schema\/person\/19fc700381a780f69665d7956c469e3b","name":"Radio Ljubu\u0161ki"}]}},"_links":{"self":[{"href":"https:\/\/radioljubuski.ba\/index.php\/wp-json\/wp\/v2\/posts\/65014","targetHints":{"allow":["GET"]}}],"collection":[{"href":"https:\/\/radioljubuski.ba\/index.php\/wp-json\/wp\/v2\/posts"}],"about":[{"href":"https:\/\/radioljubuski.ba\/index.php\/wp-json\/wp\/v2\/types\/post"}],"author":[{"embeddable":true,"href":"https:\/\/radioljubuski.ba\/index.php\/wp-json\/wp\/v2\/users\/2"}],"replies":[{"embeddable":true,"href":"https:\/\/radioljubuski.ba\/index.php\/wp-json\/wp\/v2\/comments?post=65014"}],"version-history":[{"count":1,"href":"https:\/\/radioljubuski.ba\/index.php\/wp-json\/wp\/v2\/posts\/65014\/revisions"}],"predecessor-version":[{"id":65016,"href":"https:\/\/radioljubuski.ba\/index.php\/wp-json\/wp\/v2\/posts\/65014\/revisions\/65016"}],"wp:featuredmedia":[{"embeddable":true,"href":"https:\/\/radioljubuski.ba\/index.php\/wp-json\/wp\/v2\/media\/65015"}],"wp:attachment":[{"href":"https:\/\/radioljubuski.ba\/index.php\/wp-json\/wp\/v2\/media?parent=65014"}],"wp:term":[{"taxonomy":"category","embeddable":true,"href":"https:\/\/radioljubuski.ba\/index.php\/wp-json\/wp\/v2\/categories?post=65014"},{"taxonomy":"post_tag","embeddable":true,"href":"https:\/\/radioljubuski.ba\/index.php\/wp-json\/wp\/v2\/tags?post=65014"}],"curies":[{"name":"wp","href":"https:\/\/api.w.org\/{rel}","templated":true}]}}