{"id":65017,"date":"2021-09-18T00:47:00","date_gmt":"2021-09-17T23:47:00","guid":{"rendered":"https:\/\/radioljubuski.ba\/?p=65017"},"modified":"2021-09-18T00:47:01","modified_gmt":"2021-09-17T23:47:01","slug":"uplakana-umirovljenica-sa-1-700-kuna-mirovine-godinu-dana-nisam-kupila-kilogram-breskvi-evo-kad-bi-mirovine-mogle-rasti","status":"publish","type":"post","link":"https:\/\/radioljubuski.ba\/index.php\/2021\/09\/18\/uplakana-umirovljenica-sa-1-700-kuna-mirovine-godinu-dana-nisam-kupila-kilogram-breskvi-evo-kad-bi-mirovine-mogle-rasti\/","title":{"rendered":"Uplakana umirovljenica sa 1.700 kuna mirovine: \u2018Godinu dana nisam kupila kilogram breskvi\u2018; Evo kad bi mirovine mogle rasti"},"content":{"rendered":"\n<p>Nakon \u0161to kupe najosnovniju hranu i lijekove te podmire re\u017eije, sretni su ako su na \u201cpozitivnoj\u201d nuli, a sve ostalo je luksuz pa \u010dak i vo\u0107e.<\/p>\n\n\n\n<p>Sindikat umirovljenika Hrvatske zaprimio je poziv umirovljenice Jasne J. koja prima samo 1.700 kuna mirovine.<\/p>\n\n\n\n<p>\u201cMo\u017eete li ikako ove u Vladi nagovoriti da nam povise mirovine, znate, ja jedva pre\u017eivljavam\u201d \u2013 rekla je na po\u010detku gospo\u0111a stalo\u017eeno.<\/p>\n\n\n\n<p>No, nakon par minuta nije vi\u0161e mogla suspregnuti suze te u pla\u010du kazala:<\/p>\n\n\n\n<p>\u201eGodinu dana nisam kupila kilogram breskvi, jednostavno si ih ne mogu priu\u0161titi. Kako je mogu\u0107e da biv\u0161i saborski zastupnici imaju pove\u0107anje mirovine od 200 kuna, a ja 40 kuna. Mo\u017eete li se vi u SUH-u izboriti da nama siroma\u0161\u00adnima ipak daju ve\u0107e povi\u0161ice, a ovima smanje\u201d \u2013 upitala je, pi\u0161e portal\u00a0<a href=\"https:\/\/www.mirovina.hr\/novosti\/umirovljenica-sa-1-700-kuna-mirovine-godinu-dana-nisam-kupila-kilogram-breskvi\/\" target=\"_blank\" rel=\"noreferrer noopener\">Mirovina<\/a>.\u00a0<\/p>\n\n\n\n<figure class=\"wp-block-image\"><img decoding=\"async\" src=\"https:\/\/static.slobodnadalmacija.hr\/images\/slike\/2021\/09\/17\/19355532.jpg?1631898035\" alt=\"image\"\/><\/figure>\n\n\n\n<p>Sindikat \u0107e tra\u017eiti dodatne povi\u0161ice za najsiroma\u0161nije!<\/p>\n\n\n\n<p>Iz Sindikata su joj odgovorili kako je njihov cilj pove\u0107anje mirovina u visini 100 posto povoljnijeg indeksa rasta pla\u0107a ili cijena, ali i da redovito upozoravaju kako Vlada treba uvesti dodatne \u201epovi\u0161ice\u201d za one najsiroma\u0161nije. Tu je i ozbiljan problem pada udjela prosje\u010dne mirovine u prosje\u010dnoj pla\u0107i, koji je sada na sramotnih 35,99 posto.<\/p>\n\n\n\n<p>Iz Sindikata umirovljenika Hrvatske obe\u0107avaju da \u0107e zatra\u017eiti i da se kao socijalna mjera prilikom uskla\u0111ivanja za one koji primaju do 2.000 kuna miro\u00advine, a takvih je 414 tisu\u0107a, uvede 120 posto povoljnijeg indeksa, a one do 4.000 kuna, a takvih je 550 tisu\u0107a, za 110 posto.<\/p>\n\n\n\n<p>\u201cTime bi se ne samo zaustavio pad udjela mirovina u pla\u0107i, ve\u0107 bi on nakon desetlje\u0107a konstantnog pada po\u010deo rasti, s ciljem da za desetak godina barem do\u0111e na 40 posto, \u0161to je i dalje mizerno, ako se usporedi s drugim zemljama EU ili okru\u017eenja, primjerice Slovenijom i Srbijom gdje je udjel oko 50 posto\u201d \u2013 navode iz SUH-a.<\/p>\n\n\n\n<p>Sli\u010dni modeli ve\u0107 postoje u drugim europskim zemljama<\/p>\n\n\n\n<p>Ideja o pove\u0107anim osnovicama uskla\u0111ivanja za one s ni\u017eim mirovinama nisu neutemeljene i neizvedive kako to \u010desto do\u00adnositelji odluka u Hrvatskoj prezentiraju u javnosti pozivaju\u0107i se na zakone. Sli\u010dni modeli \u201enagra\u0111ivanja siroma\u0161nijih\u201d ve\u0107 postoje u Italiji, Latviji, Portugalu, \u010ce\u0161koj te su ugra\u0111eni kao opcija u zakone, a primjerice u Austriji, Bugarskoj i \u0160panjolskoj se ve\u0107 nekoliko posljednjih godina uz redovito uskla\u0111ivanje ispla\u0107uju dodatne \u201epovi\u0161ice\u201d siroma\u0161nijim umirovljenicima, navodi Igor Kne\u017eevi\u0107 u novom broju SUH-ova&nbsp;<a href=\"https:\/\/www.suh.hr\/\" target=\"_blank\" rel=\"noreferrer noopener\">Glasa umirovljenika<\/a>.<\/p>\n\n\n\n<p>\u201cU doba kada se forsira privatizacija mirovinskog sustava, mo\u017eemo biti sretni \u0161to smo sa\u010duvali prvi mirovinski stup, kao i javno zdravstvo, no nikako se ne mirimo s \u010dinjenicom da vi\u0161e od 730 tisu\u0107a umirovljenika \u017eivi ispod granice linije siroma\u0161tva.<\/p>\n\n\n\n<p>\u201eAko dru\u0161tvo nije u mogu\u0107nosti pomo\u0107i mnogobrojnim siromasima, ne\u0107e biti kadro ni spasiti malobrojne bogata\u0161e\u201d, kazao je jednom prilikom J.F. Kennedy. I doista, gomilanje siromaha nikad nije donijelo dobroga dru\u0161tvu, a kad-tad je dovelo i do politi\u010dkih promjena. Nezadovoljstvo hrvatskih siromaha je ogromno i samo se nakuplja i nakuplja. Dok jednom ne pukne\u2026\u201d \u2013 zaklju\u010duje Kne\u017eevi\u0107.<\/p>\n\n\n\n<p><strong>PI\u0160E&nbsp;<\/strong>PSD<\/p>\n","protected":false},"excerpt":{"rendered":"<p>Nakon \u0161to kupe najosnovniju hranu i lijekove te podmire re\u017eije, sretni su ako su na \u201cpozitivnoj\u201d nuli, a sve ostalo je luksuz pa \u010dak i vo\u0107e. Sindikat umirovljenika Hrvatske zaprimio je poziv umirovljenice Jasne J. koja prima samo 1.700 kuna mirovine. \u201cMo\u017eete li ikako ove u Vladi nagovoriti da nam povise mirovine, znate, ja jedva [&hellip;]<\/p>\n","protected":false},"author":2,"featured_media":65018,"comment_status":"closed","ping_status":"closed","sticky":false,"template":"","format":"standard","meta":{"h5ap_radio_sources":[],"footnotes":""},"categories":[1],"tags":[],"class_list":["post-65017","post","type-post","status-publish","format-standard","has-post-thumbnail","hentry","category-bihiregija"],"yoast_head":"<!-- This site is optimized with the Yoast SEO plugin v27.4 - https:\/\/yoast.com\/product\/yoast-seo-wordpress\/ -->\n<title>Uplakana umirovljenica sa 1.700 kuna mirovine: \u2018Godinu dana nisam kupila kilogram breskvi\u2018; Evo kad bi mirovine mogle rasti - RADIO LJUBU\u0160KI<\/title>\n<meta name=\"robots\" content=\"index, follow, max-snippet:-1, max-image-preview:large, max-video-preview:-1\" \/>\n<link rel=\"canonical\" href=\"https:\/\/radioljubuski.ba\/index.php\/2021\/09\/18\/uplakana-umirovljenica-sa-1-700-kuna-mirovine-godinu-dana-nisam-kupila-kilogram-breskvi-evo-kad-bi-mirovine-mogle-rasti\/\" \/>\n<meta property=\"og:locale\" content=\"hr_HR\" \/>\n<meta property=\"og:type\" content=\"article\" \/>\n<meta property=\"og:title\" content=\"Uplakana umirovljenica sa 1.700 kuna mirovine: \u2018Godinu dana nisam kupila kilogram breskvi\u2018; Evo kad bi mirovine mogle rasti - RADIO LJUBU\u0160KI\" \/>\n<meta property=\"og:description\" content=\"Nakon \u0161to kupe najosnovniju hranu i lijekove te podmire re\u017eije, sretni su ako su na \u201cpozitivnoj\u201d nuli, a sve ostalo je luksuz pa \u010dak i vo\u0107e. Sindikat umirovljenika Hrvatske zaprimio je poziv umirovljenice Jasne J. koja prima samo 1.700 kuna mirovine. \u201cMo\u017eete li ikako ove u Vladi nagovoriti da nam povise mirovine, znate, ja jedva [&hellip;]\" \/>\n<meta property=\"og:url\" content=\"https:\/\/radioljubuski.ba\/index.php\/2021\/09\/18\/uplakana-umirovljenica-sa-1-700-kuna-mirovine-godinu-dana-nisam-kupila-kilogram-breskvi-evo-kad-bi-mirovine-mogle-rasti\/\" \/>\n<meta property=\"og:site_name\" content=\"RADIO LJUBU\u0160KI\" \/>\n<meta property=\"article:publisher\" content=\"https:\/\/www.facebook.com\/Radiio-Ljubuski-1490835324566332\" \/>\n<meta property=\"article:published_time\" content=\"2021-09-17T23:47:00+00:00\" \/>\n<meta property=\"article:modified_time\" content=\"2021-09-17T23:47:01+00:00\" \/>\n<meta property=\"og:image\" content=\"https:\/\/radioljubuski.ba\/wp-content\/uploads\/2021\/09\/o_19355530_1024.jpg\" \/>\n\t<meta property=\"og:image:width\" content=\"1024\" \/>\n\t<meta property=\"og:image:height\" content=\"682\" \/>\n\t<meta property=\"og:image:type\" content=\"image\/jpeg\" \/>\n<meta name=\"author\" content=\"Radio Ljubu\u0161ki\" \/>\n<meta name=\"twitter:card\" content=\"summary_large_image\" \/>\n<meta name=\"twitter:creator\" content=\"@radioljubuski\" \/>\n<meta name=\"twitter:site\" content=\"@radioljubuski\" \/>\n<meta name=\"twitter:label1\" content=\"Napisao\/la\" \/>\n\t<meta name=\"twitter:data1\" content=\"Radio Ljubu\u0161ki\" \/>\n\t<meta name=\"twitter:label2\" content=\"Procijenjeno vrijeme \u010ditanja\" \/>\n\t<meta name=\"twitter:data2\" content=\"3 minute\" \/>\n<script type=\"application\/ld+json\" class=\"yoast-schema-graph\">{\"@context\":\"https:\\\/\\\/schema.org\",\"@graph\":[{\"@type\":\"Article\",\"@id\":\"https:\\\/\\\/radioljubuski.ba\\\/index.php\\\/2021\\\/09\\\/18\\\/uplakana-umirovljenica-sa-1-700-kuna-mirovine-godinu-dana-nisam-kupila-kilogram-breskvi-evo-kad-bi-mirovine-mogle-rasti\\\/#article\",\"isPartOf\":{\"@id\":\"https:\\\/\\\/radioljubuski.ba\\\/index.php\\\/2021\\\/09\\\/18\\\/uplakana-umirovljenica-sa-1-700-kuna-mirovine-godinu-dana-nisam-kupila-kilogram-breskvi-evo-kad-bi-mirovine-mogle-rasti\\\/\"},\"author\":{\"name\":\"Radio Ljubu\u0161ki\",\"@id\":\"https:\\\/\\\/radioljubuski.ba\\\/#\\\/schema\\\/person\\\/19fc700381a780f69665d7956c469e3b\"},\"headline\":\"Uplakana umirovljenica sa 1.700 kuna mirovine: \u2018Godinu dana nisam kupila kilogram breskvi\u2018; Evo kad bi mirovine mogle rasti\",\"datePublished\":\"2021-09-17T23:47:00+00:00\",\"dateModified\":\"2021-09-17T23:47:01+00:00\",\"mainEntityOfPage\":{\"@id\":\"https:\\\/\\\/radioljubuski.ba\\\/index.php\\\/2021\\\/09\\\/18\\\/uplakana-umirovljenica-sa-1-700-kuna-mirovine-godinu-dana-nisam-kupila-kilogram-breskvi-evo-kad-bi-mirovine-mogle-rasti\\\/\"},\"wordCount\":547,\"publisher\":{\"@id\":\"https:\\\/\\\/radioljubuski.ba\\\/#organization\"},\"image\":{\"@id\":\"https:\\\/\\\/radioljubuski.ba\\\/index.php\\\/2021\\\/09\\\/18\\\/uplakana-umirovljenica-sa-1-700-kuna-mirovine-godinu-dana-nisam-kupila-kilogram-breskvi-evo-kad-bi-mirovine-mogle-rasti\\\/#primaryimage\"},\"thumbnailUrl\":\"https:\\\/\\\/radioljubuski.ba\\\/wp-content\\\/uploads\\\/2021\\\/09\\\/o_19355530_1024.jpg\",\"articleSection\":[\"BIH i regija\"],\"inLanguage\":\"hr\"},{\"@type\":\"WebPage\",\"@id\":\"https:\\\/\\\/radioljubuski.ba\\\/index.php\\\/2021\\\/09\\\/18\\\/uplakana-umirovljenica-sa-1-700-kuna-mirovine-godinu-dana-nisam-kupila-kilogram-breskvi-evo-kad-bi-mirovine-mogle-rasti\\\/\",\"url\":\"https:\\\/\\\/radioljubuski.ba\\\/index.php\\\/2021\\\/09\\\/18\\\/uplakana-umirovljenica-sa-1-700-kuna-mirovine-godinu-dana-nisam-kupila-kilogram-breskvi-evo-kad-bi-mirovine-mogle-rasti\\\/\",\"name\":\"Uplakana umirovljenica sa 1.700 kuna mirovine: \u2018Godinu dana nisam kupila kilogram breskvi\u2018; Evo kad bi mirovine mogle rasti - RADIO LJUBU\u0160KI\",\"isPartOf\":{\"@id\":\"https:\\\/\\\/radioljubuski.ba\\\/#website\"},\"primaryImageOfPage\":{\"@id\":\"https:\\\/\\\/radioljubuski.ba\\\/index.php\\\/2021\\\/09\\\/18\\\/uplakana-umirovljenica-sa-1-700-kuna-mirovine-godinu-dana-nisam-kupila-kilogram-breskvi-evo-kad-bi-mirovine-mogle-rasti\\\/#primaryimage\"},\"image\":{\"@id\":\"https:\\\/\\\/radioljubuski.ba\\\/index.php\\\/2021\\\/09\\\/18\\\/uplakana-umirovljenica-sa-1-700-kuna-mirovine-godinu-dana-nisam-kupila-kilogram-breskvi-evo-kad-bi-mirovine-mogle-rasti\\\/#primaryimage\"},\"thumbnailUrl\":\"https:\\\/\\\/radioljubuski.ba\\\/wp-content\\\/uploads\\\/2021\\\/09\\\/o_19355530_1024.jpg\",\"datePublished\":\"2021-09-17T23:47:00+00:00\",\"dateModified\":\"2021-09-17T23:47:01+00:00\",\"breadcrumb\":{\"@id\":\"https:\\\/\\\/radioljubuski.ba\\\/index.php\\\/2021\\\/09\\\/18\\\/uplakana-umirovljenica-sa-1-700-kuna-mirovine-godinu-dana-nisam-kupila-kilogram-breskvi-evo-kad-bi-mirovine-mogle-rasti\\\/#breadcrumb\"},\"inLanguage\":\"hr\",\"potentialAction\":[{\"@type\":\"ReadAction\",\"target\":[\"https:\\\/\\\/radioljubuski.ba\\\/index.php\\\/2021\\\/09\\\/18\\\/uplakana-umirovljenica-sa-1-700-kuna-mirovine-godinu-dana-nisam-kupila-kilogram-breskvi-evo-kad-bi-mirovine-mogle-rasti\\\/\"]}]},{\"@type\":\"ImageObject\",\"inLanguage\":\"hr\",\"@id\":\"https:\\\/\\\/radioljubuski.ba\\\/index.php\\\/2021\\\/09\\\/18\\\/uplakana-umirovljenica-sa-1-700-kuna-mirovine-godinu-dana-nisam-kupila-kilogram-breskvi-evo-kad-bi-mirovine-mogle-rasti\\\/#primaryimage\",\"url\":\"https:\\\/\\\/radioljubuski.ba\\\/wp-content\\\/uploads\\\/2021\\\/09\\\/o_19355530_1024.jpg\",\"contentUrl\":\"https:\\\/\\\/radioljubuski.ba\\\/wp-content\\\/uploads\\\/2021\\\/09\\\/o_19355530_1024.jpg\",\"width\":1024,\"height\":682},{\"@type\":\"BreadcrumbList\",\"@id\":\"https:\\\/\\\/radioljubuski.ba\\\/index.php\\\/2021\\\/09\\\/18\\\/uplakana-umirovljenica-sa-1-700-kuna-mirovine-godinu-dana-nisam-kupila-kilogram-breskvi-evo-kad-bi-mirovine-mogle-rasti\\\/#breadcrumb\",\"itemListElement\":[{\"@type\":\"ListItem\",\"position\":1,\"name\":\"Po\u010detna stranica\",\"item\":\"https:\\\/\\\/radioljubuski.ba\\\/\"},{\"@type\":\"ListItem\",\"position\":2,\"name\":\"Uplakana umirovljenica sa 1.700 kuna mirovine: \u2018Godinu dana nisam kupila kilogram breskvi\u2018; Evo kad bi mirovine mogle rasti\"}]},{\"@type\":\"WebSite\",\"@id\":\"https:\\\/\\\/radioljubuski.ba\\\/#website\",\"url\":\"https:\\\/\\\/radioljubuski.ba\\\/\",\"name\":\"Radio Ljubu\u0161ki\",\"description\":\"Sun\u010dana frekvencija Hercegovine\",\"publisher\":{\"@id\":\"https:\\\/\\\/radioljubuski.ba\\\/#organization\"},\"potentialAction\":[{\"@type\":\"SearchAction\",\"target\":{\"@type\":\"EntryPoint\",\"urlTemplate\":\"https:\\\/\\\/radioljubuski.ba\\\/?s={search_term_string}\"},\"query-input\":{\"@type\":\"PropertyValueSpecification\",\"valueRequired\":true,\"valueName\":\"search_term_string\"}}],\"inLanguage\":\"hr\"},{\"@type\":\"Organization\",\"@id\":\"https:\\\/\\\/radioljubuski.ba\\\/#organization\",\"name\":\"Radio Ljubu\u0161ki\",\"url\":\"https:\\\/\\\/radioljubuski.ba\\\/\",\"logo\":{\"@type\":\"ImageObject\",\"inLanguage\":\"hr\",\"@id\":\"https:\\\/\\\/radioljubuski.ba\\\/#\\\/schema\\\/logo\\\/image\\\/\",\"url\":\"https:\\\/\\\/radioljubuski.ba\\\/wp-content\\\/uploads\\\/2021\\\/02\\\/cropped-Radio_Ljubuski_logo1.jpg\",\"contentUrl\":\"https:\\\/\\\/radioljubuski.ba\\\/wp-content\\\/uploads\\\/2021\\\/02\\\/cropped-Radio_Ljubuski_logo1.jpg\",\"width\":512,\"height\":512,\"caption\":\"Radio Ljubu\u0161ki\"},\"image\":{\"@id\":\"https:\\\/\\\/radioljubuski.ba\\\/#\\\/schema\\\/logo\\\/image\\\/\"},\"sameAs\":[\"https:\\\/\\\/www.facebook.com\\\/Radiio-Ljubuski-1490835324566332\",\"https:\\\/\\\/x.com\\\/radioljubuski\",\"https:\\\/\\\/hr.linkedin.com\\\/company\\\/radio-ljubuski\",\"https:\\\/\\\/www.youtube.com\\\/channel\\\/UCHYaeO_n0Db3tjNGudGpXyw\"]},{\"@type\":\"Person\",\"@id\":\"https:\\\/\\\/radioljubuski.ba\\\/#\\\/schema\\\/person\\\/19fc700381a780f69665d7956c469e3b\",\"name\":\"Radio Ljubu\u0161ki\"}]}<\/script>\n<!-- \/ Yoast SEO plugin. -->","yoast_head_json":{"title":"Uplakana umirovljenica sa 1.700 kuna mirovine: \u2018Godinu dana nisam kupila kilogram breskvi\u2018; Evo kad bi mirovine mogle rasti - RADIO LJUBU\u0160KI","robots":{"index":"index","follow":"follow","max-snippet":"max-snippet:-1","max-image-preview":"max-image-preview:large","max-video-preview":"max-video-preview:-1"},"canonical":"https:\/\/radioljubuski.ba\/index.php\/2021\/09\/18\/uplakana-umirovljenica-sa-1-700-kuna-mirovine-godinu-dana-nisam-kupila-kilogram-breskvi-evo-kad-bi-mirovine-mogle-rasti\/","og_locale":"hr_HR","og_type":"article","og_title":"Uplakana umirovljenica sa 1.700 kuna mirovine: \u2018Godinu dana nisam kupila kilogram breskvi\u2018; Evo kad bi mirovine mogle rasti - RADIO LJUBU\u0160KI","og_description":"Nakon \u0161to kupe najosnovniju hranu i lijekove te podmire re\u017eije, sretni su ako su na \u201cpozitivnoj\u201d nuli, a sve ostalo je luksuz pa \u010dak i vo\u0107e. Sindikat umirovljenika Hrvatske zaprimio je poziv umirovljenice Jasne J. koja prima samo 1.700 kuna mirovine. \u201cMo\u017eete li ikako ove u Vladi nagovoriti da nam povise mirovine, znate, ja jedva [&hellip;]","og_url":"https:\/\/radioljubuski.ba\/index.php\/2021\/09\/18\/uplakana-umirovljenica-sa-1-700-kuna-mirovine-godinu-dana-nisam-kupila-kilogram-breskvi-evo-kad-bi-mirovine-mogle-rasti\/","og_site_name":"RADIO LJUBU\u0160KI","article_publisher":"https:\/\/www.facebook.com\/Radiio-Ljubuski-1490835324566332","article_published_time":"2021-09-17T23:47:00+00:00","article_modified_time":"2021-09-17T23:47:01+00:00","og_image":[{"width":1024,"height":682,"url":"https:\/\/radioljubuski.ba\/wp-content\/uploads\/2021\/09\/o_19355530_1024.jpg","type":"image\/jpeg"}],"author":"Radio Ljubu\u0161ki","twitter_card":"summary_large_image","twitter_creator":"@radioljubuski","twitter_site":"@radioljubuski","twitter_misc":{"Napisao\/la":"Radio Ljubu\u0161ki","Procijenjeno vrijeme \u010ditanja":"3 minute"},"schema":{"@context":"https:\/\/schema.org","@graph":[{"@type":"Article","@id":"https:\/\/radioljubuski.ba\/index.php\/2021\/09\/18\/uplakana-umirovljenica-sa-1-700-kuna-mirovine-godinu-dana-nisam-kupila-kilogram-breskvi-evo-kad-bi-mirovine-mogle-rasti\/#article","isPartOf":{"@id":"https:\/\/radioljubuski.ba\/index.php\/2021\/09\/18\/uplakana-umirovljenica-sa-1-700-kuna-mirovine-godinu-dana-nisam-kupila-kilogram-breskvi-evo-kad-bi-mirovine-mogle-rasti\/"},"author":{"name":"Radio Ljubu\u0161ki","@id":"https:\/\/radioljubuski.ba\/#\/schema\/person\/19fc700381a780f69665d7956c469e3b"},"headline":"Uplakana umirovljenica sa 1.700 kuna mirovine: \u2018Godinu dana nisam kupila kilogram breskvi\u2018; Evo kad bi mirovine mogle rasti","datePublished":"2021-09-17T23:47:00+00:00","dateModified":"2021-09-17T23:47:01+00:00","mainEntityOfPage":{"@id":"https:\/\/radioljubuski.ba\/index.php\/2021\/09\/18\/uplakana-umirovljenica-sa-1-700-kuna-mirovine-godinu-dana-nisam-kupila-kilogram-breskvi-evo-kad-bi-mirovine-mogle-rasti\/"},"wordCount":547,"publisher":{"@id":"https:\/\/radioljubuski.ba\/#organization"},"image":{"@id":"https:\/\/radioljubuski.ba\/index.php\/2021\/09\/18\/uplakana-umirovljenica-sa-1-700-kuna-mirovine-godinu-dana-nisam-kupila-kilogram-breskvi-evo-kad-bi-mirovine-mogle-rasti\/#primaryimage"},"thumbnailUrl":"https:\/\/radioljubuski.ba\/wp-content\/uploads\/2021\/09\/o_19355530_1024.jpg","articleSection":["BIH i regija"],"inLanguage":"hr"},{"@type":"WebPage","@id":"https:\/\/radioljubuski.ba\/index.php\/2021\/09\/18\/uplakana-umirovljenica-sa-1-700-kuna-mirovine-godinu-dana-nisam-kupila-kilogram-breskvi-evo-kad-bi-mirovine-mogle-rasti\/","url":"https:\/\/radioljubuski.ba\/index.php\/2021\/09\/18\/uplakana-umirovljenica-sa-1-700-kuna-mirovine-godinu-dana-nisam-kupila-kilogram-breskvi-evo-kad-bi-mirovine-mogle-rasti\/","name":"Uplakana umirovljenica sa 1.700 kuna mirovine: \u2018Godinu dana nisam kupila kilogram breskvi\u2018; Evo kad bi mirovine mogle rasti - RADIO LJUBU\u0160KI","isPartOf":{"@id":"https:\/\/radioljubuski.ba\/#website"},"primaryImageOfPage":{"@id":"https:\/\/radioljubuski.ba\/index.php\/2021\/09\/18\/uplakana-umirovljenica-sa-1-700-kuna-mirovine-godinu-dana-nisam-kupila-kilogram-breskvi-evo-kad-bi-mirovine-mogle-rasti\/#primaryimage"},"image":{"@id":"https:\/\/radioljubuski.ba\/index.php\/2021\/09\/18\/uplakana-umirovljenica-sa-1-700-kuna-mirovine-godinu-dana-nisam-kupila-kilogram-breskvi-evo-kad-bi-mirovine-mogle-rasti\/#primaryimage"},"thumbnailUrl":"https:\/\/radioljubuski.ba\/wp-content\/uploads\/2021\/09\/o_19355530_1024.jpg","datePublished":"2021-09-17T23:47:00+00:00","dateModified":"2021-09-17T23:47:01+00:00","breadcrumb":{"@id":"https:\/\/radioljubuski.ba\/index.php\/2021\/09\/18\/uplakana-umirovljenica-sa-1-700-kuna-mirovine-godinu-dana-nisam-kupila-kilogram-breskvi-evo-kad-bi-mirovine-mogle-rasti\/#breadcrumb"},"inLanguage":"hr","potentialAction":[{"@type":"ReadAction","target":["https:\/\/radioljubuski.ba\/index.php\/2021\/09\/18\/uplakana-umirovljenica-sa-1-700-kuna-mirovine-godinu-dana-nisam-kupila-kilogram-breskvi-evo-kad-bi-mirovine-mogle-rasti\/"]}]},{"@type":"ImageObject","inLanguage":"hr","@id":"https:\/\/radioljubuski.ba\/index.php\/2021\/09\/18\/uplakana-umirovljenica-sa-1-700-kuna-mirovine-godinu-dana-nisam-kupila-kilogram-breskvi-evo-kad-bi-mirovine-mogle-rasti\/#primaryimage","url":"https:\/\/radioljubuski.ba\/wp-content\/uploads\/2021\/09\/o_19355530_1024.jpg","contentUrl":"https:\/\/radioljubuski.ba\/wp-content\/uploads\/2021\/09\/o_19355530_1024.jpg","width":1024,"height":682},{"@type":"BreadcrumbList","@id":"https:\/\/radioljubuski.ba\/index.php\/2021\/09\/18\/uplakana-umirovljenica-sa-1-700-kuna-mirovine-godinu-dana-nisam-kupila-kilogram-breskvi-evo-kad-bi-mirovine-mogle-rasti\/#breadcrumb","itemListElement":[{"@type":"ListItem","position":1,"name":"Po\u010detna stranica","item":"https:\/\/radioljubuski.ba\/"},{"@type":"ListItem","position":2,"name":"Uplakana umirovljenica sa 1.700 kuna mirovine: \u2018Godinu dana nisam kupila kilogram breskvi\u2018; Evo kad bi mirovine mogle rasti"}]},{"@type":"WebSite","@id":"https:\/\/radioljubuski.ba\/#website","url":"https:\/\/radioljubuski.ba\/","name":"Radio Ljubu\u0161ki","description":"Sun\u010dana frekvencija Hercegovine","publisher":{"@id":"https:\/\/radioljubuski.ba\/#organization"},"potentialAction":[{"@type":"SearchAction","target":{"@type":"EntryPoint","urlTemplate":"https:\/\/radioljubuski.ba\/?s={search_term_string}"},"query-input":{"@type":"PropertyValueSpecification","valueRequired":true,"valueName":"search_term_string"}}],"inLanguage":"hr"},{"@type":"Organization","@id":"https:\/\/radioljubuski.ba\/#organization","name":"Radio Ljubu\u0161ki","url":"https:\/\/radioljubuski.ba\/","logo":{"@type":"ImageObject","inLanguage":"hr","@id":"https:\/\/radioljubuski.ba\/#\/schema\/logo\/image\/","url":"https:\/\/radioljubuski.ba\/wp-content\/uploads\/2021\/02\/cropped-Radio_Ljubuski_logo1.jpg","contentUrl":"https:\/\/radioljubuski.ba\/wp-content\/uploads\/2021\/02\/cropped-Radio_Ljubuski_logo1.jpg","width":512,"height":512,"caption":"Radio Ljubu\u0161ki"},"image":{"@id":"https:\/\/radioljubuski.ba\/#\/schema\/logo\/image\/"},"sameAs":["https:\/\/www.facebook.com\/Radiio-Ljubuski-1490835324566332","https:\/\/x.com\/radioljubuski","https:\/\/hr.linkedin.com\/company\/radio-ljubuski","https:\/\/www.youtube.com\/channel\/UCHYaeO_n0Db3tjNGudGpXyw"]},{"@type":"Person","@id":"https:\/\/radioljubuski.ba\/#\/schema\/person\/19fc700381a780f69665d7956c469e3b","name":"Radio Ljubu\u0161ki"}]}},"_links":{"self":[{"href":"https:\/\/radioljubuski.ba\/index.php\/wp-json\/wp\/v2\/posts\/65017","targetHints":{"allow":["GET"]}}],"collection":[{"href":"https:\/\/radioljubuski.ba\/index.php\/wp-json\/wp\/v2\/posts"}],"about":[{"href":"https:\/\/radioljubuski.ba\/index.php\/wp-json\/wp\/v2\/types\/post"}],"author":[{"embeddable":true,"href":"https:\/\/radioljubuski.ba\/index.php\/wp-json\/wp\/v2\/users\/2"}],"replies":[{"embeddable":true,"href":"https:\/\/radioljubuski.ba\/index.php\/wp-json\/wp\/v2\/comments?post=65017"}],"version-history":[{"count":1,"href":"https:\/\/radioljubuski.ba\/index.php\/wp-json\/wp\/v2\/posts\/65017\/revisions"}],"predecessor-version":[{"id":65019,"href":"https:\/\/radioljubuski.ba\/index.php\/wp-json\/wp\/v2\/posts\/65017\/revisions\/65019"}],"wp:featuredmedia":[{"embeddable":true,"href":"https:\/\/radioljubuski.ba\/index.php\/wp-json\/wp\/v2\/media\/65018"}],"wp:attachment":[{"href":"https:\/\/radioljubuski.ba\/index.php\/wp-json\/wp\/v2\/media?parent=65017"}],"wp:term":[{"taxonomy":"category","embeddable":true,"href":"https:\/\/radioljubuski.ba\/index.php\/wp-json\/wp\/v2\/categories?post=65017"},{"taxonomy":"post_tag","embeddable":true,"href":"https:\/\/radioljubuski.ba\/index.php\/wp-json\/wp\/v2\/tags?post=65017"}],"curies":[{"name":"wp","href":"https:\/\/api.w.org\/{rel}","templated":true}]}}