{"id":65020,"date":"2021-09-18T00:49:43","date_gmt":"2021-09-17T23:49:43","guid":{"rendered":"https:\/\/radioljubuski.ba\/?p=65020"},"modified":"2021-09-18T00:49:45","modified_gmt":"2021-09-17T23:49:45","slug":"ivana-misura-otkrila-je-detalje-svojeg-vjencanja-s-bivsim-vatrenim-goranom-vlaovicem-njegova-energija-je-zaista-nesto-posebno","status":"publish","type":"post","link":"https:\/\/radioljubuski.ba\/index.php\/2021\/09\/18\/ivana-misura-otkrila-je-detalje-svojeg-vjencanja-s-bivsim-vatrenim-goranom-vlaovicem-njegova-energija-je-zaista-nesto-posebno\/","title":{"rendered":"Ivana Mi\u0161ura otkrila je detalje svojeg vjen\u010danja s biv\u0161im Vatrenim Goranom Vlaovi\u0107em: Njegova energija je zaista ne\u0161to posebno"},"content":{"rendered":"\n<p>Miss Universe Hrvatske 2014.&nbsp;<strong>Ivana Mi\u0161ura<\/strong>&nbsp;otkrila je detalje svojeg vjen\u010danja s nogometa\u0161em&nbsp;<strong>Goranom Vlaovi\u0107em<\/strong>&nbsp;ekskluzivno za&nbsp;<a href=\"https:\/\/dnevnik.hr\/showbuzz\/inmagazin\/ivana-misura-sasvim-otvoreno-o-bebi-ljubavi-i-vjencanju-s-bivsim-vatrenim-goranom-vlaovicem-izmedju-ostalog-je-duhovit-a-sad-znam-da-je-i-brizan-otac---667077.html\">IN Magazin.<\/a><\/p>\n\n\n\n<p>\u010cime je Ivanu Mi\u0161eri\u0107 osvojio biv\u0161i Vatreni, za\u0161to ne\u0107e otputovati na medeni mjesec i za\u0161to je njihova sedmomjese\u010dna k\u0107erkica Vana beba za po\u017eeljeti, biv\u0161a misica ispri\u010dala je za&nbsp;<a href=\"https:\/\/dnevnik.hr\/showbuzz\/inmagazin\/ivana-misura-sasvim-otvoreno-o-bebi-ljubavi-i-vjencanju-s-bivsim-vatrenim-goranom-vlaovicem-izmedju-ostalog-je-duhovit-a-sad-znam-da-je-i-brizan-otac---667077.html\">IN Magazin<\/a>.<\/p>\n\n\n\n<p>Da je zaista sretna, govori osmijeh na njezinom licu. Evo kako je pro\u0161lo vjen\u010danje.<\/p>\n\n\n\n<p>&#8221;Ja sam na fakultetu jo\u0161 htjela biti organizatorica vjen\u010danja, to je zanimljivo, kad je do\u0161lo moje vjen\u010danje na red sam tek shvatila koliko stvari ti treba\u0161 organizirati, jer smo izme\u0111u ostalog, Goran i ja htjeli sve sami. Ali je ba\u0161 bio top tulum, to smo i htjeli na kraju krajeva i ba\u0161 sam presretna kako je sve ispalo&#8221;, pri\u010da Ivana koja ka\u017ee da se u svoju vjen\u010danicu zaljubila na prvi pogled.&nbsp;<\/p>\n\n\n\n<p>&#8221;Ba\u0161 mi je bila nekako posebna i druga\u010dija i taj prorez mi je bio dodatan touch na cijelu haljinu&#8221;.&nbsp;<\/p>\n\n\n\n<p>U jednom trenutku je donji dio skinula.&nbsp;<\/p>\n\n\n\n<p>&#8221;Tako je. Taj pla\u0161t koji ima 100 kila doslovno. To je samo za slikanje. Obavili smo ceremoniju sve\u010danu i s njim sam u\u0161la u salu, ali dalje od toga vi\u0161e nije koristio&#8221;, pri\u010da Ivana.\u00a0<\/p>\n\n\n\n<figure class=\"wp-block-image\"><img decoding=\"async\" src=\"https:\/\/static.slobodnadalmacija.hr\/images\/slike\/2021\/09\/17\/19356888.jpg?1631910592\" alt=\"image\"\/><\/figure>\n\n\n\n<p>Ivana ne voli previ\u0161e otkrivati detalje, ali \u010dime ju je Goran osvojio?&nbsp;<\/p>\n\n\n\n<p>&#8221;Goran je jedna vrlo dobra osoba, plemenita bih ja rekla. Ta njegova energija je zaista ne\u0161to posebno. Izme\u0111u ostalog je i duhovit, sad znam da je i bri\u017ean otac. Kad nekog voli\u0161 i po\u0161tuje\u0161, kad tebe netko voli i po\u0161tuje, nema se tu \u0161to vi\u0161e re\u0107i! To je idealna kombinacija \u0161to mi svi tra\u017eimo&#8221;, objasnila je Ivana.&nbsp;<\/p>\n\n\n\n<p>Kako funkcioniraju kao roditelji?&nbsp;<strong>Vana<\/strong>&nbsp;je tu ve\u0107 sedam mjeseci i zaokuplja njihovu pa\u017enju maksimalno.&nbsp;<\/p>\n\n\n\n<p>&#8221;Da. Ba\u0161 je danas&#8230;ne\u0107emo slaviti 7 mjeseci, nema potrebe, ali ba\u0161 je danas taj dan. Prije nekoliko je dana prvi put rekla mama i to je bio val odu\u0161evljenja. Mi kao roditelji jedno drugom uska\u010demo naravno, kako tko ima obaveze, va\u017ena je organizacija i da se po\u0161tujete me\u0111usobno&#8221;, ka\u017ee Ivana.&nbsp;<\/p>\n\n\n\n<p>Jesu li ve\u0107 bili na medenom mjesecu ili \u0107e to odgoditi za neka bolja vremena?<\/p>\n\n\n\n<p>&#8221;Nema medenog mjeseca&#8230;hahaha. Prije same svadbe smo bili 20 dana na moru i nekako smo gledali, pa ok, ve\u0107 smo se tu odmorili, i nema smisla razmi\u0161ljati o sljede\u0107em putovanju, ali bit \u0107e, mo\u017eda ne kao medeni mjesec nego \u010disto iz u\u017eivancije&#8221;, objasnila je Ivana &#8211; pi\u0161e\u00a0<a href=\"https:\/\/dnevnik.hr\/showbuzz\/inmagazin\/ivana-misura-sasvim-otvoreno-o-bebi-ljubavi-i-vjencanju-s-bivsim-vatrenim-goranom-vlaovicem-izmedju-ostalog-je-duhovit-a-sad-znam-da-je-i-brizan-otac---667077.html\">Dnevnik.hr<\/a>.<\/p>\n\n\n\n<figure class=\"wp-block-image\"><img decoding=\"async\" src=\"https:\/\/static.slobodnadalmacija.hr\/images\/slike\/2021\/09\/17\/19356886.jpg?1631910592\" alt=\"image\"\/><\/figure>\n\n\n\n<p><strong>PI\u0160E&nbsp;<\/strong>PSD<\/p>\n","protected":false},"excerpt":{"rendered":"<p>Miss Universe Hrvatske 2014.&nbsp;Ivana Mi\u0161ura&nbsp;otkrila je detalje svojeg vjen\u010danja s nogometa\u0161em&nbsp;Goranom Vlaovi\u0107em&nbsp;ekskluzivno za&nbsp;IN Magazin. \u010cime je Ivanu Mi\u0161eri\u0107 osvojio biv\u0161i Vatreni, za\u0161to ne\u0107e otputovati na medeni mjesec i za\u0161to je njihova sedmomjese\u010dna k\u0107erkica Vana beba za po\u017eeljeti, biv\u0161a misica ispri\u010dala je za&nbsp;IN Magazin. Da je zaista sretna, govori osmijeh na njezinom licu. Evo kako je [&hellip;]<\/p>\n","protected":false},"author":2,"featured_media":65021,"comment_status":"closed","ping_status":"closed","sticky":false,"template":"","format":"standard","meta":{"h5ap_radio_sources":[],"footnotes":""},"categories":[1],"tags":[],"class_list":["post-65020","post","type-post","status-publish","format-standard","has-post-thumbnail","hentry","category-bihiregija"],"yoast_head":"<!-- This site is optimized with the Yoast SEO plugin v27.4 - https:\/\/yoast.com\/product\/yoast-seo-wordpress\/ -->\n<title>Ivana Mi\u0161ura otkrila je detalje svojeg vjen\u010danja s biv\u0161im Vatrenim Goranom Vlaovi\u0107em: Njegova energija je zaista ne\u0161to posebno - RADIO LJUBU\u0160KI<\/title>\n<meta name=\"robots\" content=\"index, follow, max-snippet:-1, max-image-preview:large, max-video-preview:-1\" \/>\n<link rel=\"canonical\" href=\"https:\/\/radioljubuski.ba\/index.php\/2021\/09\/18\/ivana-misura-otkrila-je-detalje-svojeg-vjencanja-s-bivsim-vatrenim-goranom-vlaovicem-njegova-energija-je-zaista-nesto-posebno\/\" \/>\n<meta property=\"og:locale\" content=\"hr_HR\" \/>\n<meta property=\"og:type\" content=\"article\" \/>\n<meta property=\"og:title\" content=\"Ivana Mi\u0161ura otkrila je detalje svojeg vjen\u010danja s biv\u0161im Vatrenim Goranom Vlaovi\u0107em: Njegova energija je zaista ne\u0161to posebno - RADIO LJUBU\u0160KI\" \/>\n<meta property=\"og:description\" content=\"Miss Universe Hrvatske 2014.&nbsp;Ivana Mi\u0161ura&nbsp;otkrila je detalje svojeg vjen\u010danja s nogometa\u0161em&nbsp;Goranom Vlaovi\u0107em&nbsp;ekskluzivno za&nbsp;IN Magazin. \u010cime je Ivanu Mi\u0161eri\u0107 osvojio biv\u0161i Vatreni, za\u0161to ne\u0107e otputovati na medeni mjesec i za\u0161to je njihova sedmomjese\u010dna k\u0107erkica Vana beba za po\u017eeljeti, biv\u0161a misica ispri\u010dala je za&nbsp;IN Magazin. Da je zaista sretna, govori osmijeh na njezinom licu. Evo kako je [&hellip;]\" \/>\n<meta property=\"og:url\" content=\"https:\/\/radioljubuski.ba\/index.php\/2021\/09\/18\/ivana-misura-otkrila-je-detalje-svojeg-vjencanja-s-bivsim-vatrenim-goranom-vlaovicem-njegova-energija-je-zaista-nesto-posebno\/\" \/>\n<meta property=\"og:site_name\" content=\"RADIO LJUBU\u0160KI\" \/>\n<meta property=\"article:publisher\" content=\"https:\/\/www.facebook.com\/Radiio-Ljubuski-1490835324566332\" \/>\n<meta property=\"article:published_time\" content=\"2021-09-17T23:49:43+00:00\" \/>\n<meta property=\"article:modified_time\" content=\"2021-09-17T23:49:45+00:00\" \/>\n<meta property=\"og:image\" content=\"https:\/\/radioljubuski.ba\/wp-content\/uploads\/2021\/09\/o_19356884_1024.jpg\" \/>\n\t<meta property=\"og:image:width\" content=\"1024\" \/>\n\t<meta property=\"og:image:height\" content=\"694\" \/>\n\t<meta property=\"og:image:type\" content=\"image\/jpeg\" \/>\n<meta name=\"author\" content=\"Radio Ljubu\u0161ki\" \/>\n<meta name=\"twitter:card\" content=\"summary_large_image\" \/>\n<meta name=\"twitter:creator\" content=\"@radioljubuski\" \/>\n<meta name=\"twitter:site\" content=\"@radioljubuski\" \/>\n<meta name=\"twitter:label1\" content=\"Napisao\/la\" \/>\n\t<meta name=\"twitter:data1\" content=\"Radio Ljubu\u0161ki\" \/>\n\t<meta name=\"twitter:label2\" content=\"Procijenjeno vrijeme \u010ditanja\" \/>\n\t<meta name=\"twitter:data2\" content=\"3 minute\" \/>\n<script type=\"application\/ld+json\" class=\"yoast-schema-graph\">{\"@context\":\"https:\\\/\\\/schema.org\",\"@graph\":[{\"@type\":\"Article\",\"@id\":\"https:\\\/\\\/radioljubuski.ba\\\/index.php\\\/2021\\\/09\\\/18\\\/ivana-misura-otkrila-je-detalje-svojeg-vjencanja-s-bivsim-vatrenim-goranom-vlaovicem-njegova-energija-je-zaista-nesto-posebno\\\/#article\",\"isPartOf\":{\"@id\":\"https:\\\/\\\/radioljubuski.ba\\\/index.php\\\/2021\\\/09\\\/18\\\/ivana-misura-otkrila-je-detalje-svojeg-vjencanja-s-bivsim-vatrenim-goranom-vlaovicem-njegova-energija-je-zaista-nesto-posebno\\\/\"},\"author\":{\"name\":\"Radio Ljubu\u0161ki\",\"@id\":\"https:\\\/\\\/radioljubuski.ba\\\/#\\\/schema\\\/person\\\/19fc700381a780f69665d7956c469e3b\"},\"headline\":\"Ivana Mi\u0161ura otkrila je detalje svojeg vjen\u010danja s biv\u0161im Vatrenim Goranom Vlaovi\u0107em: Njegova energija je zaista ne\u0161to posebno\",\"datePublished\":\"2021-09-17T23:49:43+00:00\",\"dateModified\":\"2021-09-17T23:49:45+00:00\",\"mainEntityOfPage\":{\"@id\":\"https:\\\/\\\/radioljubuski.ba\\\/index.php\\\/2021\\\/09\\\/18\\\/ivana-misura-otkrila-je-detalje-svojeg-vjencanja-s-bivsim-vatrenim-goranom-vlaovicem-njegova-energija-je-zaista-nesto-posebno\\\/\"},\"wordCount\":483,\"publisher\":{\"@id\":\"https:\\\/\\\/radioljubuski.ba\\\/#organization\"},\"image\":{\"@id\":\"https:\\\/\\\/radioljubuski.ba\\\/index.php\\\/2021\\\/09\\\/18\\\/ivana-misura-otkrila-je-detalje-svojeg-vjencanja-s-bivsim-vatrenim-goranom-vlaovicem-njegova-energija-je-zaista-nesto-posebno\\\/#primaryimage\"},\"thumbnailUrl\":\"https:\\\/\\\/radioljubuski.ba\\\/wp-content\\\/uploads\\\/2021\\\/09\\\/o_19356884_1024.jpg\",\"articleSection\":[\"BIH i regija\"],\"inLanguage\":\"hr\"},{\"@type\":\"WebPage\",\"@id\":\"https:\\\/\\\/radioljubuski.ba\\\/index.php\\\/2021\\\/09\\\/18\\\/ivana-misura-otkrila-je-detalje-svojeg-vjencanja-s-bivsim-vatrenim-goranom-vlaovicem-njegova-energija-je-zaista-nesto-posebno\\\/\",\"url\":\"https:\\\/\\\/radioljubuski.ba\\\/index.php\\\/2021\\\/09\\\/18\\\/ivana-misura-otkrila-je-detalje-svojeg-vjencanja-s-bivsim-vatrenim-goranom-vlaovicem-njegova-energija-je-zaista-nesto-posebno\\\/\",\"name\":\"Ivana Mi\u0161ura otkrila je detalje svojeg vjen\u010danja s biv\u0161im Vatrenim Goranom Vlaovi\u0107em: Njegova energija je zaista ne\u0161to posebno - RADIO LJUBU\u0160KI\",\"isPartOf\":{\"@id\":\"https:\\\/\\\/radioljubuski.ba\\\/#website\"},\"primaryImageOfPage\":{\"@id\":\"https:\\\/\\\/radioljubuski.ba\\\/index.php\\\/2021\\\/09\\\/18\\\/ivana-misura-otkrila-je-detalje-svojeg-vjencanja-s-bivsim-vatrenim-goranom-vlaovicem-njegova-energija-je-zaista-nesto-posebno\\\/#primaryimage\"},\"image\":{\"@id\":\"https:\\\/\\\/radioljubuski.ba\\\/index.php\\\/2021\\\/09\\\/18\\\/ivana-misura-otkrila-je-detalje-svojeg-vjencanja-s-bivsim-vatrenim-goranom-vlaovicem-njegova-energija-je-zaista-nesto-posebno\\\/#primaryimage\"},\"thumbnailUrl\":\"https:\\\/\\\/radioljubuski.ba\\\/wp-content\\\/uploads\\\/2021\\\/09\\\/o_19356884_1024.jpg\",\"datePublished\":\"2021-09-17T23:49:43+00:00\",\"dateModified\":\"2021-09-17T23:49:45+00:00\",\"breadcrumb\":{\"@id\":\"https:\\\/\\\/radioljubuski.ba\\\/index.php\\\/2021\\\/09\\\/18\\\/ivana-misura-otkrila-je-detalje-svojeg-vjencanja-s-bivsim-vatrenim-goranom-vlaovicem-njegova-energija-je-zaista-nesto-posebno\\\/#breadcrumb\"},\"inLanguage\":\"hr\",\"potentialAction\":[{\"@type\":\"ReadAction\",\"target\":[\"https:\\\/\\\/radioljubuski.ba\\\/index.php\\\/2021\\\/09\\\/18\\\/ivana-misura-otkrila-je-detalje-svojeg-vjencanja-s-bivsim-vatrenim-goranom-vlaovicem-njegova-energija-je-zaista-nesto-posebno\\\/\"]}]},{\"@type\":\"ImageObject\",\"inLanguage\":\"hr\",\"@id\":\"https:\\\/\\\/radioljubuski.ba\\\/index.php\\\/2021\\\/09\\\/18\\\/ivana-misura-otkrila-je-detalje-svojeg-vjencanja-s-bivsim-vatrenim-goranom-vlaovicem-njegova-energija-je-zaista-nesto-posebno\\\/#primaryimage\",\"url\":\"https:\\\/\\\/radioljubuski.ba\\\/wp-content\\\/uploads\\\/2021\\\/09\\\/o_19356884_1024.jpg\",\"contentUrl\":\"https:\\\/\\\/radioljubuski.ba\\\/wp-content\\\/uploads\\\/2021\\\/09\\\/o_19356884_1024.jpg\",\"width\":1024,\"height\":694},{\"@type\":\"BreadcrumbList\",\"@id\":\"https:\\\/\\\/radioljubuski.ba\\\/index.php\\\/2021\\\/09\\\/18\\\/ivana-misura-otkrila-je-detalje-svojeg-vjencanja-s-bivsim-vatrenim-goranom-vlaovicem-njegova-energija-je-zaista-nesto-posebno\\\/#breadcrumb\",\"itemListElement\":[{\"@type\":\"ListItem\",\"position\":1,\"name\":\"Po\u010detna stranica\",\"item\":\"https:\\\/\\\/radioljubuski.ba\\\/\"},{\"@type\":\"ListItem\",\"position\":2,\"name\":\"Ivana Mi\u0161ura otkrila je detalje svojeg vjen\u010danja s biv\u0161im Vatrenim Goranom Vlaovi\u0107em: Njegova energija je zaista ne\u0161to posebno\"}]},{\"@type\":\"WebSite\",\"@id\":\"https:\\\/\\\/radioljubuski.ba\\\/#website\",\"url\":\"https:\\\/\\\/radioljubuski.ba\\\/\",\"name\":\"Radio Ljubu\u0161ki\",\"description\":\"Sun\u010dana frekvencija Hercegovine\",\"publisher\":{\"@id\":\"https:\\\/\\\/radioljubuski.ba\\\/#organization\"},\"potentialAction\":[{\"@type\":\"SearchAction\",\"target\":{\"@type\":\"EntryPoint\",\"urlTemplate\":\"https:\\\/\\\/radioljubuski.ba\\\/?s={search_term_string}\"},\"query-input\":{\"@type\":\"PropertyValueSpecification\",\"valueRequired\":true,\"valueName\":\"search_term_string\"}}],\"inLanguage\":\"hr\"},{\"@type\":\"Organization\",\"@id\":\"https:\\\/\\\/radioljubuski.ba\\\/#organization\",\"name\":\"Radio Ljubu\u0161ki\",\"url\":\"https:\\\/\\\/radioljubuski.ba\\\/\",\"logo\":{\"@type\":\"ImageObject\",\"inLanguage\":\"hr\",\"@id\":\"https:\\\/\\\/radioljubuski.ba\\\/#\\\/schema\\\/logo\\\/image\\\/\",\"url\":\"https:\\\/\\\/radioljubuski.ba\\\/wp-content\\\/uploads\\\/2021\\\/02\\\/cropped-Radio_Ljubuski_logo1.jpg\",\"contentUrl\":\"https:\\\/\\\/radioljubuski.ba\\\/wp-content\\\/uploads\\\/2021\\\/02\\\/cropped-Radio_Ljubuski_logo1.jpg\",\"width\":512,\"height\":512,\"caption\":\"Radio Ljubu\u0161ki\"},\"image\":{\"@id\":\"https:\\\/\\\/radioljubuski.ba\\\/#\\\/schema\\\/logo\\\/image\\\/\"},\"sameAs\":[\"https:\\\/\\\/www.facebook.com\\\/Radiio-Ljubuski-1490835324566332\",\"https:\\\/\\\/x.com\\\/radioljubuski\",\"https:\\\/\\\/hr.linkedin.com\\\/company\\\/radio-ljubuski\",\"https:\\\/\\\/www.youtube.com\\\/channel\\\/UCHYaeO_n0Db3tjNGudGpXyw\"]},{\"@type\":\"Person\",\"@id\":\"https:\\\/\\\/radioljubuski.ba\\\/#\\\/schema\\\/person\\\/19fc700381a780f69665d7956c469e3b\",\"name\":\"Radio Ljubu\u0161ki\"}]}<\/script>\n<!-- \/ Yoast SEO plugin. -->","yoast_head_json":{"title":"Ivana Mi\u0161ura otkrila je detalje svojeg vjen\u010danja s biv\u0161im Vatrenim Goranom Vlaovi\u0107em: Njegova energija je zaista ne\u0161to posebno - RADIO LJUBU\u0160KI","robots":{"index":"index","follow":"follow","max-snippet":"max-snippet:-1","max-image-preview":"max-image-preview:large","max-video-preview":"max-video-preview:-1"},"canonical":"https:\/\/radioljubuski.ba\/index.php\/2021\/09\/18\/ivana-misura-otkrila-je-detalje-svojeg-vjencanja-s-bivsim-vatrenim-goranom-vlaovicem-njegova-energija-je-zaista-nesto-posebno\/","og_locale":"hr_HR","og_type":"article","og_title":"Ivana Mi\u0161ura otkrila je detalje svojeg vjen\u010danja s biv\u0161im Vatrenim Goranom Vlaovi\u0107em: Njegova energija je zaista ne\u0161to posebno - RADIO LJUBU\u0160KI","og_description":"Miss Universe Hrvatske 2014.&nbsp;Ivana Mi\u0161ura&nbsp;otkrila je detalje svojeg vjen\u010danja s nogometa\u0161em&nbsp;Goranom Vlaovi\u0107em&nbsp;ekskluzivno za&nbsp;IN Magazin. \u010cime je Ivanu Mi\u0161eri\u0107 osvojio biv\u0161i Vatreni, za\u0161to ne\u0107e otputovati na medeni mjesec i za\u0161to je njihova sedmomjese\u010dna k\u0107erkica Vana beba za po\u017eeljeti, biv\u0161a misica ispri\u010dala je za&nbsp;IN Magazin. Da je zaista sretna, govori osmijeh na njezinom licu. Evo kako je [&hellip;]","og_url":"https:\/\/radioljubuski.ba\/index.php\/2021\/09\/18\/ivana-misura-otkrila-je-detalje-svojeg-vjencanja-s-bivsim-vatrenim-goranom-vlaovicem-njegova-energija-je-zaista-nesto-posebno\/","og_site_name":"RADIO LJUBU\u0160KI","article_publisher":"https:\/\/www.facebook.com\/Radiio-Ljubuski-1490835324566332","article_published_time":"2021-09-17T23:49:43+00:00","article_modified_time":"2021-09-17T23:49:45+00:00","og_image":[{"width":1024,"height":694,"url":"https:\/\/radioljubuski.ba\/wp-content\/uploads\/2021\/09\/o_19356884_1024.jpg","type":"image\/jpeg"}],"author":"Radio Ljubu\u0161ki","twitter_card":"summary_large_image","twitter_creator":"@radioljubuski","twitter_site":"@radioljubuski","twitter_misc":{"Napisao\/la":"Radio Ljubu\u0161ki","Procijenjeno vrijeme \u010ditanja":"3 minute"},"schema":{"@context":"https:\/\/schema.org","@graph":[{"@type":"Article","@id":"https:\/\/radioljubuski.ba\/index.php\/2021\/09\/18\/ivana-misura-otkrila-je-detalje-svojeg-vjencanja-s-bivsim-vatrenim-goranom-vlaovicem-njegova-energija-je-zaista-nesto-posebno\/#article","isPartOf":{"@id":"https:\/\/radioljubuski.ba\/index.php\/2021\/09\/18\/ivana-misura-otkrila-je-detalje-svojeg-vjencanja-s-bivsim-vatrenim-goranom-vlaovicem-njegova-energija-je-zaista-nesto-posebno\/"},"author":{"name":"Radio Ljubu\u0161ki","@id":"https:\/\/radioljubuski.ba\/#\/schema\/person\/19fc700381a780f69665d7956c469e3b"},"headline":"Ivana Mi\u0161ura otkrila je detalje svojeg vjen\u010danja s biv\u0161im Vatrenim Goranom Vlaovi\u0107em: Njegova energija je zaista ne\u0161to posebno","datePublished":"2021-09-17T23:49:43+00:00","dateModified":"2021-09-17T23:49:45+00:00","mainEntityOfPage":{"@id":"https:\/\/radioljubuski.ba\/index.php\/2021\/09\/18\/ivana-misura-otkrila-je-detalje-svojeg-vjencanja-s-bivsim-vatrenim-goranom-vlaovicem-njegova-energija-je-zaista-nesto-posebno\/"},"wordCount":483,"publisher":{"@id":"https:\/\/radioljubuski.ba\/#organization"},"image":{"@id":"https:\/\/radioljubuski.ba\/index.php\/2021\/09\/18\/ivana-misura-otkrila-je-detalje-svojeg-vjencanja-s-bivsim-vatrenim-goranom-vlaovicem-njegova-energija-je-zaista-nesto-posebno\/#primaryimage"},"thumbnailUrl":"https:\/\/radioljubuski.ba\/wp-content\/uploads\/2021\/09\/o_19356884_1024.jpg","articleSection":["BIH i regija"],"inLanguage":"hr"},{"@type":"WebPage","@id":"https:\/\/radioljubuski.ba\/index.php\/2021\/09\/18\/ivana-misura-otkrila-je-detalje-svojeg-vjencanja-s-bivsim-vatrenim-goranom-vlaovicem-njegova-energija-je-zaista-nesto-posebno\/","url":"https:\/\/radioljubuski.ba\/index.php\/2021\/09\/18\/ivana-misura-otkrila-je-detalje-svojeg-vjencanja-s-bivsim-vatrenim-goranom-vlaovicem-njegova-energija-je-zaista-nesto-posebno\/","name":"Ivana Mi\u0161ura otkrila je detalje svojeg vjen\u010danja s biv\u0161im Vatrenim Goranom Vlaovi\u0107em: Njegova energija je zaista ne\u0161to posebno - RADIO LJUBU\u0160KI","isPartOf":{"@id":"https:\/\/radioljubuski.ba\/#website"},"primaryImageOfPage":{"@id":"https:\/\/radioljubuski.ba\/index.php\/2021\/09\/18\/ivana-misura-otkrila-je-detalje-svojeg-vjencanja-s-bivsim-vatrenim-goranom-vlaovicem-njegova-energija-je-zaista-nesto-posebno\/#primaryimage"},"image":{"@id":"https:\/\/radioljubuski.ba\/index.php\/2021\/09\/18\/ivana-misura-otkrila-je-detalje-svojeg-vjencanja-s-bivsim-vatrenim-goranom-vlaovicem-njegova-energija-je-zaista-nesto-posebno\/#primaryimage"},"thumbnailUrl":"https:\/\/radioljubuski.ba\/wp-content\/uploads\/2021\/09\/o_19356884_1024.jpg","datePublished":"2021-09-17T23:49:43+00:00","dateModified":"2021-09-17T23:49:45+00:00","breadcrumb":{"@id":"https:\/\/radioljubuski.ba\/index.php\/2021\/09\/18\/ivana-misura-otkrila-je-detalje-svojeg-vjencanja-s-bivsim-vatrenim-goranom-vlaovicem-njegova-energija-je-zaista-nesto-posebno\/#breadcrumb"},"inLanguage":"hr","potentialAction":[{"@type":"ReadAction","target":["https:\/\/radioljubuski.ba\/index.php\/2021\/09\/18\/ivana-misura-otkrila-je-detalje-svojeg-vjencanja-s-bivsim-vatrenim-goranom-vlaovicem-njegova-energija-je-zaista-nesto-posebno\/"]}]},{"@type":"ImageObject","inLanguage":"hr","@id":"https:\/\/radioljubuski.ba\/index.php\/2021\/09\/18\/ivana-misura-otkrila-je-detalje-svojeg-vjencanja-s-bivsim-vatrenim-goranom-vlaovicem-njegova-energija-je-zaista-nesto-posebno\/#primaryimage","url":"https:\/\/radioljubuski.ba\/wp-content\/uploads\/2021\/09\/o_19356884_1024.jpg","contentUrl":"https:\/\/radioljubuski.ba\/wp-content\/uploads\/2021\/09\/o_19356884_1024.jpg","width":1024,"height":694},{"@type":"BreadcrumbList","@id":"https:\/\/radioljubuski.ba\/index.php\/2021\/09\/18\/ivana-misura-otkrila-je-detalje-svojeg-vjencanja-s-bivsim-vatrenim-goranom-vlaovicem-njegova-energija-je-zaista-nesto-posebno\/#breadcrumb","itemListElement":[{"@type":"ListItem","position":1,"name":"Po\u010detna stranica","item":"https:\/\/radioljubuski.ba\/"},{"@type":"ListItem","position":2,"name":"Ivana Mi\u0161ura otkrila je detalje svojeg vjen\u010danja s biv\u0161im Vatrenim Goranom Vlaovi\u0107em: Njegova energija je zaista ne\u0161to posebno"}]},{"@type":"WebSite","@id":"https:\/\/radioljubuski.ba\/#website","url":"https:\/\/radioljubuski.ba\/","name":"Radio Ljubu\u0161ki","description":"Sun\u010dana frekvencija Hercegovine","publisher":{"@id":"https:\/\/radioljubuski.ba\/#organization"},"potentialAction":[{"@type":"SearchAction","target":{"@type":"EntryPoint","urlTemplate":"https:\/\/radioljubuski.ba\/?s={search_term_string}"},"query-input":{"@type":"PropertyValueSpecification","valueRequired":true,"valueName":"search_term_string"}}],"inLanguage":"hr"},{"@type":"Organization","@id":"https:\/\/radioljubuski.ba\/#organization","name":"Radio Ljubu\u0161ki","url":"https:\/\/radioljubuski.ba\/","logo":{"@type":"ImageObject","inLanguage":"hr","@id":"https:\/\/radioljubuski.ba\/#\/schema\/logo\/image\/","url":"https:\/\/radioljubuski.ba\/wp-content\/uploads\/2021\/02\/cropped-Radio_Ljubuski_logo1.jpg","contentUrl":"https:\/\/radioljubuski.ba\/wp-content\/uploads\/2021\/02\/cropped-Radio_Ljubuski_logo1.jpg","width":512,"height":512,"caption":"Radio Ljubu\u0161ki"},"image":{"@id":"https:\/\/radioljubuski.ba\/#\/schema\/logo\/image\/"},"sameAs":["https:\/\/www.facebook.com\/Radiio-Ljubuski-1490835324566332","https:\/\/x.com\/radioljubuski","https:\/\/hr.linkedin.com\/company\/radio-ljubuski","https:\/\/www.youtube.com\/channel\/UCHYaeO_n0Db3tjNGudGpXyw"]},{"@type":"Person","@id":"https:\/\/radioljubuski.ba\/#\/schema\/person\/19fc700381a780f69665d7956c469e3b","name":"Radio Ljubu\u0161ki"}]}},"_links":{"self":[{"href":"https:\/\/radioljubuski.ba\/index.php\/wp-json\/wp\/v2\/posts\/65020","targetHints":{"allow":["GET"]}}],"collection":[{"href":"https:\/\/radioljubuski.ba\/index.php\/wp-json\/wp\/v2\/posts"}],"about":[{"href":"https:\/\/radioljubuski.ba\/index.php\/wp-json\/wp\/v2\/types\/post"}],"author":[{"embeddable":true,"href":"https:\/\/radioljubuski.ba\/index.php\/wp-json\/wp\/v2\/users\/2"}],"replies":[{"embeddable":true,"href":"https:\/\/radioljubuski.ba\/index.php\/wp-json\/wp\/v2\/comments?post=65020"}],"version-history":[{"count":1,"href":"https:\/\/radioljubuski.ba\/index.php\/wp-json\/wp\/v2\/posts\/65020\/revisions"}],"predecessor-version":[{"id":65022,"href":"https:\/\/radioljubuski.ba\/index.php\/wp-json\/wp\/v2\/posts\/65020\/revisions\/65022"}],"wp:featuredmedia":[{"embeddable":true,"href":"https:\/\/radioljubuski.ba\/index.php\/wp-json\/wp\/v2\/media\/65021"}],"wp:attachment":[{"href":"https:\/\/radioljubuski.ba\/index.php\/wp-json\/wp\/v2\/media?parent=65020"}],"wp:term":[{"taxonomy":"category","embeddable":true,"href":"https:\/\/radioljubuski.ba\/index.php\/wp-json\/wp\/v2\/categories?post=65020"},{"taxonomy":"post_tag","embeddable":true,"href":"https:\/\/radioljubuski.ba\/index.php\/wp-json\/wp\/v2\/tags?post=65020"}],"curies":[{"name":"wp","href":"https:\/\/api.w.org\/{rel}","templated":true}]}}