{"id":65029,"date":"2021-09-18T07:50:33","date_gmt":"2021-09-18T06:50:33","guid":{"rendered":"https:\/\/radioljubuski.ba\/?p=65029"},"modified":"2021-09-18T07:50:34","modified_gmt":"2021-09-18T06:50:34","slug":"kakva-tragedija-bracni-par-umro-od-covida-19-njihovo-cetvero-djece-ostalo-bez-roditelja-a-beba-rodena-carskim-rezom-jos-nema-ni-ime","status":"publish","type":"post","link":"https:\/\/radioljubuski.ba\/index.php\/2021\/09\/18\/kakva-tragedija-bracni-par-umro-od-covida-19-njihovo-cetvero-djece-ostalo-bez-roditelja-a-beba-rodena-carskim-rezom-jos-nema-ni-ime\/","title":{"rendered":"Kakva tragedija: bra\u010dni par umro od covida-19, njihovo \u010detvero djece ostalo bez roditelja, a beba ro\u0111ena carskim rezom jo\u0161 nema ni ime"},"content":{"rendered":"\n<p><strong>Daniel i Davy Macias<\/strong> iz Ju\u017ene Kalifornije imali su \u010detvero djece i peto dijete im je bilo na putu. Budu\u0107i da je Davy radila kao babica, izuzetno su pazili da dok je trudna ne do\u0111e u kontakt sa virusom.<\/p>\n\n\n\n<p>Bra\u010dni par je bio vrlo voljen u susjedstvu. Daniel je predavao matematiku, a njegova \u017eena je pomagala trudnicama oko poro\u0111aja, bili su izuzetno cijenjeni. Brinuli su o svoje \u010detvoro djece, a kada su saznali da \u010dekaju peto dijete, prodali su ku\u0107u pred sam po\u010detak pandemije i preselili se kod \u017eeninih roditelja, pi\u0161e<a href=\"https:\/\/edition.cnn.com\/2021\/09\/13\/us\/california-family-covid-death-orphan-five-children\/index.html\" target=\"_blank\" rel=\"noreferrer noopener\"> CNN<\/a>, a prenosi <a href=\"https:\/\/www.blic.rs\/slobodno-vreme\/danijel-i-njegova-zena-umrli-od-kovida-njihovo-petoro-dece-su-ostali-sirocici-a\/2y6qwrn\" target=\"_blank\" rel=\"noreferrer noopener\">Blic<\/a>.<\/p>\n\n\n\n<p>Godinu i pol dana su se Maciasi pazili zaraze, ali kako se pribli\u017eavao polazak djece u \u0161kolu znali su da \u0107e se morati izlo\u017eiti riziku. Djecu su odlu\u010dili povesti u mali zatvoreni akvapark da proslave kraj praznika i po\u010detak \u0161kolske godine. Baka djece veruje da su se tu i zarazili.<\/p>\n\n\n\n<p>&#8220;Nije to\u010dno da se moj sin i njegova supruga nisu htjeli cijepiti, samo su oklijevali.Htjeli su znati sve informacije prije nego \u0161to prime cjepivo. Sada vidimo da je korona rulet i da su moji najmiliji preminuli, ova bolest ne bira&#8221;, rekla je \u017eena kojoj su nakon smrti sina i nevjeste pripala djeca.<\/p>\n\n\n\n<p>Lije\u010dnici su morali hitno poroditi majku (37) jer je postalo jasno da ne\u0107e mo\u0107i samostalno disati. Preminula je uskoro nakon toga, a da nije ni upoznala svoju bebu koja je ro\u0111ena carskim rezom.<\/p>\n\n\n\n<p>Mu\u017e se borio jo\u0161 dva tjedna i priop\u0107eno mu je da su \u017eenu porodili, a medicinske sestre su pokazale sliku bebe Danielu koji se u tom trenutku borio s komplikacijama virusne infekcije. Uspio je vidjeti bebu nakratko, ali je umro prije nego \u0161to je odabrao ime za k\u0107erkicu.<\/p>\n\n\n\n<p>Tako je beba ostala bez imena, a obitelj je za sada zove &#8220;malena.&#8221;<\/p>\n\n\n\n<p>\u017dena je umrla 26. kolovoza, a mu\u017e 9. rujna, iza njih je ostalo petero djece starosti od nekoliko tjedana do osam godina. Na baki je bilo da priop\u0107i tu\u017ene vijesti djeci. Vijest o smrti roditelja najte\u017ee je podnijela trogodi\u0161nja k\u0107i.<\/p>\n\n\n\n<p>Sada je pokrenuta akcija skupljanja novca za djecu koja su ostala bez oba roditelja i veliki broj ljudi iz njihovog susjedstva pridru\u017eio se u doniranju sredstava, pi\u0161e<a href=\"https:\/\/edition.cnn.com\/2021\/09\/13\/us\/california-family-covid-death-orphan-five-children\/index.html\" target=\"_blank\" rel=\"noreferrer noopener\"> CNN<\/a>, a prenosi <a href=\"https:\/\/www.blic.rs\/slobodno-vreme\/danijel-i-njegova-zena-umrli-od-kovida-njihovo-petoro-dece-su-ostali-sirocici-a\/2y6qwrn\" target=\"_blank\" rel=\"noreferrer noopener\">Blic<\/a>.<\/p>\n\n\n\n<p>Pi\u0161e psd<\/p>\n","protected":false},"excerpt":{"rendered":"<p>Daniel i Davy Macias iz Ju\u017ene Kalifornije imali su \u010detvero djece i peto dijete im je bilo na putu. Budu\u0107i da je Davy radila kao babica, izuzetno su pazili da dok je trudna ne do\u0111e u kontakt sa virusom. Bra\u010dni par je bio vrlo voljen u susjedstvu. Daniel je predavao matematiku, a njegova \u017eena je [&hellip;]<\/p>\n","protected":false},"author":2,"featured_media":65030,"comment_status":"closed","ping_status":"closed","sticky":false,"template":"","format":"standard","meta":{"h5ap_radio_sources":[],"footnotes":""},"categories":[1],"tags":[],"class_list":["post-65029","post","type-post","status-publish","format-standard","has-post-thumbnail","hentry","category-bihiregija"],"yoast_head":"<!-- This site is optimized with the Yoast SEO plugin v27.4 - https:\/\/yoast.com\/product\/yoast-seo-wordpress\/ -->\n<title>Kakva tragedija: bra\u010dni par umro od covida-19, njihovo \u010detvero djece ostalo bez roditelja, a beba ro\u0111ena carskim rezom jo\u0161 nema ni ime - RADIO LJUBU\u0160KI<\/title>\n<meta name=\"robots\" content=\"index, follow, max-snippet:-1, max-image-preview:large, max-video-preview:-1\" \/>\n<link rel=\"canonical\" href=\"https:\/\/radioljubuski.ba\/index.php\/2021\/09\/18\/kakva-tragedija-bracni-par-umro-od-covida-19-njihovo-cetvero-djece-ostalo-bez-roditelja-a-beba-rodena-carskim-rezom-jos-nema-ni-ime\/\" \/>\n<meta property=\"og:locale\" content=\"hr_HR\" \/>\n<meta property=\"og:type\" content=\"article\" \/>\n<meta property=\"og:title\" content=\"Kakva tragedija: bra\u010dni par umro od covida-19, njihovo \u010detvero djece ostalo bez roditelja, a beba ro\u0111ena carskim rezom jo\u0161 nema ni ime - RADIO LJUBU\u0160KI\" \/>\n<meta property=\"og:description\" content=\"Daniel i Davy Macias iz Ju\u017ene Kalifornije imali su \u010detvero djece i peto dijete im je bilo na putu. Budu\u0107i da je Davy radila kao babica, izuzetno su pazili da dok je trudna ne do\u0111e u kontakt sa virusom. Bra\u010dni par je bio vrlo voljen u susjedstvu. Daniel je predavao matematiku, a njegova \u017eena je [&hellip;]\" \/>\n<meta property=\"og:url\" content=\"https:\/\/radioljubuski.ba\/index.php\/2021\/09\/18\/kakva-tragedija-bracni-par-umro-od-covida-19-njihovo-cetvero-djece-ostalo-bez-roditelja-a-beba-rodena-carskim-rezom-jos-nema-ni-ime\/\" \/>\n<meta property=\"og:site_name\" content=\"RADIO LJUBU\u0160KI\" \/>\n<meta property=\"article:publisher\" content=\"https:\/\/www.facebook.com\/Radiio-Ljubuski-1490835324566332\" \/>\n<meta property=\"article:published_time\" content=\"2021-09-18T06:50:33+00:00\" \/>\n<meta property=\"article:modified_time\" content=\"2021-09-18T06:50:34+00:00\" \/>\n<meta property=\"og:image\" content=\"https:\/\/radioljubuski.ba\/wp-content\/uploads\/2021\/09\/222.png\" \/>\n\t<meta property=\"og:image:width\" content=\"647\" \/>\n\t<meta property=\"og:image:height\" content=\"404\" \/>\n\t<meta property=\"og:image:type\" content=\"image\/png\" \/>\n<meta name=\"author\" content=\"Radio Ljubu\u0161ki\" \/>\n<meta name=\"twitter:card\" content=\"summary_large_image\" \/>\n<meta name=\"twitter:creator\" content=\"@radioljubuski\" \/>\n<meta name=\"twitter:site\" content=\"@radioljubuski\" \/>\n<meta name=\"twitter:label1\" content=\"Napisao\/la\" \/>\n\t<meta name=\"twitter:data1\" content=\"Radio Ljubu\u0161ki\" \/>\n\t<meta name=\"twitter:label2\" content=\"Procijenjeno vrijeme \u010ditanja\" \/>\n\t<meta name=\"twitter:data2\" content=\"2 minute\" \/>\n<script type=\"application\/ld+json\" class=\"yoast-schema-graph\">{\"@context\":\"https:\\\/\\\/schema.org\",\"@graph\":[{\"@type\":\"Article\",\"@id\":\"https:\\\/\\\/radioljubuski.ba\\\/index.php\\\/2021\\\/09\\\/18\\\/kakva-tragedija-bracni-par-umro-od-covida-19-njihovo-cetvero-djece-ostalo-bez-roditelja-a-beba-rodena-carskim-rezom-jos-nema-ni-ime\\\/#article\",\"isPartOf\":{\"@id\":\"https:\\\/\\\/radioljubuski.ba\\\/index.php\\\/2021\\\/09\\\/18\\\/kakva-tragedija-bracni-par-umro-od-covida-19-njihovo-cetvero-djece-ostalo-bez-roditelja-a-beba-rodena-carskim-rezom-jos-nema-ni-ime\\\/\"},\"author\":{\"name\":\"Radio Ljubu\u0161ki\",\"@id\":\"https:\\\/\\\/radioljubuski.ba\\\/#\\\/schema\\\/person\\\/19fc700381a780f69665d7956c469e3b\"},\"headline\":\"Kakva tragedija: bra\u010dni par umro od covida-19, njihovo \u010detvero djece ostalo bez roditelja, a beba ro\u0111ena carskim rezom jo\u0161 nema ni ime\",\"datePublished\":\"2021-09-18T06:50:33+00:00\",\"dateModified\":\"2021-09-18T06:50:34+00:00\",\"mainEntityOfPage\":{\"@id\":\"https:\\\/\\\/radioljubuski.ba\\\/index.php\\\/2021\\\/09\\\/18\\\/kakva-tragedija-bracni-par-umro-od-covida-19-njihovo-cetvero-djece-ostalo-bez-roditelja-a-beba-rodena-carskim-rezom-jos-nema-ni-ime\\\/\"},\"wordCount\":413,\"publisher\":{\"@id\":\"https:\\\/\\\/radioljubuski.ba\\\/#organization\"},\"image\":{\"@id\":\"https:\\\/\\\/radioljubuski.ba\\\/index.php\\\/2021\\\/09\\\/18\\\/kakva-tragedija-bracni-par-umro-od-covida-19-njihovo-cetvero-djece-ostalo-bez-roditelja-a-beba-rodena-carskim-rezom-jos-nema-ni-ime\\\/#primaryimage\"},\"thumbnailUrl\":\"https:\\\/\\\/radioljubuski.ba\\\/wp-content\\\/uploads\\\/2021\\\/09\\\/222.png\",\"articleSection\":[\"BIH i regija\"],\"inLanguage\":\"hr\"},{\"@type\":\"WebPage\",\"@id\":\"https:\\\/\\\/radioljubuski.ba\\\/index.php\\\/2021\\\/09\\\/18\\\/kakva-tragedija-bracni-par-umro-od-covida-19-njihovo-cetvero-djece-ostalo-bez-roditelja-a-beba-rodena-carskim-rezom-jos-nema-ni-ime\\\/\",\"url\":\"https:\\\/\\\/radioljubuski.ba\\\/index.php\\\/2021\\\/09\\\/18\\\/kakva-tragedija-bracni-par-umro-od-covida-19-njihovo-cetvero-djece-ostalo-bez-roditelja-a-beba-rodena-carskim-rezom-jos-nema-ni-ime\\\/\",\"name\":\"Kakva tragedija: bra\u010dni par umro od covida-19, njihovo \u010detvero djece ostalo bez roditelja, a beba ro\u0111ena carskim rezom jo\u0161 nema ni ime - RADIO LJUBU\u0160KI\",\"isPartOf\":{\"@id\":\"https:\\\/\\\/radioljubuski.ba\\\/#website\"},\"primaryImageOfPage\":{\"@id\":\"https:\\\/\\\/radioljubuski.ba\\\/index.php\\\/2021\\\/09\\\/18\\\/kakva-tragedija-bracni-par-umro-od-covida-19-njihovo-cetvero-djece-ostalo-bez-roditelja-a-beba-rodena-carskim-rezom-jos-nema-ni-ime\\\/#primaryimage\"},\"image\":{\"@id\":\"https:\\\/\\\/radioljubuski.ba\\\/index.php\\\/2021\\\/09\\\/18\\\/kakva-tragedija-bracni-par-umro-od-covida-19-njihovo-cetvero-djece-ostalo-bez-roditelja-a-beba-rodena-carskim-rezom-jos-nema-ni-ime\\\/#primaryimage\"},\"thumbnailUrl\":\"https:\\\/\\\/radioljubuski.ba\\\/wp-content\\\/uploads\\\/2021\\\/09\\\/222.png\",\"datePublished\":\"2021-09-18T06:50:33+00:00\",\"dateModified\":\"2021-09-18T06:50:34+00:00\",\"breadcrumb\":{\"@id\":\"https:\\\/\\\/radioljubuski.ba\\\/index.php\\\/2021\\\/09\\\/18\\\/kakva-tragedija-bracni-par-umro-od-covida-19-njihovo-cetvero-djece-ostalo-bez-roditelja-a-beba-rodena-carskim-rezom-jos-nema-ni-ime\\\/#breadcrumb\"},\"inLanguage\":\"hr\",\"potentialAction\":[{\"@type\":\"ReadAction\",\"target\":[\"https:\\\/\\\/radioljubuski.ba\\\/index.php\\\/2021\\\/09\\\/18\\\/kakva-tragedija-bracni-par-umro-od-covida-19-njihovo-cetvero-djece-ostalo-bez-roditelja-a-beba-rodena-carskim-rezom-jos-nema-ni-ime\\\/\"]}]},{\"@type\":\"ImageObject\",\"inLanguage\":\"hr\",\"@id\":\"https:\\\/\\\/radioljubuski.ba\\\/index.php\\\/2021\\\/09\\\/18\\\/kakva-tragedija-bracni-par-umro-od-covida-19-njihovo-cetvero-djece-ostalo-bez-roditelja-a-beba-rodena-carskim-rezom-jos-nema-ni-ime\\\/#primaryimage\",\"url\":\"https:\\\/\\\/radioljubuski.ba\\\/wp-content\\\/uploads\\\/2021\\\/09\\\/222.png\",\"contentUrl\":\"https:\\\/\\\/radioljubuski.ba\\\/wp-content\\\/uploads\\\/2021\\\/09\\\/222.png\",\"width\":647,\"height\":404},{\"@type\":\"BreadcrumbList\",\"@id\":\"https:\\\/\\\/radioljubuski.ba\\\/index.php\\\/2021\\\/09\\\/18\\\/kakva-tragedija-bracni-par-umro-od-covida-19-njihovo-cetvero-djece-ostalo-bez-roditelja-a-beba-rodena-carskim-rezom-jos-nema-ni-ime\\\/#breadcrumb\",\"itemListElement\":[{\"@type\":\"ListItem\",\"position\":1,\"name\":\"Po\u010detna stranica\",\"item\":\"https:\\\/\\\/radioljubuski.ba\\\/\"},{\"@type\":\"ListItem\",\"position\":2,\"name\":\"Kakva tragedija: bra\u010dni par umro od covida-19, njihovo \u010detvero djece ostalo bez roditelja, a beba ro\u0111ena carskim rezom jo\u0161 nema ni ime\"}]},{\"@type\":\"WebSite\",\"@id\":\"https:\\\/\\\/radioljubuski.ba\\\/#website\",\"url\":\"https:\\\/\\\/radioljubuski.ba\\\/\",\"name\":\"Radio Ljubu\u0161ki\",\"description\":\"Sun\u010dana frekvencija Hercegovine\",\"publisher\":{\"@id\":\"https:\\\/\\\/radioljubuski.ba\\\/#organization\"},\"potentialAction\":[{\"@type\":\"SearchAction\",\"target\":{\"@type\":\"EntryPoint\",\"urlTemplate\":\"https:\\\/\\\/radioljubuski.ba\\\/?s={search_term_string}\"},\"query-input\":{\"@type\":\"PropertyValueSpecification\",\"valueRequired\":true,\"valueName\":\"search_term_string\"}}],\"inLanguage\":\"hr\"},{\"@type\":\"Organization\",\"@id\":\"https:\\\/\\\/radioljubuski.ba\\\/#organization\",\"name\":\"Radio Ljubu\u0161ki\",\"url\":\"https:\\\/\\\/radioljubuski.ba\\\/\",\"logo\":{\"@type\":\"ImageObject\",\"inLanguage\":\"hr\",\"@id\":\"https:\\\/\\\/radioljubuski.ba\\\/#\\\/schema\\\/logo\\\/image\\\/\",\"url\":\"https:\\\/\\\/radioljubuski.ba\\\/wp-content\\\/uploads\\\/2021\\\/02\\\/cropped-Radio_Ljubuski_logo1.jpg\",\"contentUrl\":\"https:\\\/\\\/radioljubuski.ba\\\/wp-content\\\/uploads\\\/2021\\\/02\\\/cropped-Radio_Ljubuski_logo1.jpg\",\"width\":512,\"height\":512,\"caption\":\"Radio Ljubu\u0161ki\"},\"image\":{\"@id\":\"https:\\\/\\\/radioljubuski.ba\\\/#\\\/schema\\\/logo\\\/image\\\/\"},\"sameAs\":[\"https:\\\/\\\/www.facebook.com\\\/Radiio-Ljubuski-1490835324566332\",\"https:\\\/\\\/x.com\\\/radioljubuski\",\"https:\\\/\\\/hr.linkedin.com\\\/company\\\/radio-ljubuski\",\"https:\\\/\\\/www.youtube.com\\\/channel\\\/UCHYaeO_n0Db3tjNGudGpXyw\"]},{\"@type\":\"Person\",\"@id\":\"https:\\\/\\\/radioljubuski.ba\\\/#\\\/schema\\\/person\\\/19fc700381a780f69665d7956c469e3b\",\"name\":\"Radio Ljubu\u0161ki\"}]}<\/script>\n<!-- \/ Yoast SEO plugin. -->","yoast_head_json":{"title":"Kakva tragedija: bra\u010dni par umro od covida-19, njihovo \u010detvero djece ostalo bez roditelja, a beba ro\u0111ena carskim rezom jo\u0161 nema ni ime - RADIO LJUBU\u0160KI","robots":{"index":"index","follow":"follow","max-snippet":"max-snippet:-1","max-image-preview":"max-image-preview:large","max-video-preview":"max-video-preview:-1"},"canonical":"https:\/\/radioljubuski.ba\/index.php\/2021\/09\/18\/kakva-tragedija-bracni-par-umro-od-covida-19-njihovo-cetvero-djece-ostalo-bez-roditelja-a-beba-rodena-carskim-rezom-jos-nema-ni-ime\/","og_locale":"hr_HR","og_type":"article","og_title":"Kakva tragedija: bra\u010dni par umro od covida-19, njihovo \u010detvero djece ostalo bez roditelja, a beba ro\u0111ena carskim rezom jo\u0161 nema ni ime - RADIO LJUBU\u0160KI","og_description":"Daniel i Davy Macias iz Ju\u017ene Kalifornije imali su \u010detvero djece i peto dijete im je bilo na putu. Budu\u0107i da je Davy radila kao babica, izuzetno su pazili da dok je trudna ne do\u0111e u kontakt sa virusom. Bra\u010dni par je bio vrlo voljen u susjedstvu. Daniel je predavao matematiku, a njegova \u017eena je [&hellip;]","og_url":"https:\/\/radioljubuski.ba\/index.php\/2021\/09\/18\/kakva-tragedija-bracni-par-umro-od-covida-19-njihovo-cetvero-djece-ostalo-bez-roditelja-a-beba-rodena-carskim-rezom-jos-nema-ni-ime\/","og_site_name":"RADIO LJUBU\u0160KI","article_publisher":"https:\/\/www.facebook.com\/Radiio-Ljubuski-1490835324566332","article_published_time":"2021-09-18T06:50:33+00:00","article_modified_time":"2021-09-18T06:50:34+00:00","og_image":[{"width":647,"height":404,"url":"https:\/\/radioljubuski.ba\/wp-content\/uploads\/2021\/09\/222.png","type":"image\/png"}],"author":"Radio Ljubu\u0161ki","twitter_card":"summary_large_image","twitter_creator":"@radioljubuski","twitter_site":"@radioljubuski","twitter_misc":{"Napisao\/la":"Radio Ljubu\u0161ki","Procijenjeno vrijeme \u010ditanja":"2 minute"},"schema":{"@context":"https:\/\/schema.org","@graph":[{"@type":"Article","@id":"https:\/\/radioljubuski.ba\/index.php\/2021\/09\/18\/kakva-tragedija-bracni-par-umro-od-covida-19-njihovo-cetvero-djece-ostalo-bez-roditelja-a-beba-rodena-carskim-rezom-jos-nema-ni-ime\/#article","isPartOf":{"@id":"https:\/\/radioljubuski.ba\/index.php\/2021\/09\/18\/kakva-tragedija-bracni-par-umro-od-covida-19-njihovo-cetvero-djece-ostalo-bez-roditelja-a-beba-rodena-carskim-rezom-jos-nema-ni-ime\/"},"author":{"name":"Radio Ljubu\u0161ki","@id":"https:\/\/radioljubuski.ba\/#\/schema\/person\/19fc700381a780f69665d7956c469e3b"},"headline":"Kakva tragedija: bra\u010dni par umro od covida-19, njihovo \u010detvero djece ostalo bez roditelja, a beba ro\u0111ena carskim rezom jo\u0161 nema ni ime","datePublished":"2021-09-18T06:50:33+00:00","dateModified":"2021-09-18T06:50:34+00:00","mainEntityOfPage":{"@id":"https:\/\/radioljubuski.ba\/index.php\/2021\/09\/18\/kakva-tragedija-bracni-par-umro-od-covida-19-njihovo-cetvero-djece-ostalo-bez-roditelja-a-beba-rodena-carskim-rezom-jos-nema-ni-ime\/"},"wordCount":413,"publisher":{"@id":"https:\/\/radioljubuski.ba\/#organization"},"image":{"@id":"https:\/\/radioljubuski.ba\/index.php\/2021\/09\/18\/kakva-tragedija-bracni-par-umro-od-covida-19-njihovo-cetvero-djece-ostalo-bez-roditelja-a-beba-rodena-carskim-rezom-jos-nema-ni-ime\/#primaryimage"},"thumbnailUrl":"https:\/\/radioljubuski.ba\/wp-content\/uploads\/2021\/09\/222.png","articleSection":["BIH i regija"],"inLanguage":"hr"},{"@type":"WebPage","@id":"https:\/\/radioljubuski.ba\/index.php\/2021\/09\/18\/kakva-tragedija-bracni-par-umro-od-covida-19-njihovo-cetvero-djece-ostalo-bez-roditelja-a-beba-rodena-carskim-rezom-jos-nema-ni-ime\/","url":"https:\/\/radioljubuski.ba\/index.php\/2021\/09\/18\/kakva-tragedija-bracni-par-umro-od-covida-19-njihovo-cetvero-djece-ostalo-bez-roditelja-a-beba-rodena-carskim-rezom-jos-nema-ni-ime\/","name":"Kakva tragedija: bra\u010dni par umro od covida-19, njihovo \u010detvero djece ostalo bez roditelja, a beba ro\u0111ena carskim rezom jo\u0161 nema ni ime - RADIO LJUBU\u0160KI","isPartOf":{"@id":"https:\/\/radioljubuski.ba\/#website"},"primaryImageOfPage":{"@id":"https:\/\/radioljubuski.ba\/index.php\/2021\/09\/18\/kakva-tragedija-bracni-par-umro-od-covida-19-njihovo-cetvero-djece-ostalo-bez-roditelja-a-beba-rodena-carskim-rezom-jos-nema-ni-ime\/#primaryimage"},"image":{"@id":"https:\/\/radioljubuski.ba\/index.php\/2021\/09\/18\/kakva-tragedija-bracni-par-umro-od-covida-19-njihovo-cetvero-djece-ostalo-bez-roditelja-a-beba-rodena-carskim-rezom-jos-nema-ni-ime\/#primaryimage"},"thumbnailUrl":"https:\/\/radioljubuski.ba\/wp-content\/uploads\/2021\/09\/222.png","datePublished":"2021-09-18T06:50:33+00:00","dateModified":"2021-09-18T06:50:34+00:00","breadcrumb":{"@id":"https:\/\/radioljubuski.ba\/index.php\/2021\/09\/18\/kakva-tragedija-bracni-par-umro-od-covida-19-njihovo-cetvero-djece-ostalo-bez-roditelja-a-beba-rodena-carskim-rezom-jos-nema-ni-ime\/#breadcrumb"},"inLanguage":"hr","potentialAction":[{"@type":"ReadAction","target":["https:\/\/radioljubuski.ba\/index.php\/2021\/09\/18\/kakva-tragedija-bracni-par-umro-od-covida-19-njihovo-cetvero-djece-ostalo-bez-roditelja-a-beba-rodena-carskim-rezom-jos-nema-ni-ime\/"]}]},{"@type":"ImageObject","inLanguage":"hr","@id":"https:\/\/radioljubuski.ba\/index.php\/2021\/09\/18\/kakva-tragedija-bracni-par-umro-od-covida-19-njihovo-cetvero-djece-ostalo-bez-roditelja-a-beba-rodena-carskim-rezom-jos-nema-ni-ime\/#primaryimage","url":"https:\/\/radioljubuski.ba\/wp-content\/uploads\/2021\/09\/222.png","contentUrl":"https:\/\/radioljubuski.ba\/wp-content\/uploads\/2021\/09\/222.png","width":647,"height":404},{"@type":"BreadcrumbList","@id":"https:\/\/radioljubuski.ba\/index.php\/2021\/09\/18\/kakva-tragedija-bracni-par-umro-od-covida-19-njihovo-cetvero-djece-ostalo-bez-roditelja-a-beba-rodena-carskim-rezom-jos-nema-ni-ime\/#breadcrumb","itemListElement":[{"@type":"ListItem","position":1,"name":"Po\u010detna stranica","item":"https:\/\/radioljubuski.ba\/"},{"@type":"ListItem","position":2,"name":"Kakva tragedija: bra\u010dni par umro od covida-19, njihovo \u010detvero djece ostalo bez roditelja, a beba ro\u0111ena carskim rezom jo\u0161 nema ni ime"}]},{"@type":"WebSite","@id":"https:\/\/radioljubuski.ba\/#website","url":"https:\/\/radioljubuski.ba\/","name":"Radio Ljubu\u0161ki","description":"Sun\u010dana frekvencija Hercegovine","publisher":{"@id":"https:\/\/radioljubuski.ba\/#organization"},"potentialAction":[{"@type":"SearchAction","target":{"@type":"EntryPoint","urlTemplate":"https:\/\/radioljubuski.ba\/?s={search_term_string}"},"query-input":{"@type":"PropertyValueSpecification","valueRequired":true,"valueName":"search_term_string"}}],"inLanguage":"hr"},{"@type":"Organization","@id":"https:\/\/radioljubuski.ba\/#organization","name":"Radio Ljubu\u0161ki","url":"https:\/\/radioljubuski.ba\/","logo":{"@type":"ImageObject","inLanguage":"hr","@id":"https:\/\/radioljubuski.ba\/#\/schema\/logo\/image\/","url":"https:\/\/radioljubuski.ba\/wp-content\/uploads\/2021\/02\/cropped-Radio_Ljubuski_logo1.jpg","contentUrl":"https:\/\/radioljubuski.ba\/wp-content\/uploads\/2021\/02\/cropped-Radio_Ljubuski_logo1.jpg","width":512,"height":512,"caption":"Radio Ljubu\u0161ki"},"image":{"@id":"https:\/\/radioljubuski.ba\/#\/schema\/logo\/image\/"},"sameAs":["https:\/\/www.facebook.com\/Radiio-Ljubuski-1490835324566332","https:\/\/x.com\/radioljubuski","https:\/\/hr.linkedin.com\/company\/radio-ljubuski","https:\/\/www.youtube.com\/channel\/UCHYaeO_n0Db3tjNGudGpXyw"]},{"@type":"Person","@id":"https:\/\/radioljubuski.ba\/#\/schema\/person\/19fc700381a780f69665d7956c469e3b","name":"Radio Ljubu\u0161ki"}]}},"_links":{"self":[{"href":"https:\/\/radioljubuski.ba\/index.php\/wp-json\/wp\/v2\/posts\/65029","targetHints":{"allow":["GET"]}}],"collection":[{"href":"https:\/\/radioljubuski.ba\/index.php\/wp-json\/wp\/v2\/posts"}],"about":[{"href":"https:\/\/radioljubuski.ba\/index.php\/wp-json\/wp\/v2\/types\/post"}],"author":[{"embeddable":true,"href":"https:\/\/radioljubuski.ba\/index.php\/wp-json\/wp\/v2\/users\/2"}],"replies":[{"embeddable":true,"href":"https:\/\/radioljubuski.ba\/index.php\/wp-json\/wp\/v2\/comments?post=65029"}],"version-history":[{"count":1,"href":"https:\/\/radioljubuski.ba\/index.php\/wp-json\/wp\/v2\/posts\/65029\/revisions"}],"predecessor-version":[{"id":65031,"href":"https:\/\/radioljubuski.ba\/index.php\/wp-json\/wp\/v2\/posts\/65029\/revisions\/65031"}],"wp:featuredmedia":[{"embeddable":true,"href":"https:\/\/radioljubuski.ba\/index.php\/wp-json\/wp\/v2\/media\/65030"}],"wp:attachment":[{"href":"https:\/\/radioljubuski.ba\/index.php\/wp-json\/wp\/v2\/media?parent=65029"}],"wp:term":[{"taxonomy":"category","embeddable":true,"href":"https:\/\/radioljubuski.ba\/index.php\/wp-json\/wp\/v2\/categories?post=65029"},{"taxonomy":"post_tag","embeddable":true,"href":"https:\/\/radioljubuski.ba\/index.php\/wp-json\/wp\/v2\/tags?post=65029"}],"curies":[{"name":"wp","href":"https:\/\/api.w.org\/{rel}","templated":true}]}}