{"id":65032,"date":"2021-09-18T07:57:57","date_gmt":"2021-09-18T06:57:57","guid":{"rendered":"https:\/\/radioljubuski.ba\/?p=65032"},"modified":"2021-09-18T15:12:26","modified_gmt":"2021-09-18T14:12:26","slug":"prkacin-canak-pantic-i-vuksanovic-u-emisiji-agape-svetosavlje-rak-rana-drustva-spc-duboka-drzava-bez-duboko-vjere-video","status":"publish","type":"post","link":"https:\/\/radioljubuski.ba\/index.php\/2021\/09\/18\/prkacin-canak-pantic-i-vuksanovic-u-emisiji-agape-svetosavlje-rak-rana-drustva-spc-duboka-drzava-bez-duboko-vjere-video\/","title":{"rendered":"Prka\u010din, \u010canak, Panti\u0107 i Vuksanovi\u0107 u emisiji Agape: Svetosavlje rak rana dru\u0161tva. SPC duboka dr\u017eava bez duboko vjere &#8211; video"},"content":{"rendered":"\n<p>U emisiji Agape na Radiopostaji Mir Me\u0111ugorje gostovali su: Milojko Panti\u0107, Ante Prka\u010din, Nenad \u010canak i Adrian Vuksanovi\u0107.<\/p>\n\n\n\n<p>Sudionici su vrlo jasno i otvoreno govorili o sprezi srpske politike i vrha Srpske pravoslavne crkve. Milojko Panti\u0107 je istaknuo kako se patrijarsi vi\u0161e brinu o dubokoj dr\u017eavi (kriminalu), nego o dubokoj vjeri. Sve je, re\u010de on, po\u010delo sa Svetosavljem koje je mit i obmana koja Srbe godinama gura u ekstremni i bolesni nacionalizam, mitove i la\u017ei.<\/p>\n\n\n\n<p>Nenad \u010canak je kao sudionik nedavnih doga\u0111aja na Cetinju kazao da se \u010dudi Porfiriju da je pristao putem desanta i vojske, a ne evan\u0111elja i kri\u017ea do\u0107i u manastir. Tko sije litije koje su bile \u010dista politika a ne molitva, mora brati prosvjede, rekao je \u010canak i dodao da sprega s politikom pravoslavlje tjera daleko od evan\u0111elja i Isusa Krista.<\/p>\n\n\n\n<p>Ante Prka\u010din je iznio podatke koji govore da je Srpska pravoslavna crkva na prijevaru dobila autokefalnost koju su joj ubrzo osporila \u010detvorica patrijarha. SPC je ogromnu imovinu, koja pripada vjernicima u Hrvatskoj i Crnoj Gori, prisvojila sebi bez ikakvih pravnih osnova. Prozvao je i tada\u0161nju Ra\u010danovu vlast koja je, kako re\u010de Prka\u010din, potpisala ugovor s nepostoje\u0107im savjetom episkopa.<\/p>\n\n\n\n<p>U emisiji je sudjelovao i hrvatski politi\u010dar, novinar i pjesnik iz Tivta u Crnoj Gori Adrian Vuksanovi\u0107. On se osvrnuo i na polo\u017eaj Katolika u Boki kotorskoj, te o pomahnitalim pritiscima koji su daleko od ekumenizma i \u0161irenja evan\u0111eoske ljubavi.<\/p>\n\n\n\n<p>Emisiju, koju ure\u0111uje i vodi fra Mario Knezovi\u0107, u cijelosti poslu\u0161ajte kako bi razumjeli mnoge stvari o kojima se \u0161uti i rijetko govori.<\/p>\n\n\n\n<iframe loading=\"lazy\" title=\"PRKA\u010cIN, \u010cANAK, PANTI\u0106, VUKSANOVI\u0106: Svetosavlje rak rana dru\u0161tva. SPC duboka dr\u017eava bez duboko vjere\" width=\"640\" height=\"480\" src=\"https:\/\/www.youtube.com\/embed\/fUa9WYLzcU8?feature=oembed\" frameborder=\"0\" allow=\"accelerometer; autoplay; clipboard-write; encrypted-media; gyroscope; picture-in-picture; web-share\" referrerpolicy=\"strict-origin-when-cross-origin\" allowfullscreen><\/iframe>\n\n\n\n<p>Izvor:Facebook\/fra Mario Knezovi\u0107<\/p>\n","protected":false},"excerpt":{"rendered":"<p>U emisiji Agape na Radiopostaji Mir Me\u0111ugorje gostovali su: Milojko Panti\u0107, Ante Prka\u010din, Nenad \u010canak i Adrian Vuksanovi\u0107. Sudionici su vrlo jasno i otvoreno govorili o sprezi srpske politike i vrha Srpske pravoslavne crkve. Milojko Panti\u0107 je istaknuo kako se patrijarsi vi\u0161e brinu o dubokoj dr\u017eavi (kriminalu), nego o dubokoj vjeri. Sve je, re\u010de on, [&hellip;]<\/p>\n","protected":false},"author":2,"featured_media":65033,"comment_status":"closed","ping_status":"closed","sticky":false,"template":"","format":"standard","meta":{"h5ap_radio_sources":[],"footnotes":""},"categories":[1],"tags":[],"class_list":["post-65032","post","type-post","status-publish","format-standard","has-post-thumbnail","hentry","category-bihiregija"],"yoast_head":"<!-- This site is optimized with the Yoast SEO plugin v27.4 - https:\/\/yoast.com\/product\/yoast-seo-wordpress\/ -->\n<title>Prka\u010din, \u010canak, Panti\u0107 i Vuksanovi\u0107 u emisiji Agape: Svetosavlje rak rana dru\u0161tva. SPC duboka dr\u017eava bez duboko vjere - video - RADIO LJUBU\u0160KI<\/title>\n<meta name=\"robots\" content=\"index, follow, max-snippet:-1, max-image-preview:large, max-video-preview:-1\" \/>\n<link rel=\"canonical\" href=\"https:\/\/radioljubuski.ba\/index.php\/2021\/09\/18\/prkacin-canak-pantic-i-vuksanovic-u-emisiji-agape-svetosavlje-rak-rana-drustva-spc-duboka-drzava-bez-duboko-vjere-video\/\" \/>\n<meta property=\"og:locale\" content=\"hr_HR\" \/>\n<meta property=\"og:type\" content=\"article\" \/>\n<meta property=\"og:title\" content=\"Prka\u010din, \u010canak, Panti\u0107 i Vuksanovi\u0107 u emisiji Agape: Svetosavlje rak rana dru\u0161tva. SPC duboka dr\u017eava bez duboko vjere - video - RADIO LJUBU\u0160KI\" \/>\n<meta property=\"og:description\" content=\"U emisiji Agape na Radiopostaji Mir Me\u0111ugorje gostovali su: Milojko Panti\u0107, Ante Prka\u010din, Nenad \u010canak i Adrian Vuksanovi\u0107. Sudionici su vrlo jasno i otvoreno govorili o sprezi srpske politike i vrha Srpske pravoslavne crkve. Milojko Panti\u0107 je istaknuo kako se patrijarsi vi\u0161e brinu o dubokoj dr\u017eavi (kriminalu), nego o dubokoj vjeri. Sve je, re\u010de on, [&hellip;]\" \/>\n<meta property=\"og:url\" content=\"https:\/\/radioljubuski.ba\/index.php\/2021\/09\/18\/prkacin-canak-pantic-i-vuksanovic-u-emisiji-agape-svetosavlje-rak-rana-drustva-spc-duboka-drzava-bez-duboko-vjere-video\/\" \/>\n<meta property=\"og:site_name\" content=\"RADIO LJUBU\u0160KI\" \/>\n<meta property=\"article:publisher\" content=\"https:\/\/www.facebook.com\/Radiio-Ljubuski-1490835324566332\" \/>\n<meta property=\"article:published_time\" content=\"2021-09-18T06:57:57+00:00\" \/>\n<meta property=\"article:modified_time\" content=\"2021-09-18T14:12:26+00:00\" \/>\n<meta property=\"og:image\" content=\"https:\/\/radioljubuski.ba\/wp-content\/uploads\/2021\/09\/safe_image.php_.jpg\" \/>\n\t<meta property=\"og:image:width\" content=\"500\" \/>\n\t<meta property=\"og:image:height\" content=\"261\" \/>\n\t<meta property=\"og:image:type\" content=\"image\/jpeg\" \/>\n<meta name=\"author\" content=\"Radio Ljubu\u0161ki\" \/>\n<meta name=\"twitter:card\" content=\"summary_large_image\" \/>\n<meta name=\"twitter:creator\" content=\"@radioljubuski\" \/>\n<meta name=\"twitter:site\" content=\"@radioljubuski\" \/>\n<meta name=\"twitter:label1\" content=\"Napisao\/la\" \/>\n\t<meta name=\"twitter:data1\" content=\"Radio Ljubu\u0161ki\" \/>\n\t<meta name=\"twitter:label2\" content=\"Procijenjeno vrijeme \u010ditanja\" \/>\n\t<meta name=\"twitter:data2\" content=\"2 minute\" \/>\n<script type=\"application\/ld+json\" class=\"yoast-schema-graph\">{\"@context\":\"https:\\\/\\\/schema.org\",\"@graph\":[{\"@type\":\"Article\",\"@id\":\"https:\\\/\\\/radioljubuski.ba\\\/index.php\\\/2021\\\/09\\\/18\\\/prkacin-canak-pantic-i-vuksanovic-u-emisiji-agape-svetosavlje-rak-rana-drustva-spc-duboka-drzava-bez-duboko-vjere-video\\\/#article\",\"isPartOf\":{\"@id\":\"https:\\\/\\\/radioljubuski.ba\\\/index.php\\\/2021\\\/09\\\/18\\\/prkacin-canak-pantic-i-vuksanovic-u-emisiji-agape-svetosavlje-rak-rana-drustva-spc-duboka-drzava-bez-duboko-vjere-video\\\/\"},\"author\":{\"name\":\"Radio Ljubu\u0161ki\",\"@id\":\"https:\\\/\\\/radioljubuski.ba\\\/#\\\/schema\\\/person\\\/19fc700381a780f69665d7956c469e3b\"},\"headline\":\"Prka\u010din, \u010canak, Panti\u0107 i Vuksanovi\u0107 u emisiji Agape: Svetosavlje rak rana dru\u0161tva. SPC duboka dr\u017eava bez duboko vjere &#8211; video\",\"datePublished\":\"2021-09-18T06:57:57+00:00\",\"dateModified\":\"2021-09-18T14:12:26+00:00\",\"mainEntityOfPage\":{\"@id\":\"https:\\\/\\\/radioljubuski.ba\\\/index.php\\\/2021\\\/09\\\/18\\\/prkacin-canak-pantic-i-vuksanovic-u-emisiji-agape-svetosavlje-rak-rana-drustva-spc-duboka-drzava-bez-duboko-vjere-video\\\/\"},\"wordCount\":315,\"publisher\":{\"@id\":\"https:\\\/\\\/radioljubuski.ba\\\/#organization\"},\"image\":{\"@id\":\"https:\\\/\\\/radioljubuski.ba\\\/index.php\\\/2021\\\/09\\\/18\\\/prkacin-canak-pantic-i-vuksanovic-u-emisiji-agape-svetosavlje-rak-rana-drustva-spc-duboka-drzava-bez-duboko-vjere-video\\\/#primaryimage\"},\"thumbnailUrl\":\"https:\\\/\\\/radioljubuski.ba\\\/wp-content\\\/uploads\\\/2021\\\/09\\\/safe_image.php_.jpg\",\"articleSection\":[\"BIH i regija\"],\"inLanguage\":\"hr\"},{\"@type\":\"WebPage\",\"@id\":\"https:\\\/\\\/radioljubuski.ba\\\/index.php\\\/2021\\\/09\\\/18\\\/prkacin-canak-pantic-i-vuksanovic-u-emisiji-agape-svetosavlje-rak-rana-drustva-spc-duboka-drzava-bez-duboko-vjere-video\\\/\",\"url\":\"https:\\\/\\\/radioljubuski.ba\\\/index.php\\\/2021\\\/09\\\/18\\\/prkacin-canak-pantic-i-vuksanovic-u-emisiji-agape-svetosavlje-rak-rana-drustva-spc-duboka-drzava-bez-duboko-vjere-video\\\/\",\"name\":\"Prka\u010din, \u010canak, Panti\u0107 i Vuksanovi\u0107 u emisiji Agape: Svetosavlje rak rana dru\u0161tva. SPC duboka dr\u017eava bez duboko vjere - video - RADIO LJUBU\u0160KI\",\"isPartOf\":{\"@id\":\"https:\\\/\\\/radioljubuski.ba\\\/#website\"},\"primaryImageOfPage\":{\"@id\":\"https:\\\/\\\/radioljubuski.ba\\\/index.php\\\/2021\\\/09\\\/18\\\/prkacin-canak-pantic-i-vuksanovic-u-emisiji-agape-svetosavlje-rak-rana-drustva-spc-duboka-drzava-bez-duboko-vjere-video\\\/#primaryimage\"},\"image\":{\"@id\":\"https:\\\/\\\/radioljubuski.ba\\\/index.php\\\/2021\\\/09\\\/18\\\/prkacin-canak-pantic-i-vuksanovic-u-emisiji-agape-svetosavlje-rak-rana-drustva-spc-duboka-drzava-bez-duboko-vjere-video\\\/#primaryimage\"},\"thumbnailUrl\":\"https:\\\/\\\/radioljubuski.ba\\\/wp-content\\\/uploads\\\/2021\\\/09\\\/safe_image.php_.jpg\",\"datePublished\":\"2021-09-18T06:57:57+00:00\",\"dateModified\":\"2021-09-18T14:12:26+00:00\",\"breadcrumb\":{\"@id\":\"https:\\\/\\\/radioljubuski.ba\\\/index.php\\\/2021\\\/09\\\/18\\\/prkacin-canak-pantic-i-vuksanovic-u-emisiji-agape-svetosavlje-rak-rana-drustva-spc-duboka-drzava-bez-duboko-vjere-video\\\/#breadcrumb\"},\"inLanguage\":\"hr\",\"potentialAction\":[{\"@type\":\"ReadAction\",\"target\":[\"https:\\\/\\\/radioljubuski.ba\\\/index.php\\\/2021\\\/09\\\/18\\\/prkacin-canak-pantic-i-vuksanovic-u-emisiji-agape-svetosavlje-rak-rana-drustva-spc-duboka-drzava-bez-duboko-vjere-video\\\/\"]}]},{\"@type\":\"ImageObject\",\"inLanguage\":\"hr\",\"@id\":\"https:\\\/\\\/radioljubuski.ba\\\/index.php\\\/2021\\\/09\\\/18\\\/prkacin-canak-pantic-i-vuksanovic-u-emisiji-agape-svetosavlje-rak-rana-drustva-spc-duboka-drzava-bez-duboko-vjere-video\\\/#primaryimage\",\"url\":\"https:\\\/\\\/radioljubuski.ba\\\/wp-content\\\/uploads\\\/2021\\\/09\\\/safe_image.php_.jpg\",\"contentUrl\":\"https:\\\/\\\/radioljubuski.ba\\\/wp-content\\\/uploads\\\/2021\\\/09\\\/safe_image.php_.jpg\",\"width\":500,\"height\":261},{\"@type\":\"BreadcrumbList\",\"@id\":\"https:\\\/\\\/radioljubuski.ba\\\/index.php\\\/2021\\\/09\\\/18\\\/prkacin-canak-pantic-i-vuksanovic-u-emisiji-agape-svetosavlje-rak-rana-drustva-spc-duboka-drzava-bez-duboko-vjere-video\\\/#breadcrumb\",\"itemListElement\":[{\"@type\":\"ListItem\",\"position\":1,\"name\":\"Po\u010detna stranica\",\"item\":\"https:\\\/\\\/radioljubuski.ba\\\/\"},{\"@type\":\"ListItem\",\"position\":2,\"name\":\"Prka\u010din, \u010canak, Panti\u0107 i Vuksanovi\u0107 u emisiji Agape: Svetosavlje rak rana dru\u0161tva. SPC duboka dr\u017eava bez duboko vjere &#8211; video\"}]},{\"@type\":\"WebSite\",\"@id\":\"https:\\\/\\\/radioljubuski.ba\\\/#website\",\"url\":\"https:\\\/\\\/radioljubuski.ba\\\/\",\"name\":\"Radio Ljubu\u0161ki\",\"description\":\"Sun\u010dana frekvencija Hercegovine\",\"publisher\":{\"@id\":\"https:\\\/\\\/radioljubuski.ba\\\/#organization\"},\"potentialAction\":[{\"@type\":\"SearchAction\",\"target\":{\"@type\":\"EntryPoint\",\"urlTemplate\":\"https:\\\/\\\/radioljubuski.ba\\\/?s={search_term_string}\"},\"query-input\":{\"@type\":\"PropertyValueSpecification\",\"valueRequired\":true,\"valueName\":\"search_term_string\"}}],\"inLanguage\":\"hr\"},{\"@type\":\"Organization\",\"@id\":\"https:\\\/\\\/radioljubuski.ba\\\/#organization\",\"name\":\"Radio Ljubu\u0161ki\",\"url\":\"https:\\\/\\\/radioljubuski.ba\\\/\",\"logo\":{\"@type\":\"ImageObject\",\"inLanguage\":\"hr\",\"@id\":\"https:\\\/\\\/radioljubuski.ba\\\/#\\\/schema\\\/logo\\\/image\\\/\",\"url\":\"https:\\\/\\\/radioljubuski.ba\\\/wp-content\\\/uploads\\\/2021\\\/02\\\/cropped-Radio_Ljubuski_logo1.jpg\",\"contentUrl\":\"https:\\\/\\\/radioljubuski.ba\\\/wp-content\\\/uploads\\\/2021\\\/02\\\/cropped-Radio_Ljubuski_logo1.jpg\",\"width\":512,\"height\":512,\"caption\":\"Radio Ljubu\u0161ki\"},\"image\":{\"@id\":\"https:\\\/\\\/radioljubuski.ba\\\/#\\\/schema\\\/logo\\\/image\\\/\"},\"sameAs\":[\"https:\\\/\\\/www.facebook.com\\\/Radiio-Ljubuski-1490835324566332\",\"https:\\\/\\\/x.com\\\/radioljubuski\",\"https:\\\/\\\/hr.linkedin.com\\\/company\\\/radio-ljubuski\",\"https:\\\/\\\/www.youtube.com\\\/channel\\\/UCHYaeO_n0Db3tjNGudGpXyw\"]},{\"@type\":\"Person\",\"@id\":\"https:\\\/\\\/radioljubuski.ba\\\/#\\\/schema\\\/person\\\/19fc700381a780f69665d7956c469e3b\",\"name\":\"Radio Ljubu\u0161ki\"}]}<\/script>\n<!-- \/ Yoast SEO plugin. -->","yoast_head_json":{"title":"Prka\u010din, \u010canak, Panti\u0107 i Vuksanovi\u0107 u emisiji Agape: Svetosavlje rak rana dru\u0161tva. SPC duboka dr\u017eava bez duboko vjere - video - RADIO LJUBU\u0160KI","robots":{"index":"index","follow":"follow","max-snippet":"max-snippet:-1","max-image-preview":"max-image-preview:large","max-video-preview":"max-video-preview:-1"},"canonical":"https:\/\/radioljubuski.ba\/index.php\/2021\/09\/18\/prkacin-canak-pantic-i-vuksanovic-u-emisiji-agape-svetosavlje-rak-rana-drustva-spc-duboka-drzava-bez-duboko-vjere-video\/","og_locale":"hr_HR","og_type":"article","og_title":"Prka\u010din, \u010canak, Panti\u0107 i Vuksanovi\u0107 u emisiji Agape: Svetosavlje rak rana dru\u0161tva. SPC duboka dr\u017eava bez duboko vjere - video - RADIO LJUBU\u0160KI","og_description":"U emisiji Agape na Radiopostaji Mir Me\u0111ugorje gostovali su: Milojko Panti\u0107, Ante Prka\u010din, Nenad \u010canak i Adrian Vuksanovi\u0107. Sudionici su vrlo jasno i otvoreno govorili o sprezi srpske politike i vrha Srpske pravoslavne crkve. Milojko Panti\u0107 je istaknuo kako se patrijarsi vi\u0161e brinu o dubokoj dr\u017eavi (kriminalu), nego o dubokoj vjeri. Sve je, re\u010de on, [&hellip;]","og_url":"https:\/\/radioljubuski.ba\/index.php\/2021\/09\/18\/prkacin-canak-pantic-i-vuksanovic-u-emisiji-agape-svetosavlje-rak-rana-drustva-spc-duboka-drzava-bez-duboko-vjere-video\/","og_site_name":"RADIO LJUBU\u0160KI","article_publisher":"https:\/\/www.facebook.com\/Radiio-Ljubuski-1490835324566332","article_published_time":"2021-09-18T06:57:57+00:00","article_modified_time":"2021-09-18T14:12:26+00:00","og_image":[{"width":500,"height":261,"url":"https:\/\/radioljubuski.ba\/wp-content\/uploads\/2021\/09\/safe_image.php_.jpg","type":"image\/jpeg"}],"author":"Radio Ljubu\u0161ki","twitter_card":"summary_large_image","twitter_creator":"@radioljubuski","twitter_site":"@radioljubuski","twitter_misc":{"Napisao\/la":"Radio Ljubu\u0161ki","Procijenjeno vrijeme \u010ditanja":"2 minute"},"schema":{"@context":"https:\/\/schema.org","@graph":[{"@type":"Article","@id":"https:\/\/radioljubuski.ba\/index.php\/2021\/09\/18\/prkacin-canak-pantic-i-vuksanovic-u-emisiji-agape-svetosavlje-rak-rana-drustva-spc-duboka-drzava-bez-duboko-vjere-video\/#article","isPartOf":{"@id":"https:\/\/radioljubuski.ba\/index.php\/2021\/09\/18\/prkacin-canak-pantic-i-vuksanovic-u-emisiji-agape-svetosavlje-rak-rana-drustva-spc-duboka-drzava-bez-duboko-vjere-video\/"},"author":{"name":"Radio Ljubu\u0161ki","@id":"https:\/\/radioljubuski.ba\/#\/schema\/person\/19fc700381a780f69665d7956c469e3b"},"headline":"Prka\u010din, \u010canak, Panti\u0107 i Vuksanovi\u0107 u emisiji Agape: Svetosavlje rak rana dru\u0161tva. SPC duboka dr\u017eava bez duboko vjere &#8211; video","datePublished":"2021-09-18T06:57:57+00:00","dateModified":"2021-09-18T14:12:26+00:00","mainEntityOfPage":{"@id":"https:\/\/radioljubuski.ba\/index.php\/2021\/09\/18\/prkacin-canak-pantic-i-vuksanovic-u-emisiji-agape-svetosavlje-rak-rana-drustva-spc-duboka-drzava-bez-duboko-vjere-video\/"},"wordCount":315,"publisher":{"@id":"https:\/\/radioljubuski.ba\/#organization"},"image":{"@id":"https:\/\/radioljubuski.ba\/index.php\/2021\/09\/18\/prkacin-canak-pantic-i-vuksanovic-u-emisiji-agape-svetosavlje-rak-rana-drustva-spc-duboka-drzava-bez-duboko-vjere-video\/#primaryimage"},"thumbnailUrl":"https:\/\/radioljubuski.ba\/wp-content\/uploads\/2021\/09\/safe_image.php_.jpg","articleSection":["BIH i regija"],"inLanguage":"hr"},{"@type":"WebPage","@id":"https:\/\/radioljubuski.ba\/index.php\/2021\/09\/18\/prkacin-canak-pantic-i-vuksanovic-u-emisiji-agape-svetosavlje-rak-rana-drustva-spc-duboka-drzava-bez-duboko-vjere-video\/","url":"https:\/\/radioljubuski.ba\/index.php\/2021\/09\/18\/prkacin-canak-pantic-i-vuksanovic-u-emisiji-agape-svetosavlje-rak-rana-drustva-spc-duboka-drzava-bez-duboko-vjere-video\/","name":"Prka\u010din, \u010canak, Panti\u0107 i Vuksanovi\u0107 u emisiji Agape: Svetosavlje rak rana dru\u0161tva. SPC duboka dr\u017eava bez duboko vjere - video - RADIO LJUBU\u0160KI","isPartOf":{"@id":"https:\/\/radioljubuski.ba\/#website"},"primaryImageOfPage":{"@id":"https:\/\/radioljubuski.ba\/index.php\/2021\/09\/18\/prkacin-canak-pantic-i-vuksanovic-u-emisiji-agape-svetosavlje-rak-rana-drustva-spc-duboka-drzava-bez-duboko-vjere-video\/#primaryimage"},"image":{"@id":"https:\/\/radioljubuski.ba\/index.php\/2021\/09\/18\/prkacin-canak-pantic-i-vuksanovic-u-emisiji-agape-svetosavlje-rak-rana-drustva-spc-duboka-drzava-bez-duboko-vjere-video\/#primaryimage"},"thumbnailUrl":"https:\/\/radioljubuski.ba\/wp-content\/uploads\/2021\/09\/safe_image.php_.jpg","datePublished":"2021-09-18T06:57:57+00:00","dateModified":"2021-09-18T14:12:26+00:00","breadcrumb":{"@id":"https:\/\/radioljubuski.ba\/index.php\/2021\/09\/18\/prkacin-canak-pantic-i-vuksanovic-u-emisiji-agape-svetosavlje-rak-rana-drustva-spc-duboka-drzava-bez-duboko-vjere-video\/#breadcrumb"},"inLanguage":"hr","potentialAction":[{"@type":"ReadAction","target":["https:\/\/radioljubuski.ba\/index.php\/2021\/09\/18\/prkacin-canak-pantic-i-vuksanovic-u-emisiji-agape-svetosavlje-rak-rana-drustva-spc-duboka-drzava-bez-duboko-vjere-video\/"]}]},{"@type":"ImageObject","inLanguage":"hr","@id":"https:\/\/radioljubuski.ba\/index.php\/2021\/09\/18\/prkacin-canak-pantic-i-vuksanovic-u-emisiji-agape-svetosavlje-rak-rana-drustva-spc-duboka-drzava-bez-duboko-vjere-video\/#primaryimage","url":"https:\/\/radioljubuski.ba\/wp-content\/uploads\/2021\/09\/safe_image.php_.jpg","contentUrl":"https:\/\/radioljubuski.ba\/wp-content\/uploads\/2021\/09\/safe_image.php_.jpg","width":500,"height":261},{"@type":"BreadcrumbList","@id":"https:\/\/radioljubuski.ba\/index.php\/2021\/09\/18\/prkacin-canak-pantic-i-vuksanovic-u-emisiji-agape-svetosavlje-rak-rana-drustva-spc-duboka-drzava-bez-duboko-vjere-video\/#breadcrumb","itemListElement":[{"@type":"ListItem","position":1,"name":"Po\u010detna stranica","item":"https:\/\/radioljubuski.ba\/"},{"@type":"ListItem","position":2,"name":"Prka\u010din, \u010canak, Panti\u0107 i Vuksanovi\u0107 u emisiji Agape: Svetosavlje rak rana dru\u0161tva. SPC duboka dr\u017eava bez duboko vjere &#8211; video"}]},{"@type":"WebSite","@id":"https:\/\/radioljubuski.ba\/#website","url":"https:\/\/radioljubuski.ba\/","name":"Radio Ljubu\u0161ki","description":"Sun\u010dana frekvencija Hercegovine","publisher":{"@id":"https:\/\/radioljubuski.ba\/#organization"},"potentialAction":[{"@type":"SearchAction","target":{"@type":"EntryPoint","urlTemplate":"https:\/\/radioljubuski.ba\/?s={search_term_string}"},"query-input":{"@type":"PropertyValueSpecification","valueRequired":true,"valueName":"search_term_string"}}],"inLanguage":"hr"},{"@type":"Organization","@id":"https:\/\/radioljubuski.ba\/#organization","name":"Radio Ljubu\u0161ki","url":"https:\/\/radioljubuski.ba\/","logo":{"@type":"ImageObject","inLanguage":"hr","@id":"https:\/\/radioljubuski.ba\/#\/schema\/logo\/image\/","url":"https:\/\/radioljubuski.ba\/wp-content\/uploads\/2021\/02\/cropped-Radio_Ljubuski_logo1.jpg","contentUrl":"https:\/\/radioljubuski.ba\/wp-content\/uploads\/2021\/02\/cropped-Radio_Ljubuski_logo1.jpg","width":512,"height":512,"caption":"Radio Ljubu\u0161ki"},"image":{"@id":"https:\/\/radioljubuski.ba\/#\/schema\/logo\/image\/"},"sameAs":["https:\/\/www.facebook.com\/Radiio-Ljubuski-1490835324566332","https:\/\/x.com\/radioljubuski","https:\/\/hr.linkedin.com\/company\/radio-ljubuski","https:\/\/www.youtube.com\/channel\/UCHYaeO_n0Db3tjNGudGpXyw"]},{"@type":"Person","@id":"https:\/\/radioljubuski.ba\/#\/schema\/person\/19fc700381a780f69665d7956c469e3b","name":"Radio Ljubu\u0161ki"}]}},"_links":{"self":[{"href":"https:\/\/radioljubuski.ba\/index.php\/wp-json\/wp\/v2\/posts\/65032","targetHints":{"allow":["GET"]}}],"collection":[{"href":"https:\/\/radioljubuski.ba\/index.php\/wp-json\/wp\/v2\/posts"}],"about":[{"href":"https:\/\/radioljubuski.ba\/index.php\/wp-json\/wp\/v2\/types\/post"}],"author":[{"embeddable":true,"href":"https:\/\/radioljubuski.ba\/index.php\/wp-json\/wp\/v2\/users\/2"}],"replies":[{"embeddable":true,"href":"https:\/\/radioljubuski.ba\/index.php\/wp-json\/wp\/v2\/comments?post=65032"}],"version-history":[{"count":1,"href":"https:\/\/radioljubuski.ba\/index.php\/wp-json\/wp\/v2\/posts\/65032\/revisions"}],"predecessor-version":[{"id":65034,"href":"https:\/\/radioljubuski.ba\/index.php\/wp-json\/wp\/v2\/posts\/65032\/revisions\/65034"}],"wp:featuredmedia":[{"embeddable":true,"href":"https:\/\/radioljubuski.ba\/index.php\/wp-json\/wp\/v2\/media\/65033"}],"wp:attachment":[{"href":"https:\/\/radioljubuski.ba\/index.php\/wp-json\/wp\/v2\/media?parent=65032"}],"wp:term":[{"taxonomy":"category","embeddable":true,"href":"https:\/\/radioljubuski.ba\/index.php\/wp-json\/wp\/v2\/categories?post=65032"},{"taxonomy":"post_tag","embeddable":true,"href":"https:\/\/radioljubuski.ba\/index.php\/wp-json\/wp\/v2\/tags?post=65032"}],"curies":[{"name":"wp","href":"https:\/\/api.w.org\/{rel}","templated":true}]}}