{"id":65047,"date":"2021-09-18T08:12:39","date_gmt":"2021-09-18T07:12:39","guid":{"rendered":"https:\/\/radioljubuski.ba\/?p=65047"},"modified":"2021-09-18T08:12:39","modified_gmt":"2021-09-18T07:12:39","slug":"vucic-o-odcjepljenju-sandzaka-jesu-li-bosnjaci-dobro-prebrojali-opcine-u-bih","status":"publish","type":"post","link":"https:\/\/radioljubuski.ba\/index.php\/2021\/09\/18\/vucic-o-odcjepljenju-sandzaka-jesu-li-bosnjaci-dobro-prebrojali-opcine-u-bih\/","title":{"rendered":"Vu\u010di\u0107 o odcjepljenju Sand\u017eaka: Jesu li Bo\u0161njaci dobro prebrojali op\u0107ine u BiH?"},"content":{"rendered":"\n<p>Aleksandar Vu\u010di\u0107, predsjednik Srbije, kazao je da je dogovor Srba s Bo\u0161njacima od povijesnog zna\u010daja, te naglasio da su pusti snovi o specijalnom statusu za Sand\u017eak i da nikada ne reagira na izjave da \u0107e se odcijepiti Sand\u017eak. <\/p>\n\n\n\n<p>U slu\u010daju da tri op\u0107ine u Srbiji s ve\u0107inskim bo\u0161nja\u010dkim \u017eivljem \u017eele da donesu neku odluku, ka\u017ee Vu\u010di\u0107, jesu li Bo\u0161njaci dobro prebrojali op\u0107ine u Republici Srpskoj kojih ima 64 i jo\u0161 \u010detiri u FBiH, gdje su Srbi ve\u0107ina, prenosi Avaz. <\/p>\n\n\n\n<p>&#8221;Su\u0161tina je u tome da mi ne \u017eelimo da mijenjamo granice. Mi samo ho\u0107emo da imamo svoju Srbiju, dobru suradnju i s Republikom Srpskom kao dijelom Bosne i Hercegovine, kao i s BiH. Ali nemojte to da radite i nemojte da imate dvostruke ar\u0161ine&#8221;, dodao je Vu\u010di\u0107. <\/p>\n\n\n\n<p>Rekao je da je njegova poruka da Srbija \u017eeli dobre odnose s Bosnom i Hercegovinom, prijateljske i bratske odnose s Bo\u0161njacima, ali da joj Bo\u0161njaci u BiH ne zamjeraju \u0161to voli Republiku Srpsku, kao \u0161to se njima ne zamjera \u0161to vole Novi Pazar, Tutin i Sjenicu. <\/p>\n\n\n\n<p><strong>Izvor: Bljesak.info<\/strong><\/p>\n","protected":false},"excerpt":{"rendered":"<p>Aleksandar Vu\u010di\u0107, predsjednik Srbije, kazao je da je dogovor Srba s Bo\u0161njacima od povijesnog zna\u010daja, te naglasio da su pusti snovi o specijalnom statusu za Sand\u017eak i da nikada ne reagira na izjave da \u0107e se odcijepiti Sand\u017eak. U slu\u010daju da tri op\u0107ine u Srbiji s ve\u0107inskim bo\u0161nja\u010dkim \u017eivljem \u017eele da donesu neku odluku, ka\u017ee [&hellip;]<\/p>\n","protected":false},"author":2,"featured_media":0,"comment_status":"closed","ping_status":"closed","sticky":false,"template":"","format":"standard","meta":{"h5ap_radio_sources":[],"footnotes":""},"categories":[1],"tags":[],"class_list":["post-65047","post","type-post","status-publish","format-standard","hentry","category-bihiregija"],"yoast_head":"<!-- This site is optimized with the Yoast SEO plugin v27.4 - https:\/\/yoast.com\/product\/yoast-seo-wordpress\/ -->\n<title>Vu\u010di\u0107 o odcjepljenju Sand\u017eaka: Jesu li Bo\u0161njaci dobro prebrojali op\u0107ine u BiH? - RADIO LJUBU\u0160KI<\/title>\n<meta name=\"robots\" content=\"index, follow, max-snippet:-1, max-image-preview:large, max-video-preview:-1\" \/>\n<link rel=\"canonical\" href=\"https:\/\/radioljubuski.ba\/index.php\/2021\/09\/18\/vucic-o-odcjepljenju-sandzaka-jesu-li-bosnjaci-dobro-prebrojali-opcine-u-bih\/\" \/>\n<meta property=\"og:locale\" content=\"hr_HR\" \/>\n<meta property=\"og:type\" content=\"article\" \/>\n<meta property=\"og:title\" content=\"Vu\u010di\u0107 o odcjepljenju Sand\u017eaka: Jesu li Bo\u0161njaci dobro prebrojali op\u0107ine u BiH? - RADIO LJUBU\u0160KI\" \/>\n<meta property=\"og:description\" content=\"Aleksandar Vu\u010di\u0107, predsjednik Srbije, kazao je da je dogovor Srba s Bo\u0161njacima od povijesnog zna\u010daja, te naglasio da su pusti snovi o specijalnom statusu za Sand\u017eak i da nikada ne reagira na izjave da \u0107e se odcijepiti Sand\u017eak. U slu\u010daju da tri op\u0107ine u Srbiji s ve\u0107inskim bo\u0161nja\u010dkim \u017eivljem \u017eele da donesu neku odluku, ka\u017ee [&hellip;]\" \/>\n<meta property=\"og:url\" content=\"https:\/\/radioljubuski.ba\/index.php\/2021\/09\/18\/vucic-o-odcjepljenju-sandzaka-jesu-li-bosnjaci-dobro-prebrojali-opcine-u-bih\/\" \/>\n<meta property=\"og:site_name\" content=\"RADIO LJUBU\u0160KI\" \/>\n<meta property=\"article:publisher\" content=\"https:\/\/www.facebook.com\/Radiio-Ljubuski-1490835324566332\" \/>\n<meta property=\"article:published_time\" content=\"2021-09-18T07:12:39+00:00\" \/>\n<meta property=\"og:image\" content=\"https:\/\/radioljubuski.ba\/wp-content\/uploads\/2021\/09\/vucic-1.jpg\" \/>\n\t<meta property=\"og:image:width\" content=\"1600\" \/>\n\t<meta property=\"og:image:height\" content=\"1090\" \/>\n\t<meta property=\"og:image:type\" content=\"image\/jpeg\" \/>\n<meta name=\"author\" content=\"Radio Ljubu\u0161ki\" \/>\n<meta name=\"twitter:card\" content=\"summary_large_image\" \/>\n<meta name=\"twitter:creator\" content=\"@radioljubuski\" \/>\n<meta name=\"twitter:site\" content=\"@radioljubuski\" \/>\n<meta name=\"twitter:label1\" content=\"Napisao\/la\" \/>\n\t<meta name=\"twitter:data1\" content=\"Radio Ljubu\u0161ki\" \/>\n\t<meta name=\"twitter:label2\" content=\"Procijenjeno vrijeme \u010ditanja\" \/>\n\t<meta name=\"twitter:data2\" content=\"1 minuta\" \/>\n<script type=\"application\/ld+json\" class=\"yoast-schema-graph\">{\"@context\":\"https:\\\/\\\/schema.org\",\"@graph\":[{\"@type\":\"Article\",\"@id\":\"https:\\\/\\\/radioljubuski.ba\\\/index.php\\\/2021\\\/09\\\/18\\\/vucic-o-odcjepljenju-sandzaka-jesu-li-bosnjaci-dobro-prebrojali-opcine-u-bih\\\/#article\",\"isPartOf\":{\"@id\":\"https:\\\/\\\/radioljubuski.ba\\\/index.php\\\/2021\\\/09\\\/18\\\/vucic-o-odcjepljenju-sandzaka-jesu-li-bosnjaci-dobro-prebrojali-opcine-u-bih\\\/\"},\"author\":{\"name\":\"Radio Ljubu\u0161ki\",\"@id\":\"https:\\\/\\\/radioljubuski.ba\\\/#\\\/schema\\\/person\\\/19fc700381a780f69665d7956c469e3b\"},\"headline\":\"Vu\u010di\u0107 o odcjepljenju Sand\u017eaka: Jesu li Bo\u0161njaci dobro prebrojali op\u0107ine u BiH?\",\"datePublished\":\"2021-09-18T07:12:39+00:00\",\"mainEntityOfPage\":{\"@id\":\"https:\\\/\\\/radioljubuski.ba\\\/index.php\\\/2021\\\/09\\\/18\\\/vucic-o-odcjepljenju-sandzaka-jesu-li-bosnjaci-dobro-prebrojali-opcine-u-bih\\\/\"},\"wordCount\":211,\"publisher\":{\"@id\":\"https:\\\/\\\/radioljubuski.ba\\\/#organization\"},\"articleSection\":[\"BIH i regija\"],\"inLanguage\":\"hr\"},{\"@type\":\"WebPage\",\"@id\":\"https:\\\/\\\/radioljubuski.ba\\\/index.php\\\/2021\\\/09\\\/18\\\/vucic-o-odcjepljenju-sandzaka-jesu-li-bosnjaci-dobro-prebrojali-opcine-u-bih\\\/\",\"url\":\"https:\\\/\\\/radioljubuski.ba\\\/index.php\\\/2021\\\/09\\\/18\\\/vucic-o-odcjepljenju-sandzaka-jesu-li-bosnjaci-dobro-prebrojali-opcine-u-bih\\\/\",\"name\":\"Vu\u010di\u0107 o odcjepljenju Sand\u017eaka: Jesu li Bo\u0161njaci dobro prebrojali op\u0107ine u BiH? - RADIO LJUBU\u0160KI\",\"isPartOf\":{\"@id\":\"https:\\\/\\\/radioljubuski.ba\\\/#website\"},\"datePublished\":\"2021-09-18T07:12:39+00:00\",\"breadcrumb\":{\"@id\":\"https:\\\/\\\/radioljubuski.ba\\\/index.php\\\/2021\\\/09\\\/18\\\/vucic-o-odcjepljenju-sandzaka-jesu-li-bosnjaci-dobro-prebrojali-opcine-u-bih\\\/#breadcrumb\"},\"inLanguage\":\"hr\",\"potentialAction\":[{\"@type\":\"ReadAction\",\"target\":[\"https:\\\/\\\/radioljubuski.ba\\\/index.php\\\/2021\\\/09\\\/18\\\/vucic-o-odcjepljenju-sandzaka-jesu-li-bosnjaci-dobro-prebrojali-opcine-u-bih\\\/\"]}]},{\"@type\":\"BreadcrumbList\",\"@id\":\"https:\\\/\\\/radioljubuski.ba\\\/index.php\\\/2021\\\/09\\\/18\\\/vucic-o-odcjepljenju-sandzaka-jesu-li-bosnjaci-dobro-prebrojali-opcine-u-bih\\\/#breadcrumb\",\"itemListElement\":[{\"@type\":\"ListItem\",\"position\":1,\"name\":\"Po\u010detna stranica\",\"item\":\"https:\\\/\\\/radioljubuski.ba\\\/\"},{\"@type\":\"ListItem\",\"position\":2,\"name\":\"Vu\u010di\u0107 o odcjepljenju Sand\u017eaka: Jesu li Bo\u0161njaci dobro prebrojali op\u0107ine u BiH?\"}]},{\"@type\":\"WebSite\",\"@id\":\"https:\\\/\\\/radioljubuski.ba\\\/#website\",\"url\":\"https:\\\/\\\/radioljubuski.ba\\\/\",\"name\":\"Radio Ljubu\u0161ki\",\"description\":\"Sun\u010dana frekvencija Hercegovine\",\"publisher\":{\"@id\":\"https:\\\/\\\/radioljubuski.ba\\\/#organization\"},\"potentialAction\":[{\"@type\":\"SearchAction\",\"target\":{\"@type\":\"EntryPoint\",\"urlTemplate\":\"https:\\\/\\\/radioljubuski.ba\\\/?s={search_term_string}\"},\"query-input\":{\"@type\":\"PropertyValueSpecification\",\"valueRequired\":true,\"valueName\":\"search_term_string\"}}],\"inLanguage\":\"hr\"},{\"@type\":\"Organization\",\"@id\":\"https:\\\/\\\/radioljubuski.ba\\\/#organization\",\"name\":\"Radio Ljubu\u0161ki\",\"url\":\"https:\\\/\\\/radioljubuski.ba\\\/\",\"logo\":{\"@type\":\"ImageObject\",\"inLanguage\":\"hr\",\"@id\":\"https:\\\/\\\/radioljubuski.ba\\\/#\\\/schema\\\/logo\\\/image\\\/\",\"url\":\"https:\\\/\\\/radioljubuski.ba\\\/wp-content\\\/uploads\\\/2021\\\/02\\\/cropped-Radio_Ljubuski_logo1.jpg\",\"contentUrl\":\"https:\\\/\\\/radioljubuski.ba\\\/wp-content\\\/uploads\\\/2021\\\/02\\\/cropped-Radio_Ljubuski_logo1.jpg\",\"width\":512,\"height\":512,\"caption\":\"Radio Ljubu\u0161ki\"},\"image\":{\"@id\":\"https:\\\/\\\/radioljubuski.ba\\\/#\\\/schema\\\/logo\\\/image\\\/\"},\"sameAs\":[\"https:\\\/\\\/www.facebook.com\\\/Radiio-Ljubuski-1490835324566332\",\"https:\\\/\\\/x.com\\\/radioljubuski\",\"https:\\\/\\\/hr.linkedin.com\\\/company\\\/radio-ljubuski\",\"https:\\\/\\\/www.youtube.com\\\/channel\\\/UCHYaeO_n0Db3tjNGudGpXyw\"]},{\"@type\":\"Person\",\"@id\":\"https:\\\/\\\/radioljubuski.ba\\\/#\\\/schema\\\/person\\\/19fc700381a780f69665d7956c469e3b\",\"name\":\"Radio Ljubu\u0161ki\"}]}<\/script>\n<!-- \/ Yoast SEO plugin. -->","yoast_head_json":{"title":"Vu\u010di\u0107 o odcjepljenju Sand\u017eaka: Jesu li Bo\u0161njaci dobro prebrojali op\u0107ine u BiH? - RADIO LJUBU\u0160KI","robots":{"index":"index","follow":"follow","max-snippet":"max-snippet:-1","max-image-preview":"max-image-preview:large","max-video-preview":"max-video-preview:-1"},"canonical":"https:\/\/radioljubuski.ba\/index.php\/2021\/09\/18\/vucic-o-odcjepljenju-sandzaka-jesu-li-bosnjaci-dobro-prebrojali-opcine-u-bih\/","og_locale":"hr_HR","og_type":"article","og_title":"Vu\u010di\u0107 o odcjepljenju Sand\u017eaka: Jesu li Bo\u0161njaci dobro prebrojali op\u0107ine u BiH? - RADIO LJUBU\u0160KI","og_description":"Aleksandar Vu\u010di\u0107, predsjednik Srbije, kazao je da je dogovor Srba s Bo\u0161njacima od povijesnog zna\u010daja, te naglasio da su pusti snovi o specijalnom statusu za Sand\u017eak i da nikada ne reagira na izjave da \u0107e se odcijepiti Sand\u017eak. U slu\u010daju da tri op\u0107ine u Srbiji s ve\u0107inskim bo\u0161nja\u010dkim \u017eivljem \u017eele da donesu neku odluku, ka\u017ee [&hellip;]","og_url":"https:\/\/radioljubuski.ba\/index.php\/2021\/09\/18\/vucic-o-odcjepljenju-sandzaka-jesu-li-bosnjaci-dobro-prebrojali-opcine-u-bih\/","og_site_name":"RADIO LJUBU\u0160KI","article_publisher":"https:\/\/www.facebook.com\/Radiio-Ljubuski-1490835324566332","article_published_time":"2021-09-18T07:12:39+00:00","og_image":[{"width":1600,"height":1090,"url":"https:\/\/radioljubuski.ba\/wp-content\/uploads\/2021\/09\/vucic-1.jpg","type":"image\/jpeg"}],"author":"Radio Ljubu\u0161ki","twitter_card":"summary_large_image","twitter_creator":"@radioljubuski","twitter_site":"@radioljubuski","twitter_misc":{"Napisao\/la":"Radio Ljubu\u0161ki","Procijenjeno vrijeme \u010ditanja":"1 minuta"},"schema":{"@context":"https:\/\/schema.org","@graph":[{"@type":"Article","@id":"https:\/\/radioljubuski.ba\/index.php\/2021\/09\/18\/vucic-o-odcjepljenju-sandzaka-jesu-li-bosnjaci-dobro-prebrojali-opcine-u-bih\/#article","isPartOf":{"@id":"https:\/\/radioljubuski.ba\/index.php\/2021\/09\/18\/vucic-o-odcjepljenju-sandzaka-jesu-li-bosnjaci-dobro-prebrojali-opcine-u-bih\/"},"author":{"name":"Radio Ljubu\u0161ki","@id":"https:\/\/radioljubuski.ba\/#\/schema\/person\/19fc700381a780f69665d7956c469e3b"},"headline":"Vu\u010di\u0107 o odcjepljenju Sand\u017eaka: Jesu li Bo\u0161njaci dobro prebrojali op\u0107ine u BiH?","datePublished":"2021-09-18T07:12:39+00:00","mainEntityOfPage":{"@id":"https:\/\/radioljubuski.ba\/index.php\/2021\/09\/18\/vucic-o-odcjepljenju-sandzaka-jesu-li-bosnjaci-dobro-prebrojali-opcine-u-bih\/"},"wordCount":211,"publisher":{"@id":"https:\/\/radioljubuski.ba\/#organization"},"articleSection":["BIH i regija"],"inLanguage":"hr"},{"@type":"WebPage","@id":"https:\/\/radioljubuski.ba\/index.php\/2021\/09\/18\/vucic-o-odcjepljenju-sandzaka-jesu-li-bosnjaci-dobro-prebrojali-opcine-u-bih\/","url":"https:\/\/radioljubuski.ba\/index.php\/2021\/09\/18\/vucic-o-odcjepljenju-sandzaka-jesu-li-bosnjaci-dobro-prebrojali-opcine-u-bih\/","name":"Vu\u010di\u0107 o odcjepljenju Sand\u017eaka: Jesu li Bo\u0161njaci dobro prebrojali op\u0107ine u BiH? - RADIO LJUBU\u0160KI","isPartOf":{"@id":"https:\/\/radioljubuski.ba\/#website"},"datePublished":"2021-09-18T07:12:39+00:00","breadcrumb":{"@id":"https:\/\/radioljubuski.ba\/index.php\/2021\/09\/18\/vucic-o-odcjepljenju-sandzaka-jesu-li-bosnjaci-dobro-prebrojali-opcine-u-bih\/#breadcrumb"},"inLanguage":"hr","potentialAction":[{"@type":"ReadAction","target":["https:\/\/radioljubuski.ba\/index.php\/2021\/09\/18\/vucic-o-odcjepljenju-sandzaka-jesu-li-bosnjaci-dobro-prebrojali-opcine-u-bih\/"]}]},{"@type":"BreadcrumbList","@id":"https:\/\/radioljubuski.ba\/index.php\/2021\/09\/18\/vucic-o-odcjepljenju-sandzaka-jesu-li-bosnjaci-dobro-prebrojali-opcine-u-bih\/#breadcrumb","itemListElement":[{"@type":"ListItem","position":1,"name":"Po\u010detna stranica","item":"https:\/\/radioljubuski.ba\/"},{"@type":"ListItem","position":2,"name":"Vu\u010di\u0107 o odcjepljenju Sand\u017eaka: Jesu li Bo\u0161njaci dobro prebrojali op\u0107ine u BiH?"}]},{"@type":"WebSite","@id":"https:\/\/radioljubuski.ba\/#website","url":"https:\/\/radioljubuski.ba\/","name":"Radio Ljubu\u0161ki","description":"Sun\u010dana frekvencija Hercegovine","publisher":{"@id":"https:\/\/radioljubuski.ba\/#organization"},"potentialAction":[{"@type":"SearchAction","target":{"@type":"EntryPoint","urlTemplate":"https:\/\/radioljubuski.ba\/?s={search_term_string}"},"query-input":{"@type":"PropertyValueSpecification","valueRequired":true,"valueName":"search_term_string"}}],"inLanguage":"hr"},{"@type":"Organization","@id":"https:\/\/radioljubuski.ba\/#organization","name":"Radio Ljubu\u0161ki","url":"https:\/\/radioljubuski.ba\/","logo":{"@type":"ImageObject","inLanguage":"hr","@id":"https:\/\/radioljubuski.ba\/#\/schema\/logo\/image\/","url":"https:\/\/radioljubuski.ba\/wp-content\/uploads\/2021\/02\/cropped-Radio_Ljubuski_logo1.jpg","contentUrl":"https:\/\/radioljubuski.ba\/wp-content\/uploads\/2021\/02\/cropped-Radio_Ljubuski_logo1.jpg","width":512,"height":512,"caption":"Radio Ljubu\u0161ki"},"image":{"@id":"https:\/\/radioljubuski.ba\/#\/schema\/logo\/image\/"},"sameAs":["https:\/\/www.facebook.com\/Radiio-Ljubuski-1490835324566332","https:\/\/x.com\/radioljubuski","https:\/\/hr.linkedin.com\/company\/radio-ljubuski","https:\/\/www.youtube.com\/channel\/UCHYaeO_n0Db3tjNGudGpXyw"]},{"@type":"Person","@id":"https:\/\/radioljubuski.ba\/#\/schema\/person\/19fc700381a780f69665d7956c469e3b","name":"Radio Ljubu\u0161ki"}]}},"_links":{"self":[{"href":"https:\/\/radioljubuski.ba\/index.php\/wp-json\/wp\/v2\/posts\/65047","targetHints":{"allow":["GET"]}}],"collection":[{"href":"https:\/\/radioljubuski.ba\/index.php\/wp-json\/wp\/v2\/posts"}],"about":[{"href":"https:\/\/radioljubuski.ba\/index.php\/wp-json\/wp\/v2\/types\/post"}],"author":[{"embeddable":true,"href":"https:\/\/radioljubuski.ba\/index.php\/wp-json\/wp\/v2\/users\/2"}],"replies":[{"embeddable":true,"href":"https:\/\/radioljubuski.ba\/index.php\/wp-json\/wp\/v2\/comments?post=65047"}],"version-history":[{"count":1,"href":"https:\/\/radioljubuski.ba\/index.php\/wp-json\/wp\/v2\/posts\/65047\/revisions"}],"predecessor-version":[{"id":65048,"href":"https:\/\/radioljubuski.ba\/index.php\/wp-json\/wp\/v2\/posts\/65047\/revisions\/65048"}],"wp:attachment":[{"href":"https:\/\/radioljubuski.ba\/index.php\/wp-json\/wp\/v2\/media?parent=65047"}],"wp:term":[{"taxonomy":"category","embeddable":true,"href":"https:\/\/radioljubuski.ba\/index.php\/wp-json\/wp\/v2\/categories?post=65047"},{"taxonomy":"post_tag","embeddable":true,"href":"https:\/\/radioljubuski.ba\/index.php\/wp-json\/wp\/v2\/tags?post=65047"}],"curies":[{"name":"wp","href":"https:\/\/api.w.org\/{rel}","templated":true}]}}