{"id":65060,"date":"2021-09-18T08:21:50","date_gmt":"2021-09-18T07:21:50","guid":{"rendered":"https:\/\/radioljubuski.ba\/?p=65060"},"modified":"2021-09-18T08:21:51","modified_gmt":"2021-09-18T07:21:51","slug":"u-hercegovini-viroza-sa-simptomima-gotovo-istima-kao-kod-korone","status":"publish","type":"post","link":"https:\/\/radioljubuski.ba\/index.php\/2021\/09\/18\/u-hercegovini-viroza-sa-simptomima-gotovo-istima-kao-kod-korone\/","title":{"rendered":"U Hercegovini viroza sa simptomima gotovo istima kao kod korone"},"content":{"rendered":"\n<p>Proteklih dana i tjedana veliki broj ljudi obratio se lije\u010dnicima zbog sumnje na koronu. Nasre\u0107u, testovi su im bili negativni, ali su simptomi gotovo isti kao kod korone.<br>U Hercegovini viroza sa simptomima gotovo istima kao kod korone<\/p>\n\n\n\n<p>Javljaju se jake glavobolje, bolovi u kostima i mi\u0161i\u0107ima. Drugi imaju proljev, ka\u0161alj, probleme sa sinusima. Simptomi su gotovo isti kao kod COVID-a, \u0161to gra\u0111anima stvara paniku, ali i dodatno ote\u017eava rad medicinskim djelatnicima. Provjerili smo kakvo je stanje u mostarskom Domu zdravlja, pi\u0161e Vecernji.ba.<\/p>\n\n\n\n<ul class=\"wp-block-list\"><li>Ima pacijenata sa simptomima crijevne viroze ili prehlade, a na testu su negativni. Ne stvaraju veliki problem jer su simptomi kratkotrajni i relativno blagi i ne osposobljavaju zna\u010dajno oboljelog. Va\u017eno je razlu\u010diti jesu li ti pacijenti pozitivni na COVID, tako da je pove\u0107an broj testiranih i optere\u0107enje za Slu\u017ebu epidemiologije, higijene i socijalne medicine &#8211; kazala je za Ve\u010dernji list Edita \u010cerni Obrdalj, voditeljica Slu\u017ebe obiteljske medicine DZ-a Mostar.<\/li><\/ul>\n\n\n\n<p><strong>Izvor: Grude.com<\/strong><\/p>\n","protected":false},"excerpt":{"rendered":"<p>Proteklih dana i tjedana veliki broj ljudi obratio se lije\u010dnicima zbog sumnje na koronu. Nasre\u0107u, testovi su im bili negativni, ali su simptomi gotovo isti kao kod korone.U Hercegovini viroza sa simptomima gotovo istima kao kod korone Javljaju se jake glavobolje, bolovi u kostima i mi\u0161i\u0107ima. Drugi imaju proljev, ka\u0161alj, probleme sa sinusima. Simptomi su [&hellip;]<\/p>\n","protected":false},"author":2,"featured_media":63759,"comment_status":"closed","ping_status":"closed","sticky":false,"template":"","format":"standard","meta":{"h5ap_radio_sources":[],"footnotes":""},"categories":[1],"tags":[],"class_list":["post-65060","post","type-post","status-publish","format-standard","has-post-thumbnail","hentry","category-bihiregija"],"yoast_head":"<!-- This site is optimized with the Yoast SEO plugin v27.5 - https:\/\/yoast.com\/product\/yoast-seo-wordpress\/ -->\n<title>U Hercegovini viroza sa simptomima gotovo istima kao kod korone - RADIO LJUBU\u0160KI<\/title>\n<meta name=\"robots\" content=\"index, follow, max-snippet:-1, max-image-preview:large, max-video-preview:-1\" \/>\n<link rel=\"canonical\" href=\"https:\/\/radioljubuski.ba\/index.php\/2021\/09\/18\/u-hercegovini-viroza-sa-simptomima-gotovo-istima-kao-kod-korone\/\" \/>\n<meta property=\"og:locale\" content=\"hr_HR\" \/>\n<meta property=\"og:type\" content=\"article\" \/>\n<meta property=\"og:title\" content=\"U Hercegovini viroza sa simptomima gotovo istima kao kod korone - RADIO LJUBU\u0160KI\" \/>\n<meta property=\"og:description\" content=\"Proteklih dana i tjedana veliki broj ljudi obratio se lije\u010dnicima zbog sumnje na koronu. Nasre\u0107u, testovi su im bili negativni, ali su simptomi gotovo isti kao kod korone.U Hercegovini viroza sa simptomima gotovo istima kao kod korone Javljaju se jake glavobolje, bolovi u kostima i mi\u0161i\u0107ima. Drugi imaju proljev, ka\u0161alj, probleme sa sinusima. Simptomi su [&hellip;]\" \/>\n<meta property=\"og:url\" content=\"https:\/\/radioljubuski.ba\/index.php\/2021\/09\/18\/u-hercegovini-viroza-sa-simptomima-gotovo-istima-kao-kod-korone\/\" \/>\n<meta property=\"og:site_name\" content=\"RADIO LJUBU\u0160KI\" \/>\n<meta property=\"article:publisher\" content=\"https:\/\/www.facebook.com\/Radiio-Ljubuski-1490835324566332\" \/>\n<meta property=\"article:published_time\" content=\"2021-09-18T07:21:50+00:00\" \/>\n<meta property=\"article:modified_time\" content=\"2021-09-18T07:21:51+00:00\" \/>\n<meta property=\"og:image\" content=\"https:\/\/radioljubuski.ba\/wp-content\/uploads\/2021\/09\/RFXSlmHJ_doktor.jpg\" \/>\n\t<meta property=\"og:image:width\" content=\"1000\" \/>\n\t<meta property=\"og:image:height\" content=\"625\" \/>\n\t<meta property=\"og:image:type\" content=\"image\/jpeg\" \/>\n<meta name=\"author\" content=\"Radio Ljubu\u0161ki\" \/>\n<meta name=\"twitter:card\" content=\"summary_large_image\" \/>\n<meta name=\"twitter:creator\" content=\"@radioljubuski\" \/>\n<meta name=\"twitter:site\" content=\"@radioljubuski\" \/>\n<meta name=\"twitter:label1\" content=\"Napisao\/la\" \/>\n\t<meta name=\"twitter:data1\" content=\"Radio Ljubu\u0161ki\" \/>\n\t<meta name=\"twitter:label2\" content=\"Procijenjeno vrijeme \u010ditanja\" \/>\n\t<meta name=\"twitter:data2\" content=\"1 minuta\" \/>\n<script type=\"application\/ld+json\" class=\"yoast-schema-graph\">{\"@context\":\"https:\\\/\\\/schema.org\",\"@graph\":[{\"@type\":\"Article\",\"@id\":\"https:\\\/\\\/radioljubuski.ba\\\/index.php\\\/2021\\\/09\\\/18\\\/u-hercegovini-viroza-sa-simptomima-gotovo-istima-kao-kod-korone\\\/#article\",\"isPartOf\":{\"@id\":\"https:\\\/\\\/radioljubuski.ba\\\/index.php\\\/2021\\\/09\\\/18\\\/u-hercegovini-viroza-sa-simptomima-gotovo-istima-kao-kod-korone\\\/\"},\"author\":{\"name\":\"Radio Ljubu\u0161ki\",\"@id\":\"https:\\\/\\\/radioljubuski.ba\\\/#\\\/schema\\\/person\\\/19fc700381a780f69665d7956c469e3b\"},\"headline\":\"U Hercegovini viroza sa simptomima gotovo istima kao kod korone\",\"datePublished\":\"2021-09-18T07:21:50+00:00\",\"dateModified\":\"2021-09-18T07:21:51+00:00\",\"mainEntityOfPage\":{\"@id\":\"https:\\\/\\\/radioljubuski.ba\\\/index.php\\\/2021\\\/09\\\/18\\\/u-hercegovini-viroza-sa-simptomima-gotovo-istima-kao-kod-korone\\\/\"},\"wordCount\":182,\"publisher\":{\"@id\":\"https:\\\/\\\/radioljubuski.ba\\\/#organization\"},\"image\":{\"@id\":\"https:\\\/\\\/radioljubuski.ba\\\/index.php\\\/2021\\\/09\\\/18\\\/u-hercegovini-viroza-sa-simptomima-gotovo-istima-kao-kod-korone\\\/#primaryimage\"},\"thumbnailUrl\":\"https:\\\/\\\/radioljubuski.ba\\\/wp-content\\\/uploads\\\/2021\\\/09\\\/RFXSlmHJ_doktor.jpg\",\"articleSection\":[\"BIH i regija\"],\"inLanguage\":\"hr\"},{\"@type\":\"WebPage\",\"@id\":\"https:\\\/\\\/radioljubuski.ba\\\/index.php\\\/2021\\\/09\\\/18\\\/u-hercegovini-viroza-sa-simptomima-gotovo-istima-kao-kod-korone\\\/\",\"url\":\"https:\\\/\\\/radioljubuski.ba\\\/index.php\\\/2021\\\/09\\\/18\\\/u-hercegovini-viroza-sa-simptomima-gotovo-istima-kao-kod-korone\\\/\",\"name\":\"U Hercegovini viroza sa simptomima gotovo istima kao kod korone - RADIO LJUBU\u0160KI\",\"isPartOf\":{\"@id\":\"https:\\\/\\\/radioljubuski.ba\\\/#website\"},\"primaryImageOfPage\":{\"@id\":\"https:\\\/\\\/radioljubuski.ba\\\/index.php\\\/2021\\\/09\\\/18\\\/u-hercegovini-viroza-sa-simptomima-gotovo-istima-kao-kod-korone\\\/#primaryimage\"},\"image\":{\"@id\":\"https:\\\/\\\/radioljubuski.ba\\\/index.php\\\/2021\\\/09\\\/18\\\/u-hercegovini-viroza-sa-simptomima-gotovo-istima-kao-kod-korone\\\/#primaryimage\"},\"thumbnailUrl\":\"https:\\\/\\\/radioljubuski.ba\\\/wp-content\\\/uploads\\\/2021\\\/09\\\/RFXSlmHJ_doktor.jpg\",\"datePublished\":\"2021-09-18T07:21:50+00:00\",\"dateModified\":\"2021-09-18T07:21:51+00:00\",\"breadcrumb\":{\"@id\":\"https:\\\/\\\/radioljubuski.ba\\\/index.php\\\/2021\\\/09\\\/18\\\/u-hercegovini-viroza-sa-simptomima-gotovo-istima-kao-kod-korone\\\/#breadcrumb\"},\"inLanguage\":\"hr\",\"potentialAction\":[{\"@type\":\"ReadAction\",\"target\":[\"https:\\\/\\\/radioljubuski.ba\\\/index.php\\\/2021\\\/09\\\/18\\\/u-hercegovini-viroza-sa-simptomima-gotovo-istima-kao-kod-korone\\\/\"]}]},{\"@type\":\"ImageObject\",\"inLanguage\":\"hr\",\"@id\":\"https:\\\/\\\/radioljubuski.ba\\\/index.php\\\/2021\\\/09\\\/18\\\/u-hercegovini-viroza-sa-simptomima-gotovo-istima-kao-kod-korone\\\/#primaryimage\",\"url\":\"https:\\\/\\\/radioljubuski.ba\\\/wp-content\\\/uploads\\\/2021\\\/09\\\/RFXSlmHJ_doktor.jpg\",\"contentUrl\":\"https:\\\/\\\/radioljubuski.ba\\\/wp-content\\\/uploads\\\/2021\\\/09\\\/RFXSlmHJ_doktor.jpg\",\"width\":1000,\"height\":625},{\"@type\":\"BreadcrumbList\",\"@id\":\"https:\\\/\\\/radioljubuski.ba\\\/index.php\\\/2021\\\/09\\\/18\\\/u-hercegovini-viroza-sa-simptomima-gotovo-istima-kao-kod-korone\\\/#breadcrumb\",\"itemListElement\":[{\"@type\":\"ListItem\",\"position\":1,\"name\":\"Po\u010detna stranica\",\"item\":\"https:\\\/\\\/radioljubuski.ba\\\/\"},{\"@type\":\"ListItem\",\"position\":2,\"name\":\"U Hercegovini viroza sa simptomima gotovo istima kao kod korone\"}]},{\"@type\":\"WebSite\",\"@id\":\"https:\\\/\\\/radioljubuski.ba\\\/#website\",\"url\":\"https:\\\/\\\/radioljubuski.ba\\\/\",\"name\":\"Radio Ljubu\u0161ki\",\"description\":\"Sun\u010dana frekvencija Hercegovine\",\"publisher\":{\"@id\":\"https:\\\/\\\/radioljubuski.ba\\\/#organization\"},\"potentialAction\":[{\"@type\":\"SearchAction\",\"target\":{\"@type\":\"EntryPoint\",\"urlTemplate\":\"https:\\\/\\\/radioljubuski.ba\\\/?s={search_term_string}\"},\"query-input\":{\"@type\":\"PropertyValueSpecification\",\"valueRequired\":true,\"valueName\":\"search_term_string\"}}],\"inLanguage\":\"hr\"},{\"@type\":\"Organization\",\"@id\":\"https:\\\/\\\/radioljubuski.ba\\\/#organization\",\"name\":\"Radio Ljubu\u0161ki\",\"url\":\"https:\\\/\\\/radioljubuski.ba\\\/\",\"logo\":{\"@type\":\"ImageObject\",\"inLanguage\":\"hr\",\"@id\":\"https:\\\/\\\/radioljubuski.ba\\\/#\\\/schema\\\/logo\\\/image\\\/\",\"url\":\"https:\\\/\\\/radioljubuski.ba\\\/wp-content\\\/uploads\\\/2021\\\/02\\\/cropped-Radio_Ljubuski_logo1.jpg\",\"contentUrl\":\"https:\\\/\\\/radioljubuski.ba\\\/wp-content\\\/uploads\\\/2021\\\/02\\\/cropped-Radio_Ljubuski_logo1.jpg\",\"width\":512,\"height\":512,\"caption\":\"Radio Ljubu\u0161ki\"},\"image\":{\"@id\":\"https:\\\/\\\/radioljubuski.ba\\\/#\\\/schema\\\/logo\\\/image\\\/\"},\"sameAs\":[\"https:\\\/\\\/www.facebook.com\\\/Radiio-Ljubuski-1490835324566332\",\"https:\\\/\\\/x.com\\\/radioljubuski\",\"https:\\\/\\\/hr.linkedin.com\\\/company\\\/radio-ljubuski\",\"https:\\\/\\\/www.youtube.com\\\/channel\\\/UCHYaeO_n0Db3tjNGudGpXyw\"]},{\"@type\":\"Person\",\"@id\":\"https:\\\/\\\/radioljubuski.ba\\\/#\\\/schema\\\/person\\\/19fc700381a780f69665d7956c469e3b\",\"name\":\"Radio Ljubu\u0161ki\"}]}<\/script>\n<!-- \/ Yoast SEO plugin. -->","yoast_head_json":{"title":"U Hercegovini viroza sa simptomima gotovo istima kao kod korone - RADIO LJUBU\u0160KI","robots":{"index":"index","follow":"follow","max-snippet":"max-snippet:-1","max-image-preview":"max-image-preview:large","max-video-preview":"max-video-preview:-1"},"canonical":"https:\/\/radioljubuski.ba\/index.php\/2021\/09\/18\/u-hercegovini-viroza-sa-simptomima-gotovo-istima-kao-kod-korone\/","og_locale":"hr_HR","og_type":"article","og_title":"U Hercegovini viroza sa simptomima gotovo istima kao kod korone - RADIO LJUBU\u0160KI","og_description":"Proteklih dana i tjedana veliki broj ljudi obratio se lije\u010dnicima zbog sumnje na koronu. Nasre\u0107u, testovi su im bili negativni, ali su simptomi gotovo isti kao kod korone.U Hercegovini viroza sa simptomima gotovo istima kao kod korone Javljaju se jake glavobolje, bolovi u kostima i mi\u0161i\u0107ima. Drugi imaju proljev, ka\u0161alj, probleme sa sinusima. Simptomi su [&hellip;]","og_url":"https:\/\/radioljubuski.ba\/index.php\/2021\/09\/18\/u-hercegovini-viroza-sa-simptomima-gotovo-istima-kao-kod-korone\/","og_site_name":"RADIO LJUBU\u0160KI","article_publisher":"https:\/\/www.facebook.com\/Radiio-Ljubuski-1490835324566332","article_published_time":"2021-09-18T07:21:50+00:00","article_modified_time":"2021-09-18T07:21:51+00:00","og_image":[{"width":1000,"height":625,"url":"https:\/\/radioljubuski.ba\/wp-content\/uploads\/2021\/09\/RFXSlmHJ_doktor.jpg","type":"image\/jpeg"}],"author":"Radio Ljubu\u0161ki","twitter_card":"summary_large_image","twitter_creator":"@radioljubuski","twitter_site":"@radioljubuski","twitter_misc":{"Napisao\/la":"Radio Ljubu\u0161ki","Procijenjeno vrijeme \u010ditanja":"1 minuta"},"schema":{"@context":"https:\/\/schema.org","@graph":[{"@type":"Article","@id":"https:\/\/radioljubuski.ba\/index.php\/2021\/09\/18\/u-hercegovini-viroza-sa-simptomima-gotovo-istima-kao-kod-korone\/#article","isPartOf":{"@id":"https:\/\/radioljubuski.ba\/index.php\/2021\/09\/18\/u-hercegovini-viroza-sa-simptomima-gotovo-istima-kao-kod-korone\/"},"author":{"name":"Radio Ljubu\u0161ki","@id":"https:\/\/radioljubuski.ba\/#\/schema\/person\/19fc700381a780f69665d7956c469e3b"},"headline":"U Hercegovini viroza sa simptomima gotovo istima kao kod korone","datePublished":"2021-09-18T07:21:50+00:00","dateModified":"2021-09-18T07:21:51+00:00","mainEntityOfPage":{"@id":"https:\/\/radioljubuski.ba\/index.php\/2021\/09\/18\/u-hercegovini-viroza-sa-simptomima-gotovo-istima-kao-kod-korone\/"},"wordCount":182,"publisher":{"@id":"https:\/\/radioljubuski.ba\/#organization"},"image":{"@id":"https:\/\/radioljubuski.ba\/index.php\/2021\/09\/18\/u-hercegovini-viroza-sa-simptomima-gotovo-istima-kao-kod-korone\/#primaryimage"},"thumbnailUrl":"https:\/\/radioljubuski.ba\/wp-content\/uploads\/2021\/09\/RFXSlmHJ_doktor.jpg","articleSection":["BIH i regija"],"inLanguage":"hr"},{"@type":"WebPage","@id":"https:\/\/radioljubuski.ba\/index.php\/2021\/09\/18\/u-hercegovini-viroza-sa-simptomima-gotovo-istima-kao-kod-korone\/","url":"https:\/\/radioljubuski.ba\/index.php\/2021\/09\/18\/u-hercegovini-viroza-sa-simptomima-gotovo-istima-kao-kod-korone\/","name":"U Hercegovini viroza sa simptomima gotovo istima kao kod korone - RADIO LJUBU\u0160KI","isPartOf":{"@id":"https:\/\/radioljubuski.ba\/#website"},"primaryImageOfPage":{"@id":"https:\/\/radioljubuski.ba\/index.php\/2021\/09\/18\/u-hercegovini-viroza-sa-simptomima-gotovo-istima-kao-kod-korone\/#primaryimage"},"image":{"@id":"https:\/\/radioljubuski.ba\/index.php\/2021\/09\/18\/u-hercegovini-viroza-sa-simptomima-gotovo-istima-kao-kod-korone\/#primaryimage"},"thumbnailUrl":"https:\/\/radioljubuski.ba\/wp-content\/uploads\/2021\/09\/RFXSlmHJ_doktor.jpg","datePublished":"2021-09-18T07:21:50+00:00","dateModified":"2021-09-18T07:21:51+00:00","breadcrumb":{"@id":"https:\/\/radioljubuski.ba\/index.php\/2021\/09\/18\/u-hercegovini-viroza-sa-simptomima-gotovo-istima-kao-kod-korone\/#breadcrumb"},"inLanguage":"hr","potentialAction":[{"@type":"ReadAction","target":["https:\/\/radioljubuski.ba\/index.php\/2021\/09\/18\/u-hercegovini-viroza-sa-simptomima-gotovo-istima-kao-kod-korone\/"]}]},{"@type":"ImageObject","inLanguage":"hr","@id":"https:\/\/radioljubuski.ba\/index.php\/2021\/09\/18\/u-hercegovini-viroza-sa-simptomima-gotovo-istima-kao-kod-korone\/#primaryimage","url":"https:\/\/radioljubuski.ba\/wp-content\/uploads\/2021\/09\/RFXSlmHJ_doktor.jpg","contentUrl":"https:\/\/radioljubuski.ba\/wp-content\/uploads\/2021\/09\/RFXSlmHJ_doktor.jpg","width":1000,"height":625},{"@type":"BreadcrumbList","@id":"https:\/\/radioljubuski.ba\/index.php\/2021\/09\/18\/u-hercegovini-viroza-sa-simptomima-gotovo-istima-kao-kod-korone\/#breadcrumb","itemListElement":[{"@type":"ListItem","position":1,"name":"Po\u010detna stranica","item":"https:\/\/radioljubuski.ba\/"},{"@type":"ListItem","position":2,"name":"U Hercegovini viroza sa simptomima gotovo istima kao kod korone"}]},{"@type":"WebSite","@id":"https:\/\/radioljubuski.ba\/#website","url":"https:\/\/radioljubuski.ba\/","name":"Radio Ljubu\u0161ki","description":"Sun\u010dana frekvencija Hercegovine","publisher":{"@id":"https:\/\/radioljubuski.ba\/#organization"},"potentialAction":[{"@type":"SearchAction","target":{"@type":"EntryPoint","urlTemplate":"https:\/\/radioljubuski.ba\/?s={search_term_string}"},"query-input":{"@type":"PropertyValueSpecification","valueRequired":true,"valueName":"search_term_string"}}],"inLanguage":"hr"},{"@type":"Organization","@id":"https:\/\/radioljubuski.ba\/#organization","name":"Radio Ljubu\u0161ki","url":"https:\/\/radioljubuski.ba\/","logo":{"@type":"ImageObject","inLanguage":"hr","@id":"https:\/\/radioljubuski.ba\/#\/schema\/logo\/image\/","url":"https:\/\/radioljubuski.ba\/wp-content\/uploads\/2021\/02\/cropped-Radio_Ljubuski_logo1.jpg","contentUrl":"https:\/\/radioljubuski.ba\/wp-content\/uploads\/2021\/02\/cropped-Radio_Ljubuski_logo1.jpg","width":512,"height":512,"caption":"Radio Ljubu\u0161ki"},"image":{"@id":"https:\/\/radioljubuski.ba\/#\/schema\/logo\/image\/"},"sameAs":["https:\/\/www.facebook.com\/Radiio-Ljubuski-1490835324566332","https:\/\/x.com\/radioljubuski","https:\/\/hr.linkedin.com\/company\/radio-ljubuski","https:\/\/www.youtube.com\/channel\/UCHYaeO_n0Db3tjNGudGpXyw"]},{"@type":"Person","@id":"https:\/\/radioljubuski.ba\/#\/schema\/person\/19fc700381a780f69665d7956c469e3b","name":"Radio Ljubu\u0161ki"}]}},"_links":{"self":[{"href":"https:\/\/radioljubuski.ba\/index.php\/wp-json\/wp\/v2\/posts\/65060","targetHints":{"allow":["GET"]}}],"collection":[{"href":"https:\/\/radioljubuski.ba\/index.php\/wp-json\/wp\/v2\/posts"}],"about":[{"href":"https:\/\/radioljubuski.ba\/index.php\/wp-json\/wp\/v2\/types\/post"}],"author":[{"embeddable":true,"href":"https:\/\/radioljubuski.ba\/index.php\/wp-json\/wp\/v2\/users\/2"}],"replies":[{"embeddable":true,"href":"https:\/\/radioljubuski.ba\/index.php\/wp-json\/wp\/v2\/comments?post=65060"}],"version-history":[{"count":1,"href":"https:\/\/radioljubuski.ba\/index.php\/wp-json\/wp\/v2\/posts\/65060\/revisions"}],"predecessor-version":[{"id":65061,"href":"https:\/\/radioljubuski.ba\/index.php\/wp-json\/wp\/v2\/posts\/65060\/revisions\/65061"}],"wp:featuredmedia":[{"embeddable":true,"href":"https:\/\/radioljubuski.ba\/index.php\/wp-json\/wp\/v2\/media\/63759"}],"wp:attachment":[{"href":"https:\/\/radioljubuski.ba\/index.php\/wp-json\/wp\/v2\/media?parent=65060"}],"wp:term":[{"taxonomy":"category","embeddable":true,"href":"https:\/\/radioljubuski.ba\/index.php\/wp-json\/wp\/v2\/categories?post=65060"},{"taxonomy":"post_tag","embeddable":true,"href":"https:\/\/radioljubuski.ba\/index.php\/wp-json\/wp\/v2\/tags?post=65060"}],"curies":[{"name":"wp","href":"https:\/\/api.w.org\/{rel}","templated":true}]}}