{"id":65062,"date":"2021-09-18T08:24:41","date_gmt":"2021-09-18T07:24:41","guid":{"rendered":"https:\/\/radioljubuski.ba\/?p=65062"},"modified":"2021-09-18T08:24:43","modified_gmt":"2021-09-18T07:24:43","slug":"preminuo-velikan-bh-novinarstva-oslobodenje-je-uredivao-iz-sklonista-na-prvoj-liniji-obrane-sarajeva","status":"publish","type":"post","link":"https:\/\/radioljubuski.ba\/index.php\/2021\/09\/18\/preminuo-velikan-bh-novinarstva-oslobodenje-je-uredivao-iz-sklonista-na-prvoj-liniji-obrane-sarajeva\/","title":{"rendered":"Preminuo velikan bh. novinarstva: Oslobo\u0111enje je ure\u0111ivao iz skloni\u0161ta na prvoj liniji obrane Sarajeva"},"content":{"rendered":"\n<p>Od posljedica mo\u017edanog udara, kojeg je zadobio nakon lak\u0161eg kirur\u0161kog zahvata, u okru\u017eenju najmilijih preminuo je <strong>Kemal Kurspahi\u0107<\/strong>, velikan bosanskohercegova\u010dkog novinarstva. Potvrdila je to njegova obitelj, priop\u0107eno je iz Media centra.<\/p>\n\n\n\n<p>Kemal Kurspahi\u0107 bio je glavni urednik bosanskohercegova\u010dkog dnevnika Oslobo\u0111enje od 1988. do 1994. godine. Oslobo\u0111enje je u prvoj godini njegova mandata progla\u0161eno za List godine u Jugoslaviji 1989., pi\u0161e <strong><a href=\"https:\/\/www.klix.ba\/vijesti\/bih\/preminuo-velikan-bh-novinarstva-kemal-kurspahic\/210917174\">portal Klix.ba<\/a><\/strong>.<\/p>\n\n\n\n<p>Za svakodnevno izla\u017eenje lista iz atomskog skloni\u0161ta na prvoj liniji obrane Sarajeva i odr\u017eavanje u listu ideje vjerske i nacionalne tolerancije u najte\u017eim ratnim vremenima, Oslobo\u0111enje je pod Kurspahi\u0107evim vodstvom dobilo i neka od najpresti\u017enijih priznanja u svjetskom novinarstvu, me\u0111u njima i nagradu List godine u svijetu 1992. (BBC i Grenada TV u Velikoj Britaniji).<\/p>\n\n\n\n<p>Kemal Kurspahi\u0107 je i osobno dobio sljede\u0107e presti\u017ene svjetske nagrade:<\/p>\n\n\n\n<p>Urednik godine u svijetu 1993. (World Press Review &#8211; New York);<\/p>\n\n\n\n<p>Nagrada za hrabrost u novinarstvu 1992. (International Women\u2019s Media Foundation &#8211; Washington, DC);<\/p>\n\n\n\n<p>Nagrada za ljudska prava 1993. (Fondacija Bruno Krajski &#8211; Be\u010d, Austrija);<\/p>\n\n\n\n<p>Heroj borbe za slobodu tiska 2000. (International Press Institute &#8211; Be\u010d, Austrija);<\/p>\n\n\n\n<p>Nagradu Erhard Busek za doprinos boljem razumijevanju u Jugoisto\u010dnoj Europi (SEEMO &#8211; Be\u010d, Austrija).<\/p>\n\n\n\n<p>Kurspahi\u0107 je u akademskoj 1994\/95. godini bio Nieman Fellow na sveu\u010dili\u0161tu Harvard, a u prolje\u0107e 1999. gostuju\u0107i Clark Fellow na sveu\u010dili\u0161tu Cornell. Predavao je i na drugim vode\u0107im ameri\u010dkim sveu\u010dili\u0161tima i savjetovao mnogobrojne vode\u0107e politi\u010dare poput predsjednika <strong>Billa Clintona<\/strong> i u to doba senatora <strong>Joea Bidena<\/strong>, sada\u0161njeg predsjednika Sjedinjenih Dr\u017eava. Zalagao se za jedinstvenu i suverenu Bosnu i Hercegovinu, ravnopravnu dr\u017eavu svih njezinih gra\u0111ana bez obzira na nacionalnu, vjersku ili bilo kakvu drugu pripadnost.<\/p>\n\n\n\n<p>U Sjedinjenim Ameri\u010dkim Dr\u017eavama je objavio memoarsku knjigu &#8220;As Long As Sarajevo Exists&#8221;\/&#8221;Sve dok Sarajevo postoji&#8221; (Pamphleteer\u2019s Press, 1997.) i &#8220;Prime Time Crime: Balkan Media in War and Peace&#8221; (US Institute of Peace Press, 2003.). Ova knjiga je objavljena i u Sarajevu i Beogradu pod naslovom: &#8220;Zlo\u010din u 19:30 &#8211; Balkanski mediji u ratu i miru&#8221; (Media Centar &#8211; Sarajevo, 2003., i Dan Graf &#8211; Beograd, 2004.).<\/p>\n\n\n\n<p>U Sarajevu su tiskane jo\u0161 dvije njegove knjige: &#8220;Bijela ku\u0107a&#8221; (Oslobo\u0111enje, 1984.) i &#8220;Pisma iz rata&#8221; (Ideje, 1992.). Objavljivao je komentare u najve\u0107im svjetskim listovima uklju\u010duju\u0107i The New York Times, The Washington Post, The Los Angeles Times, International Herald Tribune, Die Zeit, Dagens nyheter, Politiken i druge. U Americi je radio i kao vode\u0107i urednik lanca tjednih listova The Connection, gdje je obu\u010davao i inspirirao mnogobrojne mlade novinare i dobio mno\u0161tvo nagrada izdava\u010da novina dr\u017eave Virginia, uklju\u010duju\u0107i i nagrade za najbolje redakcijske strane.<\/p>\n\n\n\n<p>Od ljeta 2001. do ljeta 2006. radio je u me\u0111unarodnoj diplomaciji, najprije kao predstavnik za tisak agencije Ujedinjenih naroda za borbu protiv droge i organiziranog kriminala u Be\u010du, a zatim kao predstavnik te agencije za karipsku regiju sa sjedi\u0161tem na Barbadosu, odgovoran za 29 dr\u017eava i teritorija, podsje\u0107a Media.ba, a prenosi <strong><a href=\"https:\/\/www.klix.ba\/vijesti\/bih\/preminuo-velikan-bh-novinarstva-kemal-kurspahic\/210917174\">Klix.ba<\/a><\/strong>.<\/p>\n\n\n\n<p>Bio je o\u017eenjen <strong>Vesnom Kurspahi\u0107, <\/strong>a iza sebe je ostavio dvojicu sinova, <strong>Tarika<\/strong> i <strong>Mirzu<\/strong>, kao i \u010detvero unu\u010dadi.<\/p>\n\n\n\n<p>Izvor:jutarnji.hr<\/p>\n","protected":false},"excerpt":{"rendered":"<p>Od posljedica mo\u017edanog udara, kojeg je zadobio nakon lak\u0161eg kirur\u0161kog zahvata, u okru\u017eenju najmilijih preminuo je Kemal Kurspahi\u0107, velikan bosanskohercegova\u010dkog novinarstva. Potvrdila je to njegova obitelj, priop\u0107eno je iz Media centra. Kemal Kurspahi\u0107 bio je glavni urednik bosanskohercegova\u010dkog dnevnika Oslobo\u0111enje od 1988. do 1994. godine. Oslobo\u0111enje je u prvoj godini njegova mandata progla\u0161eno za List [&hellip;]<\/p>\n","protected":false},"author":2,"featured_media":65064,"comment_status":"closed","ping_status":"closed","sticky":false,"template":"","format":"standard","meta":{"h5ap_radio_sources":[],"footnotes":""},"categories":[1],"tags":[],"class_list":["post-65062","post","type-post","status-publish","format-standard","has-post-thumbnail","hentry","category-bihiregija"],"yoast_head":"<!-- This site is optimized with the Yoast SEO plugin v27.5 - https:\/\/yoast.com\/product\/yoast-seo-wordpress\/ -->\n<title>Preminuo velikan bh. novinarstva: Oslobo\u0111enje je ure\u0111ivao iz skloni\u0161ta na prvoj liniji obrane Sarajeva - RADIO LJUBU\u0160KI<\/title>\n<meta name=\"robots\" content=\"index, follow, max-snippet:-1, max-image-preview:large, max-video-preview:-1\" \/>\n<link rel=\"canonical\" href=\"https:\/\/radioljubuski.ba\/index.php\/2021\/09\/18\/preminuo-velikan-bh-novinarstva-oslobodenje-je-uredivao-iz-sklonista-na-prvoj-liniji-obrane-sarajeva\/\" \/>\n<meta property=\"og:locale\" content=\"hr_HR\" \/>\n<meta property=\"og:type\" content=\"article\" \/>\n<meta property=\"og:title\" content=\"Preminuo velikan bh. novinarstva: Oslobo\u0111enje je ure\u0111ivao iz skloni\u0161ta na prvoj liniji obrane Sarajeva - RADIO LJUBU\u0160KI\" \/>\n<meta property=\"og:description\" content=\"Od posljedica mo\u017edanog udara, kojeg je zadobio nakon lak\u0161eg kirur\u0161kog zahvata, u okru\u017eenju najmilijih preminuo je Kemal Kurspahi\u0107, velikan bosanskohercegova\u010dkog novinarstva. Potvrdila je to njegova obitelj, priop\u0107eno je iz Media centra. Kemal Kurspahi\u0107 bio je glavni urednik bosanskohercegova\u010dkog dnevnika Oslobo\u0111enje od 1988. do 1994. godine. Oslobo\u0111enje je u prvoj godini njegova mandata progla\u0161eno za List [&hellip;]\" \/>\n<meta property=\"og:url\" content=\"https:\/\/radioljubuski.ba\/index.php\/2021\/09\/18\/preminuo-velikan-bh-novinarstva-oslobodenje-je-uredivao-iz-sklonista-na-prvoj-liniji-obrane-sarajeva\/\" \/>\n<meta property=\"og:site_name\" content=\"RADIO LJUBU\u0160KI\" \/>\n<meta property=\"article:publisher\" content=\"https:\/\/www.facebook.com\/Radiio-Ljubuski-1490835324566332\" \/>\n<meta property=\"article:published_time\" content=\"2021-09-18T07:24:41+00:00\" \/>\n<meta property=\"article:modified_time\" content=\"2021-09-18T07:24:43+00:00\" \/>\n<meta property=\"og:image\" content=\"https:\/\/radioljubuski.ba\/wp-content\/uploads\/2021\/09\/333.png\" \/>\n\t<meta property=\"og:image:width\" content=\"960\" \/>\n\t<meta property=\"og:image:height\" content=\"539\" \/>\n\t<meta property=\"og:image:type\" content=\"image\/png\" \/>\n<meta name=\"author\" content=\"Radio Ljubu\u0161ki\" \/>\n<meta name=\"twitter:card\" content=\"summary_large_image\" \/>\n<meta name=\"twitter:creator\" content=\"@radioljubuski\" \/>\n<meta name=\"twitter:site\" content=\"@radioljubuski\" \/>\n<meta name=\"twitter:label1\" content=\"Napisao\/la\" \/>\n\t<meta name=\"twitter:data1\" content=\"Radio Ljubu\u0161ki\" \/>\n\t<meta name=\"twitter:label2\" content=\"Procijenjeno vrijeme \u010ditanja\" \/>\n\t<meta name=\"twitter:data2\" content=\"3 minute\" \/>\n<script type=\"application\/ld+json\" class=\"yoast-schema-graph\">{\"@context\":\"https:\\\/\\\/schema.org\",\"@graph\":[{\"@type\":\"Article\",\"@id\":\"https:\\\/\\\/radioljubuski.ba\\\/index.php\\\/2021\\\/09\\\/18\\\/preminuo-velikan-bh-novinarstva-oslobodenje-je-uredivao-iz-sklonista-na-prvoj-liniji-obrane-sarajeva\\\/#article\",\"isPartOf\":{\"@id\":\"https:\\\/\\\/radioljubuski.ba\\\/index.php\\\/2021\\\/09\\\/18\\\/preminuo-velikan-bh-novinarstva-oslobodenje-je-uredivao-iz-sklonista-na-prvoj-liniji-obrane-sarajeva\\\/\"},\"author\":{\"name\":\"Radio Ljubu\u0161ki\",\"@id\":\"https:\\\/\\\/radioljubuski.ba\\\/#\\\/schema\\\/person\\\/19fc700381a780f69665d7956c469e3b\"},\"headline\":\"Preminuo velikan bh. novinarstva: Oslobo\u0111enje je ure\u0111ivao iz skloni\u0161ta na prvoj liniji obrane Sarajeva\",\"datePublished\":\"2021-09-18T07:24:41+00:00\",\"dateModified\":\"2021-09-18T07:24:43+00:00\",\"mainEntityOfPage\":{\"@id\":\"https:\\\/\\\/radioljubuski.ba\\\/index.php\\\/2021\\\/09\\\/18\\\/preminuo-velikan-bh-novinarstva-oslobodenje-je-uredivao-iz-sklonista-na-prvoj-liniji-obrane-sarajeva\\\/\"},\"wordCount\":549,\"publisher\":{\"@id\":\"https:\\\/\\\/radioljubuski.ba\\\/#organization\"},\"image\":{\"@id\":\"https:\\\/\\\/radioljubuski.ba\\\/index.php\\\/2021\\\/09\\\/18\\\/preminuo-velikan-bh-novinarstva-oslobodenje-je-uredivao-iz-sklonista-na-prvoj-liniji-obrane-sarajeva\\\/#primaryimage\"},\"thumbnailUrl\":\"https:\\\/\\\/radioljubuski.ba\\\/wp-content\\\/uploads\\\/2021\\\/09\\\/333.png\",\"articleSection\":[\"BIH i regija\"],\"inLanguage\":\"hr\"},{\"@type\":\"WebPage\",\"@id\":\"https:\\\/\\\/radioljubuski.ba\\\/index.php\\\/2021\\\/09\\\/18\\\/preminuo-velikan-bh-novinarstva-oslobodenje-je-uredivao-iz-sklonista-na-prvoj-liniji-obrane-sarajeva\\\/\",\"url\":\"https:\\\/\\\/radioljubuski.ba\\\/index.php\\\/2021\\\/09\\\/18\\\/preminuo-velikan-bh-novinarstva-oslobodenje-je-uredivao-iz-sklonista-na-prvoj-liniji-obrane-sarajeva\\\/\",\"name\":\"Preminuo velikan bh. novinarstva: Oslobo\u0111enje je ure\u0111ivao iz skloni\u0161ta na prvoj liniji obrane Sarajeva - RADIO LJUBU\u0160KI\",\"isPartOf\":{\"@id\":\"https:\\\/\\\/radioljubuski.ba\\\/#website\"},\"primaryImageOfPage\":{\"@id\":\"https:\\\/\\\/radioljubuski.ba\\\/index.php\\\/2021\\\/09\\\/18\\\/preminuo-velikan-bh-novinarstva-oslobodenje-je-uredivao-iz-sklonista-na-prvoj-liniji-obrane-sarajeva\\\/#primaryimage\"},\"image\":{\"@id\":\"https:\\\/\\\/radioljubuski.ba\\\/index.php\\\/2021\\\/09\\\/18\\\/preminuo-velikan-bh-novinarstva-oslobodenje-je-uredivao-iz-sklonista-na-prvoj-liniji-obrane-sarajeva\\\/#primaryimage\"},\"thumbnailUrl\":\"https:\\\/\\\/radioljubuski.ba\\\/wp-content\\\/uploads\\\/2021\\\/09\\\/333.png\",\"datePublished\":\"2021-09-18T07:24:41+00:00\",\"dateModified\":\"2021-09-18T07:24:43+00:00\",\"breadcrumb\":{\"@id\":\"https:\\\/\\\/radioljubuski.ba\\\/index.php\\\/2021\\\/09\\\/18\\\/preminuo-velikan-bh-novinarstva-oslobodenje-je-uredivao-iz-sklonista-na-prvoj-liniji-obrane-sarajeva\\\/#breadcrumb\"},\"inLanguage\":\"hr\",\"potentialAction\":[{\"@type\":\"ReadAction\",\"target\":[\"https:\\\/\\\/radioljubuski.ba\\\/index.php\\\/2021\\\/09\\\/18\\\/preminuo-velikan-bh-novinarstva-oslobodenje-je-uredivao-iz-sklonista-na-prvoj-liniji-obrane-sarajeva\\\/\"]}]},{\"@type\":\"ImageObject\",\"inLanguage\":\"hr\",\"@id\":\"https:\\\/\\\/radioljubuski.ba\\\/index.php\\\/2021\\\/09\\\/18\\\/preminuo-velikan-bh-novinarstva-oslobodenje-je-uredivao-iz-sklonista-na-prvoj-liniji-obrane-sarajeva\\\/#primaryimage\",\"url\":\"https:\\\/\\\/radioljubuski.ba\\\/wp-content\\\/uploads\\\/2021\\\/09\\\/333.png\",\"contentUrl\":\"https:\\\/\\\/radioljubuski.ba\\\/wp-content\\\/uploads\\\/2021\\\/09\\\/333.png\",\"width\":960,\"height\":539},{\"@type\":\"BreadcrumbList\",\"@id\":\"https:\\\/\\\/radioljubuski.ba\\\/index.php\\\/2021\\\/09\\\/18\\\/preminuo-velikan-bh-novinarstva-oslobodenje-je-uredivao-iz-sklonista-na-prvoj-liniji-obrane-sarajeva\\\/#breadcrumb\",\"itemListElement\":[{\"@type\":\"ListItem\",\"position\":1,\"name\":\"Po\u010detna stranica\",\"item\":\"https:\\\/\\\/radioljubuski.ba\\\/\"},{\"@type\":\"ListItem\",\"position\":2,\"name\":\"Preminuo velikan bh. novinarstva: Oslobo\u0111enje je ure\u0111ivao iz skloni\u0161ta na prvoj liniji obrane Sarajeva\"}]},{\"@type\":\"WebSite\",\"@id\":\"https:\\\/\\\/radioljubuski.ba\\\/#website\",\"url\":\"https:\\\/\\\/radioljubuski.ba\\\/\",\"name\":\"Radio Ljubu\u0161ki\",\"description\":\"Sun\u010dana frekvencija Hercegovine\",\"publisher\":{\"@id\":\"https:\\\/\\\/radioljubuski.ba\\\/#organization\"},\"potentialAction\":[{\"@type\":\"SearchAction\",\"target\":{\"@type\":\"EntryPoint\",\"urlTemplate\":\"https:\\\/\\\/radioljubuski.ba\\\/?s={search_term_string}\"},\"query-input\":{\"@type\":\"PropertyValueSpecification\",\"valueRequired\":true,\"valueName\":\"search_term_string\"}}],\"inLanguage\":\"hr\"},{\"@type\":\"Organization\",\"@id\":\"https:\\\/\\\/radioljubuski.ba\\\/#organization\",\"name\":\"Radio Ljubu\u0161ki\",\"url\":\"https:\\\/\\\/radioljubuski.ba\\\/\",\"logo\":{\"@type\":\"ImageObject\",\"inLanguage\":\"hr\",\"@id\":\"https:\\\/\\\/radioljubuski.ba\\\/#\\\/schema\\\/logo\\\/image\\\/\",\"url\":\"https:\\\/\\\/radioljubuski.ba\\\/wp-content\\\/uploads\\\/2021\\\/02\\\/cropped-Radio_Ljubuski_logo1.jpg\",\"contentUrl\":\"https:\\\/\\\/radioljubuski.ba\\\/wp-content\\\/uploads\\\/2021\\\/02\\\/cropped-Radio_Ljubuski_logo1.jpg\",\"width\":512,\"height\":512,\"caption\":\"Radio Ljubu\u0161ki\"},\"image\":{\"@id\":\"https:\\\/\\\/radioljubuski.ba\\\/#\\\/schema\\\/logo\\\/image\\\/\"},\"sameAs\":[\"https:\\\/\\\/www.facebook.com\\\/Radiio-Ljubuski-1490835324566332\",\"https:\\\/\\\/x.com\\\/radioljubuski\",\"https:\\\/\\\/hr.linkedin.com\\\/company\\\/radio-ljubuski\",\"https:\\\/\\\/www.youtube.com\\\/channel\\\/UCHYaeO_n0Db3tjNGudGpXyw\"]},{\"@type\":\"Person\",\"@id\":\"https:\\\/\\\/radioljubuski.ba\\\/#\\\/schema\\\/person\\\/19fc700381a780f69665d7956c469e3b\",\"name\":\"Radio Ljubu\u0161ki\"}]}<\/script>\n<!-- \/ Yoast SEO plugin. -->","yoast_head_json":{"title":"Preminuo velikan bh. novinarstva: Oslobo\u0111enje je ure\u0111ivao iz skloni\u0161ta na prvoj liniji obrane Sarajeva - RADIO LJUBU\u0160KI","robots":{"index":"index","follow":"follow","max-snippet":"max-snippet:-1","max-image-preview":"max-image-preview:large","max-video-preview":"max-video-preview:-1"},"canonical":"https:\/\/radioljubuski.ba\/index.php\/2021\/09\/18\/preminuo-velikan-bh-novinarstva-oslobodenje-je-uredivao-iz-sklonista-na-prvoj-liniji-obrane-sarajeva\/","og_locale":"hr_HR","og_type":"article","og_title":"Preminuo velikan bh. novinarstva: Oslobo\u0111enje je ure\u0111ivao iz skloni\u0161ta na prvoj liniji obrane Sarajeva - RADIO LJUBU\u0160KI","og_description":"Od posljedica mo\u017edanog udara, kojeg je zadobio nakon lak\u0161eg kirur\u0161kog zahvata, u okru\u017eenju najmilijih preminuo je Kemal Kurspahi\u0107, velikan bosanskohercegova\u010dkog novinarstva. Potvrdila je to njegova obitelj, priop\u0107eno je iz Media centra. Kemal Kurspahi\u0107 bio je glavni urednik bosanskohercegova\u010dkog dnevnika Oslobo\u0111enje od 1988. do 1994. godine. Oslobo\u0111enje je u prvoj godini njegova mandata progla\u0161eno za List [&hellip;]","og_url":"https:\/\/radioljubuski.ba\/index.php\/2021\/09\/18\/preminuo-velikan-bh-novinarstva-oslobodenje-je-uredivao-iz-sklonista-na-prvoj-liniji-obrane-sarajeva\/","og_site_name":"RADIO LJUBU\u0160KI","article_publisher":"https:\/\/www.facebook.com\/Radiio-Ljubuski-1490835324566332","article_published_time":"2021-09-18T07:24:41+00:00","article_modified_time":"2021-09-18T07:24:43+00:00","og_image":[{"width":960,"height":539,"url":"https:\/\/radioljubuski.ba\/wp-content\/uploads\/2021\/09\/333.png","type":"image\/png"}],"author":"Radio Ljubu\u0161ki","twitter_card":"summary_large_image","twitter_creator":"@radioljubuski","twitter_site":"@radioljubuski","twitter_misc":{"Napisao\/la":"Radio Ljubu\u0161ki","Procijenjeno vrijeme \u010ditanja":"3 minute"},"schema":{"@context":"https:\/\/schema.org","@graph":[{"@type":"Article","@id":"https:\/\/radioljubuski.ba\/index.php\/2021\/09\/18\/preminuo-velikan-bh-novinarstva-oslobodenje-je-uredivao-iz-sklonista-na-prvoj-liniji-obrane-sarajeva\/#article","isPartOf":{"@id":"https:\/\/radioljubuski.ba\/index.php\/2021\/09\/18\/preminuo-velikan-bh-novinarstva-oslobodenje-je-uredivao-iz-sklonista-na-prvoj-liniji-obrane-sarajeva\/"},"author":{"name":"Radio Ljubu\u0161ki","@id":"https:\/\/radioljubuski.ba\/#\/schema\/person\/19fc700381a780f69665d7956c469e3b"},"headline":"Preminuo velikan bh. novinarstva: Oslobo\u0111enje je ure\u0111ivao iz skloni\u0161ta na prvoj liniji obrane Sarajeva","datePublished":"2021-09-18T07:24:41+00:00","dateModified":"2021-09-18T07:24:43+00:00","mainEntityOfPage":{"@id":"https:\/\/radioljubuski.ba\/index.php\/2021\/09\/18\/preminuo-velikan-bh-novinarstva-oslobodenje-je-uredivao-iz-sklonista-na-prvoj-liniji-obrane-sarajeva\/"},"wordCount":549,"publisher":{"@id":"https:\/\/radioljubuski.ba\/#organization"},"image":{"@id":"https:\/\/radioljubuski.ba\/index.php\/2021\/09\/18\/preminuo-velikan-bh-novinarstva-oslobodenje-je-uredivao-iz-sklonista-na-prvoj-liniji-obrane-sarajeva\/#primaryimage"},"thumbnailUrl":"https:\/\/radioljubuski.ba\/wp-content\/uploads\/2021\/09\/333.png","articleSection":["BIH i regija"],"inLanguage":"hr"},{"@type":"WebPage","@id":"https:\/\/radioljubuski.ba\/index.php\/2021\/09\/18\/preminuo-velikan-bh-novinarstva-oslobodenje-je-uredivao-iz-sklonista-na-prvoj-liniji-obrane-sarajeva\/","url":"https:\/\/radioljubuski.ba\/index.php\/2021\/09\/18\/preminuo-velikan-bh-novinarstva-oslobodenje-je-uredivao-iz-sklonista-na-prvoj-liniji-obrane-sarajeva\/","name":"Preminuo velikan bh. novinarstva: Oslobo\u0111enje je ure\u0111ivao iz skloni\u0161ta na prvoj liniji obrane Sarajeva - RADIO LJUBU\u0160KI","isPartOf":{"@id":"https:\/\/radioljubuski.ba\/#website"},"primaryImageOfPage":{"@id":"https:\/\/radioljubuski.ba\/index.php\/2021\/09\/18\/preminuo-velikan-bh-novinarstva-oslobodenje-je-uredivao-iz-sklonista-na-prvoj-liniji-obrane-sarajeva\/#primaryimage"},"image":{"@id":"https:\/\/radioljubuski.ba\/index.php\/2021\/09\/18\/preminuo-velikan-bh-novinarstva-oslobodenje-je-uredivao-iz-sklonista-na-prvoj-liniji-obrane-sarajeva\/#primaryimage"},"thumbnailUrl":"https:\/\/radioljubuski.ba\/wp-content\/uploads\/2021\/09\/333.png","datePublished":"2021-09-18T07:24:41+00:00","dateModified":"2021-09-18T07:24:43+00:00","breadcrumb":{"@id":"https:\/\/radioljubuski.ba\/index.php\/2021\/09\/18\/preminuo-velikan-bh-novinarstva-oslobodenje-je-uredivao-iz-sklonista-na-prvoj-liniji-obrane-sarajeva\/#breadcrumb"},"inLanguage":"hr","potentialAction":[{"@type":"ReadAction","target":["https:\/\/radioljubuski.ba\/index.php\/2021\/09\/18\/preminuo-velikan-bh-novinarstva-oslobodenje-je-uredivao-iz-sklonista-na-prvoj-liniji-obrane-sarajeva\/"]}]},{"@type":"ImageObject","inLanguage":"hr","@id":"https:\/\/radioljubuski.ba\/index.php\/2021\/09\/18\/preminuo-velikan-bh-novinarstva-oslobodenje-je-uredivao-iz-sklonista-na-prvoj-liniji-obrane-sarajeva\/#primaryimage","url":"https:\/\/radioljubuski.ba\/wp-content\/uploads\/2021\/09\/333.png","contentUrl":"https:\/\/radioljubuski.ba\/wp-content\/uploads\/2021\/09\/333.png","width":960,"height":539},{"@type":"BreadcrumbList","@id":"https:\/\/radioljubuski.ba\/index.php\/2021\/09\/18\/preminuo-velikan-bh-novinarstva-oslobodenje-je-uredivao-iz-sklonista-na-prvoj-liniji-obrane-sarajeva\/#breadcrumb","itemListElement":[{"@type":"ListItem","position":1,"name":"Po\u010detna stranica","item":"https:\/\/radioljubuski.ba\/"},{"@type":"ListItem","position":2,"name":"Preminuo velikan bh. novinarstva: Oslobo\u0111enje je ure\u0111ivao iz skloni\u0161ta na prvoj liniji obrane Sarajeva"}]},{"@type":"WebSite","@id":"https:\/\/radioljubuski.ba\/#website","url":"https:\/\/radioljubuski.ba\/","name":"Radio Ljubu\u0161ki","description":"Sun\u010dana frekvencija Hercegovine","publisher":{"@id":"https:\/\/radioljubuski.ba\/#organization"},"potentialAction":[{"@type":"SearchAction","target":{"@type":"EntryPoint","urlTemplate":"https:\/\/radioljubuski.ba\/?s={search_term_string}"},"query-input":{"@type":"PropertyValueSpecification","valueRequired":true,"valueName":"search_term_string"}}],"inLanguage":"hr"},{"@type":"Organization","@id":"https:\/\/radioljubuski.ba\/#organization","name":"Radio Ljubu\u0161ki","url":"https:\/\/radioljubuski.ba\/","logo":{"@type":"ImageObject","inLanguage":"hr","@id":"https:\/\/radioljubuski.ba\/#\/schema\/logo\/image\/","url":"https:\/\/radioljubuski.ba\/wp-content\/uploads\/2021\/02\/cropped-Radio_Ljubuski_logo1.jpg","contentUrl":"https:\/\/radioljubuski.ba\/wp-content\/uploads\/2021\/02\/cropped-Radio_Ljubuski_logo1.jpg","width":512,"height":512,"caption":"Radio Ljubu\u0161ki"},"image":{"@id":"https:\/\/radioljubuski.ba\/#\/schema\/logo\/image\/"},"sameAs":["https:\/\/www.facebook.com\/Radiio-Ljubuski-1490835324566332","https:\/\/x.com\/radioljubuski","https:\/\/hr.linkedin.com\/company\/radio-ljubuski","https:\/\/www.youtube.com\/channel\/UCHYaeO_n0Db3tjNGudGpXyw"]},{"@type":"Person","@id":"https:\/\/radioljubuski.ba\/#\/schema\/person\/19fc700381a780f69665d7956c469e3b","name":"Radio Ljubu\u0161ki"}]}},"_links":{"self":[{"href":"https:\/\/radioljubuski.ba\/index.php\/wp-json\/wp\/v2\/posts\/65062","targetHints":{"allow":["GET"]}}],"collection":[{"href":"https:\/\/radioljubuski.ba\/index.php\/wp-json\/wp\/v2\/posts"}],"about":[{"href":"https:\/\/radioljubuski.ba\/index.php\/wp-json\/wp\/v2\/types\/post"}],"author":[{"embeddable":true,"href":"https:\/\/radioljubuski.ba\/index.php\/wp-json\/wp\/v2\/users\/2"}],"replies":[{"embeddable":true,"href":"https:\/\/radioljubuski.ba\/index.php\/wp-json\/wp\/v2\/comments?post=65062"}],"version-history":[{"count":1,"href":"https:\/\/radioljubuski.ba\/index.php\/wp-json\/wp\/v2\/posts\/65062\/revisions"}],"predecessor-version":[{"id":65065,"href":"https:\/\/radioljubuski.ba\/index.php\/wp-json\/wp\/v2\/posts\/65062\/revisions\/65065"}],"wp:featuredmedia":[{"embeddable":true,"href":"https:\/\/radioljubuski.ba\/index.php\/wp-json\/wp\/v2\/media\/65064"}],"wp:attachment":[{"href":"https:\/\/radioljubuski.ba\/index.php\/wp-json\/wp\/v2\/media?parent=65062"}],"wp:term":[{"taxonomy":"category","embeddable":true,"href":"https:\/\/radioljubuski.ba\/index.php\/wp-json\/wp\/v2\/categories?post=65062"},{"taxonomy":"post_tag","embeddable":true,"href":"https:\/\/radioljubuski.ba\/index.php\/wp-json\/wp\/v2\/tags?post=65062"}],"curies":[{"name":"wp","href":"https:\/\/api.w.org\/{rel}","templated":true}]}}