{"id":65063,"date":"2021-09-18T08:24:45","date_gmt":"2021-09-18T07:24:45","guid":{"rendered":"https:\/\/radioljubuski.ba\/?p=65063"},"modified":"2021-09-18T08:26:37","modified_gmt":"2021-09-18T07:26:37","slug":"rezultati-natjecaja-za-prijem-brucosa-u-studentski-centar-mostar","status":"publish","type":"post","link":"https:\/\/radioljubuski.ba\/index.php\/2021\/09\/18\/rezultati-natjecaja-za-prijem-brucosa-u-studentski-centar-mostar\/","title":{"rendered":"Rezultati natje\u010daja za prijem bruco\u0161a u Studentski centar Mostar"},"content":{"rendered":"\n<p><strong>Objavljeni su rezultati Natje\u010daja za prijem bruco\u0161a za smje\u0161taj u Studentski centar Sveu\u010dili\u0161ta u Mostaru za akademsku 2021.\/22. godinu.<\/strong><\/p>\n\n\n\n<p>Studentski centar Mostar i dalje dr\u017ei poziciju najboljeg u dr\u017eavi i jednog od najboljih u regiji. Niti problemi sa pandemijom koronavirusa nisu poremetili normalan rad ove institucije.<\/p>\n\n\n\n<p><strong>Od listopada \u0107e biti klimatizirane sve studentske sobe.<\/strong> Studentski centar Sveu\u010dili\u0161ta u Mostaru putem ovog natje\u010daja&nbsp; prima&nbsp; prvih 120 studenata s ove rang liste. \u017dalbe na rang listu podnose se pismeno Komisiji za \u017ealbe najkasnije 7 dana od objave liste. <\/p>\n\n\n\n<p>Poslije ovog roka \u017ealbe se ne\u0107e razmatrati.<br><\/p>\n\n\n\n<p><strong>Useljenje u Studentski centar s ove rang liste vr\u0161it \u0107e se od 28.09.2021-15.10.2021.g.<\/strong><br><br>Istekom ovog roka student gubi pravo na smje\u0161taj u teku\u0107oj akademskoj godini ukoliko nije odgodio useljenje.<br><br>Odgoda useljenja vr\u0161i se u upravi Studentskog centra.<br><br>Student u Studentski centar mo\u017ee useliti samo osobno, a prilikom useljenja du\u017ean je prilo\u017eiti sljede\u0107e:&nbsp;<\/p>\n\n\n\n<p>1 Lije\u010dni\u010dko uvjerenje (sposoban za kolektivni smje\u0161taj)<\/p>\n\n\n\n<p>2 Uplatiti upisninu<\/p>\n\n\n\n<p>3 Uplatiti stanarinu za teku\u0107i mjesec&nbsp;<\/p>\n\n\n\n<p><strong>Rezultate Natje\u010daja mo\u017eete vidjeti u&nbsp;prilo\u017eenom dokumentu.&nbsp;<\/strong><\/p>\n\n\n\n<p><\/p>\n\n\n\n<iframe src=\"https:\/\/www.docdroid.net\/E9Q3vyh\/rezultati-natjecaja-brucosi-2021-pdf\" style=\"width: 100%; height: 10000px;\"><\/iframe>\n\n\n\n<p><strong>Izvor: Pogled.ba<\/strong><\/p>\n","protected":false},"excerpt":{"rendered":"<p>Objavljeni su rezultati Natje\u010daja za prijem bruco\u0161a za smje\u0161taj u Studentski centar Sveu\u010dili\u0161ta u Mostaru za akademsku 2021.\/22. godinu. Studentski centar Mostar i dalje dr\u017ei poziciju najboljeg u dr\u017eavi i jednog od najboljih u regiji. Niti problemi sa pandemijom koronavirusa nisu poremetili normalan rad ove institucije. Od listopada \u0107e biti klimatizirane sve studentske sobe. Studentski [&hellip;]<\/p>\n","protected":false},"author":2,"featured_media":30902,"comment_status":"closed","ping_status":"closed","sticky":false,"template":"","format":"standard","meta":{"h5ap_radio_sources":[],"footnotes":""},"categories":[1],"tags":[],"class_list":["post-65063","post","type-post","status-publish","format-standard","has-post-thumbnail","hentry","category-bihiregija"],"yoast_head":"<!-- This site is optimized with the Yoast SEO plugin v27.5 - https:\/\/yoast.com\/product\/yoast-seo-wordpress\/ -->\n<title>Rezultati natje\u010daja za prijem bruco\u0161a u Studentski centar Mostar - RADIO LJUBU\u0160KI<\/title>\n<meta name=\"robots\" content=\"index, follow, max-snippet:-1, max-image-preview:large, max-video-preview:-1\" \/>\n<link rel=\"canonical\" href=\"https:\/\/radioljubuski.ba\/index.php\/2021\/09\/18\/rezultati-natjecaja-za-prijem-brucosa-u-studentski-centar-mostar\/\" \/>\n<meta property=\"og:locale\" content=\"hr_HR\" \/>\n<meta property=\"og:type\" content=\"article\" \/>\n<meta property=\"og:title\" content=\"Rezultati natje\u010daja za prijem bruco\u0161a u Studentski centar Mostar - RADIO LJUBU\u0160KI\" \/>\n<meta property=\"og:description\" content=\"Objavljeni su rezultati Natje\u010daja za prijem bruco\u0161a za smje\u0161taj u Studentski centar Sveu\u010dili\u0161ta u Mostaru za akademsku 2021.\/22. godinu. Studentski centar Mostar i dalje dr\u017ei poziciju najboljeg u dr\u017eavi i jednog od najboljih u regiji. Niti problemi sa pandemijom koronavirusa nisu poremetili normalan rad ove institucije. Od listopada \u0107e biti klimatizirane sve studentske sobe. Studentski [&hellip;]\" \/>\n<meta property=\"og:url\" content=\"https:\/\/radioljubuski.ba\/index.php\/2021\/09\/18\/rezultati-natjecaja-za-prijem-brucosa-u-studentski-centar-mostar\/\" \/>\n<meta property=\"og:site_name\" content=\"RADIO LJUBU\u0160KI\" \/>\n<meta property=\"article:publisher\" content=\"https:\/\/www.facebook.com\/Radiio-Ljubuski-1490835324566332\" \/>\n<meta property=\"article:published_time\" content=\"2021-09-18T07:24:45+00:00\" \/>\n<meta property=\"article:modified_time\" content=\"2021-09-18T07:26:37+00:00\" \/>\n<meta property=\"og:image\" content=\"https:\/\/radioljubuski.ba\/wp-content\/uploads\/2021\/06\/ZGBJVnib_scm.jpg\" \/>\n\t<meta property=\"og:image:width\" content=\"1000\" \/>\n\t<meta property=\"og:image:height\" content=\"625\" \/>\n\t<meta property=\"og:image:type\" content=\"image\/jpeg\" \/>\n<meta name=\"author\" content=\"Radio Ljubu\u0161ki\" \/>\n<meta name=\"twitter:card\" content=\"summary_large_image\" \/>\n<meta name=\"twitter:creator\" content=\"@radioljubuski\" \/>\n<meta name=\"twitter:site\" content=\"@radioljubuski\" \/>\n<meta name=\"twitter:label1\" content=\"Napisao\/la\" \/>\n\t<meta name=\"twitter:data1\" content=\"Radio Ljubu\u0161ki\" \/>\n\t<meta name=\"twitter:label2\" content=\"Procijenjeno vrijeme \u010ditanja\" \/>\n\t<meta name=\"twitter:data2\" content=\"1 minuta\" \/>\n<script type=\"application\/ld+json\" class=\"yoast-schema-graph\">{\"@context\":\"https:\\\/\\\/schema.org\",\"@graph\":[{\"@type\":\"Article\",\"@id\":\"https:\\\/\\\/radioljubuski.ba\\\/index.php\\\/2021\\\/09\\\/18\\\/rezultati-natjecaja-za-prijem-brucosa-u-studentski-centar-mostar\\\/#article\",\"isPartOf\":{\"@id\":\"https:\\\/\\\/radioljubuski.ba\\\/index.php\\\/2021\\\/09\\\/18\\\/rezultati-natjecaja-za-prijem-brucosa-u-studentski-centar-mostar\\\/\"},\"author\":{\"name\":\"Radio Ljubu\u0161ki\",\"@id\":\"https:\\\/\\\/radioljubuski.ba\\\/#\\\/schema\\\/person\\\/19fc700381a780f69665d7956c469e3b\"},\"headline\":\"Rezultati natje\u010daja za prijem bruco\u0161a u Studentski centar Mostar\",\"datePublished\":\"2021-09-18T07:24:45+00:00\",\"dateModified\":\"2021-09-18T07:26:37+00:00\",\"mainEntityOfPage\":{\"@id\":\"https:\\\/\\\/radioljubuski.ba\\\/index.php\\\/2021\\\/09\\\/18\\\/rezultati-natjecaja-za-prijem-brucosa-u-studentski-centar-mostar\\\/\"},\"wordCount\":209,\"publisher\":{\"@id\":\"https:\\\/\\\/radioljubuski.ba\\\/#organization\"},\"image\":{\"@id\":\"https:\\\/\\\/radioljubuski.ba\\\/index.php\\\/2021\\\/09\\\/18\\\/rezultati-natjecaja-za-prijem-brucosa-u-studentski-centar-mostar\\\/#primaryimage\"},\"thumbnailUrl\":\"https:\\\/\\\/radioljubuski.ba\\\/wp-content\\\/uploads\\\/2021\\\/06\\\/ZGBJVnib_scm.jpg\",\"articleSection\":[\"BIH i regija\"],\"inLanguage\":\"hr\"},{\"@type\":\"WebPage\",\"@id\":\"https:\\\/\\\/radioljubuski.ba\\\/index.php\\\/2021\\\/09\\\/18\\\/rezultati-natjecaja-za-prijem-brucosa-u-studentski-centar-mostar\\\/\",\"url\":\"https:\\\/\\\/radioljubuski.ba\\\/index.php\\\/2021\\\/09\\\/18\\\/rezultati-natjecaja-za-prijem-brucosa-u-studentski-centar-mostar\\\/\",\"name\":\"Rezultati natje\u010daja za prijem bruco\u0161a u Studentski centar Mostar - RADIO LJUBU\u0160KI\",\"isPartOf\":{\"@id\":\"https:\\\/\\\/radioljubuski.ba\\\/#website\"},\"primaryImageOfPage\":{\"@id\":\"https:\\\/\\\/radioljubuski.ba\\\/index.php\\\/2021\\\/09\\\/18\\\/rezultati-natjecaja-za-prijem-brucosa-u-studentski-centar-mostar\\\/#primaryimage\"},\"image\":{\"@id\":\"https:\\\/\\\/radioljubuski.ba\\\/index.php\\\/2021\\\/09\\\/18\\\/rezultati-natjecaja-za-prijem-brucosa-u-studentski-centar-mostar\\\/#primaryimage\"},\"thumbnailUrl\":\"https:\\\/\\\/radioljubuski.ba\\\/wp-content\\\/uploads\\\/2021\\\/06\\\/ZGBJVnib_scm.jpg\",\"datePublished\":\"2021-09-18T07:24:45+00:00\",\"dateModified\":\"2021-09-18T07:26:37+00:00\",\"breadcrumb\":{\"@id\":\"https:\\\/\\\/radioljubuski.ba\\\/index.php\\\/2021\\\/09\\\/18\\\/rezultati-natjecaja-za-prijem-brucosa-u-studentski-centar-mostar\\\/#breadcrumb\"},\"inLanguage\":\"hr\",\"potentialAction\":[{\"@type\":\"ReadAction\",\"target\":[\"https:\\\/\\\/radioljubuski.ba\\\/index.php\\\/2021\\\/09\\\/18\\\/rezultati-natjecaja-za-prijem-brucosa-u-studentski-centar-mostar\\\/\"]}]},{\"@type\":\"ImageObject\",\"inLanguage\":\"hr\",\"@id\":\"https:\\\/\\\/radioljubuski.ba\\\/index.php\\\/2021\\\/09\\\/18\\\/rezultati-natjecaja-za-prijem-brucosa-u-studentski-centar-mostar\\\/#primaryimage\",\"url\":\"https:\\\/\\\/radioljubuski.ba\\\/wp-content\\\/uploads\\\/2021\\\/06\\\/ZGBJVnib_scm.jpg\",\"contentUrl\":\"https:\\\/\\\/radioljubuski.ba\\\/wp-content\\\/uploads\\\/2021\\\/06\\\/ZGBJVnib_scm.jpg\",\"width\":1000,\"height\":625},{\"@type\":\"BreadcrumbList\",\"@id\":\"https:\\\/\\\/radioljubuski.ba\\\/index.php\\\/2021\\\/09\\\/18\\\/rezultati-natjecaja-za-prijem-brucosa-u-studentski-centar-mostar\\\/#breadcrumb\",\"itemListElement\":[{\"@type\":\"ListItem\",\"position\":1,\"name\":\"Po\u010detna stranica\",\"item\":\"https:\\\/\\\/radioljubuski.ba\\\/\"},{\"@type\":\"ListItem\",\"position\":2,\"name\":\"Rezultati natje\u010daja za prijem bruco\u0161a u Studentski centar Mostar\"}]},{\"@type\":\"WebSite\",\"@id\":\"https:\\\/\\\/radioljubuski.ba\\\/#website\",\"url\":\"https:\\\/\\\/radioljubuski.ba\\\/\",\"name\":\"Radio Ljubu\u0161ki\",\"description\":\"Sun\u010dana frekvencija Hercegovine\",\"publisher\":{\"@id\":\"https:\\\/\\\/radioljubuski.ba\\\/#organization\"},\"potentialAction\":[{\"@type\":\"SearchAction\",\"target\":{\"@type\":\"EntryPoint\",\"urlTemplate\":\"https:\\\/\\\/radioljubuski.ba\\\/?s={search_term_string}\"},\"query-input\":{\"@type\":\"PropertyValueSpecification\",\"valueRequired\":true,\"valueName\":\"search_term_string\"}}],\"inLanguage\":\"hr\"},{\"@type\":\"Organization\",\"@id\":\"https:\\\/\\\/radioljubuski.ba\\\/#organization\",\"name\":\"Radio Ljubu\u0161ki\",\"url\":\"https:\\\/\\\/radioljubuski.ba\\\/\",\"logo\":{\"@type\":\"ImageObject\",\"inLanguage\":\"hr\",\"@id\":\"https:\\\/\\\/radioljubuski.ba\\\/#\\\/schema\\\/logo\\\/image\\\/\",\"url\":\"https:\\\/\\\/radioljubuski.ba\\\/wp-content\\\/uploads\\\/2021\\\/02\\\/cropped-Radio_Ljubuski_logo1.jpg\",\"contentUrl\":\"https:\\\/\\\/radioljubuski.ba\\\/wp-content\\\/uploads\\\/2021\\\/02\\\/cropped-Radio_Ljubuski_logo1.jpg\",\"width\":512,\"height\":512,\"caption\":\"Radio Ljubu\u0161ki\"},\"image\":{\"@id\":\"https:\\\/\\\/radioljubuski.ba\\\/#\\\/schema\\\/logo\\\/image\\\/\"},\"sameAs\":[\"https:\\\/\\\/www.facebook.com\\\/Radiio-Ljubuski-1490835324566332\",\"https:\\\/\\\/x.com\\\/radioljubuski\",\"https:\\\/\\\/hr.linkedin.com\\\/company\\\/radio-ljubuski\",\"https:\\\/\\\/www.youtube.com\\\/channel\\\/UCHYaeO_n0Db3tjNGudGpXyw\"]},{\"@type\":\"Person\",\"@id\":\"https:\\\/\\\/radioljubuski.ba\\\/#\\\/schema\\\/person\\\/19fc700381a780f69665d7956c469e3b\",\"name\":\"Radio Ljubu\u0161ki\"}]}<\/script>\n<!-- \/ Yoast SEO plugin. -->","yoast_head_json":{"title":"Rezultati natje\u010daja za prijem bruco\u0161a u Studentski centar Mostar - RADIO LJUBU\u0160KI","robots":{"index":"index","follow":"follow","max-snippet":"max-snippet:-1","max-image-preview":"max-image-preview:large","max-video-preview":"max-video-preview:-1"},"canonical":"https:\/\/radioljubuski.ba\/index.php\/2021\/09\/18\/rezultati-natjecaja-za-prijem-brucosa-u-studentski-centar-mostar\/","og_locale":"hr_HR","og_type":"article","og_title":"Rezultati natje\u010daja za prijem bruco\u0161a u Studentski centar Mostar - RADIO LJUBU\u0160KI","og_description":"Objavljeni su rezultati Natje\u010daja za prijem bruco\u0161a za smje\u0161taj u Studentski centar Sveu\u010dili\u0161ta u Mostaru za akademsku 2021.\/22. godinu. Studentski centar Mostar i dalje dr\u017ei poziciju najboljeg u dr\u017eavi i jednog od najboljih u regiji. Niti problemi sa pandemijom koronavirusa nisu poremetili normalan rad ove institucije. Od listopada \u0107e biti klimatizirane sve studentske sobe. Studentski [&hellip;]","og_url":"https:\/\/radioljubuski.ba\/index.php\/2021\/09\/18\/rezultati-natjecaja-za-prijem-brucosa-u-studentski-centar-mostar\/","og_site_name":"RADIO LJUBU\u0160KI","article_publisher":"https:\/\/www.facebook.com\/Radiio-Ljubuski-1490835324566332","article_published_time":"2021-09-18T07:24:45+00:00","article_modified_time":"2021-09-18T07:26:37+00:00","og_image":[{"width":1000,"height":625,"url":"https:\/\/radioljubuski.ba\/wp-content\/uploads\/2021\/06\/ZGBJVnib_scm.jpg","type":"image\/jpeg"}],"author":"Radio Ljubu\u0161ki","twitter_card":"summary_large_image","twitter_creator":"@radioljubuski","twitter_site":"@radioljubuski","twitter_misc":{"Napisao\/la":"Radio Ljubu\u0161ki","Procijenjeno vrijeme \u010ditanja":"1 minuta"},"schema":{"@context":"https:\/\/schema.org","@graph":[{"@type":"Article","@id":"https:\/\/radioljubuski.ba\/index.php\/2021\/09\/18\/rezultati-natjecaja-za-prijem-brucosa-u-studentski-centar-mostar\/#article","isPartOf":{"@id":"https:\/\/radioljubuski.ba\/index.php\/2021\/09\/18\/rezultati-natjecaja-za-prijem-brucosa-u-studentski-centar-mostar\/"},"author":{"name":"Radio Ljubu\u0161ki","@id":"https:\/\/radioljubuski.ba\/#\/schema\/person\/19fc700381a780f69665d7956c469e3b"},"headline":"Rezultati natje\u010daja za prijem bruco\u0161a u Studentski centar Mostar","datePublished":"2021-09-18T07:24:45+00:00","dateModified":"2021-09-18T07:26:37+00:00","mainEntityOfPage":{"@id":"https:\/\/radioljubuski.ba\/index.php\/2021\/09\/18\/rezultati-natjecaja-za-prijem-brucosa-u-studentski-centar-mostar\/"},"wordCount":209,"publisher":{"@id":"https:\/\/radioljubuski.ba\/#organization"},"image":{"@id":"https:\/\/radioljubuski.ba\/index.php\/2021\/09\/18\/rezultati-natjecaja-za-prijem-brucosa-u-studentski-centar-mostar\/#primaryimage"},"thumbnailUrl":"https:\/\/radioljubuski.ba\/wp-content\/uploads\/2021\/06\/ZGBJVnib_scm.jpg","articleSection":["BIH i regija"],"inLanguage":"hr"},{"@type":"WebPage","@id":"https:\/\/radioljubuski.ba\/index.php\/2021\/09\/18\/rezultati-natjecaja-za-prijem-brucosa-u-studentski-centar-mostar\/","url":"https:\/\/radioljubuski.ba\/index.php\/2021\/09\/18\/rezultati-natjecaja-za-prijem-brucosa-u-studentski-centar-mostar\/","name":"Rezultati natje\u010daja za prijem bruco\u0161a u Studentski centar Mostar - RADIO LJUBU\u0160KI","isPartOf":{"@id":"https:\/\/radioljubuski.ba\/#website"},"primaryImageOfPage":{"@id":"https:\/\/radioljubuski.ba\/index.php\/2021\/09\/18\/rezultati-natjecaja-za-prijem-brucosa-u-studentski-centar-mostar\/#primaryimage"},"image":{"@id":"https:\/\/radioljubuski.ba\/index.php\/2021\/09\/18\/rezultati-natjecaja-za-prijem-brucosa-u-studentski-centar-mostar\/#primaryimage"},"thumbnailUrl":"https:\/\/radioljubuski.ba\/wp-content\/uploads\/2021\/06\/ZGBJVnib_scm.jpg","datePublished":"2021-09-18T07:24:45+00:00","dateModified":"2021-09-18T07:26:37+00:00","breadcrumb":{"@id":"https:\/\/radioljubuski.ba\/index.php\/2021\/09\/18\/rezultati-natjecaja-za-prijem-brucosa-u-studentski-centar-mostar\/#breadcrumb"},"inLanguage":"hr","potentialAction":[{"@type":"ReadAction","target":["https:\/\/radioljubuski.ba\/index.php\/2021\/09\/18\/rezultati-natjecaja-za-prijem-brucosa-u-studentski-centar-mostar\/"]}]},{"@type":"ImageObject","inLanguage":"hr","@id":"https:\/\/radioljubuski.ba\/index.php\/2021\/09\/18\/rezultati-natjecaja-za-prijem-brucosa-u-studentski-centar-mostar\/#primaryimage","url":"https:\/\/radioljubuski.ba\/wp-content\/uploads\/2021\/06\/ZGBJVnib_scm.jpg","contentUrl":"https:\/\/radioljubuski.ba\/wp-content\/uploads\/2021\/06\/ZGBJVnib_scm.jpg","width":1000,"height":625},{"@type":"BreadcrumbList","@id":"https:\/\/radioljubuski.ba\/index.php\/2021\/09\/18\/rezultati-natjecaja-za-prijem-brucosa-u-studentski-centar-mostar\/#breadcrumb","itemListElement":[{"@type":"ListItem","position":1,"name":"Po\u010detna stranica","item":"https:\/\/radioljubuski.ba\/"},{"@type":"ListItem","position":2,"name":"Rezultati natje\u010daja za prijem bruco\u0161a u Studentski centar Mostar"}]},{"@type":"WebSite","@id":"https:\/\/radioljubuski.ba\/#website","url":"https:\/\/radioljubuski.ba\/","name":"Radio Ljubu\u0161ki","description":"Sun\u010dana frekvencija Hercegovine","publisher":{"@id":"https:\/\/radioljubuski.ba\/#organization"},"potentialAction":[{"@type":"SearchAction","target":{"@type":"EntryPoint","urlTemplate":"https:\/\/radioljubuski.ba\/?s={search_term_string}"},"query-input":{"@type":"PropertyValueSpecification","valueRequired":true,"valueName":"search_term_string"}}],"inLanguage":"hr"},{"@type":"Organization","@id":"https:\/\/radioljubuski.ba\/#organization","name":"Radio Ljubu\u0161ki","url":"https:\/\/radioljubuski.ba\/","logo":{"@type":"ImageObject","inLanguage":"hr","@id":"https:\/\/radioljubuski.ba\/#\/schema\/logo\/image\/","url":"https:\/\/radioljubuski.ba\/wp-content\/uploads\/2021\/02\/cropped-Radio_Ljubuski_logo1.jpg","contentUrl":"https:\/\/radioljubuski.ba\/wp-content\/uploads\/2021\/02\/cropped-Radio_Ljubuski_logo1.jpg","width":512,"height":512,"caption":"Radio Ljubu\u0161ki"},"image":{"@id":"https:\/\/radioljubuski.ba\/#\/schema\/logo\/image\/"},"sameAs":["https:\/\/www.facebook.com\/Radiio-Ljubuski-1490835324566332","https:\/\/x.com\/radioljubuski","https:\/\/hr.linkedin.com\/company\/radio-ljubuski","https:\/\/www.youtube.com\/channel\/UCHYaeO_n0Db3tjNGudGpXyw"]},{"@type":"Person","@id":"https:\/\/radioljubuski.ba\/#\/schema\/person\/19fc700381a780f69665d7956c469e3b","name":"Radio Ljubu\u0161ki"}]}},"_links":{"self":[{"href":"https:\/\/radioljubuski.ba\/index.php\/wp-json\/wp\/v2\/posts\/65063","targetHints":{"allow":["GET"]}}],"collection":[{"href":"https:\/\/radioljubuski.ba\/index.php\/wp-json\/wp\/v2\/posts"}],"about":[{"href":"https:\/\/radioljubuski.ba\/index.php\/wp-json\/wp\/v2\/types\/post"}],"author":[{"embeddable":true,"href":"https:\/\/radioljubuski.ba\/index.php\/wp-json\/wp\/v2\/users\/2"}],"replies":[{"embeddable":true,"href":"https:\/\/radioljubuski.ba\/index.php\/wp-json\/wp\/v2\/comments?post=65063"}],"version-history":[{"count":3,"href":"https:\/\/radioljubuski.ba\/index.php\/wp-json\/wp\/v2\/posts\/65063\/revisions"}],"predecessor-version":[{"id":65070,"href":"https:\/\/radioljubuski.ba\/index.php\/wp-json\/wp\/v2\/posts\/65063\/revisions\/65070"}],"wp:featuredmedia":[{"embeddable":true,"href":"https:\/\/radioljubuski.ba\/index.php\/wp-json\/wp\/v2\/media\/30902"}],"wp:attachment":[{"href":"https:\/\/radioljubuski.ba\/index.php\/wp-json\/wp\/v2\/media?parent=65063"}],"wp:term":[{"taxonomy":"category","embeddable":true,"href":"https:\/\/radioljubuski.ba\/index.php\/wp-json\/wp\/v2\/categories?post=65063"},{"taxonomy":"post_tag","embeddable":true,"href":"https:\/\/radioljubuski.ba\/index.php\/wp-json\/wp\/v2\/tags?post=65063"}],"curies":[{"name":"wp","href":"https:\/\/api.w.org\/{rel}","templated":true}]}}