{"id":65071,"date":"2021-09-18T08:28:11","date_gmt":"2021-09-18T07:28:11","guid":{"rendered":"https:\/\/radioljubuski.ba\/?p=65071"},"modified":"2021-09-18T08:28:12","modified_gmt":"2021-09-18T07:28:12","slug":"18-rujna-1946-uhicenje-nadbiskupa-stepinca-komunisticka-vlast-pokazala-svoje-zlocinacko-lice","status":"publish","type":"post","link":"https:\/\/radioljubuski.ba\/index.php\/2021\/09\/18\/18-rujna-1946-uhicenje-nadbiskupa-stepinca-komunisticka-vlast-pokazala-svoje-zlocinacko-lice\/","title":{"rendered":"18. rujna 1946. uhi\u0107enje nadbiskupa Stepinca \u2013 komunisti\u010dka vlast pokazala svoje zlo\u010dina\u010dko lice"},"content":{"rendered":"\n<p><strong>Bla\u017eeni Alojzije Stepinac, nadbiskup zagreba\u010dki, uhi\u0107en je na dana\u0161nji dan 18. rujna 1946. oko 5 sati i 30 minuta ujutro na podru\u010dju Nadbiskupskog dvora na Kaptolu, u vrijeme kad se pripremao slu\u017eiti Svetu Misu.<\/strong><\/p>\n\n\n\n<p>Tako je komunisti\u010dka vlast pokazala jo\u0161 jednom svoje zlo\u010dina\u010dko lice uhi\u0107enjem biskupa i mirotvorca, pomaga\u010da siroma\u0161nih i nevoljnih, te budu\u0107eg sveca sveop\u0107e Crkve.<\/p>\n\n\n\nhttps:\/\/www.youtube.com\/watch?v=sALIEiSbsUg\n\n\n\n<p><strong>Izjava nadbiskupa Alojzija Stepinca, o\u010ditovana i vlastoru\u010dno potpisana u tijeku istra\u017enog postupka, u Zagrebu, 20. rujna 1946.<\/strong><\/p>\n\n\n\n<p><em>Moje hap\u0161enje i zatvor i istra\u017eni postupak ima pripremiti o\u010digledno materijal za sud protiv mene. Danas je u cijelom kulturnom svijetu omra\u017eeno direktno napadati Crkvu i vjeru. Zato se tamo, gdje se ho\u0107e ne\u0161to poduzeti protiv predstavnika Crkve mora na\u0107i politi\u010dka podloga, \u0161to je protiv mene na\u0111eno u ovoj formi.<\/em><\/p>\n\n\n\n<p><em>Ni po Bo\u017ejem, ni po naravnom, ni po internacionalnom pravu nijedan ispravan sud ne bi me nikada mogao osuditi za ono \u0161to mi se imputira, kad bi pregledao cijelu situaciju u kojoj smo se nalazili.<\/em><\/p>\n\n\n\n<p><em>Moja je krivnja sto posto u tome, \u0161to nisam mogao pokleknuti pred zahtjevima komunizma koji jedini vlada u ovoj zemlji, a za\u0161to nisam mogao re\u0107i amen na sve \u0161to se radilo, evo razloga: nama se govorilo da je zagarantirana sloboda vjeroispovijesti u sada\u0161njem poretku.<\/em><\/p>\n\n\n\n<p><em>Me\u0111utim konstatiram:<\/em><br><em>1) Da je <\/em><strong><em>od po\u010detka Narodno-oslobodila\u010dke borbe pa do sada ubijeno izme\u0111u 260-270 katoli\u010dkih sve\u0107enika<\/em><\/strong><em>, od kojih ogromna ve\u0107ina ne bi nikada&nbsp; bila zvana&nbsp; ni na odgovornost&nbsp; u drugim&nbsp; zemljama, a kamoli ubijena.<\/em><br><em>2) <\/em><strong><em>Ubijeno je kojih desetak \u010dasnih sestara<\/em><\/strong><em>, \u010dega se ne sje\u0107am nikada u povijesti na\u0161e zemlje.<\/em><br><em>3) <\/em><strong><em>Uni\u0161tene su sve katoli\u010dke \u0161kole<\/em><\/strong><em> osim mo\u017eda jedne gimnazije.<\/em><br><em>4) Uni\u0161tene su na\u0161e tiskare.<\/em><br><em>5) Uni\u0161tena&nbsp; je na\u0161a \u0161tampa.<\/em><br><em>6) Oduzeti su brojni katoli\u010dki zavodi.<\/em><br><em>7) Onemogu\u0107ena su na\u0161a siroti\u0161ta pod vodstvom \u010dasnih sestara.<\/em><br><em>8) <\/em><strong><em>Uni\u0161ten je na\u0161 Caritas<\/em><\/strong><em>, valjda zato \u0161to je spasio i hiljade partizanske djece za vrijeme rata.<\/em><br><em>9) Uni\u0161teno je na\u0161e dru\u0161tvo Sv. Jeronim, najja\u010da pu\u010dka kulturna institucija na Balkanu i najomiljenija srcu na\u0161eg puka.<\/em><br><em>10) Stavljena su u najte\u017ee situacije ono par sjemeni\u0161ta \u0161to je ostalo, jer im je oduzeta sva imovina od koje su se uzdr\u017eavala, a zna se da u tim sjemeni\u0161tima bila su \u0161kolovana djeca na\u0161eg siroma\u0161nog puka.<\/em><br><em>11) <\/em><strong><em>Veliki dio crkvene imovine oduzet je nasilno<\/em><\/strong><em> bez ikakvog sporazuma sa katoli\u010dkom crkvom.<\/em><br><em>12) Prakti\u010dki&nbsp; je vrlo ote\u0161\u010dan <\/em><strong><em>vjeronauk<\/em><\/strong><em> u ni\u017eim \u0161kolama, a u vi\u0161im je naprosto izba\u010den, protiv ogromne ve\u0107ine stanovnika na\u0161e zemlje.<\/em><br><em>13) <\/em><strong><em>Uveden je nasilno civilni brak<\/em><\/strong><em> protiv svih tradicija na\u0161eg puka koji s bolnim srcem mora da ide u civilne urede da izvr\u0161i svoju formalnost.<\/em><br><em>14) Ve\u0107 su <\/em><strong><em>iz nekih bolnica izba\u010dene \u010dasne sestre<\/em><\/strong><em> ili im je onemogu\u0107en rad, makar su ih svi bolesnici od srca voljeli i svi savjesni lije\u010dnici duboko cijenili.<\/em><br><em>15) Tu\u017eio mi se jedan biskup da su na njegovu podru\u010dju ve\u0107 otete grade katoli\u010dkih redovnika ili redovnica.<\/em><br><em>16) Tu\u017eio mi se drugi biskup da su mu jo\u0161 danas neke crkve preorene u magazine. Mo\u017eda je ve\u0107 naknadnim protestima uspjelo to o\u010distiti.<\/em><br><em>17) <\/em><strong><em>Nijedan katoli\u010dki sve\u0107enik ili biskup nije siguran<\/em><\/strong><em> ni po danu ni no\u0107i za svoju slobodu, a \u010dak i za svoj \u017eivot, \u0161to sam imao prilike sam iskusiti.<\/em><\/p>\n\n\n\n<p><em>Mogao bih dalje nabrajati, ali sve u svemu sloboda je savjesti samo na velika iluzija i pijesak u o\u010di&nbsp; neupu\u0107enima. Ona&nbsp; je prakti\u010dno jednaka nuli, jer je to samo provizorij dok se mlade\u017e ne odgoji za iste. A to se \u010dini svim sredstvima, tvrde\u0107i u \u0161kolskim knjigama da Krist, koji je za nas Bog, nije nikada uop\u0107e postojao, da je Majka Bo\u017eja, koja je za nas jedan od najsvetijih pojmova, obi\u010dna djevojka s ulice, da ne ka\u017eem bludnica; da je \u010dovjek od majmuna itd., i jao onim nastavnicima koji bi se usudili prigovoriti.<\/em><\/p>\n\n\n\n<p><em>Ja ne\u0107u govoriti o klanjima koja se stalno nama imputiraju, ali bi bilo mnogo toga za ispitati i na drugoj strani, odakle silna grobi\u0161ta \u0161irom cijele na\u0161e domovine i da li su to samo usta\u0161ka klanja ili hrvatskih domobrana. Zato, sve promisliv\u0161i, smatram i odlu\u010dujem, ukoliko budem izveden pred sud:<\/em><\/p>\n\n\n\n<p><em>1) Da se ne\u0107u, osim na\u010delne izjave, nijednom rije\u010dju braniti;<\/em><br><em>2) Da odbijam branitelja na sudu i<\/em><br><em>3) Da ne\u0107u apelirati protiv osude, jer je op\u0107e poznata stvar da sud \u010desto izvodi naloge koje mu dostavi stanovita organizacija.<\/em><\/p>\n\n\n\n<p><em>Kona\u010dno da zavr\u0161im. Ako je dana\u0161njim vlastima iskreno do sre\u0111enja prilika u na\u0161oj zemlji, onda evo jedina puta do toga. Dr\u017eava imade svoje redovite diplomatske odnose sa Sv. Stolicom.<\/em><\/p>\n\n\n\n<p><em>Neka dakle s njom kao s jedinim kompetentnim faktorom povede otvoreno i mu\u0161ki i po\u0161teno pregovore. Sv. Stolica, odnosno katoli\u010dka Crkva, ne pozna diktata, ali pozna po\u0161tene i iskrene sporazume. Bez toga sve drugo ne\u0107e koristiti ni\u0161ta. Mogu biti ja osu\u0111en, \u0161to me malo dira.<\/em><\/p>\n\n\n\n<p><em>Mogu biti osu\u0111eni i drugi biskupi. Mogu biti poubijani jo\u0161 toliki sve\u0107enici ili vjernici, stvari se ne \u0107e popraviti, nego samo pogor\u0161ati i dovesti sasvim sigurno do potpunog rasula. Da ne govorim o bezbrojnim poukama povijesti, ogromna je pouka Hitler kojoj smo \u017eivi svjedoci.<\/em><\/p>\n\n\n\n<p><em>Vi\u0161e od jednog decenija vodio je ne\u010duvenu borbu protiv katoli\u010dke Crkve, i znamo kakav je rezultat: Crkva danas slobodno di\u0161e i radi u Njema\u010dkoj. Zato velim, ako mi ne\u0107ete dati pravo vi u ovome \u0161to navodim, dat \u0107e mi povijest, i kao \u0161to su svi nebrojeni Hitlerovi procesi protiv katoli\u010dke Crkve poslu\u017eili na njezino dobro, tako \u0107e sasvim sigurno u zadnjoj liniji biti i s ovim.<\/em><\/p>\n\n\n\n<p><em>Iza katoli\u010dke Crkve stoji kona\u010dno Krist, njezin ugaoni kamen, o kojem je pisano: \u00bbTko padne na ovaj kamen, razbit \u0107e se, i na koga on padne, smrvit \u0107e ga.\u00ab [134] Ja sam iznio ukratko svoje misli za ispravno rje\u0161enja ovog problema.<\/em><\/p>\n\n\n\n<p><em>[134] Usp. Mt 21, 44.<\/em><\/p>\n\n\n\n<p><em>Izvor: BATELJA, Juraj (prir.) Bla\u017eeni Alojzije Stepinac \u2013 svjedok Evan\u0111elja ljubavi, \u017divotopis, dokumenti i svjedo\u010danstva \u2013 prije, za vrijeme i nakon Drugoga svjetskog rata, Knjiga 3, Dokumenti II, (1944. \u20131998.), Postulatura bla\u017eenog Alojzija Stepinca, Zagreb, 2010., str. 370-372.<\/em><\/p>\n\n\n\n<p>Izvor: <a href=\"http:\/\/stepinac.zg-nadbiskupija.hr\/hr\/stepinac-nam-govori\/poruke-i-okruznice\/1941-1946\/uhicenje-nadbiskupa-stepinca-18-rujna-1946\/2475\">Zagreba\u010dka nadbiskupija<\/a><\/p>\n\n\n\n<p><em>Izvor: narod.hr<\/em><\/p>\n","protected":false},"excerpt":{"rendered":"<p>Bla\u017eeni Alojzije Stepinac, nadbiskup zagreba\u010dki, uhi\u0107en je na dana\u0161nji dan 18. rujna 1946. oko 5 sati i 30 minuta ujutro na podru\u010dju Nadbiskupskog dvora na Kaptolu, u vrijeme kad se pripremao slu\u017eiti Svetu Misu. Tako je komunisti\u010dka vlast pokazala jo\u0161 jednom svoje zlo\u010dina\u010dko lice uhi\u0107enjem biskupa i mirotvorca, pomaga\u010da siroma\u0161nih i nevoljnih, te budu\u0107eg sveca [&hellip;]<\/p>\n","protected":false},"author":2,"featured_media":65072,"comment_status":"closed","ping_status":"closed","sticky":false,"template":"","format":"standard","meta":{"h5ap_radio_sources":[],"footnotes":""},"categories":[1],"tags":[],"class_list":["post-65071","post","type-post","status-publish","format-standard","has-post-thumbnail","hentry","category-bihiregija"],"yoast_head":"<!-- This site is optimized with the Yoast SEO plugin v27.5 - https:\/\/yoast.com\/product\/yoast-seo-wordpress\/ -->\n<title>18. rujna 1946. uhi\u0107enje nadbiskupa Stepinca \u2013 komunisti\u010dka vlast pokazala svoje zlo\u010dina\u010dko lice - RADIO LJUBU\u0160KI<\/title>\n<meta name=\"robots\" content=\"index, follow, max-snippet:-1, max-image-preview:large, max-video-preview:-1\" \/>\n<link rel=\"canonical\" href=\"https:\/\/radioljubuski.ba\/index.php\/2021\/09\/18\/18-rujna-1946-uhicenje-nadbiskupa-stepinca-komunisticka-vlast-pokazala-svoje-zlocinacko-lice\/\" \/>\n<meta property=\"og:locale\" content=\"hr_HR\" \/>\n<meta property=\"og:type\" content=\"article\" \/>\n<meta property=\"og:title\" content=\"18. rujna 1946. uhi\u0107enje nadbiskupa Stepinca \u2013 komunisti\u010dka vlast pokazala svoje zlo\u010dina\u010dko lice - RADIO LJUBU\u0160KI\" \/>\n<meta property=\"og:description\" content=\"Bla\u017eeni Alojzije Stepinac, nadbiskup zagreba\u010dki, uhi\u0107en je na dana\u0161nji dan 18. rujna 1946. oko 5 sati i 30 minuta ujutro na podru\u010dju Nadbiskupskog dvora na Kaptolu, u vrijeme kad se pripremao slu\u017eiti Svetu Misu. Tako je komunisti\u010dka vlast pokazala jo\u0161 jednom svoje zlo\u010dina\u010dko lice uhi\u0107enjem biskupa i mirotvorca, pomaga\u010da siroma\u0161nih i nevoljnih, te budu\u0107eg sveca [&hellip;]\" \/>\n<meta property=\"og:url\" content=\"https:\/\/radioljubuski.ba\/index.php\/2021\/09\/18\/18-rujna-1946-uhicenje-nadbiskupa-stepinca-komunisticka-vlast-pokazala-svoje-zlocinacko-lice\/\" \/>\n<meta property=\"og:site_name\" content=\"RADIO LJUBU\u0160KI\" \/>\n<meta property=\"article:publisher\" content=\"https:\/\/www.facebook.com\/Radiio-Ljubuski-1490835324566332\" \/>\n<meta property=\"article:published_time\" content=\"2021-09-18T07:28:11+00:00\" \/>\n<meta property=\"article:modified_time\" content=\"2021-09-18T07:28:12+00:00\" \/>\n<meta property=\"og:image\" content=\"https:\/\/radioljubuski.ba\/wp-content\/uploads\/2021\/09\/alojzije-stepinac-696x453-1.jpg\" \/>\n\t<meta property=\"og:image:width\" content=\"696\" \/>\n\t<meta property=\"og:image:height\" content=\"453\" \/>\n\t<meta property=\"og:image:type\" content=\"image\/jpeg\" \/>\n<meta name=\"author\" content=\"Radio Ljubu\u0161ki\" \/>\n<meta name=\"twitter:card\" content=\"summary_large_image\" \/>\n<meta name=\"twitter:creator\" content=\"@radioljubuski\" \/>\n<meta name=\"twitter:site\" content=\"@radioljubuski\" \/>\n<meta name=\"twitter:label1\" content=\"Napisao\/la\" \/>\n\t<meta name=\"twitter:data1\" content=\"Radio Ljubu\u0161ki\" \/>\n\t<meta name=\"twitter:label2\" content=\"Procijenjeno vrijeme \u010ditanja\" \/>\n\t<meta name=\"twitter:data2\" content=\"5 minuta\" \/>\n<script type=\"application\/ld+json\" class=\"yoast-schema-graph\">{\"@context\":\"https:\\\/\\\/schema.org\",\"@graph\":[{\"@type\":\"Article\",\"@id\":\"https:\\\/\\\/radioljubuski.ba\\\/index.php\\\/2021\\\/09\\\/18\\\/18-rujna-1946-uhicenje-nadbiskupa-stepinca-komunisticka-vlast-pokazala-svoje-zlocinacko-lice\\\/#article\",\"isPartOf\":{\"@id\":\"https:\\\/\\\/radioljubuski.ba\\\/index.php\\\/2021\\\/09\\\/18\\\/18-rujna-1946-uhicenje-nadbiskupa-stepinca-komunisticka-vlast-pokazala-svoje-zlocinacko-lice\\\/\"},\"author\":{\"name\":\"Radio Ljubu\u0161ki\",\"@id\":\"https:\\\/\\\/radioljubuski.ba\\\/#\\\/schema\\\/person\\\/19fc700381a780f69665d7956c469e3b\"},\"headline\":\"18. rujna 1946. uhi\u0107enje nadbiskupa Stepinca \u2013 komunisti\u010dka vlast pokazala svoje zlo\u010dina\u010dko lice\",\"datePublished\":\"2021-09-18T07:28:11+00:00\",\"dateModified\":\"2021-09-18T07:28:12+00:00\",\"mainEntityOfPage\":{\"@id\":\"https:\\\/\\\/radioljubuski.ba\\\/index.php\\\/2021\\\/09\\\/18\\\/18-rujna-1946-uhicenje-nadbiskupa-stepinca-komunisticka-vlast-pokazala-svoje-zlocinacko-lice\\\/\"},\"wordCount\":1103,\"publisher\":{\"@id\":\"https:\\\/\\\/radioljubuski.ba\\\/#organization\"},\"image\":{\"@id\":\"https:\\\/\\\/radioljubuski.ba\\\/index.php\\\/2021\\\/09\\\/18\\\/18-rujna-1946-uhicenje-nadbiskupa-stepinca-komunisticka-vlast-pokazala-svoje-zlocinacko-lice\\\/#primaryimage\"},\"thumbnailUrl\":\"https:\\\/\\\/radioljubuski.ba\\\/wp-content\\\/uploads\\\/2021\\\/09\\\/alojzije-stepinac-696x453-1.jpg\",\"articleSection\":[\"BIH i regija\"],\"inLanguage\":\"hr\"},{\"@type\":\"WebPage\",\"@id\":\"https:\\\/\\\/radioljubuski.ba\\\/index.php\\\/2021\\\/09\\\/18\\\/18-rujna-1946-uhicenje-nadbiskupa-stepinca-komunisticka-vlast-pokazala-svoje-zlocinacko-lice\\\/\",\"url\":\"https:\\\/\\\/radioljubuski.ba\\\/index.php\\\/2021\\\/09\\\/18\\\/18-rujna-1946-uhicenje-nadbiskupa-stepinca-komunisticka-vlast-pokazala-svoje-zlocinacko-lice\\\/\",\"name\":\"18. rujna 1946. uhi\u0107enje nadbiskupa Stepinca \u2013 komunisti\u010dka vlast pokazala svoje zlo\u010dina\u010dko lice - RADIO LJUBU\u0160KI\",\"isPartOf\":{\"@id\":\"https:\\\/\\\/radioljubuski.ba\\\/#website\"},\"primaryImageOfPage\":{\"@id\":\"https:\\\/\\\/radioljubuski.ba\\\/index.php\\\/2021\\\/09\\\/18\\\/18-rujna-1946-uhicenje-nadbiskupa-stepinca-komunisticka-vlast-pokazala-svoje-zlocinacko-lice\\\/#primaryimage\"},\"image\":{\"@id\":\"https:\\\/\\\/radioljubuski.ba\\\/index.php\\\/2021\\\/09\\\/18\\\/18-rujna-1946-uhicenje-nadbiskupa-stepinca-komunisticka-vlast-pokazala-svoje-zlocinacko-lice\\\/#primaryimage\"},\"thumbnailUrl\":\"https:\\\/\\\/radioljubuski.ba\\\/wp-content\\\/uploads\\\/2021\\\/09\\\/alojzije-stepinac-696x453-1.jpg\",\"datePublished\":\"2021-09-18T07:28:11+00:00\",\"dateModified\":\"2021-09-18T07:28:12+00:00\",\"breadcrumb\":{\"@id\":\"https:\\\/\\\/radioljubuski.ba\\\/index.php\\\/2021\\\/09\\\/18\\\/18-rujna-1946-uhicenje-nadbiskupa-stepinca-komunisticka-vlast-pokazala-svoje-zlocinacko-lice\\\/#breadcrumb\"},\"inLanguage\":\"hr\",\"potentialAction\":[{\"@type\":\"ReadAction\",\"target\":[\"https:\\\/\\\/radioljubuski.ba\\\/index.php\\\/2021\\\/09\\\/18\\\/18-rujna-1946-uhicenje-nadbiskupa-stepinca-komunisticka-vlast-pokazala-svoje-zlocinacko-lice\\\/\"]}]},{\"@type\":\"ImageObject\",\"inLanguage\":\"hr\",\"@id\":\"https:\\\/\\\/radioljubuski.ba\\\/index.php\\\/2021\\\/09\\\/18\\\/18-rujna-1946-uhicenje-nadbiskupa-stepinca-komunisticka-vlast-pokazala-svoje-zlocinacko-lice\\\/#primaryimage\",\"url\":\"https:\\\/\\\/radioljubuski.ba\\\/wp-content\\\/uploads\\\/2021\\\/09\\\/alojzije-stepinac-696x453-1.jpg\",\"contentUrl\":\"https:\\\/\\\/radioljubuski.ba\\\/wp-content\\\/uploads\\\/2021\\\/09\\\/alojzije-stepinac-696x453-1.jpg\",\"width\":696,\"height\":453},{\"@type\":\"BreadcrumbList\",\"@id\":\"https:\\\/\\\/radioljubuski.ba\\\/index.php\\\/2021\\\/09\\\/18\\\/18-rujna-1946-uhicenje-nadbiskupa-stepinca-komunisticka-vlast-pokazala-svoje-zlocinacko-lice\\\/#breadcrumb\",\"itemListElement\":[{\"@type\":\"ListItem\",\"position\":1,\"name\":\"Po\u010detna stranica\",\"item\":\"https:\\\/\\\/radioljubuski.ba\\\/\"},{\"@type\":\"ListItem\",\"position\":2,\"name\":\"18. rujna 1946. uhi\u0107enje nadbiskupa Stepinca \u2013 komunisti\u010dka vlast pokazala svoje zlo\u010dina\u010dko lice\"}]},{\"@type\":\"WebSite\",\"@id\":\"https:\\\/\\\/radioljubuski.ba\\\/#website\",\"url\":\"https:\\\/\\\/radioljubuski.ba\\\/\",\"name\":\"Radio Ljubu\u0161ki\",\"description\":\"Sun\u010dana frekvencija Hercegovine\",\"publisher\":{\"@id\":\"https:\\\/\\\/radioljubuski.ba\\\/#organization\"},\"potentialAction\":[{\"@type\":\"SearchAction\",\"target\":{\"@type\":\"EntryPoint\",\"urlTemplate\":\"https:\\\/\\\/radioljubuski.ba\\\/?s={search_term_string}\"},\"query-input\":{\"@type\":\"PropertyValueSpecification\",\"valueRequired\":true,\"valueName\":\"search_term_string\"}}],\"inLanguage\":\"hr\"},{\"@type\":\"Organization\",\"@id\":\"https:\\\/\\\/radioljubuski.ba\\\/#organization\",\"name\":\"Radio Ljubu\u0161ki\",\"url\":\"https:\\\/\\\/radioljubuski.ba\\\/\",\"logo\":{\"@type\":\"ImageObject\",\"inLanguage\":\"hr\",\"@id\":\"https:\\\/\\\/radioljubuski.ba\\\/#\\\/schema\\\/logo\\\/image\\\/\",\"url\":\"https:\\\/\\\/radioljubuski.ba\\\/wp-content\\\/uploads\\\/2021\\\/02\\\/cropped-Radio_Ljubuski_logo1.jpg\",\"contentUrl\":\"https:\\\/\\\/radioljubuski.ba\\\/wp-content\\\/uploads\\\/2021\\\/02\\\/cropped-Radio_Ljubuski_logo1.jpg\",\"width\":512,\"height\":512,\"caption\":\"Radio Ljubu\u0161ki\"},\"image\":{\"@id\":\"https:\\\/\\\/radioljubuski.ba\\\/#\\\/schema\\\/logo\\\/image\\\/\"},\"sameAs\":[\"https:\\\/\\\/www.facebook.com\\\/Radiio-Ljubuski-1490835324566332\",\"https:\\\/\\\/x.com\\\/radioljubuski\",\"https:\\\/\\\/hr.linkedin.com\\\/company\\\/radio-ljubuski\",\"https:\\\/\\\/www.youtube.com\\\/channel\\\/UCHYaeO_n0Db3tjNGudGpXyw\"]},{\"@type\":\"Person\",\"@id\":\"https:\\\/\\\/radioljubuski.ba\\\/#\\\/schema\\\/person\\\/19fc700381a780f69665d7956c469e3b\",\"name\":\"Radio Ljubu\u0161ki\"}]}<\/script>\n<!-- \/ Yoast SEO plugin. -->","yoast_head_json":{"title":"18. rujna 1946. uhi\u0107enje nadbiskupa Stepinca \u2013 komunisti\u010dka vlast pokazala svoje zlo\u010dina\u010dko lice - RADIO LJUBU\u0160KI","robots":{"index":"index","follow":"follow","max-snippet":"max-snippet:-1","max-image-preview":"max-image-preview:large","max-video-preview":"max-video-preview:-1"},"canonical":"https:\/\/radioljubuski.ba\/index.php\/2021\/09\/18\/18-rujna-1946-uhicenje-nadbiskupa-stepinca-komunisticka-vlast-pokazala-svoje-zlocinacko-lice\/","og_locale":"hr_HR","og_type":"article","og_title":"18. rujna 1946. uhi\u0107enje nadbiskupa Stepinca \u2013 komunisti\u010dka vlast pokazala svoje zlo\u010dina\u010dko lice - RADIO LJUBU\u0160KI","og_description":"Bla\u017eeni Alojzije Stepinac, nadbiskup zagreba\u010dki, uhi\u0107en je na dana\u0161nji dan 18. rujna 1946. oko 5 sati i 30 minuta ujutro na podru\u010dju Nadbiskupskog dvora na Kaptolu, u vrijeme kad se pripremao slu\u017eiti Svetu Misu. Tako je komunisti\u010dka vlast pokazala jo\u0161 jednom svoje zlo\u010dina\u010dko lice uhi\u0107enjem biskupa i mirotvorca, pomaga\u010da siroma\u0161nih i nevoljnih, te budu\u0107eg sveca [&hellip;]","og_url":"https:\/\/radioljubuski.ba\/index.php\/2021\/09\/18\/18-rujna-1946-uhicenje-nadbiskupa-stepinca-komunisticka-vlast-pokazala-svoje-zlocinacko-lice\/","og_site_name":"RADIO LJUBU\u0160KI","article_publisher":"https:\/\/www.facebook.com\/Radiio-Ljubuski-1490835324566332","article_published_time":"2021-09-18T07:28:11+00:00","article_modified_time":"2021-09-18T07:28:12+00:00","og_image":[{"width":696,"height":453,"url":"https:\/\/radioljubuski.ba\/wp-content\/uploads\/2021\/09\/alojzije-stepinac-696x453-1.jpg","type":"image\/jpeg"}],"author":"Radio Ljubu\u0161ki","twitter_card":"summary_large_image","twitter_creator":"@radioljubuski","twitter_site":"@radioljubuski","twitter_misc":{"Napisao\/la":"Radio Ljubu\u0161ki","Procijenjeno vrijeme \u010ditanja":"5 minuta"},"schema":{"@context":"https:\/\/schema.org","@graph":[{"@type":"Article","@id":"https:\/\/radioljubuski.ba\/index.php\/2021\/09\/18\/18-rujna-1946-uhicenje-nadbiskupa-stepinca-komunisticka-vlast-pokazala-svoje-zlocinacko-lice\/#article","isPartOf":{"@id":"https:\/\/radioljubuski.ba\/index.php\/2021\/09\/18\/18-rujna-1946-uhicenje-nadbiskupa-stepinca-komunisticka-vlast-pokazala-svoje-zlocinacko-lice\/"},"author":{"name":"Radio Ljubu\u0161ki","@id":"https:\/\/radioljubuski.ba\/#\/schema\/person\/19fc700381a780f69665d7956c469e3b"},"headline":"18. rujna 1946. uhi\u0107enje nadbiskupa Stepinca \u2013 komunisti\u010dka vlast pokazala svoje zlo\u010dina\u010dko lice","datePublished":"2021-09-18T07:28:11+00:00","dateModified":"2021-09-18T07:28:12+00:00","mainEntityOfPage":{"@id":"https:\/\/radioljubuski.ba\/index.php\/2021\/09\/18\/18-rujna-1946-uhicenje-nadbiskupa-stepinca-komunisticka-vlast-pokazala-svoje-zlocinacko-lice\/"},"wordCount":1103,"publisher":{"@id":"https:\/\/radioljubuski.ba\/#organization"},"image":{"@id":"https:\/\/radioljubuski.ba\/index.php\/2021\/09\/18\/18-rujna-1946-uhicenje-nadbiskupa-stepinca-komunisticka-vlast-pokazala-svoje-zlocinacko-lice\/#primaryimage"},"thumbnailUrl":"https:\/\/radioljubuski.ba\/wp-content\/uploads\/2021\/09\/alojzije-stepinac-696x453-1.jpg","articleSection":["BIH i regija"],"inLanguage":"hr"},{"@type":"WebPage","@id":"https:\/\/radioljubuski.ba\/index.php\/2021\/09\/18\/18-rujna-1946-uhicenje-nadbiskupa-stepinca-komunisticka-vlast-pokazala-svoje-zlocinacko-lice\/","url":"https:\/\/radioljubuski.ba\/index.php\/2021\/09\/18\/18-rujna-1946-uhicenje-nadbiskupa-stepinca-komunisticka-vlast-pokazala-svoje-zlocinacko-lice\/","name":"18. rujna 1946. uhi\u0107enje nadbiskupa Stepinca \u2013 komunisti\u010dka vlast pokazala svoje zlo\u010dina\u010dko lice - RADIO LJUBU\u0160KI","isPartOf":{"@id":"https:\/\/radioljubuski.ba\/#website"},"primaryImageOfPage":{"@id":"https:\/\/radioljubuski.ba\/index.php\/2021\/09\/18\/18-rujna-1946-uhicenje-nadbiskupa-stepinca-komunisticka-vlast-pokazala-svoje-zlocinacko-lice\/#primaryimage"},"image":{"@id":"https:\/\/radioljubuski.ba\/index.php\/2021\/09\/18\/18-rujna-1946-uhicenje-nadbiskupa-stepinca-komunisticka-vlast-pokazala-svoje-zlocinacko-lice\/#primaryimage"},"thumbnailUrl":"https:\/\/radioljubuski.ba\/wp-content\/uploads\/2021\/09\/alojzije-stepinac-696x453-1.jpg","datePublished":"2021-09-18T07:28:11+00:00","dateModified":"2021-09-18T07:28:12+00:00","breadcrumb":{"@id":"https:\/\/radioljubuski.ba\/index.php\/2021\/09\/18\/18-rujna-1946-uhicenje-nadbiskupa-stepinca-komunisticka-vlast-pokazala-svoje-zlocinacko-lice\/#breadcrumb"},"inLanguage":"hr","potentialAction":[{"@type":"ReadAction","target":["https:\/\/radioljubuski.ba\/index.php\/2021\/09\/18\/18-rujna-1946-uhicenje-nadbiskupa-stepinca-komunisticka-vlast-pokazala-svoje-zlocinacko-lice\/"]}]},{"@type":"ImageObject","inLanguage":"hr","@id":"https:\/\/radioljubuski.ba\/index.php\/2021\/09\/18\/18-rujna-1946-uhicenje-nadbiskupa-stepinca-komunisticka-vlast-pokazala-svoje-zlocinacko-lice\/#primaryimage","url":"https:\/\/radioljubuski.ba\/wp-content\/uploads\/2021\/09\/alojzije-stepinac-696x453-1.jpg","contentUrl":"https:\/\/radioljubuski.ba\/wp-content\/uploads\/2021\/09\/alojzije-stepinac-696x453-1.jpg","width":696,"height":453},{"@type":"BreadcrumbList","@id":"https:\/\/radioljubuski.ba\/index.php\/2021\/09\/18\/18-rujna-1946-uhicenje-nadbiskupa-stepinca-komunisticka-vlast-pokazala-svoje-zlocinacko-lice\/#breadcrumb","itemListElement":[{"@type":"ListItem","position":1,"name":"Po\u010detna stranica","item":"https:\/\/radioljubuski.ba\/"},{"@type":"ListItem","position":2,"name":"18. rujna 1946. uhi\u0107enje nadbiskupa Stepinca \u2013 komunisti\u010dka vlast pokazala svoje zlo\u010dina\u010dko lice"}]},{"@type":"WebSite","@id":"https:\/\/radioljubuski.ba\/#website","url":"https:\/\/radioljubuski.ba\/","name":"Radio Ljubu\u0161ki","description":"Sun\u010dana frekvencija Hercegovine","publisher":{"@id":"https:\/\/radioljubuski.ba\/#organization"},"potentialAction":[{"@type":"SearchAction","target":{"@type":"EntryPoint","urlTemplate":"https:\/\/radioljubuski.ba\/?s={search_term_string}"},"query-input":{"@type":"PropertyValueSpecification","valueRequired":true,"valueName":"search_term_string"}}],"inLanguage":"hr"},{"@type":"Organization","@id":"https:\/\/radioljubuski.ba\/#organization","name":"Radio Ljubu\u0161ki","url":"https:\/\/radioljubuski.ba\/","logo":{"@type":"ImageObject","inLanguage":"hr","@id":"https:\/\/radioljubuski.ba\/#\/schema\/logo\/image\/","url":"https:\/\/radioljubuski.ba\/wp-content\/uploads\/2021\/02\/cropped-Radio_Ljubuski_logo1.jpg","contentUrl":"https:\/\/radioljubuski.ba\/wp-content\/uploads\/2021\/02\/cropped-Radio_Ljubuski_logo1.jpg","width":512,"height":512,"caption":"Radio Ljubu\u0161ki"},"image":{"@id":"https:\/\/radioljubuski.ba\/#\/schema\/logo\/image\/"},"sameAs":["https:\/\/www.facebook.com\/Radiio-Ljubuski-1490835324566332","https:\/\/x.com\/radioljubuski","https:\/\/hr.linkedin.com\/company\/radio-ljubuski","https:\/\/www.youtube.com\/channel\/UCHYaeO_n0Db3tjNGudGpXyw"]},{"@type":"Person","@id":"https:\/\/radioljubuski.ba\/#\/schema\/person\/19fc700381a780f69665d7956c469e3b","name":"Radio Ljubu\u0161ki"}]}},"_links":{"self":[{"href":"https:\/\/radioljubuski.ba\/index.php\/wp-json\/wp\/v2\/posts\/65071","targetHints":{"allow":["GET"]}}],"collection":[{"href":"https:\/\/radioljubuski.ba\/index.php\/wp-json\/wp\/v2\/posts"}],"about":[{"href":"https:\/\/radioljubuski.ba\/index.php\/wp-json\/wp\/v2\/types\/post"}],"author":[{"embeddable":true,"href":"https:\/\/radioljubuski.ba\/index.php\/wp-json\/wp\/v2\/users\/2"}],"replies":[{"embeddable":true,"href":"https:\/\/radioljubuski.ba\/index.php\/wp-json\/wp\/v2\/comments?post=65071"}],"version-history":[{"count":1,"href":"https:\/\/radioljubuski.ba\/index.php\/wp-json\/wp\/v2\/posts\/65071\/revisions"}],"predecessor-version":[{"id":65073,"href":"https:\/\/radioljubuski.ba\/index.php\/wp-json\/wp\/v2\/posts\/65071\/revisions\/65073"}],"wp:featuredmedia":[{"embeddable":true,"href":"https:\/\/radioljubuski.ba\/index.php\/wp-json\/wp\/v2\/media\/65072"}],"wp:attachment":[{"href":"https:\/\/radioljubuski.ba\/index.php\/wp-json\/wp\/v2\/media?parent=65071"}],"wp:term":[{"taxonomy":"category","embeddable":true,"href":"https:\/\/radioljubuski.ba\/index.php\/wp-json\/wp\/v2\/categories?post=65071"},{"taxonomy":"post_tag","embeddable":true,"href":"https:\/\/radioljubuski.ba\/index.php\/wp-json\/wp\/v2\/tags?post=65071"}],"curies":[{"name":"wp","href":"https:\/\/api.w.org\/{rel}","templated":true}]}}