{"id":65075,"date":"2021-09-18T08:30:12","date_gmt":"2021-09-18T07:30:12","guid":{"rendered":"https:\/\/radioljubuski.ba\/?p=65075"},"modified":"2021-09-18T08:30:14","modified_gmt":"2021-09-18T07:30:14","slug":"moraju-li-djeca-nositi-maske-u-skolama-evo-koja-su-pravila-u-ovoj-skolskoj-godini","status":"publish","type":"post","link":"https:\/\/radioljubuski.ba\/index.php\/2021\/09\/18\/moraju-li-djeca-nositi-maske-u-skolama-evo-koja-su-pravila-u-ovoj-skolskoj-godini\/","title":{"rendered":"Moraju li djeca nositi maske u \u0161kolama? Evo koja su pravila u ovoj \u0161kolskoj godini"},"content":{"rendered":"\n<p>Odbijanje roditelja u Krapinskim Toplicama da njihov osnovno\u0161kolac nosi masku u \u0161koli izazvalo je s jedne strane veliku podr\u0161ku dijela roditelja, a s druge strane osudu nadle\u017enih i vladaju\u0107ih koji prijete mjerama Centra za socijalnu skrb.<\/p>\n\n\n\n<p>I dok se jo\u0161 uvijek ne zna kako \u0107e cijeli slu\u010daj zavr\u0161iti, mi ovim putem podsje\u0107amo koje je sve mjere Sto\u017eer uveo glede u\u010denika u \u0161kolama u ovoj \u0161kolskoj godini.<\/p>\n\n\n\n<p>Prema uputama HZJZ-a u ovoj \u0161kolskoj godini dopu\u0161teno je mije\u0161anje u\u010denika razli\u010ditih odgojno-obrazovnih skupina tijekom izborne i fakultativne nastave, nastave stranih jezika, kao i dopunske i dodatne nastave, koje se ponovno vra\u0107aju, a o\u017eivjet \u0107e i \u0161kolski sportski timovi sastavljeni od u\u010denika iz razli\u010ditih razreda. U\u010denici vi\u0161ih razreda osnovne \u0161kole mo\u0107i \u0107e opet mijenjati u\u010dionice i odlaziti u kabinete za biologiju, kemiju, informatiku i sli\u010dno, a \u0161kolski \u0107e se sat za sve u\u010denike, osim u iznimnim slu\u010dajevima, organizirati u trajanju od 45 minuta, pisala je <a href=\"https:\/\/slobodnadalmacija.hr\/vijesti\/hrvatska\/iako-pod-maskama-u-skolama-ce-se-ipak-lakse-disati-mjere-su-znatno-ublazene-u-samoizolaciju-vise-nece-morati-citavi-razredi-evo-sto-se-jos-mijenja-1123727\">Slobodna Dalmacija<\/a>.<\/p>\n\n\n\n<p><strong>No\u0161enje maski u \u0161kolama<\/strong><\/p>\n\n\n\n<p>\u0160to se ti\u010de no\u0161enja maski, one su obavezne za u\u010denike vi\u0161ih razreda i srednjih \u0161kola, ali samo ako se u u\u010dionicama osnovnih \u0161kola ne osigura razmak izme\u0111u svih osoba od najmanje 1,5 metara, a u srednjim \u0161kolama od dva metra.<\/p>\n\n\n\n<p>Novost je, naime, da \u0107e u slu\u010daju povoljne epidemiolo\u0161ke situacije lokalni sto\u017eer, na prijedlog ustanove i uz suglasnost osniva\u010da, mo\u0107i donijeti odluku da se maske ne moraju nositi \u010dak i ako je taj razmak manji od propisanog (i obrnuto \u2013 ako se pogor\u0161a epidemiolo\u0161ka situacija, maske \u0107e se morati nositi \u010dak i kad je razmak osiguran). Tu mogu\u0107nost ve\u0107 je iskoristio gradona\u010delnik Sinja Miro Bulj, koji je donio odluku da maske u \u0161kolama vi\u0161e nisu obavezne.<\/p>\n\n\n\n<p>U slu\u010daju da netko od u\u010denika oboli od COVID-a 19, u samoizolaciju ubudu\u0107e ne\u0107e morati cijeli njegov razred, nego samo najbli\u017ei kolege koji sjede uokolo njega. Tako\u0111er, vra\u0107aju se roditeljski sastanci u\u017eivo.<\/p>\n\n\n\n<p><strong>Fakulteti<\/strong><\/p>\n\n\n\n<p>Resorni ministar Radovan Fuchs preporu\u010dio je fakultetima za novu akademsku godinu \u0161to vi\u0161e kontaktne nastave, odnosno nastave u\u017eivo. U dopisu upu\u0107enom rektorima i dekanima visokih u\u010dili\u0161ta ministar Fuchs, uz ostalo, isti\u010de kako svi oni koji od nove 2021.\/2022. akademske godine \u017eele izvoditi online studijske programe za to moraju podnijeti zahtjev Nacionalnom vije\u0107u za znanost, visoko obrazovanje i tehnolo\u0161ki razvoj te dobiti suglasnost toga tijela, koje \u0107e je izdati samo u slu\u010daju da je online studij pozitivno ocijenjen u postupku vrednovanja koje provodi Agencija za znanost i visoko obrazovanje.<\/p>\n\n\n\n<p>\u2013 Imaju\u0107i u vidu pozitivne okolnosti koje sigurno donosi i mogu\u0107nost cijepljenja nastavnika i studenata, va\u017eno je u akademskoj godini 2021.\/2022. vratiti se na klasi\u010dan kontaktni oblik izvo\u0111enja visoko\u0161kolske nastave kakav je postojao i prije pandemije \u2013 poru\u010duje Fuchs.<\/p>\n\n\n\n<p><strong>Le\u017eernije mjere<\/strong><\/p>\n\n\n\n<p>\u2018Ju\u010der smo objavili upute o protuepidemijskim mjerama u \u0161kolama. Zapravo su vrlo sli\u010dne onome \u0161to smo imali pro\u0161le godine. Tada smo jako inzistirali na tom razrednom odjelu ili vrti\u0107koj grupi, a sad \u0107e to biti le\u017eernije jer se pokazalo da je te\u0161ko provedivo u praksi, a i djeci je potrebna dodatna i dopunska nastava, izvannastavne i sportske aktivnosti. Taj dio je pojednostavljen i vra\u0107en onako kako smo imali u vrijeme prije pandemije\u2019, rekla je&nbsp;<strong>Ivana Pavi\u0107 \u0160imetin<\/strong>, zamjenica ravnatelja HZJZ-a, gostuju\u0107i&nbsp;<a href=\"https:\/\/vijesti.hrt.hr\/hrvatska\/sto-donosi-nova-skolska-godina-lokalni-stozeri-ce-moci-ukinuti-obvezu-nosenja-maski-djeca-ce-ici-na-izlete-2767056\" target=\"_blank\" rel=\"noreferrer noopener\">u emisiji \u201cDobro jutro, Hrvatska\u201d<\/a> uo\u010di po\u010detka ove \u0161kolske godine.<\/p>\n\n\n\n<p>Osnovna poruka je da nema online nastave i da svi u\u010denici idu u \u0161kole, istaknuo je&nbsp;<strong>Tomislav Paljak<\/strong>, dr\u017eavni tajnik u Ministarstvu znanosti i obrazovanja, pisao je <a href=\"https:\/\/www.tportal.hr\/vijesti\/clanak\/sto-donosi-nova-skolska-godina-lokalni-stozeri-ce-moci-ukinuti-obvezu-nosenja-maski-djeca-ce-ici-na-izlete-20210827\">T-portal<\/a>.<\/p>\n\n\n\n<p>\u2018Veseli nas \u0161to smo mogli to objaviti i \u010dak u ovim devastiranim prostorima npr. Banovine, u Zagrebu \u0107e tako\u0111er nastava krenuti. Va\u017eno je re\u0107i da su sve \u0161kole spremne za organizaciju nastave u svojim prostorima, ali i za epidemiolo\u0161ke uvjete koji moraju biti zadovoljeni. Sretni smo \u0161to mo\u017eemo re\u0107i, ako \u0107e situacija biti povoljna na nekom prostoru, lokalni sto\u017eeri \u0107e mo\u0107i donijeti odluku da maske nisu obvezne, a isto tako vra\u0107a se sportski \u017eivot u dvorane, mogu se mije\u0161ati grupe. Bit \u0107e tu mogu\u0107nosti da se odvija stru\u010dna praksa u srednjim \u0161kolama i fakultetima. Imamo puno komotniju situaciju, bit \u0107e vi\u0161e prostora za dru\u017eenje\u2019, poru\u010dio je Paljak.<\/p>\n\n\n\n<p>Dobra vijest za sve u\u010denike jest da \u0107e ove godine biti \u0161kolskih izleta. \u2018Bit \u0107e ih, trebat \u0107e se pridr\u017eavati mjera. Ako bude epidemiolo\u0161ka situacija povoljna nema razloga da se ne organiziraju\u2019, potvrdio je Paljak.<\/p>\n\n\n\n<p><em>Izvor: narod.hr\/slobodnadalmacija.hr\/hrt\/tportal.hr<\/em><\/p>\n","protected":false},"excerpt":{"rendered":"<p>Odbijanje roditelja u Krapinskim Toplicama da njihov osnovno\u0161kolac nosi masku u \u0161koli izazvalo je s jedne strane veliku podr\u0161ku dijela roditelja, a s druge strane osudu nadle\u017enih i vladaju\u0107ih koji prijete mjerama Centra za socijalnu skrb. I dok se jo\u0161 uvijek ne zna kako \u0107e cijeli slu\u010daj zavr\u0161iti, mi ovim putem podsje\u0107amo koje je sve [&hellip;]<\/p>\n","protected":false},"author":2,"featured_media":65076,"comment_status":"closed","ping_status":"closed","sticky":false,"template":"","format":"standard","meta":{"h5ap_radio_sources":[],"footnotes":""},"categories":[1],"tags":[],"class_list":["post-65075","post","type-post","status-publish","format-standard","has-post-thumbnail","hentry","category-bihiregija"],"yoast_head":"<!-- This site is optimized with the Yoast SEO plugin v27.5 - https:\/\/yoast.com\/product\/yoast-seo-wordpress\/ -->\n<title>Moraju li djeca nositi maske u \u0161kolama? Evo koja su pravila u ovoj \u0161kolskoj godini - RADIO LJUBU\u0160KI<\/title>\n<meta name=\"robots\" content=\"index, follow, max-snippet:-1, max-image-preview:large, max-video-preview:-1\" \/>\n<link rel=\"canonical\" href=\"https:\/\/radioljubuski.ba\/index.php\/2021\/09\/18\/moraju-li-djeca-nositi-maske-u-skolama-evo-koja-su-pravila-u-ovoj-skolskoj-godini\/\" \/>\n<meta property=\"og:locale\" content=\"hr_HR\" \/>\n<meta property=\"og:type\" content=\"article\" \/>\n<meta property=\"og:title\" content=\"Moraju li djeca nositi maske u \u0161kolama? Evo koja su pravila u ovoj \u0161kolskoj godini - RADIO LJUBU\u0160KI\" \/>\n<meta property=\"og:description\" content=\"Odbijanje roditelja u Krapinskim Toplicama da njihov osnovno\u0161kolac nosi masku u \u0161koli izazvalo je s jedne strane veliku podr\u0161ku dijela roditelja, a s druge strane osudu nadle\u017enih i vladaju\u0107ih koji prijete mjerama Centra za socijalnu skrb. I dok se jo\u0161 uvijek ne zna kako \u0107e cijeli slu\u010daj zavr\u0161iti, mi ovim putem podsje\u0107amo koje je sve [&hellip;]\" \/>\n<meta property=\"og:url\" content=\"https:\/\/radioljubuski.ba\/index.php\/2021\/09\/18\/moraju-li-djeca-nositi-maske-u-skolama-evo-koja-su-pravila-u-ovoj-skolskoj-godini\/\" \/>\n<meta property=\"og:site_name\" content=\"RADIO LJUBU\u0160KI\" \/>\n<meta property=\"article:publisher\" content=\"https:\/\/www.facebook.com\/Radiio-Ljubuski-1490835324566332\" \/>\n<meta property=\"article:published_time\" content=\"2021-09-18T07:30:12+00:00\" \/>\n<meta property=\"article:modified_time\" content=\"2021-09-18T07:30:14+00:00\" \/>\n<meta property=\"og:image\" content=\"https:\/\/radioljubuski.ba\/wp-content\/uploads\/2021\/09\/HN20200907712789-2-696x374-1.jpg\" \/>\n\t<meta property=\"og:image:width\" content=\"696\" \/>\n\t<meta property=\"og:image:height\" content=\"374\" \/>\n\t<meta property=\"og:image:type\" content=\"image\/jpeg\" \/>\n<meta name=\"author\" content=\"Radio Ljubu\u0161ki\" \/>\n<meta name=\"twitter:card\" content=\"summary_large_image\" \/>\n<meta name=\"twitter:creator\" content=\"@radioljubuski\" \/>\n<meta name=\"twitter:site\" content=\"@radioljubuski\" \/>\n<meta name=\"twitter:label1\" content=\"Napisao\/la\" \/>\n\t<meta name=\"twitter:data1\" content=\"Radio Ljubu\u0161ki\" \/>\n\t<meta name=\"twitter:label2\" content=\"Procijenjeno vrijeme \u010ditanja\" \/>\n\t<meta name=\"twitter:data2\" content=\"4 minute\" \/>\n<script type=\"application\/ld+json\" class=\"yoast-schema-graph\">{\"@context\":\"https:\\\/\\\/schema.org\",\"@graph\":[{\"@type\":\"Article\",\"@id\":\"https:\\\/\\\/radioljubuski.ba\\\/index.php\\\/2021\\\/09\\\/18\\\/moraju-li-djeca-nositi-maske-u-skolama-evo-koja-su-pravila-u-ovoj-skolskoj-godini\\\/#article\",\"isPartOf\":{\"@id\":\"https:\\\/\\\/radioljubuski.ba\\\/index.php\\\/2021\\\/09\\\/18\\\/moraju-li-djeca-nositi-maske-u-skolama-evo-koja-su-pravila-u-ovoj-skolskoj-godini\\\/\"},\"author\":{\"name\":\"Radio Ljubu\u0161ki\",\"@id\":\"https:\\\/\\\/radioljubuski.ba\\\/#\\\/schema\\\/person\\\/19fc700381a780f69665d7956c469e3b\"},\"headline\":\"Moraju li djeca nositi maske u \u0161kolama? Evo koja su pravila u ovoj \u0161kolskoj godini\",\"datePublished\":\"2021-09-18T07:30:12+00:00\",\"dateModified\":\"2021-09-18T07:30:14+00:00\",\"mainEntityOfPage\":{\"@id\":\"https:\\\/\\\/radioljubuski.ba\\\/index.php\\\/2021\\\/09\\\/18\\\/moraju-li-djeca-nositi-maske-u-skolama-evo-koja-su-pravila-u-ovoj-skolskoj-godini\\\/\"},\"wordCount\":811,\"publisher\":{\"@id\":\"https:\\\/\\\/radioljubuski.ba\\\/#organization\"},\"image\":{\"@id\":\"https:\\\/\\\/radioljubuski.ba\\\/index.php\\\/2021\\\/09\\\/18\\\/moraju-li-djeca-nositi-maske-u-skolama-evo-koja-su-pravila-u-ovoj-skolskoj-godini\\\/#primaryimage\"},\"thumbnailUrl\":\"https:\\\/\\\/radioljubuski.ba\\\/wp-content\\\/uploads\\\/2021\\\/09\\\/HN20200907712789-2-696x374-1.jpg\",\"articleSection\":[\"BIH i regija\"],\"inLanguage\":\"hr\"},{\"@type\":\"WebPage\",\"@id\":\"https:\\\/\\\/radioljubuski.ba\\\/index.php\\\/2021\\\/09\\\/18\\\/moraju-li-djeca-nositi-maske-u-skolama-evo-koja-su-pravila-u-ovoj-skolskoj-godini\\\/\",\"url\":\"https:\\\/\\\/radioljubuski.ba\\\/index.php\\\/2021\\\/09\\\/18\\\/moraju-li-djeca-nositi-maske-u-skolama-evo-koja-su-pravila-u-ovoj-skolskoj-godini\\\/\",\"name\":\"Moraju li djeca nositi maske u \u0161kolama? Evo koja su pravila u ovoj \u0161kolskoj godini - RADIO LJUBU\u0160KI\",\"isPartOf\":{\"@id\":\"https:\\\/\\\/radioljubuski.ba\\\/#website\"},\"primaryImageOfPage\":{\"@id\":\"https:\\\/\\\/radioljubuski.ba\\\/index.php\\\/2021\\\/09\\\/18\\\/moraju-li-djeca-nositi-maske-u-skolama-evo-koja-su-pravila-u-ovoj-skolskoj-godini\\\/#primaryimage\"},\"image\":{\"@id\":\"https:\\\/\\\/radioljubuski.ba\\\/index.php\\\/2021\\\/09\\\/18\\\/moraju-li-djeca-nositi-maske-u-skolama-evo-koja-su-pravila-u-ovoj-skolskoj-godini\\\/#primaryimage\"},\"thumbnailUrl\":\"https:\\\/\\\/radioljubuski.ba\\\/wp-content\\\/uploads\\\/2021\\\/09\\\/HN20200907712789-2-696x374-1.jpg\",\"datePublished\":\"2021-09-18T07:30:12+00:00\",\"dateModified\":\"2021-09-18T07:30:14+00:00\",\"breadcrumb\":{\"@id\":\"https:\\\/\\\/radioljubuski.ba\\\/index.php\\\/2021\\\/09\\\/18\\\/moraju-li-djeca-nositi-maske-u-skolama-evo-koja-su-pravila-u-ovoj-skolskoj-godini\\\/#breadcrumb\"},\"inLanguage\":\"hr\",\"potentialAction\":[{\"@type\":\"ReadAction\",\"target\":[\"https:\\\/\\\/radioljubuski.ba\\\/index.php\\\/2021\\\/09\\\/18\\\/moraju-li-djeca-nositi-maske-u-skolama-evo-koja-su-pravila-u-ovoj-skolskoj-godini\\\/\"]}]},{\"@type\":\"ImageObject\",\"inLanguage\":\"hr\",\"@id\":\"https:\\\/\\\/radioljubuski.ba\\\/index.php\\\/2021\\\/09\\\/18\\\/moraju-li-djeca-nositi-maske-u-skolama-evo-koja-su-pravila-u-ovoj-skolskoj-godini\\\/#primaryimage\",\"url\":\"https:\\\/\\\/radioljubuski.ba\\\/wp-content\\\/uploads\\\/2021\\\/09\\\/HN20200907712789-2-696x374-1.jpg\",\"contentUrl\":\"https:\\\/\\\/radioljubuski.ba\\\/wp-content\\\/uploads\\\/2021\\\/09\\\/HN20200907712789-2-696x374-1.jpg\",\"width\":696,\"height\":374},{\"@type\":\"BreadcrumbList\",\"@id\":\"https:\\\/\\\/radioljubuski.ba\\\/index.php\\\/2021\\\/09\\\/18\\\/moraju-li-djeca-nositi-maske-u-skolama-evo-koja-su-pravila-u-ovoj-skolskoj-godini\\\/#breadcrumb\",\"itemListElement\":[{\"@type\":\"ListItem\",\"position\":1,\"name\":\"Po\u010detna stranica\",\"item\":\"https:\\\/\\\/radioljubuski.ba\\\/\"},{\"@type\":\"ListItem\",\"position\":2,\"name\":\"Moraju li djeca nositi maske u \u0161kolama? Evo koja su pravila u ovoj \u0161kolskoj godini\"}]},{\"@type\":\"WebSite\",\"@id\":\"https:\\\/\\\/radioljubuski.ba\\\/#website\",\"url\":\"https:\\\/\\\/radioljubuski.ba\\\/\",\"name\":\"Radio Ljubu\u0161ki\",\"description\":\"Sun\u010dana frekvencija Hercegovine\",\"publisher\":{\"@id\":\"https:\\\/\\\/radioljubuski.ba\\\/#organization\"},\"potentialAction\":[{\"@type\":\"SearchAction\",\"target\":{\"@type\":\"EntryPoint\",\"urlTemplate\":\"https:\\\/\\\/radioljubuski.ba\\\/?s={search_term_string}\"},\"query-input\":{\"@type\":\"PropertyValueSpecification\",\"valueRequired\":true,\"valueName\":\"search_term_string\"}}],\"inLanguage\":\"hr\"},{\"@type\":\"Organization\",\"@id\":\"https:\\\/\\\/radioljubuski.ba\\\/#organization\",\"name\":\"Radio Ljubu\u0161ki\",\"url\":\"https:\\\/\\\/radioljubuski.ba\\\/\",\"logo\":{\"@type\":\"ImageObject\",\"inLanguage\":\"hr\",\"@id\":\"https:\\\/\\\/radioljubuski.ba\\\/#\\\/schema\\\/logo\\\/image\\\/\",\"url\":\"https:\\\/\\\/radioljubuski.ba\\\/wp-content\\\/uploads\\\/2021\\\/02\\\/cropped-Radio_Ljubuski_logo1.jpg\",\"contentUrl\":\"https:\\\/\\\/radioljubuski.ba\\\/wp-content\\\/uploads\\\/2021\\\/02\\\/cropped-Radio_Ljubuski_logo1.jpg\",\"width\":512,\"height\":512,\"caption\":\"Radio Ljubu\u0161ki\"},\"image\":{\"@id\":\"https:\\\/\\\/radioljubuski.ba\\\/#\\\/schema\\\/logo\\\/image\\\/\"},\"sameAs\":[\"https:\\\/\\\/www.facebook.com\\\/Radiio-Ljubuski-1490835324566332\",\"https:\\\/\\\/x.com\\\/radioljubuski\",\"https:\\\/\\\/hr.linkedin.com\\\/company\\\/radio-ljubuski\",\"https:\\\/\\\/www.youtube.com\\\/channel\\\/UCHYaeO_n0Db3tjNGudGpXyw\"]},{\"@type\":\"Person\",\"@id\":\"https:\\\/\\\/radioljubuski.ba\\\/#\\\/schema\\\/person\\\/19fc700381a780f69665d7956c469e3b\",\"name\":\"Radio Ljubu\u0161ki\"}]}<\/script>\n<!-- \/ Yoast SEO plugin. -->","yoast_head_json":{"title":"Moraju li djeca nositi maske u \u0161kolama? Evo koja su pravila u ovoj \u0161kolskoj godini - RADIO LJUBU\u0160KI","robots":{"index":"index","follow":"follow","max-snippet":"max-snippet:-1","max-image-preview":"max-image-preview:large","max-video-preview":"max-video-preview:-1"},"canonical":"https:\/\/radioljubuski.ba\/index.php\/2021\/09\/18\/moraju-li-djeca-nositi-maske-u-skolama-evo-koja-su-pravila-u-ovoj-skolskoj-godini\/","og_locale":"hr_HR","og_type":"article","og_title":"Moraju li djeca nositi maske u \u0161kolama? Evo koja su pravila u ovoj \u0161kolskoj godini - RADIO LJUBU\u0160KI","og_description":"Odbijanje roditelja u Krapinskim Toplicama da njihov osnovno\u0161kolac nosi masku u \u0161koli izazvalo je s jedne strane veliku podr\u0161ku dijela roditelja, a s druge strane osudu nadle\u017enih i vladaju\u0107ih koji prijete mjerama Centra za socijalnu skrb. I dok se jo\u0161 uvijek ne zna kako \u0107e cijeli slu\u010daj zavr\u0161iti, mi ovim putem podsje\u0107amo koje je sve [&hellip;]","og_url":"https:\/\/radioljubuski.ba\/index.php\/2021\/09\/18\/moraju-li-djeca-nositi-maske-u-skolama-evo-koja-su-pravila-u-ovoj-skolskoj-godini\/","og_site_name":"RADIO LJUBU\u0160KI","article_publisher":"https:\/\/www.facebook.com\/Radiio-Ljubuski-1490835324566332","article_published_time":"2021-09-18T07:30:12+00:00","article_modified_time":"2021-09-18T07:30:14+00:00","og_image":[{"width":696,"height":374,"url":"https:\/\/radioljubuski.ba\/wp-content\/uploads\/2021\/09\/HN20200907712789-2-696x374-1.jpg","type":"image\/jpeg"}],"author":"Radio Ljubu\u0161ki","twitter_card":"summary_large_image","twitter_creator":"@radioljubuski","twitter_site":"@radioljubuski","twitter_misc":{"Napisao\/la":"Radio Ljubu\u0161ki","Procijenjeno vrijeme \u010ditanja":"4 minute"},"schema":{"@context":"https:\/\/schema.org","@graph":[{"@type":"Article","@id":"https:\/\/radioljubuski.ba\/index.php\/2021\/09\/18\/moraju-li-djeca-nositi-maske-u-skolama-evo-koja-su-pravila-u-ovoj-skolskoj-godini\/#article","isPartOf":{"@id":"https:\/\/radioljubuski.ba\/index.php\/2021\/09\/18\/moraju-li-djeca-nositi-maske-u-skolama-evo-koja-su-pravila-u-ovoj-skolskoj-godini\/"},"author":{"name":"Radio Ljubu\u0161ki","@id":"https:\/\/radioljubuski.ba\/#\/schema\/person\/19fc700381a780f69665d7956c469e3b"},"headline":"Moraju li djeca nositi maske u \u0161kolama? Evo koja su pravila u ovoj \u0161kolskoj godini","datePublished":"2021-09-18T07:30:12+00:00","dateModified":"2021-09-18T07:30:14+00:00","mainEntityOfPage":{"@id":"https:\/\/radioljubuski.ba\/index.php\/2021\/09\/18\/moraju-li-djeca-nositi-maske-u-skolama-evo-koja-su-pravila-u-ovoj-skolskoj-godini\/"},"wordCount":811,"publisher":{"@id":"https:\/\/radioljubuski.ba\/#organization"},"image":{"@id":"https:\/\/radioljubuski.ba\/index.php\/2021\/09\/18\/moraju-li-djeca-nositi-maske-u-skolama-evo-koja-su-pravila-u-ovoj-skolskoj-godini\/#primaryimage"},"thumbnailUrl":"https:\/\/radioljubuski.ba\/wp-content\/uploads\/2021\/09\/HN20200907712789-2-696x374-1.jpg","articleSection":["BIH i regija"],"inLanguage":"hr"},{"@type":"WebPage","@id":"https:\/\/radioljubuski.ba\/index.php\/2021\/09\/18\/moraju-li-djeca-nositi-maske-u-skolama-evo-koja-su-pravila-u-ovoj-skolskoj-godini\/","url":"https:\/\/radioljubuski.ba\/index.php\/2021\/09\/18\/moraju-li-djeca-nositi-maske-u-skolama-evo-koja-su-pravila-u-ovoj-skolskoj-godini\/","name":"Moraju li djeca nositi maske u \u0161kolama? Evo koja su pravila u ovoj \u0161kolskoj godini - RADIO LJUBU\u0160KI","isPartOf":{"@id":"https:\/\/radioljubuski.ba\/#website"},"primaryImageOfPage":{"@id":"https:\/\/radioljubuski.ba\/index.php\/2021\/09\/18\/moraju-li-djeca-nositi-maske-u-skolama-evo-koja-su-pravila-u-ovoj-skolskoj-godini\/#primaryimage"},"image":{"@id":"https:\/\/radioljubuski.ba\/index.php\/2021\/09\/18\/moraju-li-djeca-nositi-maske-u-skolama-evo-koja-su-pravila-u-ovoj-skolskoj-godini\/#primaryimage"},"thumbnailUrl":"https:\/\/radioljubuski.ba\/wp-content\/uploads\/2021\/09\/HN20200907712789-2-696x374-1.jpg","datePublished":"2021-09-18T07:30:12+00:00","dateModified":"2021-09-18T07:30:14+00:00","breadcrumb":{"@id":"https:\/\/radioljubuski.ba\/index.php\/2021\/09\/18\/moraju-li-djeca-nositi-maske-u-skolama-evo-koja-su-pravila-u-ovoj-skolskoj-godini\/#breadcrumb"},"inLanguage":"hr","potentialAction":[{"@type":"ReadAction","target":["https:\/\/radioljubuski.ba\/index.php\/2021\/09\/18\/moraju-li-djeca-nositi-maske-u-skolama-evo-koja-su-pravila-u-ovoj-skolskoj-godini\/"]}]},{"@type":"ImageObject","inLanguage":"hr","@id":"https:\/\/radioljubuski.ba\/index.php\/2021\/09\/18\/moraju-li-djeca-nositi-maske-u-skolama-evo-koja-su-pravila-u-ovoj-skolskoj-godini\/#primaryimage","url":"https:\/\/radioljubuski.ba\/wp-content\/uploads\/2021\/09\/HN20200907712789-2-696x374-1.jpg","contentUrl":"https:\/\/radioljubuski.ba\/wp-content\/uploads\/2021\/09\/HN20200907712789-2-696x374-1.jpg","width":696,"height":374},{"@type":"BreadcrumbList","@id":"https:\/\/radioljubuski.ba\/index.php\/2021\/09\/18\/moraju-li-djeca-nositi-maske-u-skolama-evo-koja-su-pravila-u-ovoj-skolskoj-godini\/#breadcrumb","itemListElement":[{"@type":"ListItem","position":1,"name":"Po\u010detna stranica","item":"https:\/\/radioljubuski.ba\/"},{"@type":"ListItem","position":2,"name":"Moraju li djeca nositi maske u \u0161kolama? Evo koja su pravila u ovoj \u0161kolskoj godini"}]},{"@type":"WebSite","@id":"https:\/\/radioljubuski.ba\/#website","url":"https:\/\/radioljubuski.ba\/","name":"Radio Ljubu\u0161ki","description":"Sun\u010dana frekvencija Hercegovine","publisher":{"@id":"https:\/\/radioljubuski.ba\/#organization"},"potentialAction":[{"@type":"SearchAction","target":{"@type":"EntryPoint","urlTemplate":"https:\/\/radioljubuski.ba\/?s={search_term_string}"},"query-input":{"@type":"PropertyValueSpecification","valueRequired":true,"valueName":"search_term_string"}}],"inLanguage":"hr"},{"@type":"Organization","@id":"https:\/\/radioljubuski.ba\/#organization","name":"Radio Ljubu\u0161ki","url":"https:\/\/radioljubuski.ba\/","logo":{"@type":"ImageObject","inLanguage":"hr","@id":"https:\/\/radioljubuski.ba\/#\/schema\/logo\/image\/","url":"https:\/\/radioljubuski.ba\/wp-content\/uploads\/2021\/02\/cropped-Radio_Ljubuski_logo1.jpg","contentUrl":"https:\/\/radioljubuski.ba\/wp-content\/uploads\/2021\/02\/cropped-Radio_Ljubuski_logo1.jpg","width":512,"height":512,"caption":"Radio Ljubu\u0161ki"},"image":{"@id":"https:\/\/radioljubuski.ba\/#\/schema\/logo\/image\/"},"sameAs":["https:\/\/www.facebook.com\/Radiio-Ljubuski-1490835324566332","https:\/\/x.com\/radioljubuski","https:\/\/hr.linkedin.com\/company\/radio-ljubuski","https:\/\/www.youtube.com\/channel\/UCHYaeO_n0Db3tjNGudGpXyw"]},{"@type":"Person","@id":"https:\/\/radioljubuski.ba\/#\/schema\/person\/19fc700381a780f69665d7956c469e3b","name":"Radio Ljubu\u0161ki"}]}},"_links":{"self":[{"href":"https:\/\/radioljubuski.ba\/index.php\/wp-json\/wp\/v2\/posts\/65075","targetHints":{"allow":["GET"]}}],"collection":[{"href":"https:\/\/radioljubuski.ba\/index.php\/wp-json\/wp\/v2\/posts"}],"about":[{"href":"https:\/\/radioljubuski.ba\/index.php\/wp-json\/wp\/v2\/types\/post"}],"author":[{"embeddable":true,"href":"https:\/\/radioljubuski.ba\/index.php\/wp-json\/wp\/v2\/users\/2"}],"replies":[{"embeddable":true,"href":"https:\/\/radioljubuski.ba\/index.php\/wp-json\/wp\/v2\/comments?post=65075"}],"version-history":[{"count":1,"href":"https:\/\/radioljubuski.ba\/index.php\/wp-json\/wp\/v2\/posts\/65075\/revisions"}],"predecessor-version":[{"id":65077,"href":"https:\/\/radioljubuski.ba\/index.php\/wp-json\/wp\/v2\/posts\/65075\/revisions\/65077"}],"wp:featuredmedia":[{"embeddable":true,"href":"https:\/\/radioljubuski.ba\/index.php\/wp-json\/wp\/v2\/media\/65076"}],"wp:attachment":[{"href":"https:\/\/radioljubuski.ba\/index.php\/wp-json\/wp\/v2\/media?parent=65075"}],"wp:term":[{"taxonomy":"category","embeddable":true,"href":"https:\/\/radioljubuski.ba\/index.php\/wp-json\/wp\/v2\/categories?post=65075"},{"taxonomy":"post_tag","embeddable":true,"href":"https:\/\/radioljubuski.ba\/index.php\/wp-json\/wp\/v2\/tags?post=65075"}],"curies":[{"name":"wp","href":"https:\/\/api.w.org\/{rel}","templated":true}]}}