{"id":65078,"date":"2021-09-18T08:31:52","date_gmt":"2021-09-18T07:31:52","guid":{"rendered":"https:\/\/radioljubuski.ba\/?p=65078"},"modified":"2021-09-18T08:31:53","modified_gmt":"2021-09-18T07:31:53","slug":"tone-li-australija-u-mrak-hoce-li-necijepljeni-biti-iskljuceni-iz-ekonomije-cjepiva","status":"publish","type":"post","link":"https:\/\/radioljubuski.ba\/index.php\/2021\/09\/18\/tone-li-australija-u-mrak-hoce-li-necijepljeni-biti-iskljuceni-iz-ekonomije-cjepiva\/","title":{"rendered":"Tone li Australija u mrak \u2013 ho\u0107e li necijepljeni biti isklju\u010deni iz \u2018ekonomije cjepiva\u2019?"},"content":{"rendered":"\n<p><strong>\u201cPre\u0107i \u0107emo u situaciju u kojoj \u0107emo, radi za\u0161tite zdravstvenog sustava, isklju\u010diti ljude koji nisu cijepljeni, a mogu biti\u201d, rekao je premijer Andrews.<\/strong><\/p>\n\n\n\n<p><strong>Podsje\u0107amo, brojne znanstvene analize pokazale su da cijepljeni ljudi prenose zarazu koronavirusa, pa je i \u010dlan Znanstvenog savjeta Gordan Lauc upozorio na besmislenost COVID potvda u \u010dlanku:<\/strong><\/p>\n\n\n\n<p>Premijer savezne dr\u017eave Victoria u Australiji Daniel Andrews poslao je jasnu poruku o tome kako \u0107e budu\u0107nost gospodarstva izgledati u dr\u017eavi, rekav\u0161i da \u0107e dokaz o dvostrukom cijepljenju sada biti norma, pi\u0161e <a href=\"https:\/\/www.abc.net.au\/news\/2021-09-06\/daniel-andrews-vaccine-passport-double-vaccinated\/100435606\">abc.net.au<\/a><\/p>\n\n\n\n<p>\u201cPostojat \u0107e cijepljeno gospodarstvo i u tome \u0107ete sudjelovati ako ste cijepljeni\u201d, rekao je premijer Andrews.<\/p>\n\n\n\n<p>\u201cPre\u0107i \u0107emo u situaciju u kojoj \u0107emo, radi za\u0161tite zdravstvenog sustava, isklju\u010diti ljude koji nisu cijepljeni, a mogu biti\u201d, rekao je Andrews.<\/p>\n\n\n\n<p>Kada se karantena ukine, rekao je premijer Dan Andrews, budu\u0107a ograni\u010denja primjenjivat \u0107e se velikim dijelom samo na one koji nisu cijepljeni.<\/p>\n\n\n\n<p>Vlada ka\u017ee da je u procesu razvoja industrijskog pilot programa za ispitivanje odr\u017eivosti \u2018ekonomije cjepiva\u2019, gdje je vi\u0161e doga\u0111aja, objekata i usluga otvoreno samo za ljude koji su primili dvije doze cjepiva protiv COVID-19.<\/p>\n\n\n\n<p>Jo\u0161 nisu otkriveni nikakvi detalji o pilot programu.<\/p>\n\n\n\n<p><em>Izvor: narod.hr\/abc.net.au<\/em><\/p>\n","protected":false},"excerpt":{"rendered":"<p>\u201cPre\u0107i \u0107emo u situaciju u kojoj \u0107emo, radi za\u0161tite zdravstvenog sustava, isklju\u010diti ljude koji nisu cijepljeni, a mogu biti\u201d, rekao je premijer Andrews. Podsje\u0107amo, brojne znanstvene analize pokazale su da cijepljeni ljudi prenose zarazu koronavirusa, pa je i \u010dlan Znanstvenog savjeta Gordan Lauc upozorio na besmislenost COVID potvda u \u010dlanku: Premijer savezne dr\u017eave Victoria u [&hellip;]<\/p>\n","protected":false},"author":2,"featured_media":65079,"comment_status":"closed","ping_status":"closed","sticky":false,"template":"","format":"standard","meta":{"h5ap_radio_sources":[],"footnotes":""},"categories":[1],"tags":[],"class_list":["post-65078","post","type-post","status-publish","format-standard","has-post-thumbnail","hentry","category-bihiregija"],"yoast_head":"<!-- This site is optimized with the Yoast SEO plugin v27.5 - https:\/\/yoast.com\/product\/yoast-seo-wordpress\/ -->\n<title>Tone li Australija u mrak \u2013 ho\u0107e li necijepljeni biti isklju\u010deni iz \u2018ekonomije cjepiva\u2019? - RADIO LJUBU\u0160KI<\/title>\n<meta name=\"robots\" content=\"index, follow, max-snippet:-1, max-image-preview:large, max-video-preview:-1\" \/>\n<link rel=\"canonical\" href=\"https:\/\/radioljubuski.ba\/index.php\/2021\/09\/18\/tone-li-australija-u-mrak-hoce-li-necijepljeni-biti-iskljuceni-iz-ekonomije-cjepiva\/\" \/>\n<meta property=\"og:locale\" content=\"hr_HR\" \/>\n<meta property=\"og:type\" content=\"article\" \/>\n<meta property=\"og:title\" content=\"Tone li Australija u mrak \u2013 ho\u0107e li necijepljeni biti isklju\u010deni iz \u2018ekonomije cjepiva\u2019? - RADIO LJUBU\u0160KI\" \/>\n<meta property=\"og:description\" content=\"\u201cPre\u0107i \u0107emo u situaciju u kojoj \u0107emo, radi za\u0161tite zdravstvenog sustava, isklju\u010diti ljude koji nisu cijepljeni, a mogu biti\u201d, rekao je premijer Andrews. Podsje\u0107amo, brojne znanstvene analize pokazale su da cijepljeni ljudi prenose zarazu koronavirusa, pa je i \u010dlan Znanstvenog savjeta Gordan Lauc upozorio na besmislenost COVID potvda u \u010dlanku: Premijer savezne dr\u017eave Victoria u [&hellip;]\" \/>\n<meta property=\"og:url\" content=\"https:\/\/radioljubuski.ba\/index.php\/2021\/09\/18\/tone-li-australija-u-mrak-hoce-li-necijepljeni-biti-iskljuceni-iz-ekonomije-cjepiva\/\" \/>\n<meta property=\"og:site_name\" content=\"RADIO LJUBU\u0160KI\" \/>\n<meta property=\"article:publisher\" content=\"https:\/\/www.facebook.com\/Radiio-Ljubuski-1490835324566332\" \/>\n<meta property=\"article:published_time\" content=\"2021-09-18T07:31:52+00:00\" \/>\n<meta property=\"article:modified_time\" content=\"2021-09-18T07:31:53+00:00\" \/>\n<meta property=\"og:image\" content=\"https:\/\/radioljubuski.ba\/wp-content\/uploads\/2021\/09\/HN20210821162033-2-696x464-1.jpg\" \/>\n\t<meta property=\"og:image:width\" content=\"696\" \/>\n\t<meta property=\"og:image:height\" content=\"464\" \/>\n\t<meta property=\"og:image:type\" content=\"image\/jpeg\" \/>\n<meta name=\"author\" content=\"Radio Ljubu\u0161ki\" \/>\n<meta name=\"twitter:card\" content=\"summary_large_image\" \/>\n<meta name=\"twitter:creator\" content=\"@radioljubuski\" \/>\n<meta name=\"twitter:site\" content=\"@radioljubuski\" \/>\n<meta name=\"twitter:label1\" content=\"Napisao\/la\" \/>\n\t<meta name=\"twitter:data1\" content=\"Radio Ljubu\u0161ki\" \/>\n\t<meta name=\"twitter:label2\" content=\"Procijenjeno vrijeme \u010ditanja\" \/>\n\t<meta name=\"twitter:data2\" content=\"1 minuta\" \/>\n<script type=\"application\/ld+json\" class=\"yoast-schema-graph\">{\"@context\":\"https:\\\/\\\/schema.org\",\"@graph\":[{\"@type\":\"Article\",\"@id\":\"https:\\\/\\\/radioljubuski.ba\\\/index.php\\\/2021\\\/09\\\/18\\\/tone-li-australija-u-mrak-hoce-li-necijepljeni-biti-iskljuceni-iz-ekonomije-cjepiva\\\/#article\",\"isPartOf\":{\"@id\":\"https:\\\/\\\/radioljubuski.ba\\\/index.php\\\/2021\\\/09\\\/18\\\/tone-li-australija-u-mrak-hoce-li-necijepljeni-biti-iskljuceni-iz-ekonomije-cjepiva\\\/\"},\"author\":{\"name\":\"Radio Ljubu\u0161ki\",\"@id\":\"https:\\\/\\\/radioljubuski.ba\\\/#\\\/schema\\\/person\\\/19fc700381a780f69665d7956c469e3b\"},\"headline\":\"Tone li Australija u mrak \u2013 ho\u0107e li necijepljeni biti isklju\u010deni iz \u2018ekonomije cjepiva\u2019?\",\"datePublished\":\"2021-09-18T07:31:52+00:00\",\"dateModified\":\"2021-09-18T07:31:53+00:00\",\"mainEntityOfPage\":{\"@id\":\"https:\\\/\\\/radioljubuski.ba\\\/index.php\\\/2021\\\/09\\\/18\\\/tone-li-australija-u-mrak-hoce-li-necijepljeni-biti-iskljuceni-iz-ekonomije-cjepiva\\\/\"},\"wordCount\":226,\"publisher\":{\"@id\":\"https:\\\/\\\/radioljubuski.ba\\\/#organization\"},\"image\":{\"@id\":\"https:\\\/\\\/radioljubuski.ba\\\/index.php\\\/2021\\\/09\\\/18\\\/tone-li-australija-u-mrak-hoce-li-necijepljeni-biti-iskljuceni-iz-ekonomije-cjepiva\\\/#primaryimage\"},\"thumbnailUrl\":\"https:\\\/\\\/radioljubuski.ba\\\/wp-content\\\/uploads\\\/2021\\\/09\\\/HN20210821162033-2-696x464-1.jpg\",\"articleSection\":[\"BIH i regija\"],\"inLanguage\":\"hr\"},{\"@type\":\"WebPage\",\"@id\":\"https:\\\/\\\/radioljubuski.ba\\\/index.php\\\/2021\\\/09\\\/18\\\/tone-li-australija-u-mrak-hoce-li-necijepljeni-biti-iskljuceni-iz-ekonomije-cjepiva\\\/\",\"url\":\"https:\\\/\\\/radioljubuski.ba\\\/index.php\\\/2021\\\/09\\\/18\\\/tone-li-australija-u-mrak-hoce-li-necijepljeni-biti-iskljuceni-iz-ekonomije-cjepiva\\\/\",\"name\":\"Tone li Australija u mrak \u2013 ho\u0107e li necijepljeni biti isklju\u010deni iz \u2018ekonomije cjepiva\u2019? - RADIO LJUBU\u0160KI\",\"isPartOf\":{\"@id\":\"https:\\\/\\\/radioljubuski.ba\\\/#website\"},\"primaryImageOfPage\":{\"@id\":\"https:\\\/\\\/radioljubuski.ba\\\/index.php\\\/2021\\\/09\\\/18\\\/tone-li-australija-u-mrak-hoce-li-necijepljeni-biti-iskljuceni-iz-ekonomije-cjepiva\\\/#primaryimage\"},\"image\":{\"@id\":\"https:\\\/\\\/radioljubuski.ba\\\/index.php\\\/2021\\\/09\\\/18\\\/tone-li-australija-u-mrak-hoce-li-necijepljeni-biti-iskljuceni-iz-ekonomije-cjepiva\\\/#primaryimage\"},\"thumbnailUrl\":\"https:\\\/\\\/radioljubuski.ba\\\/wp-content\\\/uploads\\\/2021\\\/09\\\/HN20210821162033-2-696x464-1.jpg\",\"datePublished\":\"2021-09-18T07:31:52+00:00\",\"dateModified\":\"2021-09-18T07:31:53+00:00\",\"breadcrumb\":{\"@id\":\"https:\\\/\\\/radioljubuski.ba\\\/index.php\\\/2021\\\/09\\\/18\\\/tone-li-australija-u-mrak-hoce-li-necijepljeni-biti-iskljuceni-iz-ekonomije-cjepiva\\\/#breadcrumb\"},\"inLanguage\":\"hr\",\"potentialAction\":[{\"@type\":\"ReadAction\",\"target\":[\"https:\\\/\\\/radioljubuski.ba\\\/index.php\\\/2021\\\/09\\\/18\\\/tone-li-australija-u-mrak-hoce-li-necijepljeni-biti-iskljuceni-iz-ekonomije-cjepiva\\\/\"]}]},{\"@type\":\"ImageObject\",\"inLanguage\":\"hr\",\"@id\":\"https:\\\/\\\/radioljubuski.ba\\\/index.php\\\/2021\\\/09\\\/18\\\/tone-li-australija-u-mrak-hoce-li-necijepljeni-biti-iskljuceni-iz-ekonomije-cjepiva\\\/#primaryimage\",\"url\":\"https:\\\/\\\/radioljubuski.ba\\\/wp-content\\\/uploads\\\/2021\\\/09\\\/HN20210821162033-2-696x464-1.jpg\",\"contentUrl\":\"https:\\\/\\\/radioljubuski.ba\\\/wp-content\\\/uploads\\\/2021\\\/09\\\/HN20210821162033-2-696x464-1.jpg\",\"width\":696,\"height\":464},{\"@type\":\"BreadcrumbList\",\"@id\":\"https:\\\/\\\/radioljubuski.ba\\\/index.php\\\/2021\\\/09\\\/18\\\/tone-li-australija-u-mrak-hoce-li-necijepljeni-biti-iskljuceni-iz-ekonomije-cjepiva\\\/#breadcrumb\",\"itemListElement\":[{\"@type\":\"ListItem\",\"position\":1,\"name\":\"Po\u010detna stranica\",\"item\":\"https:\\\/\\\/radioljubuski.ba\\\/\"},{\"@type\":\"ListItem\",\"position\":2,\"name\":\"Tone li Australija u mrak \u2013 ho\u0107e li necijepljeni biti isklju\u010deni iz \u2018ekonomije cjepiva\u2019?\"}]},{\"@type\":\"WebSite\",\"@id\":\"https:\\\/\\\/radioljubuski.ba\\\/#website\",\"url\":\"https:\\\/\\\/radioljubuski.ba\\\/\",\"name\":\"Radio Ljubu\u0161ki\",\"description\":\"Sun\u010dana frekvencija Hercegovine\",\"publisher\":{\"@id\":\"https:\\\/\\\/radioljubuski.ba\\\/#organization\"},\"potentialAction\":[{\"@type\":\"SearchAction\",\"target\":{\"@type\":\"EntryPoint\",\"urlTemplate\":\"https:\\\/\\\/radioljubuski.ba\\\/?s={search_term_string}\"},\"query-input\":{\"@type\":\"PropertyValueSpecification\",\"valueRequired\":true,\"valueName\":\"search_term_string\"}}],\"inLanguage\":\"hr\"},{\"@type\":\"Organization\",\"@id\":\"https:\\\/\\\/radioljubuski.ba\\\/#organization\",\"name\":\"Radio Ljubu\u0161ki\",\"url\":\"https:\\\/\\\/radioljubuski.ba\\\/\",\"logo\":{\"@type\":\"ImageObject\",\"inLanguage\":\"hr\",\"@id\":\"https:\\\/\\\/radioljubuski.ba\\\/#\\\/schema\\\/logo\\\/image\\\/\",\"url\":\"https:\\\/\\\/radioljubuski.ba\\\/wp-content\\\/uploads\\\/2021\\\/02\\\/cropped-Radio_Ljubuski_logo1.jpg\",\"contentUrl\":\"https:\\\/\\\/radioljubuski.ba\\\/wp-content\\\/uploads\\\/2021\\\/02\\\/cropped-Radio_Ljubuski_logo1.jpg\",\"width\":512,\"height\":512,\"caption\":\"Radio Ljubu\u0161ki\"},\"image\":{\"@id\":\"https:\\\/\\\/radioljubuski.ba\\\/#\\\/schema\\\/logo\\\/image\\\/\"},\"sameAs\":[\"https:\\\/\\\/www.facebook.com\\\/Radiio-Ljubuski-1490835324566332\",\"https:\\\/\\\/x.com\\\/radioljubuski\",\"https:\\\/\\\/hr.linkedin.com\\\/company\\\/radio-ljubuski\",\"https:\\\/\\\/www.youtube.com\\\/channel\\\/UCHYaeO_n0Db3tjNGudGpXyw\"]},{\"@type\":\"Person\",\"@id\":\"https:\\\/\\\/radioljubuski.ba\\\/#\\\/schema\\\/person\\\/19fc700381a780f69665d7956c469e3b\",\"name\":\"Radio Ljubu\u0161ki\"}]}<\/script>\n<!-- \/ Yoast SEO plugin. -->","yoast_head_json":{"title":"Tone li Australija u mrak \u2013 ho\u0107e li necijepljeni biti isklju\u010deni iz \u2018ekonomije cjepiva\u2019? - RADIO LJUBU\u0160KI","robots":{"index":"index","follow":"follow","max-snippet":"max-snippet:-1","max-image-preview":"max-image-preview:large","max-video-preview":"max-video-preview:-1"},"canonical":"https:\/\/radioljubuski.ba\/index.php\/2021\/09\/18\/tone-li-australija-u-mrak-hoce-li-necijepljeni-biti-iskljuceni-iz-ekonomije-cjepiva\/","og_locale":"hr_HR","og_type":"article","og_title":"Tone li Australija u mrak \u2013 ho\u0107e li necijepljeni biti isklju\u010deni iz \u2018ekonomije cjepiva\u2019? - RADIO LJUBU\u0160KI","og_description":"\u201cPre\u0107i \u0107emo u situaciju u kojoj \u0107emo, radi za\u0161tite zdravstvenog sustava, isklju\u010diti ljude koji nisu cijepljeni, a mogu biti\u201d, rekao je premijer Andrews. Podsje\u0107amo, brojne znanstvene analize pokazale su da cijepljeni ljudi prenose zarazu koronavirusa, pa je i \u010dlan Znanstvenog savjeta Gordan Lauc upozorio na besmislenost COVID potvda u \u010dlanku: Premijer savezne dr\u017eave Victoria u [&hellip;]","og_url":"https:\/\/radioljubuski.ba\/index.php\/2021\/09\/18\/tone-li-australija-u-mrak-hoce-li-necijepljeni-biti-iskljuceni-iz-ekonomije-cjepiva\/","og_site_name":"RADIO LJUBU\u0160KI","article_publisher":"https:\/\/www.facebook.com\/Radiio-Ljubuski-1490835324566332","article_published_time":"2021-09-18T07:31:52+00:00","article_modified_time":"2021-09-18T07:31:53+00:00","og_image":[{"width":696,"height":464,"url":"https:\/\/radioljubuski.ba\/wp-content\/uploads\/2021\/09\/HN20210821162033-2-696x464-1.jpg","type":"image\/jpeg"}],"author":"Radio Ljubu\u0161ki","twitter_card":"summary_large_image","twitter_creator":"@radioljubuski","twitter_site":"@radioljubuski","twitter_misc":{"Napisao\/la":"Radio Ljubu\u0161ki","Procijenjeno vrijeme \u010ditanja":"1 minuta"},"schema":{"@context":"https:\/\/schema.org","@graph":[{"@type":"Article","@id":"https:\/\/radioljubuski.ba\/index.php\/2021\/09\/18\/tone-li-australija-u-mrak-hoce-li-necijepljeni-biti-iskljuceni-iz-ekonomije-cjepiva\/#article","isPartOf":{"@id":"https:\/\/radioljubuski.ba\/index.php\/2021\/09\/18\/tone-li-australija-u-mrak-hoce-li-necijepljeni-biti-iskljuceni-iz-ekonomije-cjepiva\/"},"author":{"name":"Radio Ljubu\u0161ki","@id":"https:\/\/radioljubuski.ba\/#\/schema\/person\/19fc700381a780f69665d7956c469e3b"},"headline":"Tone li Australija u mrak \u2013 ho\u0107e li necijepljeni biti isklju\u010deni iz \u2018ekonomije cjepiva\u2019?","datePublished":"2021-09-18T07:31:52+00:00","dateModified":"2021-09-18T07:31:53+00:00","mainEntityOfPage":{"@id":"https:\/\/radioljubuski.ba\/index.php\/2021\/09\/18\/tone-li-australija-u-mrak-hoce-li-necijepljeni-biti-iskljuceni-iz-ekonomije-cjepiva\/"},"wordCount":226,"publisher":{"@id":"https:\/\/radioljubuski.ba\/#organization"},"image":{"@id":"https:\/\/radioljubuski.ba\/index.php\/2021\/09\/18\/tone-li-australija-u-mrak-hoce-li-necijepljeni-biti-iskljuceni-iz-ekonomije-cjepiva\/#primaryimage"},"thumbnailUrl":"https:\/\/radioljubuski.ba\/wp-content\/uploads\/2021\/09\/HN20210821162033-2-696x464-1.jpg","articleSection":["BIH i regija"],"inLanguage":"hr"},{"@type":"WebPage","@id":"https:\/\/radioljubuski.ba\/index.php\/2021\/09\/18\/tone-li-australija-u-mrak-hoce-li-necijepljeni-biti-iskljuceni-iz-ekonomije-cjepiva\/","url":"https:\/\/radioljubuski.ba\/index.php\/2021\/09\/18\/tone-li-australija-u-mrak-hoce-li-necijepljeni-biti-iskljuceni-iz-ekonomije-cjepiva\/","name":"Tone li Australija u mrak \u2013 ho\u0107e li necijepljeni biti isklju\u010deni iz \u2018ekonomije cjepiva\u2019? - RADIO LJUBU\u0160KI","isPartOf":{"@id":"https:\/\/radioljubuski.ba\/#website"},"primaryImageOfPage":{"@id":"https:\/\/radioljubuski.ba\/index.php\/2021\/09\/18\/tone-li-australija-u-mrak-hoce-li-necijepljeni-biti-iskljuceni-iz-ekonomije-cjepiva\/#primaryimage"},"image":{"@id":"https:\/\/radioljubuski.ba\/index.php\/2021\/09\/18\/tone-li-australija-u-mrak-hoce-li-necijepljeni-biti-iskljuceni-iz-ekonomije-cjepiva\/#primaryimage"},"thumbnailUrl":"https:\/\/radioljubuski.ba\/wp-content\/uploads\/2021\/09\/HN20210821162033-2-696x464-1.jpg","datePublished":"2021-09-18T07:31:52+00:00","dateModified":"2021-09-18T07:31:53+00:00","breadcrumb":{"@id":"https:\/\/radioljubuski.ba\/index.php\/2021\/09\/18\/tone-li-australija-u-mrak-hoce-li-necijepljeni-biti-iskljuceni-iz-ekonomije-cjepiva\/#breadcrumb"},"inLanguage":"hr","potentialAction":[{"@type":"ReadAction","target":["https:\/\/radioljubuski.ba\/index.php\/2021\/09\/18\/tone-li-australija-u-mrak-hoce-li-necijepljeni-biti-iskljuceni-iz-ekonomije-cjepiva\/"]}]},{"@type":"ImageObject","inLanguage":"hr","@id":"https:\/\/radioljubuski.ba\/index.php\/2021\/09\/18\/tone-li-australija-u-mrak-hoce-li-necijepljeni-biti-iskljuceni-iz-ekonomije-cjepiva\/#primaryimage","url":"https:\/\/radioljubuski.ba\/wp-content\/uploads\/2021\/09\/HN20210821162033-2-696x464-1.jpg","contentUrl":"https:\/\/radioljubuski.ba\/wp-content\/uploads\/2021\/09\/HN20210821162033-2-696x464-1.jpg","width":696,"height":464},{"@type":"BreadcrumbList","@id":"https:\/\/radioljubuski.ba\/index.php\/2021\/09\/18\/tone-li-australija-u-mrak-hoce-li-necijepljeni-biti-iskljuceni-iz-ekonomije-cjepiva\/#breadcrumb","itemListElement":[{"@type":"ListItem","position":1,"name":"Po\u010detna stranica","item":"https:\/\/radioljubuski.ba\/"},{"@type":"ListItem","position":2,"name":"Tone li Australija u mrak \u2013 ho\u0107e li necijepljeni biti isklju\u010deni iz \u2018ekonomije cjepiva\u2019?"}]},{"@type":"WebSite","@id":"https:\/\/radioljubuski.ba\/#website","url":"https:\/\/radioljubuski.ba\/","name":"Radio Ljubu\u0161ki","description":"Sun\u010dana frekvencija Hercegovine","publisher":{"@id":"https:\/\/radioljubuski.ba\/#organization"},"potentialAction":[{"@type":"SearchAction","target":{"@type":"EntryPoint","urlTemplate":"https:\/\/radioljubuski.ba\/?s={search_term_string}"},"query-input":{"@type":"PropertyValueSpecification","valueRequired":true,"valueName":"search_term_string"}}],"inLanguage":"hr"},{"@type":"Organization","@id":"https:\/\/radioljubuski.ba\/#organization","name":"Radio Ljubu\u0161ki","url":"https:\/\/radioljubuski.ba\/","logo":{"@type":"ImageObject","inLanguage":"hr","@id":"https:\/\/radioljubuski.ba\/#\/schema\/logo\/image\/","url":"https:\/\/radioljubuski.ba\/wp-content\/uploads\/2021\/02\/cropped-Radio_Ljubuski_logo1.jpg","contentUrl":"https:\/\/radioljubuski.ba\/wp-content\/uploads\/2021\/02\/cropped-Radio_Ljubuski_logo1.jpg","width":512,"height":512,"caption":"Radio Ljubu\u0161ki"},"image":{"@id":"https:\/\/radioljubuski.ba\/#\/schema\/logo\/image\/"},"sameAs":["https:\/\/www.facebook.com\/Radiio-Ljubuski-1490835324566332","https:\/\/x.com\/radioljubuski","https:\/\/hr.linkedin.com\/company\/radio-ljubuski","https:\/\/www.youtube.com\/channel\/UCHYaeO_n0Db3tjNGudGpXyw"]},{"@type":"Person","@id":"https:\/\/radioljubuski.ba\/#\/schema\/person\/19fc700381a780f69665d7956c469e3b","name":"Radio Ljubu\u0161ki"}]}},"_links":{"self":[{"href":"https:\/\/radioljubuski.ba\/index.php\/wp-json\/wp\/v2\/posts\/65078","targetHints":{"allow":["GET"]}}],"collection":[{"href":"https:\/\/radioljubuski.ba\/index.php\/wp-json\/wp\/v2\/posts"}],"about":[{"href":"https:\/\/radioljubuski.ba\/index.php\/wp-json\/wp\/v2\/types\/post"}],"author":[{"embeddable":true,"href":"https:\/\/radioljubuski.ba\/index.php\/wp-json\/wp\/v2\/users\/2"}],"replies":[{"embeddable":true,"href":"https:\/\/radioljubuski.ba\/index.php\/wp-json\/wp\/v2\/comments?post=65078"}],"version-history":[{"count":1,"href":"https:\/\/radioljubuski.ba\/index.php\/wp-json\/wp\/v2\/posts\/65078\/revisions"}],"predecessor-version":[{"id":65080,"href":"https:\/\/radioljubuski.ba\/index.php\/wp-json\/wp\/v2\/posts\/65078\/revisions\/65080"}],"wp:featuredmedia":[{"embeddable":true,"href":"https:\/\/radioljubuski.ba\/index.php\/wp-json\/wp\/v2\/media\/65079"}],"wp:attachment":[{"href":"https:\/\/radioljubuski.ba\/index.php\/wp-json\/wp\/v2\/media?parent=65078"}],"wp:term":[{"taxonomy":"category","embeddable":true,"href":"https:\/\/radioljubuski.ba\/index.php\/wp-json\/wp\/v2\/categories?post=65078"},{"taxonomy":"post_tag","embeddable":true,"href":"https:\/\/radioljubuski.ba\/index.php\/wp-json\/wp\/v2\/tags?post=65078"}],"curies":[{"name":"wp","href":"https:\/\/api.w.org\/{rel}","templated":true}]}}