{"id":65081,"date":"2021-09-18T08:34:57","date_gmt":"2021-09-18T07:34:57","guid":{"rendered":"https:\/\/radioljubuski.ba\/?p=65081"},"modified":"2021-09-18T08:34:57","modified_gmt":"2021-09-18T07:34:57","slug":"dan-hrvatske-ratne-mornarice-18-rujna-887-mornari-kneza-branimira-odnijeli-veliku-pobjedu","status":"publish","type":"post","link":"https:\/\/radioljubuski.ba\/index.php\/2021\/09\/18\/dan-hrvatske-ratne-mornarice-18-rujna-887-mornari-kneza-branimira-odnijeli-veliku-pobjedu\/","title":{"rendered":"Dan Hrvatske ratne mornarice \u2013 18. rujna 887. mornari kneza Branimira odnijeli veliku pobjedu"},"content":{"rendered":"\n<p><strong>Dan Hrvatske ratne mornarice slavi se 18. rujna u sje\u0107anje na ovaj datum daleke 887. godine, kad je pod knezom Branimirom pobijedila Mle\u010dane kod Makarske. Odluku o obilje\u017eavanju ovog datuma 1993. godine donio je tada\u0161nji predsjednik dr. Franjo Tu\u0111man.&nbsp;<\/strong><\/p>\n\n\n\n<p>Ovo je jedna od klju\u010dnih bitaka koje su odredile tijek povijesti na isto\u010dnoj jadranskoj obali u korist Hrvata, a slavi se na dana\u0161nji dan jer se time \u017eeli istaknuti vjekovna hrvatska pomorska tradicija.<\/p>\n\n\n\n<p>Dana 18. rujna 887.&nbsp;<strong>hrvatski mornari iz podru\u010dja Neretve<\/strong> su u bitci kod Makarske nanijeli te\u017eak poraz mo\u0107noj venecijanskoj pomorskoj floti koja je htjela uspostaviti kontrolu nad isto\u010dnom obalom Jadrana. Bilo je to u vrijeme slavnog hrvatskog kneza Branimira, koji je naslijedio slavne hrvatske mornare kneza Domagoja.<\/p>\n\n\n\n<p>A bitka je poznata pod imenom Mucules.<\/p>\n\n\n\n<p>U bitci je, prema zapisima mleta\u010dkog ljetopisca\u00a0Ivana \u0110akona, \u017eivot izgubio i sam du\u017ed mleta\u010dki\u00a0Petar Kandijan, a desetlje\u0107ima nakon toga, sve do po\u010detka 11. stolje\u0107a, Mle\u010dani su hrvatskim vladarima pla\u0107ali danak (tributum pacis) za plovidbu Jadranom.<\/p>\n\n\n\n<figure class=\"wp-block-image\"><img decoding=\"async\" src=\"https:\/\/narod.hr\/wp-content\/uploads\/2021\/09\/Bitka-kod-Makarske-Fedor-Mazuranic-1920-2010-HRM-640x440-1.jpg\" alt=\"\" class=\"wp-image-1187552\"\/><figcaption>Ilustracija: Fedor Ma\u017eurani\u0107 (1920- 2010)\/ Logo HRM<\/figcaption><\/figure>\n\n\n\n<p><strong>Povijesni kontekst bitke<\/strong><\/p>\n\n\n\n<p>Mleta\u010dka je Republika htjela ovladati isto\u010dnom jadranskom obalom te tako u potpunosti vladati Jadranskim morem. Jo\u0161 od kneza Domagoja u\u010destali udari brodovlja tog hrvatskog kneza onemogu\u0107ili su im mirnu i neometanu plovidbu. Krajem 9 st. isto im se doga\u0111alo sa hrvatskim pomorcima i ratnicima iz podru\u010dja kne\u017eevine Neretve. Ona je u 9 st. obuhva\u0107ala podru\u010dje izme\u0111u Cetine i Neretve sa jezgrom u nepristupa\u010dnoj delti Neretve i obli\u017enjim otocima Mljetom, Kor\u010dulom Bra\u010dom i Hvarom.<\/p>\n\n\n\n<p>Novoizabrani mleta\u010dki&nbsp;du\u017ed&nbsp;Petar I. Kandijan&nbsp;se te 887. godine zaputio brodovljem u kaznenu ekspediciju prema Neretvanima. Prema zapisima spomenutog mleta\u010dkog ljetopisca&nbsp;Ivana \u0110akona, snage mleta\u010dkog brodovlja \u010dinilo je 12 brodova. Iskrcao se kod&nbsp;Makarske. &nbsp;Prvi udarni val mleta\u010dkih postrojba bio je uspje\u0161an. Mle\u010dani su Neretvanima uni\u0161tili pet brodova. No, uskoro,&nbsp;18. rujna&nbsp;887.&nbsp;godine, Neretvani su sna\u017eno uzvratili te u potpunosti razbili mleta\u010dke snage i na kopnu i na moru. Sam je mleta\u010dki du\u017ed poginuo u ovoj bitci, a njegovo tijelo Mle\u010dani nisu odnijeli, nego je ostalo kod Neretvana.<\/p>\n\n\n\n<p>Od onda pa sve do konca 10. stolje\u0107a Hrvati i Mle\u010dani \u017eive u miru, a Mle\u010dani su prisiljeni godi\u0161nje pla\u0107ati hrvatskom vladaru danak (tzv. tributum pacis).<\/p>\n\n\n\n<p>To je jedna od bitaka koje su odredile tijek povijesti na isto\u010dnoj jadranskoj obali u korist Hrvata, a slavi se na dana\u0161nji dan jer se time \u017eeli istaknuti vjekovna hrvatska pomorska tradicija.<\/p>\n\n\n\n<figure class=\"wp-block-image\"><img decoding=\"async\" src=\"https:\/\/narod.hr\/wp-content\/uploads\/2021\/09\/Bitke_kod_Makarske_887-696x453-1.jpg\" alt=\"\" class=\"wp-image-1187553\"\/><figcaption>Foto: Wikimedia.commons.org<\/figcaption><\/figure>\n\n\n\n<p><em>Izvor: narod.hr<\/em><\/p>\n","protected":false},"excerpt":{"rendered":"<p>Dan Hrvatske ratne mornarice slavi se 18. rujna u sje\u0107anje na ovaj datum daleke 887. godine, kad je pod knezom Branimirom pobijedila Mle\u010dane kod Makarske. Odluku o obilje\u017eavanju ovog datuma 1993. godine donio je tada\u0161nji predsjednik dr. Franjo Tu\u0111man.&nbsp; Ovo je jedna od klju\u010dnih bitaka koje su odredile tijek povijesti na isto\u010dnoj jadranskoj obali u [&hellip;]<\/p>\n","protected":false},"author":2,"featured_media":65082,"comment_status":"closed","ping_status":"closed","sticky":false,"template":"","format":"standard","meta":{"h5ap_radio_sources":[],"footnotes":""},"categories":[1],"tags":[],"class_list":["post-65081","post","type-post","status-publish","format-standard","has-post-thumbnail","hentry","category-bihiregija"],"yoast_head":"<!-- This site is optimized with the Yoast SEO plugin v27.5 - https:\/\/yoast.com\/product\/yoast-seo-wordpress\/ -->\n<title>Dan Hrvatske ratne mornarice \u2013 18. rujna 887. mornari kneza Branimira odnijeli veliku pobjedu - RADIO LJUBU\u0160KI<\/title>\n<meta name=\"robots\" content=\"index, follow, max-snippet:-1, max-image-preview:large, max-video-preview:-1\" \/>\n<link rel=\"canonical\" href=\"https:\/\/radioljubuski.ba\/index.php\/2021\/09\/18\/dan-hrvatske-ratne-mornarice-18-rujna-887-mornari-kneza-branimira-odnijeli-veliku-pobjedu\/\" \/>\n<meta property=\"og:locale\" content=\"hr_HR\" \/>\n<meta property=\"og:type\" content=\"article\" \/>\n<meta property=\"og:title\" content=\"Dan Hrvatske ratne mornarice \u2013 18. rujna 887. mornari kneza Branimira odnijeli veliku pobjedu - RADIO LJUBU\u0160KI\" \/>\n<meta property=\"og:description\" content=\"Dan Hrvatske ratne mornarice slavi se 18. rujna u sje\u0107anje na ovaj datum daleke 887. godine, kad je pod knezom Branimirom pobijedila Mle\u010dane kod Makarske. Odluku o obilje\u017eavanju ovog datuma 1993. godine donio je tada\u0161nji predsjednik dr. Franjo Tu\u0111man.&nbsp; Ovo je jedna od klju\u010dnih bitaka koje su odredile tijek povijesti na isto\u010dnoj jadranskoj obali u [&hellip;]\" \/>\n<meta property=\"og:url\" content=\"https:\/\/radioljubuski.ba\/index.php\/2021\/09\/18\/dan-hrvatske-ratne-mornarice-18-rujna-887-mornari-kneza-branimira-odnijeli-veliku-pobjedu\/\" \/>\n<meta property=\"og:site_name\" content=\"RADIO LJUBU\u0160KI\" \/>\n<meta property=\"article:publisher\" content=\"https:\/\/www.facebook.com\/Radiio-Ljubuski-1490835324566332\" \/>\n<meta property=\"article:published_time\" content=\"2021-09-18T07:34:57+00:00\" \/>\n<meta property=\"og:image\" content=\"https:\/\/radioljubuski.ba\/wp-content\/uploads\/2021\/09\/knez_Branimir-696x444-1.jpg\" \/>\n\t<meta property=\"og:image:width\" content=\"696\" \/>\n\t<meta property=\"og:image:height\" content=\"444\" \/>\n\t<meta property=\"og:image:type\" content=\"image\/jpeg\" \/>\n<meta name=\"author\" content=\"Radio Ljubu\u0161ki\" \/>\n<meta name=\"twitter:card\" content=\"summary_large_image\" \/>\n<meta name=\"twitter:creator\" content=\"@radioljubuski\" \/>\n<meta name=\"twitter:site\" content=\"@radioljubuski\" \/>\n<meta name=\"twitter:label1\" content=\"Napisao\/la\" \/>\n\t<meta name=\"twitter:data1\" content=\"Radio Ljubu\u0161ki\" \/>\n\t<meta name=\"twitter:label2\" content=\"Procijenjeno vrijeme \u010ditanja\" \/>\n\t<meta name=\"twitter:data2\" content=\"3 minute\" \/>\n<script type=\"application\/ld+json\" class=\"yoast-schema-graph\">{\"@context\":\"https:\\\/\\\/schema.org\",\"@graph\":[{\"@type\":\"Article\",\"@id\":\"https:\\\/\\\/radioljubuski.ba\\\/index.php\\\/2021\\\/09\\\/18\\\/dan-hrvatske-ratne-mornarice-18-rujna-887-mornari-kneza-branimira-odnijeli-veliku-pobjedu\\\/#article\",\"isPartOf\":{\"@id\":\"https:\\\/\\\/radioljubuski.ba\\\/index.php\\\/2021\\\/09\\\/18\\\/dan-hrvatske-ratne-mornarice-18-rujna-887-mornari-kneza-branimira-odnijeli-veliku-pobjedu\\\/\"},\"author\":{\"name\":\"Radio Ljubu\u0161ki\",\"@id\":\"https:\\\/\\\/radioljubuski.ba\\\/#\\\/schema\\\/person\\\/19fc700381a780f69665d7956c469e3b\"},\"headline\":\"Dan Hrvatske ratne mornarice \u2013 18. rujna 887. mornari kneza Branimira odnijeli veliku pobjedu\",\"datePublished\":\"2021-09-18T07:34:57+00:00\",\"mainEntityOfPage\":{\"@id\":\"https:\\\/\\\/radioljubuski.ba\\\/index.php\\\/2021\\\/09\\\/18\\\/dan-hrvatske-ratne-mornarice-18-rujna-887-mornari-kneza-branimira-odnijeli-veliku-pobjedu\\\/\"},\"wordCount\":464,\"publisher\":{\"@id\":\"https:\\\/\\\/radioljubuski.ba\\\/#organization\"},\"image\":{\"@id\":\"https:\\\/\\\/radioljubuski.ba\\\/index.php\\\/2021\\\/09\\\/18\\\/dan-hrvatske-ratne-mornarice-18-rujna-887-mornari-kneza-branimira-odnijeli-veliku-pobjedu\\\/#primaryimage\"},\"thumbnailUrl\":\"https:\\\/\\\/radioljubuski.ba\\\/wp-content\\\/uploads\\\/2021\\\/09\\\/knez_Branimir-696x444-1.jpg\",\"articleSection\":[\"BIH i regija\"],\"inLanguage\":\"hr\"},{\"@type\":\"WebPage\",\"@id\":\"https:\\\/\\\/radioljubuski.ba\\\/index.php\\\/2021\\\/09\\\/18\\\/dan-hrvatske-ratne-mornarice-18-rujna-887-mornari-kneza-branimira-odnijeli-veliku-pobjedu\\\/\",\"url\":\"https:\\\/\\\/radioljubuski.ba\\\/index.php\\\/2021\\\/09\\\/18\\\/dan-hrvatske-ratne-mornarice-18-rujna-887-mornari-kneza-branimira-odnijeli-veliku-pobjedu\\\/\",\"name\":\"Dan Hrvatske ratne mornarice \u2013 18. rujna 887. mornari kneza Branimira odnijeli veliku pobjedu - RADIO LJUBU\u0160KI\",\"isPartOf\":{\"@id\":\"https:\\\/\\\/radioljubuski.ba\\\/#website\"},\"primaryImageOfPage\":{\"@id\":\"https:\\\/\\\/radioljubuski.ba\\\/index.php\\\/2021\\\/09\\\/18\\\/dan-hrvatske-ratne-mornarice-18-rujna-887-mornari-kneza-branimira-odnijeli-veliku-pobjedu\\\/#primaryimage\"},\"image\":{\"@id\":\"https:\\\/\\\/radioljubuski.ba\\\/index.php\\\/2021\\\/09\\\/18\\\/dan-hrvatske-ratne-mornarice-18-rujna-887-mornari-kneza-branimira-odnijeli-veliku-pobjedu\\\/#primaryimage\"},\"thumbnailUrl\":\"https:\\\/\\\/radioljubuski.ba\\\/wp-content\\\/uploads\\\/2021\\\/09\\\/knez_Branimir-696x444-1.jpg\",\"datePublished\":\"2021-09-18T07:34:57+00:00\",\"breadcrumb\":{\"@id\":\"https:\\\/\\\/radioljubuski.ba\\\/index.php\\\/2021\\\/09\\\/18\\\/dan-hrvatske-ratne-mornarice-18-rujna-887-mornari-kneza-branimira-odnijeli-veliku-pobjedu\\\/#breadcrumb\"},\"inLanguage\":\"hr\",\"potentialAction\":[{\"@type\":\"ReadAction\",\"target\":[\"https:\\\/\\\/radioljubuski.ba\\\/index.php\\\/2021\\\/09\\\/18\\\/dan-hrvatske-ratne-mornarice-18-rujna-887-mornari-kneza-branimira-odnijeli-veliku-pobjedu\\\/\"]}]},{\"@type\":\"ImageObject\",\"inLanguage\":\"hr\",\"@id\":\"https:\\\/\\\/radioljubuski.ba\\\/index.php\\\/2021\\\/09\\\/18\\\/dan-hrvatske-ratne-mornarice-18-rujna-887-mornari-kneza-branimira-odnijeli-veliku-pobjedu\\\/#primaryimage\",\"url\":\"https:\\\/\\\/radioljubuski.ba\\\/wp-content\\\/uploads\\\/2021\\\/09\\\/knez_Branimir-696x444-1.jpg\",\"contentUrl\":\"https:\\\/\\\/radioljubuski.ba\\\/wp-content\\\/uploads\\\/2021\\\/09\\\/knez_Branimir-696x444-1.jpg\",\"width\":696,\"height\":444},{\"@type\":\"BreadcrumbList\",\"@id\":\"https:\\\/\\\/radioljubuski.ba\\\/index.php\\\/2021\\\/09\\\/18\\\/dan-hrvatske-ratne-mornarice-18-rujna-887-mornari-kneza-branimira-odnijeli-veliku-pobjedu\\\/#breadcrumb\",\"itemListElement\":[{\"@type\":\"ListItem\",\"position\":1,\"name\":\"Po\u010detna stranica\",\"item\":\"https:\\\/\\\/radioljubuski.ba\\\/\"},{\"@type\":\"ListItem\",\"position\":2,\"name\":\"Dan Hrvatske ratne mornarice \u2013 18. rujna 887. mornari kneza Branimira odnijeli veliku pobjedu\"}]},{\"@type\":\"WebSite\",\"@id\":\"https:\\\/\\\/radioljubuski.ba\\\/#website\",\"url\":\"https:\\\/\\\/radioljubuski.ba\\\/\",\"name\":\"Radio Ljubu\u0161ki\",\"description\":\"Sun\u010dana frekvencija Hercegovine\",\"publisher\":{\"@id\":\"https:\\\/\\\/radioljubuski.ba\\\/#organization\"},\"potentialAction\":[{\"@type\":\"SearchAction\",\"target\":{\"@type\":\"EntryPoint\",\"urlTemplate\":\"https:\\\/\\\/radioljubuski.ba\\\/?s={search_term_string}\"},\"query-input\":{\"@type\":\"PropertyValueSpecification\",\"valueRequired\":true,\"valueName\":\"search_term_string\"}}],\"inLanguage\":\"hr\"},{\"@type\":\"Organization\",\"@id\":\"https:\\\/\\\/radioljubuski.ba\\\/#organization\",\"name\":\"Radio Ljubu\u0161ki\",\"url\":\"https:\\\/\\\/radioljubuski.ba\\\/\",\"logo\":{\"@type\":\"ImageObject\",\"inLanguage\":\"hr\",\"@id\":\"https:\\\/\\\/radioljubuski.ba\\\/#\\\/schema\\\/logo\\\/image\\\/\",\"url\":\"https:\\\/\\\/radioljubuski.ba\\\/wp-content\\\/uploads\\\/2021\\\/02\\\/cropped-Radio_Ljubuski_logo1.jpg\",\"contentUrl\":\"https:\\\/\\\/radioljubuski.ba\\\/wp-content\\\/uploads\\\/2021\\\/02\\\/cropped-Radio_Ljubuski_logo1.jpg\",\"width\":512,\"height\":512,\"caption\":\"Radio Ljubu\u0161ki\"},\"image\":{\"@id\":\"https:\\\/\\\/radioljubuski.ba\\\/#\\\/schema\\\/logo\\\/image\\\/\"},\"sameAs\":[\"https:\\\/\\\/www.facebook.com\\\/Radiio-Ljubuski-1490835324566332\",\"https:\\\/\\\/x.com\\\/radioljubuski\",\"https:\\\/\\\/hr.linkedin.com\\\/company\\\/radio-ljubuski\",\"https:\\\/\\\/www.youtube.com\\\/channel\\\/UCHYaeO_n0Db3tjNGudGpXyw\"]},{\"@type\":\"Person\",\"@id\":\"https:\\\/\\\/radioljubuski.ba\\\/#\\\/schema\\\/person\\\/19fc700381a780f69665d7956c469e3b\",\"name\":\"Radio Ljubu\u0161ki\"}]}<\/script>\n<!-- \/ Yoast SEO plugin. -->","yoast_head_json":{"title":"Dan Hrvatske ratne mornarice \u2013 18. rujna 887. mornari kneza Branimira odnijeli veliku pobjedu - RADIO LJUBU\u0160KI","robots":{"index":"index","follow":"follow","max-snippet":"max-snippet:-1","max-image-preview":"max-image-preview:large","max-video-preview":"max-video-preview:-1"},"canonical":"https:\/\/radioljubuski.ba\/index.php\/2021\/09\/18\/dan-hrvatske-ratne-mornarice-18-rujna-887-mornari-kneza-branimira-odnijeli-veliku-pobjedu\/","og_locale":"hr_HR","og_type":"article","og_title":"Dan Hrvatske ratne mornarice \u2013 18. rujna 887. mornari kneza Branimira odnijeli veliku pobjedu - RADIO LJUBU\u0160KI","og_description":"Dan Hrvatske ratne mornarice slavi se 18. rujna u sje\u0107anje na ovaj datum daleke 887. godine, kad je pod knezom Branimirom pobijedila Mle\u010dane kod Makarske. Odluku o obilje\u017eavanju ovog datuma 1993. godine donio je tada\u0161nji predsjednik dr. Franjo Tu\u0111man.&nbsp; Ovo je jedna od klju\u010dnih bitaka koje su odredile tijek povijesti na isto\u010dnoj jadranskoj obali u [&hellip;]","og_url":"https:\/\/radioljubuski.ba\/index.php\/2021\/09\/18\/dan-hrvatske-ratne-mornarice-18-rujna-887-mornari-kneza-branimira-odnijeli-veliku-pobjedu\/","og_site_name":"RADIO LJUBU\u0160KI","article_publisher":"https:\/\/www.facebook.com\/Radiio-Ljubuski-1490835324566332","article_published_time":"2021-09-18T07:34:57+00:00","og_image":[{"width":696,"height":444,"url":"https:\/\/radioljubuski.ba\/wp-content\/uploads\/2021\/09\/knez_Branimir-696x444-1.jpg","type":"image\/jpeg"}],"author":"Radio Ljubu\u0161ki","twitter_card":"summary_large_image","twitter_creator":"@radioljubuski","twitter_site":"@radioljubuski","twitter_misc":{"Napisao\/la":"Radio Ljubu\u0161ki","Procijenjeno vrijeme \u010ditanja":"3 minute"},"schema":{"@context":"https:\/\/schema.org","@graph":[{"@type":"Article","@id":"https:\/\/radioljubuski.ba\/index.php\/2021\/09\/18\/dan-hrvatske-ratne-mornarice-18-rujna-887-mornari-kneza-branimira-odnijeli-veliku-pobjedu\/#article","isPartOf":{"@id":"https:\/\/radioljubuski.ba\/index.php\/2021\/09\/18\/dan-hrvatske-ratne-mornarice-18-rujna-887-mornari-kneza-branimira-odnijeli-veliku-pobjedu\/"},"author":{"name":"Radio Ljubu\u0161ki","@id":"https:\/\/radioljubuski.ba\/#\/schema\/person\/19fc700381a780f69665d7956c469e3b"},"headline":"Dan Hrvatske ratne mornarice \u2013 18. rujna 887. mornari kneza Branimira odnijeli veliku pobjedu","datePublished":"2021-09-18T07:34:57+00:00","mainEntityOfPage":{"@id":"https:\/\/radioljubuski.ba\/index.php\/2021\/09\/18\/dan-hrvatske-ratne-mornarice-18-rujna-887-mornari-kneza-branimira-odnijeli-veliku-pobjedu\/"},"wordCount":464,"publisher":{"@id":"https:\/\/radioljubuski.ba\/#organization"},"image":{"@id":"https:\/\/radioljubuski.ba\/index.php\/2021\/09\/18\/dan-hrvatske-ratne-mornarice-18-rujna-887-mornari-kneza-branimira-odnijeli-veliku-pobjedu\/#primaryimage"},"thumbnailUrl":"https:\/\/radioljubuski.ba\/wp-content\/uploads\/2021\/09\/knez_Branimir-696x444-1.jpg","articleSection":["BIH i regija"],"inLanguage":"hr"},{"@type":"WebPage","@id":"https:\/\/radioljubuski.ba\/index.php\/2021\/09\/18\/dan-hrvatske-ratne-mornarice-18-rujna-887-mornari-kneza-branimira-odnijeli-veliku-pobjedu\/","url":"https:\/\/radioljubuski.ba\/index.php\/2021\/09\/18\/dan-hrvatske-ratne-mornarice-18-rujna-887-mornari-kneza-branimira-odnijeli-veliku-pobjedu\/","name":"Dan Hrvatske ratne mornarice \u2013 18. rujna 887. mornari kneza Branimira odnijeli veliku pobjedu - RADIO LJUBU\u0160KI","isPartOf":{"@id":"https:\/\/radioljubuski.ba\/#website"},"primaryImageOfPage":{"@id":"https:\/\/radioljubuski.ba\/index.php\/2021\/09\/18\/dan-hrvatske-ratne-mornarice-18-rujna-887-mornari-kneza-branimira-odnijeli-veliku-pobjedu\/#primaryimage"},"image":{"@id":"https:\/\/radioljubuski.ba\/index.php\/2021\/09\/18\/dan-hrvatske-ratne-mornarice-18-rujna-887-mornari-kneza-branimira-odnijeli-veliku-pobjedu\/#primaryimage"},"thumbnailUrl":"https:\/\/radioljubuski.ba\/wp-content\/uploads\/2021\/09\/knez_Branimir-696x444-1.jpg","datePublished":"2021-09-18T07:34:57+00:00","breadcrumb":{"@id":"https:\/\/radioljubuski.ba\/index.php\/2021\/09\/18\/dan-hrvatske-ratne-mornarice-18-rujna-887-mornari-kneza-branimira-odnijeli-veliku-pobjedu\/#breadcrumb"},"inLanguage":"hr","potentialAction":[{"@type":"ReadAction","target":["https:\/\/radioljubuski.ba\/index.php\/2021\/09\/18\/dan-hrvatske-ratne-mornarice-18-rujna-887-mornari-kneza-branimira-odnijeli-veliku-pobjedu\/"]}]},{"@type":"ImageObject","inLanguage":"hr","@id":"https:\/\/radioljubuski.ba\/index.php\/2021\/09\/18\/dan-hrvatske-ratne-mornarice-18-rujna-887-mornari-kneza-branimira-odnijeli-veliku-pobjedu\/#primaryimage","url":"https:\/\/radioljubuski.ba\/wp-content\/uploads\/2021\/09\/knez_Branimir-696x444-1.jpg","contentUrl":"https:\/\/radioljubuski.ba\/wp-content\/uploads\/2021\/09\/knez_Branimir-696x444-1.jpg","width":696,"height":444},{"@type":"BreadcrumbList","@id":"https:\/\/radioljubuski.ba\/index.php\/2021\/09\/18\/dan-hrvatske-ratne-mornarice-18-rujna-887-mornari-kneza-branimira-odnijeli-veliku-pobjedu\/#breadcrumb","itemListElement":[{"@type":"ListItem","position":1,"name":"Po\u010detna stranica","item":"https:\/\/radioljubuski.ba\/"},{"@type":"ListItem","position":2,"name":"Dan Hrvatske ratne mornarice \u2013 18. rujna 887. mornari kneza Branimira odnijeli veliku pobjedu"}]},{"@type":"WebSite","@id":"https:\/\/radioljubuski.ba\/#website","url":"https:\/\/radioljubuski.ba\/","name":"Radio Ljubu\u0161ki","description":"Sun\u010dana frekvencija Hercegovine","publisher":{"@id":"https:\/\/radioljubuski.ba\/#organization"},"potentialAction":[{"@type":"SearchAction","target":{"@type":"EntryPoint","urlTemplate":"https:\/\/radioljubuski.ba\/?s={search_term_string}"},"query-input":{"@type":"PropertyValueSpecification","valueRequired":true,"valueName":"search_term_string"}}],"inLanguage":"hr"},{"@type":"Organization","@id":"https:\/\/radioljubuski.ba\/#organization","name":"Radio Ljubu\u0161ki","url":"https:\/\/radioljubuski.ba\/","logo":{"@type":"ImageObject","inLanguage":"hr","@id":"https:\/\/radioljubuski.ba\/#\/schema\/logo\/image\/","url":"https:\/\/radioljubuski.ba\/wp-content\/uploads\/2021\/02\/cropped-Radio_Ljubuski_logo1.jpg","contentUrl":"https:\/\/radioljubuski.ba\/wp-content\/uploads\/2021\/02\/cropped-Radio_Ljubuski_logo1.jpg","width":512,"height":512,"caption":"Radio Ljubu\u0161ki"},"image":{"@id":"https:\/\/radioljubuski.ba\/#\/schema\/logo\/image\/"},"sameAs":["https:\/\/www.facebook.com\/Radiio-Ljubuski-1490835324566332","https:\/\/x.com\/radioljubuski","https:\/\/hr.linkedin.com\/company\/radio-ljubuski","https:\/\/www.youtube.com\/channel\/UCHYaeO_n0Db3tjNGudGpXyw"]},{"@type":"Person","@id":"https:\/\/radioljubuski.ba\/#\/schema\/person\/19fc700381a780f69665d7956c469e3b","name":"Radio Ljubu\u0161ki"}]}},"_links":{"self":[{"href":"https:\/\/radioljubuski.ba\/index.php\/wp-json\/wp\/v2\/posts\/65081","targetHints":{"allow":["GET"]}}],"collection":[{"href":"https:\/\/radioljubuski.ba\/index.php\/wp-json\/wp\/v2\/posts"}],"about":[{"href":"https:\/\/radioljubuski.ba\/index.php\/wp-json\/wp\/v2\/types\/post"}],"author":[{"embeddable":true,"href":"https:\/\/radioljubuski.ba\/index.php\/wp-json\/wp\/v2\/users\/2"}],"replies":[{"embeddable":true,"href":"https:\/\/radioljubuski.ba\/index.php\/wp-json\/wp\/v2\/comments?post=65081"}],"version-history":[{"count":1,"href":"https:\/\/radioljubuski.ba\/index.php\/wp-json\/wp\/v2\/posts\/65081\/revisions"}],"predecessor-version":[{"id":65083,"href":"https:\/\/radioljubuski.ba\/index.php\/wp-json\/wp\/v2\/posts\/65081\/revisions\/65083"}],"wp:featuredmedia":[{"embeddable":true,"href":"https:\/\/radioljubuski.ba\/index.php\/wp-json\/wp\/v2\/media\/65082"}],"wp:attachment":[{"href":"https:\/\/radioljubuski.ba\/index.php\/wp-json\/wp\/v2\/media?parent=65081"}],"wp:term":[{"taxonomy":"category","embeddable":true,"href":"https:\/\/radioljubuski.ba\/index.php\/wp-json\/wp\/v2\/categories?post=65081"},{"taxonomy":"post_tag","embeddable":true,"href":"https:\/\/radioljubuski.ba\/index.php\/wp-json\/wp\/v2\/tags?post=65081"}],"curies":[{"name":"wp","href":"https:\/\/api.w.org\/{rel}","templated":true}]}}