{"id":65084,"date":"2021-09-18T08:51:24","date_gmt":"2021-09-18T07:51:24","guid":{"rendered":"https:\/\/radioljubuski.ba\/?p=65084"},"modified":"2021-09-18T08:51:26","modified_gmt":"2021-09-18T07:51:26","slug":"drzavni-sluzbenici-zbog-bojkota-ostaju-bez-placa-najavili-prosvjede","status":"publish","type":"post","link":"https:\/\/radioljubuski.ba\/index.php\/2021\/09\/18\/drzavni-sluzbenici-zbog-bojkota-ostaju-bez-placa-najavili-prosvjede\/","title":{"rendered":"Dr\u017eavni slu\u017ebenici zbog bojkota ostaju bez pla\u0107a, najavili prosvjede"},"content":{"rendered":"\n<p>Blokada izvr\u0161ne i zakonodavne vlasti u Bosni i Hercegovini mogla bi ugroziti isplatu pla\u0107a zaposlenim u dr\u017eavnim institucijama. Za ponedjeljak je zakazana sjednica Zastupni\u010dkog doma Parlamenta BiH, \u0161to \u0107e biti prvi poku\u0161aj nakon opstrukcija za odr\u017eavanje zasjedanja i usvajanje prora\u010duna. U najavi i nastavak blokada, ali i prosvjedi zaposlenih u dr\u017eavnim institucijama.<\/p>\n\n\n\n<p>Milorad Dodik ne \u017eeli prekinuti blokadu, ali \u0107e, ka\u017ee, osigurati pla\u0107e za one uposlenike u dr\u017eavnim institucijama \u010dija je adresa prebivali\u0161ta u RS-u. I ima novca, jer \u0161to je za Dodika 21 milijun maraka mjese\u010dno. Dodu\u0161e, moglo bi mu ponestati do iza nove godine.<\/p>\n\n\n\n<p>\u201cLjudi koji rade u zajedni\u010dkim institucijama ne treba da se brinu, mi \u0107emo isplatiti pla\u0107e, ispla\u0107ivat \u0107emo ih, i mislim da je to na kraju i krajnja sudbina da jednog dana preuzmemo isplatu na\u0161ih ljudi jer oni predstavljaju nas tamo\u201d, poru\u010dio je Dodik.<\/p>\n\n\n\n<p>Ipak, sve i da Dodik ima vi\u0161ka novca, nema ono najpotrebnije, a to je pravni okvir da bi entitetski nivo mogao isplatiti pla\u0107u zaposlenom na dr\u017eavnom nivou, kazao je za Federalnu televiziju zamjenik ministra financija BiH Hazim Ran\u010di\u0107:<\/p>\n\n\n\n<p>\u201cPla\u0107a proizilazi iz radnog-pravnog statusa u instituciji, poduze\u0107u, trgovini&#8230; tako da pla\u0107u radnicima u institucijama BiH mo\u017ee dati samo njihov poslodavac &#8211; institucija u kojoj rade. Nikako to ne mo\u017ee biti pla\u0107eno iz prora\u010duna jednog od entiteta. To je nezakonito i po entitetskim zakonima koji reguliraju proceduru prora\u010duna, isplatu pla\u0107a. S entitetskog nivoa mo\u017ee se ispla\u0107ivati pla\u0107a samo uposlenicima institucija na tom nivou vlasti.\u201d<\/p>\n\n\n\n<p>S druge strane, iz SDA i HNS-a uvjereni su da \u0107e svi zaposleni na vrijeme prvog studenog dobiti svoju &nbsp;pla\u0107u za deseti mjesec.<\/p>\n\n\n\n<p>\u201cImamo jo\u0161 nekih 45 dana da rje\u0161avamo tu stvar. Mislim da \u0107e ovi inati ohladiti u me\u0111uvremenu i ovo \u0161to Dodik radi ne bilo prvi nego stoti put. Ja sam na vezi s nekim ljudima u SNSD-u i oni o\u010dekuju da to sve skupa stane i mi ih ohrabrujemo u tom smjeru da to sve skupa stane da se stvari smire, da pru\u017eimo jedni drugima ruku\u201d, izjavio je Bakir Izetbegovi\u0107, predsjedavaju\u0107i Doma naroda PSBiH (SDA).<\/p>\n\n\n\n<p>\u201cKako \u0107e do rje\u0161enja do\u0107i oni koji su zadu\u017eeni u institucijama, u prvom redu u Vije\u0107u, Parlamentarnoj skup\u0161tini, Predsjedni\u0161tvu, to oni trebaju dogovoriti. Ukoliko to ne urade trebaju odgovarati\u201d, poru\u010dio je Bo\u017eo Ljubi\u0107, predsjednik Glavnog vije\u0107a HNS-a BiH.<\/p>\n\n\n\n<p>Ali ne odgovaraju. I to godinama. Jer ovo nije prvi put da prora\u010duna nema. Skoro da se ne mo\u017eemo sjetiti kada je dr\u017eavni nivo imao prora\u010dun umjesto odluke o privremenom financiranju koja je gotovo postala praksa. I u sindikatu zaposlenih u dr\u017eavnim institucijama o\u010dekuju da \u0107e neke odluke biti jer nisu problem samo pla\u0107e ve\u0107 ono \u0161to kao dr\u017eava ne mo\u017eemo ignorirati, a to su me\u0111unarodne obaveze i krediti.<\/p>\n\n\n\n<p>\u201cGra\u0111ani i uposleni ne znaju da je to ustavna obaveza i ljudi su u strahu i \u010dekaju \u0161to \u0107e biti i to je sve jedna predstava koja se zove BiH. Populizam se lansira narodu proizvodi se strah, jer jedini alat da bi oni dr\u017eali svoja plemena na okupu je strah\u201d, ka\u017ee Salih Kar\u010di\u0107, predsjednik Sindikata dr\u017eavnih slu\u017ebenika u institucijama BiH.<\/p>\n\n\n\n<p>U sindikatu koji okuplja policijske slu\u017ebenike isti\u010du, izme\u0111u ostalog, da godinama insistiraju da se zakon o platama i naknadama u institucijama odvoji. U suprotnom, mogle bi se rasuti policijske strukture u BiH.&nbsp;<\/p>\n\n\n\n<p>\u201cPolicijski organi zasnovani su na svim narodima i narodnostima, tako da jedan drugog vu\u010de i posao. To kako oni misle primijeniti jednonacionalno, ja ovog trenutka ne vidim svrhu za\u0161to bi se to dogodilo. Oni zaista trebaju sjesti za sto i dogovoriti se da ovo zaista funkcionira jer nered i negiranje svega ovoga mislim da bi do\u0161lo do jednog velikog raskola, a kada izgubite dr\u017eavnu policiju onda ste izgubili dr\u017eavu\u201d, upozorava Dragan Krvavac, predsjednik Saveza sindikata policijskih organa BiH.<\/p>\n\n\n\n<p>Saga o prora\u010dunu, privremenom financiranju, pla\u0107ama mogla bi imati neki epilog u ponedjeljak. Njega \u0107e, ve\u0107 je ranije najavljeno, na protestima ispred Parlamenta \u010dekati uposlenici u dr\u017eavnim institucijama.<\/p>\n\n\n\n<p>Izvor:federalna.ba<\/p>\n","protected":false},"excerpt":{"rendered":"<p>Blokada izvr\u0161ne i zakonodavne vlasti u Bosni i Hercegovini mogla bi ugroziti isplatu pla\u0107a zaposlenim u dr\u017eavnim institucijama. Za ponedjeljak je zakazana sjednica Zastupni\u010dkog doma Parlamenta BiH, \u0161to \u0107e biti prvi poku\u0161aj nakon opstrukcija za odr\u017eavanje zasjedanja i usvajanje prora\u010duna. U najavi i nastavak blokada, ali i prosvjedi zaposlenih u dr\u017eavnim institucijama. Milorad Dodik ne [&hellip;]<\/p>\n","protected":false},"author":2,"featured_media":65085,"comment_status":"closed","ping_status":"closed","sticky":false,"template":"","format":"standard","meta":{"h5ap_radio_sources":[],"footnotes":""},"categories":[1],"tags":[],"class_list":["post-65084","post","type-post","status-publish","format-standard","has-post-thumbnail","hentry","category-bihiregija"],"yoast_head":"<!-- This site is optimized with the Yoast SEO plugin v27.5 - https:\/\/yoast.com\/product\/yoast-seo-wordpress\/ -->\n<title>Dr\u017eavni slu\u017ebenici zbog bojkota ostaju bez pla\u0107a, najavili prosvjede - RADIO LJUBU\u0160KI<\/title>\n<meta name=\"robots\" content=\"index, follow, max-snippet:-1, max-image-preview:large, max-video-preview:-1\" \/>\n<link rel=\"canonical\" href=\"https:\/\/radioljubuski.ba\/index.php\/2021\/09\/18\/drzavni-sluzbenici-zbog-bojkota-ostaju-bez-placa-najavili-prosvjede\/\" \/>\n<meta property=\"og:locale\" content=\"hr_HR\" \/>\n<meta property=\"og:type\" content=\"article\" \/>\n<meta property=\"og:title\" content=\"Dr\u017eavni slu\u017ebenici zbog bojkota ostaju bez pla\u0107a, najavili prosvjede - RADIO LJUBU\u0160KI\" \/>\n<meta property=\"og:description\" content=\"Blokada izvr\u0161ne i zakonodavne vlasti u Bosni i Hercegovini mogla bi ugroziti isplatu pla\u0107a zaposlenim u dr\u017eavnim institucijama. Za ponedjeljak je zakazana sjednica Zastupni\u010dkog doma Parlamenta BiH, \u0161to \u0107e biti prvi poku\u0161aj nakon opstrukcija za odr\u017eavanje zasjedanja i usvajanje prora\u010duna. U najavi i nastavak blokada, ali i prosvjedi zaposlenih u dr\u017eavnim institucijama. Milorad Dodik ne [&hellip;]\" \/>\n<meta property=\"og:url\" content=\"https:\/\/radioljubuski.ba\/index.php\/2021\/09\/18\/drzavni-sluzbenici-zbog-bojkota-ostaju-bez-placa-najavili-prosvjede\/\" \/>\n<meta property=\"og:site_name\" content=\"RADIO LJUBU\u0160KI\" \/>\n<meta property=\"article:publisher\" content=\"https:\/\/www.facebook.com\/Radiio-Ljubuski-1490835324566332\" \/>\n<meta property=\"article:published_time\" content=\"2021-09-18T07:51:24+00:00\" \/>\n<meta property=\"article:modified_time\" content=\"2021-09-18T07:51:26+00:00\" \/>\n<meta property=\"og:image\" content=\"https:\/\/radioljubuski.ba\/wp-content\/uploads\/2021\/09\/QbvhKTpk_place.jpg\" \/>\n\t<meta property=\"og:image:width\" content=\"1000\" \/>\n\t<meta property=\"og:image:height\" content=\"625\" \/>\n\t<meta property=\"og:image:type\" content=\"image\/jpeg\" \/>\n<meta name=\"author\" content=\"Radio Ljubu\u0161ki\" \/>\n<meta name=\"twitter:card\" content=\"summary_large_image\" \/>\n<meta name=\"twitter:creator\" content=\"@radioljubuski\" \/>\n<meta name=\"twitter:site\" content=\"@radioljubuski\" \/>\n<meta name=\"twitter:label1\" content=\"Napisao\/la\" \/>\n\t<meta name=\"twitter:data1\" content=\"Radio Ljubu\u0161ki\" \/>\n\t<meta name=\"twitter:label2\" content=\"Procijenjeno vrijeme \u010ditanja\" \/>\n\t<meta name=\"twitter:data2\" content=\"4 minute\" \/>\n<script type=\"application\/ld+json\" class=\"yoast-schema-graph\">{\"@context\":\"https:\\\/\\\/schema.org\",\"@graph\":[{\"@type\":\"Article\",\"@id\":\"https:\\\/\\\/radioljubuski.ba\\\/index.php\\\/2021\\\/09\\\/18\\\/drzavni-sluzbenici-zbog-bojkota-ostaju-bez-placa-najavili-prosvjede\\\/#article\",\"isPartOf\":{\"@id\":\"https:\\\/\\\/radioljubuski.ba\\\/index.php\\\/2021\\\/09\\\/18\\\/drzavni-sluzbenici-zbog-bojkota-ostaju-bez-placa-najavili-prosvjede\\\/\"},\"author\":{\"name\":\"Radio Ljubu\u0161ki\",\"@id\":\"https:\\\/\\\/radioljubuski.ba\\\/#\\\/schema\\\/person\\\/19fc700381a780f69665d7956c469e3b\"},\"headline\":\"Dr\u017eavni slu\u017ebenici zbog bojkota ostaju bez pla\u0107a, najavili prosvjede\",\"datePublished\":\"2021-09-18T07:51:24+00:00\",\"dateModified\":\"2021-09-18T07:51:26+00:00\",\"mainEntityOfPage\":{\"@id\":\"https:\\\/\\\/radioljubuski.ba\\\/index.php\\\/2021\\\/09\\\/18\\\/drzavni-sluzbenici-zbog-bojkota-ostaju-bez-placa-najavili-prosvjede\\\/\"},\"wordCount\":736,\"publisher\":{\"@id\":\"https:\\\/\\\/radioljubuski.ba\\\/#organization\"},\"image\":{\"@id\":\"https:\\\/\\\/radioljubuski.ba\\\/index.php\\\/2021\\\/09\\\/18\\\/drzavni-sluzbenici-zbog-bojkota-ostaju-bez-placa-najavili-prosvjede\\\/#primaryimage\"},\"thumbnailUrl\":\"https:\\\/\\\/radioljubuski.ba\\\/wp-content\\\/uploads\\\/2021\\\/09\\\/QbvhKTpk_place.jpg\",\"articleSection\":[\"BIH i regija\"],\"inLanguage\":\"hr\"},{\"@type\":\"WebPage\",\"@id\":\"https:\\\/\\\/radioljubuski.ba\\\/index.php\\\/2021\\\/09\\\/18\\\/drzavni-sluzbenici-zbog-bojkota-ostaju-bez-placa-najavili-prosvjede\\\/\",\"url\":\"https:\\\/\\\/radioljubuski.ba\\\/index.php\\\/2021\\\/09\\\/18\\\/drzavni-sluzbenici-zbog-bojkota-ostaju-bez-placa-najavili-prosvjede\\\/\",\"name\":\"Dr\u017eavni slu\u017ebenici zbog bojkota ostaju bez pla\u0107a, najavili prosvjede - RADIO LJUBU\u0160KI\",\"isPartOf\":{\"@id\":\"https:\\\/\\\/radioljubuski.ba\\\/#website\"},\"primaryImageOfPage\":{\"@id\":\"https:\\\/\\\/radioljubuski.ba\\\/index.php\\\/2021\\\/09\\\/18\\\/drzavni-sluzbenici-zbog-bojkota-ostaju-bez-placa-najavili-prosvjede\\\/#primaryimage\"},\"image\":{\"@id\":\"https:\\\/\\\/radioljubuski.ba\\\/index.php\\\/2021\\\/09\\\/18\\\/drzavni-sluzbenici-zbog-bojkota-ostaju-bez-placa-najavili-prosvjede\\\/#primaryimage\"},\"thumbnailUrl\":\"https:\\\/\\\/radioljubuski.ba\\\/wp-content\\\/uploads\\\/2021\\\/09\\\/QbvhKTpk_place.jpg\",\"datePublished\":\"2021-09-18T07:51:24+00:00\",\"dateModified\":\"2021-09-18T07:51:26+00:00\",\"breadcrumb\":{\"@id\":\"https:\\\/\\\/radioljubuski.ba\\\/index.php\\\/2021\\\/09\\\/18\\\/drzavni-sluzbenici-zbog-bojkota-ostaju-bez-placa-najavili-prosvjede\\\/#breadcrumb\"},\"inLanguage\":\"hr\",\"potentialAction\":[{\"@type\":\"ReadAction\",\"target\":[\"https:\\\/\\\/radioljubuski.ba\\\/index.php\\\/2021\\\/09\\\/18\\\/drzavni-sluzbenici-zbog-bojkota-ostaju-bez-placa-najavili-prosvjede\\\/\"]}]},{\"@type\":\"ImageObject\",\"inLanguage\":\"hr\",\"@id\":\"https:\\\/\\\/radioljubuski.ba\\\/index.php\\\/2021\\\/09\\\/18\\\/drzavni-sluzbenici-zbog-bojkota-ostaju-bez-placa-najavili-prosvjede\\\/#primaryimage\",\"url\":\"https:\\\/\\\/radioljubuski.ba\\\/wp-content\\\/uploads\\\/2021\\\/09\\\/QbvhKTpk_place.jpg\",\"contentUrl\":\"https:\\\/\\\/radioljubuski.ba\\\/wp-content\\\/uploads\\\/2021\\\/09\\\/QbvhKTpk_place.jpg\",\"width\":1000,\"height\":625},{\"@type\":\"BreadcrumbList\",\"@id\":\"https:\\\/\\\/radioljubuski.ba\\\/index.php\\\/2021\\\/09\\\/18\\\/drzavni-sluzbenici-zbog-bojkota-ostaju-bez-placa-najavili-prosvjede\\\/#breadcrumb\",\"itemListElement\":[{\"@type\":\"ListItem\",\"position\":1,\"name\":\"Po\u010detna stranica\",\"item\":\"https:\\\/\\\/radioljubuski.ba\\\/\"},{\"@type\":\"ListItem\",\"position\":2,\"name\":\"Dr\u017eavni slu\u017ebenici zbog bojkota ostaju bez pla\u0107a, najavili prosvjede\"}]},{\"@type\":\"WebSite\",\"@id\":\"https:\\\/\\\/radioljubuski.ba\\\/#website\",\"url\":\"https:\\\/\\\/radioljubuski.ba\\\/\",\"name\":\"Radio Ljubu\u0161ki\",\"description\":\"Sun\u010dana frekvencija Hercegovine\",\"publisher\":{\"@id\":\"https:\\\/\\\/radioljubuski.ba\\\/#organization\"},\"potentialAction\":[{\"@type\":\"SearchAction\",\"target\":{\"@type\":\"EntryPoint\",\"urlTemplate\":\"https:\\\/\\\/radioljubuski.ba\\\/?s={search_term_string}\"},\"query-input\":{\"@type\":\"PropertyValueSpecification\",\"valueRequired\":true,\"valueName\":\"search_term_string\"}}],\"inLanguage\":\"hr\"},{\"@type\":\"Organization\",\"@id\":\"https:\\\/\\\/radioljubuski.ba\\\/#organization\",\"name\":\"Radio Ljubu\u0161ki\",\"url\":\"https:\\\/\\\/radioljubuski.ba\\\/\",\"logo\":{\"@type\":\"ImageObject\",\"inLanguage\":\"hr\",\"@id\":\"https:\\\/\\\/radioljubuski.ba\\\/#\\\/schema\\\/logo\\\/image\\\/\",\"url\":\"https:\\\/\\\/radioljubuski.ba\\\/wp-content\\\/uploads\\\/2021\\\/02\\\/cropped-Radio_Ljubuski_logo1.jpg\",\"contentUrl\":\"https:\\\/\\\/radioljubuski.ba\\\/wp-content\\\/uploads\\\/2021\\\/02\\\/cropped-Radio_Ljubuski_logo1.jpg\",\"width\":512,\"height\":512,\"caption\":\"Radio Ljubu\u0161ki\"},\"image\":{\"@id\":\"https:\\\/\\\/radioljubuski.ba\\\/#\\\/schema\\\/logo\\\/image\\\/\"},\"sameAs\":[\"https:\\\/\\\/www.facebook.com\\\/Radiio-Ljubuski-1490835324566332\",\"https:\\\/\\\/x.com\\\/radioljubuski\",\"https:\\\/\\\/hr.linkedin.com\\\/company\\\/radio-ljubuski\",\"https:\\\/\\\/www.youtube.com\\\/channel\\\/UCHYaeO_n0Db3tjNGudGpXyw\"]},{\"@type\":\"Person\",\"@id\":\"https:\\\/\\\/radioljubuski.ba\\\/#\\\/schema\\\/person\\\/19fc700381a780f69665d7956c469e3b\",\"name\":\"Radio Ljubu\u0161ki\"}]}<\/script>\n<!-- \/ Yoast SEO plugin. -->","yoast_head_json":{"title":"Dr\u017eavni slu\u017ebenici zbog bojkota ostaju bez pla\u0107a, najavili prosvjede - RADIO LJUBU\u0160KI","robots":{"index":"index","follow":"follow","max-snippet":"max-snippet:-1","max-image-preview":"max-image-preview:large","max-video-preview":"max-video-preview:-1"},"canonical":"https:\/\/radioljubuski.ba\/index.php\/2021\/09\/18\/drzavni-sluzbenici-zbog-bojkota-ostaju-bez-placa-najavili-prosvjede\/","og_locale":"hr_HR","og_type":"article","og_title":"Dr\u017eavni slu\u017ebenici zbog bojkota ostaju bez pla\u0107a, najavili prosvjede - RADIO LJUBU\u0160KI","og_description":"Blokada izvr\u0161ne i zakonodavne vlasti u Bosni i Hercegovini mogla bi ugroziti isplatu pla\u0107a zaposlenim u dr\u017eavnim institucijama. Za ponedjeljak je zakazana sjednica Zastupni\u010dkog doma Parlamenta BiH, \u0161to \u0107e biti prvi poku\u0161aj nakon opstrukcija za odr\u017eavanje zasjedanja i usvajanje prora\u010duna. U najavi i nastavak blokada, ali i prosvjedi zaposlenih u dr\u017eavnim institucijama. Milorad Dodik ne [&hellip;]","og_url":"https:\/\/radioljubuski.ba\/index.php\/2021\/09\/18\/drzavni-sluzbenici-zbog-bojkota-ostaju-bez-placa-najavili-prosvjede\/","og_site_name":"RADIO LJUBU\u0160KI","article_publisher":"https:\/\/www.facebook.com\/Radiio-Ljubuski-1490835324566332","article_published_time":"2021-09-18T07:51:24+00:00","article_modified_time":"2021-09-18T07:51:26+00:00","og_image":[{"width":1000,"height":625,"url":"https:\/\/radioljubuski.ba\/wp-content\/uploads\/2021\/09\/QbvhKTpk_place.jpg","type":"image\/jpeg"}],"author":"Radio Ljubu\u0161ki","twitter_card":"summary_large_image","twitter_creator":"@radioljubuski","twitter_site":"@radioljubuski","twitter_misc":{"Napisao\/la":"Radio Ljubu\u0161ki","Procijenjeno vrijeme \u010ditanja":"4 minute"},"schema":{"@context":"https:\/\/schema.org","@graph":[{"@type":"Article","@id":"https:\/\/radioljubuski.ba\/index.php\/2021\/09\/18\/drzavni-sluzbenici-zbog-bojkota-ostaju-bez-placa-najavili-prosvjede\/#article","isPartOf":{"@id":"https:\/\/radioljubuski.ba\/index.php\/2021\/09\/18\/drzavni-sluzbenici-zbog-bojkota-ostaju-bez-placa-najavili-prosvjede\/"},"author":{"name":"Radio Ljubu\u0161ki","@id":"https:\/\/radioljubuski.ba\/#\/schema\/person\/19fc700381a780f69665d7956c469e3b"},"headline":"Dr\u017eavni slu\u017ebenici zbog bojkota ostaju bez pla\u0107a, najavili prosvjede","datePublished":"2021-09-18T07:51:24+00:00","dateModified":"2021-09-18T07:51:26+00:00","mainEntityOfPage":{"@id":"https:\/\/radioljubuski.ba\/index.php\/2021\/09\/18\/drzavni-sluzbenici-zbog-bojkota-ostaju-bez-placa-najavili-prosvjede\/"},"wordCount":736,"publisher":{"@id":"https:\/\/radioljubuski.ba\/#organization"},"image":{"@id":"https:\/\/radioljubuski.ba\/index.php\/2021\/09\/18\/drzavni-sluzbenici-zbog-bojkota-ostaju-bez-placa-najavili-prosvjede\/#primaryimage"},"thumbnailUrl":"https:\/\/radioljubuski.ba\/wp-content\/uploads\/2021\/09\/QbvhKTpk_place.jpg","articleSection":["BIH i regija"],"inLanguage":"hr"},{"@type":"WebPage","@id":"https:\/\/radioljubuski.ba\/index.php\/2021\/09\/18\/drzavni-sluzbenici-zbog-bojkota-ostaju-bez-placa-najavili-prosvjede\/","url":"https:\/\/radioljubuski.ba\/index.php\/2021\/09\/18\/drzavni-sluzbenici-zbog-bojkota-ostaju-bez-placa-najavili-prosvjede\/","name":"Dr\u017eavni slu\u017ebenici zbog bojkota ostaju bez pla\u0107a, najavili prosvjede - RADIO LJUBU\u0160KI","isPartOf":{"@id":"https:\/\/radioljubuski.ba\/#website"},"primaryImageOfPage":{"@id":"https:\/\/radioljubuski.ba\/index.php\/2021\/09\/18\/drzavni-sluzbenici-zbog-bojkota-ostaju-bez-placa-najavili-prosvjede\/#primaryimage"},"image":{"@id":"https:\/\/radioljubuski.ba\/index.php\/2021\/09\/18\/drzavni-sluzbenici-zbog-bojkota-ostaju-bez-placa-najavili-prosvjede\/#primaryimage"},"thumbnailUrl":"https:\/\/radioljubuski.ba\/wp-content\/uploads\/2021\/09\/QbvhKTpk_place.jpg","datePublished":"2021-09-18T07:51:24+00:00","dateModified":"2021-09-18T07:51:26+00:00","breadcrumb":{"@id":"https:\/\/radioljubuski.ba\/index.php\/2021\/09\/18\/drzavni-sluzbenici-zbog-bojkota-ostaju-bez-placa-najavili-prosvjede\/#breadcrumb"},"inLanguage":"hr","potentialAction":[{"@type":"ReadAction","target":["https:\/\/radioljubuski.ba\/index.php\/2021\/09\/18\/drzavni-sluzbenici-zbog-bojkota-ostaju-bez-placa-najavili-prosvjede\/"]}]},{"@type":"ImageObject","inLanguage":"hr","@id":"https:\/\/radioljubuski.ba\/index.php\/2021\/09\/18\/drzavni-sluzbenici-zbog-bojkota-ostaju-bez-placa-najavili-prosvjede\/#primaryimage","url":"https:\/\/radioljubuski.ba\/wp-content\/uploads\/2021\/09\/QbvhKTpk_place.jpg","contentUrl":"https:\/\/radioljubuski.ba\/wp-content\/uploads\/2021\/09\/QbvhKTpk_place.jpg","width":1000,"height":625},{"@type":"BreadcrumbList","@id":"https:\/\/radioljubuski.ba\/index.php\/2021\/09\/18\/drzavni-sluzbenici-zbog-bojkota-ostaju-bez-placa-najavili-prosvjede\/#breadcrumb","itemListElement":[{"@type":"ListItem","position":1,"name":"Po\u010detna stranica","item":"https:\/\/radioljubuski.ba\/"},{"@type":"ListItem","position":2,"name":"Dr\u017eavni slu\u017ebenici zbog bojkota ostaju bez pla\u0107a, najavili prosvjede"}]},{"@type":"WebSite","@id":"https:\/\/radioljubuski.ba\/#website","url":"https:\/\/radioljubuski.ba\/","name":"Radio Ljubu\u0161ki","description":"Sun\u010dana frekvencija Hercegovine","publisher":{"@id":"https:\/\/radioljubuski.ba\/#organization"},"potentialAction":[{"@type":"SearchAction","target":{"@type":"EntryPoint","urlTemplate":"https:\/\/radioljubuski.ba\/?s={search_term_string}"},"query-input":{"@type":"PropertyValueSpecification","valueRequired":true,"valueName":"search_term_string"}}],"inLanguage":"hr"},{"@type":"Organization","@id":"https:\/\/radioljubuski.ba\/#organization","name":"Radio Ljubu\u0161ki","url":"https:\/\/radioljubuski.ba\/","logo":{"@type":"ImageObject","inLanguage":"hr","@id":"https:\/\/radioljubuski.ba\/#\/schema\/logo\/image\/","url":"https:\/\/radioljubuski.ba\/wp-content\/uploads\/2021\/02\/cropped-Radio_Ljubuski_logo1.jpg","contentUrl":"https:\/\/radioljubuski.ba\/wp-content\/uploads\/2021\/02\/cropped-Radio_Ljubuski_logo1.jpg","width":512,"height":512,"caption":"Radio Ljubu\u0161ki"},"image":{"@id":"https:\/\/radioljubuski.ba\/#\/schema\/logo\/image\/"},"sameAs":["https:\/\/www.facebook.com\/Radiio-Ljubuski-1490835324566332","https:\/\/x.com\/radioljubuski","https:\/\/hr.linkedin.com\/company\/radio-ljubuski","https:\/\/www.youtube.com\/channel\/UCHYaeO_n0Db3tjNGudGpXyw"]},{"@type":"Person","@id":"https:\/\/radioljubuski.ba\/#\/schema\/person\/19fc700381a780f69665d7956c469e3b","name":"Radio Ljubu\u0161ki"}]}},"_links":{"self":[{"href":"https:\/\/radioljubuski.ba\/index.php\/wp-json\/wp\/v2\/posts\/65084","targetHints":{"allow":["GET"]}}],"collection":[{"href":"https:\/\/radioljubuski.ba\/index.php\/wp-json\/wp\/v2\/posts"}],"about":[{"href":"https:\/\/radioljubuski.ba\/index.php\/wp-json\/wp\/v2\/types\/post"}],"author":[{"embeddable":true,"href":"https:\/\/radioljubuski.ba\/index.php\/wp-json\/wp\/v2\/users\/2"}],"replies":[{"embeddable":true,"href":"https:\/\/radioljubuski.ba\/index.php\/wp-json\/wp\/v2\/comments?post=65084"}],"version-history":[{"count":1,"href":"https:\/\/radioljubuski.ba\/index.php\/wp-json\/wp\/v2\/posts\/65084\/revisions"}],"predecessor-version":[{"id":65086,"href":"https:\/\/radioljubuski.ba\/index.php\/wp-json\/wp\/v2\/posts\/65084\/revisions\/65086"}],"wp:featuredmedia":[{"embeddable":true,"href":"https:\/\/radioljubuski.ba\/index.php\/wp-json\/wp\/v2\/media\/65085"}],"wp:attachment":[{"href":"https:\/\/radioljubuski.ba\/index.php\/wp-json\/wp\/v2\/media?parent=65084"}],"wp:term":[{"taxonomy":"category","embeddable":true,"href":"https:\/\/radioljubuski.ba\/index.php\/wp-json\/wp\/v2\/categories?post=65084"},{"taxonomy":"post_tag","embeddable":true,"href":"https:\/\/radioljubuski.ba\/index.php\/wp-json\/wp\/v2\/tags?post=65084"}],"curies":[{"name":"wp","href":"https:\/\/api.w.org\/{rel}","templated":true}]}}