{"id":65090,"date":"2021-09-18T08:54:12","date_gmt":"2021-09-18T07:54:12","guid":{"rendered":"https:\/\/radioljubuski.ba\/?p=65090"},"modified":"2021-09-18T08:54:12","modified_gmt":"2021-09-18T07:54:12","slug":"bihamk-otezan-promet-zbog-jakih-pljuskova-opasnost-od-odrona","status":"publish","type":"post","link":"https:\/\/radioljubuski.ba\/index.php\/2021\/09\/18\/bihamk-otezan-promet-zbog-jakih-pljuskova-opasnost-od-odrona\/","title":{"rendered":"BIHAMK: Ote\u017ean promet zbog jakih pljuskova, opasnost od odrona"},"content":{"rendered":"\n<p>Zbog povremeno jakih pljuskova i ve\u0107e koli\u010dine vode koja se zadr\u017eava na kolovozu, ote\u017eano je prometovanje na ve\u0107ini putnih pravaca u Bosni i Hercegovini.<\/p>\n\n\n\n<p>Pove\u0107ana je opasnost od odrona na dionicama koje vode kroz usjeke. Izdvajaju se putni pravci: Sarajevo-Fo\u010da, Konjic-Mostar, Jajce-Banja Luka, Bugojno-Novi Travnik, Rogatica-Vi\u0161egrad i Turbe-Karanovac.&nbsp;<\/p>\n\n\n\n<p>Voza\u010dima se savjetuje da, bez obzira na vremenske i prometne uvjete, voze maksimalno oprezno i da obavezno dr\u017ee odstojanje izme\u0111u vozila.<\/p>\n\n\n\n<p>Na autoputu A-1 zbog radova na dionici Sarajevo sjever-Podlugovi, promet se odvija &nbsp;dvosmjerno, suprotnom trakom od zone radova.<\/p>\n\n\n\n<p>Zbog sanacionih radova u tunelu Crnaja na dionici Konjic-Jablanica, tijekom dana prometuje se naizmjeni\u010dno-jednom trakom, uz regulaciju semaforima, dok je u no\u0107nim satima (23.00-04.30 sati) promet u tunelu obustavljen.<\/p>\n\n\n\n<p>Na putu Tuzla-Kalesija (zbog radova u tunelu \u010caklovi\u0107i), promet se obustavlja od 22 do 06 sati i preusmjerava na alternativni pravac preko Dubrava. Tijekom dana, putni\u010dka vozila iz smjera Tuzle prometuju kroz tunel, a iz smjera Kalesije obilaznicom oko tunela. Teretna vozila se i tijekom dana usmjeravaju na put preko Dubrava.<\/p>\n\n\n\n<p>Sanacioni radovi izvode se u mjestu Donja Golubinja na dionici Zenica-\u017dep\u010de, zbog \u010dega tijekom dana dolazi do usporenog prometa.<\/p>\n\n\n\n<p>Zbog brojnih odrona i opasnosti od klizi\u0161ta na magistralnom putu Brod na Drini-GP Hum\/\u0160\u0107epan Polje putni\u010dka vozila prometuju ote\u017eano, dok je za teretna vozila obustavljen promet.<\/p>\n\n\n\n<p>Usporeno, zbog radova, prometuje se na putnim pravcima Grude-Ljubu\u0161ki i Stolac-Hutovo.<\/p>\n\n\n\n<p>Na grani\u010dnim prijelazima povremeno dolazi do poja\u010danog prometa vozila, ali zadr\u017eavanja za sada nisu du\u017ea od 30 minuta, priop\u0107eno je iz IC BiHAMK-a.&nbsp;<\/p>\n\n\n\n<p>Izvor:BIHAMK<\/p>\n","protected":false},"excerpt":{"rendered":"<p>Zbog povremeno jakih pljuskova i ve\u0107e koli\u010dine vode koja se zadr\u017eava na kolovozu, ote\u017eano je prometovanje na ve\u0107ini putnih pravaca u Bosni i Hercegovini. Pove\u0107ana je opasnost od odrona na dionicama koje vode kroz usjeke. Izdvajaju se putni pravci: Sarajevo-Fo\u010da, Konjic-Mostar, Jajce-Banja Luka, Bugojno-Novi Travnik, Rogatica-Vi\u0161egrad i Turbe-Karanovac.&nbsp; Voza\u010dima se savjetuje da, bez obzira na [&hellip;]<\/p>\n","protected":false},"author":2,"featured_media":65091,"comment_status":"closed","ping_status":"closed","sticky":false,"template":"","format":"standard","meta":{"h5ap_radio_sources":[],"footnotes":""},"categories":[1],"tags":[],"class_list":["post-65090","post","type-post","status-publish","format-standard","has-post-thumbnail","hentry","category-bihiregija"],"yoast_head":"<!-- This site is optimized with the Yoast SEO plugin v27.5 - https:\/\/yoast.com\/product\/yoast-seo-wordpress\/ -->\n<title>BIHAMK: Ote\u017ean promet zbog jakih pljuskova, opasnost od odrona - RADIO LJUBU\u0160KI<\/title>\n<meta name=\"robots\" content=\"index, follow, max-snippet:-1, max-image-preview:large, max-video-preview:-1\" \/>\n<link rel=\"canonical\" href=\"https:\/\/radioljubuski.ba\/index.php\/2021\/09\/18\/bihamk-otezan-promet-zbog-jakih-pljuskova-opasnost-od-odrona\/\" \/>\n<meta property=\"og:locale\" content=\"hr_HR\" \/>\n<meta property=\"og:type\" content=\"article\" \/>\n<meta property=\"og:title\" content=\"BIHAMK: Ote\u017ean promet zbog jakih pljuskova, opasnost od odrona - RADIO LJUBU\u0160KI\" \/>\n<meta property=\"og:description\" content=\"Zbog povremeno jakih pljuskova i ve\u0107e koli\u010dine vode koja se zadr\u017eava na kolovozu, ote\u017eano je prometovanje na ve\u0107ini putnih pravaca u Bosni i Hercegovini. Pove\u0107ana je opasnost od odrona na dionicama koje vode kroz usjeke. Izdvajaju se putni pravci: Sarajevo-Fo\u010da, Konjic-Mostar, Jajce-Banja Luka, Bugojno-Novi Travnik, Rogatica-Vi\u0161egrad i Turbe-Karanovac.&nbsp; Voza\u010dima se savjetuje da, bez obzira na [&hellip;]\" \/>\n<meta property=\"og:url\" content=\"https:\/\/radioljubuski.ba\/index.php\/2021\/09\/18\/bihamk-otezan-promet-zbog-jakih-pljuskova-opasnost-od-odrona\/\" \/>\n<meta property=\"og:site_name\" content=\"RADIO LJUBU\u0160KI\" \/>\n<meta property=\"article:publisher\" content=\"https:\/\/www.facebook.com\/Radiio-Ljubuski-1490835324566332\" \/>\n<meta property=\"article:published_time\" content=\"2021-09-18T07:54:12+00:00\" \/>\n<meta property=\"og:image\" content=\"https:\/\/radioljubuski.ba\/wp-content\/uploads\/2021\/09\/PLgIpQbG_56a07e1b_2720_4f2d_8aa6_6d7b0a0a0a64_odroni_718x446.jpg\" \/>\n\t<meta property=\"og:image:width\" content=\"1000\" \/>\n\t<meta property=\"og:image:height\" content=\"625\" \/>\n\t<meta property=\"og:image:type\" content=\"image\/jpeg\" \/>\n<meta name=\"author\" content=\"Radio Ljubu\u0161ki\" \/>\n<meta name=\"twitter:card\" content=\"summary_large_image\" \/>\n<meta name=\"twitter:creator\" content=\"@radioljubuski\" \/>\n<meta name=\"twitter:site\" content=\"@radioljubuski\" \/>\n<meta name=\"twitter:label1\" content=\"Napisao\/la\" \/>\n\t<meta name=\"twitter:data1\" content=\"Radio Ljubu\u0161ki\" \/>\n\t<meta name=\"twitter:label2\" content=\"Procijenjeno vrijeme \u010ditanja\" \/>\n\t<meta name=\"twitter:data2\" content=\"2 minute\" \/>\n<script type=\"application\/ld+json\" class=\"yoast-schema-graph\">{\"@context\":\"https:\\\/\\\/schema.org\",\"@graph\":[{\"@type\":\"Article\",\"@id\":\"https:\\\/\\\/radioljubuski.ba\\\/index.php\\\/2021\\\/09\\\/18\\\/bihamk-otezan-promet-zbog-jakih-pljuskova-opasnost-od-odrona\\\/#article\",\"isPartOf\":{\"@id\":\"https:\\\/\\\/radioljubuski.ba\\\/index.php\\\/2021\\\/09\\\/18\\\/bihamk-otezan-promet-zbog-jakih-pljuskova-opasnost-od-odrona\\\/\"},\"author\":{\"name\":\"Radio Ljubu\u0161ki\",\"@id\":\"https:\\\/\\\/radioljubuski.ba\\\/#\\\/schema\\\/person\\\/19fc700381a780f69665d7956c469e3b\"},\"headline\":\"BIHAMK: Ote\u017ean promet zbog jakih pljuskova, opasnost od odrona\",\"datePublished\":\"2021-09-18T07:54:12+00:00\",\"mainEntityOfPage\":{\"@id\":\"https:\\\/\\\/radioljubuski.ba\\\/index.php\\\/2021\\\/09\\\/18\\\/bihamk-otezan-promet-zbog-jakih-pljuskova-opasnost-od-odrona\\\/\"},\"wordCount\":285,\"publisher\":{\"@id\":\"https:\\\/\\\/radioljubuski.ba\\\/#organization\"},\"image\":{\"@id\":\"https:\\\/\\\/radioljubuski.ba\\\/index.php\\\/2021\\\/09\\\/18\\\/bihamk-otezan-promet-zbog-jakih-pljuskova-opasnost-od-odrona\\\/#primaryimage\"},\"thumbnailUrl\":\"https:\\\/\\\/radioljubuski.ba\\\/wp-content\\\/uploads\\\/2021\\\/09\\\/PLgIpQbG_56a07e1b_2720_4f2d_8aa6_6d7b0a0a0a64_odroni_718x446.jpg\",\"articleSection\":[\"BIH i regija\"],\"inLanguage\":\"hr\"},{\"@type\":\"WebPage\",\"@id\":\"https:\\\/\\\/radioljubuski.ba\\\/index.php\\\/2021\\\/09\\\/18\\\/bihamk-otezan-promet-zbog-jakih-pljuskova-opasnost-od-odrona\\\/\",\"url\":\"https:\\\/\\\/radioljubuski.ba\\\/index.php\\\/2021\\\/09\\\/18\\\/bihamk-otezan-promet-zbog-jakih-pljuskova-opasnost-od-odrona\\\/\",\"name\":\"BIHAMK: Ote\u017ean promet zbog jakih pljuskova, opasnost od odrona - RADIO LJUBU\u0160KI\",\"isPartOf\":{\"@id\":\"https:\\\/\\\/radioljubuski.ba\\\/#website\"},\"primaryImageOfPage\":{\"@id\":\"https:\\\/\\\/radioljubuski.ba\\\/index.php\\\/2021\\\/09\\\/18\\\/bihamk-otezan-promet-zbog-jakih-pljuskova-opasnost-od-odrona\\\/#primaryimage\"},\"image\":{\"@id\":\"https:\\\/\\\/radioljubuski.ba\\\/index.php\\\/2021\\\/09\\\/18\\\/bihamk-otezan-promet-zbog-jakih-pljuskova-opasnost-od-odrona\\\/#primaryimage\"},\"thumbnailUrl\":\"https:\\\/\\\/radioljubuski.ba\\\/wp-content\\\/uploads\\\/2021\\\/09\\\/PLgIpQbG_56a07e1b_2720_4f2d_8aa6_6d7b0a0a0a64_odroni_718x446.jpg\",\"datePublished\":\"2021-09-18T07:54:12+00:00\",\"breadcrumb\":{\"@id\":\"https:\\\/\\\/radioljubuski.ba\\\/index.php\\\/2021\\\/09\\\/18\\\/bihamk-otezan-promet-zbog-jakih-pljuskova-opasnost-od-odrona\\\/#breadcrumb\"},\"inLanguage\":\"hr\",\"potentialAction\":[{\"@type\":\"ReadAction\",\"target\":[\"https:\\\/\\\/radioljubuski.ba\\\/index.php\\\/2021\\\/09\\\/18\\\/bihamk-otezan-promet-zbog-jakih-pljuskova-opasnost-od-odrona\\\/\"]}]},{\"@type\":\"ImageObject\",\"inLanguage\":\"hr\",\"@id\":\"https:\\\/\\\/radioljubuski.ba\\\/index.php\\\/2021\\\/09\\\/18\\\/bihamk-otezan-promet-zbog-jakih-pljuskova-opasnost-od-odrona\\\/#primaryimage\",\"url\":\"https:\\\/\\\/radioljubuski.ba\\\/wp-content\\\/uploads\\\/2021\\\/09\\\/PLgIpQbG_56a07e1b_2720_4f2d_8aa6_6d7b0a0a0a64_odroni_718x446.jpg\",\"contentUrl\":\"https:\\\/\\\/radioljubuski.ba\\\/wp-content\\\/uploads\\\/2021\\\/09\\\/PLgIpQbG_56a07e1b_2720_4f2d_8aa6_6d7b0a0a0a64_odroni_718x446.jpg\",\"width\":1000,\"height\":625},{\"@type\":\"BreadcrumbList\",\"@id\":\"https:\\\/\\\/radioljubuski.ba\\\/index.php\\\/2021\\\/09\\\/18\\\/bihamk-otezan-promet-zbog-jakih-pljuskova-opasnost-od-odrona\\\/#breadcrumb\",\"itemListElement\":[{\"@type\":\"ListItem\",\"position\":1,\"name\":\"Po\u010detna stranica\",\"item\":\"https:\\\/\\\/radioljubuski.ba\\\/\"},{\"@type\":\"ListItem\",\"position\":2,\"name\":\"BIHAMK: Ote\u017ean promet zbog jakih pljuskova, opasnost od odrona\"}]},{\"@type\":\"WebSite\",\"@id\":\"https:\\\/\\\/radioljubuski.ba\\\/#website\",\"url\":\"https:\\\/\\\/radioljubuski.ba\\\/\",\"name\":\"Radio Ljubu\u0161ki\",\"description\":\"Sun\u010dana frekvencija Hercegovine\",\"publisher\":{\"@id\":\"https:\\\/\\\/radioljubuski.ba\\\/#organization\"},\"potentialAction\":[{\"@type\":\"SearchAction\",\"target\":{\"@type\":\"EntryPoint\",\"urlTemplate\":\"https:\\\/\\\/radioljubuski.ba\\\/?s={search_term_string}\"},\"query-input\":{\"@type\":\"PropertyValueSpecification\",\"valueRequired\":true,\"valueName\":\"search_term_string\"}}],\"inLanguage\":\"hr\"},{\"@type\":\"Organization\",\"@id\":\"https:\\\/\\\/radioljubuski.ba\\\/#organization\",\"name\":\"Radio Ljubu\u0161ki\",\"url\":\"https:\\\/\\\/radioljubuski.ba\\\/\",\"logo\":{\"@type\":\"ImageObject\",\"inLanguage\":\"hr\",\"@id\":\"https:\\\/\\\/radioljubuski.ba\\\/#\\\/schema\\\/logo\\\/image\\\/\",\"url\":\"https:\\\/\\\/radioljubuski.ba\\\/wp-content\\\/uploads\\\/2021\\\/02\\\/cropped-Radio_Ljubuski_logo1.jpg\",\"contentUrl\":\"https:\\\/\\\/radioljubuski.ba\\\/wp-content\\\/uploads\\\/2021\\\/02\\\/cropped-Radio_Ljubuski_logo1.jpg\",\"width\":512,\"height\":512,\"caption\":\"Radio Ljubu\u0161ki\"},\"image\":{\"@id\":\"https:\\\/\\\/radioljubuski.ba\\\/#\\\/schema\\\/logo\\\/image\\\/\"},\"sameAs\":[\"https:\\\/\\\/www.facebook.com\\\/Radiio-Ljubuski-1490835324566332\",\"https:\\\/\\\/x.com\\\/radioljubuski\",\"https:\\\/\\\/hr.linkedin.com\\\/company\\\/radio-ljubuski\",\"https:\\\/\\\/www.youtube.com\\\/channel\\\/UCHYaeO_n0Db3tjNGudGpXyw\"]},{\"@type\":\"Person\",\"@id\":\"https:\\\/\\\/radioljubuski.ba\\\/#\\\/schema\\\/person\\\/19fc700381a780f69665d7956c469e3b\",\"name\":\"Radio Ljubu\u0161ki\"}]}<\/script>\n<!-- \/ Yoast SEO plugin. -->","yoast_head_json":{"title":"BIHAMK: Ote\u017ean promet zbog jakih pljuskova, opasnost od odrona - RADIO LJUBU\u0160KI","robots":{"index":"index","follow":"follow","max-snippet":"max-snippet:-1","max-image-preview":"max-image-preview:large","max-video-preview":"max-video-preview:-1"},"canonical":"https:\/\/radioljubuski.ba\/index.php\/2021\/09\/18\/bihamk-otezan-promet-zbog-jakih-pljuskova-opasnost-od-odrona\/","og_locale":"hr_HR","og_type":"article","og_title":"BIHAMK: Ote\u017ean promet zbog jakih pljuskova, opasnost od odrona - RADIO LJUBU\u0160KI","og_description":"Zbog povremeno jakih pljuskova i ve\u0107e koli\u010dine vode koja se zadr\u017eava na kolovozu, ote\u017eano je prometovanje na ve\u0107ini putnih pravaca u Bosni i Hercegovini. Pove\u0107ana je opasnost od odrona na dionicama koje vode kroz usjeke. Izdvajaju se putni pravci: Sarajevo-Fo\u010da, Konjic-Mostar, Jajce-Banja Luka, Bugojno-Novi Travnik, Rogatica-Vi\u0161egrad i Turbe-Karanovac.&nbsp; Voza\u010dima se savjetuje da, bez obzira na [&hellip;]","og_url":"https:\/\/radioljubuski.ba\/index.php\/2021\/09\/18\/bihamk-otezan-promet-zbog-jakih-pljuskova-opasnost-od-odrona\/","og_site_name":"RADIO LJUBU\u0160KI","article_publisher":"https:\/\/www.facebook.com\/Radiio-Ljubuski-1490835324566332","article_published_time":"2021-09-18T07:54:12+00:00","og_image":[{"width":1000,"height":625,"url":"https:\/\/radioljubuski.ba\/wp-content\/uploads\/2021\/09\/PLgIpQbG_56a07e1b_2720_4f2d_8aa6_6d7b0a0a0a64_odroni_718x446.jpg","type":"image\/jpeg"}],"author":"Radio Ljubu\u0161ki","twitter_card":"summary_large_image","twitter_creator":"@radioljubuski","twitter_site":"@radioljubuski","twitter_misc":{"Napisao\/la":"Radio Ljubu\u0161ki","Procijenjeno vrijeme \u010ditanja":"2 minute"},"schema":{"@context":"https:\/\/schema.org","@graph":[{"@type":"Article","@id":"https:\/\/radioljubuski.ba\/index.php\/2021\/09\/18\/bihamk-otezan-promet-zbog-jakih-pljuskova-opasnost-od-odrona\/#article","isPartOf":{"@id":"https:\/\/radioljubuski.ba\/index.php\/2021\/09\/18\/bihamk-otezan-promet-zbog-jakih-pljuskova-opasnost-od-odrona\/"},"author":{"name":"Radio Ljubu\u0161ki","@id":"https:\/\/radioljubuski.ba\/#\/schema\/person\/19fc700381a780f69665d7956c469e3b"},"headline":"BIHAMK: Ote\u017ean promet zbog jakih pljuskova, opasnost od odrona","datePublished":"2021-09-18T07:54:12+00:00","mainEntityOfPage":{"@id":"https:\/\/radioljubuski.ba\/index.php\/2021\/09\/18\/bihamk-otezan-promet-zbog-jakih-pljuskova-opasnost-od-odrona\/"},"wordCount":285,"publisher":{"@id":"https:\/\/radioljubuski.ba\/#organization"},"image":{"@id":"https:\/\/radioljubuski.ba\/index.php\/2021\/09\/18\/bihamk-otezan-promet-zbog-jakih-pljuskova-opasnost-od-odrona\/#primaryimage"},"thumbnailUrl":"https:\/\/radioljubuski.ba\/wp-content\/uploads\/2021\/09\/PLgIpQbG_56a07e1b_2720_4f2d_8aa6_6d7b0a0a0a64_odroni_718x446.jpg","articleSection":["BIH i regija"],"inLanguage":"hr"},{"@type":"WebPage","@id":"https:\/\/radioljubuski.ba\/index.php\/2021\/09\/18\/bihamk-otezan-promet-zbog-jakih-pljuskova-opasnost-od-odrona\/","url":"https:\/\/radioljubuski.ba\/index.php\/2021\/09\/18\/bihamk-otezan-promet-zbog-jakih-pljuskova-opasnost-od-odrona\/","name":"BIHAMK: Ote\u017ean promet zbog jakih pljuskova, opasnost od odrona - RADIO LJUBU\u0160KI","isPartOf":{"@id":"https:\/\/radioljubuski.ba\/#website"},"primaryImageOfPage":{"@id":"https:\/\/radioljubuski.ba\/index.php\/2021\/09\/18\/bihamk-otezan-promet-zbog-jakih-pljuskova-opasnost-od-odrona\/#primaryimage"},"image":{"@id":"https:\/\/radioljubuski.ba\/index.php\/2021\/09\/18\/bihamk-otezan-promet-zbog-jakih-pljuskova-opasnost-od-odrona\/#primaryimage"},"thumbnailUrl":"https:\/\/radioljubuski.ba\/wp-content\/uploads\/2021\/09\/PLgIpQbG_56a07e1b_2720_4f2d_8aa6_6d7b0a0a0a64_odroni_718x446.jpg","datePublished":"2021-09-18T07:54:12+00:00","breadcrumb":{"@id":"https:\/\/radioljubuski.ba\/index.php\/2021\/09\/18\/bihamk-otezan-promet-zbog-jakih-pljuskova-opasnost-od-odrona\/#breadcrumb"},"inLanguage":"hr","potentialAction":[{"@type":"ReadAction","target":["https:\/\/radioljubuski.ba\/index.php\/2021\/09\/18\/bihamk-otezan-promet-zbog-jakih-pljuskova-opasnost-od-odrona\/"]}]},{"@type":"ImageObject","inLanguage":"hr","@id":"https:\/\/radioljubuski.ba\/index.php\/2021\/09\/18\/bihamk-otezan-promet-zbog-jakih-pljuskova-opasnost-od-odrona\/#primaryimage","url":"https:\/\/radioljubuski.ba\/wp-content\/uploads\/2021\/09\/PLgIpQbG_56a07e1b_2720_4f2d_8aa6_6d7b0a0a0a64_odroni_718x446.jpg","contentUrl":"https:\/\/radioljubuski.ba\/wp-content\/uploads\/2021\/09\/PLgIpQbG_56a07e1b_2720_4f2d_8aa6_6d7b0a0a0a64_odroni_718x446.jpg","width":1000,"height":625},{"@type":"BreadcrumbList","@id":"https:\/\/radioljubuski.ba\/index.php\/2021\/09\/18\/bihamk-otezan-promet-zbog-jakih-pljuskova-opasnost-od-odrona\/#breadcrumb","itemListElement":[{"@type":"ListItem","position":1,"name":"Po\u010detna stranica","item":"https:\/\/radioljubuski.ba\/"},{"@type":"ListItem","position":2,"name":"BIHAMK: Ote\u017ean promet zbog jakih pljuskova, opasnost od odrona"}]},{"@type":"WebSite","@id":"https:\/\/radioljubuski.ba\/#website","url":"https:\/\/radioljubuski.ba\/","name":"Radio Ljubu\u0161ki","description":"Sun\u010dana frekvencija Hercegovine","publisher":{"@id":"https:\/\/radioljubuski.ba\/#organization"},"potentialAction":[{"@type":"SearchAction","target":{"@type":"EntryPoint","urlTemplate":"https:\/\/radioljubuski.ba\/?s={search_term_string}"},"query-input":{"@type":"PropertyValueSpecification","valueRequired":true,"valueName":"search_term_string"}}],"inLanguage":"hr"},{"@type":"Organization","@id":"https:\/\/radioljubuski.ba\/#organization","name":"Radio Ljubu\u0161ki","url":"https:\/\/radioljubuski.ba\/","logo":{"@type":"ImageObject","inLanguage":"hr","@id":"https:\/\/radioljubuski.ba\/#\/schema\/logo\/image\/","url":"https:\/\/radioljubuski.ba\/wp-content\/uploads\/2021\/02\/cropped-Radio_Ljubuski_logo1.jpg","contentUrl":"https:\/\/radioljubuski.ba\/wp-content\/uploads\/2021\/02\/cropped-Radio_Ljubuski_logo1.jpg","width":512,"height":512,"caption":"Radio Ljubu\u0161ki"},"image":{"@id":"https:\/\/radioljubuski.ba\/#\/schema\/logo\/image\/"},"sameAs":["https:\/\/www.facebook.com\/Radiio-Ljubuski-1490835324566332","https:\/\/x.com\/radioljubuski","https:\/\/hr.linkedin.com\/company\/radio-ljubuski","https:\/\/www.youtube.com\/channel\/UCHYaeO_n0Db3tjNGudGpXyw"]},{"@type":"Person","@id":"https:\/\/radioljubuski.ba\/#\/schema\/person\/19fc700381a780f69665d7956c469e3b","name":"Radio Ljubu\u0161ki"}]}},"_links":{"self":[{"href":"https:\/\/radioljubuski.ba\/index.php\/wp-json\/wp\/v2\/posts\/65090","targetHints":{"allow":["GET"]}}],"collection":[{"href":"https:\/\/radioljubuski.ba\/index.php\/wp-json\/wp\/v2\/posts"}],"about":[{"href":"https:\/\/radioljubuski.ba\/index.php\/wp-json\/wp\/v2\/types\/post"}],"author":[{"embeddable":true,"href":"https:\/\/radioljubuski.ba\/index.php\/wp-json\/wp\/v2\/users\/2"}],"replies":[{"embeddable":true,"href":"https:\/\/radioljubuski.ba\/index.php\/wp-json\/wp\/v2\/comments?post=65090"}],"version-history":[{"count":1,"href":"https:\/\/radioljubuski.ba\/index.php\/wp-json\/wp\/v2\/posts\/65090\/revisions"}],"predecessor-version":[{"id":65092,"href":"https:\/\/radioljubuski.ba\/index.php\/wp-json\/wp\/v2\/posts\/65090\/revisions\/65092"}],"wp:featuredmedia":[{"embeddable":true,"href":"https:\/\/radioljubuski.ba\/index.php\/wp-json\/wp\/v2\/media\/65091"}],"wp:attachment":[{"href":"https:\/\/radioljubuski.ba\/index.php\/wp-json\/wp\/v2\/media?parent=65090"}],"wp:term":[{"taxonomy":"category","embeddable":true,"href":"https:\/\/radioljubuski.ba\/index.php\/wp-json\/wp\/v2\/categories?post=65090"},{"taxonomy":"post_tag","embeddable":true,"href":"https:\/\/radioljubuski.ba\/index.php\/wp-json\/wp\/v2\/tags?post=65090"}],"curies":[{"name":"wp","href":"https:\/\/api.w.org\/{rel}","templated":true}]}}