{"id":65100,"date":"2021-09-18T08:59:31","date_gmt":"2021-09-18T07:59:31","guid":{"rendered":"https:\/\/radioljubuski.ba\/?p=65100"},"modified":"2021-09-18T08:59:31","modified_gmt":"2021-09-18T07:59:31","slug":"odreden-jednomjesecni-pritvor-branislavu-zeljkovicu-i-drugima","status":"publish","type":"post","link":"https:\/\/radioljubuski.ba\/index.php\/2021\/09\/18\/odreden-jednomjesecni-pritvor-branislavu-zeljkovicu-i-drugima\/","title":{"rendered":"Odre\u0111en jednomjese\u010dni pritvor Branislavu Zeljkovi\u0107u i drugima"},"content":{"rendered":"\n<p>Okru\u017eni sud u Banjoj Luci &#8211; Posebno odjeljenje za suzbijanje korupcije, organiziranog i najte\u017eih oblika gospodarskog kriminala danas je donio odluku o mjerama pritvora za Branislava Zeljkovi\u0107a, direktora Instituta za javno zdravstvo Republike Srpske, i ostalu trojicu osumnji\u010denih za zloupotrebe prilikom nabavki koje je Institut provodio.&nbsp;<\/p>\n\n\n\n<p>Osumnji\u010denim je odre\u0111en pritvor u trajanju od mjesec dana.<\/p>\n\n\n\n<p>&#8211; Postupaju\u0107i sudac za prethodni postupak Okru\u017enog suda u Banjoj Luci donio je rje\u0161enje kojim je prema osumnji\u010denima B. Z, S. B, D. D. i S. M. zbog postojanja osnovane sumnje da su u\u010dinili B. Z. krivi\u010dno djelo zloupotreba slu\u017ebenog polo\u017eaja ili ovla\u0161tenja Krivi\u010dnog zakonika Republike Srpske, S. B. i D. D. krivi\u010dno djelo zloupotreba slu\u017ebenog polo\u017eaja ili ovla\u0161tenja u pomaganju u stjecaju s krivi\u010dnim djelom zloupotreba u postupku javne nabavke, a S. M. krivi\u010dno djelo zloupotreba slu\u017ebenog polo\u017eaja ili ovla\u0161tenja u pomaganju odre\u0111en pritvor koji mo\u017ee trajati najdu\u017ee jedan mjesec, a koji pritvor se ima ra\u010dunati po\u010dev od trenutka li\u0161enja slobode &#8211; navodi se &nbsp;u priop\u0107enju iz Okru\u017enog suda u Banjoj Luci.<\/p>\n\n\n\n<p>Pritvor za osumnji\u010denog B. Z. mo\u017ee trajati najdu\u017ee do 16. listopada, za osumnji\u010dene S. B., D. D. i S. M. do 15. listopada.<\/p>\n\n\n\n<p>Protiv osumnji\u010denih B. Z, S. B, D. D. i S. M. pritvor je odre\u0111en zbog postojanja posebnog pritvorskog razloga Zakona o krivi\u010dnom postupku Republike Srpske.<\/p>\n\n\n\n<p>Zbog ove odluke Suda, obrana optu\u017eenih najavljuje \u017ealbu.<\/p>\n\n\n\n<p>Izvor:pogled.ba<\/p>\n","protected":false},"excerpt":{"rendered":"<p>Okru\u017eni sud u Banjoj Luci &#8211; Posebno odjeljenje za suzbijanje korupcije, organiziranog i najte\u017eih oblika gospodarskog kriminala danas je donio odluku o mjerama pritvora za Branislava Zeljkovi\u0107a, direktora Instituta za javno zdravstvo Republike Srpske, i ostalu trojicu osumnji\u010denih za zloupotrebe prilikom nabavki koje je Institut provodio.&nbsp; Osumnji\u010denim je odre\u0111en pritvor u trajanju od mjesec dana. [&hellip;]<\/p>\n","protected":false},"author":2,"featured_media":65101,"comment_status":"closed","ping_status":"closed","sticky":false,"template":"","format":"standard","meta":{"h5ap_radio_sources":[],"footnotes":""},"categories":[1],"tags":[],"class_list":["post-65100","post","type-post","status-publish","format-standard","has-post-thumbnail","hentry","category-bihiregija"],"yoast_head":"<!-- This site is optimized with the Yoast SEO plugin v27.5 - https:\/\/yoast.com\/product\/yoast-seo-wordpress\/ -->\n<title>Odre\u0111en jednomjese\u010dni pritvor Branislavu Zeljkovi\u0107u i drugima - RADIO LJUBU\u0160KI<\/title>\n<meta name=\"robots\" content=\"index, follow, max-snippet:-1, max-image-preview:large, max-video-preview:-1\" \/>\n<link rel=\"canonical\" href=\"https:\/\/radioljubuski.ba\/index.php\/2021\/09\/18\/odreden-jednomjesecni-pritvor-branislavu-zeljkovicu-i-drugima\/\" \/>\n<meta property=\"og:locale\" content=\"hr_HR\" \/>\n<meta property=\"og:type\" content=\"article\" \/>\n<meta property=\"og:title\" content=\"Odre\u0111en jednomjese\u010dni pritvor Branislavu Zeljkovi\u0107u i drugima - RADIO LJUBU\u0160KI\" \/>\n<meta property=\"og:description\" content=\"Okru\u017eni sud u Banjoj Luci &#8211; Posebno odjeljenje za suzbijanje korupcije, organiziranog i najte\u017eih oblika gospodarskog kriminala danas je donio odluku o mjerama pritvora za Branislava Zeljkovi\u0107a, direktora Instituta za javno zdravstvo Republike Srpske, i ostalu trojicu osumnji\u010denih za zloupotrebe prilikom nabavki koje je Institut provodio.&nbsp; Osumnji\u010denim je odre\u0111en pritvor u trajanju od mjesec dana. [&hellip;]\" \/>\n<meta property=\"og:url\" content=\"https:\/\/radioljubuski.ba\/index.php\/2021\/09\/18\/odreden-jednomjesecni-pritvor-branislavu-zeljkovicu-i-drugima\/\" \/>\n<meta property=\"og:site_name\" content=\"RADIO LJUBU\u0160KI\" \/>\n<meta property=\"article:publisher\" content=\"https:\/\/www.facebook.com\/Radiio-Ljubuski-1490835324566332\" \/>\n<meta property=\"article:published_time\" content=\"2021-09-18T07:59:31+00:00\" \/>\n<meta property=\"og:image\" content=\"https:\/\/radioljubuski.ba\/wp-content\/uploads\/2021\/09\/3-2021-09-18-09-49-14-zeljkovic.jpg\" \/>\n\t<meta property=\"og:image:width\" content=\"1000\" \/>\n\t<meta property=\"og:image:height\" content=\"625\" \/>\n\t<meta property=\"og:image:type\" content=\"image\/jpeg\" \/>\n<meta name=\"author\" content=\"Radio Ljubu\u0161ki\" \/>\n<meta name=\"twitter:card\" content=\"summary_large_image\" \/>\n<meta name=\"twitter:creator\" content=\"@radioljubuski\" \/>\n<meta name=\"twitter:site\" content=\"@radioljubuski\" \/>\n<meta name=\"twitter:label1\" content=\"Napisao\/la\" \/>\n\t<meta name=\"twitter:data1\" content=\"Radio Ljubu\u0161ki\" \/>\n\t<meta name=\"twitter:label2\" content=\"Procijenjeno vrijeme \u010ditanja\" \/>\n\t<meta name=\"twitter:data2\" content=\"1 minuta\" \/>\n<script type=\"application\/ld+json\" class=\"yoast-schema-graph\">{\"@context\":\"https:\\\/\\\/schema.org\",\"@graph\":[{\"@type\":\"Article\",\"@id\":\"https:\\\/\\\/radioljubuski.ba\\\/index.php\\\/2021\\\/09\\\/18\\\/odreden-jednomjesecni-pritvor-branislavu-zeljkovicu-i-drugima\\\/#article\",\"isPartOf\":{\"@id\":\"https:\\\/\\\/radioljubuski.ba\\\/index.php\\\/2021\\\/09\\\/18\\\/odreden-jednomjesecni-pritvor-branislavu-zeljkovicu-i-drugima\\\/\"},\"author\":{\"name\":\"Radio Ljubu\u0161ki\",\"@id\":\"https:\\\/\\\/radioljubuski.ba\\\/#\\\/schema\\\/person\\\/19fc700381a780f69665d7956c469e3b\"},\"headline\":\"Odre\u0111en jednomjese\u010dni pritvor Branislavu Zeljkovi\u0107u i drugima\",\"datePublished\":\"2021-09-18T07:59:31+00:00\",\"mainEntityOfPage\":{\"@id\":\"https:\\\/\\\/radioljubuski.ba\\\/index.php\\\/2021\\\/09\\\/18\\\/odreden-jednomjesecni-pritvor-branislavu-zeljkovicu-i-drugima\\\/\"},\"wordCount\":278,\"publisher\":{\"@id\":\"https:\\\/\\\/radioljubuski.ba\\\/#organization\"},\"image\":{\"@id\":\"https:\\\/\\\/radioljubuski.ba\\\/index.php\\\/2021\\\/09\\\/18\\\/odreden-jednomjesecni-pritvor-branislavu-zeljkovicu-i-drugima\\\/#primaryimage\"},\"thumbnailUrl\":\"https:\\\/\\\/radioljubuski.ba\\\/wp-content\\\/uploads\\\/2021\\\/09\\\/3-2021-09-18-09-49-14-zeljkovic.jpg\",\"articleSection\":[\"BIH i regija\"],\"inLanguage\":\"hr\"},{\"@type\":\"WebPage\",\"@id\":\"https:\\\/\\\/radioljubuski.ba\\\/index.php\\\/2021\\\/09\\\/18\\\/odreden-jednomjesecni-pritvor-branislavu-zeljkovicu-i-drugima\\\/\",\"url\":\"https:\\\/\\\/radioljubuski.ba\\\/index.php\\\/2021\\\/09\\\/18\\\/odreden-jednomjesecni-pritvor-branislavu-zeljkovicu-i-drugima\\\/\",\"name\":\"Odre\u0111en jednomjese\u010dni pritvor Branislavu Zeljkovi\u0107u i drugima - RADIO LJUBU\u0160KI\",\"isPartOf\":{\"@id\":\"https:\\\/\\\/radioljubuski.ba\\\/#website\"},\"primaryImageOfPage\":{\"@id\":\"https:\\\/\\\/radioljubuski.ba\\\/index.php\\\/2021\\\/09\\\/18\\\/odreden-jednomjesecni-pritvor-branislavu-zeljkovicu-i-drugima\\\/#primaryimage\"},\"image\":{\"@id\":\"https:\\\/\\\/radioljubuski.ba\\\/index.php\\\/2021\\\/09\\\/18\\\/odreden-jednomjesecni-pritvor-branislavu-zeljkovicu-i-drugima\\\/#primaryimage\"},\"thumbnailUrl\":\"https:\\\/\\\/radioljubuski.ba\\\/wp-content\\\/uploads\\\/2021\\\/09\\\/3-2021-09-18-09-49-14-zeljkovic.jpg\",\"datePublished\":\"2021-09-18T07:59:31+00:00\",\"breadcrumb\":{\"@id\":\"https:\\\/\\\/radioljubuski.ba\\\/index.php\\\/2021\\\/09\\\/18\\\/odreden-jednomjesecni-pritvor-branislavu-zeljkovicu-i-drugima\\\/#breadcrumb\"},\"inLanguage\":\"hr\",\"potentialAction\":[{\"@type\":\"ReadAction\",\"target\":[\"https:\\\/\\\/radioljubuski.ba\\\/index.php\\\/2021\\\/09\\\/18\\\/odreden-jednomjesecni-pritvor-branislavu-zeljkovicu-i-drugima\\\/\"]}]},{\"@type\":\"ImageObject\",\"inLanguage\":\"hr\",\"@id\":\"https:\\\/\\\/radioljubuski.ba\\\/index.php\\\/2021\\\/09\\\/18\\\/odreden-jednomjesecni-pritvor-branislavu-zeljkovicu-i-drugima\\\/#primaryimage\",\"url\":\"https:\\\/\\\/radioljubuski.ba\\\/wp-content\\\/uploads\\\/2021\\\/09\\\/3-2021-09-18-09-49-14-zeljkovic.jpg\",\"contentUrl\":\"https:\\\/\\\/radioljubuski.ba\\\/wp-content\\\/uploads\\\/2021\\\/09\\\/3-2021-09-18-09-49-14-zeljkovic.jpg\",\"width\":1000,\"height\":625},{\"@type\":\"BreadcrumbList\",\"@id\":\"https:\\\/\\\/radioljubuski.ba\\\/index.php\\\/2021\\\/09\\\/18\\\/odreden-jednomjesecni-pritvor-branislavu-zeljkovicu-i-drugima\\\/#breadcrumb\",\"itemListElement\":[{\"@type\":\"ListItem\",\"position\":1,\"name\":\"Po\u010detna stranica\",\"item\":\"https:\\\/\\\/radioljubuski.ba\\\/\"},{\"@type\":\"ListItem\",\"position\":2,\"name\":\"Odre\u0111en jednomjese\u010dni pritvor Branislavu Zeljkovi\u0107u i drugima\"}]},{\"@type\":\"WebSite\",\"@id\":\"https:\\\/\\\/radioljubuski.ba\\\/#website\",\"url\":\"https:\\\/\\\/radioljubuski.ba\\\/\",\"name\":\"Radio Ljubu\u0161ki\",\"description\":\"Sun\u010dana frekvencija Hercegovine\",\"publisher\":{\"@id\":\"https:\\\/\\\/radioljubuski.ba\\\/#organization\"},\"potentialAction\":[{\"@type\":\"SearchAction\",\"target\":{\"@type\":\"EntryPoint\",\"urlTemplate\":\"https:\\\/\\\/radioljubuski.ba\\\/?s={search_term_string}\"},\"query-input\":{\"@type\":\"PropertyValueSpecification\",\"valueRequired\":true,\"valueName\":\"search_term_string\"}}],\"inLanguage\":\"hr\"},{\"@type\":\"Organization\",\"@id\":\"https:\\\/\\\/radioljubuski.ba\\\/#organization\",\"name\":\"Radio Ljubu\u0161ki\",\"url\":\"https:\\\/\\\/radioljubuski.ba\\\/\",\"logo\":{\"@type\":\"ImageObject\",\"inLanguage\":\"hr\",\"@id\":\"https:\\\/\\\/radioljubuski.ba\\\/#\\\/schema\\\/logo\\\/image\\\/\",\"url\":\"https:\\\/\\\/radioljubuski.ba\\\/wp-content\\\/uploads\\\/2021\\\/02\\\/cropped-Radio_Ljubuski_logo1.jpg\",\"contentUrl\":\"https:\\\/\\\/radioljubuski.ba\\\/wp-content\\\/uploads\\\/2021\\\/02\\\/cropped-Radio_Ljubuski_logo1.jpg\",\"width\":512,\"height\":512,\"caption\":\"Radio Ljubu\u0161ki\"},\"image\":{\"@id\":\"https:\\\/\\\/radioljubuski.ba\\\/#\\\/schema\\\/logo\\\/image\\\/\"},\"sameAs\":[\"https:\\\/\\\/www.facebook.com\\\/Radiio-Ljubuski-1490835324566332\",\"https:\\\/\\\/x.com\\\/radioljubuski\",\"https:\\\/\\\/hr.linkedin.com\\\/company\\\/radio-ljubuski\",\"https:\\\/\\\/www.youtube.com\\\/channel\\\/UCHYaeO_n0Db3tjNGudGpXyw\"]},{\"@type\":\"Person\",\"@id\":\"https:\\\/\\\/radioljubuski.ba\\\/#\\\/schema\\\/person\\\/19fc700381a780f69665d7956c469e3b\",\"name\":\"Radio Ljubu\u0161ki\"}]}<\/script>\n<!-- \/ Yoast SEO plugin. -->","yoast_head_json":{"title":"Odre\u0111en jednomjese\u010dni pritvor Branislavu Zeljkovi\u0107u i drugima - RADIO LJUBU\u0160KI","robots":{"index":"index","follow":"follow","max-snippet":"max-snippet:-1","max-image-preview":"max-image-preview:large","max-video-preview":"max-video-preview:-1"},"canonical":"https:\/\/radioljubuski.ba\/index.php\/2021\/09\/18\/odreden-jednomjesecni-pritvor-branislavu-zeljkovicu-i-drugima\/","og_locale":"hr_HR","og_type":"article","og_title":"Odre\u0111en jednomjese\u010dni pritvor Branislavu Zeljkovi\u0107u i drugima - RADIO LJUBU\u0160KI","og_description":"Okru\u017eni sud u Banjoj Luci &#8211; Posebno odjeljenje za suzbijanje korupcije, organiziranog i najte\u017eih oblika gospodarskog kriminala danas je donio odluku o mjerama pritvora za Branislava Zeljkovi\u0107a, direktora Instituta za javno zdravstvo Republike Srpske, i ostalu trojicu osumnji\u010denih za zloupotrebe prilikom nabavki koje je Institut provodio.&nbsp; Osumnji\u010denim je odre\u0111en pritvor u trajanju od mjesec dana. [&hellip;]","og_url":"https:\/\/radioljubuski.ba\/index.php\/2021\/09\/18\/odreden-jednomjesecni-pritvor-branislavu-zeljkovicu-i-drugima\/","og_site_name":"RADIO LJUBU\u0160KI","article_publisher":"https:\/\/www.facebook.com\/Radiio-Ljubuski-1490835324566332","article_published_time":"2021-09-18T07:59:31+00:00","og_image":[{"width":1000,"height":625,"url":"https:\/\/radioljubuski.ba\/wp-content\/uploads\/2021\/09\/3-2021-09-18-09-49-14-zeljkovic.jpg","type":"image\/jpeg"}],"author":"Radio Ljubu\u0161ki","twitter_card":"summary_large_image","twitter_creator":"@radioljubuski","twitter_site":"@radioljubuski","twitter_misc":{"Napisao\/la":"Radio Ljubu\u0161ki","Procijenjeno vrijeme \u010ditanja":"1 minuta"},"schema":{"@context":"https:\/\/schema.org","@graph":[{"@type":"Article","@id":"https:\/\/radioljubuski.ba\/index.php\/2021\/09\/18\/odreden-jednomjesecni-pritvor-branislavu-zeljkovicu-i-drugima\/#article","isPartOf":{"@id":"https:\/\/radioljubuski.ba\/index.php\/2021\/09\/18\/odreden-jednomjesecni-pritvor-branislavu-zeljkovicu-i-drugima\/"},"author":{"name":"Radio Ljubu\u0161ki","@id":"https:\/\/radioljubuski.ba\/#\/schema\/person\/19fc700381a780f69665d7956c469e3b"},"headline":"Odre\u0111en jednomjese\u010dni pritvor Branislavu Zeljkovi\u0107u i drugima","datePublished":"2021-09-18T07:59:31+00:00","mainEntityOfPage":{"@id":"https:\/\/radioljubuski.ba\/index.php\/2021\/09\/18\/odreden-jednomjesecni-pritvor-branislavu-zeljkovicu-i-drugima\/"},"wordCount":278,"publisher":{"@id":"https:\/\/radioljubuski.ba\/#organization"},"image":{"@id":"https:\/\/radioljubuski.ba\/index.php\/2021\/09\/18\/odreden-jednomjesecni-pritvor-branislavu-zeljkovicu-i-drugima\/#primaryimage"},"thumbnailUrl":"https:\/\/radioljubuski.ba\/wp-content\/uploads\/2021\/09\/3-2021-09-18-09-49-14-zeljkovic.jpg","articleSection":["BIH i regija"],"inLanguage":"hr"},{"@type":"WebPage","@id":"https:\/\/radioljubuski.ba\/index.php\/2021\/09\/18\/odreden-jednomjesecni-pritvor-branislavu-zeljkovicu-i-drugima\/","url":"https:\/\/radioljubuski.ba\/index.php\/2021\/09\/18\/odreden-jednomjesecni-pritvor-branislavu-zeljkovicu-i-drugima\/","name":"Odre\u0111en jednomjese\u010dni pritvor Branislavu Zeljkovi\u0107u i drugima - RADIO LJUBU\u0160KI","isPartOf":{"@id":"https:\/\/radioljubuski.ba\/#website"},"primaryImageOfPage":{"@id":"https:\/\/radioljubuski.ba\/index.php\/2021\/09\/18\/odreden-jednomjesecni-pritvor-branislavu-zeljkovicu-i-drugima\/#primaryimage"},"image":{"@id":"https:\/\/radioljubuski.ba\/index.php\/2021\/09\/18\/odreden-jednomjesecni-pritvor-branislavu-zeljkovicu-i-drugima\/#primaryimage"},"thumbnailUrl":"https:\/\/radioljubuski.ba\/wp-content\/uploads\/2021\/09\/3-2021-09-18-09-49-14-zeljkovic.jpg","datePublished":"2021-09-18T07:59:31+00:00","breadcrumb":{"@id":"https:\/\/radioljubuski.ba\/index.php\/2021\/09\/18\/odreden-jednomjesecni-pritvor-branislavu-zeljkovicu-i-drugima\/#breadcrumb"},"inLanguage":"hr","potentialAction":[{"@type":"ReadAction","target":["https:\/\/radioljubuski.ba\/index.php\/2021\/09\/18\/odreden-jednomjesecni-pritvor-branislavu-zeljkovicu-i-drugima\/"]}]},{"@type":"ImageObject","inLanguage":"hr","@id":"https:\/\/radioljubuski.ba\/index.php\/2021\/09\/18\/odreden-jednomjesecni-pritvor-branislavu-zeljkovicu-i-drugima\/#primaryimage","url":"https:\/\/radioljubuski.ba\/wp-content\/uploads\/2021\/09\/3-2021-09-18-09-49-14-zeljkovic.jpg","contentUrl":"https:\/\/radioljubuski.ba\/wp-content\/uploads\/2021\/09\/3-2021-09-18-09-49-14-zeljkovic.jpg","width":1000,"height":625},{"@type":"BreadcrumbList","@id":"https:\/\/radioljubuski.ba\/index.php\/2021\/09\/18\/odreden-jednomjesecni-pritvor-branislavu-zeljkovicu-i-drugima\/#breadcrumb","itemListElement":[{"@type":"ListItem","position":1,"name":"Po\u010detna stranica","item":"https:\/\/radioljubuski.ba\/"},{"@type":"ListItem","position":2,"name":"Odre\u0111en jednomjese\u010dni pritvor Branislavu Zeljkovi\u0107u i drugima"}]},{"@type":"WebSite","@id":"https:\/\/radioljubuski.ba\/#website","url":"https:\/\/radioljubuski.ba\/","name":"Radio Ljubu\u0161ki","description":"Sun\u010dana frekvencija Hercegovine","publisher":{"@id":"https:\/\/radioljubuski.ba\/#organization"},"potentialAction":[{"@type":"SearchAction","target":{"@type":"EntryPoint","urlTemplate":"https:\/\/radioljubuski.ba\/?s={search_term_string}"},"query-input":{"@type":"PropertyValueSpecification","valueRequired":true,"valueName":"search_term_string"}}],"inLanguage":"hr"},{"@type":"Organization","@id":"https:\/\/radioljubuski.ba\/#organization","name":"Radio Ljubu\u0161ki","url":"https:\/\/radioljubuski.ba\/","logo":{"@type":"ImageObject","inLanguage":"hr","@id":"https:\/\/radioljubuski.ba\/#\/schema\/logo\/image\/","url":"https:\/\/radioljubuski.ba\/wp-content\/uploads\/2021\/02\/cropped-Radio_Ljubuski_logo1.jpg","contentUrl":"https:\/\/radioljubuski.ba\/wp-content\/uploads\/2021\/02\/cropped-Radio_Ljubuski_logo1.jpg","width":512,"height":512,"caption":"Radio Ljubu\u0161ki"},"image":{"@id":"https:\/\/radioljubuski.ba\/#\/schema\/logo\/image\/"},"sameAs":["https:\/\/www.facebook.com\/Radiio-Ljubuski-1490835324566332","https:\/\/x.com\/radioljubuski","https:\/\/hr.linkedin.com\/company\/radio-ljubuski","https:\/\/www.youtube.com\/channel\/UCHYaeO_n0Db3tjNGudGpXyw"]},{"@type":"Person","@id":"https:\/\/radioljubuski.ba\/#\/schema\/person\/19fc700381a780f69665d7956c469e3b","name":"Radio Ljubu\u0161ki"}]}},"_links":{"self":[{"href":"https:\/\/radioljubuski.ba\/index.php\/wp-json\/wp\/v2\/posts\/65100","targetHints":{"allow":["GET"]}}],"collection":[{"href":"https:\/\/radioljubuski.ba\/index.php\/wp-json\/wp\/v2\/posts"}],"about":[{"href":"https:\/\/radioljubuski.ba\/index.php\/wp-json\/wp\/v2\/types\/post"}],"author":[{"embeddable":true,"href":"https:\/\/radioljubuski.ba\/index.php\/wp-json\/wp\/v2\/users\/2"}],"replies":[{"embeddable":true,"href":"https:\/\/radioljubuski.ba\/index.php\/wp-json\/wp\/v2\/comments?post=65100"}],"version-history":[{"count":1,"href":"https:\/\/radioljubuski.ba\/index.php\/wp-json\/wp\/v2\/posts\/65100\/revisions"}],"predecessor-version":[{"id":65102,"href":"https:\/\/radioljubuski.ba\/index.php\/wp-json\/wp\/v2\/posts\/65100\/revisions\/65102"}],"wp:featuredmedia":[{"embeddable":true,"href":"https:\/\/radioljubuski.ba\/index.php\/wp-json\/wp\/v2\/media\/65101"}],"wp:attachment":[{"href":"https:\/\/radioljubuski.ba\/index.php\/wp-json\/wp\/v2\/media?parent=65100"}],"wp:term":[{"taxonomy":"category","embeddable":true,"href":"https:\/\/radioljubuski.ba\/index.php\/wp-json\/wp\/v2\/categories?post=65100"},{"taxonomy":"post_tag","embeddable":true,"href":"https:\/\/radioljubuski.ba\/index.php\/wp-json\/wp\/v2\/tags?post=65100"}],"curies":[{"name":"wp","href":"https:\/\/api.w.org\/{rel}","templated":true}]}}