{"id":65136,"date":"2021-09-18T15:03:13","date_gmt":"2021-09-18T14:03:13","guid":{"rendered":"https:\/\/radioljubuski.ba\/?p=65136"},"modified":"2021-09-18T15:03:13","modified_gmt":"2021-09-18T14:03:13","slug":"obiljezen-dan-opcine-kupres-covic-proglasen-pocasnim-gradaninom","status":"publish","type":"post","link":"https:\/\/radioljubuski.ba\/index.php\/2021\/09\/18\/obiljezen-dan-opcine-kupres-covic-proglasen-pocasnim-gradaninom\/","title":{"rendered":"Obilje\u017een Dan op\u0107ine Kupres, \u010covi\u0107 progla\u0161en po\u010dasnim gra\u0111aninom"},"content":{"rendered":"\n<p>Polaganjem vijenaca i paljenjem svije\u0107a na Sredi\u0161njem spomen obilje\u017eju u spomen parku danas je zapo\u010delo sve\u010dano obilje\u017eavanje Dana op\u0107ine Kupres, a potom je slu\u017eena sveta misa u Crkvi sv. Obitelji u Kupresu.&nbsp;<\/p>\n\n\n\n<p>Ime Kupres prvi put se spominje na dana\u0161nji dan u jednom pisanom dokumentu &#8211; darovnici, posljednjeg bosanskog kralja Stjepana Toma\u0161evi\u0107a, izdanoj na Bobovcu 1461. godine<\/p>\n\n\n\n<p>Sve\u010danostima u Kupresu nazo\u010dilo je i izaslanstvo du\u017enosnika HDZ-a BiH i HNS-a koje je predvodio predsjednik dr. Dragan \u010covi\u0107.<\/p>\n\n\n\n<p>\u0160to se uradilo u pro\u0161loj godini te koji su trenutni i budu\u0107i planovi i projekti u Kupresu u svom obra\u0107anju iznio je na\u010delnik op\u0107ine, Zdravko Mio\u010d. Nakon obra\u0107anja na\u010delnika uslijedila je dodjela javnih priznanja, zahvalnica, zlatnih plaketa i progla\u0161enja po\u010dasnog gra\u0111anina.&nbsp;<\/p>\n\n\n\n<p>Predsjednik HDZ-a BiH i Hrvatskog narodnog sabora dr. Dragan \u010covi\u0107 na danas odr\u017eanoj sjednici prilikom obilje\u017eavanja Dana op\u0107ine Kupres, progla\u0161en je po\u010dasnim gra\u0111aninom.&nbsp;<\/p>\n\n\n\n<p>Obra\u0107aju\u0107i se nazo\u010dnima, predsjednik \u010covi\u0107 se zahvalio na priznanju, svima \u010destitao Dan op\u0107ine Kupres te je poseban pozdrav uputio svima koji su do\u0161li iz drugih sredina, kao prijatelji Kupresa.<\/p>\n\n\n\n<p>\u201eDr\u017eimo se svi zajedno i onda vjerujmo da \u0107e u Kupresu svake godine biti novi projekti te da \u0107emo se mo\u0107i veseliti svakoj novoj obljetnici\u201c, poru\u010dio je predsjednik \u010covi\u0107 obra\u0107aju\u0107i se nazo\u010dnima.<\/p>\n\n\n\n<p>\u201eVeseli me da ste vi realizirali najve\u0107i dio planova koji ste postavili ispred sebe, a mi smo ih mogli pratiti u ovom video prikazu. Vjerujem da organiziranost kroz \u017eupanijsku Vladu, federalnu, gdje djelujemo i naravno s razine Bosne i Hercegovine, u zna\u010dajnoj mjeri smo pratili i nastavit \u0107emo pratiti sve planove koje imate ispred sebe. Jednako tako, sve ono \u0161to radi Vlada RH kroz svoje institucije, veliko im hvala, da nije takve umre\u017eenosti i vezanosti, te\u0161ko da bi mi mogli planirati da od Kupresa napravimo mjesto kako to stvarno \u017eelimo, posebne ugode za \u017eivot, da se ovdje ostaje, da se ovdje vra\u0107a i da ovdje osmi\u0161ljamo da Kupres \u201e\u017eivi\u201c 12 mjeseci. Ne onih zimskih mjesec ili dva dana, nego upravo svih dvanaest mjeseci. U onoj mjeri u kojoj vi mognete planirati sve ono \u0161to \u017eelite napraviti u razvoju op\u0107ine Kupres i \u010ditavog prostora na\u0161e \u017dupanije da \u0107e te uz sebe imati sve nas\u201c, istaknuo je dr. \u010covi\u0107.&nbsp;<\/p>\n\n\n\n<p>\u201eJo\u0161 jedan poseban zadatak je moj zadatak, do kraja godine posvetiti se dugo pripremanoj pri\u010di oko osiguranja ravnopravnosti Hrvata i njegovom legitimnom predstavljanju u institucijama vlasti na svim razinama u BiH, i uvjeren sam da \u0107emo to u narednih par mjeseci zavr\u0161iti u ovoj kalendarskoj godini. Drugi, jednako va\u017ean, mo\u017eda jo\u0161 va\u017eniji zadatak je koordinacija koju usugla\u0161avamo s Vladom RH, otprilike to je danas dvanaest ministarstava Vlade RH sa sli\u010dnim institucijama koje sukladno na\u0161im ustavnim ovlastima imamo od op\u0107inske do dr\u017eavne razine, kako bi osigurali da mnogo izra\u017eenija sredstva i pomo\u0107 Vlade RH bude prepoznata u podru\u010djima BiH gdje \u017eivi na\u0161 narod. Vjerujemo da \u0107emo do kraja ovog mjeseca imati taj prvi sastav te koordinacije, kako bi se do kraja uklju\u010dili u sve projekte EU koji preko Vlade RH osmi\u0161ljamo da budu realizirani ovdje u BiH i Kupresu, zaklju\u010dio je dr. \u010covi\u0107.<\/p>\n\n\n\n<p>Izvor:pogled.ba<\/p>\n","protected":false},"excerpt":{"rendered":"<p>Polaganjem vijenaca i paljenjem svije\u0107a na Sredi\u0161njem spomen obilje\u017eju u spomen parku danas je zapo\u010delo sve\u010dano obilje\u017eavanje Dana op\u0107ine Kupres, a potom je slu\u017eena sveta misa u Crkvi sv. Obitelji u Kupresu.&nbsp; Ime Kupres prvi put se spominje na dana\u0161nji dan u jednom pisanom dokumentu &#8211; darovnici, posljednjeg bosanskog kralja Stjepana Toma\u0161evi\u0107a, izdanoj na Bobovcu [&hellip;]<\/p>\n","protected":false},"author":2,"featured_media":65137,"comment_status":"closed","ping_status":"closed","sticky":false,"template":"","format":"standard","meta":{"h5ap_radio_sources":[],"footnotes":""},"categories":[1],"tags":[],"class_list":["post-65136","post","type-post","status-publish","format-standard","has-post-thumbnail","hentry","category-bihiregija"],"yoast_head":"<!-- This site is optimized with the Yoast SEO plugin v27.5 - https:\/\/yoast.com\/product\/yoast-seo-wordpress\/ -->\n<title>Obilje\u017een Dan op\u0107ine Kupres, \u010covi\u0107 progla\u0161en po\u010dasnim gra\u0111aninom - RADIO LJUBU\u0160KI<\/title>\n<meta name=\"robots\" content=\"index, follow, max-snippet:-1, max-image-preview:large, max-video-preview:-1\" \/>\n<link rel=\"canonical\" href=\"https:\/\/radioljubuski.ba\/index.php\/2021\/09\/18\/obiljezen-dan-opcine-kupres-covic-proglasen-pocasnim-gradaninom\/\" \/>\n<meta property=\"og:locale\" content=\"hr_HR\" \/>\n<meta property=\"og:type\" content=\"article\" \/>\n<meta property=\"og:title\" content=\"Obilje\u017een Dan op\u0107ine Kupres, \u010covi\u0107 progla\u0161en po\u010dasnim gra\u0111aninom - RADIO LJUBU\u0160KI\" \/>\n<meta property=\"og:description\" content=\"Polaganjem vijenaca i paljenjem svije\u0107a na Sredi\u0161njem spomen obilje\u017eju u spomen parku danas je zapo\u010delo sve\u010dano obilje\u017eavanje Dana op\u0107ine Kupres, a potom je slu\u017eena sveta misa u Crkvi sv. Obitelji u Kupresu.&nbsp; Ime Kupres prvi put se spominje na dana\u0161nji dan u jednom pisanom dokumentu &#8211; darovnici, posljednjeg bosanskog kralja Stjepana Toma\u0161evi\u0107a, izdanoj na Bobovcu [&hellip;]\" \/>\n<meta property=\"og:url\" content=\"https:\/\/radioljubuski.ba\/index.php\/2021\/09\/18\/obiljezen-dan-opcine-kupres-covic-proglasen-pocasnim-gradaninom\/\" \/>\n<meta property=\"og:site_name\" content=\"RADIO LJUBU\u0160KI\" \/>\n<meta property=\"article:publisher\" content=\"https:\/\/www.facebook.com\/Radiio-Ljubuski-1490835324566332\" \/>\n<meta property=\"article:published_time\" content=\"2021-09-18T14:03:13+00:00\" \/>\n<meta property=\"og:image\" content=\"https:\/\/radioljubuski.ba\/wp-content\/uploads\/2021\/09\/8-2021-09-18-14-22-35-IMG-20210918-WA0011.jpg\" \/>\n\t<meta property=\"og:image:width\" content=\"1000\" \/>\n\t<meta property=\"og:image:height\" content=\"625\" \/>\n\t<meta property=\"og:image:type\" content=\"image\/jpeg\" \/>\n<meta name=\"author\" content=\"Radio Ljubu\u0161ki\" \/>\n<meta name=\"twitter:card\" content=\"summary_large_image\" \/>\n<meta name=\"twitter:creator\" content=\"@radioljubuski\" \/>\n<meta name=\"twitter:site\" content=\"@radioljubuski\" \/>\n<meta name=\"twitter:label1\" content=\"Napisao\/la\" \/>\n\t<meta name=\"twitter:data1\" content=\"Radio Ljubu\u0161ki\" \/>\n\t<meta name=\"twitter:label2\" content=\"Procijenjeno vrijeme \u010ditanja\" \/>\n\t<meta name=\"twitter:data2\" content=\"3 minute\" \/>\n<script type=\"application\/ld+json\" class=\"yoast-schema-graph\">{\"@context\":\"https:\\\/\\\/schema.org\",\"@graph\":[{\"@type\":\"Article\",\"@id\":\"https:\\\/\\\/radioljubuski.ba\\\/index.php\\\/2021\\\/09\\\/18\\\/obiljezen-dan-opcine-kupres-covic-proglasen-pocasnim-gradaninom\\\/#article\",\"isPartOf\":{\"@id\":\"https:\\\/\\\/radioljubuski.ba\\\/index.php\\\/2021\\\/09\\\/18\\\/obiljezen-dan-opcine-kupres-covic-proglasen-pocasnim-gradaninom\\\/\"},\"author\":{\"name\":\"Radio Ljubu\u0161ki\",\"@id\":\"https:\\\/\\\/radioljubuski.ba\\\/#\\\/schema\\\/person\\\/19fc700381a780f69665d7956c469e3b\"},\"headline\":\"Obilje\u017een Dan op\u0107ine Kupres, \u010covi\u0107 progla\u0161en po\u010dasnim gra\u0111aninom\",\"datePublished\":\"2021-09-18T14:03:13+00:00\",\"mainEntityOfPage\":{\"@id\":\"https:\\\/\\\/radioljubuski.ba\\\/index.php\\\/2021\\\/09\\\/18\\\/obiljezen-dan-opcine-kupres-covic-proglasen-pocasnim-gradaninom\\\/\"},\"wordCount\":582,\"publisher\":{\"@id\":\"https:\\\/\\\/radioljubuski.ba\\\/#organization\"},\"image\":{\"@id\":\"https:\\\/\\\/radioljubuski.ba\\\/index.php\\\/2021\\\/09\\\/18\\\/obiljezen-dan-opcine-kupres-covic-proglasen-pocasnim-gradaninom\\\/#primaryimage\"},\"thumbnailUrl\":\"https:\\\/\\\/radioljubuski.ba\\\/wp-content\\\/uploads\\\/2021\\\/09\\\/8-2021-09-18-14-22-35-IMG-20210918-WA0011.jpg\",\"articleSection\":[\"BIH i regija\"],\"inLanguage\":\"hr\"},{\"@type\":\"WebPage\",\"@id\":\"https:\\\/\\\/radioljubuski.ba\\\/index.php\\\/2021\\\/09\\\/18\\\/obiljezen-dan-opcine-kupres-covic-proglasen-pocasnim-gradaninom\\\/\",\"url\":\"https:\\\/\\\/radioljubuski.ba\\\/index.php\\\/2021\\\/09\\\/18\\\/obiljezen-dan-opcine-kupres-covic-proglasen-pocasnim-gradaninom\\\/\",\"name\":\"Obilje\u017een Dan op\u0107ine Kupres, \u010covi\u0107 progla\u0161en po\u010dasnim gra\u0111aninom - RADIO LJUBU\u0160KI\",\"isPartOf\":{\"@id\":\"https:\\\/\\\/radioljubuski.ba\\\/#website\"},\"primaryImageOfPage\":{\"@id\":\"https:\\\/\\\/radioljubuski.ba\\\/index.php\\\/2021\\\/09\\\/18\\\/obiljezen-dan-opcine-kupres-covic-proglasen-pocasnim-gradaninom\\\/#primaryimage\"},\"image\":{\"@id\":\"https:\\\/\\\/radioljubuski.ba\\\/index.php\\\/2021\\\/09\\\/18\\\/obiljezen-dan-opcine-kupres-covic-proglasen-pocasnim-gradaninom\\\/#primaryimage\"},\"thumbnailUrl\":\"https:\\\/\\\/radioljubuski.ba\\\/wp-content\\\/uploads\\\/2021\\\/09\\\/8-2021-09-18-14-22-35-IMG-20210918-WA0011.jpg\",\"datePublished\":\"2021-09-18T14:03:13+00:00\",\"breadcrumb\":{\"@id\":\"https:\\\/\\\/radioljubuski.ba\\\/index.php\\\/2021\\\/09\\\/18\\\/obiljezen-dan-opcine-kupres-covic-proglasen-pocasnim-gradaninom\\\/#breadcrumb\"},\"inLanguage\":\"hr\",\"potentialAction\":[{\"@type\":\"ReadAction\",\"target\":[\"https:\\\/\\\/radioljubuski.ba\\\/index.php\\\/2021\\\/09\\\/18\\\/obiljezen-dan-opcine-kupres-covic-proglasen-pocasnim-gradaninom\\\/\"]}]},{\"@type\":\"ImageObject\",\"inLanguage\":\"hr\",\"@id\":\"https:\\\/\\\/radioljubuski.ba\\\/index.php\\\/2021\\\/09\\\/18\\\/obiljezen-dan-opcine-kupres-covic-proglasen-pocasnim-gradaninom\\\/#primaryimage\",\"url\":\"https:\\\/\\\/radioljubuski.ba\\\/wp-content\\\/uploads\\\/2021\\\/09\\\/8-2021-09-18-14-22-35-IMG-20210918-WA0011.jpg\",\"contentUrl\":\"https:\\\/\\\/radioljubuski.ba\\\/wp-content\\\/uploads\\\/2021\\\/09\\\/8-2021-09-18-14-22-35-IMG-20210918-WA0011.jpg\",\"width\":1000,\"height\":625},{\"@type\":\"BreadcrumbList\",\"@id\":\"https:\\\/\\\/radioljubuski.ba\\\/index.php\\\/2021\\\/09\\\/18\\\/obiljezen-dan-opcine-kupres-covic-proglasen-pocasnim-gradaninom\\\/#breadcrumb\",\"itemListElement\":[{\"@type\":\"ListItem\",\"position\":1,\"name\":\"Po\u010detna stranica\",\"item\":\"https:\\\/\\\/radioljubuski.ba\\\/\"},{\"@type\":\"ListItem\",\"position\":2,\"name\":\"Obilje\u017een Dan op\u0107ine Kupres, \u010covi\u0107 progla\u0161en po\u010dasnim gra\u0111aninom\"}]},{\"@type\":\"WebSite\",\"@id\":\"https:\\\/\\\/radioljubuski.ba\\\/#website\",\"url\":\"https:\\\/\\\/radioljubuski.ba\\\/\",\"name\":\"Radio Ljubu\u0161ki\",\"description\":\"Sun\u010dana frekvencija Hercegovine\",\"publisher\":{\"@id\":\"https:\\\/\\\/radioljubuski.ba\\\/#organization\"},\"potentialAction\":[{\"@type\":\"SearchAction\",\"target\":{\"@type\":\"EntryPoint\",\"urlTemplate\":\"https:\\\/\\\/radioljubuski.ba\\\/?s={search_term_string}\"},\"query-input\":{\"@type\":\"PropertyValueSpecification\",\"valueRequired\":true,\"valueName\":\"search_term_string\"}}],\"inLanguage\":\"hr\"},{\"@type\":\"Organization\",\"@id\":\"https:\\\/\\\/radioljubuski.ba\\\/#organization\",\"name\":\"Radio Ljubu\u0161ki\",\"url\":\"https:\\\/\\\/radioljubuski.ba\\\/\",\"logo\":{\"@type\":\"ImageObject\",\"inLanguage\":\"hr\",\"@id\":\"https:\\\/\\\/radioljubuski.ba\\\/#\\\/schema\\\/logo\\\/image\\\/\",\"url\":\"https:\\\/\\\/radioljubuski.ba\\\/wp-content\\\/uploads\\\/2021\\\/02\\\/cropped-Radio_Ljubuski_logo1.jpg\",\"contentUrl\":\"https:\\\/\\\/radioljubuski.ba\\\/wp-content\\\/uploads\\\/2021\\\/02\\\/cropped-Radio_Ljubuski_logo1.jpg\",\"width\":512,\"height\":512,\"caption\":\"Radio Ljubu\u0161ki\"},\"image\":{\"@id\":\"https:\\\/\\\/radioljubuski.ba\\\/#\\\/schema\\\/logo\\\/image\\\/\"},\"sameAs\":[\"https:\\\/\\\/www.facebook.com\\\/Radiio-Ljubuski-1490835324566332\",\"https:\\\/\\\/x.com\\\/radioljubuski\",\"https:\\\/\\\/hr.linkedin.com\\\/company\\\/radio-ljubuski\",\"https:\\\/\\\/www.youtube.com\\\/channel\\\/UCHYaeO_n0Db3tjNGudGpXyw\"]},{\"@type\":\"Person\",\"@id\":\"https:\\\/\\\/radioljubuski.ba\\\/#\\\/schema\\\/person\\\/19fc700381a780f69665d7956c469e3b\",\"name\":\"Radio Ljubu\u0161ki\"}]}<\/script>\n<!-- \/ Yoast SEO plugin. -->","yoast_head_json":{"title":"Obilje\u017een Dan op\u0107ine Kupres, \u010covi\u0107 progla\u0161en po\u010dasnim gra\u0111aninom - RADIO LJUBU\u0160KI","robots":{"index":"index","follow":"follow","max-snippet":"max-snippet:-1","max-image-preview":"max-image-preview:large","max-video-preview":"max-video-preview:-1"},"canonical":"https:\/\/radioljubuski.ba\/index.php\/2021\/09\/18\/obiljezen-dan-opcine-kupres-covic-proglasen-pocasnim-gradaninom\/","og_locale":"hr_HR","og_type":"article","og_title":"Obilje\u017een Dan op\u0107ine Kupres, \u010covi\u0107 progla\u0161en po\u010dasnim gra\u0111aninom - RADIO LJUBU\u0160KI","og_description":"Polaganjem vijenaca i paljenjem svije\u0107a na Sredi\u0161njem spomen obilje\u017eju u spomen parku danas je zapo\u010delo sve\u010dano obilje\u017eavanje Dana op\u0107ine Kupres, a potom je slu\u017eena sveta misa u Crkvi sv. Obitelji u Kupresu.&nbsp; Ime Kupres prvi put se spominje na dana\u0161nji dan u jednom pisanom dokumentu &#8211; darovnici, posljednjeg bosanskog kralja Stjepana Toma\u0161evi\u0107a, izdanoj na Bobovcu [&hellip;]","og_url":"https:\/\/radioljubuski.ba\/index.php\/2021\/09\/18\/obiljezen-dan-opcine-kupres-covic-proglasen-pocasnim-gradaninom\/","og_site_name":"RADIO LJUBU\u0160KI","article_publisher":"https:\/\/www.facebook.com\/Radiio-Ljubuski-1490835324566332","article_published_time":"2021-09-18T14:03:13+00:00","og_image":[{"width":1000,"height":625,"url":"https:\/\/radioljubuski.ba\/wp-content\/uploads\/2021\/09\/8-2021-09-18-14-22-35-IMG-20210918-WA0011.jpg","type":"image\/jpeg"}],"author":"Radio Ljubu\u0161ki","twitter_card":"summary_large_image","twitter_creator":"@radioljubuski","twitter_site":"@radioljubuski","twitter_misc":{"Napisao\/la":"Radio Ljubu\u0161ki","Procijenjeno vrijeme \u010ditanja":"3 minute"},"schema":{"@context":"https:\/\/schema.org","@graph":[{"@type":"Article","@id":"https:\/\/radioljubuski.ba\/index.php\/2021\/09\/18\/obiljezen-dan-opcine-kupres-covic-proglasen-pocasnim-gradaninom\/#article","isPartOf":{"@id":"https:\/\/radioljubuski.ba\/index.php\/2021\/09\/18\/obiljezen-dan-opcine-kupres-covic-proglasen-pocasnim-gradaninom\/"},"author":{"name":"Radio Ljubu\u0161ki","@id":"https:\/\/radioljubuski.ba\/#\/schema\/person\/19fc700381a780f69665d7956c469e3b"},"headline":"Obilje\u017een Dan op\u0107ine Kupres, \u010covi\u0107 progla\u0161en po\u010dasnim gra\u0111aninom","datePublished":"2021-09-18T14:03:13+00:00","mainEntityOfPage":{"@id":"https:\/\/radioljubuski.ba\/index.php\/2021\/09\/18\/obiljezen-dan-opcine-kupres-covic-proglasen-pocasnim-gradaninom\/"},"wordCount":582,"publisher":{"@id":"https:\/\/radioljubuski.ba\/#organization"},"image":{"@id":"https:\/\/radioljubuski.ba\/index.php\/2021\/09\/18\/obiljezen-dan-opcine-kupres-covic-proglasen-pocasnim-gradaninom\/#primaryimage"},"thumbnailUrl":"https:\/\/radioljubuski.ba\/wp-content\/uploads\/2021\/09\/8-2021-09-18-14-22-35-IMG-20210918-WA0011.jpg","articleSection":["BIH i regija"],"inLanguage":"hr"},{"@type":"WebPage","@id":"https:\/\/radioljubuski.ba\/index.php\/2021\/09\/18\/obiljezen-dan-opcine-kupres-covic-proglasen-pocasnim-gradaninom\/","url":"https:\/\/radioljubuski.ba\/index.php\/2021\/09\/18\/obiljezen-dan-opcine-kupres-covic-proglasen-pocasnim-gradaninom\/","name":"Obilje\u017een Dan op\u0107ine Kupres, \u010covi\u0107 progla\u0161en po\u010dasnim gra\u0111aninom - RADIO LJUBU\u0160KI","isPartOf":{"@id":"https:\/\/radioljubuski.ba\/#website"},"primaryImageOfPage":{"@id":"https:\/\/radioljubuski.ba\/index.php\/2021\/09\/18\/obiljezen-dan-opcine-kupres-covic-proglasen-pocasnim-gradaninom\/#primaryimage"},"image":{"@id":"https:\/\/radioljubuski.ba\/index.php\/2021\/09\/18\/obiljezen-dan-opcine-kupres-covic-proglasen-pocasnim-gradaninom\/#primaryimage"},"thumbnailUrl":"https:\/\/radioljubuski.ba\/wp-content\/uploads\/2021\/09\/8-2021-09-18-14-22-35-IMG-20210918-WA0011.jpg","datePublished":"2021-09-18T14:03:13+00:00","breadcrumb":{"@id":"https:\/\/radioljubuski.ba\/index.php\/2021\/09\/18\/obiljezen-dan-opcine-kupres-covic-proglasen-pocasnim-gradaninom\/#breadcrumb"},"inLanguage":"hr","potentialAction":[{"@type":"ReadAction","target":["https:\/\/radioljubuski.ba\/index.php\/2021\/09\/18\/obiljezen-dan-opcine-kupres-covic-proglasen-pocasnim-gradaninom\/"]}]},{"@type":"ImageObject","inLanguage":"hr","@id":"https:\/\/radioljubuski.ba\/index.php\/2021\/09\/18\/obiljezen-dan-opcine-kupres-covic-proglasen-pocasnim-gradaninom\/#primaryimage","url":"https:\/\/radioljubuski.ba\/wp-content\/uploads\/2021\/09\/8-2021-09-18-14-22-35-IMG-20210918-WA0011.jpg","contentUrl":"https:\/\/radioljubuski.ba\/wp-content\/uploads\/2021\/09\/8-2021-09-18-14-22-35-IMG-20210918-WA0011.jpg","width":1000,"height":625},{"@type":"BreadcrumbList","@id":"https:\/\/radioljubuski.ba\/index.php\/2021\/09\/18\/obiljezen-dan-opcine-kupres-covic-proglasen-pocasnim-gradaninom\/#breadcrumb","itemListElement":[{"@type":"ListItem","position":1,"name":"Po\u010detna stranica","item":"https:\/\/radioljubuski.ba\/"},{"@type":"ListItem","position":2,"name":"Obilje\u017een Dan op\u0107ine Kupres, \u010covi\u0107 progla\u0161en po\u010dasnim gra\u0111aninom"}]},{"@type":"WebSite","@id":"https:\/\/radioljubuski.ba\/#website","url":"https:\/\/radioljubuski.ba\/","name":"Radio Ljubu\u0161ki","description":"Sun\u010dana frekvencija Hercegovine","publisher":{"@id":"https:\/\/radioljubuski.ba\/#organization"},"potentialAction":[{"@type":"SearchAction","target":{"@type":"EntryPoint","urlTemplate":"https:\/\/radioljubuski.ba\/?s={search_term_string}"},"query-input":{"@type":"PropertyValueSpecification","valueRequired":true,"valueName":"search_term_string"}}],"inLanguage":"hr"},{"@type":"Organization","@id":"https:\/\/radioljubuski.ba\/#organization","name":"Radio Ljubu\u0161ki","url":"https:\/\/radioljubuski.ba\/","logo":{"@type":"ImageObject","inLanguage":"hr","@id":"https:\/\/radioljubuski.ba\/#\/schema\/logo\/image\/","url":"https:\/\/radioljubuski.ba\/wp-content\/uploads\/2021\/02\/cropped-Radio_Ljubuski_logo1.jpg","contentUrl":"https:\/\/radioljubuski.ba\/wp-content\/uploads\/2021\/02\/cropped-Radio_Ljubuski_logo1.jpg","width":512,"height":512,"caption":"Radio Ljubu\u0161ki"},"image":{"@id":"https:\/\/radioljubuski.ba\/#\/schema\/logo\/image\/"},"sameAs":["https:\/\/www.facebook.com\/Radiio-Ljubuski-1490835324566332","https:\/\/x.com\/radioljubuski","https:\/\/hr.linkedin.com\/company\/radio-ljubuski","https:\/\/www.youtube.com\/channel\/UCHYaeO_n0Db3tjNGudGpXyw"]},{"@type":"Person","@id":"https:\/\/radioljubuski.ba\/#\/schema\/person\/19fc700381a780f69665d7956c469e3b","name":"Radio Ljubu\u0161ki"}]}},"_links":{"self":[{"href":"https:\/\/radioljubuski.ba\/index.php\/wp-json\/wp\/v2\/posts\/65136","targetHints":{"allow":["GET"]}}],"collection":[{"href":"https:\/\/radioljubuski.ba\/index.php\/wp-json\/wp\/v2\/posts"}],"about":[{"href":"https:\/\/radioljubuski.ba\/index.php\/wp-json\/wp\/v2\/types\/post"}],"author":[{"embeddable":true,"href":"https:\/\/radioljubuski.ba\/index.php\/wp-json\/wp\/v2\/users\/2"}],"replies":[{"embeddable":true,"href":"https:\/\/radioljubuski.ba\/index.php\/wp-json\/wp\/v2\/comments?post=65136"}],"version-history":[{"count":1,"href":"https:\/\/radioljubuski.ba\/index.php\/wp-json\/wp\/v2\/posts\/65136\/revisions"}],"predecessor-version":[{"id":65138,"href":"https:\/\/radioljubuski.ba\/index.php\/wp-json\/wp\/v2\/posts\/65136\/revisions\/65138"}],"wp:featuredmedia":[{"embeddable":true,"href":"https:\/\/radioljubuski.ba\/index.php\/wp-json\/wp\/v2\/media\/65137"}],"wp:attachment":[{"href":"https:\/\/radioljubuski.ba\/index.php\/wp-json\/wp\/v2\/media?parent=65136"}],"wp:term":[{"taxonomy":"category","embeddable":true,"href":"https:\/\/radioljubuski.ba\/index.php\/wp-json\/wp\/v2\/categories?post=65136"},{"taxonomy":"post_tag","embeddable":true,"href":"https:\/\/radioljubuski.ba\/index.php\/wp-json\/wp\/v2\/tags?post=65136"}],"curies":[{"name":"wp","href":"https:\/\/api.w.org\/{rel}","templated":true}]}}