{"id":65139,"date":"2021-09-18T15:04:38","date_gmt":"2021-09-18T14:04:38","guid":{"rendered":"https:\/\/radioljubuski.ba\/?p=65139"},"modified":"2021-09-18T15:04:39","modified_gmt":"2021-09-18T14:04:39","slug":"brojni-prijatelji-i-studenti-oprostili-se-od-profesorice-i-glumice-sanje-buric","status":"publish","type":"post","link":"https:\/\/radioljubuski.ba\/index.php\/2021\/09\/18\/brojni-prijatelji-i-studenti-oprostili-se-od-profesorice-i-glumice-sanje-buric\/","title":{"rendered":"Brojni prijatelji i studenti oprostili se od profesorice i glumice Sanje Buri\u0107"},"content":{"rendered":"\n<p>Komemoracija bh. glumici i profesorici Akademije scenskih umjetnosti (ASU) Sanji Buri\u0107, koja je preminula 15. rujna u 48. godini, odr\u017eana je danas na Akademiji scenskih umjetnosti u Sarajevu.<\/p>\n\n\n\n<p>&#8211; Ljudskost, dobrota, mirno\u0107a, radost i smijeh je ono po \u010demu \u0107emo svi pamtiti na\u0161u Sanju koja je svojim postojanjem i radom najve\u0107e ljudske vrline utkala u svoju radnu sredinu. Nesebi\u010dno je izlazila u susret svima kojima je to bilo potrebno. \u0160koluju\u0107i se u Sarajevu i Parizu, svojim znanjem i zalaganje, dala je ogroman doprinos razvoju bh. teatra i kao glumica i kao suradnik za scenski pokret &#8211; rekao je rektor Univerziteta u Sarajevu Rifat \u0160krijelj.<\/p>\n\n\n\n<p>Dekan Akademije scenskih umjetnosti Sr\u0111an Vuleti\u0107 naglasio je da je Akademija izgubila marljivu i predanu profesoricu, koja je predavala na predmetu Pokret.<\/p>\n\n\n\n<p>&#8211; Studenti su znali da od tebe mogu dobiti iskren savjet, ali i iskrenu kritiku. Voljeli su te. Kao i sa studentima, i cijelu Akademiju kao instituciju si gurala naprijed, ukazuju\u0107i na mogu\u0107nosti kako na\u0161a \u0161kola mo\u017ee da ide dalje, da bude bolja. Tvojim odlaskom Akademija je izgubila puno vi\u0161e nego \u0161to u ovom momentu mo\u017eemo shvatiti i razumjeti. Ali prije svega, izgubili smo divnu osobu. Osobu na koju si se mogao osloniti. Divno ljudsko bi\u0107e. Istinskog prijatelja &#8211; rekao je Vuleti\u0107.<\/p>\n\n\n\n<p>Sanja Buri\u0107 je od po\u010detka svog rada na Akademiji kroz nastavni proces najbli\u017ee sura\u0111ivala s profesoricom Jasnom \u017dalicom.<\/p>\n\n\n\n<p>&#8211; Koja je to lafica bila. Odana ljudima i ideji ljudskosti. Vrijedna i principijelna do bola. Jaka, dostojanstvena i dobra ko kruh &#8211; istakla je \u017dalica na komemoraciji &nbsp;na kojoj su se rodbina, prijatelji i brojni studenti Akademije scenskih umjetnosti oprostili od Sanje Buri\u0107.<\/p>\n\n\n\n<p>Ostvarila je brojne uloge u brojnim dramskim i filmskim ostvarenjima, te na kazali\u0161nim daskama u Narodnome pozori\u0161tu u Sarajevu, Kamernom teatru i Otvorenoj sceni Obala. Zapa\u017eene uloge imala je dramama i filmovima \u201cCrna kronika\u201d, \u201cGrbavica\u201d, \u201cDobro u\u0161timani mrtvaci\u201d, \u201cKod amid\u017ee Idriza\u201d, \u201cNa putu\u201d, \u201cPun mjesec\u201d.<\/p>\n\n\n\n<p>Sahrana Sanje Buri\u0107 \u0107e biti obavljena danas u 14.15 sati na gradskom groblju Vlakovo.<\/p>\n\n\n\n<p>Izvor:pogled.ba<\/p>\n","protected":false},"excerpt":{"rendered":"<p>Komemoracija bh. glumici i profesorici Akademije scenskih umjetnosti (ASU) Sanji Buri\u0107, koja je preminula 15. rujna u 48. godini, odr\u017eana je danas na Akademiji scenskih umjetnosti u Sarajevu. &#8211; Ljudskost, dobrota, mirno\u0107a, radost i smijeh je ono po \u010demu \u0107emo svi pamtiti na\u0161u Sanju koja je svojim postojanjem i radom najve\u0107e ljudske vrline utkala u [&hellip;]<\/p>\n","protected":false},"author":2,"featured_media":65140,"comment_status":"closed","ping_status":"closed","sticky":false,"template":"","format":"standard","meta":{"h5ap_radio_sources":[],"footnotes":""},"categories":[1],"tags":[],"class_list":["post-65139","post","type-post","status-publish","format-standard","has-post-thumbnail","hentry","category-bihiregija"],"yoast_head":"<!-- This site is optimized with the Yoast SEO plugin v27.5 - https:\/\/yoast.com\/product\/yoast-seo-wordpress\/ -->\n<title>Brojni prijatelji i studenti oprostili se od profesorice i glumice Sanje Buri\u0107 - RADIO LJUBU\u0160KI<\/title>\n<meta name=\"robots\" content=\"index, follow, max-snippet:-1, max-image-preview:large, max-video-preview:-1\" \/>\n<link rel=\"canonical\" href=\"https:\/\/radioljubuski.ba\/index.php\/2021\/09\/18\/brojni-prijatelji-i-studenti-oprostili-se-od-profesorice-i-glumice-sanje-buric\/\" \/>\n<meta property=\"og:locale\" content=\"hr_HR\" \/>\n<meta property=\"og:type\" content=\"article\" \/>\n<meta property=\"og:title\" content=\"Brojni prijatelji i studenti oprostili se od profesorice i glumice Sanje Buri\u0107 - RADIO LJUBU\u0160KI\" \/>\n<meta property=\"og:description\" content=\"Komemoracija bh. glumici i profesorici Akademije scenskih umjetnosti (ASU) Sanji Buri\u0107, koja je preminula 15. rujna u 48. godini, odr\u017eana je danas na Akademiji scenskih umjetnosti u Sarajevu. &#8211; Ljudskost, dobrota, mirno\u0107a, radost i smijeh je ono po \u010demu \u0107emo svi pamtiti na\u0161u Sanju koja je svojim postojanjem i radom najve\u0107e ljudske vrline utkala u [&hellip;]\" \/>\n<meta property=\"og:url\" content=\"https:\/\/radioljubuski.ba\/index.php\/2021\/09\/18\/brojni-prijatelji-i-studenti-oprostili-se-od-profesorice-i-glumice-sanje-buric\/\" \/>\n<meta property=\"og:site_name\" content=\"RADIO LJUBU\u0160KI\" \/>\n<meta property=\"article:publisher\" content=\"https:\/\/www.facebook.com\/Radiio-Ljubuski-1490835324566332\" \/>\n<meta property=\"article:published_time\" content=\"2021-09-18T14:04:38+00:00\" \/>\n<meta property=\"article:modified_time\" content=\"2021-09-18T14:04:39+00:00\" \/>\n<meta property=\"og:image\" content=\"https:\/\/radioljubuski.ba\/wp-content\/uploads\/2021\/09\/3-2021-09-18-13-13-18-sanjab.jpg\" \/>\n\t<meta property=\"og:image:width\" content=\"1000\" \/>\n\t<meta property=\"og:image:height\" content=\"625\" \/>\n\t<meta property=\"og:image:type\" content=\"image\/jpeg\" \/>\n<meta name=\"author\" content=\"Radio Ljubu\u0161ki\" \/>\n<meta name=\"twitter:card\" content=\"summary_large_image\" \/>\n<meta name=\"twitter:creator\" content=\"@radioljubuski\" \/>\n<meta name=\"twitter:site\" content=\"@radioljubuski\" \/>\n<meta name=\"twitter:label1\" content=\"Napisao\/la\" \/>\n\t<meta name=\"twitter:data1\" content=\"Radio Ljubu\u0161ki\" \/>\n\t<meta name=\"twitter:label2\" content=\"Procijenjeno vrijeme \u010ditanja\" \/>\n\t<meta name=\"twitter:data2\" content=\"2 minute\" \/>\n<script type=\"application\/ld+json\" class=\"yoast-schema-graph\">{\"@context\":\"https:\\\/\\\/schema.org\",\"@graph\":[{\"@type\":\"Article\",\"@id\":\"https:\\\/\\\/radioljubuski.ba\\\/index.php\\\/2021\\\/09\\\/18\\\/brojni-prijatelji-i-studenti-oprostili-se-od-profesorice-i-glumice-sanje-buric\\\/#article\",\"isPartOf\":{\"@id\":\"https:\\\/\\\/radioljubuski.ba\\\/index.php\\\/2021\\\/09\\\/18\\\/brojni-prijatelji-i-studenti-oprostili-se-od-profesorice-i-glumice-sanje-buric\\\/\"},\"author\":{\"name\":\"Radio Ljubu\u0161ki\",\"@id\":\"https:\\\/\\\/radioljubuski.ba\\\/#\\\/schema\\\/person\\\/19fc700381a780f69665d7956c469e3b\"},\"headline\":\"Brojni prijatelji i studenti oprostili se od profesorice i glumice Sanje Buri\u0107\",\"datePublished\":\"2021-09-18T14:04:38+00:00\",\"dateModified\":\"2021-09-18T14:04:39+00:00\",\"mainEntityOfPage\":{\"@id\":\"https:\\\/\\\/radioljubuski.ba\\\/index.php\\\/2021\\\/09\\\/18\\\/brojni-prijatelji-i-studenti-oprostili-se-od-profesorice-i-glumice-sanje-buric\\\/\"},\"wordCount\":364,\"publisher\":{\"@id\":\"https:\\\/\\\/radioljubuski.ba\\\/#organization\"},\"image\":{\"@id\":\"https:\\\/\\\/radioljubuski.ba\\\/index.php\\\/2021\\\/09\\\/18\\\/brojni-prijatelji-i-studenti-oprostili-se-od-profesorice-i-glumice-sanje-buric\\\/#primaryimage\"},\"thumbnailUrl\":\"https:\\\/\\\/radioljubuski.ba\\\/wp-content\\\/uploads\\\/2021\\\/09\\\/3-2021-09-18-13-13-18-sanjab.jpg\",\"articleSection\":[\"BIH i regija\"],\"inLanguage\":\"hr\"},{\"@type\":\"WebPage\",\"@id\":\"https:\\\/\\\/radioljubuski.ba\\\/index.php\\\/2021\\\/09\\\/18\\\/brojni-prijatelji-i-studenti-oprostili-se-od-profesorice-i-glumice-sanje-buric\\\/\",\"url\":\"https:\\\/\\\/radioljubuski.ba\\\/index.php\\\/2021\\\/09\\\/18\\\/brojni-prijatelji-i-studenti-oprostili-se-od-profesorice-i-glumice-sanje-buric\\\/\",\"name\":\"Brojni prijatelji i studenti oprostili se od profesorice i glumice Sanje Buri\u0107 - RADIO LJUBU\u0160KI\",\"isPartOf\":{\"@id\":\"https:\\\/\\\/radioljubuski.ba\\\/#website\"},\"primaryImageOfPage\":{\"@id\":\"https:\\\/\\\/radioljubuski.ba\\\/index.php\\\/2021\\\/09\\\/18\\\/brojni-prijatelji-i-studenti-oprostili-se-od-profesorice-i-glumice-sanje-buric\\\/#primaryimage\"},\"image\":{\"@id\":\"https:\\\/\\\/radioljubuski.ba\\\/index.php\\\/2021\\\/09\\\/18\\\/brojni-prijatelji-i-studenti-oprostili-se-od-profesorice-i-glumice-sanje-buric\\\/#primaryimage\"},\"thumbnailUrl\":\"https:\\\/\\\/radioljubuski.ba\\\/wp-content\\\/uploads\\\/2021\\\/09\\\/3-2021-09-18-13-13-18-sanjab.jpg\",\"datePublished\":\"2021-09-18T14:04:38+00:00\",\"dateModified\":\"2021-09-18T14:04:39+00:00\",\"breadcrumb\":{\"@id\":\"https:\\\/\\\/radioljubuski.ba\\\/index.php\\\/2021\\\/09\\\/18\\\/brojni-prijatelji-i-studenti-oprostili-se-od-profesorice-i-glumice-sanje-buric\\\/#breadcrumb\"},\"inLanguage\":\"hr\",\"potentialAction\":[{\"@type\":\"ReadAction\",\"target\":[\"https:\\\/\\\/radioljubuski.ba\\\/index.php\\\/2021\\\/09\\\/18\\\/brojni-prijatelji-i-studenti-oprostili-se-od-profesorice-i-glumice-sanje-buric\\\/\"]}]},{\"@type\":\"ImageObject\",\"inLanguage\":\"hr\",\"@id\":\"https:\\\/\\\/radioljubuski.ba\\\/index.php\\\/2021\\\/09\\\/18\\\/brojni-prijatelji-i-studenti-oprostili-se-od-profesorice-i-glumice-sanje-buric\\\/#primaryimage\",\"url\":\"https:\\\/\\\/radioljubuski.ba\\\/wp-content\\\/uploads\\\/2021\\\/09\\\/3-2021-09-18-13-13-18-sanjab.jpg\",\"contentUrl\":\"https:\\\/\\\/radioljubuski.ba\\\/wp-content\\\/uploads\\\/2021\\\/09\\\/3-2021-09-18-13-13-18-sanjab.jpg\",\"width\":1000,\"height\":625},{\"@type\":\"BreadcrumbList\",\"@id\":\"https:\\\/\\\/radioljubuski.ba\\\/index.php\\\/2021\\\/09\\\/18\\\/brojni-prijatelji-i-studenti-oprostili-se-od-profesorice-i-glumice-sanje-buric\\\/#breadcrumb\",\"itemListElement\":[{\"@type\":\"ListItem\",\"position\":1,\"name\":\"Po\u010detna stranica\",\"item\":\"https:\\\/\\\/radioljubuski.ba\\\/\"},{\"@type\":\"ListItem\",\"position\":2,\"name\":\"Brojni prijatelji i studenti oprostili se od profesorice i glumice Sanje Buri\u0107\"}]},{\"@type\":\"WebSite\",\"@id\":\"https:\\\/\\\/radioljubuski.ba\\\/#website\",\"url\":\"https:\\\/\\\/radioljubuski.ba\\\/\",\"name\":\"Radio Ljubu\u0161ki\",\"description\":\"Sun\u010dana frekvencija Hercegovine\",\"publisher\":{\"@id\":\"https:\\\/\\\/radioljubuski.ba\\\/#organization\"},\"potentialAction\":[{\"@type\":\"SearchAction\",\"target\":{\"@type\":\"EntryPoint\",\"urlTemplate\":\"https:\\\/\\\/radioljubuski.ba\\\/?s={search_term_string}\"},\"query-input\":{\"@type\":\"PropertyValueSpecification\",\"valueRequired\":true,\"valueName\":\"search_term_string\"}}],\"inLanguage\":\"hr\"},{\"@type\":\"Organization\",\"@id\":\"https:\\\/\\\/radioljubuski.ba\\\/#organization\",\"name\":\"Radio Ljubu\u0161ki\",\"url\":\"https:\\\/\\\/radioljubuski.ba\\\/\",\"logo\":{\"@type\":\"ImageObject\",\"inLanguage\":\"hr\",\"@id\":\"https:\\\/\\\/radioljubuski.ba\\\/#\\\/schema\\\/logo\\\/image\\\/\",\"url\":\"https:\\\/\\\/radioljubuski.ba\\\/wp-content\\\/uploads\\\/2021\\\/02\\\/cropped-Radio_Ljubuski_logo1.jpg\",\"contentUrl\":\"https:\\\/\\\/radioljubuski.ba\\\/wp-content\\\/uploads\\\/2021\\\/02\\\/cropped-Radio_Ljubuski_logo1.jpg\",\"width\":512,\"height\":512,\"caption\":\"Radio Ljubu\u0161ki\"},\"image\":{\"@id\":\"https:\\\/\\\/radioljubuski.ba\\\/#\\\/schema\\\/logo\\\/image\\\/\"},\"sameAs\":[\"https:\\\/\\\/www.facebook.com\\\/Radiio-Ljubuski-1490835324566332\",\"https:\\\/\\\/x.com\\\/radioljubuski\",\"https:\\\/\\\/hr.linkedin.com\\\/company\\\/radio-ljubuski\",\"https:\\\/\\\/www.youtube.com\\\/channel\\\/UCHYaeO_n0Db3tjNGudGpXyw\"]},{\"@type\":\"Person\",\"@id\":\"https:\\\/\\\/radioljubuski.ba\\\/#\\\/schema\\\/person\\\/19fc700381a780f69665d7956c469e3b\",\"name\":\"Radio Ljubu\u0161ki\"}]}<\/script>\n<!-- \/ Yoast SEO plugin. -->","yoast_head_json":{"title":"Brojni prijatelji i studenti oprostili se od profesorice i glumice Sanje Buri\u0107 - RADIO LJUBU\u0160KI","robots":{"index":"index","follow":"follow","max-snippet":"max-snippet:-1","max-image-preview":"max-image-preview:large","max-video-preview":"max-video-preview:-1"},"canonical":"https:\/\/radioljubuski.ba\/index.php\/2021\/09\/18\/brojni-prijatelji-i-studenti-oprostili-se-od-profesorice-i-glumice-sanje-buric\/","og_locale":"hr_HR","og_type":"article","og_title":"Brojni prijatelji i studenti oprostili se od profesorice i glumice Sanje Buri\u0107 - RADIO LJUBU\u0160KI","og_description":"Komemoracija bh. glumici i profesorici Akademije scenskih umjetnosti (ASU) Sanji Buri\u0107, koja je preminula 15. rujna u 48. godini, odr\u017eana je danas na Akademiji scenskih umjetnosti u Sarajevu. &#8211; Ljudskost, dobrota, mirno\u0107a, radost i smijeh je ono po \u010demu \u0107emo svi pamtiti na\u0161u Sanju koja je svojim postojanjem i radom najve\u0107e ljudske vrline utkala u [&hellip;]","og_url":"https:\/\/radioljubuski.ba\/index.php\/2021\/09\/18\/brojni-prijatelji-i-studenti-oprostili-se-od-profesorice-i-glumice-sanje-buric\/","og_site_name":"RADIO LJUBU\u0160KI","article_publisher":"https:\/\/www.facebook.com\/Radiio-Ljubuski-1490835324566332","article_published_time":"2021-09-18T14:04:38+00:00","article_modified_time":"2021-09-18T14:04:39+00:00","og_image":[{"width":1000,"height":625,"url":"https:\/\/radioljubuski.ba\/wp-content\/uploads\/2021\/09\/3-2021-09-18-13-13-18-sanjab.jpg","type":"image\/jpeg"}],"author":"Radio Ljubu\u0161ki","twitter_card":"summary_large_image","twitter_creator":"@radioljubuski","twitter_site":"@radioljubuski","twitter_misc":{"Napisao\/la":"Radio Ljubu\u0161ki","Procijenjeno vrijeme \u010ditanja":"2 minute"},"schema":{"@context":"https:\/\/schema.org","@graph":[{"@type":"Article","@id":"https:\/\/radioljubuski.ba\/index.php\/2021\/09\/18\/brojni-prijatelji-i-studenti-oprostili-se-od-profesorice-i-glumice-sanje-buric\/#article","isPartOf":{"@id":"https:\/\/radioljubuski.ba\/index.php\/2021\/09\/18\/brojni-prijatelji-i-studenti-oprostili-se-od-profesorice-i-glumice-sanje-buric\/"},"author":{"name":"Radio Ljubu\u0161ki","@id":"https:\/\/radioljubuski.ba\/#\/schema\/person\/19fc700381a780f69665d7956c469e3b"},"headline":"Brojni prijatelji i studenti oprostili se od profesorice i glumice Sanje Buri\u0107","datePublished":"2021-09-18T14:04:38+00:00","dateModified":"2021-09-18T14:04:39+00:00","mainEntityOfPage":{"@id":"https:\/\/radioljubuski.ba\/index.php\/2021\/09\/18\/brojni-prijatelji-i-studenti-oprostili-se-od-profesorice-i-glumice-sanje-buric\/"},"wordCount":364,"publisher":{"@id":"https:\/\/radioljubuski.ba\/#organization"},"image":{"@id":"https:\/\/radioljubuski.ba\/index.php\/2021\/09\/18\/brojni-prijatelji-i-studenti-oprostili-se-od-profesorice-i-glumice-sanje-buric\/#primaryimage"},"thumbnailUrl":"https:\/\/radioljubuski.ba\/wp-content\/uploads\/2021\/09\/3-2021-09-18-13-13-18-sanjab.jpg","articleSection":["BIH i regija"],"inLanguage":"hr"},{"@type":"WebPage","@id":"https:\/\/radioljubuski.ba\/index.php\/2021\/09\/18\/brojni-prijatelji-i-studenti-oprostili-se-od-profesorice-i-glumice-sanje-buric\/","url":"https:\/\/radioljubuski.ba\/index.php\/2021\/09\/18\/brojni-prijatelji-i-studenti-oprostili-se-od-profesorice-i-glumice-sanje-buric\/","name":"Brojni prijatelji i studenti oprostili se od profesorice i glumice Sanje Buri\u0107 - RADIO LJUBU\u0160KI","isPartOf":{"@id":"https:\/\/radioljubuski.ba\/#website"},"primaryImageOfPage":{"@id":"https:\/\/radioljubuski.ba\/index.php\/2021\/09\/18\/brojni-prijatelji-i-studenti-oprostili-se-od-profesorice-i-glumice-sanje-buric\/#primaryimage"},"image":{"@id":"https:\/\/radioljubuski.ba\/index.php\/2021\/09\/18\/brojni-prijatelji-i-studenti-oprostili-se-od-profesorice-i-glumice-sanje-buric\/#primaryimage"},"thumbnailUrl":"https:\/\/radioljubuski.ba\/wp-content\/uploads\/2021\/09\/3-2021-09-18-13-13-18-sanjab.jpg","datePublished":"2021-09-18T14:04:38+00:00","dateModified":"2021-09-18T14:04:39+00:00","breadcrumb":{"@id":"https:\/\/radioljubuski.ba\/index.php\/2021\/09\/18\/brojni-prijatelji-i-studenti-oprostili-se-od-profesorice-i-glumice-sanje-buric\/#breadcrumb"},"inLanguage":"hr","potentialAction":[{"@type":"ReadAction","target":["https:\/\/radioljubuski.ba\/index.php\/2021\/09\/18\/brojni-prijatelji-i-studenti-oprostili-se-od-profesorice-i-glumice-sanje-buric\/"]}]},{"@type":"ImageObject","inLanguage":"hr","@id":"https:\/\/radioljubuski.ba\/index.php\/2021\/09\/18\/brojni-prijatelji-i-studenti-oprostili-se-od-profesorice-i-glumice-sanje-buric\/#primaryimage","url":"https:\/\/radioljubuski.ba\/wp-content\/uploads\/2021\/09\/3-2021-09-18-13-13-18-sanjab.jpg","contentUrl":"https:\/\/radioljubuski.ba\/wp-content\/uploads\/2021\/09\/3-2021-09-18-13-13-18-sanjab.jpg","width":1000,"height":625},{"@type":"BreadcrumbList","@id":"https:\/\/radioljubuski.ba\/index.php\/2021\/09\/18\/brojni-prijatelji-i-studenti-oprostili-se-od-profesorice-i-glumice-sanje-buric\/#breadcrumb","itemListElement":[{"@type":"ListItem","position":1,"name":"Po\u010detna stranica","item":"https:\/\/radioljubuski.ba\/"},{"@type":"ListItem","position":2,"name":"Brojni prijatelji i studenti oprostili se od profesorice i glumice Sanje Buri\u0107"}]},{"@type":"WebSite","@id":"https:\/\/radioljubuski.ba\/#website","url":"https:\/\/radioljubuski.ba\/","name":"Radio Ljubu\u0161ki","description":"Sun\u010dana frekvencija Hercegovine","publisher":{"@id":"https:\/\/radioljubuski.ba\/#organization"},"potentialAction":[{"@type":"SearchAction","target":{"@type":"EntryPoint","urlTemplate":"https:\/\/radioljubuski.ba\/?s={search_term_string}"},"query-input":{"@type":"PropertyValueSpecification","valueRequired":true,"valueName":"search_term_string"}}],"inLanguage":"hr"},{"@type":"Organization","@id":"https:\/\/radioljubuski.ba\/#organization","name":"Radio Ljubu\u0161ki","url":"https:\/\/radioljubuski.ba\/","logo":{"@type":"ImageObject","inLanguage":"hr","@id":"https:\/\/radioljubuski.ba\/#\/schema\/logo\/image\/","url":"https:\/\/radioljubuski.ba\/wp-content\/uploads\/2021\/02\/cropped-Radio_Ljubuski_logo1.jpg","contentUrl":"https:\/\/radioljubuski.ba\/wp-content\/uploads\/2021\/02\/cropped-Radio_Ljubuski_logo1.jpg","width":512,"height":512,"caption":"Radio Ljubu\u0161ki"},"image":{"@id":"https:\/\/radioljubuski.ba\/#\/schema\/logo\/image\/"},"sameAs":["https:\/\/www.facebook.com\/Radiio-Ljubuski-1490835324566332","https:\/\/x.com\/radioljubuski","https:\/\/hr.linkedin.com\/company\/radio-ljubuski","https:\/\/www.youtube.com\/channel\/UCHYaeO_n0Db3tjNGudGpXyw"]},{"@type":"Person","@id":"https:\/\/radioljubuski.ba\/#\/schema\/person\/19fc700381a780f69665d7956c469e3b","name":"Radio Ljubu\u0161ki"}]}},"_links":{"self":[{"href":"https:\/\/radioljubuski.ba\/index.php\/wp-json\/wp\/v2\/posts\/65139","targetHints":{"allow":["GET"]}}],"collection":[{"href":"https:\/\/radioljubuski.ba\/index.php\/wp-json\/wp\/v2\/posts"}],"about":[{"href":"https:\/\/radioljubuski.ba\/index.php\/wp-json\/wp\/v2\/types\/post"}],"author":[{"embeddable":true,"href":"https:\/\/radioljubuski.ba\/index.php\/wp-json\/wp\/v2\/users\/2"}],"replies":[{"embeddable":true,"href":"https:\/\/radioljubuski.ba\/index.php\/wp-json\/wp\/v2\/comments?post=65139"}],"version-history":[{"count":1,"href":"https:\/\/radioljubuski.ba\/index.php\/wp-json\/wp\/v2\/posts\/65139\/revisions"}],"predecessor-version":[{"id":65141,"href":"https:\/\/radioljubuski.ba\/index.php\/wp-json\/wp\/v2\/posts\/65139\/revisions\/65141"}],"wp:featuredmedia":[{"embeddable":true,"href":"https:\/\/radioljubuski.ba\/index.php\/wp-json\/wp\/v2\/media\/65140"}],"wp:attachment":[{"href":"https:\/\/radioljubuski.ba\/index.php\/wp-json\/wp\/v2\/media?parent=65139"}],"wp:term":[{"taxonomy":"category","embeddable":true,"href":"https:\/\/radioljubuski.ba\/index.php\/wp-json\/wp\/v2\/categories?post=65139"},{"taxonomy":"post_tag","embeddable":true,"href":"https:\/\/radioljubuski.ba\/index.php\/wp-json\/wp\/v2\/tags?post=65139"}],"curies":[{"name":"wp","href":"https:\/\/api.w.org\/{rel}","templated":true}]}}