{"id":65142,"date":"2021-09-18T15:07:25","date_gmt":"2021-09-18T14:07:25","guid":{"rendered":"https:\/\/radioljubuski.ba\/?p=65142"},"modified":"2021-09-18T15:07:26","modified_gmt":"2021-09-18T14:07:26","slug":"bih-prva-u-europi-i-druga-u-svijetu-po-smrtnosti-od-koronavirusa","status":"publish","type":"post","link":"https:\/\/radioljubuski.ba\/index.php\/2021\/09\/18\/bih-prva-u-europi-i-druga-u-svijetu-po-smrtnosti-od-koronavirusa\/","title":{"rendered":"BiH prva u Europi i druga u svijetu po smrtnosti od koronavirusa"},"content":{"rendered":"\n<p>Te\u017einu pandemije koju trpi Bosna i Hercegovina najbolje oslikavaju relevantni statisti\u010dki podaci i usporedbe s drugim dr\u017eavama.<\/p>\n\n\n\n<p>Na\u0161a je zemlja po stranici worldometers izbila na prvo mjesto po smrtnosti na milijun stanovnika.<\/p>\n\n\n\n<p>Bosna i Hercegovina bilje\u017ei tako 3.134 smrtna slu\u010daja na milijun stanovnika, vi\u0161e od Ma\u0111arske na drugom mjestu koja ima 3.128. Na globalnoj svjetskoj listi ispred nas je samo Peru sa 5.934 smrtna slu\u010daja na milijun stanovnika, javlja Klix.<\/p>\n\n\n\n<p>Po ovoj stranici Bosna i Hercegovina dosad je registrirala 225.857 slu\u010dajeva zaraze koronavirusom, a 10.203 osobe su preminule. Oporavilo se 192.218 pacijenata, a ukupno je 1.188.929 ura\u0111enih testiranja.<\/p>\n\n\n\n<p>Trenutno je aktivno 23.436 slu\u010dajeva. Zdravstvene vlasti u na\u0161oj zemlji apeliraju na gra\u0111ane da se pridr\u017eavaju mjera i uputa zbog straha od \u010detvrtog vala, a stalni su pozivi gra\u0111anima za cijepljenje.<\/p>\n\n\n\n<p>Izvor:klix.ba<\/p>\n","protected":false},"excerpt":{"rendered":"<p>Te\u017einu pandemije koju trpi Bosna i Hercegovina najbolje oslikavaju relevantni statisti\u010dki podaci i usporedbe s drugim dr\u017eavama. Na\u0161a je zemlja po stranici worldometers izbila na prvo mjesto po smrtnosti na milijun stanovnika. Bosna i Hercegovina bilje\u017ei tako 3.134 smrtna slu\u010daja na milijun stanovnika, vi\u0161e od Ma\u0111arske na drugom mjestu koja ima 3.128. Na globalnoj svjetskoj [&hellip;]<\/p>\n","protected":false},"author":2,"featured_media":65143,"comment_status":"closed","ping_status":"closed","sticky":false,"template":"","format":"standard","meta":{"h5ap_radio_sources":[],"footnotes":""},"categories":[1],"tags":[],"class_list":["post-65142","post","type-post","status-publish","format-standard","has-post-thumbnail","hentry","category-bihiregija"],"yoast_head":"<!-- This site is optimized with the Yoast SEO plugin v27.5 - https:\/\/yoast.com\/product\/yoast-seo-wordpress\/ -->\n<title>BiH prva u Europi i druga u svijetu po smrtnosti od koronavirusa - RADIO LJUBU\u0160KI<\/title>\n<meta name=\"robots\" content=\"index, follow, max-snippet:-1, max-image-preview:large, max-video-preview:-1\" \/>\n<link rel=\"canonical\" href=\"https:\/\/radioljubuski.ba\/index.php\/2021\/09\/18\/bih-prva-u-europi-i-druga-u-svijetu-po-smrtnosti-od-koronavirusa\/\" \/>\n<meta property=\"og:locale\" content=\"hr_HR\" \/>\n<meta property=\"og:type\" content=\"article\" \/>\n<meta property=\"og:title\" content=\"BiH prva u Europi i druga u svijetu po smrtnosti od koronavirusa - RADIO LJUBU\u0160KI\" \/>\n<meta property=\"og:description\" content=\"Te\u017einu pandemije koju trpi Bosna i Hercegovina najbolje oslikavaju relevantni statisti\u010dki podaci i usporedbe s drugim dr\u017eavama. Na\u0161a je zemlja po stranici worldometers izbila na prvo mjesto po smrtnosti na milijun stanovnika. Bosna i Hercegovina bilje\u017ei tako 3.134 smrtna slu\u010daja na milijun stanovnika, vi\u0161e od Ma\u0111arske na drugom mjestu koja ima 3.128. Na globalnoj svjetskoj [&hellip;]\" \/>\n<meta property=\"og:url\" content=\"https:\/\/radioljubuski.ba\/index.php\/2021\/09\/18\/bih-prva-u-europi-i-druga-u-svijetu-po-smrtnosti-od-koronavirusa\/\" \/>\n<meta property=\"og:site_name\" content=\"RADIO LJUBU\u0160KI\" \/>\n<meta property=\"article:publisher\" content=\"https:\/\/www.facebook.com\/Radiio-Ljubuski-1490835324566332\" \/>\n<meta property=\"article:published_time\" content=\"2021-09-18T14:07:25+00:00\" \/>\n<meta property=\"article:modified_time\" content=\"2021-09-18T14:07:26+00:00\" \/>\n<meta property=\"og:image\" content=\"https:\/\/radioljubuski.ba\/wp-content\/uploads\/2021\/09\/worldometers-statistika-korona-bih.jpg\" \/>\n\t<meta property=\"og:image:width\" content=\"810\" \/>\n\t<meta property=\"og:image:height\" content=\"540\" \/>\n\t<meta property=\"og:image:type\" content=\"image\/jpeg\" \/>\n<meta name=\"author\" content=\"Radio Ljubu\u0161ki\" \/>\n<meta name=\"twitter:card\" content=\"summary_large_image\" \/>\n<meta name=\"twitter:creator\" content=\"@radioljubuski\" \/>\n<meta name=\"twitter:site\" content=\"@radioljubuski\" \/>\n<meta name=\"twitter:label1\" content=\"Napisao\/la\" \/>\n\t<meta name=\"twitter:data1\" content=\"Radio Ljubu\u0161ki\" \/>\n\t<meta name=\"twitter:label2\" content=\"Procijenjeno vrijeme \u010ditanja\" \/>\n\t<meta name=\"twitter:data2\" content=\"1 minuta\" \/>\n<script type=\"application\/ld+json\" class=\"yoast-schema-graph\">{\"@context\":\"https:\\\/\\\/schema.org\",\"@graph\":[{\"@type\":\"Article\",\"@id\":\"https:\\\/\\\/radioljubuski.ba\\\/index.php\\\/2021\\\/09\\\/18\\\/bih-prva-u-europi-i-druga-u-svijetu-po-smrtnosti-od-koronavirusa\\\/#article\",\"isPartOf\":{\"@id\":\"https:\\\/\\\/radioljubuski.ba\\\/index.php\\\/2021\\\/09\\\/18\\\/bih-prva-u-europi-i-druga-u-svijetu-po-smrtnosti-od-koronavirusa\\\/\"},\"author\":{\"name\":\"Radio Ljubu\u0161ki\",\"@id\":\"https:\\\/\\\/radioljubuski.ba\\\/#\\\/schema\\\/person\\\/19fc700381a780f69665d7956c469e3b\"},\"headline\":\"BiH prva u Europi i druga u svijetu po smrtnosti od koronavirusa\",\"datePublished\":\"2021-09-18T14:07:25+00:00\",\"dateModified\":\"2021-09-18T14:07:26+00:00\",\"mainEntityOfPage\":{\"@id\":\"https:\\\/\\\/radioljubuski.ba\\\/index.php\\\/2021\\\/09\\\/18\\\/bih-prva-u-europi-i-druga-u-svijetu-po-smrtnosti-od-koronavirusa\\\/\"},\"wordCount\":152,\"publisher\":{\"@id\":\"https:\\\/\\\/radioljubuski.ba\\\/#organization\"},\"image\":{\"@id\":\"https:\\\/\\\/radioljubuski.ba\\\/index.php\\\/2021\\\/09\\\/18\\\/bih-prva-u-europi-i-druga-u-svijetu-po-smrtnosti-od-koronavirusa\\\/#primaryimage\"},\"thumbnailUrl\":\"https:\\\/\\\/radioljubuski.ba\\\/wp-content\\\/uploads\\\/2021\\\/09\\\/worldometers-statistika-korona-bih.jpg\",\"articleSection\":[\"BIH i regija\"],\"inLanguage\":\"hr\"},{\"@type\":\"WebPage\",\"@id\":\"https:\\\/\\\/radioljubuski.ba\\\/index.php\\\/2021\\\/09\\\/18\\\/bih-prva-u-europi-i-druga-u-svijetu-po-smrtnosti-od-koronavirusa\\\/\",\"url\":\"https:\\\/\\\/radioljubuski.ba\\\/index.php\\\/2021\\\/09\\\/18\\\/bih-prva-u-europi-i-druga-u-svijetu-po-smrtnosti-od-koronavirusa\\\/\",\"name\":\"BiH prva u Europi i druga u svijetu po smrtnosti od koronavirusa - RADIO LJUBU\u0160KI\",\"isPartOf\":{\"@id\":\"https:\\\/\\\/radioljubuski.ba\\\/#website\"},\"primaryImageOfPage\":{\"@id\":\"https:\\\/\\\/radioljubuski.ba\\\/index.php\\\/2021\\\/09\\\/18\\\/bih-prva-u-europi-i-druga-u-svijetu-po-smrtnosti-od-koronavirusa\\\/#primaryimage\"},\"image\":{\"@id\":\"https:\\\/\\\/radioljubuski.ba\\\/index.php\\\/2021\\\/09\\\/18\\\/bih-prva-u-europi-i-druga-u-svijetu-po-smrtnosti-od-koronavirusa\\\/#primaryimage\"},\"thumbnailUrl\":\"https:\\\/\\\/radioljubuski.ba\\\/wp-content\\\/uploads\\\/2021\\\/09\\\/worldometers-statistika-korona-bih.jpg\",\"datePublished\":\"2021-09-18T14:07:25+00:00\",\"dateModified\":\"2021-09-18T14:07:26+00:00\",\"breadcrumb\":{\"@id\":\"https:\\\/\\\/radioljubuski.ba\\\/index.php\\\/2021\\\/09\\\/18\\\/bih-prva-u-europi-i-druga-u-svijetu-po-smrtnosti-od-koronavirusa\\\/#breadcrumb\"},\"inLanguage\":\"hr\",\"potentialAction\":[{\"@type\":\"ReadAction\",\"target\":[\"https:\\\/\\\/radioljubuski.ba\\\/index.php\\\/2021\\\/09\\\/18\\\/bih-prva-u-europi-i-druga-u-svijetu-po-smrtnosti-od-koronavirusa\\\/\"]}]},{\"@type\":\"ImageObject\",\"inLanguage\":\"hr\",\"@id\":\"https:\\\/\\\/radioljubuski.ba\\\/index.php\\\/2021\\\/09\\\/18\\\/bih-prva-u-europi-i-druga-u-svijetu-po-smrtnosti-od-koronavirusa\\\/#primaryimage\",\"url\":\"https:\\\/\\\/radioljubuski.ba\\\/wp-content\\\/uploads\\\/2021\\\/09\\\/worldometers-statistika-korona-bih.jpg\",\"contentUrl\":\"https:\\\/\\\/radioljubuski.ba\\\/wp-content\\\/uploads\\\/2021\\\/09\\\/worldometers-statistika-korona-bih.jpg\",\"width\":810,\"height\":540},{\"@type\":\"BreadcrumbList\",\"@id\":\"https:\\\/\\\/radioljubuski.ba\\\/index.php\\\/2021\\\/09\\\/18\\\/bih-prva-u-europi-i-druga-u-svijetu-po-smrtnosti-od-koronavirusa\\\/#breadcrumb\",\"itemListElement\":[{\"@type\":\"ListItem\",\"position\":1,\"name\":\"Po\u010detna stranica\",\"item\":\"https:\\\/\\\/radioljubuski.ba\\\/\"},{\"@type\":\"ListItem\",\"position\":2,\"name\":\"BiH prva u Europi i druga u svijetu po smrtnosti od koronavirusa\"}]},{\"@type\":\"WebSite\",\"@id\":\"https:\\\/\\\/radioljubuski.ba\\\/#website\",\"url\":\"https:\\\/\\\/radioljubuski.ba\\\/\",\"name\":\"Radio Ljubu\u0161ki\",\"description\":\"Sun\u010dana frekvencija Hercegovine\",\"publisher\":{\"@id\":\"https:\\\/\\\/radioljubuski.ba\\\/#organization\"},\"potentialAction\":[{\"@type\":\"SearchAction\",\"target\":{\"@type\":\"EntryPoint\",\"urlTemplate\":\"https:\\\/\\\/radioljubuski.ba\\\/?s={search_term_string}\"},\"query-input\":{\"@type\":\"PropertyValueSpecification\",\"valueRequired\":true,\"valueName\":\"search_term_string\"}}],\"inLanguage\":\"hr\"},{\"@type\":\"Organization\",\"@id\":\"https:\\\/\\\/radioljubuski.ba\\\/#organization\",\"name\":\"Radio Ljubu\u0161ki\",\"url\":\"https:\\\/\\\/radioljubuski.ba\\\/\",\"logo\":{\"@type\":\"ImageObject\",\"inLanguage\":\"hr\",\"@id\":\"https:\\\/\\\/radioljubuski.ba\\\/#\\\/schema\\\/logo\\\/image\\\/\",\"url\":\"https:\\\/\\\/radioljubuski.ba\\\/wp-content\\\/uploads\\\/2021\\\/02\\\/cropped-Radio_Ljubuski_logo1.jpg\",\"contentUrl\":\"https:\\\/\\\/radioljubuski.ba\\\/wp-content\\\/uploads\\\/2021\\\/02\\\/cropped-Radio_Ljubuski_logo1.jpg\",\"width\":512,\"height\":512,\"caption\":\"Radio Ljubu\u0161ki\"},\"image\":{\"@id\":\"https:\\\/\\\/radioljubuski.ba\\\/#\\\/schema\\\/logo\\\/image\\\/\"},\"sameAs\":[\"https:\\\/\\\/www.facebook.com\\\/Radiio-Ljubuski-1490835324566332\",\"https:\\\/\\\/x.com\\\/radioljubuski\",\"https:\\\/\\\/hr.linkedin.com\\\/company\\\/radio-ljubuski\",\"https:\\\/\\\/www.youtube.com\\\/channel\\\/UCHYaeO_n0Db3tjNGudGpXyw\"]},{\"@type\":\"Person\",\"@id\":\"https:\\\/\\\/radioljubuski.ba\\\/#\\\/schema\\\/person\\\/19fc700381a780f69665d7956c469e3b\",\"name\":\"Radio Ljubu\u0161ki\"}]}<\/script>\n<!-- \/ Yoast SEO plugin. -->","yoast_head_json":{"title":"BiH prva u Europi i druga u svijetu po smrtnosti od koronavirusa - RADIO LJUBU\u0160KI","robots":{"index":"index","follow":"follow","max-snippet":"max-snippet:-1","max-image-preview":"max-image-preview:large","max-video-preview":"max-video-preview:-1"},"canonical":"https:\/\/radioljubuski.ba\/index.php\/2021\/09\/18\/bih-prva-u-europi-i-druga-u-svijetu-po-smrtnosti-od-koronavirusa\/","og_locale":"hr_HR","og_type":"article","og_title":"BiH prva u Europi i druga u svijetu po smrtnosti od koronavirusa - RADIO LJUBU\u0160KI","og_description":"Te\u017einu pandemije koju trpi Bosna i Hercegovina najbolje oslikavaju relevantni statisti\u010dki podaci i usporedbe s drugim dr\u017eavama. Na\u0161a je zemlja po stranici worldometers izbila na prvo mjesto po smrtnosti na milijun stanovnika. Bosna i Hercegovina bilje\u017ei tako 3.134 smrtna slu\u010daja na milijun stanovnika, vi\u0161e od Ma\u0111arske na drugom mjestu koja ima 3.128. Na globalnoj svjetskoj [&hellip;]","og_url":"https:\/\/radioljubuski.ba\/index.php\/2021\/09\/18\/bih-prva-u-europi-i-druga-u-svijetu-po-smrtnosti-od-koronavirusa\/","og_site_name":"RADIO LJUBU\u0160KI","article_publisher":"https:\/\/www.facebook.com\/Radiio-Ljubuski-1490835324566332","article_published_time":"2021-09-18T14:07:25+00:00","article_modified_time":"2021-09-18T14:07:26+00:00","og_image":[{"width":810,"height":540,"url":"https:\/\/radioljubuski.ba\/wp-content\/uploads\/2021\/09\/worldometers-statistika-korona-bih.jpg","type":"image\/jpeg"}],"author":"Radio Ljubu\u0161ki","twitter_card":"summary_large_image","twitter_creator":"@radioljubuski","twitter_site":"@radioljubuski","twitter_misc":{"Napisao\/la":"Radio Ljubu\u0161ki","Procijenjeno vrijeme \u010ditanja":"1 minuta"},"schema":{"@context":"https:\/\/schema.org","@graph":[{"@type":"Article","@id":"https:\/\/radioljubuski.ba\/index.php\/2021\/09\/18\/bih-prva-u-europi-i-druga-u-svijetu-po-smrtnosti-od-koronavirusa\/#article","isPartOf":{"@id":"https:\/\/radioljubuski.ba\/index.php\/2021\/09\/18\/bih-prva-u-europi-i-druga-u-svijetu-po-smrtnosti-od-koronavirusa\/"},"author":{"name":"Radio Ljubu\u0161ki","@id":"https:\/\/radioljubuski.ba\/#\/schema\/person\/19fc700381a780f69665d7956c469e3b"},"headline":"BiH prva u Europi i druga u svijetu po smrtnosti od koronavirusa","datePublished":"2021-09-18T14:07:25+00:00","dateModified":"2021-09-18T14:07:26+00:00","mainEntityOfPage":{"@id":"https:\/\/radioljubuski.ba\/index.php\/2021\/09\/18\/bih-prva-u-europi-i-druga-u-svijetu-po-smrtnosti-od-koronavirusa\/"},"wordCount":152,"publisher":{"@id":"https:\/\/radioljubuski.ba\/#organization"},"image":{"@id":"https:\/\/radioljubuski.ba\/index.php\/2021\/09\/18\/bih-prva-u-europi-i-druga-u-svijetu-po-smrtnosti-od-koronavirusa\/#primaryimage"},"thumbnailUrl":"https:\/\/radioljubuski.ba\/wp-content\/uploads\/2021\/09\/worldometers-statistika-korona-bih.jpg","articleSection":["BIH i regija"],"inLanguage":"hr"},{"@type":"WebPage","@id":"https:\/\/radioljubuski.ba\/index.php\/2021\/09\/18\/bih-prva-u-europi-i-druga-u-svijetu-po-smrtnosti-od-koronavirusa\/","url":"https:\/\/radioljubuski.ba\/index.php\/2021\/09\/18\/bih-prva-u-europi-i-druga-u-svijetu-po-smrtnosti-od-koronavirusa\/","name":"BiH prva u Europi i druga u svijetu po smrtnosti od koronavirusa - RADIO LJUBU\u0160KI","isPartOf":{"@id":"https:\/\/radioljubuski.ba\/#website"},"primaryImageOfPage":{"@id":"https:\/\/radioljubuski.ba\/index.php\/2021\/09\/18\/bih-prva-u-europi-i-druga-u-svijetu-po-smrtnosti-od-koronavirusa\/#primaryimage"},"image":{"@id":"https:\/\/radioljubuski.ba\/index.php\/2021\/09\/18\/bih-prva-u-europi-i-druga-u-svijetu-po-smrtnosti-od-koronavirusa\/#primaryimage"},"thumbnailUrl":"https:\/\/radioljubuski.ba\/wp-content\/uploads\/2021\/09\/worldometers-statistika-korona-bih.jpg","datePublished":"2021-09-18T14:07:25+00:00","dateModified":"2021-09-18T14:07:26+00:00","breadcrumb":{"@id":"https:\/\/radioljubuski.ba\/index.php\/2021\/09\/18\/bih-prva-u-europi-i-druga-u-svijetu-po-smrtnosti-od-koronavirusa\/#breadcrumb"},"inLanguage":"hr","potentialAction":[{"@type":"ReadAction","target":["https:\/\/radioljubuski.ba\/index.php\/2021\/09\/18\/bih-prva-u-europi-i-druga-u-svijetu-po-smrtnosti-od-koronavirusa\/"]}]},{"@type":"ImageObject","inLanguage":"hr","@id":"https:\/\/radioljubuski.ba\/index.php\/2021\/09\/18\/bih-prva-u-europi-i-druga-u-svijetu-po-smrtnosti-od-koronavirusa\/#primaryimage","url":"https:\/\/radioljubuski.ba\/wp-content\/uploads\/2021\/09\/worldometers-statistika-korona-bih.jpg","contentUrl":"https:\/\/radioljubuski.ba\/wp-content\/uploads\/2021\/09\/worldometers-statistika-korona-bih.jpg","width":810,"height":540},{"@type":"BreadcrumbList","@id":"https:\/\/radioljubuski.ba\/index.php\/2021\/09\/18\/bih-prva-u-europi-i-druga-u-svijetu-po-smrtnosti-od-koronavirusa\/#breadcrumb","itemListElement":[{"@type":"ListItem","position":1,"name":"Po\u010detna stranica","item":"https:\/\/radioljubuski.ba\/"},{"@type":"ListItem","position":2,"name":"BiH prva u Europi i druga u svijetu po smrtnosti od koronavirusa"}]},{"@type":"WebSite","@id":"https:\/\/radioljubuski.ba\/#website","url":"https:\/\/radioljubuski.ba\/","name":"Radio Ljubu\u0161ki","description":"Sun\u010dana frekvencija Hercegovine","publisher":{"@id":"https:\/\/radioljubuski.ba\/#organization"},"potentialAction":[{"@type":"SearchAction","target":{"@type":"EntryPoint","urlTemplate":"https:\/\/radioljubuski.ba\/?s={search_term_string}"},"query-input":{"@type":"PropertyValueSpecification","valueRequired":true,"valueName":"search_term_string"}}],"inLanguage":"hr"},{"@type":"Organization","@id":"https:\/\/radioljubuski.ba\/#organization","name":"Radio Ljubu\u0161ki","url":"https:\/\/radioljubuski.ba\/","logo":{"@type":"ImageObject","inLanguage":"hr","@id":"https:\/\/radioljubuski.ba\/#\/schema\/logo\/image\/","url":"https:\/\/radioljubuski.ba\/wp-content\/uploads\/2021\/02\/cropped-Radio_Ljubuski_logo1.jpg","contentUrl":"https:\/\/radioljubuski.ba\/wp-content\/uploads\/2021\/02\/cropped-Radio_Ljubuski_logo1.jpg","width":512,"height":512,"caption":"Radio Ljubu\u0161ki"},"image":{"@id":"https:\/\/radioljubuski.ba\/#\/schema\/logo\/image\/"},"sameAs":["https:\/\/www.facebook.com\/Radiio-Ljubuski-1490835324566332","https:\/\/x.com\/radioljubuski","https:\/\/hr.linkedin.com\/company\/radio-ljubuski","https:\/\/www.youtube.com\/channel\/UCHYaeO_n0Db3tjNGudGpXyw"]},{"@type":"Person","@id":"https:\/\/radioljubuski.ba\/#\/schema\/person\/19fc700381a780f69665d7956c469e3b","name":"Radio Ljubu\u0161ki"}]}},"_links":{"self":[{"href":"https:\/\/radioljubuski.ba\/index.php\/wp-json\/wp\/v2\/posts\/65142","targetHints":{"allow":["GET"]}}],"collection":[{"href":"https:\/\/radioljubuski.ba\/index.php\/wp-json\/wp\/v2\/posts"}],"about":[{"href":"https:\/\/radioljubuski.ba\/index.php\/wp-json\/wp\/v2\/types\/post"}],"author":[{"embeddable":true,"href":"https:\/\/radioljubuski.ba\/index.php\/wp-json\/wp\/v2\/users\/2"}],"replies":[{"embeddable":true,"href":"https:\/\/radioljubuski.ba\/index.php\/wp-json\/wp\/v2\/comments?post=65142"}],"version-history":[{"count":1,"href":"https:\/\/radioljubuski.ba\/index.php\/wp-json\/wp\/v2\/posts\/65142\/revisions"}],"predecessor-version":[{"id":65144,"href":"https:\/\/radioljubuski.ba\/index.php\/wp-json\/wp\/v2\/posts\/65142\/revisions\/65144"}],"wp:featuredmedia":[{"embeddable":true,"href":"https:\/\/radioljubuski.ba\/index.php\/wp-json\/wp\/v2\/media\/65143"}],"wp:attachment":[{"href":"https:\/\/radioljubuski.ba\/index.php\/wp-json\/wp\/v2\/media?parent=65142"}],"wp:term":[{"taxonomy":"category","embeddable":true,"href":"https:\/\/radioljubuski.ba\/index.php\/wp-json\/wp\/v2\/categories?post=65142"},{"taxonomy":"post_tag","embeddable":true,"href":"https:\/\/radioljubuski.ba\/index.php\/wp-json\/wp\/v2\/tags?post=65142"}],"curies":[{"name":"wp","href":"https:\/\/api.w.org\/{rel}","templated":true}]}}