{"id":65150,"date":"2021-09-18T15:11:57","date_gmt":"2021-09-18T14:11:57","guid":{"rendered":"https:\/\/radioljubuski.ba\/?p=65150"},"modified":"2021-09-18T15:11:57","modified_gmt":"2021-09-18T14:11:57","slug":"ivana-trlin-posljedice-covida-na-mentalno-zdravlje-tek-cemo-osjetiti","status":"publish","type":"post","link":"https:\/\/radioljubuski.ba\/index.php\/2021\/09\/18\/ivana-trlin-posljedice-covida-na-mentalno-zdravlje-tek-cemo-osjetiti\/","title":{"rendered":"Ivana Trlin: Posljedice covida na mentalno zdravlje tek \u0107emo osjetiti"},"content":{"rendered":"\n<p>Pandemija covida-19 znatno je utjecala na mentalno zdravlje ljudi, no njezine posljedice tek \u0107e se osjetiti, ocijenila je za Fenu Ivana Trlin, psihoterapeut i psiholog, naglasiv\u0161i kako su pandemijom najvi\u0161e pogo\u0111ena djeca koja su svu ovu situaciju najturbulentnije do\u017eivjela.<\/p>\n\n\n\n<p>Po njezinom mi\u0161ljenju, ovakva krizna stanja kod odraslih izazivaju strah, anksioznost, pani\u010dna i depresivna stanja i razne fobije, no smatra kako su ovom cijelom situacijom ipak, najvi\u0161e pogo\u0111ena djeca koja su sve ovo i najturbulentnije do\u017eivjela pa se kod njih dosta razvio opsesivno-kompulzivni poreme\u0107aj.<\/p>\n\n\n\n<p>&#8211; Imala sam nedavno jednog tinejd\u017eera koji nije dozvoljavao da ni\u0161ta \u0161to je dodirivalo neku povr\u0161inu u \u0161koli u\u0111e u ku\u0107u. On se ispred ku\u0107e morao u potpunosti presvu\u0107i, nije mogao u\u010diti ako sve nije dezinficirano. Stalno je razmi\u0161ljao o tome je li sve dovoljno \u010disto pa je od odli\u010dnog u\u010denika do\u0161ao do toga da su mu ocijene nedozvoljavaju\u0107e. Njegovo stanje jako je iscrpilo roditelje jer traje jako dugo, preko godinu dana &#8211; nagla\u0161ava Trlin.<\/p>\n\n\n\n<p>Navodi kako joj se javlja sve ve\u0107i broj ljudi koji su zbog cijele situacije zabrinuti za budu\u0107nost ili se \u017eale na egzistenciju, posao, samo\u0107u, ili su izgubili \u010dlana obitelji.<\/p>\n\n\n\n<p>Me\u0111utim, ono s \u010dime se najvi\u0161e suo\u010dava i bavi u svom profesionalnom radu su anksiozna stanja i anksiozni simptomi koji su se jako poja\u010dali u vrijeme pandemije te se boji da \u0107emo najgore posljedice po mentalno zdravlje osjetiti tek kad sve ovo zavr\u0161i. &nbsp;<\/p>\n\n\n\n<p>&#8211; Ljudi koji ranije nisu bili anksiozni, nisu imali napade panike, simptome depresije, sada se javljaju po prvi put. Ili su do\u017eivjeli okida\u010de tijekom ove pandemije pa razvili te simptome i stanja i bolesti, ili su ih imali i ranije, ali u nekoj znatno bla\u017eoj mjeri. Sada su oni do\u017eivjeli ekspanziju, poja\u010dali se. Neki su se ranije jednostavno mogli nositi s njima, a sada vi\u0161e ne mogu &#8211; ka\u017ee Trlin.<\/p>\n\n\n\n<p>Dodaje kako joj se javlja i puno ljudi koji su izgubili bli\u017eeg \u010dlana obitelji od posljedica koronavirusa, tako da, kako ka\u017ee, ima dosta i tog procesa tugovanja, odnosno \u017ealovanja.<\/p>\n\n\n\n<p>&#8211; Nama u traumatskoj psihologiji dobro je poznato da kad je traumatska, krizna ili stresa situacija u tijeku, tada ljudi funkcioniraju u &nbsp;pre\u017eivljava\u010dkom modu. Zna\u010di, upaljen je pre\u017eivljava\u010dki nagon i funkcija mozga i cjelokupnog organizma u tim je trenucima odr\u017eati nas na \u017eivotu. No, kad se ta krizna situacija zavr\u0161i na\u0161e tijelo po\u010dinje pro\u017eivljavati sve te simptome koje je do\u017eivjelo tijekom traume i zato \u010desto \u010dujemo da je PTSP reakcija poslije traume &#8211; obja\u0161njava Trlin.<\/p>\n\n\n\n<p>Smatra kako ljudi, da bi o\u010duvali svoje mentalno zdravlje u ovakvoj situaciji, imaju pravo da se osje\u0107aju kao \u017ertve, no da ne trebaju u to utonuti i prepustiti se tome, ve\u0107 i\u0107i dalje.<\/p>\n\n\n\n<p>&#8211; Mi smo prakti\u010dki u ulozi \u017ertve, ali nam je oduzeto to pravo jer nam se stalno govori da imamo sve i da nismo toliko zakinuti. Mislim da se ba\u0161 zbog toga i razvilo toliko teorija zavjere jer ljudi osje\u0107aju da su \u017ertve i da netko manipulira njima &#8211; ka\u017ee Trlin.<\/p>\n\n\n\n<p>Dotaknula se i &#8216;la\u017ene pozitivne psihologije&#8217;, koja nas bombardira sa svih strana, da moramo biti stalno nasmijani i pozitivni, \u0161to smatra, nije to\u010dno jer svaka emocija mora imati svoje mjesto i tuga, strah, sre\u0107a, ljutnja.<\/p>\n\n\n\n<p>Na kraju je zaklju\u010dila kako su gra\u0111ani BiH s jedne strane dosta otporniji od npr., Nijemaca i Danaca jer su pre\u017eivjeli rat i nisu navikli da ih nitko mazi i pazi, a s druge strane, za razliku od njih, \u017eive u nesre\u0111enoj dr\u017eavi pa im to dodano izaziva stres.<\/p>\n\n\n\n<p>Izvor:pogled.ba<\/p>\n","protected":false},"excerpt":{"rendered":"<p>Pandemija covida-19 znatno je utjecala na mentalno zdravlje ljudi, no njezine posljedice tek \u0107e se osjetiti, ocijenila je za Fenu Ivana Trlin, psihoterapeut i psiholog, naglasiv\u0161i kako su pandemijom najvi\u0161e pogo\u0111ena djeca koja su svu ovu situaciju najturbulentnije do\u017eivjela. Po njezinom mi\u0161ljenju, ovakva krizna stanja kod odraslih izazivaju strah, anksioznost, pani\u010dna i depresivna stanja i [&hellip;]<\/p>\n","protected":false},"author":2,"featured_media":65151,"comment_status":"closed","ping_status":"closed","sticky":false,"template":"","format":"standard","meta":{"h5ap_radio_sources":[],"footnotes":""},"categories":[1],"tags":[],"class_list":["post-65150","post","type-post","status-publish","format-standard","has-post-thumbnail","hentry","category-bihiregija"],"yoast_head":"<!-- This site is optimized with the Yoast SEO plugin v27.5 - https:\/\/yoast.com\/product\/yoast-seo-wordpress\/ -->\n<title>Ivana Trlin: Posljedice covida na mentalno zdravlje tek \u0107emo osjetiti - RADIO LJUBU\u0160KI<\/title>\n<meta name=\"robots\" content=\"index, follow, max-snippet:-1, max-image-preview:large, max-video-preview:-1\" \/>\n<link rel=\"canonical\" href=\"https:\/\/radioljubuski.ba\/index.php\/2021\/09\/18\/ivana-trlin-posljedice-covida-na-mentalno-zdravlje-tek-cemo-osjetiti\/\" \/>\n<meta property=\"og:locale\" content=\"hr_HR\" \/>\n<meta property=\"og:type\" content=\"article\" \/>\n<meta property=\"og:title\" content=\"Ivana Trlin: Posljedice covida na mentalno zdravlje tek \u0107emo osjetiti - RADIO LJUBU\u0160KI\" \/>\n<meta property=\"og:description\" content=\"Pandemija covida-19 znatno je utjecala na mentalno zdravlje ljudi, no njezine posljedice tek \u0107e se osjetiti, ocijenila je za Fenu Ivana Trlin, psihoterapeut i psiholog, naglasiv\u0161i kako su pandemijom najvi\u0161e pogo\u0111ena djeca koja su svu ovu situaciju najturbulentnije do\u017eivjela. Po njezinom mi\u0161ljenju, ovakva krizna stanja kod odraslih izazivaju strah, anksioznost, pani\u010dna i depresivna stanja i [&hellip;]\" \/>\n<meta property=\"og:url\" content=\"https:\/\/radioljubuski.ba\/index.php\/2021\/09\/18\/ivana-trlin-posljedice-covida-na-mentalno-zdravlje-tek-cemo-osjetiti\/\" \/>\n<meta property=\"og:site_name\" content=\"RADIO LJUBU\u0160KI\" \/>\n<meta property=\"article:publisher\" content=\"https:\/\/www.facebook.com\/Radiio-Ljubuski-1490835324566332\" \/>\n<meta property=\"article:published_time\" content=\"2021-09-18T14:11:57+00:00\" \/>\n<meta property=\"og:image\" content=\"https:\/\/radioljubuski.ba\/wp-content\/uploads\/2021\/09\/3-2021-09-18-10-19-02-210918_ivana_trlin.jpg\" \/>\n\t<meta property=\"og:image:width\" content=\"1000\" \/>\n\t<meta property=\"og:image:height\" content=\"625\" \/>\n\t<meta property=\"og:image:type\" content=\"image\/jpeg\" \/>\n<meta name=\"author\" content=\"Radio Ljubu\u0161ki\" \/>\n<meta name=\"twitter:card\" content=\"summary_large_image\" \/>\n<meta name=\"twitter:creator\" content=\"@radioljubuski\" \/>\n<meta name=\"twitter:site\" content=\"@radioljubuski\" \/>\n<meta name=\"twitter:label1\" content=\"Napisao\/la\" \/>\n\t<meta name=\"twitter:data1\" content=\"Radio Ljubu\u0161ki\" \/>\n\t<meta name=\"twitter:label2\" content=\"Procijenjeno vrijeme \u010ditanja\" \/>\n\t<meta name=\"twitter:data2\" content=\"3 minute\" \/>\n<script type=\"application\/ld+json\" class=\"yoast-schema-graph\">{\"@context\":\"https:\\\/\\\/schema.org\",\"@graph\":[{\"@type\":\"Article\",\"@id\":\"https:\\\/\\\/radioljubuski.ba\\\/index.php\\\/2021\\\/09\\\/18\\\/ivana-trlin-posljedice-covida-na-mentalno-zdravlje-tek-cemo-osjetiti\\\/#article\",\"isPartOf\":{\"@id\":\"https:\\\/\\\/radioljubuski.ba\\\/index.php\\\/2021\\\/09\\\/18\\\/ivana-trlin-posljedice-covida-na-mentalno-zdravlje-tek-cemo-osjetiti\\\/\"},\"author\":{\"name\":\"Radio Ljubu\u0161ki\",\"@id\":\"https:\\\/\\\/radioljubuski.ba\\\/#\\\/schema\\\/person\\\/19fc700381a780f69665d7956c469e3b\"},\"headline\":\"Ivana Trlin: Posljedice covida na mentalno zdravlje tek \u0107emo osjetiti\",\"datePublished\":\"2021-09-18T14:11:57+00:00\",\"mainEntityOfPage\":{\"@id\":\"https:\\\/\\\/radioljubuski.ba\\\/index.php\\\/2021\\\/09\\\/18\\\/ivana-trlin-posljedice-covida-na-mentalno-zdravlje-tek-cemo-osjetiti\\\/\"},\"wordCount\":654,\"publisher\":{\"@id\":\"https:\\\/\\\/radioljubuski.ba\\\/#organization\"},\"image\":{\"@id\":\"https:\\\/\\\/radioljubuski.ba\\\/index.php\\\/2021\\\/09\\\/18\\\/ivana-trlin-posljedice-covida-na-mentalno-zdravlje-tek-cemo-osjetiti\\\/#primaryimage\"},\"thumbnailUrl\":\"https:\\\/\\\/radioljubuski.ba\\\/wp-content\\\/uploads\\\/2021\\\/09\\\/3-2021-09-18-10-19-02-210918_ivana_trlin.jpg\",\"articleSection\":[\"BIH i regija\"],\"inLanguage\":\"hr\"},{\"@type\":\"WebPage\",\"@id\":\"https:\\\/\\\/radioljubuski.ba\\\/index.php\\\/2021\\\/09\\\/18\\\/ivana-trlin-posljedice-covida-na-mentalno-zdravlje-tek-cemo-osjetiti\\\/\",\"url\":\"https:\\\/\\\/radioljubuski.ba\\\/index.php\\\/2021\\\/09\\\/18\\\/ivana-trlin-posljedice-covida-na-mentalno-zdravlje-tek-cemo-osjetiti\\\/\",\"name\":\"Ivana Trlin: Posljedice covida na mentalno zdravlje tek \u0107emo osjetiti - RADIO LJUBU\u0160KI\",\"isPartOf\":{\"@id\":\"https:\\\/\\\/radioljubuski.ba\\\/#website\"},\"primaryImageOfPage\":{\"@id\":\"https:\\\/\\\/radioljubuski.ba\\\/index.php\\\/2021\\\/09\\\/18\\\/ivana-trlin-posljedice-covida-na-mentalno-zdravlje-tek-cemo-osjetiti\\\/#primaryimage\"},\"image\":{\"@id\":\"https:\\\/\\\/radioljubuski.ba\\\/index.php\\\/2021\\\/09\\\/18\\\/ivana-trlin-posljedice-covida-na-mentalno-zdravlje-tek-cemo-osjetiti\\\/#primaryimage\"},\"thumbnailUrl\":\"https:\\\/\\\/radioljubuski.ba\\\/wp-content\\\/uploads\\\/2021\\\/09\\\/3-2021-09-18-10-19-02-210918_ivana_trlin.jpg\",\"datePublished\":\"2021-09-18T14:11:57+00:00\",\"breadcrumb\":{\"@id\":\"https:\\\/\\\/radioljubuski.ba\\\/index.php\\\/2021\\\/09\\\/18\\\/ivana-trlin-posljedice-covida-na-mentalno-zdravlje-tek-cemo-osjetiti\\\/#breadcrumb\"},\"inLanguage\":\"hr\",\"potentialAction\":[{\"@type\":\"ReadAction\",\"target\":[\"https:\\\/\\\/radioljubuski.ba\\\/index.php\\\/2021\\\/09\\\/18\\\/ivana-trlin-posljedice-covida-na-mentalno-zdravlje-tek-cemo-osjetiti\\\/\"]}]},{\"@type\":\"ImageObject\",\"inLanguage\":\"hr\",\"@id\":\"https:\\\/\\\/radioljubuski.ba\\\/index.php\\\/2021\\\/09\\\/18\\\/ivana-trlin-posljedice-covida-na-mentalno-zdravlje-tek-cemo-osjetiti\\\/#primaryimage\",\"url\":\"https:\\\/\\\/radioljubuski.ba\\\/wp-content\\\/uploads\\\/2021\\\/09\\\/3-2021-09-18-10-19-02-210918_ivana_trlin.jpg\",\"contentUrl\":\"https:\\\/\\\/radioljubuski.ba\\\/wp-content\\\/uploads\\\/2021\\\/09\\\/3-2021-09-18-10-19-02-210918_ivana_trlin.jpg\",\"width\":1000,\"height\":625},{\"@type\":\"BreadcrumbList\",\"@id\":\"https:\\\/\\\/radioljubuski.ba\\\/index.php\\\/2021\\\/09\\\/18\\\/ivana-trlin-posljedice-covida-na-mentalno-zdravlje-tek-cemo-osjetiti\\\/#breadcrumb\",\"itemListElement\":[{\"@type\":\"ListItem\",\"position\":1,\"name\":\"Po\u010detna stranica\",\"item\":\"https:\\\/\\\/radioljubuski.ba\\\/\"},{\"@type\":\"ListItem\",\"position\":2,\"name\":\"Ivana Trlin: Posljedice covida na mentalno zdravlje tek \u0107emo osjetiti\"}]},{\"@type\":\"WebSite\",\"@id\":\"https:\\\/\\\/radioljubuski.ba\\\/#website\",\"url\":\"https:\\\/\\\/radioljubuski.ba\\\/\",\"name\":\"Radio Ljubu\u0161ki\",\"description\":\"Sun\u010dana frekvencija Hercegovine\",\"publisher\":{\"@id\":\"https:\\\/\\\/radioljubuski.ba\\\/#organization\"},\"potentialAction\":[{\"@type\":\"SearchAction\",\"target\":{\"@type\":\"EntryPoint\",\"urlTemplate\":\"https:\\\/\\\/radioljubuski.ba\\\/?s={search_term_string}\"},\"query-input\":{\"@type\":\"PropertyValueSpecification\",\"valueRequired\":true,\"valueName\":\"search_term_string\"}}],\"inLanguage\":\"hr\"},{\"@type\":\"Organization\",\"@id\":\"https:\\\/\\\/radioljubuski.ba\\\/#organization\",\"name\":\"Radio Ljubu\u0161ki\",\"url\":\"https:\\\/\\\/radioljubuski.ba\\\/\",\"logo\":{\"@type\":\"ImageObject\",\"inLanguage\":\"hr\",\"@id\":\"https:\\\/\\\/radioljubuski.ba\\\/#\\\/schema\\\/logo\\\/image\\\/\",\"url\":\"https:\\\/\\\/radioljubuski.ba\\\/wp-content\\\/uploads\\\/2021\\\/02\\\/cropped-Radio_Ljubuski_logo1.jpg\",\"contentUrl\":\"https:\\\/\\\/radioljubuski.ba\\\/wp-content\\\/uploads\\\/2021\\\/02\\\/cropped-Radio_Ljubuski_logo1.jpg\",\"width\":512,\"height\":512,\"caption\":\"Radio Ljubu\u0161ki\"},\"image\":{\"@id\":\"https:\\\/\\\/radioljubuski.ba\\\/#\\\/schema\\\/logo\\\/image\\\/\"},\"sameAs\":[\"https:\\\/\\\/www.facebook.com\\\/Radiio-Ljubuski-1490835324566332\",\"https:\\\/\\\/x.com\\\/radioljubuski\",\"https:\\\/\\\/hr.linkedin.com\\\/company\\\/radio-ljubuski\",\"https:\\\/\\\/www.youtube.com\\\/channel\\\/UCHYaeO_n0Db3tjNGudGpXyw\"]},{\"@type\":\"Person\",\"@id\":\"https:\\\/\\\/radioljubuski.ba\\\/#\\\/schema\\\/person\\\/19fc700381a780f69665d7956c469e3b\",\"name\":\"Radio Ljubu\u0161ki\"}]}<\/script>\n<!-- \/ Yoast SEO plugin. -->","yoast_head_json":{"title":"Ivana Trlin: Posljedice covida na mentalno zdravlje tek \u0107emo osjetiti - RADIO LJUBU\u0160KI","robots":{"index":"index","follow":"follow","max-snippet":"max-snippet:-1","max-image-preview":"max-image-preview:large","max-video-preview":"max-video-preview:-1"},"canonical":"https:\/\/radioljubuski.ba\/index.php\/2021\/09\/18\/ivana-trlin-posljedice-covida-na-mentalno-zdravlje-tek-cemo-osjetiti\/","og_locale":"hr_HR","og_type":"article","og_title":"Ivana Trlin: Posljedice covida na mentalno zdravlje tek \u0107emo osjetiti - RADIO LJUBU\u0160KI","og_description":"Pandemija covida-19 znatno je utjecala na mentalno zdravlje ljudi, no njezine posljedice tek \u0107e se osjetiti, ocijenila je za Fenu Ivana Trlin, psihoterapeut i psiholog, naglasiv\u0161i kako su pandemijom najvi\u0161e pogo\u0111ena djeca koja su svu ovu situaciju najturbulentnije do\u017eivjela. Po njezinom mi\u0161ljenju, ovakva krizna stanja kod odraslih izazivaju strah, anksioznost, pani\u010dna i depresivna stanja i [&hellip;]","og_url":"https:\/\/radioljubuski.ba\/index.php\/2021\/09\/18\/ivana-trlin-posljedice-covida-na-mentalno-zdravlje-tek-cemo-osjetiti\/","og_site_name":"RADIO LJUBU\u0160KI","article_publisher":"https:\/\/www.facebook.com\/Radiio-Ljubuski-1490835324566332","article_published_time":"2021-09-18T14:11:57+00:00","og_image":[{"width":1000,"height":625,"url":"https:\/\/radioljubuski.ba\/wp-content\/uploads\/2021\/09\/3-2021-09-18-10-19-02-210918_ivana_trlin.jpg","type":"image\/jpeg"}],"author":"Radio Ljubu\u0161ki","twitter_card":"summary_large_image","twitter_creator":"@radioljubuski","twitter_site":"@radioljubuski","twitter_misc":{"Napisao\/la":"Radio Ljubu\u0161ki","Procijenjeno vrijeme \u010ditanja":"3 minute"},"schema":{"@context":"https:\/\/schema.org","@graph":[{"@type":"Article","@id":"https:\/\/radioljubuski.ba\/index.php\/2021\/09\/18\/ivana-trlin-posljedice-covida-na-mentalno-zdravlje-tek-cemo-osjetiti\/#article","isPartOf":{"@id":"https:\/\/radioljubuski.ba\/index.php\/2021\/09\/18\/ivana-trlin-posljedice-covida-na-mentalno-zdravlje-tek-cemo-osjetiti\/"},"author":{"name":"Radio Ljubu\u0161ki","@id":"https:\/\/radioljubuski.ba\/#\/schema\/person\/19fc700381a780f69665d7956c469e3b"},"headline":"Ivana Trlin: Posljedice covida na mentalno zdravlje tek \u0107emo osjetiti","datePublished":"2021-09-18T14:11:57+00:00","mainEntityOfPage":{"@id":"https:\/\/radioljubuski.ba\/index.php\/2021\/09\/18\/ivana-trlin-posljedice-covida-na-mentalno-zdravlje-tek-cemo-osjetiti\/"},"wordCount":654,"publisher":{"@id":"https:\/\/radioljubuski.ba\/#organization"},"image":{"@id":"https:\/\/radioljubuski.ba\/index.php\/2021\/09\/18\/ivana-trlin-posljedice-covida-na-mentalno-zdravlje-tek-cemo-osjetiti\/#primaryimage"},"thumbnailUrl":"https:\/\/radioljubuski.ba\/wp-content\/uploads\/2021\/09\/3-2021-09-18-10-19-02-210918_ivana_trlin.jpg","articleSection":["BIH i regija"],"inLanguage":"hr"},{"@type":"WebPage","@id":"https:\/\/radioljubuski.ba\/index.php\/2021\/09\/18\/ivana-trlin-posljedice-covida-na-mentalno-zdravlje-tek-cemo-osjetiti\/","url":"https:\/\/radioljubuski.ba\/index.php\/2021\/09\/18\/ivana-trlin-posljedice-covida-na-mentalno-zdravlje-tek-cemo-osjetiti\/","name":"Ivana Trlin: Posljedice covida na mentalno zdravlje tek \u0107emo osjetiti - RADIO LJUBU\u0160KI","isPartOf":{"@id":"https:\/\/radioljubuski.ba\/#website"},"primaryImageOfPage":{"@id":"https:\/\/radioljubuski.ba\/index.php\/2021\/09\/18\/ivana-trlin-posljedice-covida-na-mentalno-zdravlje-tek-cemo-osjetiti\/#primaryimage"},"image":{"@id":"https:\/\/radioljubuski.ba\/index.php\/2021\/09\/18\/ivana-trlin-posljedice-covida-na-mentalno-zdravlje-tek-cemo-osjetiti\/#primaryimage"},"thumbnailUrl":"https:\/\/radioljubuski.ba\/wp-content\/uploads\/2021\/09\/3-2021-09-18-10-19-02-210918_ivana_trlin.jpg","datePublished":"2021-09-18T14:11:57+00:00","breadcrumb":{"@id":"https:\/\/radioljubuski.ba\/index.php\/2021\/09\/18\/ivana-trlin-posljedice-covida-na-mentalno-zdravlje-tek-cemo-osjetiti\/#breadcrumb"},"inLanguage":"hr","potentialAction":[{"@type":"ReadAction","target":["https:\/\/radioljubuski.ba\/index.php\/2021\/09\/18\/ivana-trlin-posljedice-covida-na-mentalno-zdravlje-tek-cemo-osjetiti\/"]}]},{"@type":"ImageObject","inLanguage":"hr","@id":"https:\/\/radioljubuski.ba\/index.php\/2021\/09\/18\/ivana-trlin-posljedice-covida-na-mentalno-zdravlje-tek-cemo-osjetiti\/#primaryimage","url":"https:\/\/radioljubuski.ba\/wp-content\/uploads\/2021\/09\/3-2021-09-18-10-19-02-210918_ivana_trlin.jpg","contentUrl":"https:\/\/radioljubuski.ba\/wp-content\/uploads\/2021\/09\/3-2021-09-18-10-19-02-210918_ivana_trlin.jpg","width":1000,"height":625},{"@type":"BreadcrumbList","@id":"https:\/\/radioljubuski.ba\/index.php\/2021\/09\/18\/ivana-trlin-posljedice-covida-na-mentalno-zdravlje-tek-cemo-osjetiti\/#breadcrumb","itemListElement":[{"@type":"ListItem","position":1,"name":"Po\u010detna stranica","item":"https:\/\/radioljubuski.ba\/"},{"@type":"ListItem","position":2,"name":"Ivana Trlin: Posljedice covida na mentalno zdravlje tek \u0107emo osjetiti"}]},{"@type":"WebSite","@id":"https:\/\/radioljubuski.ba\/#website","url":"https:\/\/radioljubuski.ba\/","name":"Radio Ljubu\u0161ki","description":"Sun\u010dana frekvencija Hercegovine","publisher":{"@id":"https:\/\/radioljubuski.ba\/#organization"},"potentialAction":[{"@type":"SearchAction","target":{"@type":"EntryPoint","urlTemplate":"https:\/\/radioljubuski.ba\/?s={search_term_string}"},"query-input":{"@type":"PropertyValueSpecification","valueRequired":true,"valueName":"search_term_string"}}],"inLanguage":"hr"},{"@type":"Organization","@id":"https:\/\/radioljubuski.ba\/#organization","name":"Radio Ljubu\u0161ki","url":"https:\/\/radioljubuski.ba\/","logo":{"@type":"ImageObject","inLanguage":"hr","@id":"https:\/\/radioljubuski.ba\/#\/schema\/logo\/image\/","url":"https:\/\/radioljubuski.ba\/wp-content\/uploads\/2021\/02\/cropped-Radio_Ljubuski_logo1.jpg","contentUrl":"https:\/\/radioljubuski.ba\/wp-content\/uploads\/2021\/02\/cropped-Radio_Ljubuski_logo1.jpg","width":512,"height":512,"caption":"Radio Ljubu\u0161ki"},"image":{"@id":"https:\/\/radioljubuski.ba\/#\/schema\/logo\/image\/"},"sameAs":["https:\/\/www.facebook.com\/Radiio-Ljubuski-1490835324566332","https:\/\/x.com\/radioljubuski","https:\/\/hr.linkedin.com\/company\/radio-ljubuski","https:\/\/www.youtube.com\/channel\/UCHYaeO_n0Db3tjNGudGpXyw"]},{"@type":"Person","@id":"https:\/\/radioljubuski.ba\/#\/schema\/person\/19fc700381a780f69665d7956c469e3b","name":"Radio Ljubu\u0161ki"}]}},"_links":{"self":[{"href":"https:\/\/radioljubuski.ba\/index.php\/wp-json\/wp\/v2\/posts\/65150","targetHints":{"allow":["GET"]}}],"collection":[{"href":"https:\/\/radioljubuski.ba\/index.php\/wp-json\/wp\/v2\/posts"}],"about":[{"href":"https:\/\/radioljubuski.ba\/index.php\/wp-json\/wp\/v2\/types\/post"}],"author":[{"embeddable":true,"href":"https:\/\/radioljubuski.ba\/index.php\/wp-json\/wp\/v2\/users\/2"}],"replies":[{"embeddable":true,"href":"https:\/\/radioljubuski.ba\/index.php\/wp-json\/wp\/v2\/comments?post=65150"}],"version-history":[{"count":1,"href":"https:\/\/radioljubuski.ba\/index.php\/wp-json\/wp\/v2\/posts\/65150\/revisions"}],"predecessor-version":[{"id":65152,"href":"https:\/\/radioljubuski.ba\/index.php\/wp-json\/wp\/v2\/posts\/65150\/revisions\/65152"}],"wp:featuredmedia":[{"embeddable":true,"href":"https:\/\/radioljubuski.ba\/index.php\/wp-json\/wp\/v2\/media\/65151"}],"wp:attachment":[{"href":"https:\/\/radioljubuski.ba\/index.php\/wp-json\/wp\/v2\/media?parent=65150"}],"wp:term":[{"taxonomy":"category","embeddable":true,"href":"https:\/\/radioljubuski.ba\/index.php\/wp-json\/wp\/v2\/categories?post=65150"},{"taxonomy":"post_tag","embeddable":true,"href":"https:\/\/radioljubuski.ba\/index.php\/wp-json\/wp\/v2\/tags?post=65150"}],"curies":[{"name":"wp","href":"https:\/\/api.w.org\/{rel}","templated":true}]}}