{"id":65153,"date":"2021-09-18T15:14:13","date_gmt":"2021-09-18T14:14:13","guid":{"rendered":"https:\/\/radioljubuski.ba\/?p=65153"},"modified":"2021-09-18T15:14:14","modified_gmt":"2021-09-18T14:14:14","slug":"miro-kovac-hrvati-trebaju-birati-svoje-predstavnike","status":"publish","type":"post","link":"https:\/\/radioljubuski.ba\/index.php\/2021\/09\/18\/miro-kovac-hrvati-trebaju-birati-svoje-predstavnike\/","title":{"rendered":"Miro Kova\u010d: Hrvati trebaju birati svoje predstavnike"},"content":{"rendered":"\n<p>Miro Kova\u010d, biv\u0161i ministar vanjskih poslova Hrvatske, rekao je za N1 kako &#8220;Hrvati trebaju birati svoje predstavnike&#8221;, komentiraju\u0107i izmjene Izbornog zakona, te da \u0107e nakon toga &#8220;svima biti lak\u0161e&#8221;.<\/p>\n\n\n\n<p>Na po\u010detku intervjua za N1, Kova\u010d je komentariao stanje s koronavirusom te istakao kako se nada da \u0107emo svi biti u \u201czelenom\u201d na prolje\u0107e idu\u0107e godine te istakao va\u017enost kampanje za cijepljene protiv koronavirusa.<\/p>\n\n\n\n<p>Govore\u0107i o tome da li &nbsp;kazne za necijepljene mogu uroditi plodom, istakao je kako vlasti moraju \u010diniti sve da ljude poku\u0161aju uvjeriti da ima smisla cijepiti se.<\/p>\n\n\n\n<p>\u201cKod nas je kampanja \u2018Misli i na druge\u2019, \u0161to zna\u010di ako \u0161titi\u0161 sebe, tako \u0161titi\u0161 i druge. Koliko je mogu\u0107e nametnuti neke stvari je upitno. Na razini vlade u Njema\u010dkoj je na primjer sada odlu\u010deno da smiju pitati zaposlenike jesu li cijepljeni. U Francuskoj i Italiji je stro\u017ei re\u017eim koji \u0107e na kraju biti uspje\u0161niji, mi to ne znamo, ali znamo da moramo \u010diniti sve da bi se \u0161to vi\u0161e ljudi cijepilo. Osobno sam uvjeren da \u0107emo idu\u0107e godine biti svi u \u2018zelenom\u2018\u201d, istakao je.<\/p>\n\n\n\n<p>O odnosima izme\u0111u BiH i Hrvatske<br>Govorio je za N1 i o tome kako vidi odnose Bosne i Hrvatske te rekao kako on vidi da su \u201codnosi vrlo pozitivni\u201d.<\/p>\n\n\n\n<p>\u201cNema velikih problema, ima nekoliko stru\u010dnih problema, ali uvijek problema ima, uvijek \u0107e ih biti. Postoje problemi izme\u0111u dvaju susjeda uvijek, ali pitanje je kako tome pristupate \u2013 nagla\u0161avate li \u0161to je problemati\u010dno ili ono \u0161to je pozitivno. Ja sam za pozitivu. Ima puno dobrih projekata i uvjeren sam da mo\u017eemo tijesno sura\u0111ivati. Mi smo jako povezani na planu gospodarstva, turizma, i mi smo jedni u druge upu\u0107eni\u201c, rekao je Kova\u010d za N1.<\/p>\n\n\n\n<p>\u201cStvaraju se neki problemi, nagla\u0161avaju, i od stvari koje su stru\u010dnog karaktera poku\u0161ava se raditi veliki politi\u010dki problem. Ja sam predlo\u017eio zajedni\u010dku sjednicu vlade kad sam bio ministar. Ja sam za takav pristup\u201c, dodao je.<\/p>\n\n\n\n<p>\u201cOdnos Hrvatske prema BiH prijateljski, sto posto\u201d<br>Upitan da prokomentira zapaljive i uvredljive izjave od predsjednika Hrvatske, po\u010dev\u0161i od biv\u0161e predsjednice Kolinde Grabar Kitarovi\u0107 te njene izjave kako je \u201cBiH leglo ekstremizma\u201d, a zatim i jednu od sada\u0161njeg predsjednika Zorana Milanovi\u0107a kada je kazao \u201cprvo sapun pa onda parfem\u201d\u2026 Kova\u010d je rekao kako on mo\u017ee re\u0107i da je \u201codnos Hrvatske prema BiH prijateljski, sto posto\u201d.<\/p>\n\n\n\n<p>\u201cAko pitate bilo koga u Hrvatskoj da li podr\u017eava put BiH ka Europskoj uniji, svi \u0107e vam re\u0107i apsolutno da. Hrvatska ima obavezu gledati o Izbornom zakonu u BiH i tu se ne treba ljutiti. Hrvatska ima obavezu to \u010diniti. Pitanje je jesmo li relaksirani, pozitivni i spremni graditi povjerenje\u201c, komentirao &nbsp;je Kova\u010d.<\/p>\n\n\n\n<p>\u201cIdemo govoriti o projektima za budu\u0107nost, o mostu Svilaj, o tome da \u0107e BiH napraviti taj Koridor 5c, da \u0107ete mo\u0107i putovati od Dubrovnika preko Pelje\u0161kog mosta, Sarajeva i dalje. Samo se gledaju problemi. Oni se napumpavaju i onda u javnom prostoru se tuma\u010di a nema pravog dugoro\u010dnog pogleda kada je rije\u010d o budu\u0107nosti\u201c, dodao je.<\/p>\n\n\n\n<p>Stav Hrvatske o Izbornom zakonu BiH<br>Za N1 je komentirao i koje je stajali\u0161te Hrvatske spram izmjena Izbornog zakona BiH.<\/p>\n\n\n\n<p>\u201cNeovisno od obojenosti vlasti ili \u010delnika mi imamo konsenzus kad je rije\u010d o BiH o tim stvarima. Stav hrvatske je legalisti\u010dki. Hrvatska je potpisala Dejtonski sporazum i treba se provoditi Ustav. Ustav ka\u017ee da postoji Ustavni sud \u010dije su odluke obavezuju\u0107e. Ustavni sud donio je odluku da treba promijeniti Ustavni zakon. Nema tu puno prostora za pametovanje. Ja sam uvjeren da kada se rije\u0161i pitanje Izbornog zakona, odnosno pitanje Bo\u0161njaka i Hrvata, da \u0107e nakon toga biti relaksirano. Mostar je bio godinama problem, sada je rije\u0161en. Ako je mogao biti rije\u0161en Mostar, mo\u017ee se rije\u0161iti Izborni zakon da Hrvati osje\u0107aju komfor u Federaciji i cijeloj BiH\u201c, naglasio je Kova\u010d.<\/p>\n\n\n\n<p>Dodao je i kako je bitno stvoriti povjerenje.<\/p>\n\n\n\n<p>\u201cTreba psiholo\u0161ki do\u0107i do toga da ako se nas dvoje dogovorimo, da onda nakon toga nemamo osje\u0107aj da ste prevarili mi vas ili vi nas, odnosno da se osje\u0107ate vi kao pobjednik a ja kao gubitnik\u201c, dodao je.<\/p>\n\n\n\n<p>\u201cSchmidt \u0107e pomo\u0107i BiH\u201d<br>O ulozi me\u0111unarodne zajednice u razgovorima u vezi s Izbornim zakonom, Kova\u010d je kazao kako u BiH \u201cmo\u017eemo biti zadovoljni kada je rije\u010d o Christianu Schmidtu, novom predstavniku me\u0111unarodne zajednice u BiH\u201d.<\/p>\n\n\n\n<p>\u201cDobili ste \u010dovjeka koji je predan, koji se postavlja nestrana\u010dki, ne\u0107e biti ni za jedne, ni za druge, ni za tre\u0107e. U to sam uvjeren. Schmidt \u0107e pomo\u0107i BiH, ali problem \u0107e morati rije\u0161iti doma\u0107i akteri\u201d, komentirao je.<\/p>\n\n\n\n<p>\u201cU BiH mo\u017eemo satima razgovarati o tome tko je kriv, tko nije kriv\u2026 Ne. Treba re\u0107i postoji Izborni zakon i idemo omogu\u0107iti da se svi u BiH osje\u0107aju komforno, da Hrvati biraju svoje predstavnike i nakon toga \u0107e nam biti svima lak\u0161e\u201c, naglasio je Kova\u010d.<\/p>\n\n\n\n<p>Dodao je i da kad se rije\u0161i Izborni zakon, mo\u0107i \u0107e se razgovarati o budu\u0107nosti.<\/p>\n\n\n\n<p>Izvor:N1<\/p>\n","protected":false},"excerpt":{"rendered":"<p>Miro Kova\u010d, biv\u0161i ministar vanjskih poslova Hrvatske, rekao je za N1 kako &#8220;Hrvati trebaju birati svoje predstavnike&#8221;, komentiraju\u0107i izmjene Izbornog zakona, te da \u0107e nakon toga &#8220;svima biti lak\u0161e&#8221;. Na po\u010detku intervjua za N1, Kova\u010d je komentariao stanje s koronavirusom te istakao kako se nada da \u0107emo svi biti u \u201czelenom\u201d na prolje\u0107e idu\u0107e godine [&hellip;]<\/p>\n","protected":false},"author":2,"featured_media":65154,"comment_status":"closed","ping_status":"closed","sticky":false,"template":"","format":"standard","meta":{"h5ap_radio_sources":[],"footnotes":""},"categories":[1],"tags":[],"class_list":["post-65153","post","type-post","status-publish","format-standard","has-post-thumbnail","hentry","category-bihiregija"],"yoast_head":"<!-- This site is optimized with the Yoast SEO plugin v27.5 - https:\/\/yoast.com\/product\/yoast-seo-wordpress\/ -->\n<title>Miro Kova\u010d: Hrvati trebaju birati svoje predstavnike - RADIO LJUBU\u0160KI<\/title>\n<meta name=\"robots\" content=\"index, follow, max-snippet:-1, max-image-preview:large, max-video-preview:-1\" \/>\n<link rel=\"canonical\" href=\"https:\/\/radioljubuski.ba\/index.php\/2021\/09\/18\/miro-kovac-hrvati-trebaju-birati-svoje-predstavnike\/\" \/>\n<meta property=\"og:locale\" content=\"hr_HR\" \/>\n<meta property=\"og:type\" content=\"article\" \/>\n<meta property=\"og:title\" content=\"Miro Kova\u010d: Hrvati trebaju birati svoje predstavnike - RADIO LJUBU\u0160KI\" \/>\n<meta property=\"og:description\" content=\"Miro Kova\u010d, biv\u0161i ministar vanjskih poslova Hrvatske, rekao je za N1 kako &#8220;Hrvati trebaju birati svoje predstavnike&#8221;, komentiraju\u0107i izmjene Izbornog zakona, te da \u0107e nakon toga &#8220;svima biti lak\u0161e&#8221;. Na po\u010detku intervjua za N1, Kova\u010d je komentariao stanje s koronavirusom te istakao kako se nada da \u0107emo svi biti u \u201czelenom\u201d na prolje\u0107e idu\u0107e godine [&hellip;]\" \/>\n<meta property=\"og:url\" content=\"https:\/\/radioljubuski.ba\/index.php\/2021\/09\/18\/miro-kovac-hrvati-trebaju-birati-svoje-predstavnike\/\" \/>\n<meta property=\"og:site_name\" content=\"RADIO LJUBU\u0160KI\" \/>\n<meta property=\"article:publisher\" content=\"https:\/\/www.facebook.com\/Radiio-Ljubuski-1490835324566332\" \/>\n<meta property=\"article:published_time\" content=\"2021-09-18T14:14:13+00:00\" \/>\n<meta property=\"article:modified_time\" content=\"2021-09-18T14:14:14+00:00\" \/>\n<meta property=\"og:image\" content=\"https:\/\/radioljubuski.ba\/wp-content\/uploads\/2021\/09\/3-2021-09-18-11-05-54-1631950311-kovac1-750x451-1.jpg\" \/>\n\t<meta property=\"og:image:width\" content=\"1000\" \/>\n\t<meta property=\"og:image:height\" content=\"625\" \/>\n\t<meta property=\"og:image:type\" content=\"image\/jpeg\" \/>\n<meta name=\"author\" content=\"Radio Ljubu\u0161ki\" \/>\n<meta name=\"twitter:card\" content=\"summary_large_image\" \/>\n<meta name=\"twitter:creator\" content=\"@radioljubuski\" \/>\n<meta name=\"twitter:site\" content=\"@radioljubuski\" \/>\n<meta name=\"twitter:label1\" content=\"Napisao\/la\" \/>\n\t<meta name=\"twitter:data1\" content=\"Radio Ljubu\u0161ki\" \/>\n\t<meta name=\"twitter:label2\" content=\"Procijenjeno vrijeme \u010ditanja\" \/>\n\t<meta name=\"twitter:data2\" content=\"4 minute\" \/>\n<script type=\"application\/ld+json\" class=\"yoast-schema-graph\">{\"@context\":\"https:\\\/\\\/schema.org\",\"@graph\":[{\"@type\":\"Article\",\"@id\":\"https:\\\/\\\/radioljubuski.ba\\\/index.php\\\/2021\\\/09\\\/18\\\/miro-kovac-hrvati-trebaju-birati-svoje-predstavnike\\\/#article\",\"isPartOf\":{\"@id\":\"https:\\\/\\\/radioljubuski.ba\\\/index.php\\\/2021\\\/09\\\/18\\\/miro-kovac-hrvati-trebaju-birati-svoje-predstavnike\\\/\"},\"author\":{\"name\":\"Radio Ljubu\u0161ki\",\"@id\":\"https:\\\/\\\/radioljubuski.ba\\\/#\\\/schema\\\/person\\\/19fc700381a780f69665d7956c469e3b\"},\"headline\":\"Miro Kova\u010d: Hrvati trebaju birati svoje predstavnike\",\"datePublished\":\"2021-09-18T14:14:13+00:00\",\"dateModified\":\"2021-09-18T14:14:14+00:00\",\"mainEntityOfPage\":{\"@id\":\"https:\\\/\\\/radioljubuski.ba\\\/index.php\\\/2021\\\/09\\\/18\\\/miro-kovac-hrvati-trebaju-birati-svoje-predstavnike\\\/\"},\"wordCount\":883,\"publisher\":{\"@id\":\"https:\\\/\\\/radioljubuski.ba\\\/#organization\"},\"image\":{\"@id\":\"https:\\\/\\\/radioljubuski.ba\\\/index.php\\\/2021\\\/09\\\/18\\\/miro-kovac-hrvati-trebaju-birati-svoje-predstavnike\\\/#primaryimage\"},\"thumbnailUrl\":\"https:\\\/\\\/radioljubuski.ba\\\/wp-content\\\/uploads\\\/2021\\\/09\\\/3-2021-09-18-11-05-54-1631950311-kovac1-750x451-1.jpg\",\"articleSection\":[\"BIH i regija\"],\"inLanguage\":\"hr\"},{\"@type\":\"WebPage\",\"@id\":\"https:\\\/\\\/radioljubuski.ba\\\/index.php\\\/2021\\\/09\\\/18\\\/miro-kovac-hrvati-trebaju-birati-svoje-predstavnike\\\/\",\"url\":\"https:\\\/\\\/radioljubuski.ba\\\/index.php\\\/2021\\\/09\\\/18\\\/miro-kovac-hrvati-trebaju-birati-svoje-predstavnike\\\/\",\"name\":\"Miro Kova\u010d: Hrvati trebaju birati svoje predstavnike - RADIO LJUBU\u0160KI\",\"isPartOf\":{\"@id\":\"https:\\\/\\\/radioljubuski.ba\\\/#website\"},\"primaryImageOfPage\":{\"@id\":\"https:\\\/\\\/radioljubuski.ba\\\/index.php\\\/2021\\\/09\\\/18\\\/miro-kovac-hrvati-trebaju-birati-svoje-predstavnike\\\/#primaryimage\"},\"image\":{\"@id\":\"https:\\\/\\\/radioljubuski.ba\\\/index.php\\\/2021\\\/09\\\/18\\\/miro-kovac-hrvati-trebaju-birati-svoje-predstavnike\\\/#primaryimage\"},\"thumbnailUrl\":\"https:\\\/\\\/radioljubuski.ba\\\/wp-content\\\/uploads\\\/2021\\\/09\\\/3-2021-09-18-11-05-54-1631950311-kovac1-750x451-1.jpg\",\"datePublished\":\"2021-09-18T14:14:13+00:00\",\"dateModified\":\"2021-09-18T14:14:14+00:00\",\"breadcrumb\":{\"@id\":\"https:\\\/\\\/radioljubuski.ba\\\/index.php\\\/2021\\\/09\\\/18\\\/miro-kovac-hrvati-trebaju-birati-svoje-predstavnike\\\/#breadcrumb\"},\"inLanguage\":\"hr\",\"potentialAction\":[{\"@type\":\"ReadAction\",\"target\":[\"https:\\\/\\\/radioljubuski.ba\\\/index.php\\\/2021\\\/09\\\/18\\\/miro-kovac-hrvati-trebaju-birati-svoje-predstavnike\\\/\"]}]},{\"@type\":\"ImageObject\",\"inLanguage\":\"hr\",\"@id\":\"https:\\\/\\\/radioljubuski.ba\\\/index.php\\\/2021\\\/09\\\/18\\\/miro-kovac-hrvati-trebaju-birati-svoje-predstavnike\\\/#primaryimage\",\"url\":\"https:\\\/\\\/radioljubuski.ba\\\/wp-content\\\/uploads\\\/2021\\\/09\\\/3-2021-09-18-11-05-54-1631950311-kovac1-750x451-1.jpg\",\"contentUrl\":\"https:\\\/\\\/radioljubuski.ba\\\/wp-content\\\/uploads\\\/2021\\\/09\\\/3-2021-09-18-11-05-54-1631950311-kovac1-750x451-1.jpg\",\"width\":1000,\"height\":625},{\"@type\":\"BreadcrumbList\",\"@id\":\"https:\\\/\\\/radioljubuski.ba\\\/index.php\\\/2021\\\/09\\\/18\\\/miro-kovac-hrvati-trebaju-birati-svoje-predstavnike\\\/#breadcrumb\",\"itemListElement\":[{\"@type\":\"ListItem\",\"position\":1,\"name\":\"Po\u010detna stranica\",\"item\":\"https:\\\/\\\/radioljubuski.ba\\\/\"},{\"@type\":\"ListItem\",\"position\":2,\"name\":\"Miro Kova\u010d: Hrvati trebaju birati svoje predstavnike\"}]},{\"@type\":\"WebSite\",\"@id\":\"https:\\\/\\\/radioljubuski.ba\\\/#website\",\"url\":\"https:\\\/\\\/radioljubuski.ba\\\/\",\"name\":\"Radio Ljubu\u0161ki\",\"description\":\"Sun\u010dana frekvencija Hercegovine\",\"publisher\":{\"@id\":\"https:\\\/\\\/radioljubuski.ba\\\/#organization\"},\"potentialAction\":[{\"@type\":\"SearchAction\",\"target\":{\"@type\":\"EntryPoint\",\"urlTemplate\":\"https:\\\/\\\/radioljubuski.ba\\\/?s={search_term_string}\"},\"query-input\":{\"@type\":\"PropertyValueSpecification\",\"valueRequired\":true,\"valueName\":\"search_term_string\"}}],\"inLanguage\":\"hr\"},{\"@type\":\"Organization\",\"@id\":\"https:\\\/\\\/radioljubuski.ba\\\/#organization\",\"name\":\"Radio Ljubu\u0161ki\",\"url\":\"https:\\\/\\\/radioljubuski.ba\\\/\",\"logo\":{\"@type\":\"ImageObject\",\"inLanguage\":\"hr\",\"@id\":\"https:\\\/\\\/radioljubuski.ba\\\/#\\\/schema\\\/logo\\\/image\\\/\",\"url\":\"https:\\\/\\\/radioljubuski.ba\\\/wp-content\\\/uploads\\\/2021\\\/02\\\/cropped-Radio_Ljubuski_logo1.jpg\",\"contentUrl\":\"https:\\\/\\\/radioljubuski.ba\\\/wp-content\\\/uploads\\\/2021\\\/02\\\/cropped-Radio_Ljubuski_logo1.jpg\",\"width\":512,\"height\":512,\"caption\":\"Radio Ljubu\u0161ki\"},\"image\":{\"@id\":\"https:\\\/\\\/radioljubuski.ba\\\/#\\\/schema\\\/logo\\\/image\\\/\"},\"sameAs\":[\"https:\\\/\\\/www.facebook.com\\\/Radiio-Ljubuski-1490835324566332\",\"https:\\\/\\\/x.com\\\/radioljubuski\",\"https:\\\/\\\/hr.linkedin.com\\\/company\\\/radio-ljubuski\",\"https:\\\/\\\/www.youtube.com\\\/channel\\\/UCHYaeO_n0Db3tjNGudGpXyw\"]},{\"@type\":\"Person\",\"@id\":\"https:\\\/\\\/radioljubuski.ba\\\/#\\\/schema\\\/person\\\/19fc700381a780f69665d7956c469e3b\",\"name\":\"Radio Ljubu\u0161ki\"}]}<\/script>\n<!-- \/ Yoast SEO plugin. -->","yoast_head_json":{"title":"Miro Kova\u010d: Hrvati trebaju birati svoje predstavnike - RADIO LJUBU\u0160KI","robots":{"index":"index","follow":"follow","max-snippet":"max-snippet:-1","max-image-preview":"max-image-preview:large","max-video-preview":"max-video-preview:-1"},"canonical":"https:\/\/radioljubuski.ba\/index.php\/2021\/09\/18\/miro-kovac-hrvati-trebaju-birati-svoje-predstavnike\/","og_locale":"hr_HR","og_type":"article","og_title":"Miro Kova\u010d: Hrvati trebaju birati svoje predstavnike - RADIO LJUBU\u0160KI","og_description":"Miro Kova\u010d, biv\u0161i ministar vanjskih poslova Hrvatske, rekao je za N1 kako &#8220;Hrvati trebaju birati svoje predstavnike&#8221;, komentiraju\u0107i izmjene Izbornog zakona, te da \u0107e nakon toga &#8220;svima biti lak\u0161e&#8221;. Na po\u010detku intervjua za N1, Kova\u010d je komentariao stanje s koronavirusom te istakao kako se nada da \u0107emo svi biti u \u201czelenom\u201d na prolje\u0107e idu\u0107e godine [&hellip;]","og_url":"https:\/\/radioljubuski.ba\/index.php\/2021\/09\/18\/miro-kovac-hrvati-trebaju-birati-svoje-predstavnike\/","og_site_name":"RADIO LJUBU\u0160KI","article_publisher":"https:\/\/www.facebook.com\/Radiio-Ljubuski-1490835324566332","article_published_time":"2021-09-18T14:14:13+00:00","article_modified_time":"2021-09-18T14:14:14+00:00","og_image":[{"width":1000,"height":625,"url":"https:\/\/radioljubuski.ba\/wp-content\/uploads\/2021\/09\/3-2021-09-18-11-05-54-1631950311-kovac1-750x451-1.jpg","type":"image\/jpeg"}],"author":"Radio Ljubu\u0161ki","twitter_card":"summary_large_image","twitter_creator":"@radioljubuski","twitter_site":"@radioljubuski","twitter_misc":{"Napisao\/la":"Radio Ljubu\u0161ki","Procijenjeno vrijeme \u010ditanja":"4 minute"},"schema":{"@context":"https:\/\/schema.org","@graph":[{"@type":"Article","@id":"https:\/\/radioljubuski.ba\/index.php\/2021\/09\/18\/miro-kovac-hrvati-trebaju-birati-svoje-predstavnike\/#article","isPartOf":{"@id":"https:\/\/radioljubuski.ba\/index.php\/2021\/09\/18\/miro-kovac-hrvati-trebaju-birati-svoje-predstavnike\/"},"author":{"name":"Radio Ljubu\u0161ki","@id":"https:\/\/radioljubuski.ba\/#\/schema\/person\/19fc700381a780f69665d7956c469e3b"},"headline":"Miro Kova\u010d: Hrvati trebaju birati svoje predstavnike","datePublished":"2021-09-18T14:14:13+00:00","dateModified":"2021-09-18T14:14:14+00:00","mainEntityOfPage":{"@id":"https:\/\/radioljubuski.ba\/index.php\/2021\/09\/18\/miro-kovac-hrvati-trebaju-birati-svoje-predstavnike\/"},"wordCount":883,"publisher":{"@id":"https:\/\/radioljubuski.ba\/#organization"},"image":{"@id":"https:\/\/radioljubuski.ba\/index.php\/2021\/09\/18\/miro-kovac-hrvati-trebaju-birati-svoje-predstavnike\/#primaryimage"},"thumbnailUrl":"https:\/\/radioljubuski.ba\/wp-content\/uploads\/2021\/09\/3-2021-09-18-11-05-54-1631950311-kovac1-750x451-1.jpg","articleSection":["BIH i regija"],"inLanguage":"hr"},{"@type":"WebPage","@id":"https:\/\/radioljubuski.ba\/index.php\/2021\/09\/18\/miro-kovac-hrvati-trebaju-birati-svoje-predstavnike\/","url":"https:\/\/radioljubuski.ba\/index.php\/2021\/09\/18\/miro-kovac-hrvati-trebaju-birati-svoje-predstavnike\/","name":"Miro Kova\u010d: Hrvati trebaju birati svoje predstavnike - RADIO LJUBU\u0160KI","isPartOf":{"@id":"https:\/\/radioljubuski.ba\/#website"},"primaryImageOfPage":{"@id":"https:\/\/radioljubuski.ba\/index.php\/2021\/09\/18\/miro-kovac-hrvati-trebaju-birati-svoje-predstavnike\/#primaryimage"},"image":{"@id":"https:\/\/radioljubuski.ba\/index.php\/2021\/09\/18\/miro-kovac-hrvati-trebaju-birati-svoje-predstavnike\/#primaryimage"},"thumbnailUrl":"https:\/\/radioljubuski.ba\/wp-content\/uploads\/2021\/09\/3-2021-09-18-11-05-54-1631950311-kovac1-750x451-1.jpg","datePublished":"2021-09-18T14:14:13+00:00","dateModified":"2021-09-18T14:14:14+00:00","breadcrumb":{"@id":"https:\/\/radioljubuski.ba\/index.php\/2021\/09\/18\/miro-kovac-hrvati-trebaju-birati-svoje-predstavnike\/#breadcrumb"},"inLanguage":"hr","potentialAction":[{"@type":"ReadAction","target":["https:\/\/radioljubuski.ba\/index.php\/2021\/09\/18\/miro-kovac-hrvati-trebaju-birati-svoje-predstavnike\/"]}]},{"@type":"ImageObject","inLanguage":"hr","@id":"https:\/\/radioljubuski.ba\/index.php\/2021\/09\/18\/miro-kovac-hrvati-trebaju-birati-svoje-predstavnike\/#primaryimage","url":"https:\/\/radioljubuski.ba\/wp-content\/uploads\/2021\/09\/3-2021-09-18-11-05-54-1631950311-kovac1-750x451-1.jpg","contentUrl":"https:\/\/radioljubuski.ba\/wp-content\/uploads\/2021\/09\/3-2021-09-18-11-05-54-1631950311-kovac1-750x451-1.jpg","width":1000,"height":625},{"@type":"BreadcrumbList","@id":"https:\/\/radioljubuski.ba\/index.php\/2021\/09\/18\/miro-kovac-hrvati-trebaju-birati-svoje-predstavnike\/#breadcrumb","itemListElement":[{"@type":"ListItem","position":1,"name":"Po\u010detna stranica","item":"https:\/\/radioljubuski.ba\/"},{"@type":"ListItem","position":2,"name":"Miro Kova\u010d: Hrvati trebaju birati svoje predstavnike"}]},{"@type":"WebSite","@id":"https:\/\/radioljubuski.ba\/#website","url":"https:\/\/radioljubuski.ba\/","name":"Radio Ljubu\u0161ki","description":"Sun\u010dana frekvencija Hercegovine","publisher":{"@id":"https:\/\/radioljubuski.ba\/#organization"},"potentialAction":[{"@type":"SearchAction","target":{"@type":"EntryPoint","urlTemplate":"https:\/\/radioljubuski.ba\/?s={search_term_string}"},"query-input":{"@type":"PropertyValueSpecification","valueRequired":true,"valueName":"search_term_string"}}],"inLanguage":"hr"},{"@type":"Organization","@id":"https:\/\/radioljubuski.ba\/#organization","name":"Radio Ljubu\u0161ki","url":"https:\/\/radioljubuski.ba\/","logo":{"@type":"ImageObject","inLanguage":"hr","@id":"https:\/\/radioljubuski.ba\/#\/schema\/logo\/image\/","url":"https:\/\/radioljubuski.ba\/wp-content\/uploads\/2021\/02\/cropped-Radio_Ljubuski_logo1.jpg","contentUrl":"https:\/\/radioljubuski.ba\/wp-content\/uploads\/2021\/02\/cropped-Radio_Ljubuski_logo1.jpg","width":512,"height":512,"caption":"Radio Ljubu\u0161ki"},"image":{"@id":"https:\/\/radioljubuski.ba\/#\/schema\/logo\/image\/"},"sameAs":["https:\/\/www.facebook.com\/Radiio-Ljubuski-1490835324566332","https:\/\/x.com\/radioljubuski","https:\/\/hr.linkedin.com\/company\/radio-ljubuski","https:\/\/www.youtube.com\/channel\/UCHYaeO_n0Db3tjNGudGpXyw"]},{"@type":"Person","@id":"https:\/\/radioljubuski.ba\/#\/schema\/person\/19fc700381a780f69665d7956c469e3b","name":"Radio Ljubu\u0161ki"}]}},"_links":{"self":[{"href":"https:\/\/radioljubuski.ba\/index.php\/wp-json\/wp\/v2\/posts\/65153","targetHints":{"allow":["GET"]}}],"collection":[{"href":"https:\/\/radioljubuski.ba\/index.php\/wp-json\/wp\/v2\/posts"}],"about":[{"href":"https:\/\/radioljubuski.ba\/index.php\/wp-json\/wp\/v2\/types\/post"}],"author":[{"embeddable":true,"href":"https:\/\/radioljubuski.ba\/index.php\/wp-json\/wp\/v2\/users\/2"}],"replies":[{"embeddable":true,"href":"https:\/\/radioljubuski.ba\/index.php\/wp-json\/wp\/v2\/comments?post=65153"}],"version-history":[{"count":1,"href":"https:\/\/radioljubuski.ba\/index.php\/wp-json\/wp\/v2\/posts\/65153\/revisions"}],"predecessor-version":[{"id":65155,"href":"https:\/\/radioljubuski.ba\/index.php\/wp-json\/wp\/v2\/posts\/65153\/revisions\/65155"}],"wp:featuredmedia":[{"embeddable":true,"href":"https:\/\/radioljubuski.ba\/index.php\/wp-json\/wp\/v2\/media\/65154"}],"wp:attachment":[{"href":"https:\/\/radioljubuski.ba\/index.php\/wp-json\/wp\/v2\/media?parent=65153"}],"wp:term":[{"taxonomy":"category","embeddable":true,"href":"https:\/\/radioljubuski.ba\/index.php\/wp-json\/wp\/v2\/categories?post=65153"},{"taxonomy":"post_tag","embeddable":true,"href":"https:\/\/radioljubuski.ba\/index.php\/wp-json\/wp\/v2\/tags?post=65153"}],"curies":[{"name":"wp","href":"https:\/\/api.w.org\/{rel}","templated":true}]}}