{"id":6522,"date":"2021-03-24T19:25:56","date_gmt":"2021-03-24T18:25:56","guid":{"rendered":"https:\/\/radioljubuski.ba\/?p=6522"},"modified":"2021-03-24T19:25:56","modified_gmt":"2021-03-24T18:25:56","slug":"rasprava-oko-izbora-predsjednika-vrhovnog-na-udaru-i-ustavni-sud","status":"publish","type":"post","link":"https:\/\/radioljubuski.ba\/index.php\/2021\/03\/24\/rasprava-oko-izbora-predsjednika-vrhovnog-na-udaru-i-ustavni-sud\/","title":{"rendered":"Rasprava oko izbora predsjednika Vrhovnog, na udaru i Ustavni sud"},"content":{"rendered":"\n<p><strong>Dan nakon \u0161to je Ustavni sud donio odluku da predsjednik Republike za predsjednika Vrhovnog suda mo\u017ee predlo\u017eiti samo kandidata koji se javio na poziv, predsjednik Zoran Milanovi\u0107 zastupnicima Hrvatskog sabora poslao je pismo. Poziva Hrvatski sabor da, kako ka\u017ee, ispuni svoju ustavnu obvezu te da se o\u010dituje o njegovu prijedlogu. U pismu tvrdi da za to predsjedniku Sabora ne mora slati nikakvu dokumentaciju.<\/strong><\/p>\n\n\n\n<p>No, predsjednik nije stao samo na pismu. Pri obilasku otoka Cresa o\u0161tro je kritizirao Ustavni sud, nazvav\u0161i ga kumskom radnom zadrugom zbog kumskih veza predsjednika Suda&nbsp;<strong>Miroslava \u0160eparovi\u0107a&nbsp;<\/strong>i&nbsp;<strong>Vladimira \u0160eksa.<\/strong><br><br>&#8211; Vidimo kakvo je HDZ-ovo pravosu\u0111e. To je HDZ-ovo pravosu\u0111e, to je \u0160eksovo pravosu\u0111e, to je Sessa i to je ta ekipa koja razara zemlju ve\u0107 godinama. Ovo \u0161to govorim nije emotivno, to je gorko i hladno. To je \u010dinjenica i protiv toga \u0107u se boriti. Imaju posla s \u010dovjekom koji je bio premijer i koji je dobio izbore za predsjednika Republike. Nije ih ukrao, kao oni 10 milijuna kuna u Fimi mediji, rekao je izme\u0111u ostalog.&nbsp;<\/p>\n\n\n\n<p>HDZ nema nikakvu \u0161apu na pravosu\u0111u, ta je teza la\u017ena, to je politi\u010dki spin, u kojem predsjednik Republike nastupa kao lider ljevice, odgovara premijer&nbsp;<strong>Andrej Plenkovi\u0107.<\/strong><br><br>&#8211; Ja cijelu ovu inicijativu vi\u0161e vidim kao nekakav poku\u0161aj predsjednika da nastoji rasklimati parlamentarnu ve\u0107inu, nego neku njegovu veliku \u017eelju, tobo\u017enji napor, da se imenovanjem predsjednika Vrhovnog suda provede neka reforma pravosu\u0111a, komentirao je Plenkovi\u0107, dodav\u0161i da je profesorica \u0110ur\u0111evi\u0107, profesorica kazneno &#8211; procesnog prava s Katedre na Pravnom fakultetu u Zagrebu, pristala biti dio protuzakonite procedure.&nbsp;<\/p>\n\n\n\n<p>&#8211; Osoba koja ne po\u0161tuje pravni poredak, ne mo\u017ee biti predsjednica Vrhovnog suda, da nema nikakvih dilema, zaklju\u010dio je.<\/p>\n\n\n\n<p>Oglasio se i Vrhovni sud RH. Predsjednik Republike Hrvatske obavijestio je 9. o\u017eujka 2021. Vrhovni sud Republike Hrvatske da je Hrvatskom saboru predlo\u017eio da prof. dr. sc. Zlatu \u0110ur\u0111evi\u0107 izabere za predsjednika Vrhovnog suda Republike Hrvatske. U povodu te obavijesti je 24. o\u017eujka 2021. odr\u017eana Op\u0107a sjednica Vrhovnoga suda Republike Hrvatske, priop\u0107eno je s tog suda. Smatraju, navode u priop\u0107enju, da nema zakonskih uvjeta da daju mi\u0161ljenje o osobi koju je Milanovi\u0107 predlo\u017eio za predsjednika Vrhovnog suda jer osoba koja je predlo\u017eena po Zakonu o sudovima nije kandidat.<\/p>\n\n\n\n<p>Osim premijera, predsjednikovo pismo komentirali su i saborski zastupnici.<\/p>\n\n\n\n<p><a href=\"https:\/\/vijesti.hrt.hr\/hrvatska\/reakcije-saborskih-zastupnika-na-pismo-zorana-milanovica-1204976\"><br><\/a><\/p>\n\n\n\n<p>Izvor:hrt.hr<\/p>\n","protected":false},"excerpt":{"rendered":"<p>Dan nakon \u0161to je Ustavni sud donio odluku da predsjednik Republike za predsjednika Vrhovnog suda mo\u017ee predlo\u017eiti samo kandidata koji se javio na poziv, predsjednik Zoran Milanovi\u0107 zastupnicima Hrvatskog sabora poslao je pismo. Poziva Hrvatski sabor da, kako ka\u017ee, ispuni svoju ustavnu obvezu te da se o\u010dituje o njegovu prijedlogu. U pismu tvrdi da za [&hellip;]<\/p>\n","protected":false},"author":2,"featured_media":6523,"comment_status":"closed","ping_status":"closed","sticky":false,"template":"","format":"standard","meta":{"h5ap_radio_sources":[],"footnotes":""},"categories":[1],"tags":[],"class_list":["post-6522","post","type-post","status-publish","format-standard","has-post-thumbnail","hentry","category-bihiregija"],"yoast_head":"<!-- This site is optimized with the Yoast SEO plugin v27.5 - https:\/\/yoast.com\/product\/yoast-seo-wordpress\/ -->\n<title>Rasprava oko izbora predsjednika Vrhovnog, na udaru i Ustavni sud - RADIO LJUBU\u0160KI<\/title>\n<meta name=\"robots\" content=\"index, follow, max-snippet:-1, max-image-preview:large, max-video-preview:-1\" \/>\n<link rel=\"canonical\" href=\"https:\/\/radioljubuski.ba\/index.php\/2021\/03\/24\/rasprava-oko-izbora-predsjednika-vrhovnog-na-udaru-i-ustavni-sud\/\" \/>\n<meta property=\"og:locale\" content=\"hr_HR\" \/>\n<meta property=\"og:type\" content=\"article\" \/>\n<meta property=\"og:title\" content=\"Rasprava oko izbora predsjednika Vrhovnog, na udaru i Ustavni sud - RADIO LJUBU\u0160KI\" \/>\n<meta property=\"og:description\" content=\"Dan nakon \u0161to je Ustavni sud donio odluku da predsjednik Republike za predsjednika Vrhovnog suda mo\u017ee predlo\u017eiti samo kandidata koji se javio na poziv, predsjednik Zoran Milanovi\u0107 zastupnicima Hrvatskog sabora poslao je pismo. Poziva Hrvatski sabor da, kako ka\u017ee, ispuni svoju ustavnu obvezu te da se o\u010dituje o njegovu prijedlogu. U pismu tvrdi da za [&hellip;]\" \/>\n<meta property=\"og:url\" content=\"https:\/\/radioljubuski.ba\/index.php\/2021\/03\/24\/rasprava-oko-izbora-predsjednika-vrhovnog-na-udaru-i-ustavni-sud\/\" \/>\n<meta property=\"og:site_name\" content=\"RADIO LJUBU\u0160KI\" \/>\n<meta property=\"article:publisher\" content=\"https:\/\/www.facebook.com\/Radiio-Ljubuski-1490835324566332\" \/>\n<meta property=\"article:published_time\" content=\"2021-03-24T18:25:56+00:00\" \/>\n<meta property=\"og:image\" content=\"https:\/\/radioljubuski.ba\/wp-content\/uploads\/2021\/03\/plenkvoicmilanovic-20210324144427.jpg\" \/>\n\t<meta property=\"og:image:width\" content=\"513\" \/>\n\t<meta property=\"og:image:height\" content=\"290\" \/>\n\t<meta property=\"og:image:type\" content=\"image\/jpeg\" \/>\n<meta name=\"author\" content=\"Radio Ljubu\u0161ki\" \/>\n<meta name=\"twitter:card\" content=\"summary_large_image\" \/>\n<meta name=\"twitter:creator\" content=\"@radioljubuski\" \/>\n<meta name=\"twitter:site\" content=\"@radioljubuski\" \/>\n<meta name=\"twitter:label1\" content=\"Napisao\/la\" \/>\n\t<meta name=\"twitter:data1\" content=\"Radio Ljubu\u0161ki\" \/>\n\t<meta name=\"twitter:label2\" content=\"Procijenjeno vrijeme \u010ditanja\" \/>\n\t<meta name=\"twitter:data2\" content=\"2 minute\" \/>\n<script type=\"application\/ld+json\" class=\"yoast-schema-graph\">{\"@context\":\"https:\\\/\\\/schema.org\",\"@graph\":[{\"@type\":\"Article\",\"@id\":\"https:\\\/\\\/radioljubuski.ba\\\/index.php\\\/2021\\\/03\\\/24\\\/rasprava-oko-izbora-predsjednika-vrhovnog-na-udaru-i-ustavni-sud\\\/#article\",\"isPartOf\":{\"@id\":\"https:\\\/\\\/radioljubuski.ba\\\/index.php\\\/2021\\\/03\\\/24\\\/rasprava-oko-izbora-predsjednika-vrhovnog-na-udaru-i-ustavni-sud\\\/\"},\"author\":{\"name\":\"Radio Ljubu\u0161ki\",\"@id\":\"https:\\\/\\\/radioljubuski.ba\\\/#\\\/schema\\\/person\\\/19fc700381a780f69665d7956c469e3b\"},\"headline\":\"Rasprava oko izbora predsjednika Vrhovnog, na udaru i Ustavni sud\",\"datePublished\":\"2021-03-24T18:25:56+00:00\",\"mainEntityOfPage\":{\"@id\":\"https:\\\/\\\/radioljubuski.ba\\\/index.php\\\/2021\\\/03\\\/24\\\/rasprava-oko-izbora-predsjednika-vrhovnog-na-udaru-i-ustavni-sud\\\/\"},\"wordCount\":420,\"publisher\":{\"@id\":\"https:\\\/\\\/radioljubuski.ba\\\/#organization\"},\"image\":{\"@id\":\"https:\\\/\\\/radioljubuski.ba\\\/index.php\\\/2021\\\/03\\\/24\\\/rasprava-oko-izbora-predsjednika-vrhovnog-na-udaru-i-ustavni-sud\\\/#primaryimage\"},\"thumbnailUrl\":\"https:\\\/\\\/radioljubuski.ba\\\/wp-content\\\/uploads\\\/2021\\\/03\\\/plenkvoicmilanovic-20210324144427.jpg\",\"articleSection\":[\"BIH i regija\"],\"inLanguage\":\"hr\"},{\"@type\":\"WebPage\",\"@id\":\"https:\\\/\\\/radioljubuski.ba\\\/index.php\\\/2021\\\/03\\\/24\\\/rasprava-oko-izbora-predsjednika-vrhovnog-na-udaru-i-ustavni-sud\\\/\",\"url\":\"https:\\\/\\\/radioljubuski.ba\\\/index.php\\\/2021\\\/03\\\/24\\\/rasprava-oko-izbora-predsjednika-vrhovnog-na-udaru-i-ustavni-sud\\\/\",\"name\":\"Rasprava oko izbora predsjednika Vrhovnog, na udaru i Ustavni sud - RADIO LJUBU\u0160KI\",\"isPartOf\":{\"@id\":\"https:\\\/\\\/radioljubuski.ba\\\/#website\"},\"primaryImageOfPage\":{\"@id\":\"https:\\\/\\\/radioljubuski.ba\\\/index.php\\\/2021\\\/03\\\/24\\\/rasprava-oko-izbora-predsjednika-vrhovnog-na-udaru-i-ustavni-sud\\\/#primaryimage\"},\"image\":{\"@id\":\"https:\\\/\\\/radioljubuski.ba\\\/index.php\\\/2021\\\/03\\\/24\\\/rasprava-oko-izbora-predsjednika-vrhovnog-na-udaru-i-ustavni-sud\\\/#primaryimage\"},\"thumbnailUrl\":\"https:\\\/\\\/radioljubuski.ba\\\/wp-content\\\/uploads\\\/2021\\\/03\\\/plenkvoicmilanovic-20210324144427.jpg\",\"datePublished\":\"2021-03-24T18:25:56+00:00\",\"breadcrumb\":{\"@id\":\"https:\\\/\\\/radioljubuski.ba\\\/index.php\\\/2021\\\/03\\\/24\\\/rasprava-oko-izbora-predsjednika-vrhovnog-na-udaru-i-ustavni-sud\\\/#breadcrumb\"},\"inLanguage\":\"hr\",\"potentialAction\":[{\"@type\":\"ReadAction\",\"target\":[\"https:\\\/\\\/radioljubuski.ba\\\/index.php\\\/2021\\\/03\\\/24\\\/rasprava-oko-izbora-predsjednika-vrhovnog-na-udaru-i-ustavni-sud\\\/\"]}]},{\"@type\":\"ImageObject\",\"inLanguage\":\"hr\",\"@id\":\"https:\\\/\\\/radioljubuski.ba\\\/index.php\\\/2021\\\/03\\\/24\\\/rasprava-oko-izbora-predsjednika-vrhovnog-na-udaru-i-ustavni-sud\\\/#primaryimage\",\"url\":\"https:\\\/\\\/radioljubuski.ba\\\/wp-content\\\/uploads\\\/2021\\\/03\\\/plenkvoicmilanovic-20210324144427.jpg\",\"contentUrl\":\"https:\\\/\\\/radioljubuski.ba\\\/wp-content\\\/uploads\\\/2021\\\/03\\\/plenkvoicmilanovic-20210324144427.jpg\",\"width\":513,\"height\":290},{\"@type\":\"BreadcrumbList\",\"@id\":\"https:\\\/\\\/radioljubuski.ba\\\/index.php\\\/2021\\\/03\\\/24\\\/rasprava-oko-izbora-predsjednika-vrhovnog-na-udaru-i-ustavni-sud\\\/#breadcrumb\",\"itemListElement\":[{\"@type\":\"ListItem\",\"position\":1,\"name\":\"Po\u010detna stranica\",\"item\":\"https:\\\/\\\/radioljubuski.ba\\\/\"},{\"@type\":\"ListItem\",\"position\":2,\"name\":\"Rasprava oko izbora predsjednika Vrhovnog, na udaru i Ustavni sud\"}]},{\"@type\":\"WebSite\",\"@id\":\"https:\\\/\\\/radioljubuski.ba\\\/#website\",\"url\":\"https:\\\/\\\/radioljubuski.ba\\\/\",\"name\":\"Radio Ljubu\u0161ki\",\"description\":\"Sun\u010dana frekvencija Hercegovine\",\"publisher\":{\"@id\":\"https:\\\/\\\/radioljubuski.ba\\\/#organization\"},\"potentialAction\":[{\"@type\":\"SearchAction\",\"target\":{\"@type\":\"EntryPoint\",\"urlTemplate\":\"https:\\\/\\\/radioljubuski.ba\\\/?s={search_term_string}\"},\"query-input\":{\"@type\":\"PropertyValueSpecification\",\"valueRequired\":true,\"valueName\":\"search_term_string\"}}],\"inLanguage\":\"hr\"},{\"@type\":\"Organization\",\"@id\":\"https:\\\/\\\/radioljubuski.ba\\\/#organization\",\"name\":\"Radio Ljubu\u0161ki\",\"url\":\"https:\\\/\\\/radioljubuski.ba\\\/\",\"logo\":{\"@type\":\"ImageObject\",\"inLanguage\":\"hr\",\"@id\":\"https:\\\/\\\/radioljubuski.ba\\\/#\\\/schema\\\/logo\\\/image\\\/\",\"url\":\"https:\\\/\\\/radioljubuski.ba\\\/wp-content\\\/uploads\\\/2021\\\/02\\\/cropped-Radio_Ljubuski_logo1.jpg\",\"contentUrl\":\"https:\\\/\\\/radioljubuski.ba\\\/wp-content\\\/uploads\\\/2021\\\/02\\\/cropped-Radio_Ljubuski_logo1.jpg\",\"width\":512,\"height\":512,\"caption\":\"Radio Ljubu\u0161ki\"},\"image\":{\"@id\":\"https:\\\/\\\/radioljubuski.ba\\\/#\\\/schema\\\/logo\\\/image\\\/\"},\"sameAs\":[\"https:\\\/\\\/www.facebook.com\\\/Radiio-Ljubuski-1490835324566332\",\"https:\\\/\\\/x.com\\\/radioljubuski\",\"https:\\\/\\\/hr.linkedin.com\\\/company\\\/radio-ljubuski\",\"https:\\\/\\\/www.youtube.com\\\/channel\\\/UCHYaeO_n0Db3tjNGudGpXyw\"]},{\"@type\":\"Person\",\"@id\":\"https:\\\/\\\/radioljubuski.ba\\\/#\\\/schema\\\/person\\\/19fc700381a780f69665d7956c469e3b\",\"name\":\"Radio Ljubu\u0161ki\"}]}<\/script>\n<!-- \/ Yoast SEO plugin. -->","yoast_head_json":{"title":"Rasprava oko izbora predsjednika Vrhovnog, na udaru i Ustavni sud - RADIO LJUBU\u0160KI","robots":{"index":"index","follow":"follow","max-snippet":"max-snippet:-1","max-image-preview":"max-image-preview:large","max-video-preview":"max-video-preview:-1"},"canonical":"https:\/\/radioljubuski.ba\/index.php\/2021\/03\/24\/rasprava-oko-izbora-predsjednika-vrhovnog-na-udaru-i-ustavni-sud\/","og_locale":"hr_HR","og_type":"article","og_title":"Rasprava oko izbora predsjednika Vrhovnog, na udaru i Ustavni sud - RADIO LJUBU\u0160KI","og_description":"Dan nakon \u0161to je Ustavni sud donio odluku da predsjednik Republike za predsjednika Vrhovnog suda mo\u017ee predlo\u017eiti samo kandidata koji se javio na poziv, predsjednik Zoran Milanovi\u0107 zastupnicima Hrvatskog sabora poslao je pismo. Poziva Hrvatski sabor da, kako ka\u017ee, ispuni svoju ustavnu obvezu te da se o\u010dituje o njegovu prijedlogu. U pismu tvrdi da za [&hellip;]","og_url":"https:\/\/radioljubuski.ba\/index.php\/2021\/03\/24\/rasprava-oko-izbora-predsjednika-vrhovnog-na-udaru-i-ustavni-sud\/","og_site_name":"RADIO LJUBU\u0160KI","article_publisher":"https:\/\/www.facebook.com\/Radiio-Ljubuski-1490835324566332","article_published_time":"2021-03-24T18:25:56+00:00","og_image":[{"width":513,"height":290,"url":"https:\/\/radioljubuski.ba\/wp-content\/uploads\/2021\/03\/plenkvoicmilanovic-20210324144427.jpg","type":"image\/jpeg"}],"author":"Radio Ljubu\u0161ki","twitter_card":"summary_large_image","twitter_creator":"@radioljubuski","twitter_site":"@radioljubuski","twitter_misc":{"Napisao\/la":"Radio Ljubu\u0161ki","Procijenjeno vrijeme \u010ditanja":"2 minute"},"schema":{"@context":"https:\/\/schema.org","@graph":[{"@type":"Article","@id":"https:\/\/radioljubuski.ba\/index.php\/2021\/03\/24\/rasprava-oko-izbora-predsjednika-vrhovnog-na-udaru-i-ustavni-sud\/#article","isPartOf":{"@id":"https:\/\/radioljubuski.ba\/index.php\/2021\/03\/24\/rasprava-oko-izbora-predsjednika-vrhovnog-na-udaru-i-ustavni-sud\/"},"author":{"name":"Radio Ljubu\u0161ki","@id":"https:\/\/radioljubuski.ba\/#\/schema\/person\/19fc700381a780f69665d7956c469e3b"},"headline":"Rasprava oko izbora predsjednika Vrhovnog, na udaru i Ustavni sud","datePublished":"2021-03-24T18:25:56+00:00","mainEntityOfPage":{"@id":"https:\/\/radioljubuski.ba\/index.php\/2021\/03\/24\/rasprava-oko-izbora-predsjednika-vrhovnog-na-udaru-i-ustavni-sud\/"},"wordCount":420,"publisher":{"@id":"https:\/\/radioljubuski.ba\/#organization"},"image":{"@id":"https:\/\/radioljubuski.ba\/index.php\/2021\/03\/24\/rasprava-oko-izbora-predsjednika-vrhovnog-na-udaru-i-ustavni-sud\/#primaryimage"},"thumbnailUrl":"https:\/\/radioljubuski.ba\/wp-content\/uploads\/2021\/03\/plenkvoicmilanovic-20210324144427.jpg","articleSection":["BIH i regija"],"inLanguage":"hr"},{"@type":"WebPage","@id":"https:\/\/radioljubuski.ba\/index.php\/2021\/03\/24\/rasprava-oko-izbora-predsjednika-vrhovnog-na-udaru-i-ustavni-sud\/","url":"https:\/\/radioljubuski.ba\/index.php\/2021\/03\/24\/rasprava-oko-izbora-predsjednika-vrhovnog-na-udaru-i-ustavni-sud\/","name":"Rasprava oko izbora predsjednika Vrhovnog, na udaru i Ustavni sud - RADIO LJUBU\u0160KI","isPartOf":{"@id":"https:\/\/radioljubuski.ba\/#website"},"primaryImageOfPage":{"@id":"https:\/\/radioljubuski.ba\/index.php\/2021\/03\/24\/rasprava-oko-izbora-predsjednika-vrhovnog-na-udaru-i-ustavni-sud\/#primaryimage"},"image":{"@id":"https:\/\/radioljubuski.ba\/index.php\/2021\/03\/24\/rasprava-oko-izbora-predsjednika-vrhovnog-na-udaru-i-ustavni-sud\/#primaryimage"},"thumbnailUrl":"https:\/\/radioljubuski.ba\/wp-content\/uploads\/2021\/03\/plenkvoicmilanovic-20210324144427.jpg","datePublished":"2021-03-24T18:25:56+00:00","breadcrumb":{"@id":"https:\/\/radioljubuski.ba\/index.php\/2021\/03\/24\/rasprava-oko-izbora-predsjednika-vrhovnog-na-udaru-i-ustavni-sud\/#breadcrumb"},"inLanguage":"hr","potentialAction":[{"@type":"ReadAction","target":["https:\/\/radioljubuski.ba\/index.php\/2021\/03\/24\/rasprava-oko-izbora-predsjednika-vrhovnog-na-udaru-i-ustavni-sud\/"]}]},{"@type":"ImageObject","inLanguage":"hr","@id":"https:\/\/radioljubuski.ba\/index.php\/2021\/03\/24\/rasprava-oko-izbora-predsjednika-vrhovnog-na-udaru-i-ustavni-sud\/#primaryimage","url":"https:\/\/radioljubuski.ba\/wp-content\/uploads\/2021\/03\/plenkvoicmilanovic-20210324144427.jpg","contentUrl":"https:\/\/radioljubuski.ba\/wp-content\/uploads\/2021\/03\/plenkvoicmilanovic-20210324144427.jpg","width":513,"height":290},{"@type":"BreadcrumbList","@id":"https:\/\/radioljubuski.ba\/index.php\/2021\/03\/24\/rasprava-oko-izbora-predsjednika-vrhovnog-na-udaru-i-ustavni-sud\/#breadcrumb","itemListElement":[{"@type":"ListItem","position":1,"name":"Po\u010detna stranica","item":"https:\/\/radioljubuski.ba\/"},{"@type":"ListItem","position":2,"name":"Rasprava oko izbora predsjednika Vrhovnog, na udaru i Ustavni sud"}]},{"@type":"WebSite","@id":"https:\/\/radioljubuski.ba\/#website","url":"https:\/\/radioljubuski.ba\/","name":"Radio Ljubu\u0161ki","description":"Sun\u010dana frekvencija Hercegovine","publisher":{"@id":"https:\/\/radioljubuski.ba\/#organization"},"potentialAction":[{"@type":"SearchAction","target":{"@type":"EntryPoint","urlTemplate":"https:\/\/radioljubuski.ba\/?s={search_term_string}"},"query-input":{"@type":"PropertyValueSpecification","valueRequired":true,"valueName":"search_term_string"}}],"inLanguage":"hr"},{"@type":"Organization","@id":"https:\/\/radioljubuski.ba\/#organization","name":"Radio Ljubu\u0161ki","url":"https:\/\/radioljubuski.ba\/","logo":{"@type":"ImageObject","inLanguage":"hr","@id":"https:\/\/radioljubuski.ba\/#\/schema\/logo\/image\/","url":"https:\/\/radioljubuski.ba\/wp-content\/uploads\/2021\/02\/cropped-Radio_Ljubuski_logo1.jpg","contentUrl":"https:\/\/radioljubuski.ba\/wp-content\/uploads\/2021\/02\/cropped-Radio_Ljubuski_logo1.jpg","width":512,"height":512,"caption":"Radio Ljubu\u0161ki"},"image":{"@id":"https:\/\/radioljubuski.ba\/#\/schema\/logo\/image\/"},"sameAs":["https:\/\/www.facebook.com\/Radiio-Ljubuski-1490835324566332","https:\/\/x.com\/radioljubuski","https:\/\/hr.linkedin.com\/company\/radio-ljubuski","https:\/\/www.youtube.com\/channel\/UCHYaeO_n0Db3tjNGudGpXyw"]},{"@type":"Person","@id":"https:\/\/radioljubuski.ba\/#\/schema\/person\/19fc700381a780f69665d7956c469e3b","name":"Radio Ljubu\u0161ki"}]}},"_links":{"self":[{"href":"https:\/\/radioljubuski.ba\/index.php\/wp-json\/wp\/v2\/posts\/6522","targetHints":{"allow":["GET"]}}],"collection":[{"href":"https:\/\/radioljubuski.ba\/index.php\/wp-json\/wp\/v2\/posts"}],"about":[{"href":"https:\/\/radioljubuski.ba\/index.php\/wp-json\/wp\/v2\/types\/post"}],"author":[{"embeddable":true,"href":"https:\/\/radioljubuski.ba\/index.php\/wp-json\/wp\/v2\/users\/2"}],"replies":[{"embeddable":true,"href":"https:\/\/radioljubuski.ba\/index.php\/wp-json\/wp\/v2\/comments?post=6522"}],"version-history":[{"count":1,"href":"https:\/\/radioljubuski.ba\/index.php\/wp-json\/wp\/v2\/posts\/6522\/revisions"}],"predecessor-version":[{"id":6524,"href":"https:\/\/radioljubuski.ba\/index.php\/wp-json\/wp\/v2\/posts\/6522\/revisions\/6524"}],"wp:featuredmedia":[{"embeddable":true,"href":"https:\/\/radioljubuski.ba\/index.php\/wp-json\/wp\/v2\/media\/6523"}],"wp:attachment":[{"href":"https:\/\/radioljubuski.ba\/index.php\/wp-json\/wp\/v2\/media?parent=6522"}],"wp:term":[{"taxonomy":"category","embeddable":true,"href":"https:\/\/radioljubuski.ba\/index.php\/wp-json\/wp\/v2\/categories?post=6522"},{"taxonomy":"post_tag","embeddable":true,"href":"https:\/\/radioljubuski.ba\/index.php\/wp-json\/wp\/v2\/tags?post=6522"}],"curies":[{"name":"wp","href":"https:\/\/api.w.org\/{rel}","templated":true}]}}