{"id":65273,"date":"2021-09-18T23:02:48","date_gmt":"2021-09-18T22:02:48","guid":{"rendered":"https:\/\/radioljubuski.ba\/?p=65273"},"modified":"2021-09-18T23:02:49","modified_gmt":"2021-09-18T22:02:49","slug":"penava-odlucit-cu-za-desetak-dana-o-kandidaturi-za-predsjednika-dp-a","status":"publish","type":"post","link":"https:\/\/radioljubuski.ba\/index.php\/2021\/09\/18\/penava-odlucit-cu-za-desetak-dana-o-kandidaturi-za-predsjednika-dp-a\/","title":{"rendered":"Penava: Odlu\u010dit \u0107u za desetak dana o kandidaturi za predsjednika DP-a"},"content":{"rendered":"\n<p>Gradona\u010delnik Vukovara Ivan Penava komentirao je za&nbsp;<a href=\"https:\/\/hr.n1info.com\/vijesti\/penava-o-kandidaturi-za-sefa-dp-a-odlucit-cu-za-desetak-dana\/\">N1<\/a>&nbsp;svoju mogu\u0107u kandidaturu za predsjednika Domovinskog pokreta. Ka\u017ee da \u0107e odlu\u010diti za 10-ak dana.<\/p>\n\n\n\n<p>Penava je rekao i kako \u0107e usprkos te\u0161kim odnosima s premijerom Andrejem Plenkovi\u0107em biti dio slu\u017ebenog protokola na obilje\u017eavanju 30. obljetnice bitke za Vukovar te da \u0107e polo\u017eiti vijenac. Do ideje o obilje\u017eavanju ove obljetnice su, ka\u017ee, do\u0161li jer smatra da treba slaviti postignu\u0107a 204. brigade koja je nanijela veliku \u0161tetu velikosprskoj agresiji.<\/p>\n\n\n\n<p>Gradona\u010delnik Vukovara ka\u017ee kako treba govoriti i o dobrim i o lo\u0161im strana suradnje grada s vi\u0161im instancama vlasti. Dodaje i da se nije mogao oteti dojmu da je pro\u0161irenje vojarne u Vukovaru (koja je otvorena prije \u010detiri godine) zapravo bildanje domoljubnih mi\u0161i\u0107a.<\/p>\n\n\n\n<p>\u201cZakazalo se u pogledu dono\u0161enja lo\u0161ih zakona i koalicija koje su daleko od domoljubnih. O\u010dito je procjena Vlade da treba bildati te mi\u0161i\u0107e, osobito u Vukovaru\u201d, govori.<\/p>\n\n\n\n<p><strong>Dobre i lo\u0161e strane<br><\/strong><br>O tome sjeti li se dr\u017eava Vukovara samo za obljetnice, ka\u017ee da i sam \u010desto pomisli tako u ljutnji.<\/p>\n\n\n\n<p>\u201cAli, nije sve crno-bijelo. Ima i dobrih i lo\u0161ih stvari. Dobra je vojarna, uklju\u010dila se Vlada i u projekt obnove Vodotornja, treba priznati dobre stvari. S druge strane, \u010ditav je niz lo\u0161ih stvari\u201d, ka\u017ee Penava i nabraja propale projekte (poput neobnovljenog hotela Dunav, nedolaska velikog investitora u drvnoj industriji) za koje smatra da su isklju\u010divo odgovornost Vlade. Ka\u017ee kako se mo\u017ee razmatrati i njegova odgovornost kao gradona\u010delnika, ali da \u201cpostoji i tre\u0107a stvar\u201d.<\/p>\n\n\n\n<p>\u201cPostoji i tre\u0107a stvar, najgora, najru\u017enija. Vezana za bijele kri\u017eeve iza nas. Jasna ru\u017ena \u010dinjenica koja jako miri\u0161e na izdaju. to je \u010dinjenica da je Vukovar bio grad koji je sravnjen sa zemljom, u kojemu je napravljen genocid, ekocid i urbanocid za koji nitko nije odgovarao, kao ni za 1291 civila koji je stradao. To je veliki krimen ove vlade i svih vlada do sada\u201d, govori.<\/p>\n\n\n\n<p><strong>Popis stanovni\u0161tva<br><\/strong><br>Na pitanja o popisu stanovni\u0161tva ka\u017ee kako nas \u201cpovijest i iskustvo u\u010de da se manipulira svima i da nema svetinje\u201d.<\/p>\n\n\n\n<p>Penava govori da ja jasno kako problematika popisa stanovni\u0161tva po\u010diva na tome da \u201cto treba napraviti na odre\u0111eni na\u010din, kako bi se pogodovalo koalicijskim partnerima\u201d.<\/p>\n\n\n\n<p>Na pitanje optu\u017euje li HDZ i SDSS, ka\u017ee: \u201cJasno da optu\u017eujem, ali za to imam i jake argumente.\u201d<\/p>\n\n\n\n<p>O tome \u0161to \u0107e u\u010diniti ako popis ponovno poka\u017ee da u Vukovaru \u017eivi vi\u0161e do 30 posto Srba ka\u017ee: \u201cBo\u017ee moj, ako bude tako, tako \u0107e biti. Ne dvojim ni razmi\u0161ljam o tim podacima, nego samo da je nemogu\u0107e da nam brojke kroz \u0161kolski sustav pokazuju 17 ili 18 posto. Gledat \u0107emo broj stanovnika. Mi imamo okvirne podatke, znamo koliko nas ima u grad. Kad smo prije 10 godina ukazivali da 28000 ljudi u Vukovaru nema, trebalo je pozornije pratiti. Nije nas bilo nikad toliko koliko nas je popisano.\u201d<\/p>\n\n\n\n<p><strong>Domovinski pokret<br><\/strong><br>O tome ho\u0107e li biti izabran za novog predsjednika Domovinskog pokreta ka\u017ee: \u201cTo je pitanje iz domene gatanja.\u201d<\/p>\n\n\n\n<p>Penava ka\u017ee da razgovara s ljudima s kojima je dosad osvajao izbore te da \u0107e u razgovoru s njima odlu\u010diti ho\u0107e li se uop\u0107e kandidirati.<\/p>\n\n\n\n<p>Ka\u017ee da ne osje\u0107a pritisak, \u201cne u smislu nekog negativnog pritiska\u201d.<\/p>\n\n\n\n<p>Na pitanje kada bi mogao donijeti odluku o kandidaturi ka\u017ee: \u201cU idu\u0107ih 10-ak dana.\u201d<\/p>\n\n\n\n<p>S Miroslavom \u0160korom, ka\u017ee, nije razgovarao otkako je \u0160koro napustio Domovinski pokret, ali misli da mu ne\u0107e zamjeriti.<\/p>\n\n\n\n<p>Nagla\u0161ava i kako odluka o ulasku u stranku i kandidaturu o kojoj se ve\u0107 tjednima pri\u010da nije samo njegova.<\/p>\n\n\n\n<p>\u201cOsobne preferencije su manje bitne. S osobnog aspekta, ve\u0107im dijelo da ali, nisam tu iz osobnih razloga, moram razmi\u0161ljati o ljudima\u201d, ka\u017ee.<\/p>\n\n\n\n<p>Na pitanje je li spreman koalirati s HDZ-om ka\u017ee: \u201cSa svima onima koji \u0107e u svakom smislu biti u stanju poduprijeti ideje za koje se zala\u017eem, s njima \u0107u biti spreman kaolirati. Odgovor je vrlo uklju\u010div, uklju\u010duje i to.\u201d<\/p>\n\n\n\n<p><em>Izvor: narod.hr\/N1<\/em><\/p>\n","protected":false},"excerpt":{"rendered":"<p>Gradona\u010delnik Vukovara Ivan Penava komentirao je za&nbsp;N1&nbsp;svoju mogu\u0107u kandidaturu za predsjednika Domovinskog pokreta. Ka\u017ee da \u0107e odlu\u010diti za 10-ak dana. Penava je rekao i kako \u0107e usprkos te\u0161kim odnosima s premijerom Andrejem Plenkovi\u0107em biti dio slu\u017ebenog protokola na obilje\u017eavanju 30. obljetnice bitke za Vukovar te da \u0107e polo\u017eiti vijenac. Do ideje o obilje\u017eavanju ove obljetnice [&hellip;]<\/p>\n","protected":false},"author":2,"featured_media":65274,"comment_status":"closed","ping_status":"closed","sticky":false,"template":"","format":"standard","meta":{"h5ap_radio_sources":[],"footnotes":""},"categories":[1],"tags":[],"class_list":["post-65273","post","type-post","status-publish","format-standard","has-post-thumbnail","hentry","category-bihiregija"],"yoast_head":"<!-- This site is optimized with the Yoast SEO plugin v27.5 - https:\/\/yoast.com\/product\/yoast-seo-wordpress\/ -->\n<title>Penava: Odlu\u010dit \u0107u za desetak dana o kandidaturi za predsjednika DP-a - RADIO LJUBU\u0160KI<\/title>\n<meta name=\"robots\" content=\"index, follow, max-snippet:-1, max-image-preview:large, max-video-preview:-1\" \/>\n<link rel=\"canonical\" href=\"https:\/\/radioljubuski.ba\/index.php\/2021\/09\/18\/penava-odlucit-cu-za-desetak-dana-o-kandidaturi-za-predsjednika-dp-a\/\" \/>\n<meta property=\"og:locale\" content=\"hr_HR\" \/>\n<meta property=\"og:type\" content=\"article\" \/>\n<meta property=\"og:title\" content=\"Penava: Odlu\u010dit \u0107u za desetak dana o kandidaturi za predsjednika DP-a - RADIO LJUBU\u0160KI\" \/>\n<meta property=\"og:description\" content=\"Gradona\u010delnik Vukovara Ivan Penava komentirao je za&nbsp;N1&nbsp;svoju mogu\u0107u kandidaturu za predsjednika Domovinskog pokreta. Ka\u017ee da \u0107e odlu\u010diti za 10-ak dana. Penava je rekao i kako \u0107e usprkos te\u0161kim odnosima s premijerom Andrejem Plenkovi\u0107em biti dio slu\u017ebenog protokola na obilje\u017eavanju 30. obljetnice bitke za Vukovar te da \u0107e polo\u017eiti vijenac. Do ideje o obilje\u017eavanju ove obljetnice [&hellip;]\" \/>\n<meta property=\"og:url\" content=\"https:\/\/radioljubuski.ba\/index.php\/2021\/09\/18\/penava-odlucit-cu-za-desetak-dana-o-kandidaturi-za-predsjednika-dp-a\/\" \/>\n<meta property=\"og:site_name\" content=\"RADIO LJUBU\u0160KI\" \/>\n<meta property=\"article:publisher\" content=\"https:\/\/www.facebook.com\/Radiio-Ljubuski-1490835324566332\" \/>\n<meta property=\"article:published_time\" content=\"2021-09-18T22:02:48+00:00\" \/>\n<meta property=\"article:modified_time\" content=\"2021-09-18T22:02:49+00:00\" \/>\n<meta property=\"og:image\" content=\"https:\/\/radioljubuski.ba\/wp-content\/uploads\/2021\/09\/HN20200731670280-696x474-1.jpg\" \/>\n\t<meta property=\"og:image:width\" content=\"696\" \/>\n\t<meta property=\"og:image:height\" content=\"474\" \/>\n\t<meta property=\"og:image:type\" content=\"image\/jpeg\" \/>\n<meta name=\"author\" content=\"Radio Ljubu\u0161ki\" \/>\n<meta name=\"twitter:card\" content=\"summary_large_image\" \/>\n<meta name=\"twitter:creator\" content=\"@radioljubuski\" \/>\n<meta name=\"twitter:site\" content=\"@radioljubuski\" \/>\n<meta name=\"twitter:label1\" content=\"Napisao\/la\" \/>\n\t<meta name=\"twitter:data1\" content=\"Radio Ljubu\u0161ki\" \/>\n\t<meta name=\"twitter:label2\" content=\"Procijenjeno vrijeme \u010ditanja\" \/>\n\t<meta name=\"twitter:data2\" content=\"3 minute\" \/>\n<script type=\"application\/ld+json\" class=\"yoast-schema-graph\">{\"@context\":\"https:\\\/\\\/schema.org\",\"@graph\":[{\"@type\":\"Article\",\"@id\":\"https:\\\/\\\/radioljubuski.ba\\\/index.php\\\/2021\\\/09\\\/18\\\/penava-odlucit-cu-za-desetak-dana-o-kandidaturi-za-predsjednika-dp-a\\\/#article\",\"isPartOf\":{\"@id\":\"https:\\\/\\\/radioljubuski.ba\\\/index.php\\\/2021\\\/09\\\/18\\\/penava-odlucit-cu-za-desetak-dana-o-kandidaturi-za-predsjednika-dp-a\\\/\"},\"author\":{\"name\":\"Radio Ljubu\u0161ki\",\"@id\":\"https:\\\/\\\/radioljubuski.ba\\\/#\\\/schema\\\/person\\\/19fc700381a780f69665d7956c469e3b\"},\"headline\":\"Penava: Odlu\u010dit \u0107u za desetak dana o kandidaturi za predsjednika DP-a\",\"datePublished\":\"2021-09-18T22:02:48+00:00\",\"dateModified\":\"2021-09-18T22:02:49+00:00\",\"mainEntityOfPage\":{\"@id\":\"https:\\\/\\\/radioljubuski.ba\\\/index.php\\\/2021\\\/09\\\/18\\\/penava-odlucit-cu-za-desetak-dana-o-kandidaturi-za-predsjednika-dp-a\\\/\"},\"wordCount\":720,\"publisher\":{\"@id\":\"https:\\\/\\\/radioljubuski.ba\\\/#organization\"},\"image\":{\"@id\":\"https:\\\/\\\/radioljubuski.ba\\\/index.php\\\/2021\\\/09\\\/18\\\/penava-odlucit-cu-za-desetak-dana-o-kandidaturi-za-predsjednika-dp-a\\\/#primaryimage\"},\"thumbnailUrl\":\"https:\\\/\\\/radioljubuski.ba\\\/wp-content\\\/uploads\\\/2021\\\/09\\\/HN20200731670280-696x474-1.jpg\",\"articleSection\":[\"BIH i regija\"],\"inLanguage\":\"hr\"},{\"@type\":\"WebPage\",\"@id\":\"https:\\\/\\\/radioljubuski.ba\\\/index.php\\\/2021\\\/09\\\/18\\\/penava-odlucit-cu-za-desetak-dana-o-kandidaturi-za-predsjednika-dp-a\\\/\",\"url\":\"https:\\\/\\\/radioljubuski.ba\\\/index.php\\\/2021\\\/09\\\/18\\\/penava-odlucit-cu-za-desetak-dana-o-kandidaturi-za-predsjednika-dp-a\\\/\",\"name\":\"Penava: Odlu\u010dit \u0107u za desetak dana o kandidaturi za predsjednika DP-a - RADIO LJUBU\u0160KI\",\"isPartOf\":{\"@id\":\"https:\\\/\\\/radioljubuski.ba\\\/#website\"},\"primaryImageOfPage\":{\"@id\":\"https:\\\/\\\/radioljubuski.ba\\\/index.php\\\/2021\\\/09\\\/18\\\/penava-odlucit-cu-za-desetak-dana-o-kandidaturi-za-predsjednika-dp-a\\\/#primaryimage\"},\"image\":{\"@id\":\"https:\\\/\\\/radioljubuski.ba\\\/index.php\\\/2021\\\/09\\\/18\\\/penava-odlucit-cu-za-desetak-dana-o-kandidaturi-za-predsjednika-dp-a\\\/#primaryimage\"},\"thumbnailUrl\":\"https:\\\/\\\/radioljubuski.ba\\\/wp-content\\\/uploads\\\/2021\\\/09\\\/HN20200731670280-696x474-1.jpg\",\"datePublished\":\"2021-09-18T22:02:48+00:00\",\"dateModified\":\"2021-09-18T22:02:49+00:00\",\"breadcrumb\":{\"@id\":\"https:\\\/\\\/radioljubuski.ba\\\/index.php\\\/2021\\\/09\\\/18\\\/penava-odlucit-cu-za-desetak-dana-o-kandidaturi-za-predsjednika-dp-a\\\/#breadcrumb\"},\"inLanguage\":\"hr\",\"potentialAction\":[{\"@type\":\"ReadAction\",\"target\":[\"https:\\\/\\\/radioljubuski.ba\\\/index.php\\\/2021\\\/09\\\/18\\\/penava-odlucit-cu-za-desetak-dana-o-kandidaturi-za-predsjednika-dp-a\\\/\"]}]},{\"@type\":\"ImageObject\",\"inLanguage\":\"hr\",\"@id\":\"https:\\\/\\\/radioljubuski.ba\\\/index.php\\\/2021\\\/09\\\/18\\\/penava-odlucit-cu-za-desetak-dana-o-kandidaturi-za-predsjednika-dp-a\\\/#primaryimage\",\"url\":\"https:\\\/\\\/radioljubuski.ba\\\/wp-content\\\/uploads\\\/2021\\\/09\\\/HN20200731670280-696x474-1.jpg\",\"contentUrl\":\"https:\\\/\\\/radioljubuski.ba\\\/wp-content\\\/uploads\\\/2021\\\/09\\\/HN20200731670280-696x474-1.jpg\",\"width\":696,\"height\":474},{\"@type\":\"BreadcrumbList\",\"@id\":\"https:\\\/\\\/radioljubuski.ba\\\/index.php\\\/2021\\\/09\\\/18\\\/penava-odlucit-cu-za-desetak-dana-o-kandidaturi-za-predsjednika-dp-a\\\/#breadcrumb\",\"itemListElement\":[{\"@type\":\"ListItem\",\"position\":1,\"name\":\"Po\u010detna stranica\",\"item\":\"https:\\\/\\\/radioljubuski.ba\\\/\"},{\"@type\":\"ListItem\",\"position\":2,\"name\":\"Penava: Odlu\u010dit \u0107u za desetak dana o kandidaturi za predsjednika DP-a\"}]},{\"@type\":\"WebSite\",\"@id\":\"https:\\\/\\\/radioljubuski.ba\\\/#website\",\"url\":\"https:\\\/\\\/radioljubuski.ba\\\/\",\"name\":\"Radio Ljubu\u0161ki\",\"description\":\"Sun\u010dana frekvencija Hercegovine\",\"publisher\":{\"@id\":\"https:\\\/\\\/radioljubuski.ba\\\/#organization\"},\"potentialAction\":[{\"@type\":\"SearchAction\",\"target\":{\"@type\":\"EntryPoint\",\"urlTemplate\":\"https:\\\/\\\/radioljubuski.ba\\\/?s={search_term_string}\"},\"query-input\":{\"@type\":\"PropertyValueSpecification\",\"valueRequired\":true,\"valueName\":\"search_term_string\"}}],\"inLanguage\":\"hr\"},{\"@type\":\"Organization\",\"@id\":\"https:\\\/\\\/radioljubuski.ba\\\/#organization\",\"name\":\"Radio Ljubu\u0161ki\",\"url\":\"https:\\\/\\\/radioljubuski.ba\\\/\",\"logo\":{\"@type\":\"ImageObject\",\"inLanguage\":\"hr\",\"@id\":\"https:\\\/\\\/radioljubuski.ba\\\/#\\\/schema\\\/logo\\\/image\\\/\",\"url\":\"https:\\\/\\\/radioljubuski.ba\\\/wp-content\\\/uploads\\\/2021\\\/02\\\/cropped-Radio_Ljubuski_logo1.jpg\",\"contentUrl\":\"https:\\\/\\\/radioljubuski.ba\\\/wp-content\\\/uploads\\\/2021\\\/02\\\/cropped-Radio_Ljubuski_logo1.jpg\",\"width\":512,\"height\":512,\"caption\":\"Radio Ljubu\u0161ki\"},\"image\":{\"@id\":\"https:\\\/\\\/radioljubuski.ba\\\/#\\\/schema\\\/logo\\\/image\\\/\"},\"sameAs\":[\"https:\\\/\\\/www.facebook.com\\\/Radiio-Ljubuski-1490835324566332\",\"https:\\\/\\\/x.com\\\/radioljubuski\",\"https:\\\/\\\/hr.linkedin.com\\\/company\\\/radio-ljubuski\",\"https:\\\/\\\/www.youtube.com\\\/channel\\\/UCHYaeO_n0Db3tjNGudGpXyw\"]},{\"@type\":\"Person\",\"@id\":\"https:\\\/\\\/radioljubuski.ba\\\/#\\\/schema\\\/person\\\/19fc700381a780f69665d7956c469e3b\",\"name\":\"Radio Ljubu\u0161ki\"}]}<\/script>\n<!-- \/ Yoast SEO plugin. -->","yoast_head_json":{"title":"Penava: Odlu\u010dit \u0107u za desetak dana o kandidaturi za predsjednika DP-a - RADIO LJUBU\u0160KI","robots":{"index":"index","follow":"follow","max-snippet":"max-snippet:-1","max-image-preview":"max-image-preview:large","max-video-preview":"max-video-preview:-1"},"canonical":"https:\/\/radioljubuski.ba\/index.php\/2021\/09\/18\/penava-odlucit-cu-za-desetak-dana-o-kandidaturi-za-predsjednika-dp-a\/","og_locale":"hr_HR","og_type":"article","og_title":"Penava: Odlu\u010dit \u0107u za desetak dana o kandidaturi za predsjednika DP-a - RADIO LJUBU\u0160KI","og_description":"Gradona\u010delnik Vukovara Ivan Penava komentirao je za&nbsp;N1&nbsp;svoju mogu\u0107u kandidaturu za predsjednika Domovinskog pokreta. Ka\u017ee da \u0107e odlu\u010diti za 10-ak dana. Penava je rekao i kako \u0107e usprkos te\u0161kim odnosima s premijerom Andrejem Plenkovi\u0107em biti dio slu\u017ebenog protokola na obilje\u017eavanju 30. obljetnice bitke za Vukovar te da \u0107e polo\u017eiti vijenac. Do ideje o obilje\u017eavanju ove obljetnice [&hellip;]","og_url":"https:\/\/radioljubuski.ba\/index.php\/2021\/09\/18\/penava-odlucit-cu-za-desetak-dana-o-kandidaturi-za-predsjednika-dp-a\/","og_site_name":"RADIO LJUBU\u0160KI","article_publisher":"https:\/\/www.facebook.com\/Radiio-Ljubuski-1490835324566332","article_published_time":"2021-09-18T22:02:48+00:00","article_modified_time":"2021-09-18T22:02:49+00:00","og_image":[{"width":696,"height":474,"url":"https:\/\/radioljubuski.ba\/wp-content\/uploads\/2021\/09\/HN20200731670280-696x474-1.jpg","type":"image\/jpeg"}],"author":"Radio Ljubu\u0161ki","twitter_card":"summary_large_image","twitter_creator":"@radioljubuski","twitter_site":"@radioljubuski","twitter_misc":{"Napisao\/la":"Radio Ljubu\u0161ki","Procijenjeno vrijeme \u010ditanja":"3 minute"},"schema":{"@context":"https:\/\/schema.org","@graph":[{"@type":"Article","@id":"https:\/\/radioljubuski.ba\/index.php\/2021\/09\/18\/penava-odlucit-cu-za-desetak-dana-o-kandidaturi-za-predsjednika-dp-a\/#article","isPartOf":{"@id":"https:\/\/radioljubuski.ba\/index.php\/2021\/09\/18\/penava-odlucit-cu-za-desetak-dana-o-kandidaturi-za-predsjednika-dp-a\/"},"author":{"name":"Radio Ljubu\u0161ki","@id":"https:\/\/radioljubuski.ba\/#\/schema\/person\/19fc700381a780f69665d7956c469e3b"},"headline":"Penava: Odlu\u010dit \u0107u za desetak dana o kandidaturi za predsjednika DP-a","datePublished":"2021-09-18T22:02:48+00:00","dateModified":"2021-09-18T22:02:49+00:00","mainEntityOfPage":{"@id":"https:\/\/radioljubuski.ba\/index.php\/2021\/09\/18\/penava-odlucit-cu-za-desetak-dana-o-kandidaturi-za-predsjednika-dp-a\/"},"wordCount":720,"publisher":{"@id":"https:\/\/radioljubuski.ba\/#organization"},"image":{"@id":"https:\/\/radioljubuski.ba\/index.php\/2021\/09\/18\/penava-odlucit-cu-za-desetak-dana-o-kandidaturi-za-predsjednika-dp-a\/#primaryimage"},"thumbnailUrl":"https:\/\/radioljubuski.ba\/wp-content\/uploads\/2021\/09\/HN20200731670280-696x474-1.jpg","articleSection":["BIH i regija"],"inLanguage":"hr"},{"@type":"WebPage","@id":"https:\/\/radioljubuski.ba\/index.php\/2021\/09\/18\/penava-odlucit-cu-za-desetak-dana-o-kandidaturi-za-predsjednika-dp-a\/","url":"https:\/\/radioljubuski.ba\/index.php\/2021\/09\/18\/penava-odlucit-cu-za-desetak-dana-o-kandidaturi-za-predsjednika-dp-a\/","name":"Penava: Odlu\u010dit \u0107u za desetak dana o kandidaturi za predsjednika DP-a - RADIO LJUBU\u0160KI","isPartOf":{"@id":"https:\/\/radioljubuski.ba\/#website"},"primaryImageOfPage":{"@id":"https:\/\/radioljubuski.ba\/index.php\/2021\/09\/18\/penava-odlucit-cu-za-desetak-dana-o-kandidaturi-za-predsjednika-dp-a\/#primaryimage"},"image":{"@id":"https:\/\/radioljubuski.ba\/index.php\/2021\/09\/18\/penava-odlucit-cu-za-desetak-dana-o-kandidaturi-za-predsjednika-dp-a\/#primaryimage"},"thumbnailUrl":"https:\/\/radioljubuski.ba\/wp-content\/uploads\/2021\/09\/HN20200731670280-696x474-1.jpg","datePublished":"2021-09-18T22:02:48+00:00","dateModified":"2021-09-18T22:02:49+00:00","breadcrumb":{"@id":"https:\/\/radioljubuski.ba\/index.php\/2021\/09\/18\/penava-odlucit-cu-za-desetak-dana-o-kandidaturi-za-predsjednika-dp-a\/#breadcrumb"},"inLanguage":"hr","potentialAction":[{"@type":"ReadAction","target":["https:\/\/radioljubuski.ba\/index.php\/2021\/09\/18\/penava-odlucit-cu-za-desetak-dana-o-kandidaturi-za-predsjednika-dp-a\/"]}]},{"@type":"ImageObject","inLanguage":"hr","@id":"https:\/\/radioljubuski.ba\/index.php\/2021\/09\/18\/penava-odlucit-cu-za-desetak-dana-o-kandidaturi-za-predsjednika-dp-a\/#primaryimage","url":"https:\/\/radioljubuski.ba\/wp-content\/uploads\/2021\/09\/HN20200731670280-696x474-1.jpg","contentUrl":"https:\/\/radioljubuski.ba\/wp-content\/uploads\/2021\/09\/HN20200731670280-696x474-1.jpg","width":696,"height":474},{"@type":"BreadcrumbList","@id":"https:\/\/radioljubuski.ba\/index.php\/2021\/09\/18\/penava-odlucit-cu-za-desetak-dana-o-kandidaturi-za-predsjednika-dp-a\/#breadcrumb","itemListElement":[{"@type":"ListItem","position":1,"name":"Po\u010detna stranica","item":"https:\/\/radioljubuski.ba\/"},{"@type":"ListItem","position":2,"name":"Penava: Odlu\u010dit \u0107u za desetak dana o kandidaturi za predsjednika DP-a"}]},{"@type":"WebSite","@id":"https:\/\/radioljubuski.ba\/#website","url":"https:\/\/radioljubuski.ba\/","name":"Radio Ljubu\u0161ki","description":"Sun\u010dana frekvencija Hercegovine","publisher":{"@id":"https:\/\/radioljubuski.ba\/#organization"},"potentialAction":[{"@type":"SearchAction","target":{"@type":"EntryPoint","urlTemplate":"https:\/\/radioljubuski.ba\/?s={search_term_string}"},"query-input":{"@type":"PropertyValueSpecification","valueRequired":true,"valueName":"search_term_string"}}],"inLanguage":"hr"},{"@type":"Organization","@id":"https:\/\/radioljubuski.ba\/#organization","name":"Radio Ljubu\u0161ki","url":"https:\/\/radioljubuski.ba\/","logo":{"@type":"ImageObject","inLanguage":"hr","@id":"https:\/\/radioljubuski.ba\/#\/schema\/logo\/image\/","url":"https:\/\/radioljubuski.ba\/wp-content\/uploads\/2021\/02\/cropped-Radio_Ljubuski_logo1.jpg","contentUrl":"https:\/\/radioljubuski.ba\/wp-content\/uploads\/2021\/02\/cropped-Radio_Ljubuski_logo1.jpg","width":512,"height":512,"caption":"Radio Ljubu\u0161ki"},"image":{"@id":"https:\/\/radioljubuski.ba\/#\/schema\/logo\/image\/"},"sameAs":["https:\/\/www.facebook.com\/Radiio-Ljubuski-1490835324566332","https:\/\/x.com\/radioljubuski","https:\/\/hr.linkedin.com\/company\/radio-ljubuski","https:\/\/www.youtube.com\/channel\/UCHYaeO_n0Db3tjNGudGpXyw"]},{"@type":"Person","@id":"https:\/\/radioljubuski.ba\/#\/schema\/person\/19fc700381a780f69665d7956c469e3b","name":"Radio Ljubu\u0161ki"}]}},"_links":{"self":[{"href":"https:\/\/radioljubuski.ba\/index.php\/wp-json\/wp\/v2\/posts\/65273","targetHints":{"allow":["GET"]}}],"collection":[{"href":"https:\/\/radioljubuski.ba\/index.php\/wp-json\/wp\/v2\/posts"}],"about":[{"href":"https:\/\/radioljubuski.ba\/index.php\/wp-json\/wp\/v2\/types\/post"}],"author":[{"embeddable":true,"href":"https:\/\/radioljubuski.ba\/index.php\/wp-json\/wp\/v2\/users\/2"}],"replies":[{"embeddable":true,"href":"https:\/\/radioljubuski.ba\/index.php\/wp-json\/wp\/v2\/comments?post=65273"}],"version-history":[{"count":1,"href":"https:\/\/radioljubuski.ba\/index.php\/wp-json\/wp\/v2\/posts\/65273\/revisions"}],"predecessor-version":[{"id":65275,"href":"https:\/\/radioljubuski.ba\/index.php\/wp-json\/wp\/v2\/posts\/65273\/revisions\/65275"}],"wp:featuredmedia":[{"embeddable":true,"href":"https:\/\/radioljubuski.ba\/index.php\/wp-json\/wp\/v2\/media\/65274"}],"wp:attachment":[{"href":"https:\/\/radioljubuski.ba\/index.php\/wp-json\/wp\/v2\/media?parent=65273"}],"wp:term":[{"taxonomy":"category","embeddable":true,"href":"https:\/\/radioljubuski.ba\/index.php\/wp-json\/wp\/v2\/categories?post=65273"},{"taxonomy":"post_tag","embeddable":true,"href":"https:\/\/radioljubuski.ba\/index.php\/wp-json\/wp\/v2\/tags?post=65273"}],"curies":[{"name":"wp","href":"https:\/\/api.w.org\/{rel}","templated":true}]}}