{"id":65279,"date":"2021-09-18T23:05:53","date_gmt":"2021-09-18T22:05:53","guid":{"rendered":"https:\/\/radioljubuski.ba\/?p=65279"},"modified":"2021-09-18T23:05:54","modified_gmt":"2021-09-18T22:05:54","slug":"hodzic-ako-je-bosnjaka-u-hrvatskoj-vise-za-10-000-mozemo-pregovarati-o-svojoj-izbornoj-jedinici","status":"publish","type":"post","link":"https:\/\/radioljubuski.ba\/index.php\/2021\/09\/18\/hodzic-ako-je-bosnjaka-u-hrvatskoj-vise-za-10-000-mozemo-pregovarati-o-svojoj-izbornoj-jedinici\/","title":{"rendered":"Hod\u017ei\u0107: Ako je Bo\u0161njaka u Hrvatskoj vi\u0161e za 10.000 mo\u017eemo pregovarati o svojoj izbornoj jedinici"},"content":{"rendered":"\n<p>Popis stanovni\u0161tva posebno je va\u017ean za pripadnike manjina, zato \u0161to su njihova prava u velikoj mjeri odre\u0111ena brojkama i postotcima. Ujedinjene bo\u0161nja\u010dke organizacije u Hrvatskoj prvi put su pokrenule kampanju informiranja javnosti za popis stanovni\u0161tva \u201cJa sam Bo\u0161njak!\u201c. Armin Hod\u017ei\u0107, predsjednik Vije\u0107a bo\u0161nja\u010dke nacionalne manjine Grada Zagreba o tome je govorio za&nbsp;<a href=\"https:\/\/hr.n1info.com\/vijesti\/bude-li-broj-bosnjaka-veci-mozemo-poceti-pregovore-o-svojoj-izbornoj-jedinici\/\">N1<\/a>.<\/p>\n\n\n\n<p>\u201cBitno je naglasiti: Ljudi koji se izja\u0161njavaju kao Muslimani s velikim M odnosno nazivaju\u0107i sebe onako kako su se Bo\u0161njaci zvali prije 93-\u0107e godine, njih preambula Ustava ne prepoznaje kao nacionalnu manjinu i ne mogu koristiti prava nacionalnih manjina. To je trenutno jedina grupacija koja ne pripada u kategoriju manjina a ni domicilnom stanovni\u0161tvu. \u2018Ja sam Bo\u0161njak\u2019 je informativna kampanja, ne hu\u0161ka\u010dka\u201d, ka\u017ee Hod\u017ei\u0107.<\/p>\n\n\n\n<p>\u201cNa zadnjem popisu stanovni\u0161tva je bilo 31.479 Bo\u0161njaka, oko 9500 Muslimana i 10.500 ljudi koji su se izjasnili kao Hrvati islamske vjeroispovjesti. Ljudi se izja\u0161njavaju u skladu sa svojim uvjerenjem. Mi vjerujemo da je Bo\u0161njaka vi\u0161e za oko 10.000\u201d, ka\u017ee.<\/p>\n\n\n\n<p>\u201cKada bi se broj Bo\u0161njaka u Hrvatskoj podignuo za taj broj onda bismo mogli po\u010deti s razgovorima o tome da Bo\u0161njaci imaju svoju izbornu jedinicu s obzirom na brojnost, a Bo\u0161njaci su ve\u0107 i sada druga po broju nacionalna manjina u Hrvatskoj\u201d, ka\u017ee.<\/p>\n\n\n\n<p>U Hrvatskom saboru trenutno ima 8 predstavnika nacionalnih manjina, a bo\u0161nja\u010dku, albansku, slovensku, crnogorsku i makedonsku zastupa saborska zastupnica Ermina Lekaj Prljaskaj, iz redova albanske nacionalne manjine.<\/p>\n\n\n\n<p><em>Izvor: narod.hr\/N1<\/em><\/p>\n","protected":false},"excerpt":{"rendered":"<p>Popis stanovni\u0161tva posebno je va\u017ean za pripadnike manjina, zato \u0161to su njihova prava u velikoj mjeri odre\u0111ena brojkama i postotcima. Ujedinjene bo\u0161nja\u010dke organizacije u Hrvatskoj prvi put su pokrenule kampanju informiranja javnosti za popis stanovni\u0161tva \u201cJa sam Bo\u0161njak!\u201c. Armin Hod\u017ei\u0107, predsjednik Vije\u0107a bo\u0161nja\u010dke nacionalne manjine Grada Zagreba o tome je govorio za&nbsp;N1. \u201cBitno je naglasiti: [&hellip;]<\/p>\n","protected":false},"author":2,"featured_media":65280,"comment_status":"closed","ping_status":"closed","sticky":false,"template":"","format":"standard","meta":{"h5ap_radio_sources":[],"footnotes":""},"categories":[1],"tags":[],"class_list":["post-65279","post","type-post","status-publish","format-standard","has-post-thumbnail","hentry","category-bihiregija"],"yoast_head":"<!-- This site is optimized with the Yoast SEO plugin v27.5 - https:\/\/yoast.com\/product\/yoast-seo-wordpress\/ -->\n<title>Hod\u017ei\u0107: Ako je Bo\u0161njaka u Hrvatskoj vi\u0161e za 10.000 mo\u017eemo pregovarati o svojoj izbornoj jedinici - RADIO LJUBU\u0160KI<\/title>\n<meta name=\"robots\" content=\"index, follow, max-snippet:-1, max-image-preview:large, max-video-preview:-1\" \/>\n<link rel=\"canonical\" href=\"https:\/\/radioljubuski.ba\/index.php\/2021\/09\/18\/hodzic-ako-je-bosnjaka-u-hrvatskoj-vise-za-10-000-mozemo-pregovarati-o-svojoj-izbornoj-jedinici\/\" \/>\n<meta property=\"og:locale\" content=\"hr_HR\" \/>\n<meta property=\"og:type\" content=\"article\" \/>\n<meta property=\"og:title\" content=\"Hod\u017ei\u0107: Ako je Bo\u0161njaka u Hrvatskoj vi\u0161e za 10.000 mo\u017eemo pregovarati o svojoj izbornoj jedinici - RADIO LJUBU\u0160KI\" \/>\n<meta property=\"og:description\" content=\"Popis stanovni\u0161tva posebno je va\u017ean za pripadnike manjina, zato \u0161to su njihova prava u velikoj mjeri odre\u0111ena brojkama i postotcima. Ujedinjene bo\u0161nja\u010dke organizacije u Hrvatskoj prvi put su pokrenule kampanju informiranja javnosti za popis stanovni\u0161tva \u201cJa sam Bo\u0161njak!\u201c. Armin Hod\u017ei\u0107, predsjednik Vije\u0107a bo\u0161nja\u010dke nacionalne manjine Grada Zagreba o tome je govorio za&nbsp;N1. \u201cBitno je naglasiti: [&hellip;]\" \/>\n<meta property=\"og:url\" content=\"https:\/\/radioljubuski.ba\/index.php\/2021\/09\/18\/hodzic-ako-je-bosnjaka-u-hrvatskoj-vise-za-10-000-mozemo-pregovarati-o-svojoj-izbornoj-jedinici\/\" \/>\n<meta property=\"og:site_name\" content=\"RADIO LJUBU\u0160KI\" \/>\n<meta property=\"article:publisher\" content=\"https:\/\/www.facebook.com\/Radiio-Ljubuski-1490835324566332\" \/>\n<meta property=\"article:published_time\" content=\"2021-09-18T22:05:53+00:00\" \/>\n<meta property=\"article:modified_time\" content=\"2021-09-18T22:05:54+00:00\" \/>\n<meta property=\"og:image\" content=\"https:\/\/radioljubuski.ba\/wp-content\/uploads\/2021\/09\/armin-hodzic-750x422-1-696x392-1.jpg\" \/>\n\t<meta property=\"og:image:width\" content=\"696\" \/>\n\t<meta property=\"og:image:height\" content=\"392\" \/>\n\t<meta property=\"og:image:type\" content=\"image\/jpeg\" \/>\n<meta name=\"author\" content=\"Radio Ljubu\u0161ki\" \/>\n<meta name=\"twitter:card\" content=\"summary_large_image\" \/>\n<meta name=\"twitter:creator\" content=\"@radioljubuski\" \/>\n<meta name=\"twitter:site\" content=\"@radioljubuski\" \/>\n<meta name=\"twitter:label1\" content=\"Napisao\/la\" \/>\n\t<meta name=\"twitter:data1\" content=\"Radio Ljubu\u0161ki\" \/>\n\t<meta name=\"twitter:label2\" content=\"Procijenjeno vrijeme \u010ditanja\" \/>\n\t<meta name=\"twitter:data2\" content=\"2 minute\" \/>\n<script type=\"application\/ld+json\" class=\"yoast-schema-graph\">{\"@context\":\"https:\\\/\\\/schema.org\",\"@graph\":[{\"@type\":\"Article\",\"@id\":\"https:\\\/\\\/radioljubuski.ba\\\/index.php\\\/2021\\\/09\\\/18\\\/hodzic-ako-je-bosnjaka-u-hrvatskoj-vise-za-10-000-mozemo-pregovarati-o-svojoj-izbornoj-jedinici\\\/#article\",\"isPartOf\":{\"@id\":\"https:\\\/\\\/radioljubuski.ba\\\/index.php\\\/2021\\\/09\\\/18\\\/hodzic-ako-je-bosnjaka-u-hrvatskoj-vise-za-10-000-mozemo-pregovarati-o-svojoj-izbornoj-jedinici\\\/\"},\"author\":{\"name\":\"Radio Ljubu\u0161ki\",\"@id\":\"https:\\\/\\\/radioljubuski.ba\\\/#\\\/schema\\\/person\\\/19fc700381a780f69665d7956c469e3b\"},\"headline\":\"Hod\u017ei\u0107: Ako je Bo\u0161njaka u Hrvatskoj vi\u0161e za 10.000 mo\u017eemo pregovarati o svojoj izbornoj jedinici\",\"datePublished\":\"2021-09-18T22:05:53+00:00\",\"dateModified\":\"2021-09-18T22:05:54+00:00\",\"mainEntityOfPage\":{\"@id\":\"https:\\\/\\\/radioljubuski.ba\\\/index.php\\\/2021\\\/09\\\/18\\\/hodzic-ako-je-bosnjaka-u-hrvatskoj-vise-za-10-000-mozemo-pregovarati-o-svojoj-izbornoj-jedinici\\\/\"},\"wordCount\":279,\"publisher\":{\"@id\":\"https:\\\/\\\/radioljubuski.ba\\\/#organization\"},\"image\":{\"@id\":\"https:\\\/\\\/radioljubuski.ba\\\/index.php\\\/2021\\\/09\\\/18\\\/hodzic-ako-je-bosnjaka-u-hrvatskoj-vise-za-10-000-mozemo-pregovarati-o-svojoj-izbornoj-jedinici\\\/#primaryimage\"},\"thumbnailUrl\":\"https:\\\/\\\/radioljubuski.ba\\\/wp-content\\\/uploads\\\/2021\\\/09\\\/armin-hodzic-750x422-1-696x392-1.jpg\",\"articleSection\":[\"BIH i regija\"],\"inLanguage\":\"hr\"},{\"@type\":\"WebPage\",\"@id\":\"https:\\\/\\\/radioljubuski.ba\\\/index.php\\\/2021\\\/09\\\/18\\\/hodzic-ako-je-bosnjaka-u-hrvatskoj-vise-za-10-000-mozemo-pregovarati-o-svojoj-izbornoj-jedinici\\\/\",\"url\":\"https:\\\/\\\/radioljubuski.ba\\\/index.php\\\/2021\\\/09\\\/18\\\/hodzic-ako-je-bosnjaka-u-hrvatskoj-vise-za-10-000-mozemo-pregovarati-o-svojoj-izbornoj-jedinici\\\/\",\"name\":\"Hod\u017ei\u0107: Ako je Bo\u0161njaka u Hrvatskoj vi\u0161e za 10.000 mo\u017eemo pregovarati o svojoj izbornoj jedinici - RADIO LJUBU\u0160KI\",\"isPartOf\":{\"@id\":\"https:\\\/\\\/radioljubuski.ba\\\/#website\"},\"primaryImageOfPage\":{\"@id\":\"https:\\\/\\\/radioljubuski.ba\\\/index.php\\\/2021\\\/09\\\/18\\\/hodzic-ako-je-bosnjaka-u-hrvatskoj-vise-za-10-000-mozemo-pregovarati-o-svojoj-izbornoj-jedinici\\\/#primaryimage\"},\"image\":{\"@id\":\"https:\\\/\\\/radioljubuski.ba\\\/index.php\\\/2021\\\/09\\\/18\\\/hodzic-ako-je-bosnjaka-u-hrvatskoj-vise-za-10-000-mozemo-pregovarati-o-svojoj-izbornoj-jedinici\\\/#primaryimage\"},\"thumbnailUrl\":\"https:\\\/\\\/radioljubuski.ba\\\/wp-content\\\/uploads\\\/2021\\\/09\\\/armin-hodzic-750x422-1-696x392-1.jpg\",\"datePublished\":\"2021-09-18T22:05:53+00:00\",\"dateModified\":\"2021-09-18T22:05:54+00:00\",\"breadcrumb\":{\"@id\":\"https:\\\/\\\/radioljubuski.ba\\\/index.php\\\/2021\\\/09\\\/18\\\/hodzic-ako-je-bosnjaka-u-hrvatskoj-vise-za-10-000-mozemo-pregovarati-o-svojoj-izbornoj-jedinici\\\/#breadcrumb\"},\"inLanguage\":\"hr\",\"potentialAction\":[{\"@type\":\"ReadAction\",\"target\":[\"https:\\\/\\\/radioljubuski.ba\\\/index.php\\\/2021\\\/09\\\/18\\\/hodzic-ako-je-bosnjaka-u-hrvatskoj-vise-za-10-000-mozemo-pregovarati-o-svojoj-izbornoj-jedinici\\\/\"]}]},{\"@type\":\"ImageObject\",\"inLanguage\":\"hr\",\"@id\":\"https:\\\/\\\/radioljubuski.ba\\\/index.php\\\/2021\\\/09\\\/18\\\/hodzic-ako-je-bosnjaka-u-hrvatskoj-vise-za-10-000-mozemo-pregovarati-o-svojoj-izbornoj-jedinici\\\/#primaryimage\",\"url\":\"https:\\\/\\\/radioljubuski.ba\\\/wp-content\\\/uploads\\\/2021\\\/09\\\/armin-hodzic-750x422-1-696x392-1.jpg\",\"contentUrl\":\"https:\\\/\\\/radioljubuski.ba\\\/wp-content\\\/uploads\\\/2021\\\/09\\\/armin-hodzic-750x422-1-696x392-1.jpg\",\"width\":696,\"height\":392},{\"@type\":\"BreadcrumbList\",\"@id\":\"https:\\\/\\\/radioljubuski.ba\\\/index.php\\\/2021\\\/09\\\/18\\\/hodzic-ako-je-bosnjaka-u-hrvatskoj-vise-za-10-000-mozemo-pregovarati-o-svojoj-izbornoj-jedinici\\\/#breadcrumb\",\"itemListElement\":[{\"@type\":\"ListItem\",\"position\":1,\"name\":\"Po\u010detna stranica\",\"item\":\"https:\\\/\\\/radioljubuski.ba\\\/\"},{\"@type\":\"ListItem\",\"position\":2,\"name\":\"Hod\u017ei\u0107: Ako je Bo\u0161njaka u Hrvatskoj vi\u0161e za 10.000 mo\u017eemo pregovarati o svojoj izbornoj jedinici\"}]},{\"@type\":\"WebSite\",\"@id\":\"https:\\\/\\\/radioljubuski.ba\\\/#website\",\"url\":\"https:\\\/\\\/radioljubuski.ba\\\/\",\"name\":\"Radio Ljubu\u0161ki\",\"description\":\"Sun\u010dana frekvencija Hercegovine\",\"publisher\":{\"@id\":\"https:\\\/\\\/radioljubuski.ba\\\/#organization\"},\"potentialAction\":[{\"@type\":\"SearchAction\",\"target\":{\"@type\":\"EntryPoint\",\"urlTemplate\":\"https:\\\/\\\/radioljubuski.ba\\\/?s={search_term_string}\"},\"query-input\":{\"@type\":\"PropertyValueSpecification\",\"valueRequired\":true,\"valueName\":\"search_term_string\"}}],\"inLanguage\":\"hr\"},{\"@type\":\"Organization\",\"@id\":\"https:\\\/\\\/radioljubuski.ba\\\/#organization\",\"name\":\"Radio Ljubu\u0161ki\",\"url\":\"https:\\\/\\\/radioljubuski.ba\\\/\",\"logo\":{\"@type\":\"ImageObject\",\"inLanguage\":\"hr\",\"@id\":\"https:\\\/\\\/radioljubuski.ba\\\/#\\\/schema\\\/logo\\\/image\\\/\",\"url\":\"https:\\\/\\\/radioljubuski.ba\\\/wp-content\\\/uploads\\\/2021\\\/02\\\/cropped-Radio_Ljubuski_logo1.jpg\",\"contentUrl\":\"https:\\\/\\\/radioljubuski.ba\\\/wp-content\\\/uploads\\\/2021\\\/02\\\/cropped-Radio_Ljubuski_logo1.jpg\",\"width\":512,\"height\":512,\"caption\":\"Radio Ljubu\u0161ki\"},\"image\":{\"@id\":\"https:\\\/\\\/radioljubuski.ba\\\/#\\\/schema\\\/logo\\\/image\\\/\"},\"sameAs\":[\"https:\\\/\\\/www.facebook.com\\\/Radiio-Ljubuski-1490835324566332\",\"https:\\\/\\\/x.com\\\/radioljubuski\",\"https:\\\/\\\/hr.linkedin.com\\\/company\\\/radio-ljubuski\",\"https:\\\/\\\/www.youtube.com\\\/channel\\\/UCHYaeO_n0Db3tjNGudGpXyw\"]},{\"@type\":\"Person\",\"@id\":\"https:\\\/\\\/radioljubuski.ba\\\/#\\\/schema\\\/person\\\/19fc700381a780f69665d7956c469e3b\",\"name\":\"Radio Ljubu\u0161ki\"}]}<\/script>\n<!-- \/ Yoast SEO plugin. -->","yoast_head_json":{"title":"Hod\u017ei\u0107: Ako je Bo\u0161njaka u Hrvatskoj vi\u0161e za 10.000 mo\u017eemo pregovarati o svojoj izbornoj jedinici - RADIO LJUBU\u0160KI","robots":{"index":"index","follow":"follow","max-snippet":"max-snippet:-1","max-image-preview":"max-image-preview:large","max-video-preview":"max-video-preview:-1"},"canonical":"https:\/\/radioljubuski.ba\/index.php\/2021\/09\/18\/hodzic-ako-je-bosnjaka-u-hrvatskoj-vise-za-10-000-mozemo-pregovarati-o-svojoj-izbornoj-jedinici\/","og_locale":"hr_HR","og_type":"article","og_title":"Hod\u017ei\u0107: Ako je Bo\u0161njaka u Hrvatskoj vi\u0161e za 10.000 mo\u017eemo pregovarati o svojoj izbornoj jedinici - RADIO LJUBU\u0160KI","og_description":"Popis stanovni\u0161tva posebno je va\u017ean za pripadnike manjina, zato \u0161to su njihova prava u velikoj mjeri odre\u0111ena brojkama i postotcima. Ujedinjene bo\u0161nja\u010dke organizacije u Hrvatskoj prvi put su pokrenule kampanju informiranja javnosti za popis stanovni\u0161tva \u201cJa sam Bo\u0161njak!\u201c. Armin Hod\u017ei\u0107, predsjednik Vije\u0107a bo\u0161nja\u010dke nacionalne manjine Grada Zagreba o tome je govorio za&nbsp;N1. \u201cBitno je naglasiti: [&hellip;]","og_url":"https:\/\/radioljubuski.ba\/index.php\/2021\/09\/18\/hodzic-ako-je-bosnjaka-u-hrvatskoj-vise-za-10-000-mozemo-pregovarati-o-svojoj-izbornoj-jedinici\/","og_site_name":"RADIO LJUBU\u0160KI","article_publisher":"https:\/\/www.facebook.com\/Radiio-Ljubuski-1490835324566332","article_published_time":"2021-09-18T22:05:53+00:00","article_modified_time":"2021-09-18T22:05:54+00:00","og_image":[{"width":696,"height":392,"url":"https:\/\/radioljubuski.ba\/wp-content\/uploads\/2021\/09\/armin-hodzic-750x422-1-696x392-1.jpg","type":"image\/jpeg"}],"author":"Radio Ljubu\u0161ki","twitter_card":"summary_large_image","twitter_creator":"@radioljubuski","twitter_site":"@radioljubuski","twitter_misc":{"Napisao\/la":"Radio Ljubu\u0161ki","Procijenjeno vrijeme \u010ditanja":"2 minute"},"schema":{"@context":"https:\/\/schema.org","@graph":[{"@type":"Article","@id":"https:\/\/radioljubuski.ba\/index.php\/2021\/09\/18\/hodzic-ako-je-bosnjaka-u-hrvatskoj-vise-za-10-000-mozemo-pregovarati-o-svojoj-izbornoj-jedinici\/#article","isPartOf":{"@id":"https:\/\/radioljubuski.ba\/index.php\/2021\/09\/18\/hodzic-ako-je-bosnjaka-u-hrvatskoj-vise-za-10-000-mozemo-pregovarati-o-svojoj-izbornoj-jedinici\/"},"author":{"name":"Radio Ljubu\u0161ki","@id":"https:\/\/radioljubuski.ba\/#\/schema\/person\/19fc700381a780f69665d7956c469e3b"},"headline":"Hod\u017ei\u0107: Ako je Bo\u0161njaka u Hrvatskoj vi\u0161e za 10.000 mo\u017eemo pregovarati o svojoj izbornoj jedinici","datePublished":"2021-09-18T22:05:53+00:00","dateModified":"2021-09-18T22:05:54+00:00","mainEntityOfPage":{"@id":"https:\/\/radioljubuski.ba\/index.php\/2021\/09\/18\/hodzic-ako-je-bosnjaka-u-hrvatskoj-vise-za-10-000-mozemo-pregovarati-o-svojoj-izbornoj-jedinici\/"},"wordCount":279,"publisher":{"@id":"https:\/\/radioljubuski.ba\/#organization"},"image":{"@id":"https:\/\/radioljubuski.ba\/index.php\/2021\/09\/18\/hodzic-ako-je-bosnjaka-u-hrvatskoj-vise-za-10-000-mozemo-pregovarati-o-svojoj-izbornoj-jedinici\/#primaryimage"},"thumbnailUrl":"https:\/\/radioljubuski.ba\/wp-content\/uploads\/2021\/09\/armin-hodzic-750x422-1-696x392-1.jpg","articleSection":["BIH i regija"],"inLanguage":"hr"},{"@type":"WebPage","@id":"https:\/\/radioljubuski.ba\/index.php\/2021\/09\/18\/hodzic-ako-je-bosnjaka-u-hrvatskoj-vise-za-10-000-mozemo-pregovarati-o-svojoj-izbornoj-jedinici\/","url":"https:\/\/radioljubuski.ba\/index.php\/2021\/09\/18\/hodzic-ako-je-bosnjaka-u-hrvatskoj-vise-za-10-000-mozemo-pregovarati-o-svojoj-izbornoj-jedinici\/","name":"Hod\u017ei\u0107: Ako je Bo\u0161njaka u Hrvatskoj vi\u0161e za 10.000 mo\u017eemo pregovarati o svojoj izbornoj jedinici - RADIO LJUBU\u0160KI","isPartOf":{"@id":"https:\/\/radioljubuski.ba\/#website"},"primaryImageOfPage":{"@id":"https:\/\/radioljubuski.ba\/index.php\/2021\/09\/18\/hodzic-ako-je-bosnjaka-u-hrvatskoj-vise-za-10-000-mozemo-pregovarati-o-svojoj-izbornoj-jedinici\/#primaryimage"},"image":{"@id":"https:\/\/radioljubuski.ba\/index.php\/2021\/09\/18\/hodzic-ako-je-bosnjaka-u-hrvatskoj-vise-za-10-000-mozemo-pregovarati-o-svojoj-izbornoj-jedinici\/#primaryimage"},"thumbnailUrl":"https:\/\/radioljubuski.ba\/wp-content\/uploads\/2021\/09\/armin-hodzic-750x422-1-696x392-1.jpg","datePublished":"2021-09-18T22:05:53+00:00","dateModified":"2021-09-18T22:05:54+00:00","breadcrumb":{"@id":"https:\/\/radioljubuski.ba\/index.php\/2021\/09\/18\/hodzic-ako-je-bosnjaka-u-hrvatskoj-vise-za-10-000-mozemo-pregovarati-o-svojoj-izbornoj-jedinici\/#breadcrumb"},"inLanguage":"hr","potentialAction":[{"@type":"ReadAction","target":["https:\/\/radioljubuski.ba\/index.php\/2021\/09\/18\/hodzic-ako-je-bosnjaka-u-hrvatskoj-vise-za-10-000-mozemo-pregovarati-o-svojoj-izbornoj-jedinici\/"]}]},{"@type":"ImageObject","inLanguage":"hr","@id":"https:\/\/radioljubuski.ba\/index.php\/2021\/09\/18\/hodzic-ako-je-bosnjaka-u-hrvatskoj-vise-za-10-000-mozemo-pregovarati-o-svojoj-izbornoj-jedinici\/#primaryimage","url":"https:\/\/radioljubuski.ba\/wp-content\/uploads\/2021\/09\/armin-hodzic-750x422-1-696x392-1.jpg","contentUrl":"https:\/\/radioljubuski.ba\/wp-content\/uploads\/2021\/09\/armin-hodzic-750x422-1-696x392-1.jpg","width":696,"height":392},{"@type":"BreadcrumbList","@id":"https:\/\/radioljubuski.ba\/index.php\/2021\/09\/18\/hodzic-ako-je-bosnjaka-u-hrvatskoj-vise-za-10-000-mozemo-pregovarati-o-svojoj-izbornoj-jedinici\/#breadcrumb","itemListElement":[{"@type":"ListItem","position":1,"name":"Po\u010detna stranica","item":"https:\/\/radioljubuski.ba\/"},{"@type":"ListItem","position":2,"name":"Hod\u017ei\u0107: Ako je Bo\u0161njaka u Hrvatskoj vi\u0161e za 10.000 mo\u017eemo pregovarati o svojoj izbornoj jedinici"}]},{"@type":"WebSite","@id":"https:\/\/radioljubuski.ba\/#website","url":"https:\/\/radioljubuski.ba\/","name":"Radio Ljubu\u0161ki","description":"Sun\u010dana frekvencija Hercegovine","publisher":{"@id":"https:\/\/radioljubuski.ba\/#organization"},"potentialAction":[{"@type":"SearchAction","target":{"@type":"EntryPoint","urlTemplate":"https:\/\/radioljubuski.ba\/?s={search_term_string}"},"query-input":{"@type":"PropertyValueSpecification","valueRequired":true,"valueName":"search_term_string"}}],"inLanguage":"hr"},{"@type":"Organization","@id":"https:\/\/radioljubuski.ba\/#organization","name":"Radio Ljubu\u0161ki","url":"https:\/\/radioljubuski.ba\/","logo":{"@type":"ImageObject","inLanguage":"hr","@id":"https:\/\/radioljubuski.ba\/#\/schema\/logo\/image\/","url":"https:\/\/radioljubuski.ba\/wp-content\/uploads\/2021\/02\/cropped-Radio_Ljubuski_logo1.jpg","contentUrl":"https:\/\/radioljubuski.ba\/wp-content\/uploads\/2021\/02\/cropped-Radio_Ljubuski_logo1.jpg","width":512,"height":512,"caption":"Radio Ljubu\u0161ki"},"image":{"@id":"https:\/\/radioljubuski.ba\/#\/schema\/logo\/image\/"},"sameAs":["https:\/\/www.facebook.com\/Radiio-Ljubuski-1490835324566332","https:\/\/x.com\/radioljubuski","https:\/\/hr.linkedin.com\/company\/radio-ljubuski","https:\/\/www.youtube.com\/channel\/UCHYaeO_n0Db3tjNGudGpXyw"]},{"@type":"Person","@id":"https:\/\/radioljubuski.ba\/#\/schema\/person\/19fc700381a780f69665d7956c469e3b","name":"Radio Ljubu\u0161ki"}]}},"_links":{"self":[{"href":"https:\/\/radioljubuski.ba\/index.php\/wp-json\/wp\/v2\/posts\/65279","targetHints":{"allow":["GET"]}}],"collection":[{"href":"https:\/\/radioljubuski.ba\/index.php\/wp-json\/wp\/v2\/posts"}],"about":[{"href":"https:\/\/radioljubuski.ba\/index.php\/wp-json\/wp\/v2\/types\/post"}],"author":[{"embeddable":true,"href":"https:\/\/radioljubuski.ba\/index.php\/wp-json\/wp\/v2\/users\/2"}],"replies":[{"embeddable":true,"href":"https:\/\/radioljubuski.ba\/index.php\/wp-json\/wp\/v2\/comments?post=65279"}],"version-history":[{"count":1,"href":"https:\/\/radioljubuski.ba\/index.php\/wp-json\/wp\/v2\/posts\/65279\/revisions"}],"predecessor-version":[{"id":65281,"href":"https:\/\/radioljubuski.ba\/index.php\/wp-json\/wp\/v2\/posts\/65279\/revisions\/65281"}],"wp:featuredmedia":[{"embeddable":true,"href":"https:\/\/radioljubuski.ba\/index.php\/wp-json\/wp\/v2\/media\/65280"}],"wp:attachment":[{"href":"https:\/\/radioljubuski.ba\/index.php\/wp-json\/wp\/v2\/media?parent=65279"}],"wp:term":[{"taxonomy":"category","embeddable":true,"href":"https:\/\/radioljubuski.ba\/index.php\/wp-json\/wp\/v2\/categories?post=65279"},{"taxonomy":"post_tag","embeddable":true,"href":"https:\/\/radioljubuski.ba\/index.php\/wp-json\/wp\/v2\/tags?post=65279"}],"curies":[{"name":"wp","href":"https:\/\/api.w.org\/{rel}","templated":true}]}}