{"id":65282,"date":"2021-09-18T23:12:09","date_gmt":"2021-09-18T22:12:09","guid":{"rendered":"https:\/\/radioljubuski.ba\/?p=65282"},"modified":"2021-09-18T23:12:10","modified_gmt":"2021-09-18T22:12:10","slug":"godisnjica-bitke-za-vukovar-male-pobjede-kasnije-postale-velike-povijesne-pobjede","status":"publish","type":"post","link":"https:\/\/radioljubuski.ba\/index.php\/2021\/09\/18\/godisnjica-bitke-za-vukovar-male-pobjede-kasnije-postale-velike-povijesne-pobjede\/","title":{"rendered":"Godi\u0161njica bitke za Vukovar; &#8220;Male pobjede kasnije postale velike povijesne pobjede&#8221;"},"content":{"rendered":"\n<p><strong>Obilje\u017eava se 30. godi\u0161njica bitke za Vukovar. Program je po\u010deo jutros budnicom na ulicama Vukovara &#8211; od Vodotornja do dvorca Eltz. Nastavljen je mimohodom ratnih zastava, polaganjem vijenaca i paljenjem svije\u0107a na Memorijalnom groblju \u017ertava iz Domovinskog rata u Vukovaru. Uz \u0161etnicu kod u\u0161\u0107a Vuke u Dunav odr\u017eava se takti\u010dko-tehni\u010dki zbor naoru\u017eanja, borbene i neborbene tehnike i opreme postrojbi Oru\u017eanih snaga i MUP-a, a odr\u017eavaju se i pokazne vje\u017ebe.<\/strong><\/p>\n\n\n\n<div style=\"width: 640px;\" class=\"wp-video\"><video class=\"wp-video-shortcode\" id=\"video-65282-1\" width=\"640\" height=\"360\" preload=\"metadata\" controls=\"controls\"><source type=\"video\/mp4\" src=\"https:\/\/api.hrt.hr\/media\/65\/78\/tvd2-vukovar-20210918174826.mp4?_=1\" \/><a href=\"https:\/\/api.hrt.hr\/media\/65\/78\/tvd2-vukovar-20210918174826.mp4\">https:\/\/api.hrt.hr\/media\/65\/78\/tvd2-vukovar-20210918174826.mp4<\/a><\/video><\/div>\n\n\n\n<p><strong>&#8220;Rujan je bio te\u017eak mjesec&#8221;<br><\/strong><br>Jedan od zapovjednika obrane Vukovara\u00a0<strong>Pero Peri\u0107<\/strong>\u00a0rekao je za Regionalni dnevnik HTV-a kako se prva zna\u010dajna pobjeda dogodila 4. srpnja, kada se velikim dijelom oslobodilo Borovo Naselje, te su branitelji uni\u0161tili i jedan tenk neprijateljskim snagama. Jedna od velikih akcija je bila i ru\u0161enje prva dva zrakoplova u Republici Hrvatskoj, 24. kolovoza 1991. godine, te je nakon tri dana sru\u0161en jo\u0161 jedan zrakoplov.<br><br>&#8211; To su velike bitke gdje smo mi pokazivali svoje djelovanje, dodao je Peri\u0107.<br><br><strong>Ivica Arbanas<\/strong>, tako\u0111er jedan od zapovjednika obrane u Vukovaru rekao je kako su vukovarske male pobjede kasnije postale velike povijesne pobjede. Dodao je kako je odgovornost obrane le\u017eala na aktivnom sastavu Zbora narodne garde, 4. bojne 3. brigade jer su bili nositelji \u010duvanja glavnih pravaca i objekata obrane Vukovara. Naglasio je kako je mjesec rujan bio vrlo te\u017eak mjesec za obranu Vukovara.\u00a0<\/p>\n\n\n\n<div style=\"width: 640px;\" class=\"wp-video\"><video class=\"wp-video-shortcode\" id=\"video-65282-2\" width=\"640\" height=\"360\" preload=\"metadata\" controls=\"controls\"><source type=\"video\/mp4\" src=\"https:\/\/api.hrt.hr\/media\/bd\/12\/rd-live-vukovar-20210918143404.mp4?_=2\" \/><a href=\"https:\/\/api.hrt.hr\/media\/bd\/12\/rd-live-vukovar-20210918143404.mp4\">https:\/\/api.hrt.hr\/media\/bd\/12\/rd-live-vukovar-20210918143404.mp4<\/a><\/video><\/div>\n\n\n\n<p>Sve\u010danosti u Vukovaru nazo\u010dili su danas brojni hrvatski branitelji i ratni zapovjednici predvo\u0111eni posljednjim zapovjednikom obrane grada&nbsp;<strong>Brankom Borkovi\u0107em<\/strong>, izaslanici predsjednika Republike i predsjednika Hrvatskog sabora, \u017eupani Vukovarsko-srijemske i Osje\u010dko-baranjske \u017eupanije<strong>&nbsp;Damir Dekani\u0107<\/strong>&nbsp;i&nbsp;<strong>Ivan Anu\u0161i\u0107<\/strong>, vukovarski gradona\u010delnik<strong>&nbsp;Ivan Penava<\/strong>&nbsp;te \u010dlanovi Vlade predvo\u0111eni predsjednikom&nbsp;<strong>Andrejom Plenkovi\u0107em<\/strong>.<\/p>\n\n\n\n<p><br>Budnicom ulicama grada po\u010delo je sve\u010dano obilje\u017eavanje 30. obljetnice bitke za Vukovar. Ulicama je pro\u0161ao i mimohod ratnih zastava.<\/p>\n\n\n\n<p>Na spomen-obilje\u017eju \u017ertvama iz Domovinskog rata na Memorijalnom groblju predstavnici Vlade na \u010delu s premijerom, kao i predstavnici Grada i branitelja, polo\u017eili su vijence i zapalili svije\u0107e.<\/p>\n\n\n\n<p>&#8211; U osvajanje Vukovara poslano je preko 30.000 vojnika naoru\u017eanih sa 600 tenkova, 500 oklopnih transportera i 180 haubica, dok je grad branilo oko 6.000 branitelja i dragovoljaca. U toj borbi Davida i Golijata hrvatski su branitelji vezivanjem neprijatelja na podru\u010dju Vukovara osigurali ostatku Hrvatske tri dodatna mjeseca za konsolidaciju hrvatskih oru\u017eanih snaga, poru\u010dio je premijer Plenkovi\u0107.<\/p>\n\n\n\n<p><strong>Bitka imala klju\u010dnu ulogu u sazrijevanju hrvatske demokracije<\/strong><\/p>\n\n\n\n<p>Zahvaliv\u0161i braniteljima za sve \u0161to su u\u010dinili 1991. godine brane\u0107i Vukovar i Hrvatsku, Plenkovi\u0107 je ustvrdio kako je vukovarska bitka bila prekretni\u010dka bitka&nbsp;Domovinskog rata koja je, kazao je, imala i klju\u010dnu ulogu u sazrijevanju hrvatske demokracije.<\/p>\n\n\n\n<p>&#8211; I premda su stradanja tijekom Domovinskog rata i dalje bolna sje\u0107anja, a posebice boli jo\u0161 uvijek 1858 nestalih, pobjedni\u010dka je Hrvatska pru\u017eila ruku pomirenja i povjerenja, po\u0161tuju\u0107i prava nacionalnih manjina uklju\u010duju\u0107i i srpsku nacionalnu manjinu, Hrvatska ostaje privr\u017eena vrijednostima kojima je u Domovinskom ratu obranjena slobodna i demokratska Hrvatska, kazao je Plenkovi\u0107.<\/p>\n\n\n\n<p>Naglasio je i da je du\u017enost hrvatske dr\u017eave nastaviti s naporima da se prona\u0111u sve nestale osobe, kazne ratni zlo\u010dinci, osigura adekvatna satisfakcija logora\u0161ima te promi\u010de istina o Domovinskom ratu, osobito me\u0111u djecom i mladima.<\/p>\n\n\n\n<p>Dotaknuv\u0161i se Vukovara, Plenkovi\u0107 je kazao kako Vlada osje\u0107a posebnu odgovornost za revitalizaciju toga grada, ali i cijele isto\u010dne Slavonije. Naveo je kako je u tom kontekstu Vukovar progla\u0161en mjestom posebnog domovinskog pijeteta, vukovarska bolnica postala je nacionalnom memorijalnom bolnicom, 18. studeni progla\u0161en je dr\u017eavnim blagdanom, u Vukovar se vratila Hrvatska vojska, a pove\u0107ani su i izgledi da svi jo\u0161 uvijek neotkriveni zlo\u010dinci budu privedeni pravdi.<\/p>\n\n\n\n<p><strong>Borkovi\u0107: Hrvatska nikome du\u017ena, a svima na savjesti<\/strong><\/p>\n\n\n\n<p>Posljednji zapovjednik obrane Vukovara i ratni zapovjednik 204. vukovarske brigade Branko Borkovi\u0107 kazao je kako je Hrvatska danas punopravna \u010dlanica NATO saveza i Europske unije, &#8220;nikome du\u017ena, a svima njima na savjesti&#8221;.<\/p>\n\n\n\n<p>&#8211; Svojom borbom, krvlju, \u017ertvom, patnjom i ustrajno\u0161\u0107u podigli smo ljestvicu morala, domoljublja, po\u0161tenja, po\u017ertvovnosti, zalaganja i uspjeha koja mnogima do danas nije dosti\u017ena, a \u010dak je mnogi i ne prepoznaju, rekao je Borkovi\u0107 poru\u010div\u0161i kako Hrvatska nije slu\u010dajna dr\u017eava, nije sljednica ni usta\u0161a ni partizana, nije utemeljena ni u Brezovici niti u Srbu, a nije stvorena ni u Jajcu.<\/p>\n\n\n\n<p>Tako\u0111er je kazao kako smo posljednjih godina svjedoci da se mnoge politi\u010dke i dru\u0161tvene organizacije kao i razni du\u017enosnici na lokalnoj i dr\u017eavnoj vlasti te javne osobe svjesno ili nesvjesno provla\u010de ispod ljestvice svekolike kvalitete koju je Vukovar svojom borbom i \u017ertvom nametnuo cijelom Hrvatskom dru\u0161tvu.<\/p>\n\n\n\n<p>Izaslanik predsjednika Republike, umirovljeni general pukovnik&nbsp;<strong>Marijan Marekovi\u0107<\/strong>&nbsp;rekao je kako se danas odaje po\u010dast juna\u0161tvu hrvatskih dragovoljaca i pripadnika 204. brigade.&nbsp;<\/p>\n\n\n\n<p>&#8211; Vukovar utjelovljuje sva mjesta petogodi\u0161njeg stradavanja diljem Lijepe na\u0161e. On je postao simbolom i bolnim podsjetnikom svih \u017ertava koje su pale za slobodu i samostalnost Republike Hrvatske, poru\u010dio je Marekovi\u0107 rekav\u0161i kako na\u017ealost Vukovar 1991. nije izdr\u017eao, ali je izdr\u017eala Hrvatska.<\/p>\n\n\n\n<p>Izaslanik predsjednika Hrvatskog sabora, zastupnik&nbsp;<strong>Ante Deur<\/strong>&nbsp;poru\u010dio je da je bitka za Vukovar utkana u kona\u010dnu pobjedu hrvatskog naroda.&nbsp;<\/p>\n\n\n\n<p>&#8211; U tih 100 dana obrane, bez Vukovara i \u017ertve vukovarskih branitelja ne bi bilo niti Oluje, niti samostalne hrvatske dr\u017eave, rekao je Deur.<\/p>\n\n\n\n<iframe loading=\"lazy\" src=\"https:\/\/www.facebook.com\/plugins\/video.php?height=314&#038;href=https%3A%2F%2Fwww.facebook.com%2FHRTvijesti%2Fvideos%2F280902926922982%2F&#038;show_text=false&#038;width=560&#038;t=0\" width=\"560\" height=\"314\" style=\"border:none;overflow:hidden\" scrolling=\"no\" frameborder=\"0\" allowfullscreen=\"true\" allow=\"autoplay; clipboard-write; encrypted-media; picture-in-picture; web-share\" allowFullScreen=\"true\"><\/iframe>\n\n\n\n<p><strong>Susreti ratnih suboraca<\/strong><br><br>Uz \u0161etnicu kod u\u0161\u0107a Vuke u Dunav odr\u017eava se takti\u010dko-tehni\u010dki zbor naoru\u017eanja, borbene i neborbene tehnike i opreme postrojbi Oru\u017eanih snaga i MUP-a.<br><br>&#8211; Cilj ove izlo\u017ebe, odnosno prezentacije, jeste da potaknemo na jo\u0161 uvijek zakonom dozvoljenu dragovoljnu predaju, i da bi osvjestili pojedince, djecu, da ne i takve stvari dirali, zna\u010di, tu su raznorazne bombe, mine, sve \u0161to se mo\u017ee, na\u017ealost na\u0107i jo\u0161 i u doma\u0107instvu, rekao je&nbsp;<strong>Mirko Mad\u017earevi\u0107<\/strong>, iz PU vukovarsko-srijemske.<br><br>&#8211; Naravno da smo ponosni \u0161to je iz na\u0161ih redova stasala i postala pobjedni\u010dka Hrvatska vojska, zajedno s na\u0161im, tako\u0111er, pripadnicima specijalne policije i svim na\u0161im policajcima koji su obranili Hrvatsku, rekao je<strong>&nbsp;\u017deljko Pr\u0161a,<\/strong>&nbsp;zamjenik glavnog ravnatelja policije.<br><br>Prilika je ovo i za susrete ratnih suboraca.<br><br>&#8211; Moral je bio fenomenalan, i sad ovi jo\u0161 koji su \u017eivi, sre\u0107emo se, grlimo se, ljubimo se, \u010destitamo, ka\u017ee<strong>&nbsp;Antun Ari\u0107,<\/strong>&nbsp;pripadnik 204. brigade.<br><br>&#8211; Ovo \u0107e ipak biti da \u0107emo se nakon 30 godina mi, koji se nismo vidjeli od rata, opet vidjeti. Nemojte me pitati za emocije, te\u0161ke su, ali izdr\u017eat \u0107emo, rekao je<strong>&nbsp;Ivica Miljak,&nbsp;<\/strong>pripadnik 204. brigade.<br><br>Sredi\u0161nja sve\u010danost odr\u017eala se u dvori\u0161tu dvorca Eltz uz prigodna obra\u0107anja, prelet migova i program akrobatske grupe Krila Oluje.<\/p>\n\n\n\n<p><strong>Vasilija Tucker ranjena s 11 metaka i uspjela pre\u017eivjeti<br><br>Vasilija Tucker,<\/strong>\u00a0\u010dasni\u010dka namjesnica u mirovini, slavi 10. listopada 1991. kao novi ro\u0111endan.<br><br>&#8211; Imala sam vi\u0161e sre\u0107e nego bilo tko. Ja uvijek ka\u017eem valjda nije bilo moje vrijeme bez obzira na sve rane i metke koje sam dobila. Bio je topao dan ba\u0161 kao i danas, to je pomoglo da se krv zgru\u0161ala i tamponirala i to mi je spasilo \u017eivot.\u00a0<br><br>Izvla\u010dila je kolegu koji je bio pod neprijateljskom vatrom. Pogrije\u0161ila je ulicu i u\u0161la u zasjedu.<br><br>&#8211; U\u0161li smo preduboko, nismo mogli ni naprijed ni nazad, sasuli su nas sa paljbom. Poku\u0161ali smo se skloniti u dvori\u0161te. Dobila sam \u0161est metaka od mitraljeza, a sa strane jedan ili vi\u0161e snajperista me ga\u0111alo, dobila sam pet metaka. Molila sam suborce da se ne vra\u0107aju da jo\u0161 netko ne pogine, ali oni nisu odustajali. Toliko su nas ga\u0111ali sa svih strana, malo su me vukli, a malo ostavljali. Le\u017eala sam dva i pol sata dok me kona\u010dno nisu izvukli, otkrila je Tucker.<br><br>Kazala je da poslije svih ovih doga\u0111aja, ne bi mogla vi\u0161e \u017eivjeti u Vukovaru, u kojem se sada osje\u0107a kao stranac.<br><br>&#8211; Previ\u0161e se toga dogodilo. Vukovar je mali grad velikih heroja. Jo\u0161 uvijek ne znamo gdje su nestali, rekla je.<br><br>Vi\u0161e pogledajte u videu:<\/p>\n\n\n\n<div style=\"width: 640px;\" class=\"wp-video\"><video class=\"wp-video-shortcode\" id=\"video-65282-3\" width=\"640\" height=\"360\" preload=\"metadata\" controls=\"controls\"><source type=\"video\/mp4\" src=\"https:\/\/api.hrt.hr\/media\/af\/80\/30obljetnicabitkezavukovarstudio-vlahov-goa-20210918121758.mp4?_=3\" \/><a href=\"https:\/\/api.hrt.hr\/media\/af\/80\/30obljetnicabitkezavukovarstudio-vlahov-goa-20210918121758.mp4\">https:\/\/api.hrt.hr\/media\/af\/80\/30obljetnicabitkezavukovarstudio-vlahov-goa-20210918121758.mp4<\/a><\/video><\/div>\n\n\n\n<p><strong>Jakovljevi\u0107: Nismo bili obu\u010deni niti naoru\u017eani<br><\/strong><br>&#8211; Vukovar je najva\u017enija i najte\u017ea obrambena bitka u Domovinskom ratu. Sve je krenulo s Borovim Selom i smrti 12 redarstvenika kad je bilo jasno da se JNA stavlja na stranu pobunjenih Srba, kada iz Srbije dolaze dragovoljci i to nam je bio jasan znak da se moramo samoorganizirati i poku\u0161ati obraniti grad. Ta samoorganizacija obrane je krenula od Blage Zadra, na\u0161eg pokojnog generala.\u00a0 Borovo Naselje je bilo okru\u017eeno s tri srpska sela i trebalo je zatvoriti cijeli krug. Situacija je bilo izuzetno te\u0161ko, nismo bili obu\u010deni, nismo imali naoru\u017eanje. Oru\u017eanje je stiglo tek u rujnu kad su dragovoljci po cijeloj Hrvatskoj po\u010deli osloba\u0111ati skladi\u0161ta. Dotad smo se mijenjali za oru\u017eje, kad netko bude ranjen ili pogine, uzmemo mu oru\u017eje i idem dalje, prisjetio se<strong>\u00a0Tomislav Jakovljevi\u0107<\/strong>, bojnik HV-a u mirovini.<br><br>&#8211; Bilo je izuzetno te\u0161ko. Blago je zapovjedio meni i svom sinu da se oformi turbo vod. Veliki tenkovski napad na Trpinjsku cestu kre\u0107e 14. rujna. Bila je borba ku\u0107a za ku\u0107u. Iza\u0111e\u0161 van, klecaju ti koljena, pogodi\u0161 tenk i bje\u017ei\u0161, dodao je.<br><br>&#8211; Izme\u0111u 14. i 18. rujna osnovan je turbo vod, koji se sastojao od 20 mladi\u0107a, ve\u0107inom kvartovskih mladi\u0107a. Bili smo dobro naoru\u017eani za taj trenutak. Groblje tenkova je nastalo u tom periodu. Ponosan sam \u0161to sam u to vrijeme bio tamo, \u0161to sam bio dio vukovarske bitke. Od 20 momaka, \u017eivot je za obranu Vukovara polo\u017eilo njih sedam, rekao je<strong>\u00a0Nevenko Mauzer,<\/strong>\u00a0bojnik HV-a u mirovini.<\/p>\n\n\n\n<div style=\"width: 640px;\" class=\"wp-video\"><video class=\"wp-video-shortcode\" id=\"video-65282-4\" width=\"640\" height=\"360\" preload=\"metadata\" controls=\"controls\"><source type=\"video\/mp4\" src=\"https:\/\/api.hrt.hr\/media\/50\/0d\/30obljetnicabitkezavukovarstudio-gost-covic-20210918132444.mp4?_=4\" \/><a href=\"https:\/\/api.hrt.hr\/media\/50\/0d\/30obljetnicabitkezavukovarstudio-gost-covic-20210918132444.mp4\">https:\/\/api.hrt.hr\/media\/50\/0d\/30obljetnicabitkezavukovarstudio-gost-covic-20210918132444.mp4<\/a><\/video><\/div>\n\n\n\n<p><strong>\u010covi\u0107: Stijeg na Vodotornju nas je hrabrio i bodrio<br><br>Dra\u017een \u010covi\u0107,\u00a0<\/strong>vukovarski branitelj, otkrio je koliko je hrvatski stijeg na vukovarskom Vodotornju zna\u010dio braniteljima.<br><br>&#8211; Svi smo mi koji smo bili na polo\u017eajima svjesni hrabrosti onih de\u010dki koji su se svaki dan penjali i dizali zastavu. To je mo\u017eda simboli\u010dna gesta, ali hrabrilo nas je i bodrilo, pokazalo da smo svi zajedno tu i da \u0107emo izgurati bitku, rekao je.<br><br>U obranu Vukovara uklju\u010dio se iz studentskih klupa.\u00a0<br><br>&#8211; Sve je to u\u017easno dugo trajalo, svaki dan je nosio svoj izazov. Mo\u017eda najbolje svi pamtimo prvo vatreno kr\u0161tenje, 20-ak dana prije ovog dana &#8217;91. kad je JNA otvoreno stala na njihovu stranu i kada su tenkovi krenuli prema Bogdanovcima. Mi smo tada bili relativno slabo opremljeni. Na\u017ealost, nismo stigli postaviti sve mine. Tada je naletjela njihova oklopna kolona s tenkom, nas je bilo desetak, prisjetio se.<br><br>\u010covi\u0107 je ve\u0107inu rata proveo na polo\u017eajima na Sajmi\u0161tu.\u00a0<br><br>&#8211; Cijeli rat sam maltene proveo u ulici u kojoj sam odrastao. Imali smo jako mu\u010dne, krvave borbe, imali smo velike gubitke, rekao je.<\/p>\n\n\n\n<div style=\"width: 640px;\" class=\"wp-video\"><video class=\"wp-video-shortcode\" id=\"video-65282-5\" width=\"640\" height=\"360\" preload=\"metadata\" controls=\"controls\"><source type=\"video\/mp4\" src=\"https:\/\/api.hrt.hr\/media\/33\/2f\/30obljetnicabitkezavukovarstudio-gost-covic-20210918143401.mp4?_=5\" \/><a href=\"https:\/\/api.hrt.hr\/media\/33\/2f\/30obljetnicabitkezavukovarstudio-gost-covic-20210918143401.mp4\">https:\/\/api.hrt.hr\/media\/33\/2f\/30obljetnicabitkezavukovarstudio-gost-covic-20210918143401.mp4<\/a><\/video><\/div>\n\n\n\n<p><strong>Najbolji hrvatski sinovi ponudili su \u017eivote na pladnju<\/strong><strong><br><br>Stjepan Kuli\u0107,<\/strong>&nbsp;brigadir HV-a u mirovini, rekao je kako su mu se u sje\u0107anje posebno urezale te\u0161ke bitke koje su provodili svakodnevno.<br><br>&#8211; U nekoliko navrata su potpuno ovladali selom, ali mi smo ih poput osica ubadali, uni\u0161tavali im tenkove, nanosili te\u0161ke gubitke i na kraju vratili selo pod kontrolu.<br><br>&#8211; Ono \u0161to je to \u010dinilo toliko dojmljivim i sna\u017enim su golobradi mladi\u0107i koji su se usudili stati na put jednoj tako sna\u017enoj vojnoj sili. Na\u0161 broj je bio jako mali, slabo naoru\u017eanih, ali ta mladost&nbsp; i zajedni\u0161tvo, imam osje\u0107aj da su se u tom trenutku na\u0161li oni najbolji hrvatski sinovi koji su \u017eeljom za obranu domovine ponudili svoje \u017eivote na pladnju, rekao je Kuli\u0107.<\/p>\n\n\n\n<p>Izvor:hrt.hr<\/p>\n","protected":false},"excerpt":{"rendered":"<p>Obilje\u017eava se 30. godi\u0161njica bitke za Vukovar. Program je po\u010deo jutros budnicom na ulicama Vukovara &#8211; od Vodotornja do dvorca Eltz. Nastavljen je mimohodom ratnih zastava, polaganjem vijenaca i paljenjem svije\u0107a na Memorijalnom groblju \u017ertava iz Domovinskog rata u Vukovaru. Uz \u0161etnicu kod u\u0161\u0107a Vuke u Dunav odr\u017eava se takti\u010dko-tehni\u010dki zbor naoru\u017eanja, borbene i neborbene [&hellip;]<\/p>\n","protected":false},"author":2,"featured_media":65283,"comment_status":"closed","ping_status":"closed","sticky":false,"template":"","format":"standard","meta":{"h5ap_radio_sources":[],"footnotes":""},"categories":[1],"tags":[],"class_list":["post-65282","post","type-post","status-publish","format-standard","has-post-thumbnail","hentry","category-bihiregija"],"yoast_head":"<!-- This site is optimized with the Yoast SEO plugin v27.5 - https:\/\/yoast.com\/product\/yoast-seo-wordpress\/ -->\n<title>Godi\u0161njica bitke za Vukovar; &quot;Male pobjede kasnije postale velike povijesne pobjede&quot; - RADIO LJUBU\u0160KI<\/title>\n<meta name=\"robots\" content=\"index, follow, max-snippet:-1, max-image-preview:large, max-video-preview:-1\" \/>\n<link rel=\"canonical\" href=\"https:\/\/radioljubuski.ba\/index.php\/2021\/09\/18\/godisnjica-bitke-za-vukovar-male-pobjede-kasnije-postale-velike-povijesne-pobjede\/\" \/>\n<meta property=\"og:locale\" content=\"hr_HR\" \/>\n<meta property=\"og:type\" content=\"article\" \/>\n<meta property=\"og:title\" content=\"Godi\u0161njica bitke za Vukovar; &quot;Male pobjede kasnije postale velike povijesne pobjede&quot; - RADIO LJUBU\u0160KI\" \/>\n<meta property=\"og:description\" content=\"Obilje\u017eava se 30. godi\u0161njica bitke za Vukovar. Program je po\u010deo jutros budnicom na ulicama Vukovara &#8211; od Vodotornja do dvorca Eltz. Nastavljen je mimohodom ratnih zastava, polaganjem vijenaca i paljenjem svije\u0107a na Memorijalnom groblju \u017ertava iz Domovinskog rata u Vukovaru. Uz \u0161etnicu kod u\u0161\u0107a Vuke u Dunav odr\u017eava se takti\u010dko-tehni\u010dki zbor naoru\u017eanja, borbene i neborbene [&hellip;]\" \/>\n<meta property=\"og:url\" content=\"https:\/\/radioljubuski.ba\/index.php\/2021\/09\/18\/godisnjica-bitke-za-vukovar-male-pobjede-kasnije-postale-velike-povijesne-pobjede\/\" \/>\n<meta property=\"og:site_name\" content=\"RADIO LJUBU\u0160KI\" \/>\n<meta property=\"article:publisher\" content=\"https:\/\/www.facebook.com\/Radiio-Ljubuski-1490835324566332\" \/>\n<meta property=\"article:published_time\" content=\"2021-09-18T22:12:09+00:00\" \/>\n<meta property=\"article:modified_time\" content=\"2021-09-18T22:12:10+00:00\" \/>\n<meta property=\"og:image\" content=\"https:\/\/radioljubuski.ba\/wp-content\/uploads\/2021\/09\/preuzmi-1-21.jpg\" \/>\n\t<meta property=\"og:image:width\" content=\"275\" \/>\n\t<meta property=\"og:image:height\" content=\"183\" \/>\n\t<meta property=\"og:image:type\" content=\"image\/jpeg\" \/>\n<meta name=\"author\" content=\"Radio Ljubu\u0161ki\" \/>\n<meta name=\"twitter:card\" content=\"summary_large_image\" \/>\n<meta name=\"twitter:creator\" content=\"@radioljubuski\" \/>\n<meta name=\"twitter:site\" content=\"@radioljubuski\" \/>\n<meta name=\"twitter:label1\" content=\"Napisao\/la\" \/>\n\t<meta name=\"twitter:data1\" content=\"Radio Ljubu\u0161ki\" \/>\n\t<meta name=\"twitter:label2\" content=\"Procijenjeno vrijeme \u010ditanja\" \/>\n\t<meta name=\"twitter:data2\" content=\"8 minuta\" \/>\n<script type=\"application\/ld+json\" class=\"yoast-schema-graph\">{\"@context\":\"https:\\\/\\\/schema.org\",\"@graph\":[{\"@type\":\"Article\",\"@id\":\"https:\\\/\\\/radioljubuski.ba\\\/index.php\\\/2021\\\/09\\\/18\\\/godisnjica-bitke-za-vukovar-male-pobjede-kasnije-postale-velike-povijesne-pobjede\\\/#article\",\"isPartOf\":{\"@id\":\"https:\\\/\\\/radioljubuski.ba\\\/index.php\\\/2021\\\/09\\\/18\\\/godisnjica-bitke-za-vukovar-male-pobjede-kasnije-postale-velike-povijesne-pobjede\\\/\"},\"author\":{\"name\":\"Radio Ljubu\u0161ki\",\"@id\":\"https:\\\/\\\/radioljubuski.ba\\\/#\\\/schema\\\/person\\\/19fc700381a780f69665d7956c469e3b\"},\"headline\":\"Godi\u0161njica bitke za Vukovar; &#8220;Male pobjede kasnije postale velike povijesne pobjede&#8221;\",\"datePublished\":\"2021-09-18T22:12:09+00:00\",\"dateModified\":\"2021-09-18T22:12:10+00:00\",\"mainEntityOfPage\":{\"@id\":\"https:\\\/\\\/radioljubuski.ba\\\/index.php\\\/2021\\\/09\\\/18\\\/godisnjica-bitke-za-vukovar-male-pobjede-kasnije-postale-velike-povijesne-pobjede\\\/\"},\"wordCount\":2038,\"publisher\":{\"@id\":\"https:\\\/\\\/radioljubuski.ba\\\/#organization\"},\"image\":{\"@id\":\"https:\\\/\\\/radioljubuski.ba\\\/index.php\\\/2021\\\/09\\\/18\\\/godisnjica-bitke-za-vukovar-male-pobjede-kasnije-postale-velike-povijesne-pobjede\\\/#primaryimage\"},\"thumbnailUrl\":\"https:\\\/\\\/radioljubuski.ba\\\/wp-content\\\/uploads\\\/2021\\\/09\\\/preuzmi-1-21.jpg\",\"articleSection\":[\"BIH i regija\"],\"inLanguage\":\"hr\"},{\"@type\":\"WebPage\",\"@id\":\"https:\\\/\\\/radioljubuski.ba\\\/index.php\\\/2021\\\/09\\\/18\\\/godisnjica-bitke-za-vukovar-male-pobjede-kasnije-postale-velike-povijesne-pobjede\\\/\",\"url\":\"https:\\\/\\\/radioljubuski.ba\\\/index.php\\\/2021\\\/09\\\/18\\\/godisnjica-bitke-za-vukovar-male-pobjede-kasnije-postale-velike-povijesne-pobjede\\\/\",\"name\":\"Godi\u0161njica bitke za Vukovar; \\\"Male pobjede kasnije postale velike povijesne pobjede\\\" - RADIO LJUBU\u0160KI\",\"isPartOf\":{\"@id\":\"https:\\\/\\\/radioljubuski.ba\\\/#website\"},\"primaryImageOfPage\":{\"@id\":\"https:\\\/\\\/radioljubuski.ba\\\/index.php\\\/2021\\\/09\\\/18\\\/godisnjica-bitke-za-vukovar-male-pobjede-kasnije-postale-velike-povijesne-pobjede\\\/#primaryimage\"},\"image\":{\"@id\":\"https:\\\/\\\/radioljubuski.ba\\\/index.php\\\/2021\\\/09\\\/18\\\/godisnjica-bitke-za-vukovar-male-pobjede-kasnije-postale-velike-povijesne-pobjede\\\/#primaryimage\"},\"thumbnailUrl\":\"https:\\\/\\\/radioljubuski.ba\\\/wp-content\\\/uploads\\\/2021\\\/09\\\/preuzmi-1-21.jpg\",\"datePublished\":\"2021-09-18T22:12:09+00:00\",\"dateModified\":\"2021-09-18T22:12:10+00:00\",\"breadcrumb\":{\"@id\":\"https:\\\/\\\/radioljubuski.ba\\\/index.php\\\/2021\\\/09\\\/18\\\/godisnjica-bitke-za-vukovar-male-pobjede-kasnije-postale-velike-povijesne-pobjede\\\/#breadcrumb\"},\"inLanguage\":\"hr\",\"potentialAction\":[{\"@type\":\"ReadAction\",\"target\":[\"https:\\\/\\\/radioljubuski.ba\\\/index.php\\\/2021\\\/09\\\/18\\\/godisnjica-bitke-za-vukovar-male-pobjede-kasnije-postale-velike-povijesne-pobjede\\\/\"]}]},{\"@type\":\"ImageObject\",\"inLanguage\":\"hr\",\"@id\":\"https:\\\/\\\/radioljubuski.ba\\\/index.php\\\/2021\\\/09\\\/18\\\/godisnjica-bitke-za-vukovar-male-pobjede-kasnije-postale-velike-povijesne-pobjede\\\/#primaryimage\",\"url\":\"https:\\\/\\\/radioljubuski.ba\\\/wp-content\\\/uploads\\\/2021\\\/09\\\/preuzmi-1-21.jpg\",\"contentUrl\":\"https:\\\/\\\/radioljubuski.ba\\\/wp-content\\\/uploads\\\/2021\\\/09\\\/preuzmi-1-21.jpg\",\"width\":275,\"height\":183},{\"@type\":\"BreadcrumbList\",\"@id\":\"https:\\\/\\\/radioljubuski.ba\\\/index.php\\\/2021\\\/09\\\/18\\\/godisnjica-bitke-za-vukovar-male-pobjede-kasnije-postale-velike-povijesne-pobjede\\\/#breadcrumb\",\"itemListElement\":[{\"@type\":\"ListItem\",\"position\":1,\"name\":\"Po\u010detna stranica\",\"item\":\"https:\\\/\\\/radioljubuski.ba\\\/\"},{\"@type\":\"ListItem\",\"position\":2,\"name\":\"Godi\u0161njica bitke za Vukovar; &#8220;Male pobjede kasnije postale velike povijesne pobjede&#8221;\"}]},{\"@type\":\"WebSite\",\"@id\":\"https:\\\/\\\/radioljubuski.ba\\\/#website\",\"url\":\"https:\\\/\\\/radioljubuski.ba\\\/\",\"name\":\"Radio Ljubu\u0161ki\",\"description\":\"Sun\u010dana frekvencija Hercegovine\",\"publisher\":{\"@id\":\"https:\\\/\\\/radioljubuski.ba\\\/#organization\"},\"potentialAction\":[{\"@type\":\"SearchAction\",\"target\":{\"@type\":\"EntryPoint\",\"urlTemplate\":\"https:\\\/\\\/radioljubuski.ba\\\/?s={search_term_string}\"},\"query-input\":{\"@type\":\"PropertyValueSpecification\",\"valueRequired\":true,\"valueName\":\"search_term_string\"}}],\"inLanguage\":\"hr\"},{\"@type\":\"Organization\",\"@id\":\"https:\\\/\\\/radioljubuski.ba\\\/#organization\",\"name\":\"Radio Ljubu\u0161ki\",\"url\":\"https:\\\/\\\/radioljubuski.ba\\\/\",\"logo\":{\"@type\":\"ImageObject\",\"inLanguage\":\"hr\",\"@id\":\"https:\\\/\\\/radioljubuski.ba\\\/#\\\/schema\\\/logo\\\/image\\\/\",\"url\":\"https:\\\/\\\/radioljubuski.ba\\\/wp-content\\\/uploads\\\/2021\\\/02\\\/cropped-Radio_Ljubuski_logo1.jpg\",\"contentUrl\":\"https:\\\/\\\/radioljubuski.ba\\\/wp-content\\\/uploads\\\/2021\\\/02\\\/cropped-Radio_Ljubuski_logo1.jpg\",\"width\":512,\"height\":512,\"caption\":\"Radio Ljubu\u0161ki\"},\"image\":{\"@id\":\"https:\\\/\\\/radioljubuski.ba\\\/#\\\/schema\\\/logo\\\/image\\\/\"},\"sameAs\":[\"https:\\\/\\\/www.facebook.com\\\/Radiio-Ljubuski-1490835324566332\",\"https:\\\/\\\/x.com\\\/radioljubuski\",\"https:\\\/\\\/hr.linkedin.com\\\/company\\\/radio-ljubuski\",\"https:\\\/\\\/www.youtube.com\\\/channel\\\/UCHYaeO_n0Db3tjNGudGpXyw\"]},{\"@type\":\"Person\",\"@id\":\"https:\\\/\\\/radioljubuski.ba\\\/#\\\/schema\\\/person\\\/19fc700381a780f69665d7956c469e3b\",\"name\":\"Radio Ljubu\u0161ki\"}]}<\/script>\n<!-- \/ Yoast SEO plugin. -->","yoast_head_json":{"title":"Godi\u0161njica bitke za Vukovar; \"Male pobjede kasnije postale velike povijesne pobjede\" - RADIO LJUBU\u0160KI","robots":{"index":"index","follow":"follow","max-snippet":"max-snippet:-1","max-image-preview":"max-image-preview:large","max-video-preview":"max-video-preview:-1"},"canonical":"https:\/\/radioljubuski.ba\/index.php\/2021\/09\/18\/godisnjica-bitke-za-vukovar-male-pobjede-kasnije-postale-velike-povijesne-pobjede\/","og_locale":"hr_HR","og_type":"article","og_title":"Godi\u0161njica bitke za Vukovar; \"Male pobjede kasnije postale velike povijesne pobjede\" - RADIO LJUBU\u0160KI","og_description":"Obilje\u017eava se 30. godi\u0161njica bitke za Vukovar. Program je po\u010deo jutros budnicom na ulicama Vukovara &#8211; od Vodotornja do dvorca Eltz. Nastavljen je mimohodom ratnih zastava, polaganjem vijenaca i paljenjem svije\u0107a na Memorijalnom groblju \u017ertava iz Domovinskog rata u Vukovaru. Uz \u0161etnicu kod u\u0161\u0107a Vuke u Dunav odr\u017eava se takti\u010dko-tehni\u010dki zbor naoru\u017eanja, borbene i neborbene [&hellip;]","og_url":"https:\/\/radioljubuski.ba\/index.php\/2021\/09\/18\/godisnjica-bitke-za-vukovar-male-pobjede-kasnije-postale-velike-povijesne-pobjede\/","og_site_name":"RADIO LJUBU\u0160KI","article_publisher":"https:\/\/www.facebook.com\/Radiio-Ljubuski-1490835324566332","article_published_time":"2021-09-18T22:12:09+00:00","article_modified_time":"2021-09-18T22:12:10+00:00","og_image":[{"width":275,"height":183,"url":"https:\/\/radioljubuski.ba\/wp-content\/uploads\/2021\/09\/preuzmi-1-21.jpg","type":"image\/jpeg"}],"author":"Radio Ljubu\u0161ki","twitter_card":"summary_large_image","twitter_creator":"@radioljubuski","twitter_site":"@radioljubuski","twitter_misc":{"Napisao\/la":"Radio Ljubu\u0161ki","Procijenjeno vrijeme \u010ditanja":"8 minuta"},"schema":{"@context":"https:\/\/schema.org","@graph":[{"@type":"Article","@id":"https:\/\/radioljubuski.ba\/index.php\/2021\/09\/18\/godisnjica-bitke-za-vukovar-male-pobjede-kasnije-postale-velike-povijesne-pobjede\/#article","isPartOf":{"@id":"https:\/\/radioljubuski.ba\/index.php\/2021\/09\/18\/godisnjica-bitke-za-vukovar-male-pobjede-kasnije-postale-velike-povijesne-pobjede\/"},"author":{"name":"Radio Ljubu\u0161ki","@id":"https:\/\/radioljubuski.ba\/#\/schema\/person\/19fc700381a780f69665d7956c469e3b"},"headline":"Godi\u0161njica bitke za Vukovar; &#8220;Male pobjede kasnije postale velike povijesne pobjede&#8221;","datePublished":"2021-09-18T22:12:09+00:00","dateModified":"2021-09-18T22:12:10+00:00","mainEntityOfPage":{"@id":"https:\/\/radioljubuski.ba\/index.php\/2021\/09\/18\/godisnjica-bitke-za-vukovar-male-pobjede-kasnije-postale-velike-povijesne-pobjede\/"},"wordCount":2038,"publisher":{"@id":"https:\/\/radioljubuski.ba\/#organization"},"image":{"@id":"https:\/\/radioljubuski.ba\/index.php\/2021\/09\/18\/godisnjica-bitke-za-vukovar-male-pobjede-kasnije-postale-velike-povijesne-pobjede\/#primaryimage"},"thumbnailUrl":"https:\/\/radioljubuski.ba\/wp-content\/uploads\/2021\/09\/preuzmi-1-21.jpg","articleSection":["BIH i regija"],"inLanguage":"hr"},{"@type":"WebPage","@id":"https:\/\/radioljubuski.ba\/index.php\/2021\/09\/18\/godisnjica-bitke-za-vukovar-male-pobjede-kasnije-postale-velike-povijesne-pobjede\/","url":"https:\/\/radioljubuski.ba\/index.php\/2021\/09\/18\/godisnjica-bitke-za-vukovar-male-pobjede-kasnije-postale-velike-povijesne-pobjede\/","name":"Godi\u0161njica bitke za Vukovar; \"Male pobjede kasnije postale velike povijesne pobjede\" - RADIO LJUBU\u0160KI","isPartOf":{"@id":"https:\/\/radioljubuski.ba\/#website"},"primaryImageOfPage":{"@id":"https:\/\/radioljubuski.ba\/index.php\/2021\/09\/18\/godisnjica-bitke-za-vukovar-male-pobjede-kasnije-postale-velike-povijesne-pobjede\/#primaryimage"},"image":{"@id":"https:\/\/radioljubuski.ba\/index.php\/2021\/09\/18\/godisnjica-bitke-za-vukovar-male-pobjede-kasnije-postale-velike-povijesne-pobjede\/#primaryimage"},"thumbnailUrl":"https:\/\/radioljubuski.ba\/wp-content\/uploads\/2021\/09\/preuzmi-1-21.jpg","datePublished":"2021-09-18T22:12:09+00:00","dateModified":"2021-09-18T22:12:10+00:00","breadcrumb":{"@id":"https:\/\/radioljubuski.ba\/index.php\/2021\/09\/18\/godisnjica-bitke-za-vukovar-male-pobjede-kasnije-postale-velike-povijesne-pobjede\/#breadcrumb"},"inLanguage":"hr","potentialAction":[{"@type":"ReadAction","target":["https:\/\/radioljubuski.ba\/index.php\/2021\/09\/18\/godisnjica-bitke-za-vukovar-male-pobjede-kasnije-postale-velike-povijesne-pobjede\/"]}]},{"@type":"ImageObject","inLanguage":"hr","@id":"https:\/\/radioljubuski.ba\/index.php\/2021\/09\/18\/godisnjica-bitke-za-vukovar-male-pobjede-kasnije-postale-velike-povijesne-pobjede\/#primaryimage","url":"https:\/\/radioljubuski.ba\/wp-content\/uploads\/2021\/09\/preuzmi-1-21.jpg","contentUrl":"https:\/\/radioljubuski.ba\/wp-content\/uploads\/2021\/09\/preuzmi-1-21.jpg","width":275,"height":183},{"@type":"BreadcrumbList","@id":"https:\/\/radioljubuski.ba\/index.php\/2021\/09\/18\/godisnjica-bitke-za-vukovar-male-pobjede-kasnije-postale-velike-povijesne-pobjede\/#breadcrumb","itemListElement":[{"@type":"ListItem","position":1,"name":"Po\u010detna stranica","item":"https:\/\/radioljubuski.ba\/"},{"@type":"ListItem","position":2,"name":"Godi\u0161njica bitke za Vukovar; &#8220;Male pobjede kasnije postale velike povijesne pobjede&#8221;"}]},{"@type":"WebSite","@id":"https:\/\/radioljubuski.ba\/#website","url":"https:\/\/radioljubuski.ba\/","name":"Radio Ljubu\u0161ki","description":"Sun\u010dana frekvencija Hercegovine","publisher":{"@id":"https:\/\/radioljubuski.ba\/#organization"},"potentialAction":[{"@type":"SearchAction","target":{"@type":"EntryPoint","urlTemplate":"https:\/\/radioljubuski.ba\/?s={search_term_string}"},"query-input":{"@type":"PropertyValueSpecification","valueRequired":true,"valueName":"search_term_string"}}],"inLanguage":"hr"},{"@type":"Organization","@id":"https:\/\/radioljubuski.ba\/#organization","name":"Radio Ljubu\u0161ki","url":"https:\/\/radioljubuski.ba\/","logo":{"@type":"ImageObject","inLanguage":"hr","@id":"https:\/\/radioljubuski.ba\/#\/schema\/logo\/image\/","url":"https:\/\/radioljubuski.ba\/wp-content\/uploads\/2021\/02\/cropped-Radio_Ljubuski_logo1.jpg","contentUrl":"https:\/\/radioljubuski.ba\/wp-content\/uploads\/2021\/02\/cropped-Radio_Ljubuski_logo1.jpg","width":512,"height":512,"caption":"Radio Ljubu\u0161ki"},"image":{"@id":"https:\/\/radioljubuski.ba\/#\/schema\/logo\/image\/"},"sameAs":["https:\/\/www.facebook.com\/Radiio-Ljubuski-1490835324566332","https:\/\/x.com\/radioljubuski","https:\/\/hr.linkedin.com\/company\/radio-ljubuski","https:\/\/www.youtube.com\/channel\/UCHYaeO_n0Db3tjNGudGpXyw"]},{"@type":"Person","@id":"https:\/\/radioljubuski.ba\/#\/schema\/person\/19fc700381a780f69665d7956c469e3b","name":"Radio Ljubu\u0161ki"}]}},"_links":{"self":[{"href":"https:\/\/radioljubuski.ba\/index.php\/wp-json\/wp\/v2\/posts\/65282","targetHints":{"allow":["GET"]}}],"collection":[{"href":"https:\/\/radioljubuski.ba\/index.php\/wp-json\/wp\/v2\/posts"}],"about":[{"href":"https:\/\/radioljubuski.ba\/index.php\/wp-json\/wp\/v2\/types\/post"}],"author":[{"embeddable":true,"href":"https:\/\/radioljubuski.ba\/index.php\/wp-json\/wp\/v2\/users\/2"}],"replies":[{"embeddable":true,"href":"https:\/\/radioljubuski.ba\/index.php\/wp-json\/wp\/v2\/comments?post=65282"}],"version-history":[{"count":1,"href":"https:\/\/radioljubuski.ba\/index.php\/wp-json\/wp\/v2\/posts\/65282\/revisions"}],"predecessor-version":[{"id":65284,"href":"https:\/\/radioljubuski.ba\/index.php\/wp-json\/wp\/v2\/posts\/65282\/revisions\/65284"}],"wp:featuredmedia":[{"embeddable":true,"href":"https:\/\/radioljubuski.ba\/index.php\/wp-json\/wp\/v2\/media\/65283"}],"wp:attachment":[{"href":"https:\/\/radioljubuski.ba\/index.php\/wp-json\/wp\/v2\/media?parent=65282"}],"wp:term":[{"taxonomy":"category","embeddable":true,"href":"https:\/\/radioljubuski.ba\/index.php\/wp-json\/wp\/v2\/categories?post=65282"},{"taxonomy":"post_tag","embeddable":true,"href":"https:\/\/radioljubuski.ba\/index.php\/wp-json\/wp\/v2\/tags?post=65282"}],"curies":[{"name":"wp","href":"https:\/\/api.w.org\/{rel}","templated":true}]}}