{"id":65285,"date":"2021-09-18T23:16:24","date_gmt":"2021-09-18T22:16:24","guid":{"rendered":"https:\/\/radioljubuski.ba\/?p=65285"},"modified":"2021-09-18T23:16:25","modified_gmt":"2021-09-18T22:16:25","slug":"nekoliko-tisuca-ljudi-na-prosvjedu-u-organizaciji-inicijative-prava-i-slobode","status":"publish","type":"post","link":"https:\/\/radioljubuski.ba\/index.php\/2021\/09\/18\/nekoliko-tisuca-ljudi-na-prosvjedu-u-organizaciji-inicijative-prava-i-slobode\/","title":{"rendered":"Nekoliko tisu\u0107a ljudi na prosvjedu u organizaciji Inicijative Prava i slobode"},"content":{"rendered":"\n<p><strong>Inicijativa Prava i slobode na sredi\u0161njem zagreba\u010dkom trgu organizira javno okupljanje s temom &#8220;Kako biti \u010dovjek i ostati slobodan kad nam se ljudskost i sloboda poku\u0161avaju oduzeti&#8221; kako bi upozorila na, prema njezinu mi\u0161ljenju, mjere i poteze koji ugro\u017eavaju ljudsko dostojanstvo i slobodu.\u00a0<\/strong><\/p>\n\n\n\n<div style=\"width: 640px;\" class=\"wp-video\"><video class=\"wp-video-shortcode\" id=\"video-65285-1\" width=\"640\" height=\"360\" preload=\"metadata\" controls=\"controls\"><source type=\"video\/mp4\" src=\"https:\/\/api.hrt.hr\/media\/cc\/03\/tvd2-festival-slobode-20210918175345.mp4?_=1\" \/><a href=\"https:\/\/api.hrt.hr\/media\/cc\/03\/tvd2-festival-slobode-20210918175345.mp4\">https:\/\/api.hrt.hr\/media\/cc\/03\/tvd2-festival-slobode-20210918175345.mp4<\/a><\/video><\/div>\n\n\n\n<iframe loading=\"lazy\" src=\"https:\/\/www.facebook.com\/plugins\/video.php?height=476&#038;href=https%3A%2F%2Fwww.facebook.com%2FHRTvijesti%2Fvideos%2F2946684668888470%2F&#038;show_text=false&#038;width=476&#038;t=0\" width=\"476\" height=\"476\" style=\"border:none;overflow:hidden\" scrolling=\"no\" frameborder=\"0\" allowfullscreen=\"true\" allow=\"autoplay; clipboard-write; encrypted-media; picture-in-picture; web-share\" allowFullScreen=\"true\"><\/iframe>\n\n\n\n<p>Organizatori smatraju da se COVID-19 zloupotrebljava, odnosno koristi za postizanje politi\u010dkih ciljeva.<\/p>\n\n\n\n<figure class=\"wp-block-image\"><img decoding=\"async\" src=\"https:\/\/api.hrt.hr\/media\/de\/38\/740x438-pxl-180921-34656175-20210918142350.jpg\" alt=\"\"\/><\/figure>\n\n\n\n<p>Kako je u HTV-ovom Regionalnom dnevniku javio&nbsp;<strong>Borko Brunovi\u0107<\/strong>, na drugom Festivalu slobode okupilo se nekoliko tisu\u0107a ljudi, za sada sve protje\u010de mirno i nema izgreda, a sve prati policija. Mnogi od sudionika do\u0161li su organizirano autobusima iz svih dijelova Hrvatske.<\/p>\n\n\n\n<p>&#8211; Ono \u0161to smo vidjeli prema transparentima, ka\u017eu da se pandemija koristi za politi\u010dke svrhe, da se pod krinkom borbe protiv koronavirusa gase i gu\u0161e ljudska prava i slobode. Isto tako, mnogi od govornika i ljudi s kojima smo razgovarali vrlo kriti\u010dno govore o tome kakve su mjere donesene i u Hrvatskoj i u svim dijelovima Europe. Isto tako, mnogi od govornika vrlo su kriti\u010dno govorili i o tome kako se maske name\u0107u, kako one nisu rje\u0161enje, a mo\u017eda najja\u010di, ili, da tako ka\u017eem, najkriti\u010dniji dio govora bio je onaj u kojem se upozoravalo na opasnost cjepiva, na mogu\u0107e nuspojave i, kako je kazao jedan o govornika, na to genocidno cjepivo, rekao je Brunovi\u0107.<\/p>\n\n\n\n<p>Dodao je kako su mnogi od okupljenih kriti\u010dni i prema na\u010dinu na koji mediji izvje\u0161tavaju o cijeloj pandemiji.<\/p>\n\n\n\n<div style=\"width: 640px;\" class=\"wp-video\"><video class=\"wp-video-shortcode\" id=\"video-65285-2\" width=\"640\" height=\"360\" preload=\"metadata\" controls=\"controls\"><source type=\"video\/mp4\" src=\"https:\/\/api.hrt.hr\/media\/62\/13\/rd-festival-slobode-live-20210918143207.mp4?_=2\" \/><a href=\"https:\/\/api.hrt.hr\/media\/62\/13\/rd-festival-slobode-live-20210918143207.mp4\">https:\/\/api.hrt.hr\/media\/62\/13\/rd-festival-slobode-live-20210918143207.mp4<\/a><\/video><\/div>\n\n\n\n<p>&#8211; Dosta mi je svega. Imam previ\u0161e godina da shvatim \u0161to se doga\u0111a u ovoj dr\u017eavi koja se raspada! Zato sam tu, poru\u010dio je&nbsp;<strong>Vlado \u0160egon<\/strong>.<\/p>\n\n\n\n<p>&#8211; Razlog za\u0161to sam na Festivalu slobode i za\u0161to ga podr\u017eavam je taj \u0161to sam od po\u010detka koronakrize primijetila da se pri dono\u0161enju mjera nisu uva\u017eavale neovisne znanstvene spoznaje i da, da se jesu uva\u017eavale, do ovakvih situacija ga\u017eenja temeljnih ljudskih prava nikada ne bi ni do\u0161lo, rekla je dr.\u00a0<strong>Alma Demirovi\u0107<\/strong>, predsjednica Udruge roditelja aktivista.<br><br>&#8211; Zdrav razum nam govori samo na jednom primjeru. U ovom trenutku mogu\u0107e je sjediti u zagreba\u010dkim i hrvatskim kafi\u0107ima bez bilo kakvih ograni\u010denja. S druge strane djeci se name\u0107u maske u \u0161kolama, iako za to nema nikakvoga znanstvenoga utemeljenja,\u00a0<strong>Zlatko Hasanbegovi\u0107<\/strong>\u00a0iz Bloka za Hrvatsku.\u00a0<\/p>\n\n\n\n<div style=\"width: 640px;\" class=\"wp-video\"><video class=\"wp-video-shortcode\" id=\"video-65285-3\" width=\"640\" height=\"360\" preload=\"metadata\" controls=\"controls\"><source type=\"video\/mp4\" src=\"https:\/\/api.hrt.hr\/media\/d9\/a4\/rd-ton-festival-slobode-20210918143120.mp4?_=3\" \/><a href=\"https:\/\/api.hrt.hr\/media\/d9\/a4\/rd-ton-festival-slobode-20210918143120.mp4\">https:\/\/api.hrt.hr\/media\/d9\/a4\/rd-ton-festival-slobode-20210918143120.mp4<\/a><\/video><\/div>\n\n\n\n<p><strong>Izvor:hrt.hr<\/strong><\/p>\n","protected":false},"excerpt":{"rendered":"<p>Inicijativa Prava i slobode na sredi\u0161njem zagreba\u010dkom trgu organizira javno okupljanje s temom &#8220;Kako biti \u010dovjek i ostati slobodan kad nam se ljudskost i sloboda poku\u0161avaju oduzeti&#8221; kako bi upozorila na, prema njezinu mi\u0161ljenju, mjere i poteze koji ugro\u017eavaju ljudsko dostojanstvo i slobodu.\u00a0 https:\/\/api.hrt.hr\/media\/cc\/03\/tvd2-festival-slobode-20210918175345.mp4 Organizatori smatraju da se COVID-19 zloupotrebljava, odnosno koristi za postizanje politi\u010dkih [&hellip;]<\/p>\n","protected":false},"author":2,"featured_media":65286,"comment_status":"closed","ping_status":"closed","sticky":false,"template":"","format":"standard","meta":{"h5ap_radio_sources":[],"footnotes":""},"categories":[1],"tags":[],"class_list":["post-65285","post","type-post","status-publish","format-standard","has-post-thumbnail","hentry","category-bihiregija"],"yoast_head":"<!-- This site is optimized with the Yoast SEO plugin v27.5 - https:\/\/yoast.com\/product\/yoast-seo-wordpress\/ -->\n<title>Nekoliko tisu\u0107a ljudi na prosvjedu u organizaciji Inicijative Prava i slobode - RADIO LJUBU\u0160KI<\/title>\n<meta name=\"robots\" content=\"index, follow, max-snippet:-1, max-image-preview:large, max-video-preview:-1\" \/>\n<link rel=\"canonical\" href=\"https:\/\/radioljubuski.ba\/index.php\/2021\/09\/18\/nekoliko-tisuca-ljudi-na-prosvjedu-u-organizaciji-inicijative-prava-i-slobode\/\" \/>\n<meta property=\"og:locale\" content=\"hr_HR\" \/>\n<meta property=\"og:type\" content=\"article\" \/>\n<meta property=\"og:title\" content=\"Nekoliko tisu\u0107a ljudi na prosvjedu u organizaciji Inicijative Prava i slobode - RADIO LJUBU\u0160KI\" \/>\n<meta property=\"og:description\" content=\"Inicijativa Prava i slobode na sredi\u0161njem zagreba\u010dkom trgu organizira javno okupljanje s temom &#8220;Kako biti \u010dovjek i ostati slobodan kad nam se ljudskost i sloboda poku\u0161avaju oduzeti&#8221; kako bi upozorila na, prema njezinu mi\u0161ljenju, mjere i poteze koji ugro\u017eavaju ljudsko dostojanstvo i slobodu.\u00a0 https:\/\/api.hrt.hr\/media\/cc\/03\/tvd2-festival-slobode-20210918175345.mp4 Organizatori smatraju da se COVID-19 zloupotrebljava, odnosno koristi za postizanje politi\u010dkih [&hellip;]\" \/>\n<meta property=\"og:url\" content=\"https:\/\/radioljubuski.ba\/index.php\/2021\/09\/18\/nekoliko-tisuca-ljudi-na-prosvjedu-u-organizaciji-inicijative-prava-i-slobode\/\" \/>\n<meta property=\"og:site_name\" content=\"RADIO LJUBU\u0160KI\" \/>\n<meta property=\"article:publisher\" content=\"https:\/\/www.facebook.com\/Radiio-Ljubuski-1490835324566332\" \/>\n<meta property=\"article:published_time\" content=\"2021-09-18T22:16:24+00:00\" \/>\n<meta property=\"article:modified_time\" content=\"2021-09-18T22:16:25+00:00\" \/>\n<meta property=\"og:image\" content=\"https:\/\/radioljubuski.ba\/wp-content\/uploads\/2021\/09\/740x438-pxl-180921-34656224-20210918142440.jpg\" \/>\n\t<meta property=\"og:image:width\" content=\"740\" \/>\n\t<meta property=\"og:image:height\" content=\"438\" \/>\n\t<meta property=\"og:image:type\" content=\"image\/jpeg\" \/>\n<meta name=\"author\" content=\"Radio Ljubu\u0161ki\" \/>\n<meta name=\"twitter:card\" content=\"summary_large_image\" \/>\n<meta name=\"twitter:creator\" content=\"@radioljubuski\" \/>\n<meta name=\"twitter:site\" content=\"@radioljubuski\" \/>\n<meta name=\"twitter:label1\" content=\"Napisao\/la\" \/>\n\t<meta name=\"twitter:data1\" content=\"Radio Ljubu\u0161ki\" \/>\n\t<meta name=\"twitter:label2\" content=\"Procijenjeno vrijeme \u010ditanja\" \/>\n\t<meta name=\"twitter:data2\" content=\"2 minute\" \/>\n<script type=\"application\/ld+json\" class=\"yoast-schema-graph\">{\"@context\":\"https:\\\/\\\/schema.org\",\"@graph\":[{\"@type\":\"Article\",\"@id\":\"https:\\\/\\\/radioljubuski.ba\\\/index.php\\\/2021\\\/09\\\/18\\\/nekoliko-tisuca-ljudi-na-prosvjedu-u-organizaciji-inicijative-prava-i-slobode\\\/#article\",\"isPartOf\":{\"@id\":\"https:\\\/\\\/radioljubuski.ba\\\/index.php\\\/2021\\\/09\\\/18\\\/nekoliko-tisuca-ljudi-na-prosvjedu-u-organizaciji-inicijative-prava-i-slobode\\\/\"},\"author\":{\"name\":\"Radio Ljubu\u0161ki\",\"@id\":\"https:\\\/\\\/radioljubuski.ba\\\/#\\\/schema\\\/person\\\/19fc700381a780f69665d7956c469e3b\"},\"headline\":\"Nekoliko tisu\u0107a ljudi na prosvjedu u organizaciji Inicijative Prava i slobode\",\"datePublished\":\"2021-09-18T22:16:24+00:00\",\"dateModified\":\"2021-09-18T22:16:25+00:00\",\"mainEntityOfPage\":{\"@id\":\"https:\\\/\\\/radioljubuski.ba\\\/index.php\\\/2021\\\/09\\\/18\\\/nekoliko-tisuca-ljudi-na-prosvjedu-u-organizaciji-inicijative-prava-i-slobode\\\/\"},\"wordCount\":440,\"publisher\":{\"@id\":\"https:\\\/\\\/radioljubuski.ba\\\/#organization\"},\"image\":{\"@id\":\"https:\\\/\\\/radioljubuski.ba\\\/index.php\\\/2021\\\/09\\\/18\\\/nekoliko-tisuca-ljudi-na-prosvjedu-u-organizaciji-inicijative-prava-i-slobode\\\/#primaryimage\"},\"thumbnailUrl\":\"https:\\\/\\\/radioljubuski.ba\\\/wp-content\\\/uploads\\\/2021\\\/09\\\/740x438-pxl-180921-34656224-20210918142440.jpg\",\"articleSection\":[\"BIH i regija\"],\"inLanguage\":\"hr\"},{\"@type\":\"WebPage\",\"@id\":\"https:\\\/\\\/radioljubuski.ba\\\/index.php\\\/2021\\\/09\\\/18\\\/nekoliko-tisuca-ljudi-na-prosvjedu-u-organizaciji-inicijative-prava-i-slobode\\\/\",\"url\":\"https:\\\/\\\/radioljubuski.ba\\\/index.php\\\/2021\\\/09\\\/18\\\/nekoliko-tisuca-ljudi-na-prosvjedu-u-organizaciji-inicijative-prava-i-slobode\\\/\",\"name\":\"Nekoliko tisu\u0107a ljudi na prosvjedu u organizaciji Inicijative Prava i slobode - RADIO LJUBU\u0160KI\",\"isPartOf\":{\"@id\":\"https:\\\/\\\/radioljubuski.ba\\\/#website\"},\"primaryImageOfPage\":{\"@id\":\"https:\\\/\\\/radioljubuski.ba\\\/index.php\\\/2021\\\/09\\\/18\\\/nekoliko-tisuca-ljudi-na-prosvjedu-u-organizaciji-inicijative-prava-i-slobode\\\/#primaryimage\"},\"image\":{\"@id\":\"https:\\\/\\\/radioljubuski.ba\\\/index.php\\\/2021\\\/09\\\/18\\\/nekoliko-tisuca-ljudi-na-prosvjedu-u-organizaciji-inicijative-prava-i-slobode\\\/#primaryimage\"},\"thumbnailUrl\":\"https:\\\/\\\/radioljubuski.ba\\\/wp-content\\\/uploads\\\/2021\\\/09\\\/740x438-pxl-180921-34656224-20210918142440.jpg\",\"datePublished\":\"2021-09-18T22:16:24+00:00\",\"dateModified\":\"2021-09-18T22:16:25+00:00\",\"breadcrumb\":{\"@id\":\"https:\\\/\\\/radioljubuski.ba\\\/index.php\\\/2021\\\/09\\\/18\\\/nekoliko-tisuca-ljudi-na-prosvjedu-u-organizaciji-inicijative-prava-i-slobode\\\/#breadcrumb\"},\"inLanguage\":\"hr\",\"potentialAction\":[{\"@type\":\"ReadAction\",\"target\":[\"https:\\\/\\\/radioljubuski.ba\\\/index.php\\\/2021\\\/09\\\/18\\\/nekoliko-tisuca-ljudi-na-prosvjedu-u-organizaciji-inicijative-prava-i-slobode\\\/\"]}]},{\"@type\":\"ImageObject\",\"inLanguage\":\"hr\",\"@id\":\"https:\\\/\\\/radioljubuski.ba\\\/index.php\\\/2021\\\/09\\\/18\\\/nekoliko-tisuca-ljudi-na-prosvjedu-u-organizaciji-inicijative-prava-i-slobode\\\/#primaryimage\",\"url\":\"https:\\\/\\\/radioljubuski.ba\\\/wp-content\\\/uploads\\\/2021\\\/09\\\/740x438-pxl-180921-34656224-20210918142440.jpg\",\"contentUrl\":\"https:\\\/\\\/radioljubuski.ba\\\/wp-content\\\/uploads\\\/2021\\\/09\\\/740x438-pxl-180921-34656224-20210918142440.jpg\",\"width\":740,\"height\":438,\"caption\":\"18.09.2021., Zagreb - Na Trgu bana Josipa Jelacica odrzan je Festival slobode 2.0. cija je glavna tema \\\"Kako biti covjek i ostati slobodan kad nam se ljudskost i sloboda pokusavaju oduzeti\\\". Photo: Matija Habljak\\\/PIXSELL\"},{\"@type\":\"BreadcrumbList\",\"@id\":\"https:\\\/\\\/radioljubuski.ba\\\/index.php\\\/2021\\\/09\\\/18\\\/nekoliko-tisuca-ljudi-na-prosvjedu-u-organizaciji-inicijative-prava-i-slobode\\\/#breadcrumb\",\"itemListElement\":[{\"@type\":\"ListItem\",\"position\":1,\"name\":\"Po\u010detna stranica\",\"item\":\"https:\\\/\\\/radioljubuski.ba\\\/\"},{\"@type\":\"ListItem\",\"position\":2,\"name\":\"Nekoliko tisu\u0107a ljudi na prosvjedu u organizaciji Inicijative Prava i slobode\"}]},{\"@type\":\"WebSite\",\"@id\":\"https:\\\/\\\/radioljubuski.ba\\\/#website\",\"url\":\"https:\\\/\\\/radioljubuski.ba\\\/\",\"name\":\"Radio Ljubu\u0161ki\",\"description\":\"Sun\u010dana frekvencija Hercegovine\",\"publisher\":{\"@id\":\"https:\\\/\\\/radioljubuski.ba\\\/#organization\"},\"potentialAction\":[{\"@type\":\"SearchAction\",\"target\":{\"@type\":\"EntryPoint\",\"urlTemplate\":\"https:\\\/\\\/radioljubuski.ba\\\/?s={search_term_string}\"},\"query-input\":{\"@type\":\"PropertyValueSpecification\",\"valueRequired\":true,\"valueName\":\"search_term_string\"}}],\"inLanguage\":\"hr\"},{\"@type\":\"Organization\",\"@id\":\"https:\\\/\\\/radioljubuski.ba\\\/#organization\",\"name\":\"Radio Ljubu\u0161ki\",\"url\":\"https:\\\/\\\/radioljubuski.ba\\\/\",\"logo\":{\"@type\":\"ImageObject\",\"inLanguage\":\"hr\",\"@id\":\"https:\\\/\\\/radioljubuski.ba\\\/#\\\/schema\\\/logo\\\/image\\\/\",\"url\":\"https:\\\/\\\/radioljubuski.ba\\\/wp-content\\\/uploads\\\/2021\\\/02\\\/cropped-Radio_Ljubuski_logo1.jpg\",\"contentUrl\":\"https:\\\/\\\/radioljubuski.ba\\\/wp-content\\\/uploads\\\/2021\\\/02\\\/cropped-Radio_Ljubuski_logo1.jpg\",\"width\":512,\"height\":512,\"caption\":\"Radio Ljubu\u0161ki\"},\"image\":{\"@id\":\"https:\\\/\\\/radioljubuski.ba\\\/#\\\/schema\\\/logo\\\/image\\\/\"},\"sameAs\":[\"https:\\\/\\\/www.facebook.com\\\/Radiio-Ljubuski-1490835324566332\",\"https:\\\/\\\/x.com\\\/radioljubuski\",\"https:\\\/\\\/hr.linkedin.com\\\/company\\\/radio-ljubuski\",\"https:\\\/\\\/www.youtube.com\\\/channel\\\/UCHYaeO_n0Db3tjNGudGpXyw\"]},{\"@type\":\"Person\",\"@id\":\"https:\\\/\\\/radioljubuski.ba\\\/#\\\/schema\\\/person\\\/19fc700381a780f69665d7956c469e3b\",\"name\":\"Radio Ljubu\u0161ki\"}]}<\/script>\n<!-- \/ Yoast SEO plugin. -->","yoast_head_json":{"title":"Nekoliko tisu\u0107a ljudi na prosvjedu u organizaciji Inicijative Prava i slobode - RADIO LJUBU\u0160KI","robots":{"index":"index","follow":"follow","max-snippet":"max-snippet:-1","max-image-preview":"max-image-preview:large","max-video-preview":"max-video-preview:-1"},"canonical":"https:\/\/radioljubuski.ba\/index.php\/2021\/09\/18\/nekoliko-tisuca-ljudi-na-prosvjedu-u-organizaciji-inicijative-prava-i-slobode\/","og_locale":"hr_HR","og_type":"article","og_title":"Nekoliko tisu\u0107a ljudi na prosvjedu u organizaciji Inicijative Prava i slobode - RADIO LJUBU\u0160KI","og_description":"Inicijativa Prava i slobode na sredi\u0161njem zagreba\u010dkom trgu organizira javno okupljanje s temom &#8220;Kako biti \u010dovjek i ostati slobodan kad nam se ljudskost i sloboda poku\u0161avaju oduzeti&#8221; kako bi upozorila na, prema njezinu mi\u0161ljenju, mjere i poteze koji ugro\u017eavaju ljudsko dostojanstvo i slobodu.\u00a0 https:\/\/api.hrt.hr\/media\/cc\/03\/tvd2-festival-slobode-20210918175345.mp4 Organizatori smatraju da se COVID-19 zloupotrebljava, odnosno koristi za postizanje politi\u010dkih [&hellip;]","og_url":"https:\/\/radioljubuski.ba\/index.php\/2021\/09\/18\/nekoliko-tisuca-ljudi-na-prosvjedu-u-organizaciji-inicijative-prava-i-slobode\/","og_site_name":"RADIO LJUBU\u0160KI","article_publisher":"https:\/\/www.facebook.com\/Radiio-Ljubuski-1490835324566332","article_published_time":"2021-09-18T22:16:24+00:00","article_modified_time":"2021-09-18T22:16:25+00:00","og_image":[{"width":740,"height":438,"url":"https:\/\/radioljubuski.ba\/wp-content\/uploads\/2021\/09\/740x438-pxl-180921-34656224-20210918142440.jpg","type":"image\/jpeg"}],"author":"Radio Ljubu\u0161ki","twitter_card":"summary_large_image","twitter_creator":"@radioljubuski","twitter_site":"@radioljubuski","twitter_misc":{"Napisao\/la":"Radio Ljubu\u0161ki","Procijenjeno vrijeme \u010ditanja":"2 minute"},"schema":{"@context":"https:\/\/schema.org","@graph":[{"@type":"Article","@id":"https:\/\/radioljubuski.ba\/index.php\/2021\/09\/18\/nekoliko-tisuca-ljudi-na-prosvjedu-u-organizaciji-inicijative-prava-i-slobode\/#article","isPartOf":{"@id":"https:\/\/radioljubuski.ba\/index.php\/2021\/09\/18\/nekoliko-tisuca-ljudi-na-prosvjedu-u-organizaciji-inicijative-prava-i-slobode\/"},"author":{"name":"Radio Ljubu\u0161ki","@id":"https:\/\/radioljubuski.ba\/#\/schema\/person\/19fc700381a780f69665d7956c469e3b"},"headline":"Nekoliko tisu\u0107a ljudi na prosvjedu u organizaciji Inicijative Prava i slobode","datePublished":"2021-09-18T22:16:24+00:00","dateModified":"2021-09-18T22:16:25+00:00","mainEntityOfPage":{"@id":"https:\/\/radioljubuski.ba\/index.php\/2021\/09\/18\/nekoliko-tisuca-ljudi-na-prosvjedu-u-organizaciji-inicijative-prava-i-slobode\/"},"wordCount":440,"publisher":{"@id":"https:\/\/radioljubuski.ba\/#organization"},"image":{"@id":"https:\/\/radioljubuski.ba\/index.php\/2021\/09\/18\/nekoliko-tisuca-ljudi-na-prosvjedu-u-organizaciji-inicijative-prava-i-slobode\/#primaryimage"},"thumbnailUrl":"https:\/\/radioljubuski.ba\/wp-content\/uploads\/2021\/09\/740x438-pxl-180921-34656224-20210918142440.jpg","articleSection":["BIH i regija"],"inLanguage":"hr"},{"@type":"WebPage","@id":"https:\/\/radioljubuski.ba\/index.php\/2021\/09\/18\/nekoliko-tisuca-ljudi-na-prosvjedu-u-organizaciji-inicijative-prava-i-slobode\/","url":"https:\/\/radioljubuski.ba\/index.php\/2021\/09\/18\/nekoliko-tisuca-ljudi-na-prosvjedu-u-organizaciji-inicijative-prava-i-slobode\/","name":"Nekoliko tisu\u0107a ljudi na prosvjedu u organizaciji Inicijative Prava i slobode - RADIO LJUBU\u0160KI","isPartOf":{"@id":"https:\/\/radioljubuski.ba\/#website"},"primaryImageOfPage":{"@id":"https:\/\/radioljubuski.ba\/index.php\/2021\/09\/18\/nekoliko-tisuca-ljudi-na-prosvjedu-u-organizaciji-inicijative-prava-i-slobode\/#primaryimage"},"image":{"@id":"https:\/\/radioljubuski.ba\/index.php\/2021\/09\/18\/nekoliko-tisuca-ljudi-na-prosvjedu-u-organizaciji-inicijative-prava-i-slobode\/#primaryimage"},"thumbnailUrl":"https:\/\/radioljubuski.ba\/wp-content\/uploads\/2021\/09\/740x438-pxl-180921-34656224-20210918142440.jpg","datePublished":"2021-09-18T22:16:24+00:00","dateModified":"2021-09-18T22:16:25+00:00","breadcrumb":{"@id":"https:\/\/radioljubuski.ba\/index.php\/2021\/09\/18\/nekoliko-tisuca-ljudi-na-prosvjedu-u-organizaciji-inicijative-prava-i-slobode\/#breadcrumb"},"inLanguage":"hr","potentialAction":[{"@type":"ReadAction","target":["https:\/\/radioljubuski.ba\/index.php\/2021\/09\/18\/nekoliko-tisuca-ljudi-na-prosvjedu-u-organizaciji-inicijative-prava-i-slobode\/"]}]},{"@type":"ImageObject","inLanguage":"hr","@id":"https:\/\/radioljubuski.ba\/index.php\/2021\/09\/18\/nekoliko-tisuca-ljudi-na-prosvjedu-u-organizaciji-inicijative-prava-i-slobode\/#primaryimage","url":"https:\/\/radioljubuski.ba\/wp-content\/uploads\/2021\/09\/740x438-pxl-180921-34656224-20210918142440.jpg","contentUrl":"https:\/\/radioljubuski.ba\/wp-content\/uploads\/2021\/09\/740x438-pxl-180921-34656224-20210918142440.jpg","width":740,"height":438,"caption":"18.09.2021., Zagreb - Na Trgu bana Josipa Jelacica odrzan je Festival slobode 2.0. cija je glavna tema \"Kako biti covjek i ostati slobodan kad nam se ljudskost i sloboda pokusavaju oduzeti\". Photo: Matija Habljak\/PIXSELL"},{"@type":"BreadcrumbList","@id":"https:\/\/radioljubuski.ba\/index.php\/2021\/09\/18\/nekoliko-tisuca-ljudi-na-prosvjedu-u-organizaciji-inicijative-prava-i-slobode\/#breadcrumb","itemListElement":[{"@type":"ListItem","position":1,"name":"Po\u010detna stranica","item":"https:\/\/radioljubuski.ba\/"},{"@type":"ListItem","position":2,"name":"Nekoliko tisu\u0107a ljudi na prosvjedu u organizaciji Inicijative Prava i slobode"}]},{"@type":"WebSite","@id":"https:\/\/radioljubuski.ba\/#website","url":"https:\/\/radioljubuski.ba\/","name":"Radio Ljubu\u0161ki","description":"Sun\u010dana frekvencija Hercegovine","publisher":{"@id":"https:\/\/radioljubuski.ba\/#organization"},"potentialAction":[{"@type":"SearchAction","target":{"@type":"EntryPoint","urlTemplate":"https:\/\/radioljubuski.ba\/?s={search_term_string}"},"query-input":{"@type":"PropertyValueSpecification","valueRequired":true,"valueName":"search_term_string"}}],"inLanguage":"hr"},{"@type":"Organization","@id":"https:\/\/radioljubuski.ba\/#organization","name":"Radio Ljubu\u0161ki","url":"https:\/\/radioljubuski.ba\/","logo":{"@type":"ImageObject","inLanguage":"hr","@id":"https:\/\/radioljubuski.ba\/#\/schema\/logo\/image\/","url":"https:\/\/radioljubuski.ba\/wp-content\/uploads\/2021\/02\/cropped-Radio_Ljubuski_logo1.jpg","contentUrl":"https:\/\/radioljubuski.ba\/wp-content\/uploads\/2021\/02\/cropped-Radio_Ljubuski_logo1.jpg","width":512,"height":512,"caption":"Radio Ljubu\u0161ki"},"image":{"@id":"https:\/\/radioljubuski.ba\/#\/schema\/logo\/image\/"},"sameAs":["https:\/\/www.facebook.com\/Radiio-Ljubuski-1490835324566332","https:\/\/x.com\/radioljubuski","https:\/\/hr.linkedin.com\/company\/radio-ljubuski","https:\/\/www.youtube.com\/channel\/UCHYaeO_n0Db3tjNGudGpXyw"]},{"@type":"Person","@id":"https:\/\/radioljubuski.ba\/#\/schema\/person\/19fc700381a780f69665d7956c469e3b","name":"Radio Ljubu\u0161ki"}]}},"_links":{"self":[{"href":"https:\/\/radioljubuski.ba\/index.php\/wp-json\/wp\/v2\/posts\/65285","targetHints":{"allow":["GET"]}}],"collection":[{"href":"https:\/\/radioljubuski.ba\/index.php\/wp-json\/wp\/v2\/posts"}],"about":[{"href":"https:\/\/radioljubuski.ba\/index.php\/wp-json\/wp\/v2\/types\/post"}],"author":[{"embeddable":true,"href":"https:\/\/radioljubuski.ba\/index.php\/wp-json\/wp\/v2\/users\/2"}],"replies":[{"embeddable":true,"href":"https:\/\/radioljubuski.ba\/index.php\/wp-json\/wp\/v2\/comments?post=65285"}],"version-history":[{"count":1,"href":"https:\/\/radioljubuski.ba\/index.php\/wp-json\/wp\/v2\/posts\/65285\/revisions"}],"predecessor-version":[{"id":65287,"href":"https:\/\/radioljubuski.ba\/index.php\/wp-json\/wp\/v2\/posts\/65285\/revisions\/65287"}],"wp:featuredmedia":[{"embeddable":true,"href":"https:\/\/radioljubuski.ba\/index.php\/wp-json\/wp\/v2\/media\/65286"}],"wp:attachment":[{"href":"https:\/\/radioljubuski.ba\/index.php\/wp-json\/wp\/v2\/media?parent=65285"}],"wp:term":[{"taxonomy":"category","embeddable":true,"href":"https:\/\/radioljubuski.ba\/index.php\/wp-json\/wp\/v2\/categories?post=65285"},{"taxonomy":"post_tag","embeddable":true,"href":"https:\/\/radioljubuski.ba\/index.php\/wp-json\/wp\/v2\/tags?post=65285"}],"curies":[{"name":"wp","href":"https:\/\/api.w.org\/{rel}","templated":true}]}}