{"id":65288,"date":"2021-09-18T23:18:20","date_gmt":"2021-09-18T22:18:20","guid":{"rendered":"https:\/\/radioljubuski.ba\/?p=65288"},"modified":"2021-09-18T23:18:21","modified_gmt":"2021-09-18T22:18:21","slug":"plenkovic-o-festivalu-slobode-ta-patetika-djeluje-neozbiljno-to-je-fabricirana-tema","status":"publish","type":"post","link":"https:\/\/radioljubuski.ba\/index.php\/2021\/09\/18\/plenkovic-o-festivalu-slobode-ta-patetika-djeluje-neozbiljno-to-je-fabricirana-tema\/","title":{"rendered":"Plenkovi\u0107 o Festivalu slobode: Ta patetika djeluje neozbiljno, to je fabricirana tema"},"content":{"rendered":"\n<p><strong>Premijer Andrej Plenkovi\u0107 sudjelovao je na obilje\u017eavanju 30. obljetnice bitke za Vukovar. Nakon sve\u010danosti, komentirao je aktualna zbivanja u zemlji.<\/strong><\/p>\n\n\n\n<p>&#8211; Za presude su nadle\u017eni hrvatski sudovi i hrvatsko pravosu\u0111e. U govoru sam rekao koliko smo mi iz Vlade u\u010dinili u odnosu na ranije, oformili smo poseban tim koji se bavi ba\u0161 Vukovarom i ba\u0161 Ov\u010darom. Ti procesi su u tijeku, svakih nekoliko mjeseci do\u0111e se do nekih novih otkri\u0107a, ratni zlo\u010dini ne zastarijevaju, rekao je Plenkovi\u0107.<br><br>Odgovorio je na kritike vukovarskog gradona\u010delnika Ivana Penave.<br><br>&#8211; Nema grada u Hrvatskoj kojem je na\u0161a Vlada pomogla vi\u0161e nego Vukovaru. Treba na\u0107i balans izme\u0111u dostojanstvene zahvalnosti i nekakvog sitnog grickanja. Treba malo odrasti politi\u010dki da bi se to moglo, rekao je Plenkovi\u0107.<br><br>Komentirao je i dana\u0161nji Festival slobode.<br><br>&#8211; COVID-19 traje ve\u0107 vi\u0161e od 20 mjeseci, ako nekome to nije jasno, neka otvori bilo \u0161to \u0161to ima veze s medijima i kredibilnim informacijama pa se malo uputi i vidi koliko je ljudi preminulo diljem svijeta i u Hrvatskoj, koliko je ljudi bilo te\u0161ko bolesno. Od 12 umrlih danas samo je dvoje bilo cijepljeno, jedna osoba je imala preko 90 godina, a druga osoba je bila te\u0161ko bolesna.<br><br>&#8211; Apeliram na sve sugra\u0111ane da budu razumni, da budu odgovorni, imamo za\u0161titu i ne vidim zbog \u010dega i iz kojeg razloga se ne bi poveli za primjerom, ako ne nekog drugog, onda onih 52 posto Hrvata koji su to ve\u0107 demonstrirali. Sloboda &#8211; da. \u0160to to u Hrvatskoj nije bilo slobodno ili slobodnije nego negdje drugdje? Ti ljudi o\u010dito nisu oti\u0161li u neke druge zemlje, vidjeli druge restriktivne re\u017eime. Kod nas rade \u0161kole, radio je promet, gospodarstvo, dru\u0161tveni \u017eivot. Mogli ste i\u0107i u kino, restorane, muzeje. Ta patetika oko slobode danas nakon toliko preminulih i tro\u0161kova koje smo imali meni djeluje neozbiljno, rekao je Plenkovi\u0107.<br><br>Dodao je kako ne vidi razloge za bunt gra\u0111ana.<br><br>&#8211; Valjda mo\u017eemo pre\u017eivjeti jednu sezonu bez diskokluba. To je po meni fabricirana tema. Nema nikakva razloga za naricanjem oko toga da se nekome ograni\u010dava sloboda, rekao je Plenkovi\u0107.<br><br>&#8211; Ja ne name\u0107em nekom da misli kao ja, ali kao odgovoran predsjednik Vlade sa svim informacijama kojima raspola\u017eem preporu\u010dujem da ako imamo bolest koja se tako jednostavno \u0161iri, od koje nam je umrlo vi\u0161e od 8300 ljudi, zbog koje smo imali 36 milijardi nepredvi\u0111enih tro\u0161kova, ne znam koju to vrstu informacije oni nisu \u010duli, a da shvate \u0161to smo sve napravili da pro\u0111emo kroz najve\u0107u pandemiju i kroz najve\u0107u ekonomsku krizu koja je postojala. Nije bilo te\u017ee situacije, rekao je Plenkovi\u0107.<br><br>Uvjerava kako ni\u0161ta od cjepiva ne\u0107e propasti.<br><br>&#8211; Donirat \u0107emo, ne znam napamet koliko smo cjepiva dali, rekao je.<br><br>Agencija Standard &amp; Poor&#8217;s potvrdila je u petak investicijski rejting Hrvatske BBB-\/A-3, uz stabilne izglede.\u00a0<br><br>&#8211; Preporu\u010dam svima koji mogu da pro\u010ditaju izvje\u0161\u0107e S&amp;P o Hrvatskoj, ima nekoliko to\u010daka koje su va\u017ene za razumijevanje politike Vlade i smjera koji vodimo. Analiti\u010dari su jo\u0161 jednom dokazali da vjeruju Vladi i smjeru kojim idemo. Znaju koliko smo u\u010dinili na smanjenju javnog duga, \u0161to smo radili proteklih godina. Oni nas cijene i po\u0161tuju, razumiju \u0161to radimo. Jo\u0161 jednom su podcrtali klju\u010dni element politi\u010dke stabilnosti. Oni ka\u017eu dobili smo povjerenje za jo\u0161 jedan tvrdi mandat za reforme i oporavak. Procijenili su da nam rast ne\u0107e biti 5 nego 6,5 posto, to je ogroman korak naprijed. Prepoznali su da je turisti\u010dka sezona ostvarila takve rezultate da \u0107e nam biti zama\u0161njak za br\u017ei gospodarski oporavak i financijsku stabilnost. Isto tako su svjesni da se Hrvatska najpovoljnije zadu\u017euje na financijskim me\u0111unarodnim tr\u017ei\u0161tima. Mi smo premostili krizu, o\u010duvali radna mjesta, osigurali odli\u010dnu sezonu, izbjegli socijalnu frakturu. Unato\u010d svim izazovima Hrvatska je u investicijskom kreditnom rejtingu, rekao je.<br><br>Na pitanje trebaju li se gra\u0111ani bojati rasta cijena zbog inflacije, Plenkovi\u0107 je odgovorio da su cijene energenata porasle globalno.<br><br>&#8211; Okolnosti su takve da nam cijene rastu zbog svih tih poreme\u0107aja na globalnom tr\u017ei\u0161tu. U ovom trenutku mislim da ne moramo imati nagle reakcije. Pratit \u0107emo situaciju. Ako bude potrebno, imamo alate na raspolaganju, rekao je.<br><br>Gradona\u010delnik Kutine rekao je da izlazi iz HDZ-a. Plenkovi\u0107 je na to odgovorio da je ta stvar delegirana \u017eupanijskoj organizaciji. Rekao je da se ne \u017eeli petljati ni prejudicirati krivnju.<br><br>&#8211; On je dobio mandat izravno na izborima, to vi\u0161e nije pitanje HDZ-a.<\/p>\n\n\n\n<figure class=\"wp-block-embed is-type-wp-embed is-provider-radio-ljubuski wp-block-embed-radio-ljubuski\"><div class=\"wp-block-embed__wrapper\">\n<blockquote class=\"wp-embedded-content\" data-secret=\"MCQ0QL4MnP\"><a href=\"https:\/\/radioljubuski.ba\/index.php\/2021\/09\/18\/nekoliko-tisuca-ljudi-na-prosvjedu-u-organizaciji-inicijative-prava-i-slobode\/\">Nekoliko tisu\u0107a ljudi na prosvjedu u organizaciji Inicijative Prava i slobode<\/a><\/blockquote><iframe loading=\"lazy\" class=\"wp-embedded-content\" sandbox=\"allow-scripts\" security=\"restricted\" style=\"position: absolute; clip: rect(1px, 1px, 1px, 1px);\" title=\"&#8220;Nekoliko tisu\u0107a ljudi na prosvjedu u organizaciji Inicijative Prava i slobode&#8221; &#8212;   RADIO LJUBU\u0160KI\" src=\"https:\/\/radioljubuski.ba\/index.php\/2021\/09\/18\/nekoliko-tisuca-ljudi-na-prosvjedu-u-organizaciji-inicijative-prava-i-slobode\/embed\/#?secret=vpECpoqDop#?secret=MCQ0QL4MnP\" data-secret=\"MCQ0QL4MnP\" width=\"600\" height=\"338\" frameborder=\"0\" marginwidth=\"0\" marginheight=\"0\" scrolling=\"no\"><\/iframe>\n<\/div><\/figure>\n\n\n\n<p>Izvor:hrt.hr<\/p>\n","protected":false},"excerpt":{"rendered":"<p>Premijer Andrej Plenkovi\u0107 sudjelovao je na obilje\u017eavanju 30. obljetnice bitke za Vukovar. Nakon sve\u010danosti, komentirao je aktualna zbivanja u zemlji. &#8211; Za presude su nadle\u017eni hrvatski sudovi i hrvatsko pravosu\u0111e. U govoru sam rekao koliko smo mi iz Vlade u\u010dinili u odnosu na ranije, oformili smo poseban tim koji se bavi ba\u0161 Vukovarom i ba\u0161 [&hellip;]<\/p>\n","protected":false},"author":2,"featured_media":65289,"comment_status":"closed","ping_status":"closed","sticky":false,"template":"","format":"standard","meta":{"h5ap_radio_sources":[],"footnotes":""},"categories":[1],"tags":[],"class_list":["post-65288","post","type-post","status-publish","format-standard","has-post-thumbnail","hentry","category-bihiregija"],"yoast_head":"<!-- This site is optimized with the Yoast SEO plugin v27.5 - https:\/\/yoast.com\/product\/yoast-seo-wordpress\/ -->\n<title>Plenkovi\u0107 o Festivalu slobode: Ta patetika djeluje neozbiljno, to je fabricirana tema - RADIO LJUBU\u0160KI<\/title>\n<meta name=\"robots\" content=\"index, follow, max-snippet:-1, max-image-preview:large, max-video-preview:-1\" \/>\n<link rel=\"canonical\" href=\"https:\/\/radioljubuski.ba\/index.php\/2021\/09\/18\/plenkovic-o-festivalu-slobode-ta-patetika-djeluje-neozbiljno-to-je-fabricirana-tema\/\" \/>\n<meta property=\"og:locale\" content=\"hr_HR\" \/>\n<meta property=\"og:type\" content=\"article\" \/>\n<meta property=\"og:title\" content=\"Plenkovi\u0107 o Festivalu slobode: Ta patetika djeluje neozbiljno, to je fabricirana tema - RADIO LJUBU\u0160KI\" \/>\n<meta property=\"og:description\" content=\"Premijer Andrej Plenkovi\u0107 sudjelovao je na obilje\u017eavanju 30. obljetnice bitke za Vukovar. Nakon sve\u010danosti, komentirao je aktualna zbivanja u zemlji. &#8211; Za presude su nadle\u017eni hrvatski sudovi i hrvatsko pravosu\u0111e. U govoru sam rekao koliko smo mi iz Vlade u\u010dinili u odnosu na ranije, oformili smo poseban tim koji se bavi ba\u0161 Vukovarom i ba\u0161 [&hellip;]\" \/>\n<meta property=\"og:url\" content=\"https:\/\/radioljubuski.ba\/index.php\/2021\/09\/18\/plenkovic-o-festivalu-slobode-ta-patetika-djeluje-neozbiljno-to-je-fabricirana-tema\/\" \/>\n<meta property=\"og:site_name\" content=\"RADIO LJUBU\u0160KI\" \/>\n<meta property=\"article:publisher\" content=\"https:\/\/www.facebook.com\/Radiio-Ljubuski-1490835324566332\" \/>\n<meta property=\"article:published_time\" content=\"2021-09-18T22:18:20+00:00\" \/>\n<meta property=\"article:modified_time\" content=\"2021-09-18T22:18:21+00:00\" \/>\n<meta property=\"og:image\" content=\"https:\/\/radioljubuski.ba\/wp-content\/uploads\/2021\/09\/vu-plenkovic-u-obilasku-frame-161847-20210918114901.jpg\" \/>\n\t<meta property=\"og:image:width\" content=\"1920\" \/>\n\t<meta property=\"og:image:height\" content=\"1080\" \/>\n\t<meta property=\"og:image:type\" content=\"image\/jpeg\" \/>\n<meta name=\"author\" content=\"Radio Ljubu\u0161ki\" \/>\n<meta name=\"twitter:card\" content=\"summary_large_image\" \/>\n<meta name=\"twitter:creator\" content=\"@radioljubuski\" \/>\n<meta name=\"twitter:site\" content=\"@radioljubuski\" \/>\n<meta name=\"twitter:label1\" content=\"Napisao\/la\" \/>\n\t<meta name=\"twitter:data1\" content=\"Radio Ljubu\u0161ki\" \/>\n\t<meta name=\"twitter:label2\" content=\"Procijenjeno vrijeme \u010ditanja\" \/>\n\t<meta name=\"twitter:data2\" content=\"4 minute\" \/>\n<script type=\"application\/ld+json\" class=\"yoast-schema-graph\">{\"@context\":\"https:\\\/\\\/schema.org\",\"@graph\":[{\"@type\":\"Article\",\"@id\":\"https:\\\/\\\/radioljubuski.ba\\\/index.php\\\/2021\\\/09\\\/18\\\/plenkovic-o-festivalu-slobode-ta-patetika-djeluje-neozbiljno-to-je-fabricirana-tema\\\/#article\",\"isPartOf\":{\"@id\":\"https:\\\/\\\/radioljubuski.ba\\\/index.php\\\/2021\\\/09\\\/18\\\/plenkovic-o-festivalu-slobode-ta-patetika-djeluje-neozbiljno-to-je-fabricirana-tema\\\/\"},\"author\":{\"name\":\"Radio Ljubu\u0161ki\",\"@id\":\"https:\\\/\\\/radioljubuski.ba\\\/#\\\/schema\\\/person\\\/19fc700381a780f69665d7956c469e3b\"},\"headline\":\"Plenkovi\u0107 o Festivalu slobode: Ta patetika djeluje neozbiljno, to je fabricirana tema\",\"datePublished\":\"2021-09-18T22:18:20+00:00\",\"dateModified\":\"2021-09-18T22:18:21+00:00\",\"mainEntityOfPage\":{\"@id\":\"https:\\\/\\\/radioljubuski.ba\\\/index.php\\\/2021\\\/09\\\/18\\\/plenkovic-o-festivalu-slobode-ta-patetika-djeluje-neozbiljno-to-je-fabricirana-tema\\\/\"},\"wordCount\":795,\"publisher\":{\"@id\":\"https:\\\/\\\/radioljubuski.ba\\\/#organization\"},\"image\":{\"@id\":\"https:\\\/\\\/radioljubuski.ba\\\/index.php\\\/2021\\\/09\\\/18\\\/plenkovic-o-festivalu-slobode-ta-patetika-djeluje-neozbiljno-to-je-fabricirana-tema\\\/#primaryimage\"},\"thumbnailUrl\":\"https:\\\/\\\/radioljubuski.ba\\\/wp-content\\\/uploads\\\/2021\\\/09\\\/vu-plenkovic-u-obilasku-frame-161847-20210918114901.jpg\",\"articleSection\":[\"BIH i regija\"],\"inLanguage\":\"hr\"},{\"@type\":\"WebPage\",\"@id\":\"https:\\\/\\\/radioljubuski.ba\\\/index.php\\\/2021\\\/09\\\/18\\\/plenkovic-o-festivalu-slobode-ta-patetika-djeluje-neozbiljno-to-je-fabricirana-tema\\\/\",\"url\":\"https:\\\/\\\/radioljubuski.ba\\\/index.php\\\/2021\\\/09\\\/18\\\/plenkovic-o-festivalu-slobode-ta-patetika-djeluje-neozbiljno-to-je-fabricirana-tema\\\/\",\"name\":\"Plenkovi\u0107 o Festivalu slobode: Ta patetika djeluje neozbiljno, to je fabricirana tema - RADIO LJUBU\u0160KI\",\"isPartOf\":{\"@id\":\"https:\\\/\\\/radioljubuski.ba\\\/#website\"},\"primaryImageOfPage\":{\"@id\":\"https:\\\/\\\/radioljubuski.ba\\\/index.php\\\/2021\\\/09\\\/18\\\/plenkovic-o-festivalu-slobode-ta-patetika-djeluje-neozbiljno-to-je-fabricirana-tema\\\/#primaryimage\"},\"image\":{\"@id\":\"https:\\\/\\\/radioljubuski.ba\\\/index.php\\\/2021\\\/09\\\/18\\\/plenkovic-o-festivalu-slobode-ta-patetika-djeluje-neozbiljno-to-je-fabricirana-tema\\\/#primaryimage\"},\"thumbnailUrl\":\"https:\\\/\\\/radioljubuski.ba\\\/wp-content\\\/uploads\\\/2021\\\/09\\\/vu-plenkovic-u-obilasku-frame-161847-20210918114901.jpg\",\"datePublished\":\"2021-09-18T22:18:20+00:00\",\"dateModified\":\"2021-09-18T22:18:21+00:00\",\"breadcrumb\":{\"@id\":\"https:\\\/\\\/radioljubuski.ba\\\/index.php\\\/2021\\\/09\\\/18\\\/plenkovic-o-festivalu-slobode-ta-patetika-djeluje-neozbiljno-to-je-fabricirana-tema\\\/#breadcrumb\"},\"inLanguage\":\"hr\",\"potentialAction\":[{\"@type\":\"ReadAction\",\"target\":[\"https:\\\/\\\/radioljubuski.ba\\\/index.php\\\/2021\\\/09\\\/18\\\/plenkovic-o-festivalu-slobode-ta-patetika-djeluje-neozbiljno-to-je-fabricirana-tema\\\/\"]}]},{\"@type\":\"ImageObject\",\"inLanguage\":\"hr\",\"@id\":\"https:\\\/\\\/radioljubuski.ba\\\/index.php\\\/2021\\\/09\\\/18\\\/plenkovic-o-festivalu-slobode-ta-patetika-djeluje-neozbiljno-to-je-fabricirana-tema\\\/#primaryimage\",\"url\":\"https:\\\/\\\/radioljubuski.ba\\\/wp-content\\\/uploads\\\/2021\\\/09\\\/vu-plenkovic-u-obilasku-frame-161847-20210918114901.jpg\",\"contentUrl\":\"https:\\\/\\\/radioljubuski.ba\\\/wp-content\\\/uploads\\\/2021\\\/09\\\/vu-plenkovic-u-obilasku-frame-161847-20210918114901.jpg\",\"width\":1920,\"height\":1080},{\"@type\":\"BreadcrumbList\",\"@id\":\"https:\\\/\\\/radioljubuski.ba\\\/index.php\\\/2021\\\/09\\\/18\\\/plenkovic-o-festivalu-slobode-ta-patetika-djeluje-neozbiljno-to-je-fabricirana-tema\\\/#breadcrumb\",\"itemListElement\":[{\"@type\":\"ListItem\",\"position\":1,\"name\":\"Po\u010detna stranica\",\"item\":\"https:\\\/\\\/radioljubuski.ba\\\/\"},{\"@type\":\"ListItem\",\"position\":2,\"name\":\"Plenkovi\u0107 o Festivalu slobode: Ta patetika djeluje neozbiljno, to je fabricirana tema\"}]},{\"@type\":\"WebSite\",\"@id\":\"https:\\\/\\\/radioljubuski.ba\\\/#website\",\"url\":\"https:\\\/\\\/radioljubuski.ba\\\/\",\"name\":\"Radio Ljubu\u0161ki\",\"description\":\"Sun\u010dana frekvencija Hercegovine\",\"publisher\":{\"@id\":\"https:\\\/\\\/radioljubuski.ba\\\/#organization\"},\"potentialAction\":[{\"@type\":\"SearchAction\",\"target\":{\"@type\":\"EntryPoint\",\"urlTemplate\":\"https:\\\/\\\/radioljubuski.ba\\\/?s={search_term_string}\"},\"query-input\":{\"@type\":\"PropertyValueSpecification\",\"valueRequired\":true,\"valueName\":\"search_term_string\"}}],\"inLanguage\":\"hr\"},{\"@type\":\"Organization\",\"@id\":\"https:\\\/\\\/radioljubuski.ba\\\/#organization\",\"name\":\"Radio Ljubu\u0161ki\",\"url\":\"https:\\\/\\\/radioljubuski.ba\\\/\",\"logo\":{\"@type\":\"ImageObject\",\"inLanguage\":\"hr\",\"@id\":\"https:\\\/\\\/radioljubuski.ba\\\/#\\\/schema\\\/logo\\\/image\\\/\",\"url\":\"https:\\\/\\\/radioljubuski.ba\\\/wp-content\\\/uploads\\\/2021\\\/02\\\/cropped-Radio_Ljubuski_logo1.jpg\",\"contentUrl\":\"https:\\\/\\\/radioljubuski.ba\\\/wp-content\\\/uploads\\\/2021\\\/02\\\/cropped-Radio_Ljubuski_logo1.jpg\",\"width\":512,\"height\":512,\"caption\":\"Radio Ljubu\u0161ki\"},\"image\":{\"@id\":\"https:\\\/\\\/radioljubuski.ba\\\/#\\\/schema\\\/logo\\\/image\\\/\"},\"sameAs\":[\"https:\\\/\\\/www.facebook.com\\\/Radiio-Ljubuski-1490835324566332\",\"https:\\\/\\\/x.com\\\/radioljubuski\",\"https:\\\/\\\/hr.linkedin.com\\\/company\\\/radio-ljubuski\",\"https:\\\/\\\/www.youtube.com\\\/channel\\\/UCHYaeO_n0Db3tjNGudGpXyw\"]},{\"@type\":\"Person\",\"@id\":\"https:\\\/\\\/radioljubuski.ba\\\/#\\\/schema\\\/person\\\/19fc700381a780f69665d7956c469e3b\",\"name\":\"Radio Ljubu\u0161ki\"}]}<\/script>\n<!-- \/ Yoast SEO plugin. -->","yoast_head_json":{"title":"Plenkovi\u0107 o Festivalu slobode: Ta patetika djeluje neozbiljno, to je fabricirana tema - RADIO LJUBU\u0160KI","robots":{"index":"index","follow":"follow","max-snippet":"max-snippet:-1","max-image-preview":"max-image-preview:large","max-video-preview":"max-video-preview:-1"},"canonical":"https:\/\/radioljubuski.ba\/index.php\/2021\/09\/18\/plenkovic-o-festivalu-slobode-ta-patetika-djeluje-neozbiljno-to-je-fabricirana-tema\/","og_locale":"hr_HR","og_type":"article","og_title":"Plenkovi\u0107 o Festivalu slobode: Ta patetika djeluje neozbiljno, to je fabricirana tema - RADIO LJUBU\u0160KI","og_description":"Premijer Andrej Plenkovi\u0107 sudjelovao je na obilje\u017eavanju 30. obljetnice bitke za Vukovar. Nakon sve\u010danosti, komentirao je aktualna zbivanja u zemlji. &#8211; Za presude su nadle\u017eni hrvatski sudovi i hrvatsko pravosu\u0111e. U govoru sam rekao koliko smo mi iz Vlade u\u010dinili u odnosu na ranije, oformili smo poseban tim koji se bavi ba\u0161 Vukovarom i ba\u0161 [&hellip;]","og_url":"https:\/\/radioljubuski.ba\/index.php\/2021\/09\/18\/plenkovic-o-festivalu-slobode-ta-patetika-djeluje-neozbiljno-to-je-fabricirana-tema\/","og_site_name":"RADIO LJUBU\u0160KI","article_publisher":"https:\/\/www.facebook.com\/Radiio-Ljubuski-1490835324566332","article_published_time":"2021-09-18T22:18:20+00:00","article_modified_time":"2021-09-18T22:18:21+00:00","og_image":[{"width":1920,"height":1080,"url":"https:\/\/radioljubuski.ba\/wp-content\/uploads\/2021\/09\/vu-plenkovic-u-obilasku-frame-161847-20210918114901.jpg","type":"image\/jpeg"}],"author":"Radio Ljubu\u0161ki","twitter_card":"summary_large_image","twitter_creator":"@radioljubuski","twitter_site":"@radioljubuski","twitter_misc":{"Napisao\/la":"Radio Ljubu\u0161ki","Procijenjeno vrijeme \u010ditanja":"4 minute"},"schema":{"@context":"https:\/\/schema.org","@graph":[{"@type":"Article","@id":"https:\/\/radioljubuski.ba\/index.php\/2021\/09\/18\/plenkovic-o-festivalu-slobode-ta-patetika-djeluje-neozbiljno-to-je-fabricirana-tema\/#article","isPartOf":{"@id":"https:\/\/radioljubuski.ba\/index.php\/2021\/09\/18\/plenkovic-o-festivalu-slobode-ta-patetika-djeluje-neozbiljno-to-je-fabricirana-tema\/"},"author":{"name":"Radio Ljubu\u0161ki","@id":"https:\/\/radioljubuski.ba\/#\/schema\/person\/19fc700381a780f69665d7956c469e3b"},"headline":"Plenkovi\u0107 o Festivalu slobode: Ta patetika djeluje neozbiljno, to je fabricirana tema","datePublished":"2021-09-18T22:18:20+00:00","dateModified":"2021-09-18T22:18:21+00:00","mainEntityOfPage":{"@id":"https:\/\/radioljubuski.ba\/index.php\/2021\/09\/18\/plenkovic-o-festivalu-slobode-ta-patetika-djeluje-neozbiljno-to-je-fabricirana-tema\/"},"wordCount":795,"publisher":{"@id":"https:\/\/radioljubuski.ba\/#organization"},"image":{"@id":"https:\/\/radioljubuski.ba\/index.php\/2021\/09\/18\/plenkovic-o-festivalu-slobode-ta-patetika-djeluje-neozbiljno-to-je-fabricirana-tema\/#primaryimage"},"thumbnailUrl":"https:\/\/radioljubuski.ba\/wp-content\/uploads\/2021\/09\/vu-plenkovic-u-obilasku-frame-161847-20210918114901.jpg","articleSection":["BIH i regija"],"inLanguage":"hr"},{"@type":"WebPage","@id":"https:\/\/radioljubuski.ba\/index.php\/2021\/09\/18\/plenkovic-o-festivalu-slobode-ta-patetika-djeluje-neozbiljno-to-je-fabricirana-tema\/","url":"https:\/\/radioljubuski.ba\/index.php\/2021\/09\/18\/plenkovic-o-festivalu-slobode-ta-patetika-djeluje-neozbiljno-to-je-fabricirana-tema\/","name":"Plenkovi\u0107 o Festivalu slobode: Ta patetika djeluje neozbiljno, to je fabricirana tema - RADIO LJUBU\u0160KI","isPartOf":{"@id":"https:\/\/radioljubuski.ba\/#website"},"primaryImageOfPage":{"@id":"https:\/\/radioljubuski.ba\/index.php\/2021\/09\/18\/plenkovic-o-festivalu-slobode-ta-patetika-djeluje-neozbiljno-to-je-fabricirana-tema\/#primaryimage"},"image":{"@id":"https:\/\/radioljubuski.ba\/index.php\/2021\/09\/18\/plenkovic-o-festivalu-slobode-ta-patetika-djeluje-neozbiljno-to-je-fabricirana-tema\/#primaryimage"},"thumbnailUrl":"https:\/\/radioljubuski.ba\/wp-content\/uploads\/2021\/09\/vu-plenkovic-u-obilasku-frame-161847-20210918114901.jpg","datePublished":"2021-09-18T22:18:20+00:00","dateModified":"2021-09-18T22:18:21+00:00","breadcrumb":{"@id":"https:\/\/radioljubuski.ba\/index.php\/2021\/09\/18\/plenkovic-o-festivalu-slobode-ta-patetika-djeluje-neozbiljno-to-je-fabricirana-tema\/#breadcrumb"},"inLanguage":"hr","potentialAction":[{"@type":"ReadAction","target":["https:\/\/radioljubuski.ba\/index.php\/2021\/09\/18\/plenkovic-o-festivalu-slobode-ta-patetika-djeluje-neozbiljno-to-je-fabricirana-tema\/"]}]},{"@type":"ImageObject","inLanguage":"hr","@id":"https:\/\/radioljubuski.ba\/index.php\/2021\/09\/18\/plenkovic-o-festivalu-slobode-ta-patetika-djeluje-neozbiljno-to-je-fabricirana-tema\/#primaryimage","url":"https:\/\/radioljubuski.ba\/wp-content\/uploads\/2021\/09\/vu-plenkovic-u-obilasku-frame-161847-20210918114901.jpg","contentUrl":"https:\/\/radioljubuski.ba\/wp-content\/uploads\/2021\/09\/vu-plenkovic-u-obilasku-frame-161847-20210918114901.jpg","width":1920,"height":1080},{"@type":"BreadcrumbList","@id":"https:\/\/radioljubuski.ba\/index.php\/2021\/09\/18\/plenkovic-o-festivalu-slobode-ta-patetika-djeluje-neozbiljno-to-je-fabricirana-tema\/#breadcrumb","itemListElement":[{"@type":"ListItem","position":1,"name":"Po\u010detna stranica","item":"https:\/\/radioljubuski.ba\/"},{"@type":"ListItem","position":2,"name":"Plenkovi\u0107 o Festivalu slobode: Ta patetika djeluje neozbiljno, to je fabricirana tema"}]},{"@type":"WebSite","@id":"https:\/\/radioljubuski.ba\/#website","url":"https:\/\/radioljubuski.ba\/","name":"Radio Ljubu\u0161ki","description":"Sun\u010dana frekvencija Hercegovine","publisher":{"@id":"https:\/\/radioljubuski.ba\/#organization"},"potentialAction":[{"@type":"SearchAction","target":{"@type":"EntryPoint","urlTemplate":"https:\/\/radioljubuski.ba\/?s={search_term_string}"},"query-input":{"@type":"PropertyValueSpecification","valueRequired":true,"valueName":"search_term_string"}}],"inLanguage":"hr"},{"@type":"Organization","@id":"https:\/\/radioljubuski.ba\/#organization","name":"Radio Ljubu\u0161ki","url":"https:\/\/radioljubuski.ba\/","logo":{"@type":"ImageObject","inLanguage":"hr","@id":"https:\/\/radioljubuski.ba\/#\/schema\/logo\/image\/","url":"https:\/\/radioljubuski.ba\/wp-content\/uploads\/2021\/02\/cropped-Radio_Ljubuski_logo1.jpg","contentUrl":"https:\/\/radioljubuski.ba\/wp-content\/uploads\/2021\/02\/cropped-Radio_Ljubuski_logo1.jpg","width":512,"height":512,"caption":"Radio Ljubu\u0161ki"},"image":{"@id":"https:\/\/radioljubuski.ba\/#\/schema\/logo\/image\/"},"sameAs":["https:\/\/www.facebook.com\/Radiio-Ljubuski-1490835324566332","https:\/\/x.com\/radioljubuski","https:\/\/hr.linkedin.com\/company\/radio-ljubuski","https:\/\/www.youtube.com\/channel\/UCHYaeO_n0Db3tjNGudGpXyw"]},{"@type":"Person","@id":"https:\/\/radioljubuski.ba\/#\/schema\/person\/19fc700381a780f69665d7956c469e3b","name":"Radio Ljubu\u0161ki"}]}},"_links":{"self":[{"href":"https:\/\/radioljubuski.ba\/index.php\/wp-json\/wp\/v2\/posts\/65288","targetHints":{"allow":["GET"]}}],"collection":[{"href":"https:\/\/radioljubuski.ba\/index.php\/wp-json\/wp\/v2\/posts"}],"about":[{"href":"https:\/\/radioljubuski.ba\/index.php\/wp-json\/wp\/v2\/types\/post"}],"author":[{"embeddable":true,"href":"https:\/\/radioljubuski.ba\/index.php\/wp-json\/wp\/v2\/users\/2"}],"replies":[{"embeddable":true,"href":"https:\/\/radioljubuski.ba\/index.php\/wp-json\/wp\/v2\/comments?post=65288"}],"version-history":[{"count":1,"href":"https:\/\/radioljubuski.ba\/index.php\/wp-json\/wp\/v2\/posts\/65288\/revisions"}],"predecessor-version":[{"id":65290,"href":"https:\/\/radioljubuski.ba\/index.php\/wp-json\/wp\/v2\/posts\/65288\/revisions\/65290"}],"wp:featuredmedia":[{"embeddable":true,"href":"https:\/\/radioljubuski.ba\/index.php\/wp-json\/wp\/v2\/media\/65289"}],"wp:attachment":[{"href":"https:\/\/radioljubuski.ba\/index.php\/wp-json\/wp\/v2\/media?parent=65288"}],"wp:term":[{"taxonomy":"category","embeddable":true,"href":"https:\/\/radioljubuski.ba\/index.php\/wp-json\/wp\/v2\/categories?post=65288"},{"taxonomy":"post_tag","embeddable":true,"href":"https:\/\/radioljubuski.ba\/index.php\/wp-json\/wp\/v2\/tags?post=65288"}],"curies":[{"name":"wp","href":"https:\/\/api.w.org\/{rel}","templated":true}]}}