{"id":65291,"date":"2021-09-18T23:19:57","date_gmt":"2021-09-18T22:19:57","guid":{"rendered":"https:\/\/radioljubuski.ba\/?p=65291"},"modified":"2021-09-18T23:19:57","modified_gmt":"2021-09-18T22:19:57","slug":"pojavili-se-lazni-popisivaci-policija-poziva-na-oprez","status":"publish","type":"post","link":"https:\/\/radioljubuski.ba\/index.php\/2021\/09\/18\/pojavili-se-lazni-popisivaci-policija-poziva-na-oprez\/","title":{"rendered":"Pojavili se la\u017eni popisiva\u010di, policija poziva na oprez"},"content":{"rendered":"\n<p><strong>Policija i Dr\u017eavni zavod za statistiku danas su pozvali na oprez nakon \u0161to je zaprimljeno nekoliko dojava gra\u0111ana o la\u017enom predstavljanju pojedinaca kao popisiva\u010da stanovni\u0161tva koji su htjeli u\u0107i u dom.<\/strong><\/p>\n\n\n\n<p>Kako je objavljeno na stranicama PU zagreba\u010dke, ju\u010der oko 10 sati na zagreba\u010dkoj Tre\u0161njevci u ulici Hrgovi\u0107i nepoznata se po\u010diniteljica la\u017eno predstavila 93-godi\u0161njakinji navode\u0107i da treba ispuniti upitnik i na taj na\u010din u\u0161la u stan. Nedugo nakon toga u stan je do\u0161la jo\u0161 jedna \u017eenska osoba koja je iskoristila tu situaciju i nepa\u017enju o\u0161te\u0107ene te otu\u0111ila novac i nakit. Materijalna \u0161teta je zasad neutvr\u0111ena.<\/p>\n\n\n\n<p>&#8211; Policija zajedno s Dr\u017eavnim zavodom za statistiku koristi priliku upozoriti gra\u0111ane da odre\u0111ene osobe s ciljem ulaska u dom koriste prijevarne na\u010dine, a izme\u0111u kojih bilje\u017eimo i la\u017eno predstavljanje u smislu da se radi o popisiva\u010dima stanovni\u0161tva, navode iz policije.<\/p>\n\n\n\n<p>Podsje\u0107aju gra\u0111ane da druga faza popisivanja stanovni\u0161tva, ku\u0107anstava i stanova u Republici Hrvatskoj &#8211; terensko popisivanje (kada \u0107e popisiva\u010di na terenu popisivati stanovni\u0161tvo s pomo\u0107u prijenosnog ra\u010dunala, metodom intervjua licem u lice) &#8211; po\u010dinje 27. rujna, dok je u tijeku prva faza, odnosno samopopisivnaje putem portala e-Gra\u0111ani, koja traje do 26. rujna.<\/p>\n\n\n\n<p>&#8211; Pozivamo gra\u0111ane da vode\u0107i se navedenim budu na oprezu te da o mogu\u0107im sumnjivim doga\u0111ajima odmah obavijeste policiju pozivom na broj 192. Popisiva\u010di koji \u0107e popisivati stanovni\u0161tvo na terenu od 27. rujna do 17. listopada 2021. godine imat \u0107e majice i maske Popisa, akreditacije, prijenosna ra\u010dunala te EU digitalnu COVID potvrdu, navode iz policije.<\/p>\n\n\n\n<p>Izvor:hrt.hr<\/p>\n","protected":false},"excerpt":{"rendered":"<p>Policija i Dr\u017eavni zavod za statistiku danas su pozvali na oprez nakon \u0161to je zaprimljeno nekoliko dojava gra\u0111ana o la\u017enom predstavljanju pojedinaca kao popisiva\u010da stanovni\u0161tva koji su htjeli u\u0107i u dom. Kako je objavljeno na stranicama PU zagreba\u010dke, ju\u010der oko 10 sati na zagreba\u010dkoj Tre\u0161njevci u ulici Hrgovi\u0107i nepoznata se po\u010diniteljica la\u017eno predstavila 93-godi\u0161njakinji navode\u0107i [&hellip;]<\/p>\n","protected":false},"author":2,"featured_media":65292,"comment_status":"closed","ping_status":"closed","sticky":false,"template":"","format":"standard","meta":{"h5ap_radio_sources":[],"footnotes":""},"categories":[1],"tags":[],"class_list":["post-65291","post","type-post","status-publish","format-standard","has-post-thumbnail","hentry","category-bihiregija"],"yoast_head":"<!-- This site is optimized with the Yoast SEO plugin v27.5 - https:\/\/yoast.com\/product\/yoast-seo-wordpress\/ -->\n<title>Pojavili se la\u017eni popisiva\u010di, policija poziva na oprez - RADIO LJUBU\u0160KI<\/title>\n<meta name=\"robots\" content=\"index, follow, max-snippet:-1, max-image-preview:large, max-video-preview:-1\" \/>\n<link rel=\"canonical\" href=\"https:\/\/radioljubuski.ba\/index.php\/2021\/09\/18\/pojavili-se-lazni-popisivaci-policija-poziva-na-oprez\/\" \/>\n<meta property=\"og:locale\" content=\"hr_HR\" \/>\n<meta property=\"og:type\" content=\"article\" \/>\n<meta property=\"og:title\" content=\"Pojavili se la\u017eni popisiva\u010di, policija poziva na oprez - RADIO LJUBU\u0160KI\" \/>\n<meta property=\"og:description\" content=\"Policija i Dr\u017eavni zavod za statistiku danas su pozvali na oprez nakon \u0161to je zaprimljeno nekoliko dojava gra\u0111ana o la\u017enom predstavljanju pojedinaca kao popisiva\u010da stanovni\u0161tva koji su htjeli u\u0107i u dom. Kako je objavljeno na stranicama PU zagreba\u010dke, ju\u010der oko 10 sati na zagreba\u010dkoj Tre\u0161njevci u ulici Hrgovi\u0107i nepoznata se po\u010diniteljica la\u017eno predstavila 93-godi\u0161njakinji navode\u0107i [&hellip;]\" \/>\n<meta property=\"og:url\" content=\"https:\/\/radioljubuski.ba\/index.php\/2021\/09\/18\/pojavili-se-lazni-popisivaci-policija-poziva-na-oprez\/\" \/>\n<meta property=\"og:site_name\" content=\"RADIO LJUBU\u0160KI\" \/>\n<meta property=\"article:publisher\" content=\"https:\/\/www.facebook.com\/Radiio-Ljubuski-1490835324566332\" \/>\n<meta property=\"article:published_time\" content=\"2021-09-18T22:19:57+00:00\" \/>\n<meta property=\"og:image\" content=\"https:\/\/radioljubuski.ba\/wp-content\/uploads\/2021\/09\/62153310.jpg\" \/>\n\t<meta property=\"og:image:width\" content=\"386\" \/>\n\t<meta property=\"og:image:height\" content=\"243\" \/>\n\t<meta property=\"og:image:type\" content=\"image\/jpeg\" \/>\n<meta name=\"author\" content=\"Radio Ljubu\u0161ki\" \/>\n<meta name=\"twitter:card\" content=\"summary_large_image\" \/>\n<meta name=\"twitter:creator\" content=\"@radioljubuski\" \/>\n<meta name=\"twitter:site\" content=\"@radioljubuski\" \/>\n<meta name=\"twitter:label1\" content=\"Napisao\/la\" \/>\n\t<meta name=\"twitter:data1\" content=\"Radio Ljubu\u0161ki\" \/>\n\t<meta name=\"twitter:label2\" content=\"Procijenjeno vrijeme \u010ditanja\" \/>\n\t<meta name=\"twitter:data2\" content=\"2 minute\" \/>\n<script type=\"application\/ld+json\" class=\"yoast-schema-graph\">{\"@context\":\"https:\\\/\\\/schema.org\",\"@graph\":[{\"@type\":\"Article\",\"@id\":\"https:\\\/\\\/radioljubuski.ba\\\/index.php\\\/2021\\\/09\\\/18\\\/pojavili-se-lazni-popisivaci-policija-poziva-na-oprez\\\/#article\",\"isPartOf\":{\"@id\":\"https:\\\/\\\/radioljubuski.ba\\\/index.php\\\/2021\\\/09\\\/18\\\/pojavili-se-lazni-popisivaci-policija-poziva-na-oprez\\\/\"},\"author\":{\"name\":\"Radio Ljubu\u0161ki\",\"@id\":\"https:\\\/\\\/radioljubuski.ba\\\/#\\\/schema\\\/person\\\/19fc700381a780f69665d7956c469e3b\"},\"headline\":\"Pojavili se la\u017eni popisiva\u010di, policija poziva na oprez\",\"datePublished\":\"2021-09-18T22:19:57+00:00\",\"mainEntityOfPage\":{\"@id\":\"https:\\\/\\\/radioljubuski.ba\\\/index.php\\\/2021\\\/09\\\/18\\\/pojavili-se-lazni-popisivaci-policija-poziva-na-oprez\\\/\"},\"wordCount\":298,\"publisher\":{\"@id\":\"https:\\\/\\\/radioljubuski.ba\\\/#organization\"},\"image\":{\"@id\":\"https:\\\/\\\/radioljubuski.ba\\\/index.php\\\/2021\\\/09\\\/18\\\/pojavili-se-lazni-popisivaci-policija-poziva-na-oprez\\\/#primaryimage\"},\"thumbnailUrl\":\"https:\\\/\\\/radioljubuski.ba\\\/wp-content\\\/uploads\\\/2021\\\/09\\\/62153310.jpg\",\"articleSection\":[\"BIH i regija\"],\"inLanguage\":\"hr\"},{\"@type\":\"WebPage\",\"@id\":\"https:\\\/\\\/radioljubuski.ba\\\/index.php\\\/2021\\\/09\\\/18\\\/pojavili-se-lazni-popisivaci-policija-poziva-na-oprez\\\/\",\"url\":\"https:\\\/\\\/radioljubuski.ba\\\/index.php\\\/2021\\\/09\\\/18\\\/pojavili-se-lazni-popisivaci-policija-poziva-na-oprez\\\/\",\"name\":\"Pojavili se la\u017eni popisiva\u010di, policija poziva na oprez - RADIO LJUBU\u0160KI\",\"isPartOf\":{\"@id\":\"https:\\\/\\\/radioljubuski.ba\\\/#website\"},\"primaryImageOfPage\":{\"@id\":\"https:\\\/\\\/radioljubuski.ba\\\/index.php\\\/2021\\\/09\\\/18\\\/pojavili-se-lazni-popisivaci-policija-poziva-na-oprez\\\/#primaryimage\"},\"image\":{\"@id\":\"https:\\\/\\\/radioljubuski.ba\\\/index.php\\\/2021\\\/09\\\/18\\\/pojavili-se-lazni-popisivaci-policija-poziva-na-oprez\\\/#primaryimage\"},\"thumbnailUrl\":\"https:\\\/\\\/radioljubuski.ba\\\/wp-content\\\/uploads\\\/2021\\\/09\\\/62153310.jpg\",\"datePublished\":\"2021-09-18T22:19:57+00:00\",\"breadcrumb\":{\"@id\":\"https:\\\/\\\/radioljubuski.ba\\\/index.php\\\/2021\\\/09\\\/18\\\/pojavili-se-lazni-popisivaci-policija-poziva-na-oprez\\\/#breadcrumb\"},\"inLanguage\":\"hr\",\"potentialAction\":[{\"@type\":\"ReadAction\",\"target\":[\"https:\\\/\\\/radioljubuski.ba\\\/index.php\\\/2021\\\/09\\\/18\\\/pojavili-se-lazni-popisivaci-policija-poziva-na-oprez\\\/\"]}]},{\"@type\":\"ImageObject\",\"inLanguage\":\"hr\",\"@id\":\"https:\\\/\\\/radioljubuski.ba\\\/index.php\\\/2021\\\/09\\\/18\\\/pojavili-se-lazni-popisivaci-policija-poziva-na-oprez\\\/#primaryimage\",\"url\":\"https:\\\/\\\/radioljubuski.ba\\\/wp-content\\\/uploads\\\/2021\\\/09\\\/62153310.jpg\",\"contentUrl\":\"https:\\\/\\\/radioljubuski.ba\\\/wp-content\\\/uploads\\\/2021\\\/09\\\/62153310.jpg\",\"width\":386,\"height\":243},{\"@type\":\"BreadcrumbList\",\"@id\":\"https:\\\/\\\/radioljubuski.ba\\\/index.php\\\/2021\\\/09\\\/18\\\/pojavili-se-lazni-popisivaci-policija-poziva-na-oprez\\\/#breadcrumb\",\"itemListElement\":[{\"@type\":\"ListItem\",\"position\":1,\"name\":\"Po\u010detna stranica\",\"item\":\"https:\\\/\\\/radioljubuski.ba\\\/\"},{\"@type\":\"ListItem\",\"position\":2,\"name\":\"Pojavili se la\u017eni popisiva\u010di, policija poziva na oprez\"}]},{\"@type\":\"WebSite\",\"@id\":\"https:\\\/\\\/radioljubuski.ba\\\/#website\",\"url\":\"https:\\\/\\\/radioljubuski.ba\\\/\",\"name\":\"Radio Ljubu\u0161ki\",\"description\":\"Sun\u010dana frekvencija Hercegovine\",\"publisher\":{\"@id\":\"https:\\\/\\\/radioljubuski.ba\\\/#organization\"},\"potentialAction\":[{\"@type\":\"SearchAction\",\"target\":{\"@type\":\"EntryPoint\",\"urlTemplate\":\"https:\\\/\\\/radioljubuski.ba\\\/?s={search_term_string}\"},\"query-input\":{\"@type\":\"PropertyValueSpecification\",\"valueRequired\":true,\"valueName\":\"search_term_string\"}}],\"inLanguage\":\"hr\"},{\"@type\":\"Organization\",\"@id\":\"https:\\\/\\\/radioljubuski.ba\\\/#organization\",\"name\":\"Radio Ljubu\u0161ki\",\"url\":\"https:\\\/\\\/radioljubuski.ba\\\/\",\"logo\":{\"@type\":\"ImageObject\",\"inLanguage\":\"hr\",\"@id\":\"https:\\\/\\\/radioljubuski.ba\\\/#\\\/schema\\\/logo\\\/image\\\/\",\"url\":\"https:\\\/\\\/radioljubuski.ba\\\/wp-content\\\/uploads\\\/2021\\\/02\\\/cropped-Radio_Ljubuski_logo1.jpg\",\"contentUrl\":\"https:\\\/\\\/radioljubuski.ba\\\/wp-content\\\/uploads\\\/2021\\\/02\\\/cropped-Radio_Ljubuski_logo1.jpg\",\"width\":512,\"height\":512,\"caption\":\"Radio Ljubu\u0161ki\"},\"image\":{\"@id\":\"https:\\\/\\\/radioljubuski.ba\\\/#\\\/schema\\\/logo\\\/image\\\/\"},\"sameAs\":[\"https:\\\/\\\/www.facebook.com\\\/Radiio-Ljubuski-1490835324566332\",\"https:\\\/\\\/x.com\\\/radioljubuski\",\"https:\\\/\\\/hr.linkedin.com\\\/company\\\/radio-ljubuski\",\"https:\\\/\\\/www.youtube.com\\\/channel\\\/UCHYaeO_n0Db3tjNGudGpXyw\"]},{\"@type\":\"Person\",\"@id\":\"https:\\\/\\\/radioljubuski.ba\\\/#\\\/schema\\\/person\\\/19fc700381a780f69665d7956c469e3b\",\"name\":\"Radio Ljubu\u0161ki\"}]}<\/script>\n<!-- \/ Yoast SEO plugin. -->","yoast_head_json":{"title":"Pojavili se la\u017eni popisiva\u010di, policija poziva na oprez - RADIO LJUBU\u0160KI","robots":{"index":"index","follow":"follow","max-snippet":"max-snippet:-1","max-image-preview":"max-image-preview:large","max-video-preview":"max-video-preview:-1"},"canonical":"https:\/\/radioljubuski.ba\/index.php\/2021\/09\/18\/pojavili-se-lazni-popisivaci-policija-poziva-na-oprez\/","og_locale":"hr_HR","og_type":"article","og_title":"Pojavili se la\u017eni popisiva\u010di, policija poziva na oprez - RADIO LJUBU\u0160KI","og_description":"Policija i Dr\u017eavni zavod za statistiku danas su pozvali na oprez nakon \u0161to je zaprimljeno nekoliko dojava gra\u0111ana o la\u017enom predstavljanju pojedinaca kao popisiva\u010da stanovni\u0161tva koji su htjeli u\u0107i u dom. Kako je objavljeno na stranicama PU zagreba\u010dke, ju\u010der oko 10 sati na zagreba\u010dkoj Tre\u0161njevci u ulici Hrgovi\u0107i nepoznata se po\u010diniteljica la\u017eno predstavila 93-godi\u0161njakinji navode\u0107i [&hellip;]","og_url":"https:\/\/radioljubuski.ba\/index.php\/2021\/09\/18\/pojavili-se-lazni-popisivaci-policija-poziva-na-oprez\/","og_site_name":"RADIO LJUBU\u0160KI","article_publisher":"https:\/\/www.facebook.com\/Radiio-Ljubuski-1490835324566332","article_published_time":"2021-09-18T22:19:57+00:00","og_image":[{"width":386,"height":243,"url":"https:\/\/radioljubuski.ba\/wp-content\/uploads\/2021\/09\/62153310.jpg","type":"image\/jpeg"}],"author":"Radio Ljubu\u0161ki","twitter_card":"summary_large_image","twitter_creator":"@radioljubuski","twitter_site":"@radioljubuski","twitter_misc":{"Napisao\/la":"Radio Ljubu\u0161ki","Procijenjeno vrijeme \u010ditanja":"2 minute"},"schema":{"@context":"https:\/\/schema.org","@graph":[{"@type":"Article","@id":"https:\/\/radioljubuski.ba\/index.php\/2021\/09\/18\/pojavili-se-lazni-popisivaci-policija-poziva-na-oprez\/#article","isPartOf":{"@id":"https:\/\/radioljubuski.ba\/index.php\/2021\/09\/18\/pojavili-se-lazni-popisivaci-policija-poziva-na-oprez\/"},"author":{"name":"Radio Ljubu\u0161ki","@id":"https:\/\/radioljubuski.ba\/#\/schema\/person\/19fc700381a780f69665d7956c469e3b"},"headline":"Pojavili se la\u017eni popisiva\u010di, policija poziva na oprez","datePublished":"2021-09-18T22:19:57+00:00","mainEntityOfPage":{"@id":"https:\/\/radioljubuski.ba\/index.php\/2021\/09\/18\/pojavili-se-lazni-popisivaci-policija-poziva-na-oprez\/"},"wordCount":298,"publisher":{"@id":"https:\/\/radioljubuski.ba\/#organization"},"image":{"@id":"https:\/\/radioljubuski.ba\/index.php\/2021\/09\/18\/pojavili-se-lazni-popisivaci-policija-poziva-na-oprez\/#primaryimage"},"thumbnailUrl":"https:\/\/radioljubuski.ba\/wp-content\/uploads\/2021\/09\/62153310.jpg","articleSection":["BIH i regija"],"inLanguage":"hr"},{"@type":"WebPage","@id":"https:\/\/radioljubuski.ba\/index.php\/2021\/09\/18\/pojavili-se-lazni-popisivaci-policija-poziva-na-oprez\/","url":"https:\/\/radioljubuski.ba\/index.php\/2021\/09\/18\/pojavili-se-lazni-popisivaci-policija-poziva-na-oprez\/","name":"Pojavili se la\u017eni popisiva\u010di, policija poziva na oprez - RADIO LJUBU\u0160KI","isPartOf":{"@id":"https:\/\/radioljubuski.ba\/#website"},"primaryImageOfPage":{"@id":"https:\/\/radioljubuski.ba\/index.php\/2021\/09\/18\/pojavili-se-lazni-popisivaci-policija-poziva-na-oprez\/#primaryimage"},"image":{"@id":"https:\/\/radioljubuski.ba\/index.php\/2021\/09\/18\/pojavili-se-lazni-popisivaci-policija-poziva-na-oprez\/#primaryimage"},"thumbnailUrl":"https:\/\/radioljubuski.ba\/wp-content\/uploads\/2021\/09\/62153310.jpg","datePublished":"2021-09-18T22:19:57+00:00","breadcrumb":{"@id":"https:\/\/radioljubuski.ba\/index.php\/2021\/09\/18\/pojavili-se-lazni-popisivaci-policija-poziva-na-oprez\/#breadcrumb"},"inLanguage":"hr","potentialAction":[{"@type":"ReadAction","target":["https:\/\/radioljubuski.ba\/index.php\/2021\/09\/18\/pojavili-se-lazni-popisivaci-policija-poziva-na-oprez\/"]}]},{"@type":"ImageObject","inLanguage":"hr","@id":"https:\/\/radioljubuski.ba\/index.php\/2021\/09\/18\/pojavili-se-lazni-popisivaci-policija-poziva-na-oprez\/#primaryimage","url":"https:\/\/radioljubuski.ba\/wp-content\/uploads\/2021\/09\/62153310.jpg","contentUrl":"https:\/\/radioljubuski.ba\/wp-content\/uploads\/2021\/09\/62153310.jpg","width":386,"height":243},{"@type":"BreadcrumbList","@id":"https:\/\/radioljubuski.ba\/index.php\/2021\/09\/18\/pojavili-se-lazni-popisivaci-policija-poziva-na-oprez\/#breadcrumb","itemListElement":[{"@type":"ListItem","position":1,"name":"Po\u010detna stranica","item":"https:\/\/radioljubuski.ba\/"},{"@type":"ListItem","position":2,"name":"Pojavili se la\u017eni popisiva\u010di, policija poziva na oprez"}]},{"@type":"WebSite","@id":"https:\/\/radioljubuski.ba\/#website","url":"https:\/\/radioljubuski.ba\/","name":"Radio Ljubu\u0161ki","description":"Sun\u010dana frekvencija Hercegovine","publisher":{"@id":"https:\/\/radioljubuski.ba\/#organization"},"potentialAction":[{"@type":"SearchAction","target":{"@type":"EntryPoint","urlTemplate":"https:\/\/radioljubuski.ba\/?s={search_term_string}"},"query-input":{"@type":"PropertyValueSpecification","valueRequired":true,"valueName":"search_term_string"}}],"inLanguage":"hr"},{"@type":"Organization","@id":"https:\/\/radioljubuski.ba\/#organization","name":"Radio Ljubu\u0161ki","url":"https:\/\/radioljubuski.ba\/","logo":{"@type":"ImageObject","inLanguage":"hr","@id":"https:\/\/radioljubuski.ba\/#\/schema\/logo\/image\/","url":"https:\/\/radioljubuski.ba\/wp-content\/uploads\/2021\/02\/cropped-Radio_Ljubuski_logo1.jpg","contentUrl":"https:\/\/radioljubuski.ba\/wp-content\/uploads\/2021\/02\/cropped-Radio_Ljubuski_logo1.jpg","width":512,"height":512,"caption":"Radio Ljubu\u0161ki"},"image":{"@id":"https:\/\/radioljubuski.ba\/#\/schema\/logo\/image\/"},"sameAs":["https:\/\/www.facebook.com\/Radiio-Ljubuski-1490835324566332","https:\/\/x.com\/radioljubuski","https:\/\/hr.linkedin.com\/company\/radio-ljubuski","https:\/\/www.youtube.com\/channel\/UCHYaeO_n0Db3tjNGudGpXyw"]},{"@type":"Person","@id":"https:\/\/radioljubuski.ba\/#\/schema\/person\/19fc700381a780f69665d7956c469e3b","name":"Radio Ljubu\u0161ki"}]}},"_links":{"self":[{"href":"https:\/\/radioljubuski.ba\/index.php\/wp-json\/wp\/v2\/posts\/65291","targetHints":{"allow":["GET"]}}],"collection":[{"href":"https:\/\/radioljubuski.ba\/index.php\/wp-json\/wp\/v2\/posts"}],"about":[{"href":"https:\/\/radioljubuski.ba\/index.php\/wp-json\/wp\/v2\/types\/post"}],"author":[{"embeddable":true,"href":"https:\/\/radioljubuski.ba\/index.php\/wp-json\/wp\/v2\/users\/2"}],"replies":[{"embeddable":true,"href":"https:\/\/radioljubuski.ba\/index.php\/wp-json\/wp\/v2\/comments?post=65291"}],"version-history":[{"count":1,"href":"https:\/\/radioljubuski.ba\/index.php\/wp-json\/wp\/v2\/posts\/65291\/revisions"}],"predecessor-version":[{"id":65293,"href":"https:\/\/radioljubuski.ba\/index.php\/wp-json\/wp\/v2\/posts\/65291\/revisions\/65293"}],"wp:featuredmedia":[{"embeddable":true,"href":"https:\/\/radioljubuski.ba\/index.php\/wp-json\/wp\/v2\/media\/65292"}],"wp:attachment":[{"href":"https:\/\/radioljubuski.ba\/index.php\/wp-json\/wp\/v2\/media?parent=65291"}],"wp:term":[{"taxonomy":"category","embeddable":true,"href":"https:\/\/radioljubuski.ba\/index.php\/wp-json\/wp\/v2\/categories?post=65291"},{"taxonomy":"post_tag","embeddable":true,"href":"https:\/\/radioljubuski.ba\/index.php\/wp-json\/wp\/v2\/tags?post=65291"}],"curies":[{"name":"wp","href":"https:\/\/api.w.org\/{rel}","templated":true}]}}