{"id":65294,"date":"2021-09-18T23:21:32","date_gmt":"2021-09-18T22:21:32","guid":{"rendered":"https:\/\/radioljubuski.ba\/?p=65294"},"modified":"2021-09-18T23:21:32","modified_gmt":"2021-09-18T22:21:32","slug":"organizirao-lanac-prijevara-na-odstetama-za-lazne-ozljede","status":"publish","type":"post","link":"https:\/\/radioljubuski.ba\/index.php\/2021\/09\/18\/organizirao-lanac-prijevara-na-odstetama-za-lazne-ozljede\/","title":{"rendered":"Organizirao lanac prijevara na od\u0161tetama za la\u017ene ozljede"},"content":{"rendered":"\n<p><strong>Policijski slu\u017ebenici Policijske uprave zagreba\u010dke dovr\u0161ili su kriminalisti\u010dko istra\u017eivanje nad 19 osoba starosti od 26 do 88 godina (ro\u0111. 1990., 1995., 1992., 1959., 1981., 1964., 1933., 1959., 1964., 1960., 1940., 1960., 1957., 1978., 1962., 1967., 1953., 1944. i 1958.) zbog vi\u0161e kaznenih djela.<\/strong><\/p>\n\n\n\n<p>Tijekom kriminalisti\u010dkog istra\u017eivanja potvr\u0111ena je osnova sumnje da je 31-godi\u0161njak, zajedno s jo\u0161 18 osoba po\u010dinio deset kaznenih djela \u201ePrijevara\u201c dok je sam po\u010dinio jo\u0161 \u010detiri kaznena djela \u201eKrivotvorenje isprava\u201c.<br><br>Naime, sumnja se da je unazad dvije godine, tijekom 2019. i 2020. , u svojstvu punomo\u0107nika stranaka u od\u0161tetnim zahtjevima podnijetim trgova\u010dkom dru\u0161tvu iz Zagreba navodio neistinita mjesta nastanka ozljeda stranaka s la\u017eno prikazanim \u010dinjenicama da su one zadobile ozljede na podru\u010dju grada Zagreba uslijed o\u0161te\u0107enja na plo\u010dniku nastalih zbog neodr\u017eavanja od strane ovla\u0161tenog i obveznog trgova\u010dkog dru\u0161tva. Naime, provoosumnji\u010deni je na neutvr\u0111eni na\u010din pribavio krivotvorenu lije\u010dni\u010dku dokumentaciju s izmijenjenim mjestom i na\u010dinom nastanka ozljeda te takvu prilagao uz od\u0161tetne zahtjeve upu\u0107ene o\u0161te\u0107enom trgova\u010dkom dru\u0161tvu. Nakon \u0161to je o\u0161te\u0107eno trgova\u010dko dru\u0161tvo provelo postupak naknade \u0161tete, strankama su ispla\u0107ivali nov\u010danu naknadu za zadobivene ozljede, od koje naknade je opunomo\u0107enik dio novca zadr\u017eavao za sebe. Na takav je na\u010din prvoosumnji\u010deni za sebe i opunomo\u0107ene stranke pribavio protupravnu imovinsku korist u pojedina\u010dnim iznosima od 14.000 do 47.600 kuna odnosno u ukupnom iznosu od oko 316.500 kuna, za koji je iznos i o\u0161te\u0107eno trgova\u010dko dru\u0161tvo iz Zagreba.<br><br>U petak, 17. rujna 31-godi\u0161njak je uhi\u0107en te je temeljem naloga \u017dupanijskog suda u Zagrebu obavljena pretraga njegovog stana, odvjetni\u010dkog ureda i osobnog automobila, a nakon \u010dega je predan pritvorskom nadzorniku dok je posebno izvje\u0161\u0107e dostavljeno nadle\u017enom dr\u017eavnom odvjetni\u0161tvu.<br><br>Protiv ostalih osumnji\u010denih osoba posebno je izvje\u0161\u0107e nadle\u017enom dr\u017eavnom odvjetni\u0161tvu podneseno redovnim putem.<\/p>\n\n\n\n<p>Izvor:hrt.hr<\/p>\n","protected":false},"excerpt":{"rendered":"<p>Policijski slu\u017ebenici Policijske uprave zagreba\u010dke dovr\u0161ili su kriminalisti\u010dko istra\u017eivanje nad 19 osoba starosti od 26 do 88 godina (ro\u0111. 1990., 1995., 1992., 1959., 1981., 1964., 1933., 1959., 1964., 1960., 1940., 1960., 1957., 1978., 1962., 1967., 1953., 1944. i 1958.) zbog vi\u0161e kaznenih djela. Tijekom kriminalisti\u010dkog istra\u017eivanja potvr\u0111ena je osnova sumnje da je 31-godi\u0161njak, zajedno s [&hellip;]<\/p>\n","protected":false},"author":2,"featured_media":65295,"comment_status":"closed","ping_status":"closed","sticky":false,"template":"","format":"standard","meta":{"h5ap_radio_sources":[],"footnotes":""},"categories":[1],"tags":[],"class_list":["post-65294","post","type-post","status-publish","format-standard","has-post-thumbnail","hentry","category-bihiregija"],"yoast_head":"<!-- This site is optimized with the Yoast SEO plugin v27.5 - https:\/\/yoast.com\/product\/yoast-seo-wordpress\/ -->\n<title>Organizirao lanac prijevara na od\u0161tetama za la\u017ene ozljede - RADIO LJUBU\u0160KI<\/title>\n<meta name=\"robots\" content=\"index, follow, max-snippet:-1, max-image-preview:large, max-video-preview:-1\" \/>\n<link rel=\"canonical\" href=\"https:\/\/radioljubuski.ba\/index.php\/2021\/09\/18\/organizirao-lanac-prijevara-na-odstetama-za-lazne-ozljede\/\" \/>\n<meta property=\"og:locale\" content=\"hr_HR\" \/>\n<meta property=\"og:type\" content=\"article\" \/>\n<meta property=\"og:title\" content=\"Organizirao lanac prijevara na od\u0161tetama za la\u017ene ozljede - RADIO LJUBU\u0160KI\" \/>\n<meta property=\"og:description\" content=\"Policijski slu\u017ebenici Policijske uprave zagreba\u010dke dovr\u0161ili su kriminalisti\u010dko istra\u017eivanje nad 19 osoba starosti od 26 do 88 godina (ro\u0111. 1990., 1995., 1992., 1959., 1981., 1964., 1933., 1959., 1964., 1960., 1940., 1960., 1957., 1978., 1962., 1967., 1953., 1944. i 1958.) zbog vi\u0161e kaznenih djela. Tijekom kriminalisti\u010dkog istra\u017eivanja potvr\u0111ena je osnova sumnje da je 31-godi\u0161njak, zajedno s [&hellip;]\" \/>\n<meta property=\"og:url\" content=\"https:\/\/radioljubuski.ba\/index.php\/2021\/09\/18\/organizirao-lanac-prijevara-na-odstetama-za-lazne-ozljede\/\" \/>\n<meta property=\"og:site_name\" content=\"RADIO LJUBU\u0160KI\" \/>\n<meta property=\"article:publisher\" content=\"https:\/\/www.facebook.com\/Radiio-Ljubuski-1490835324566332\" \/>\n<meta property=\"article:published_time\" content=\"2021-09-18T22:21:32+00:00\" \/>\n<meta property=\"og:image\" content=\"https:\/\/radioljubuski.ba\/wp-content\/uploads\/2021\/09\/preuzmi-2-13.jpg\" \/>\n\t<meta property=\"og:image:width\" content=\"282\" \/>\n\t<meta property=\"og:image:height\" content=\"179\" \/>\n\t<meta property=\"og:image:type\" content=\"image\/jpeg\" \/>\n<meta name=\"author\" content=\"Radio Ljubu\u0161ki\" \/>\n<meta name=\"twitter:card\" content=\"summary_large_image\" \/>\n<meta name=\"twitter:creator\" content=\"@radioljubuski\" \/>\n<meta name=\"twitter:site\" content=\"@radioljubuski\" \/>\n<meta name=\"twitter:label1\" content=\"Napisao\/la\" \/>\n\t<meta name=\"twitter:data1\" content=\"Radio Ljubu\u0161ki\" \/>\n\t<meta name=\"twitter:label2\" content=\"Procijenjeno vrijeme \u010ditanja\" \/>\n\t<meta name=\"twitter:data2\" content=\"2 minute\" \/>\n<script type=\"application\/ld+json\" class=\"yoast-schema-graph\">{\"@context\":\"https:\\\/\\\/schema.org\",\"@graph\":[{\"@type\":\"Article\",\"@id\":\"https:\\\/\\\/radioljubuski.ba\\\/index.php\\\/2021\\\/09\\\/18\\\/organizirao-lanac-prijevara-na-odstetama-za-lazne-ozljede\\\/#article\",\"isPartOf\":{\"@id\":\"https:\\\/\\\/radioljubuski.ba\\\/index.php\\\/2021\\\/09\\\/18\\\/organizirao-lanac-prijevara-na-odstetama-za-lazne-ozljede\\\/\"},\"author\":{\"name\":\"Radio Ljubu\u0161ki\",\"@id\":\"https:\\\/\\\/radioljubuski.ba\\\/#\\\/schema\\\/person\\\/19fc700381a780f69665d7956c469e3b\"},\"headline\":\"Organizirao lanac prijevara na od\u0161tetama za la\u017ene ozljede\",\"datePublished\":\"2021-09-18T22:21:32+00:00\",\"mainEntityOfPage\":{\"@id\":\"https:\\\/\\\/radioljubuski.ba\\\/index.php\\\/2021\\\/09\\\/18\\\/organizirao-lanac-prijevara-na-odstetama-za-lazne-ozljede\\\/\"},\"wordCount\":326,\"publisher\":{\"@id\":\"https:\\\/\\\/radioljubuski.ba\\\/#organization\"},\"image\":{\"@id\":\"https:\\\/\\\/radioljubuski.ba\\\/index.php\\\/2021\\\/09\\\/18\\\/organizirao-lanac-prijevara-na-odstetama-za-lazne-ozljede\\\/#primaryimage\"},\"thumbnailUrl\":\"https:\\\/\\\/radioljubuski.ba\\\/wp-content\\\/uploads\\\/2021\\\/09\\\/preuzmi-2-13.jpg\",\"articleSection\":[\"BIH i regija\"],\"inLanguage\":\"hr\"},{\"@type\":\"WebPage\",\"@id\":\"https:\\\/\\\/radioljubuski.ba\\\/index.php\\\/2021\\\/09\\\/18\\\/organizirao-lanac-prijevara-na-odstetama-za-lazne-ozljede\\\/\",\"url\":\"https:\\\/\\\/radioljubuski.ba\\\/index.php\\\/2021\\\/09\\\/18\\\/organizirao-lanac-prijevara-na-odstetama-za-lazne-ozljede\\\/\",\"name\":\"Organizirao lanac prijevara na od\u0161tetama za la\u017ene ozljede - RADIO LJUBU\u0160KI\",\"isPartOf\":{\"@id\":\"https:\\\/\\\/radioljubuski.ba\\\/#website\"},\"primaryImageOfPage\":{\"@id\":\"https:\\\/\\\/radioljubuski.ba\\\/index.php\\\/2021\\\/09\\\/18\\\/organizirao-lanac-prijevara-na-odstetama-za-lazne-ozljede\\\/#primaryimage\"},\"image\":{\"@id\":\"https:\\\/\\\/radioljubuski.ba\\\/index.php\\\/2021\\\/09\\\/18\\\/organizirao-lanac-prijevara-na-odstetama-za-lazne-ozljede\\\/#primaryimage\"},\"thumbnailUrl\":\"https:\\\/\\\/radioljubuski.ba\\\/wp-content\\\/uploads\\\/2021\\\/09\\\/preuzmi-2-13.jpg\",\"datePublished\":\"2021-09-18T22:21:32+00:00\",\"breadcrumb\":{\"@id\":\"https:\\\/\\\/radioljubuski.ba\\\/index.php\\\/2021\\\/09\\\/18\\\/organizirao-lanac-prijevara-na-odstetama-za-lazne-ozljede\\\/#breadcrumb\"},\"inLanguage\":\"hr\",\"potentialAction\":[{\"@type\":\"ReadAction\",\"target\":[\"https:\\\/\\\/radioljubuski.ba\\\/index.php\\\/2021\\\/09\\\/18\\\/organizirao-lanac-prijevara-na-odstetama-za-lazne-ozljede\\\/\"]}]},{\"@type\":\"ImageObject\",\"inLanguage\":\"hr\",\"@id\":\"https:\\\/\\\/radioljubuski.ba\\\/index.php\\\/2021\\\/09\\\/18\\\/organizirao-lanac-prijevara-na-odstetama-za-lazne-ozljede\\\/#primaryimage\",\"url\":\"https:\\\/\\\/radioljubuski.ba\\\/wp-content\\\/uploads\\\/2021\\\/09\\\/preuzmi-2-13.jpg\",\"contentUrl\":\"https:\\\/\\\/radioljubuski.ba\\\/wp-content\\\/uploads\\\/2021\\\/09\\\/preuzmi-2-13.jpg\",\"width\":282,\"height\":179},{\"@type\":\"BreadcrumbList\",\"@id\":\"https:\\\/\\\/radioljubuski.ba\\\/index.php\\\/2021\\\/09\\\/18\\\/organizirao-lanac-prijevara-na-odstetama-za-lazne-ozljede\\\/#breadcrumb\",\"itemListElement\":[{\"@type\":\"ListItem\",\"position\":1,\"name\":\"Po\u010detna stranica\",\"item\":\"https:\\\/\\\/radioljubuski.ba\\\/\"},{\"@type\":\"ListItem\",\"position\":2,\"name\":\"Organizirao lanac prijevara na od\u0161tetama za la\u017ene ozljede\"}]},{\"@type\":\"WebSite\",\"@id\":\"https:\\\/\\\/radioljubuski.ba\\\/#website\",\"url\":\"https:\\\/\\\/radioljubuski.ba\\\/\",\"name\":\"Radio Ljubu\u0161ki\",\"description\":\"Sun\u010dana frekvencija Hercegovine\",\"publisher\":{\"@id\":\"https:\\\/\\\/radioljubuski.ba\\\/#organization\"},\"potentialAction\":[{\"@type\":\"SearchAction\",\"target\":{\"@type\":\"EntryPoint\",\"urlTemplate\":\"https:\\\/\\\/radioljubuski.ba\\\/?s={search_term_string}\"},\"query-input\":{\"@type\":\"PropertyValueSpecification\",\"valueRequired\":true,\"valueName\":\"search_term_string\"}}],\"inLanguage\":\"hr\"},{\"@type\":\"Organization\",\"@id\":\"https:\\\/\\\/radioljubuski.ba\\\/#organization\",\"name\":\"Radio Ljubu\u0161ki\",\"url\":\"https:\\\/\\\/radioljubuski.ba\\\/\",\"logo\":{\"@type\":\"ImageObject\",\"inLanguage\":\"hr\",\"@id\":\"https:\\\/\\\/radioljubuski.ba\\\/#\\\/schema\\\/logo\\\/image\\\/\",\"url\":\"https:\\\/\\\/radioljubuski.ba\\\/wp-content\\\/uploads\\\/2021\\\/02\\\/cropped-Radio_Ljubuski_logo1.jpg\",\"contentUrl\":\"https:\\\/\\\/radioljubuski.ba\\\/wp-content\\\/uploads\\\/2021\\\/02\\\/cropped-Radio_Ljubuski_logo1.jpg\",\"width\":512,\"height\":512,\"caption\":\"Radio Ljubu\u0161ki\"},\"image\":{\"@id\":\"https:\\\/\\\/radioljubuski.ba\\\/#\\\/schema\\\/logo\\\/image\\\/\"},\"sameAs\":[\"https:\\\/\\\/www.facebook.com\\\/Radiio-Ljubuski-1490835324566332\",\"https:\\\/\\\/x.com\\\/radioljubuski\",\"https:\\\/\\\/hr.linkedin.com\\\/company\\\/radio-ljubuski\",\"https:\\\/\\\/www.youtube.com\\\/channel\\\/UCHYaeO_n0Db3tjNGudGpXyw\"]},{\"@type\":\"Person\",\"@id\":\"https:\\\/\\\/radioljubuski.ba\\\/#\\\/schema\\\/person\\\/19fc700381a780f69665d7956c469e3b\",\"name\":\"Radio Ljubu\u0161ki\"}]}<\/script>\n<!-- \/ Yoast SEO plugin. -->","yoast_head_json":{"title":"Organizirao lanac prijevara na od\u0161tetama za la\u017ene ozljede - RADIO LJUBU\u0160KI","robots":{"index":"index","follow":"follow","max-snippet":"max-snippet:-1","max-image-preview":"max-image-preview:large","max-video-preview":"max-video-preview:-1"},"canonical":"https:\/\/radioljubuski.ba\/index.php\/2021\/09\/18\/organizirao-lanac-prijevara-na-odstetama-za-lazne-ozljede\/","og_locale":"hr_HR","og_type":"article","og_title":"Organizirao lanac prijevara na od\u0161tetama za la\u017ene ozljede - RADIO LJUBU\u0160KI","og_description":"Policijski slu\u017ebenici Policijske uprave zagreba\u010dke dovr\u0161ili su kriminalisti\u010dko istra\u017eivanje nad 19 osoba starosti od 26 do 88 godina (ro\u0111. 1990., 1995., 1992., 1959., 1981., 1964., 1933., 1959., 1964., 1960., 1940., 1960., 1957., 1978., 1962., 1967., 1953., 1944. i 1958.) zbog vi\u0161e kaznenih djela. Tijekom kriminalisti\u010dkog istra\u017eivanja potvr\u0111ena je osnova sumnje da je 31-godi\u0161njak, zajedno s [&hellip;]","og_url":"https:\/\/radioljubuski.ba\/index.php\/2021\/09\/18\/organizirao-lanac-prijevara-na-odstetama-za-lazne-ozljede\/","og_site_name":"RADIO LJUBU\u0160KI","article_publisher":"https:\/\/www.facebook.com\/Radiio-Ljubuski-1490835324566332","article_published_time":"2021-09-18T22:21:32+00:00","og_image":[{"width":282,"height":179,"url":"https:\/\/radioljubuski.ba\/wp-content\/uploads\/2021\/09\/preuzmi-2-13.jpg","type":"image\/jpeg"}],"author":"Radio Ljubu\u0161ki","twitter_card":"summary_large_image","twitter_creator":"@radioljubuski","twitter_site":"@radioljubuski","twitter_misc":{"Napisao\/la":"Radio Ljubu\u0161ki","Procijenjeno vrijeme \u010ditanja":"2 minute"},"schema":{"@context":"https:\/\/schema.org","@graph":[{"@type":"Article","@id":"https:\/\/radioljubuski.ba\/index.php\/2021\/09\/18\/organizirao-lanac-prijevara-na-odstetama-za-lazne-ozljede\/#article","isPartOf":{"@id":"https:\/\/radioljubuski.ba\/index.php\/2021\/09\/18\/organizirao-lanac-prijevara-na-odstetama-za-lazne-ozljede\/"},"author":{"name":"Radio Ljubu\u0161ki","@id":"https:\/\/radioljubuski.ba\/#\/schema\/person\/19fc700381a780f69665d7956c469e3b"},"headline":"Organizirao lanac prijevara na od\u0161tetama za la\u017ene ozljede","datePublished":"2021-09-18T22:21:32+00:00","mainEntityOfPage":{"@id":"https:\/\/radioljubuski.ba\/index.php\/2021\/09\/18\/organizirao-lanac-prijevara-na-odstetama-za-lazne-ozljede\/"},"wordCount":326,"publisher":{"@id":"https:\/\/radioljubuski.ba\/#organization"},"image":{"@id":"https:\/\/radioljubuski.ba\/index.php\/2021\/09\/18\/organizirao-lanac-prijevara-na-odstetama-za-lazne-ozljede\/#primaryimage"},"thumbnailUrl":"https:\/\/radioljubuski.ba\/wp-content\/uploads\/2021\/09\/preuzmi-2-13.jpg","articleSection":["BIH i regija"],"inLanguage":"hr"},{"@type":"WebPage","@id":"https:\/\/radioljubuski.ba\/index.php\/2021\/09\/18\/organizirao-lanac-prijevara-na-odstetama-za-lazne-ozljede\/","url":"https:\/\/radioljubuski.ba\/index.php\/2021\/09\/18\/organizirao-lanac-prijevara-na-odstetama-za-lazne-ozljede\/","name":"Organizirao lanac prijevara na od\u0161tetama za la\u017ene ozljede - RADIO LJUBU\u0160KI","isPartOf":{"@id":"https:\/\/radioljubuski.ba\/#website"},"primaryImageOfPage":{"@id":"https:\/\/radioljubuski.ba\/index.php\/2021\/09\/18\/organizirao-lanac-prijevara-na-odstetama-za-lazne-ozljede\/#primaryimage"},"image":{"@id":"https:\/\/radioljubuski.ba\/index.php\/2021\/09\/18\/organizirao-lanac-prijevara-na-odstetama-za-lazne-ozljede\/#primaryimage"},"thumbnailUrl":"https:\/\/radioljubuski.ba\/wp-content\/uploads\/2021\/09\/preuzmi-2-13.jpg","datePublished":"2021-09-18T22:21:32+00:00","breadcrumb":{"@id":"https:\/\/radioljubuski.ba\/index.php\/2021\/09\/18\/organizirao-lanac-prijevara-na-odstetama-za-lazne-ozljede\/#breadcrumb"},"inLanguage":"hr","potentialAction":[{"@type":"ReadAction","target":["https:\/\/radioljubuski.ba\/index.php\/2021\/09\/18\/organizirao-lanac-prijevara-na-odstetama-za-lazne-ozljede\/"]}]},{"@type":"ImageObject","inLanguage":"hr","@id":"https:\/\/radioljubuski.ba\/index.php\/2021\/09\/18\/organizirao-lanac-prijevara-na-odstetama-za-lazne-ozljede\/#primaryimage","url":"https:\/\/radioljubuski.ba\/wp-content\/uploads\/2021\/09\/preuzmi-2-13.jpg","contentUrl":"https:\/\/radioljubuski.ba\/wp-content\/uploads\/2021\/09\/preuzmi-2-13.jpg","width":282,"height":179},{"@type":"BreadcrumbList","@id":"https:\/\/radioljubuski.ba\/index.php\/2021\/09\/18\/organizirao-lanac-prijevara-na-odstetama-za-lazne-ozljede\/#breadcrumb","itemListElement":[{"@type":"ListItem","position":1,"name":"Po\u010detna stranica","item":"https:\/\/radioljubuski.ba\/"},{"@type":"ListItem","position":2,"name":"Organizirao lanac prijevara na od\u0161tetama za la\u017ene ozljede"}]},{"@type":"WebSite","@id":"https:\/\/radioljubuski.ba\/#website","url":"https:\/\/radioljubuski.ba\/","name":"Radio Ljubu\u0161ki","description":"Sun\u010dana frekvencija Hercegovine","publisher":{"@id":"https:\/\/radioljubuski.ba\/#organization"},"potentialAction":[{"@type":"SearchAction","target":{"@type":"EntryPoint","urlTemplate":"https:\/\/radioljubuski.ba\/?s={search_term_string}"},"query-input":{"@type":"PropertyValueSpecification","valueRequired":true,"valueName":"search_term_string"}}],"inLanguage":"hr"},{"@type":"Organization","@id":"https:\/\/radioljubuski.ba\/#organization","name":"Radio Ljubu\u0161ki","url":"https:\/\/radioljubuski.ba\/","logo":{"@type":"ImageObject","inLanguage":"hr","@id":"https:\/\/radioljubuski.ba\/#\/schema\/logo\/image\/","url":"https:\/\/radioljubuski.ba\/wp-content\/uploads\/2021\/02\/cropped-Radio_Ljubuski_logo1.jpg","contentUrl":"https:\/\/radioljubuski.ba\/wp-content\/uploads\/2021\/02\/cropped-Radio_Ljubuski_logo1.jpg","width":512,"height":512,"caption":"Radio Ljubu\u0161ki"},"image":{"@id":"https:\/\/radioljubuski.ba\/#\/schema\/logo\/image\/"},"sameAs":["https:\/\/www.facebook.com\/Radiio-Ljubuski-1490835324566332","https:\/\/x.com\/radioljubuski","https:\/\/hr.linkedin.com\/company\/radio-ljubuski","https:\/\/www.youtube.com\/channel\/UCHYaeO_n0Db3tjNGudGpXyw"]},{"@type":"Person","@id":"https:\/\/radioljubuski.ba\/#\/schema\/person\/19fc700381a780f69665d7956c469e3b","name":"Radio Ljubu\u0161ki"}]}},"_links":{"self":[{"href":"https:\/\/radioljubuski.ba\/index.php\/wp-json\/wp\/v2\/posts\/65294","targetHints":{"allow":["GET"]}}],"collection":[{"href":"https:\/\/radioljubuski.ba\/index.php\/wp-json\/wp\/v2\/posts"}],"about":[{"href":"https:\/\/radioljubuski.ba\/index.php\/wp-json\/wp\/v2\/types\/post"}],"author":[{"embeddable":true,"href":"https:\/\/radioljubuski.ba\/index.php\/wp-json\/wp\/v2\/users\/2"}],"replies":[{"embeddable":true,"href":"https:\/\/radioljubuski.ba\/index.php\/wp-json\/wp\/v2\/comments?post=65294"}],"version-history":[{"count":1,"href":"https:\/\/radioljubuski.ba\/index.php\/wp-json\/wp\/v2\/posts\/65294\/revisions"}],"predecessor-version":[{"id":65296,"href":"https:\/\/radioljubuski.ba\/index.php\/wp-json\/wp\/v2\/posts\/65294\/revisions\/65296"}],"wp:featuredmedia":[{"embeddable":true,"href":"https:\/\/radioljubuski.ba\/index.php\/wp-json\/wp\/v2\/media\/65295"}],"wp:attachment":[{"href":"https:\/\/radioljubuski.ba\/index.php\/wp-json\/wp\/v2\/media?parent=65294"}],"wp:term":[{"taxonomy":"category","embeddable":true,"href":"https:\/\/radioljubuski.ba\/index.php\/wp-json\/wp\/v2\/categories?post=65294"},{"taxonomy":"post_tag","embeddable":true,"href":"https:\/\/radioljubuski.ba\/index.php\/wp-json\/wp\/v2\/tags?post=65294"}],"curies":[{"name":"wp","href":"https:\/\/api.w.org\/{rel}","templated":true}]}}