{"id":65297,"date":"2021-09-18T23:24:38","date_gmt":"2021-09-18T22:24:38","guid":{"rendered":"https:\/\/radioljubuski.ba\/?p=65297"},"modified":"2021-09-18T23:24:40","modified_gmt":"2021-09-18T22:24:40","slug":"cicin-sain-za-htv-o-novom-proteinskom-cjepivu-nema-vise-argumenata-za-necijepljenje","status":"publish","type":"post","link":"https:\/\/radioljubuski.ba\/index.php\/2021\/09\/18\/cicin-sain-za-htv-o-novom-proteinskom-cjepivu-nema-vise-argumenata-za-necijepljenje\/","title":{"rendered":"\u010ci\u010din-\u0160ain za HTV o novom proteinskom cjepivu: Nema vi\u0161e argumenata za necijepljenje"},"content":{"rendered":"\n<p><strong>Oni koji su dosad zazirali od cjepiva sada imaju dodatan razlog osje\u0107ati se sigurno i isprobati novo cjepivo. Ako bi to cjepivo bilo problem, onda bi trebala biti problem i sva druga cjepiva koja su testirana desecima godina na milijunima ljudi, rekao je virusni imunolog Luka \u010ci\u010din-\u0160ain putem Skypea za HTV govore\u0107i o novom proteinskom cjepivu.<\/strong><\/p>\n\n\n\n<p>Hrvatska je naru\u010dila malo vi\u0161e od 300.000 doza novog, proteinskog cjepiva, re\u010deno je ju\u010der na konferenciji za novinare Sto\u017eera za civilnu za\u0161titu RH. Najavljuje se da \u0107e biti vrlo u\u010dinkovito, da je jeftinije od mRNA cjepiva, da prema posljednjim istra\u017eivanjima ima nizak postotak nuspojava, ali \u0107e se o svemu znati vi\u0161e kada se o cjepivu izjasni Europska agencija za lijekove (EMA).<br><br><strong>Razlika izme\u0111u proteinskog cjepiva i postoje\u0107ih na tr\u017ei\u0161tu<br><br><\/strong>Virusni imunolog\u00a0<strong>Luka \u010ci\u010din-\u0160ain<\/strong>\u00a0iz Centra za infektolo\u0161ka istra\u017eivanja Helmholtz u Braunschweigu obja\u0161njava za HTV da je razlika izme\u0111u cjepiva koja su ve\u0107 na tr\u017ei\u0161tu (cjepiva stvorena vakcinskim vektorima ili mRNA tehnologijom) i proteinskog cjepiva &#8211; u tehnologiji. Dodaje da je tehnologija proteinskog cjepiva ve\u0107 dobro poznata i kori\u0161tena ranije u brojnim drugim cjepivima, poput cjepiva protiv hepatitisa B.<br><br>&#8211; U ovom slu\u010daju radi se o proteinu \u0161iljka koji je pro\u010di\u0161\u0107en te je dat u formulaciji cjepiva, zajedno s nekim dodatnim tvarima koje iritiraju imunosni sustav i onda ga poti\u010du da se aktivira. Ta tvar dobiva se iz razli\u010ditih prirodnih resursa. Postoji u jetri morskih pasa i zato se zove skvalen, ali je ovdje, naravno, proizvedena u laboratoriju. Kada se to pomije\u0161a s pro\u010di\u0161\u0107enim proteinom \u0161iljka, onda je rije\u010d o cjepivu koje je prili\u010dno sigurno, kazao je. Dodao je da su zavr\u0161ene dvije faze klini\u010dkog istra\u017eivanja koje su pokazale da je cjepivo prili\u010dno efikasno, a u tijeku su istra\u017eivanja tre\u0107e faze.<br><br>Navodi da istra\u017eiva\u010di svaki novi podatak u vezi s cjepivom dostavljaju Europskoj agenciji za lijekove kako bi ona mogla vidjeti je li doista istina ono \u0161to tvrde proizvo\u0111a\u010di &#8211; da je njihovo cjepivo i sigurno i efikasno.<\/p>\n\n\n\n<div style=\"width: 640px;\" class=\"wp-video\"><video class=\"wp-video-shortcode\" id=\"video-65297-1\" width=\"640\" height=\"360\" preload=\"metadata\" controls=\"controls\"><source type=\"video\/mp4\" src=\"https:\/\/api.hrt.hr\/media\/52\/d9\/cicinsain17921a-20210918035517.mp4?_=1\" \/><a href=\"https:\/\/api.hrt.hr\/media\/52\/d9\/cicinsain17921a-20210918035517.mp4\">https:\/\/api.hrt.hr\/media\/52\/d9\/cicinsain17921a-20210918035517.mp4<\/a><\/video><\/div>\n\n\n\n<p><strong>Novo cjepivo je dobra vijest<br><br><\/strong>Najzanimljivijim u vezi s novim cjepivom smatra to da se radi &#8220;o proku\u0161anoj metodi koja je testirana na brojnim drugim cjepivima, prisutnima na tr\u017ei\u0161tu desecima godina&#8221;.<br><br>&#8211; Zbog toga, ljudi koji su do sada zazirali od cjepiva, sada imaju dodatan razlog da se osje\u0107aju sigurno i isprobaju ovo cjepivo. Ako bi ono bilo problem, onda bi trebala biti problem i sva druga cjepiva koja su ve\u0107 testirana desecima godina na milijunima ljudi. Novo cjepivo je dobra vijest. To je ne\u0161to \u0161to bi moglo pomo\u0107i u Hrvatskoj, da ljudi koji su dosad bili oprezni i nisu se usudili cijepiti, ipak se na to odlu\u010de, istaknuo je.<\/p>\n\n\n\n<div style=\"width: 640px;\" class=\"wp-video\"><video class=\"wp-video-shortcode\" id=\"video-65297-2\" width=\"640\" height=\"360\" preload=\"metadata\" controls=\"controls\"><source type=\"video\/mp4\" src=\"https:\/\/api.hrt.hr\/media\/97\/c5\/cicinsain17921b-20210918035737.mp4?_=2\" \/><a href=\"https:\/\/api.hrt.hr\/media\/97\/c5\/cicinsain17921b-20210918035737.mp4\">https:\/\/api.hrt.hr\/media\/97\/c5\/cicinsain17921b-20210918035737.mp4<\/a><\/video><\/div>\n\n\n\n<p><strong>\u010ci\u010din-\u0160ain: Nuspojave prihvatljive, nema vi\u0161e argumenta za necijepljenje<br><\/strong><br>Govore\u0107i o eventualnim nuspojavama kazao je da se mogu o\u010dekivati manje nuspojave jer je rije\u010d o tehnologiji koja ne\u0161to slabije aktivira imunosni sustav. Upitno je koliko \u0107e biti efikasno kod starijih ljudi, kod onih koji imaju preko 70 godina, a za o\u010dekivati je da \u0107e kod mla\u0111ih to djelovati relativno uspje\u0161no, rekao je Luka \u010ci\u010din-\u0160ain. I ovdje se, ka\u017ee, radi o cjepivu koje dolazi u dvije doze pa treba vidjeti njegovu efikasnost nakon druge doze.<br><br>&#8211; Treba naglasiti da su nuspojave prihvatljive, ne samo kod novog cjepiva, ve\u0107 i kod onih koja su trenuta\u010dno na tr\u017ei\u0161tu. Za o\u010dekivati je da svako cjepivo mo\u017ee imati nekakvih problema. Vi\u0161e je stvar u psihologiji. \u010cinjenica je da se ovo cjepivo zasniva na tehnologiji koja je vrlo poznata. Tako da ako je do sada nekome bio argument da se ne usudi cijepiti jer je to nova tehnologija, taj argument vi\u0161e ne postoji kod cjepiva od Sanofija jer je to tehnologija koja postoji ve\u0107 jako dugo, naglasio je Luka \u010ci\u010din-\u0160ain, virusni imunolog.<br><br>Tzv. &#8220;Rolling review&#8221; (ocjena dokumentacije o cjepivu) u postupku je od druge polovice srpnja.\u00a0\u010ci\u010din-\u0160ain tvrdi da nema dodatnih informacija kako je to pro\u0161lo. No smatra ohrabruju\u0107im to \u0161to neke dr\u017eave kupuju zalihe takvog cjepiva.<\/p>\n\n\n\n<div style=\"width: 640px;\" class=\"wp-video\"><video class=\"wp-video-shortcode\" id=\"video-65297-3\" width=\"640\" height=\"360\" preload=\"metadata\" controls=\"controls\"><source type=\"video\/mp4\" src=\"https:\/\/api.hrt.hr\/media\/54\/33\/cicinsain17921c-20210918040018.mp4?_=3\" \/><a href=\"https:\/\/api.hrt.hr\/media\/54\/33\/cicinsain17921c-20210918040018.mp4\">https:\/\/api.hrt.hr\/media\/54\/33\/cicinsain17921c-20210918040018.mp4<\/a><\/video><\/div>\n\n\n\n<p><strong>Sva proteinska cjepiva &#8211; u vi\u0161e od jedne doze<\/strong><strong><br><br><\/strong>\u010ci\u010din-\u0160ain napominje da sva proteinska cjepiva idu u vi\u0161e od jedne doze.<br><br>&#8211; To je sli\u010dno kao i s mRNA cjepivom. Mogu\u0107e je \u010dak da \u0107e biti i tre\u0107a doza, ali je prerano o tome govoriti. Tre\u0107u dozu spominjem jer je to standardan protokol kod cjepiva protiv hepatitisa B. Druga doza ide mjesec dana nakon prve, a za \u0161est mjeseci ide tre\u0107a. I onda ste potpuno za\u0161ti\u0107eni protiv hepatitisa B, izjavio je virusni imunolog Luka \u010ci\u010din-\u0160ain.<\/p>\n\n\n\n<p>Izvor:hrt.hr<\/p>\n","protected":false},"excerpt":{"rendered":"<p>Oni koji su dosad zazirali od cjepiva sada imaju dodatan razlog osje\u0107ati se sigurno i isprobati novo cjepivo. Ako bi to cjepivo bilo problem, onda bi trebala biti problem i sva druga cjepiva koja su testirana desecima godina na milijunima ljudi, rekao je virusni imunolog Luka \u010ci\u010din-\u0160ain putem Skypea za HTV govore\u0107i o novom proteinskom [&hellip;]<\/p>\n","protected":false},"author":2,"featured_media":65298,"comment_status":"closed","ping_status":"closed","sticky":false,"template":"","format":"standard","meta":{"h5ap_radio_sources":[],"footnotes":""},"categories":[1],"tags":[],"class_list":["post-65297","post","type-post","status-publish","format-standard","has-post-thumbnail","hentry","category-bihiregija"],"yoast_head":"<!-- This site is optimized with the Yoast SEO plugin v27.5 - https:\/\/yoast.com\/product\/yoast-seo-wordpress\/ -->\n<title>\u010ci\u010din-\u0160ain za HTV o novom proteinskom cjepivu: Nema vi\u0161e argumenata za necijepljenje - RADIO LJUBU\u0160KI<\/title>\n<meta name=\"robots\" content=\"index, follow, max-snippet:-1, max-image-preview:large, max-video-preview:-1\" \/>\n<link rel=\"canonical\" href=\"https:\/\/radioljubuski.ba\/index.php\/2021\/09\/18\/cicin-sain-za-htv-o-novom-proteinskom-cjepivu-nema-vise-argumenata-za-necijepljenje\/\" \/>\n<meta property=\"og:locale\" content=\"hr_HR\" \/>\n<meta property=\"og:type\" content=\"article\" \/>\n<meta property=\"og:title\" content=\"\u010ci\u010din-\u0160ain za HTV o novom proteinskom cjepivu: Nema vi\u0161e argumenata za necijepljenje - RADIO LJUBU\u0160KI\" \/>\n<meta property=\"og:description\" content=\"Oni koji su dosad zazirali od cjepiva sada imaju dodatan razlog osje\u0107ati se sigurno i isprobati novo cjepivo. Ako bi to cjepivo bilo problem, onda bi trebala biti problem i sva druga cjepiva koja su testirana desecima godina na milijunima ljudi, rekao je virusni imunolog Luka \u010ci\u010din-\u0160ain putem Skypea za HTV govore\u0107i o novom proteinskom [&hellip;]\" \/>\n<meta property=\"og:url\" content=\"https:\/\/radioljubuski.ba\/index.php\/2021\/09\/18\/cicin-sain-za-htv-o-novom-proteinskom-cjepivu-nema-vise-argumenata-za-necijepljenje\/\" \/>\n<meta property=\"og:site_name\" content=\"RADIO LJUBU\u0160KI\" \/>\n<meta property=\"article:publisher\" content=\"https:\/\/www.facebook.com\/Radiio-Ljubuski-1490835324566332\" \/>\n<meta property=\"article:published_time\" content=\"2021-09-18T22:24:38+00:00\" \/>\n<meta property=\"article:modified_time\" content=\"2021-09-18T22:24:40+00:00\" \/>\n<meta property=\"og:image\" content=\"https:\/\/radioljubuski.ba\/wp-content\/uploads\/2021\/09\/pjimage-3-20210917194646.jpg\" \/>\n\t<meta property=\"og:image:width\" content=\"1920\" \/>\n\t<meta property=\"og:image:height\" content=\"1080\" \/>\n\t<meta property=\"og:image:type\" content=\"image\/jpeg\" \/>\n<meta name=\"author\" content=\"Radio Ljubu\u0161ki\" \/>\n<meta name=\"twitter:card\" content=\"summary_large_image\" \/>\n<meta name=\"twitter:creator\" content=\"@radioljubuski\" \/>\n<meta name=\"twitter:site\" content=\"@radioljubuski\" \/>\n<meta name=\"twitter:label1\" content=\"Napisao\/la\" \/>\n\t<meta name=\"twitter:data1\" content=\"Radio Ljubu\u0161ki\" \/>\n\t<meta name=\"twitter:label2\" content=\"Procijenjeno vrijeme \u010ditanja\" \/>\n\t<meta name=\"twitter:data2\" content=\"4 minute\" \/>\n<script type=\"application\/ld+json\" class=\"yoast-schema-graph\">{\"@context\":\"https:\\\/\\\/schema.org\",\"@graph\":[{\"@type\":\"Article\",\"@id\":\"https:\\\/\\\/radioljubuski.ba\\\/index.php\\\/2021\\\/09\\\/18\\\/cicin-sain-za-htv-o-novom-proteinskom-cjepivu-nema-vise-argumenata-za-necijepljenje\\\/#article\",\"isPartOf\":{\"@id\":\"https:\\\/\\\/radioljubuski.ba\\\/index.php\\\/2021\\\/09\\\/18\\\/cicin-sain-za-htv-o-novom-proteinskom-cjepivu-nema-vise-argumenata-za-necijepljenje\\\/\"},\"author\":{\"name\":\"Radio Ljubu\u0161ki\",\"@id\":\"https:\\\/\\\/radioljubuski.ba\\\/#\\\/schema\\\/person\\\/19fc700381a780f69665d7956c469e3b\"},\"headline\":\"\u010ci\u010din-\u0160ain za HTV o novom proteinskom cjepivu: Nema vi\u0161e argumenata za necijepljenje\",\"datePublished\":\"2021-09-18T22:24:38+00:00\",\"dateModified\":\"2021-09-18T22:24:40+00:00\",\"mainEntityOfPage\":{\"@id\":\"https:\\\/\\\/radioljubuski.ba\\\/index.php\\\/2021\\\/09\\\/18\\\/cicin-sain-za-htv-o-novom-proteinskom-cjepivu-nema-vise-argumenata-za-necijepljenje\\\/\"},\"wordCount\":861,\"publisher\":{\"@id\":\"https:\\\/\\\/radioljubuski.ba\\\/#organization\"},\"image\":{\"@id\":\"https:\\\/\\\/radioljubuski.ba\\\/index.php\\\/2021\\\/09\\\/18\\\/cicin-sain-za-htv-o-novom-proteinskom-cjepivu-nema-vise-argumenata-za-necijepljenje\\\/#primaryimage\"},\"thumbnailUrl\":\"https:\\\/\\\/radioljubuski.ba\\\/wp-content\\\/uploads\\\/2021\\\/09\\\/pjimage-3-20210917194646.jpg\",\"articleSection\":[\"BIH i regija\"],\"inLanguage\":\"hr\"},{\"@type\":\"WebPage\",\"@id\":\"https:\\\/\\\/radioljubuski.ba\\\/index.php\\\/2021\\\/09\\\/18\\\/cicin-sain-za-htv-o-novom-proteinskom-cjepivu-nema-vise-argumenata-za-necijepljenje\\\/\",\"url\":\"https:\\\/\\\/radioljubuski.ba\\\/index.php\\\/2021\\\/09\\\/18\\\/cicin-sain-za-htv-o-novom-proteinskom-cjepivu-nema-vise-argumenata-za-necijepljenje\\\/\",\"name\":\"\u010ci\u010din-\u0160ain za HTV o novom proteinskom cjepivu: Nema vi\u0161e argumenata za necijepljenje - RADIO LJUBU\u0160KI\",\"isPartOf\":{\"@id\":\"https:\\\/\\\/radioljubuski.ba\\\/#website\"},\"primaryImageOfPage\":{\"@id\":\"https:\\\/\\\/radioljubuski.ba\\\/index.php\\\/2021\\\/09\\\/18\\\/cicin-sain-za-htv-o-novom-proteinskom-cjepivu-nema-vise-argumenata-za-necijepljenje\\\/#primaryimage\"},\"image\":{\"@id\":\"https:\\\/\\\/radioljubuski.ba\\\/index.php\\\/2021\\\/09\\\/18\\\/cicin-sain-za-htv-o-novom-proteinskom-cjepivu-nema-vise-argumenata-za-necijepljenje\\\/#primaryimage\"},\"thumbnailUrl\":\"https:\\\/\\\/radioljubuski.ba\\\/wp-content\\\/uploads\\\/2021\\\/09\\\/pjimage-3-20210917194646.jpg\",\"datePublished\":\"2021-09-18T22:24:38+00:00\",\"dateModified\":\"2021-09-18T22:24:40+00:00\",\"breadcrumb\":{\"@id\":\"https:\\\/\\\/radioljubuski.ba\\\/index.php\\\/2021\\\/09\\\/18\\\/cicin-sain-za-htv-o-novom-proteinskom-cjepivu-nema-vise-argumenata-za-necijepljenje\\\/#breadcrumb\"},\"inLanguage\":\"hr\",\"potentialAction\":[{\"@type\":\"ReadAction\",\"target\":[\"https:\\\/\\\/radioljubuski.ba\\\/index.php\\\/2021\\\/09\\\/18\\\/cicin-sain-za-htv-o-novom-proteinskom-cjepivu-nema-vise-argumenata-za-necijepljenje\\\/\"]}]},{\"@type\":\"ImageObject\",\"inLanguage\":\"hr\",\"@id\":\"https:\\\/\\\/radioljubuski.ba\\\/index.php\\\/2021\\\/09\\\/18\\\/cicin-sain-za-htv-o-novom-proteinskom-cjepivu-nema-vise-argumenata-za-necijepljenje\\\/#primaryimage\",\"url\":\"https:\\\/\\\/radioljubuski.ba\\\/wp-content\\\/uploads\\\/2021\\\/09\\\/pjimage-3-20210917194646.jpg\",\"contentUrl\":\"https:\\\/\\\/radioljubuski.ba\\\/wp-content\\\/uploads\\\/2021\\\/09\\\/pjimage-3-20210917194646.jpg\",\"width\":1920,\"height\":1080},{\"@type\":\"BreadcrumbList\",\"@id\":\"https:\\\/\\\/radioljubuski.ba\\\/index.php\\\/2021\\\/09\\\/18\\\/cicin-sain-za-htv-o-novom-proteinskom-cjepivu-nema-vise-argumenata-za-necijepljenje\\\/#breadcrumb\",\"itemListElement\":[{\"@type\":\"ListItem\",\"position\":1,\"name\":\"Po\u010detna stranica\",\"item\":\"https:\\\/\\\/radioljubuski.ba\\\/\"},{\"@type\":\"ListItem\",\"position\":2,\"name\":\"\u010ci\u010din-\u0160ain za HTV o novom proteinskom cjepivu: Nema vi\u0161e argumenata za necijepljenje\"}]},{\"@type\":\"WebSite\",\"@id\":\"https:\\\/\\\/radioljubuski.ba\\\/#website\",\"url\":\"https:\\\/\\\/radioljubuski.ba\\\/\",\"name\":\"Radio Ljubu\u0161ki\",\"description\":\"Sun\u010dana frekvencija Hercegovine\",\"publisher\":{\"@id\":\"https:\\\/\\\/radioljubuski.ba\\\/#organization\"},\"potentialAction\":[{\"@type\":\"SearchAction\",\"target\":{\"@type\":\"EntryPoint\",\"urlTemplate\":\"https:\\\/\\\/radioljubuski.ba\\\/?s={search_term_string}\"},\"query-input\":{\"@type\":\"PropertyValueSpecification\",\"valueRequired\":true,\"valueName\":\"search_term_string\"}}],\"inLanguage\":\"hr\"},{\"@type\":\"Organization\",\"@id\":\"https:\\\/\\\/radioljubuski.ba\\\/#organization\",\"name\":\"Radio Ljubu\u0161ki\",\"url\":\"https:\\\/\\\/radioljubuski.ba\\\/\",\"logo\":{\"@type\":\"ImageObject\",\"inLanguage\":\"hr\",\"@id\":\"https:\\\/\\\/radioljubuski.ba\\\/#\\\/schema\\\/logo\\\/image\\\/\",\"url\":\"https:\\\/\\\/radioljubuski.ba\\\/wp-content\\\/uploads\\\/2021\\\/02\\\/cropped-Radio_Ljubuski_logo1.jpg\",\"contentUrl\":\"https:\\\/\\\/radioljubuski.ba\\\/wp-content\\\/uploads\\\/2021\\\/02\\\/cropped-Radio_Ljubuski_logo1.jpg\",\"width\":512,\"height\":512,\"caption\":\"Radio Ljubu\u0161ki\"},\"image\":{\"@id\":\"https:\\\/\\\/radioljubuski.ba\\\/#\\\/schema\\\/logo\\\/image\\\/\"},\"sameAs\":[\"https:\\\/\\\/www.facebook.com\\\/Radiio-Ljubuski-1490835324566332\",\"https:\\\/\\\/x.com\\\/radioljubuski\",\"https:\\\/\\\/hr.linkedin.com\\\/company\\\/radio-ljubuski\",\"https:\\\/\\\/www.youtube.com\\\/channel\\\/UCHYaeO_n0Db3tjNGudGpXyw\"]},{\"@type\":\"Person\",\"@id\":\"https:\\\/\\\/radioljubuski.ba\\\/#\\\/schema\\\/person\\\/19fc700381a780f69665d7956c469e3b\",\"name\":\"Radio Ljubu\u0161ki\"}]}<\/script>\n<!-- \/ Yoast SEO plugin. -->","yoast_head_json":{"title":"\u010ci\u010din-\u0160ain za HTV o novom proteinskom cjepivu: Nema vi\u0161e argumenata za necijepljenje - RADIO LJUBU\u0160KI","robots":{"index":"index","follow":"follow","max-snippet":"max-snippet:-1","max-image-preview":"max-image-preview:large","max-video-preview":"max-video-preview:-1"},"canonical":"https:\/\/radioljubuski.ba\/index.php\/2021\/09\/18\/cicin-sain-za-htv-o-novom-proteinskom-cjepivu-nema-vise-argumenata-za-necijepljenje\/","og_locale":"hr_HR","og_type":"article","og_title":"\u010ci\u010din-\u0160ain za HTV o novom proteinskom cjepivu: Nema vi\u0161e argumenata za necijepljenje - RADIO LJUBU\u0160KI","og_description":"Oni koji su dosad zazirali od cjepiva sada imaju dodatan razlog osje\u0107ati se sigurno i isprobati novo cjepivo. Ako bi to cjepivo bilo problem, onda bi trebala biti problem i sva druga cjepiva koja su testirana desecima godina na milijunima ljudi, rekao je virusni imunolog Luka \u010ci\u010din-\u0160ain putem Skypea za HTV govore\u0107i o novom proteinskom [&hellip;]","og_url":"https:\/\/radioljubuski.ba\/index.php\/2021\/09\/18\/cicin-sain-za-htv-o-novom-proteinskom-cjepivu-nema-vise-argumenata-za-necijepljenje\/","og_site_name":"RADIO LJUBU\u0160KI","article_publisher":"https:\/\/www.facebook.com\/Radiio-Ljubuski-1490835324566332","article_published_time":"2021-09-18T22:24:38+00:00","article_modified_time":"2021-09-18T22:24:40+00:00","og_image":[{"width":1920,"height":1080,"url":"https:\/\/radioljubuski.ba\/wp-content\/uploads\/2021\/09\/pjimage-3-20210917194646.jpg","type":"image\/jpeg"}],"author":"Radio Ljubu\u0161ki","twitter_card":"summary_large_image","twitter_creator":"@radioljubuski","twitter_site":"@radioljubuski","twitter_misc":{"Napisao\/la":"Radio Ljubu\u0161ki","Procijenjeno vrijeme \u010ditanja":"4 minute"},"schema":{"@context":"https:\/\/schema.org","@graph":[{"@type":"Article","@id":"https:\/\/radioljubuski.ba\/index.php\/2021\/09\/18\/cicin-sain-za-htv-o-novom-proteinskom-cjepivu-nema-vise-argumenata-za-necijepljenje\/#article","isPartOf":{"@id":"https:\/\/radioljubuski.ba\/index.php\/2021\/09\/18\/cicin-sain-za-htv-o-novom-proteinskom-cjepivu-nema-vise-argumenata-za-necijepljenje\/"},"author":{"name":"Radio Ljubu\u0161ki","@id":"https:\/\/radioljubuski.ba\/#\/schema\/person\/19fc700381a780f69665d7956c469e3b"},"headline":"\u010ci\u010din-\u0160ain za HTV o novom proteinskom cjepivu: Nema vi\u0161e argumenata za necijepljenje","datePublished":"2021-09-18T22:24:38+00:00","dateModified":"2021-09-18T22:24:40+00:00","mainEntityOfPage":{"@id":"https:\/\/radioljubuski.ba\/index.php\/2021\/09\/18\/cicin-sain-za-htv-o-novom-proteinskom-cjepivu-nema-vise-argumenata-za-necijepljenje\/"},"wordCount":861,"publisher":{"@id":"https:\/\/radioljubuski.ba\/#organization"},"image":{"@id":"https:\/\/radioljubuski.ba\/index.php\/2021\/09\/18\/cicin-sain-za-htv-o-novom-proteinskom-cjepivu-nema-vise-argumenata-za-necijepljenje\/#primaryimage"},"thumbnailUrl":"https:\/\/radioljubuski.ba\/wp-content\/uploads\/2021\/09\/pjimage-3-20210917194646.jpg","articleSection":["BIH i regija"],"inLanguage":"hr"},{"@type":"WebPage","@id":"https:\/\/radioljubuski.ba\/index.php\/2021\/09\/18\/cicin-sain-za-htv-o-novom-proteinskom-cjepivu-nema-vise-argumenata-za-necijepljenje\/","url":"https:\/\/radioljubuski.ba\/index.php\/2021\/09\/18\/cicin-sain-za-htv-o-novom-proteinskom-cjepivu-nema-vise-argumenata-za-necijepljenje\/","name":"\u010ci\u010din-\u0160ain za HTV o novom proteinskom cjepivu: Nema vi\u0161e argumenata za necijepljenje - RADIO LJUBU\u0160KI","isPartOf":{"@id":"https:\/\/radioljubuski.ba\/#website"},"primaryImageOfPage":{"@id":"https:\/\/radioljubuski.ba\/index.php\/2021\/09\/18\/cicin-sain-za-htv-o-novom-proteinskom-cjepivu-nema-vise-argumenata-za-necijepljenje\/#primaryimage"},"image":{"@id":"https:\/\/radioljubuski.ba\/index.php\/2021\/09\/18\/cicin-sain-za-htv-o-novom-proteinskom-cjepivu-nema-vise-argumenata-za-necijepljenje\/#primaryimage"},"thumbnailUrl":"https:\/\/radioljubuski.ba\/wp-content\/uploads\/2021\/09\/pjimage-3-20210917194646.jpg","datePublished":"2021-09-18T22:24:38+00:00","dateModified":"2021-09-18T22:24:40+00:00","breadcrumb":{"@id":"https:\/\/radioljubuski.ba\/index.php\/2021\/09\/18\/cicin-sain-za-htv-o-novom-proteinskom-cjepivu-nema-vise-argumenata-za-necijepljenje\/#breadcrumb"},"inLanguage":"hr","potentialAction":[{"@type":"ReadAction","target":["https:\/\/radioljubuski.ba\/index.php\/2021\/09\/18\/cicin-sain-za-htv-o-novom-proteinskom-cjepivu-nema-vise-argumenata-za-necijepljenje\/"]}]},{"@type":"ImageObject","inLanguage":"hr","@id":"https:\/\/radioljubuski.ba\/index.php\/2021\/09\/18\/cicin-sain-za-htv-o-novom-proteinskom-cjepivu-nema-vise-argumenata-za-necijepljenje\/#primaryimage","url":"https:\/\/radioljubuski.ba\/wp-content\/uploads\/2021\/09\/pjimage-3-20210917194646.jpg","contentUrl":"https:\/\/radioljubuski.ba\/wp-content\/uploads\/2021\/09\/pjimage-3-20210917194646.jpg","width":1920,"height":1080},{"@type":"BreadcrumbList","@id":"https:\/\/radioljubuski.ba\/index.php\/2021\/09\/18\/cicin-sain-za-htv-o-novom-proteinskom-cjepivu-nema-vise-argumenata-za-necijepljenje\/#breadcrumb","itemListElement":[{"@type":"ListItem","position":1,"name":"Po\u010detna stranica","item":"https:\/\/radioljubuski.ba\/"},{"@type":"ListItem","position":2,"name":"\u010ci\u010din-\u0160ain za HTV o novom proteinskom cjepivu: Nema vi\u0161e argumenata za necijepljenje"}]},{"@type":"WebSite","@id":"https:\/\/radioljubuski.ba\/#website","url":"https:\/\/radioljubuski.ba\/","name":"Radio Ljubu\u0161ki","description":"Sun\u010dana frekvencija Hercegovine","publisher":{"@id":"https:\/\/radioljubuski.ba\/#organization"},"potentialAction":[{"@type":"SearchAction","target":{"@type":"EntryPoint","urlTemplate":"https:\/\/radioljubuski.ba\/?s={search_term_string}"},"query-input":{"@type":"PropertyValueSpecification","valueRequired":true,"valueName":"search_term_string"}}],"inLanguage":"hr"},{"@type":"Organization","@id":"https:\/\/radioljubuski.ba\/#organization","name":"Radio Ljubu\u0161ki","url":"https:\/\/radioljubuski.ba\/","logo":{"@type":"ImageObject","inLanguage":"hr","@id":"https:\/\/radioljubuski.ba\/#\/schema\/logo\/image\/","url":"https:\/\/radioljubuski.ba\/wp-content\/uploads\/2021\/02\/cropped-Radio_Ljubuski_logo1.jpg","contentUrl":"https:\/\/radioljubuski.ba\/wp-content\/uploads\/2021\/02\/cropped-Radio_Ljubuski_logo1.jpg","width":512,"height":512,"caption":"Radio Ljubu\u0161ki"},"image":{"@id":"https:\/\/radioljubuski.ba\/#\/schema\/logo\/image\/"},"sameAs":["https:\/\/www.facebook.com\/Radiio-Ljubuski-1490835324566332","https:\/\/x.com\/radioljubuski","https:\/\/hr.linkedin.com\/company\/radio-ljubuski","https:\/\/www.youtube.com\/channel\/UCHYaeO_n0Db3tjNGudGpXyw"]},{"@type":"Person","@id":"https:\/\/radioljubuski.ba\/#\/schema\/person\/19fc700381a780f69665d7956c469e3b","name":"Radio Ljubu\u0161ki"}]}},"_links":{"self":[{"href":"https:\/\/radioljubuski.ba\/index.php\/wp-json\/wp\/v2\/posts\/65297","targetHints":{"allow":["GET"]}}],"collection":[{"href":"https:\/\/radioljubuski.ba\/index.php\/wp-json\/wp\/v2\/posts"}],"about":[{"href":"https:\/\/radioljubuski.ba\/index.php\/wp-json\/wp\/v2\/types\/post"}],"author":[{"embeddable":true,"href":"https:\/\/radioljubuski.ba\/index.php\/wp-json\/wp\/v2\/users\/2"}],"replies":[{"embeddable":true,"href":"https:\/\/radioljubuski.ba\/index.php\/wp-json\/wp\/v2\/comments?post=65297"}],"version-history":[{"count":1,"href":"https:\/\/radioljubuski.ba\/index.php\/wp-json\/wp\/v2\/posts\/65297\/revisions"}],"predecessor-version":[{"id":65299,"href":"https:\/\/radioljubuski.ba\/index.php\/wp-json\/wp\/v2\/posts\/65297\/revisions\/65299"}],"wp:featuredmedia":[{"embeddable":true,"href":"https:\/\/radioljubuski.ba\/index.php\/wp-json\/wp\/v2\/media\/65298"}],"wp:attachment":[{"href":"https:\/\/radioljubuski.ba\/index.php\/wp-json\/wp\/v2\/media?parent=65297"}],"wp:term":[{"taxonomy":"category","embeddable":true,"href":"https:\/\/radioljubuski.ba\/index.php\/wp-json\/wp\/v2\/categories?post=65297"},{"taxonomy":"post_tag","embeddable":true,"href":"https:\/\/radioljubuski.ba\/index.php\/wp-json\/wp\/v2\/tags?post=65297"}],"curies":[{"name":"wp","href":"https:\/\/api.w.org\/{rel}","templated":true}]}}