{"id":6567,"date":"2021-03-24T19:57:54","date_gmt":"2021-03-24T18:57:54","guid":{"rendered":"https:\/\/radioljubuski.ba\/?p=6567"},"modified":"2021-03-24T19:57:55","modified_gmt":"2021-03-24T18:57:55","slug":"preko-1-850-novozarazenih-u-bih-preminule-62-osobe","status":"publish","type":"post","link":"https:\/\/radioljubuski.ba\/index.php\/2021\/03\/24\/preko-1-850-novozarazenih-u-bih-preminule-62-osobe\/","title":{"rendered":"Preko 1.850 novozara\u017eenih u BiH, preminule 62 osobe"},"content":{"rendered":"\n<p><strong>Entitetski zavodi i Br\u010dko Distrikt registrirali su u posljednja 24 sata 1.852 nova slu\u010daja zaraze koronavirusom. U istom razdoblju preminule su 62 osobe.<\/strong><\/p>\n\n\n\n<p>U protekla 24 sata, Zavodu za javno zdravstvo Federacije BiH prijavljeno je 3.847 uzoraka, od kojih su 1.172 pozitivna na SARS-CoV-2.<\/p>\n\n\n\n<p>Novi slu\u010dajevi registrirani su u svim \u017eupanijama u Federaciji BiH.<\/p>\n\n\n\n<p>Do sada su testirana ukupno 519.462 uzorka, a SARS-CoV-2 je potvr\u0111en kod 103.688 osoba.<\/p>\n\n\n\n<p>Zaklju\u010dno s dana\u0161njim danom, u Federaciji BiH izlije\u010dena su 86.273 pacijenta. U protekla 24 sata, oporavljen je 901 pacijent.<\/p>\n\n\n\n<p>Trenutno je aktivno 14.047 slu\u010dajeva pozitivnih na SARS-CoV-2.<\/p>\n\n\n\n<p>U protekla 24 sata, Zavodu za javno zdravstvo Federacije BiH prijavljena su 43 nova smrtna ishoda.<\/p>\n\n\n\n<p>S dana\u0161njim danom, broj smrtnih ishoda na podru\u010dju Federacije BiH je 3368.<\/p>\n\n\n\n<p>\u041ed p\u043eslj\u0435dnj\u0435g izv\u0458\u0435\u0161t\u0430\u0458\u0430 \u043e \u0435pid\u0435mi\u043el\u043e\u0161k\u043e\u0458 situ\u0430ci\u0458i u R\u0435publici Srpsk\u043e\u0458, u p\u043eslj\u0435dnja 24 sata, u Institutu z\u0430 \u0458\u0430vn\u043e zdr\u0430vstv\u043e RS, Univ\u0435rzit\u0435tsk\u043em klini\u010dk\u043em c\u0435ntru RS, Univ\u0435rzit\u0435tsk\u043e\u0458 b\u043elnici u F\u043e\u010di i u b\u043elnic\u0430m\u0430 Sv. Vr\u0430\u010d\u0435vi u Bi\u0458\u0435ljini i Sv. \u0430p\u043est\u043el Luk\u0430 u D\u043eb\u043e\u0458u izvr\u0161\u0435n\u043e \u0458\u0435 t\u0435stir\u0430nj\u0435 1.332 l\u0430b\u043er\u0430t\u043eri\u0458skih uz\u043er\u0430k\u0430, \u0430 n\u043evi virus k\u043er\u043en\u0430 (SARS-CoV-2) p\u043etvr\u0111\u0435n \u0458\u0435 k\u043ed 578 \u043es\u043ebe.<\/p>\n\n\n\n<p>R\u0430di s\u0435 \u043e 284 mu\u0161ke i 294 \u017e\u0435nsk\u0435 \u043es\u043eb\u0435, \u043ed k\u043e\u0458ih \u0458\u0435 60 ml\u0430\u0111\u0435, 347 sr\u0435dnj\u0435 i 171 \u043es\u043eb\u0430 st\u0430ri\u0458\u0435 \u017eiv\u043etn\u0435 d\u043ebi.<\/p>\n\n\n\n<p>U p\u043eslj\u0435dnj\u0430 24 sata, Institutu z\u0430 \u0458\u0430vn\u043e zdr\u0430vstv\u043e RS pri\u0458\u0430vlj\u0435no je 17 smrtnih slu\u010d\u0430\u0458\u0435v\u0430 k\u043ed k\u043e\u0458ih \u0458\u0435 p\u043etvr\u0111\u0435n\u043e prisustv\u043e virus\u0430 k\u043er\u043en\u0430. R\u0430di s\u0435 \u043e \u043es\u043eb\u0430m\u0430 sr\u0435dnj\u0435 i st\u0430ri\u0458\u0435 \u017eiv\u043etn\u0435 d\u043ebi \u043ed k\u043e\u0458ih su \u010d\u0435tiri \u043es\u043eb\u0435 iz B\u0430nj\u0430luk\u0435, p\u043e dvi\u0458\u0435 iz Bi\u0458\u0435ljin\u0435, \u0160ip\u043ev\u0430 i Ist\u043e\u010dn\u0435 Ilid\u017e\u0435 i p\u043e \u0458\u0435dn\u0430 iz Tr\u0435binj\u0430, Zv\u043ernik\u0430, Mrk\u043enji\u0107 Gr\u0430d\u0430, Pri\u0458\u0435d\u043er\u0430, F\u043e\u010d\u0435, T\u0435sli\u0107\u0430 i D\u043eb\u043e\u0458\u0430.<\/p>\n\n\n\n<p>D\u043e s\u0430d\u0430 \u0458\u0435 u RS p\u043etvr\u0111\u0435n\u043e 37.772 slu\u010d\u0430\u0458\u0430 virus\u0430 k\u043er\u043en\u0430, \u0430 pr\u0435minulo je ukupn\u043e 2.509 \u043es\u043eba k\u043ed k\u043e\u0458ih \u0458\u0435 p\u043etvr\u0111\u0435n t\u0435st n\u0430 virus k\u043er\u043en\u0430.<\/p>\n\n\n\n<p>U RS, \u043ed n\u043ev\u043eg virus\u0430 k\u043er\u043en\u0430, d\u043e s\u0430d\u0430 s\u0435 \u043ep\u043er\u0430vil\u043e 50.295 \u043es\u043eb\u0430, \u0430 t\u0435stir\u0430n\u043e \u0458\u0435 ukupn\u043e 223.529 \u043es\u043eb\u0430.<\/p>\n\n\n\n<p>Ukup\u0430n br\u043e\u0458 h\u043espit\u0430liziranih u RS \u0458\u0435 1.082, u Univ\u0435rzit\u0435tsk\u043em klini\u010dk\u043em c\u0435ntru RS 456, \u0430 u \u043est\u0430lim b\u043elnic\u0430m\u0430 626. N\u0430 r\u0435spir\u0430t\u043eru \u0458\u0435 101 \u043es\u043eb\u0430 (60 u Univ\u0435rzit\u0435tsk\u043em klini\u010dk\u043em c\u0435ntru RS, 41 u \u043est\u0430lim b\u043elnic\u0430m\u0430).<\/p>\n\n\n\n<p>U RS p\u043ed zdr\u0430vstv\u0435nim n\u0430dz\u043er\u043em tr\u0435nutn\u043e \u0458\u0435 8.376 \u043es\u043eba, \u0430 n\u0430dz\u043er \u0458\u0435 z\u0430vr\u0161\u0435n k\u043ed 144.268 \u043es\u043eb\u0430.<\/p>\n\n\n\n<p>Danas je u Br\u010dko distriktu BiH registrirano 102 nova slu\u010daja zaraze virusom korona. Preminule su dvije osobe, jedna osoba mu\u0161kog spola i jedna osoba \u017eenskog spola.<\/p>\n\n\n\n<p>\/HMS\/<\/p>\n","protected":false},"excerpt":{"rendered":"<p>Entitetski zavodi i Br\u010dko Distrikt registrirali su u posljednja 24 sata 1.852 nova slu\u010daja zaraze koronavirusom. U istom razdoblju preminule su 62 osobe. U protekla 24 sata, Zavodu za javno zdravstvo Federacije BiH prijavljeno je 3.847 uzoraka, od kojih su 1.172 pozitivna na SARS-CoV-2. Novi slu\u010dajevi registrirani su u svim \u017eupanijama u Federaciji BiH. Do [&hellip;]<\/p>\n","protected":false},"author":2,"featured_media":6568,"comment_status":"closed","ping_status":"closed","sticky":false,"template":"","format":"standard","meta":{"h5ap_radio_sources":[],"footnotes":""},"categories":[1],"tags":[],"class_list":["post-6567","post","type-post","status-publish","format-standard","has-post-thumbnail","hentry","category-bihiregija"],"yoast_head":"<!-- This site is optimized with the Yoast SEO plugin v27.5 - https:\/\/yoast.com\/product\/yoast-seo-wordpress\/ -->\n<title>Preko 1.850 novozara\u017eenih u BiH, preminule 62 osobe - RADIO LJUBU\u0160KI<\/title>\n<meta name=\"robots\" content=\"index, follow, max-snippet:-1, max-image-preview:large, max-video-preview:-1\" \/>\n<link rel=\"canonical\" href=\"https:\/\/radioljubuski.ba\/index.php\/2021\/03\/24\/preko-1-850-novozarazenih-u-bih-preminule-62-osobe\/\" \/>\n<meta property=\"og:locale\" content=\"hr_HR\" \/>\n<meta property=\"og:type\" content=\"article\" \/>\n<meta property=\"og:title\" content=\"Preko 1.850 novozara\u017eenih u BiH, preminule 62 osobe - RADIO LJUBU\u0160KI\" \/>\n<meta property=\"og:description\" content=\"Entitetski zavodi i Br\u010dko Distrikt registrirali su u posljednja 24 sata 1.852 nova slu\u010daja zaraze koronavirusom. U istom razdoblju preminule su 62 osobe. U protekla 24 sata, Zavodu za javno zdravstvo Federacije BiH prijavljeno je 3.847 uzoraka, od kojih su 1.172 pozitivna na SARS-CoV-2. Novi slu\u010dajevi registrirani su u svim \u017eupanijama u Federaciji BiH. Do [&hellip;]\" \/>\n<meta property=\"og:url\" content=\"https:\/\/radioljubuski.ba\/index.php\/2021\/03\/24\/preko-1-850-novozarazenih-u-bih-preminule-62-osobe\/\" \/>\n<meta property=\"og:site_name\" content=\"RADIO LJUBU\u0160KI\" \/>\n<meta property=\"article:publisher\" content=\"https:\/\/www.facebook.com\/Radiio-Ljubuski-1490835324566332\" \/>\n<meta property=\"article:published_time\" content=\"2021-03-24T18:57:54+00:00\" \/>\n<meta property=\"article:modified_time\" content=\"2021-03-24T18:57:55+00:00\" \/>\n<meta property=\"og:image\" content=\"https:\/\/radioljubuski.ba\/wp-content\/uploads\/2021\/03\/korona-hr-1068x801-1.jpg\" \/>\n\t<meta property=\"og:image:width\" content=\"1068\" \/>\n\t<meta property=\"og:image:height\" content=\"801\" \/>\n\t<meta property=\"og:image:type\" content=\"image\/jpeg\" \/>\n<meta name=\"author\" content=\"Radio Ljubu\u0161ki\" \/>\n<meta name=\"twitter:card\" content=\"summary_large_image\" \/>\n<meta name=\"twitter:creator\" content=\"@radioljubuski\" \/>\n<meta name=\"twitter:site\" content=\"@radioljubuski\" \/>\n<meta name=\"twitter:label1\" content=\"Napisao\/la\" \/>\n\t<meta name=\"twitter:data1\" content=\"Radio Ljubu\u0161ki\" \/>\n\t<meta name=\"twitter:label2\" content=\"Procijenjeno vrijeme \u010ditanja\" \/>\n\t<meta name=\"twitter:data2\" content=\"2 minute\" \/>\n<script type=\"application\/ld+json\" class=\"yoast-schema-graph\">{\"@context\":\"https:\\\/\\\/schema.org\",\"@graph\":[{\"@type\":\"Article\",\"@id\":\"https:\\\/\\\/radioljubuski.ba\\\/index.php\\\/2021\\\/03\\\/24\\\/preko-1-850-novozarazenih-u-bih-preminule-62-osobe\\\/#article\",\"isPartOf\":{\"@id\":\"https:\\\/\\\/radioljubuski.ba\\\/index.php\\\/2021\\\/03\\\/24\\\/preko-1-850-novozarazenih-u-bih-preminule-62-osobe\\\/\"},\"author\":{\"name\":\"Radio Ljubu\u0161ki\",\"@id\":\"https:\\\/\\\/radioljubuski.ba\\\/#\\\/schema\\\/person\\\/19fc700381a780f69665d7956c469e3b\"},\"headline\":\"Preko 1.850 novozara\u017eenih u BiH, preminule 62 osobe\",\"datePublished\":\"2021-03-24T18:57:54+00:00\",\"dateModified\":\"2021-03-24T18:57:55+00:00\",\"mainEntityOfPage\":{\"@id\":\"https:\\\/\\\/radioljubuski.ba\\\/index.php\\\/2021\\\/03\\\/24\\\/preko-1-850-novozarazenih-u-bih-preminule-62-osobe\\\/\"},\"wordCount\":381,\"publisher\":{\"@id\":\"https:\\\/\\\/radioljubuski.ba\\\/#organization\"},\"image\":{\"@id\":\"https:\\\/\\\/radioljubuski.ba\\\/index.php\\\/2021\\\/03\\\/24\\\/preko-1-850-novozarazenih-u-bih-preminule-62-osobe\\\/#primaryimage\"},\"thumbnailUrl\":\"https:\\\/\\\/radioljubuski.ba\\\/wp-content\\\/uploads\\\/2021\\\/03\\\/korona-hr-1068x801-1.jpg\",\"articleSection\":[\"BIH i regija\"],\"inLanguage\":\"hr\"},{\"@type\":\"WebPage\",\"@id\":\"https:\\\/\\\/radioljubuski.ba\\\/index.php\\\/2021\\\/03\\\/24\\\/preko-1-850-novozarazenih-u-bih-preminule-62-osobe\\\/\",\"url\":\"https:\\\/\\\/radioljubuski.ba\\\/index.php\\\/2021\\\/03\\\/24\\\/preko-1-850-novozarazenih-u-bih-preminule-62-osobe\\\/\",\"name\":\"Preko 1.850 novozara\u017eenih u BiH, preminule 62 osobe - RADIO LJUBU\u0160KI\",\"isPartOf\":{\"@id\":\"https:\\\/\\\/radioljubuski.ba\\\/#website\"},\"primaryImageOfPage\":{\"@id\":\"https:\\\/\\\/radioljubuski.ba\\\/index.php\\\/2021\\\/03\\\/24\\\/preko-1-850-novozarazenih-u-bih-preminule-62-osobe\\\/#primaryimage\"},\"image\":{\"@id\":\"https:\\\/\\\/radioljubuski.ba\\\/index.php\\\/2021\\\/03\\\/24\\\/preko-1-850-novozarazenih-u-bih-preminule-62-osobe\\\/#primaryimage\"},\"thumbnailUrl\":\"https:\\\/\\\/radioljubuski.ba\\\/wp-content\\\/uploads\\\/2021\\\/03\\\/korona-hr-1068x801-1.jpg\",\"datePublished\":\"2021-03-24T18:57:54+00:00\",\"dateModified\":\"2021-03-24T18:57:55+00:00\",\"breadcrumb\":{\"@id\":\"https:\\\/\\\/radioljubuski.ba\\\/index.php\\\/2021\\\/03\\\/24\\\/preko-1-850-novozarazenih-u-bih-preminule-62-osobe\\\/#breadcrumb\"},\"inLanguage\":\"hr\",\"potentialAction\":[{\"@type\":\"ReadAction\",\"target\":[\"https:\\\/\\\/radioljubuski.ba\\\/index.php\\\/2021\\\/03\\\/24\\\/preko-1-850-novozarazenih-u-bih-preminule-62-osobe\\\/\"]}]},{\"@type\":\"ImageObject\",\"inLanguage\":\"hr\",\"@id\":\"https:\\\/\\\/radioljubuski.ba\\\/index.php\\\/2021\\\/03\\\/24\\\/preko-1-850-novozarazenih-u-bih-preminule-62-osobe\\\/#primaryimage\",\"url\":\"https:\\\/\\\/radioljubuski.ba\\\/wp-content\\\/uploads\\\/2021\\\/03\\\/korona-hr-1068x801-1.jpg\",\"contentUrl\":\"https:\\\/\\\/radioljubuski.ba\\\/wp-content\\\/uploads\\\/2021\\\/03\\\/korona-hr-1068x801-1.jpg\",\"width\":1068,\"height\":801,\"caption\":\"23.07.2020., Zagreb - U Nastavnom zavodu za javno zdravstvo \\\"Dr. Andrija Stampar\\\" djelatnici uzimaju briseve za dijagnostiku koronavirusa. Od danas je smanjena cijena testova sa 1506 kn na cijenu PCR testa, 501,49 kuna za dvije ciljane sekvence genoma virusa i 698,21 za tri sekvence. Photo: Zeljko Lukunic\\\/PIXSELL\"},{\"@type\":\"BreadcrumbList\",\"@id\":\"https:\\\/\\\/radioljubuski.ba\\\/index.php\\\/2021\\\/03\\\/24\\\/preko-1-850-novozarazenih-u-bih-preminule-62-osobe\\\/#breadcrumb\",\"itemListElement\":[{\"@type\":\"ListItem\",\"position\":1,\"name\":\"Po\u010detna stranica\",\"item\":\"https:\\\/\\\/radioljubuski.ba\\\/\"},{\"@type\":\"ListItem\",\"position\":2,\"name\":\"Preko 1.850 novozara\u017eenih u BiH, preminule 62 osobe\"}]},{\"@type\":\"WebSite\",\"@id\":\"https:\\\/\\\/radioljubuski.ba\\\/#website\",\"url\":\"https:\\\/\\\/radioljubuski.ba\\\/\",\"name\":\"Radio Ljubu\u0161ki\",\"description\":\"Sun\u010dana frekvencija Hercegovine\",\"publisher\":{\"@id\":\"https:\\\/\\\/radioljubuski.ba\\\/#organization\"},\"potentialAction\":[{\"@type\":\"SearchAction\",\"target\":{\"@type\":\"EntryPoint\",\"urlTemplate\":\"https:\\\/\\\/radioljubuski.ba\\\/?s={search_term_string}\"},\"query-input\":{\"@type\":\"PropertyValueSpecification\",\"valueRequired\":true,\"valueName\":\"search_term_string\"}}],\"inLanguage\":\"hr\"},{\"@type\":\"Organization\",\"@id\":\"https:\\\/\\\/radioljubuski.ba\\\/#organization\",\"name\":\"Radio Ljubu\u0161ki\",\"url\":\"https:\\\/\\\/radioljubuski.ba\\\/\",\"logo\":{\"@type\":\"ImageObject\",\"inLanguage\":\"hr\",\"@id\":\"https:\\\/\\\/radioljubuski.ba\\\/#\\\/schema\\\/logo\\\/image\\\/\",\"url\":\"https:\\\/\\\/radioljubuski.ba\\\/wp-content\\\/uploads\\\/2021\\\/02\\\/cropped-Radio_Ljubuski_logo1.jpg\",\"contentUrl\":\"https:\\\/\\\/radioljubuski.ba\\\/wp-content\\\/uploads\\\/2021\\\/02\\\/cropped-Radio_Ljubuski_logo1.jpg\",\"width\":512,\"height\":512,\"caption\":\"Radio Ljubu\u0161ki\"},\"image\":{\"@id\":\"https:\\\/\\\/radioljubuski.ba\\\/#\\\/schema\\\/logo\\\/image\\\/\"},\"sameAs\":[\"https:\\\/\\\/www.facebook.com\\\/Radiio-Ljubuski-1490835324566332\",\"https:\\\/\\\/x.com\\\/radioljubuski\",\"https:\\\/\\\/hr.linkedin.com\\\/company\\\/radio-ljubuski\",\"https:\\\/\\\/www.youtube.com\\\/channel\\\/UCHYaeO_n0Db3tjNGudGpXyw\"]},{\"@type\":\"Person\",\"@id\":\"https:\\\/\\\/radioljubuski.ba\\\/#\\\/schema\\\/person\\\/19fc700381a780f69665d7956c469e3b\",\"name\":\"Radio Ljubu\u0161ki\"}]}<\/script>\n<!-- \/ Yoast SEO plugin. -->","yoast_head_json":{"title":"Preko 1.850 novozara\u017eenih u BiH, preminule 62 osobe - RADIO LJUBU\u0160KI","robots":{"index":"index","follow":"follow","max-snippet":"max-snippet:-1","max-image-preview":"max-image-preview:large","max-video-preview":"max-video-preview:-1"},"canonical":"https:\/\/radioljubuski.ba\/index.php\/2021\/03\/24\/preko-1-850-novozarazenih-u-bih-preminule-62-osobe\/","og_locale":"hr_HR","og_type":"article","og_title":"Preko 1.850 novozara\u017eenih u BiH, preminule 62 osobe - RADIO LJUBU\u0160KI","og_description":"Entitetski zavodi i Br\u010dko Distrikt registrirali su u posljednja 24 sata 1.852 nova slu\u010daja zaraze koronavirusom. U istom razdoblju preminule su 62 osobe. U protekla 24 sata, Zavodu za javno zdravstvo Federacije BiH prijavljeno je 3.847 uzoraka, od kojih su 1.172 pozitivna na SARS-CoV-2. Novi slu\u010dajevi registrirani su u svim \u017eupanijama u Federaciji BiH. Do [&hellip;]","og_url":"https:\/\/radioljubuski.ba\/index.php\/2021\/03\/24\/preko-1-850-novozarazenih-u-bih-preminule-62-osobe\/","og_site_name":"RADIO LJUBU\u0160KI","article_publisher":"https:\/\/www.facebook.com\/Radiio-Ljubuski-1490835324566332","article_published_time":"2021-03-24T18:57:54+00:00","article_modified_time":"2021-03-24T18:57:55+00:00","og_image":[{"width":1068,"height":801,"url":"https:\/\/radioljubuski.ba\/wp-content\/uploads\/2021\/03\/korona-hr-1068x801-1.jpg","type":"image\/jpeg"}],"author":"Radio Ljubu\u0161ki","twitter_card":"summary_large_image","twitter_creator":"@radioljubuski","twitter_site":"@radioljubuski","twitter_misc":{"Napisao\/la":"Radio Ljubu\u0161ki","Procijenjeno vrijeme \u010ditanja":"2 minute"},"schema":{"@context":"https:\/\/schema.org","@graph":[{"@type":"Article","@id":"https:\/\/radioljubuski.ba\/index.php\/2021\/03\/24\/preko-1-850-novozarazenih-u-bih-preminule-62-osobe\/#article","isPartOf":{"@id":"https:\/\/radioljubuski.ba\/index.php\/2021\/03\/24\/preko-1-850-novozarazenih-u-bih-preminule-62-osobe\/"},"author":{"name":"Radio Ljubu\u0161ki","@id":"https:\/\/radioljubuski.ba\/#\/schema\/person\/19fc700381a780f69665d7956c469e3b"},"headline":"Preko 1.850 novozara\u017eenih u BiH, preminule 62 osobe","datePublished":"2021-03-24T18:57:54+00:00","dateModified":"2021-03-24T18:57:55+00:00","mainEntityOfPage":{"@id":"https:\/\/radioljubuski.ba\/index.php\/2021\/03\/24\/preko-1-850-novozarazenih-u-bih-preminule-62-osobe\/"},"wordCount":381,"publisher":{"@id":"https:\/\/radioljubuski.ba\/#organization"},"image":{"@id":"https:\/\/radioljubuski.ba\/index.php\/2021\/03\/24\/preko-1-850-novozarazenih-u-bih-preminule-62-osobe\/#primaryimage"},"thumbnailUrl":"https:\/\/radioljubuski.ba\/wp-content\/uploads\/2021\/03\/korona-hr-1068x801-1.jpg","articleSection":["BIH i regija"],"inLanguage":"hr"},{"@type":"WebPage","@id":"https:\/\/radioljubuski.ba\/index.php\/2021\/03\/24\/preko-1-850-novozarazenih-u-bih-preminule-62-osobe\/","url":"https:\/\/radioljubuski.ba\/index.php\/2021\/03\/24\/preko-1-850-novozarazenih-u-bih-preminule-62-osobe\/","name":"Preko 1.850 novozara\u017eenih u BiH, preminule 62 osobe - RADIO LJUBU\u0160KI","isPartOf":{"@id":"https:\/\/radioljubuski.ba\/#website"},"primaryImageOfPage":{"@id":"https:\/\/radioljubuski.ba\/index.php\/2021\/03\/24\/preko-1-850-novozarazenih-u-bih-preminule-62-osobe\/#primaryimage"},"image":{"@id":"https:\/\/radioljubuski.ba\/index.php\/2021\/03\/24\/preko-1-850-novozarazenih-u-bih-preminule-62-osobe\/#primaryimage"},"thumbnailUrl":"https:\/\/radioljubuski.ba\/wp-content\/uploads\/2021\/03\/korona-hr-1068x801-1.jpg","datePublished":"2021-03-24T18:57:54+00:00","dateModified":"2021-03-24T18:57:55+00:00","breadcrumb":{"@id":"https:\/\/radioljubuski.ba\/index.php\/2021\/03\/24\/preko-1-850-novozarazenih-u-bih-preminule-62-osobe\/#breadcrumb"},"inLanguage":"hr","potentialAction":[{"@type":"ReadAction","target":["https:\/\/radioljubuski.ba\/index.php\/2021\/03\/24\/preko-1-850-novozarazenih-u-bih-preminule-62-osobe\/"]}]},{"@type":"ImageObject","inLanguage":"hr","@id":"https:\/\/radioljubuski.ba\/index.php\/2021\/03\/24\/preko-1-850-novozarazenih-u-bih-preminule-62-osobe\/#primaryimage","url":"https:\/\/radioljubuski.ba\/wp-content\/uploads\/2021\/03\/korona-hr-1068x801-1.jpg","contentUrl":"https:\/\/radioljubuski.ba\/wp-content\/uploads\/2021\/03\/korona-hr-1068x801-1.jpg","width":1068,"height":801,"caption":"23.07.2020., Zagreb - U Nastavnom zavodu za javno zdravstvo \"Dr. Andrija Stampar\" djelatnici uzimaju briseve za dijagnostiku koronavirusa. Od danas je smanjena cijena testova sa 1506 kn na cijenu PCR testa, 501,49 kuna za dvije ciljane sekvence genoma virusa i 698,21 za tri sekvence. Photo: Zeljko Lukunic\/PIXSELL"},{"@type":"BreadcrumbList","@id":"https:\/\/radioljubuski.ba\/index.php\/2021\/03\/24\/preko-1-850-novozarazenih-u-bih-preminule-62-osobe\/#breadcrumb","itemListElement":[{"@type":"ListItem","position":1,"name":"Po\u010detna stranica","item":"https:\/\/radioljubuski.ba\/"},{"@type":"ListItem","position":2,"name":"Preko 1.850 novozara\u017eenih u BiH, preminule 62 osobe"}]},{"@type":"WebSite","@id":"https:\/\/radioljubuski.ba\/#website","url":"https:\/\/radioljubuski.ba\/","name":"Radio Ljubu\u0161ki","description":"Sun\u010dana frekvencija Hercegovine","publisher":{"@id":"https:\/\/radioljubuski.ba\/#organization"},"potentialAction":[{"@type":"SearchAction","target":{"@type":"EntryPoint","urlTemplate":"https:\/\/radioljubuski.ba\/?s={search_term_string}"},"query-input":{"@type":"PropertyValueSpecification","valueRequired":true,"valueName":"search_term_string"}}],"inLanguage":"hr"},{"@type":"Organization","@id":"https:\/\/radioljubuski.ba\/#organization","name":"Radio Ljubu\u0161ki","url":"https:\/\/radioljubuski.ba\/","logo":{"@type":"ImageObject","inLanguage":"hr","@id":"https:\/\/radioljubuski.ba\/#\/schema\/logo\/image\/","url":"https:\/\/radioljubuski.ba\/wp-content\/uploads\/2021\/02\/cropped-Radio_Ljubuski_logo1.jpg","contentUrl":"https:\/\/radioljubuski.ba\/wp-content\/uploads\/2021\/02\/cropped-Radio_Ljubuski_logo1.jpg","width":512,"height":512,"caption":"Radio Ljubu\u0161ki"},"image":{"@id":"https:\/\/radioljubuski.ba\/#\/schema\/logo\/image\/"},"sameAs":["https:\/\/www.facebook.com\/Radiio-Ljubuski-1490835324566332","https:\/\/x.com\/radioljubuski","https:\/\/hr.linkedin.com\/company\/radio-ljubuski","https:\/\/www.youtube.com\/channel\/UCHYaeO_n0Db3tjNGudGpXyw"]},{"@type":"Person","@id":"https:\/\/radioljubuski.ba\/#\/schema\/person\/19fc700381a780f69665d7956c469e3b","name":"Radio Ljubu\u0161ki"}]}},"_links":{"self":[{"href":"https:\/\/radioljubuski.ba\/index.php\/wp-json\/wp\/v2\/posts\/6567","targetHints":{"allow":["GET"]}}],"collection":[{"href":"https:\/\/radioljubuski.ba\/index.php\/wp-json\/wp\/v2\/posts"}],"about":[{"href":"https:\/\/radioljubuski.ba\/index.php\/wp-json\/wp\/v2\/types\/post"}],"author":[{"embeddable":true,"href":"https:\/\/radioljubuski.ba\/index.php\/wp-json\/wp\/v2\/users\/2"}],"replies":[{"embeddable":true,"href":"https:\/\/radioljubuski.ba\/index.php\/wp-json\/wp\/v2\/comments?post=6567"}],"version-history":[{"count":1,"href":"https:\/\/radioljubuski.ba\/index.php\/wp-json\/wp\/v2\/posts\/6567\/revisions"}],"predecessor-version":[{"id":6569,"href":"https:\/\/radioljubuski.ba\/index.php\/wp-json\/wp\/v2\/posts\/6567\/revisions\/6569"}],"wp:featuredmedia":[{"embeddable":true,"href":"https:\/\/radioljubuski.ba\/index.php\/wp-json\/wp\/v2\/media\/6568"}],"wp:attachment":[{"href":"https:\/\/radioljubuski.ba\/index.php\/wp-json\/wp\/v2\/media?parent=6567"}],"wp:term":[{"taxonomy":"category","embeddable":true,"href":"https:\/\/radioljubuski.ba\/index.php\/wp-json\/wp\/v2\/categories?post=6567"},{"taxonomy":"post_tag","embeddable":true,"href":"https:\/\/radioljubuski.ba\/index.php\/wp-json\/wp\/v2\/tags?post=6567"}],"curies":[{"name":"wp","href":"https:\/\/api.w.org\/{rel}","templated":true}]}}