{"id":6573,"date":"2021-03-24T20:00:55","date_gmt":"2021-03-24T19:00:55","guid":{"rendered":"https:\/\/radioljubuski.ba\/?p=6573"},"modified":"2021-03-24T20:00:55","modified_gmt":"2021-03-24T19:00:55","slug":"dodik-zahvalan-sam-kini-na-odluci-da-bih-donira-50-000-doza-cjepiva-turkovic-smijesna","status":"publish","type":"post","link":"https:\/\/radioljubuski.ba\/index.php\/2021\/03\/24\/dodik-zahvalan-sam-kini-na-odluci-da-bih-donira-50-000-doza-cjepiva-turkovic-smijesna\/","title":{"rendered":"Dodik: Zahvalan sam Kini na odluci da BiH donira 50.000 doza cjepiva, Turkovi\u0107 smije\u0161na"},"content":{"rendered":"\n<p><strong>Predsjedavaju\u0107i Predsjedni\u0161tva BiH Milorad Dodik izrazio je zahvalnost Vladi Narodne Republike Kine na odluci da donira BiH 50.000 doza cjepiva protiv virusa korona<\/strong>.<\/p>\n\n\n\n<p>Dodik je uputio i pismo zahvalnosti predsjedniku Kine Xi Jinpingu na ovoj zna\u010dajnoj donaciji, isti\u010du\u0107i da je Kina i ovim \u010dinom jo\u0161 jednom pokazala veliku solidarnost i nesebi\u010dnost, naro\u010dito prema malim narodima, koji su u ovim te\u0161kim vremenima ostavljeni da se sami bore sa pandemijom.<\/p>\n\n\n\n<p>Predsjedavaju\u0107i Predsjedni\u0161tva BiH naveo je da bi uskoro trebao sti\u0107i prvi kontingent cjepiva iz Kine, koje je Republika Srpska dogovorila s kompanijom \u201cSinofarm\u201d.<\/p>\n\n\n\n<p>\u201cZahvalan sam Vladi Narodne Republike Kine i kineskom predsjedniku Xi Jinpingu na ovoj zna\u010dajnoj donaciji, koja \u0107e nam sigurno pomo\u0107i u borbi protiv pandemije. Mi dugo radimo na ja\u010danju odnosa i prijateljskih veza s Kinom, i ova donacija je upravo rezultat te dugogodi\u0161nje suradnje s kineskim vlastima, ali i poslovnim partnerima, od kojih je zna\u010dajna Kompanija \u2018Sinofarm\u2019, koja gradi bolnicu u Doboju\u201d, istaknuo je Dodik za Srnu.<\/p>\n\n\n\n<p>On je naglasio da \u0107e ova kompanija i dalje biti prisutna u Republici Srpskoj, te da \u0107e biti nastavljen rad na zna\u010dajnim infrastrukturnim projektima.<\/p>\n\n\n\n<p>Dodik je podsjetio da se ve\u0107ina projekata, koje su kineske kompanije realizirale u BiH, odnosi na Republiku Srpsku.<\/p>\n\n\n\n<p>Na pitanje Srne da komentira poku\u0161aje ministrice vanjskih poslova BiH Bisere Turkovi\u0107 da sebi pripi\u0161e zasluge za donaciju kineskog cjepiva, Dodik je rekao da je to, u najmanju ruku, smije\u0161no.<\/p>\n\n\n\n<p>\u201cKada je rije\u010d o odnosima s Kinom, jedino na \u010demu Turkovi\u0107 radi jeste naru\u0161avanje bilateralnih odnosa daju\u0107i instrukcije koje su i\u0161le na \u0161tetu dobrih odnosa s Kinom, bez suglasnosti Predsjedni\u0161tva BiH\u201d, istaknuo je Dodik.<\/p>\n\n\n\n<p>Srna podsje\u0107a da je jedna od takvih instrukcija bila u listopadu pro\u0161le godine kada je Turkovi\u0107 nalo\u017eila da se BiH, bez suglasnosti Predsjedni\u0161tva BiH, pridru\u017ei izjavi o ljudskim pravima u Ksijangu i Hong Kongu na 3. Komitetu 75. sjednice Glavne skup\u0161tine UN-a, o \u010demu je srpski \u010dlan Predsjedni\u0161tva obavijestio i kineskog predsjednika i \u010delnike UN-a.<\/p>\n\n\n\n<p>\/HMS\/<\/p>\n","protected":false},"excerpt":{"rendered":"<p>Predsjedavaju\u0107i Predsjedni\u0161tva BiH Milorad Dodik izrazio je zahvalnost Vladi Narodne Republike Kine na odluci da donira BiH 50.000 doza cjepiva protiv virusa korona. Dodik je uputio i pismo zahvalnosti predsjedniku Kine Xi Jinpingu na ovoj zna\u010dajnoj donaciji, isti\u010du\u0107i da je Kina i ovim \u010dinom jo\u0161 jednom pokazala veliku solidarnost i nesebi\u010dnost, naro\u010dito prema malim narodima, [&hellip;]<\/p>\n","protected":false},"author":2,"featured_media":6574,"comment_status":"closed","ping_status":"closed","sticky":false,"template":"","format":"standard","meta":{"h5ap_radio_sources":[],"footnotes":""},"categories":[1],"tags":[],"class_list":["post-6573","post","type-post","status-publish","format-standard","has-post-thumbnail","hentry","category-bihiregija"],"yoast_head":"<!-- This site is optimized with the Yoast SEO plugin v27.5 - https:\/\/yoast.com\/product\/yoast-seo-wordpress\/ -->\n<title>Dodik: Zahvalan sam Kini na odluci da BiH donira 50.000 doza cjepiva, Turkovi\u0107 smije\u0161na - RADIO LJUBU\u0160KI<\/title>\n<meta name=\"robots\" content=\"index, follow, max-snippet:-1, max-image-preview:large, max-video-preview:-1\" \/>\n<link rel=\"canonical\" href=\"https:\/\/radioljubuski.ba\/index.php\/2021\/03\/24\/dodik-zahvalan-sam-kini-na-odluci-da-bih-donira-50-000-doza-cjepiva-turkovic-smijesna\/\" \/>\n<meta property=\"og:locale\" content=\"hr_HR\" \/>\n<meta property=\"og:type\" content=\"article\" \/>\n<meta property=\"og:title\" content=\"Dodik: Zahvalan sam Kini na odluci da BiH donira 50.000 doza cjepiva, Turkovi\u0107 smije\u0161na - RADIO LJUBU\u0160KI\" \/>\n<meta property=\"og:description\" content=\"Predsjedavaju\u0107i Predsjedni\u0161tva BiH Milorad Dodik izrazio je zahvalnost Vladi Narodne Republike Kine na odluci da donira BiH 50.000 doza cjepiva protiv virusa korona. Dodik je uputio i pismo zahvalnosti predsjedniku Kine Xi Jinpingu na ovoj zna\u010dajnoj donaciji, isti\u010du\u0107i da je Kina i ovim \u010dinom jo\u0161 jednom pokazala veliku solidarnost i nesebi\u010dnost, naro\u010dito prema malim narodima, [&hellip;]\" \/>\n<meta property=\"og:url\" content=\"https:\/\/radioljubuski.ba\/index.php\/2021\/03\/24\/dodik-zahvalan-sam-kini-na-odluci-da-bih-donira-50-000-doza-cjepiva-turkovic-smijesna\/\" \/>\n<meta property=\"og:site_name\" content=\"RADIO LJUBU\u0160KI\" \/>\n<meta property=\"article:publisher\" content=\"https:\/\/www.facebook.com\/Radiio-Ljubuski-1490835324566332\" \/>\n<meta property=\"article:published_time\" content=\"2021-03-24T19:00:55+00:00\" \/>\n<meta property=\"og:image\" content=\"https:\/\/radioljubuski.ba\/wp-content\/uploads\/2021\/03\/dodik-2-1068x601-1.jpg\" \/>\n\t<meta property=\"og:image:width\" content=\"1068\" \/>\n\t<meta property=\"og:image:height\" content=\"601\" \/>\n\t<meta property=\"og:image:type\" content=\"image\/jpeg\" \/>\n<meta name=\"author\" content=\"Radio Ljubu\u0161ki\" \/>\n<meta name=\"twitter:card\" content=\"summary_large_image\" \/>\n<meta name=\"twitter:creator\" content=\"@radioljubuski\" \/>\n<meta name=\"twitter:site\" content=\"@radioljubuski\" \/>\n<meta name=\"twitter:label1\" content=\"Napisao\/la\" \/>\n\t<meta name=\"twitter:data1\" content=\"Radio Ljubu\u0161ki\" \/>\n\t<meta name=\"twitter:label2\" content=\"Procijenjeno vrijeme \u010ditanja\" \/>\n\t<meta name=\"twitter:data2\" content=\"2 minute\" \/>\n<script type=\"application\/ld+json\" class=\"yoast-schema-graph\">{\"@context\":\"https:\\\/\\\/schema.org\",\"@graph\":[{\"@type\":\"Article\",\"@id\":\"https:\\\/\\\/radioljubuski.ba\\\/index.php\\\/2021\\\/03\\\/24\\\/dodik-zahvalan-sam-kini-na-odluci-da-bih-donira-50-000-doza-cjepiva-turkovic-smijesna\\\/#article\",\"isPartOf\":{\"@id\":\"https:\\\/\\\/radioljubuski.ba\\\/index.php\\\/2021\\\/03\\\/24\\\/dodik-zahvalan-sam-kini-na-odluci-da-bih-donira-50-000-doza-cjepiva-turkovic-smijesna\\\/\"},\"author\":{\"name\":\"Radio Ljubu\u0161ki\",\"@id\":\"https:\\\/\\\/radioljubuski.ba\\\/#\\\/schema\\\/person\\\/19fc700381a780f69665d7956c469e3b\"},\"headline\":\"Dodik: Zahvalan sam Kini na odluci da BiH donira 50.000 doza cjepiva, Turkovi\u0107 smije\u0161na\",\"datePublished\":\"2021-03-24T19:00:55+00:00\",\"mainEntityOfPage\":{\"@id\":\"https:\\\/\\\/radioljubuski.ba\\\/index.php\\\/2021\\\/03\\\/24\\\/dodik-zahvalan-sam-kini-na-odluci-da-bih-donira-50-000-doza-cjepiva-turkovic-smijesna\\\/\"},\"wordCount\":363,\"publisher\":{\"@id\":\"https:\\\/\\\/radioljubuski.ba\\\/#organization\"},\"image\":{\"@id\":\"https:\\\/\\\/radioljubuski.ba\\\/index.php\\\/2021\\\/03\\\/24\\\/dodik-zahvalan-sam-kini-na-odluci-da-bih-donira-50-000-doza-cjepiva-turkovic-smijesna\\\/#primaryimage\"},\"thumbnailUrl\":\"https:\\\/\\\/radioljubuski.ba\\\/wp-content\\\/uploads\\\/2021\\\/03\\\/dodik-2-1068x601-1.jpg\",\"articleSection\":[\"BIH i regija\"],\"inLanguage\":\"hr\"},{\"@type\":\"WebPage\",\"@id\":\"https:\\\/\\\/radioljubuski.ba\\\/index.php\\\/2021\\\/03\\\/24\\\/dodik-zahvalan-sam-kini-na-odluci-da-bih-donira-50-000-doza-cjepiva-turkovic-smijesna\\\/\",\"url\":\"https:\\\/\\\/radioljubuski.ba\\\/index.php\\\/2021\\\/03\\\/24\\\/dodik-zahvalan-sam-kini-na-odluci-da-bih-donira-50-000-doza-cjepiva-turkovic-smijesna\\\/\",\"name\":\"Dodik: Zahvalan sam Kini na odluci da BiH donira 50.000 doza cjepiva, Turkovi\u0107 smije\u0161na - RADIO LJUBU\u0160KI\",\"isPartOf\":{\"@id\":\"https:\\\/\\\/radioljubuski.ba\\\/#website\"},\"primaryImageOfPage\":{\"@id\":\"https:\\\/\\\/radioljubuski.ba\\\/index.php\\\/2021\\\/03\\\/24\\\/dodik-zahvalan-sam-kini-na-odluci-da-bih-donira-50-000-doza-cjepiva-turkovic-smijesna\\\/#primaryimage\"},\"image\":{\"@id\":\"https:\\\/\\\/radioljubuski.ba\\\/index.php\\\/2021\\\/03\\\/24\\\/dodik-zahvalan-sam-kini-na-odluci-da-bih-donira-50-000-doza-cjepiva-turkovic-smijesna\\\/#primaryimage\"},\"thumbnailUrl\":\"https:\\\/\\\/radioljubuski.ba\\\/wp-content\\\/uploads\\\/2021\\\/03\\\/dodik-2-1068x601-1.jpg\",\"datePublished\":\"2021-03-24T19:00:55+00:00\",\"breadcrumb\":{\"@id\":\"https:\\\/\\\/radioljubuski.ba\\\/index.php\\\/2021\\\/03\\\/24\\\/dodik-zahvalan-sam-kini-na-odluci-da-bih-donira-50-000-doza-cjepiva-turkovic-smijesna\\\/#breadcrumb\"},\"inLanguage\":\"hr\",\"potentialAction\":[{\"@type\":\"ReadAction\",\"target\":[\"https:\\\/\\\/radioljubuski.ba\\\/index.php\\\/2021\\\/03\\\/24\\\/dodik-zahvalan-sam-kini-na-odluci-da-bih-donira-50-000-doza-cjepiva-turkovic-smijesna\\\/\"]}]},{\"@type\":\"ImageObject\",\"inLanguage\":\"hr\",\"@id\":\"https:\\\/\\\/radioljubuski.ba\\\/index.php\\\/2021\\\/03\\\/24\\\/dodik-zahvalan-sam-kini-na-odluci-da-bih-donira-50-000-doza-cjepiva-turkovic-smijesna\\\/#primaryimage\",\"url\":\"https:\\\/\\\/radioljubuski.ba\\\/wp-content\\\/uploads\\\/2021\\\/03\\\/dodik-2-1068x601-1.jpg\",\"contentUrl\":\"https:\\\/\\\/radioljubuski.ba\\\/wp-content\\\/uploads\\\/2021\\\/03\\\/dodik-2-1068x601-1.jpg\",\"width\":1068,\"height\":601},{\"@type\":\"BreadcrumbList\",\"@id\":\"https:\\\/\\\/radioljubuski.ba\\\/index.php\\\/2021\\\/03\\\/24\\\/dodik-zahvalan-sam-kini-na-odluci-da-bih-donira-50-000-doza-cjepiva-turkovic-smijesna\\\/#breadcrumb\",\"itemListElement\":[{\"@type\":\"ListItem\",\"position\":1,\"name\":\"Po\u010detna stranica\",\"item\":\"https:\\\/\\\/radioljubuski.ba\\\/\"},{\"@type\":\"ListItem\",\"position\":2,\"name\":\"Dodik: Zahvalan sam Kini na odluci da BiH donira 50.000 doza cjepiva, Turkovi\u0107 smije\u0161na\"}]},{\"@type\":\"WebSite\",\"@id\":\"https:\\\/\\\/radioljubuski.ba\\\/#website\",\"url\":\"https:\\\/\\\/radioljubuski.ba\\\/\",\"name\":\"Radio Ljubu\u0161ki\",\"description\":\"Sun\u010dana frekvencija Hercegovine\",\"publisher\":{\"@id\":\"https:\\\/\\\/radioljubuski.ba\\\/#organization\"},\"potentialAction\":[{\"@type\":\"SearchAction\",\"target\":{\"@type\":\"EntryPoint\",\"urlTemplate\":\"https:\\\/\\\/radioljubuski.ba\\\/?s={search_term_string}\"},\"query-input\":{\"@type\":\"PropertyValueSpecification\",\"valueRequired\":true,\"valueName\":\"search_term_string\"}}],\"inLanguage\":\"hr\"},{\"@type\":\"Organization\",\"@id\":\"https:\\\/\\\/radioljubuski.ba\\\/#organization\",\"name\":\"Radio Ljubu\u0161ki\",\"url\":\"https:\\\/\\\/radioljubuski.ba\\\/\",\"logo\":{\"@type\":\"ImageObject\",\"inLanguage\":\"hr\",\"@id\":\"https:\\\/\\\/radioljubuski.ba\\\/#\\\/schema\\\/logo\\\/image\\\/\",\"url\":\"https:\\\/\\\/radioljubuski.ba\\\/wp-content\\\/uploads\\\/2021\\\/02\\\/cropped-Radio_Ljubuski_logo1.jpg\",\"contentUrl\":\"https:\\\/\\\/radioljubuski.ba\\\/wp-content\\\/uploads\\\/2021\\\/02\\\/cropped-Radio_Ljubuski_logo1.jpg\",\"width\":512,\"height\":512,\"caption\":\"Radio Ljubu\u0161ki\"},\"image\":{\"@id\":\"https:\\\/\\\/radioljubuski.ba\\\/#\\\/schema\\\/logo\\\/image\\\/\"},\"sameAs\":[\"https:\\\/\\\/www.facebook.com\\\/Radiio-Ljubuski-1490835324566332\",\"https:\\\/\\\/x.com\\\/radioljubuski\",\"https:\\\/\\\/hr.linkedin.com\\\/company\\\/radio-ljubuski\",\"https:\\\/\\\/www.youtube.com\\\/channel\\\/UCHYaeO_n0Db3tjNGudGpXyw\"]},{\"@type\":\"Person\",\"@id\":\"https:\\\/\\\/radioljubuski.ba\\\/#\\\/schema\\\/person\\\/19fc700381a780f69665d7956c469e3b\",\"name\":\"Radio Ljubu\u0161ki\"}]}<\/script>\n<!-- \/ Yoast SEO plugin. -->","yoast_head_json":{"title":"Dodik: Zahvalan sam Kini na odluci da BiH donira 50.000 doza cjepiva, Turkovi\u0107 smije\u0161na - RADIO LJUBU\u0160KI","robots":{"index":"index","follow":"follow","max-snippet":"max-snippet:-1","max-image-preview":"max-image-preview:large","max-video-preview":"max-video-preview:-1"},"canonical":"https:\/\/radioljubuski.ba\/index.php\/2021\/03\/24\/dodik-zahvalan-sam-kini-na-odluci-da-bih-donira-50-000-doza-cjepiva-turkovic-smijesna\/","og_locale":"hr_HR","og_type":"article","og_title":"Dodik: Zahvalan sam Kini na odluci da BiH donira 50.000 doza cjepiva, Turkovi\u0107 smije\u0161na - RADIO LJUBU\u0160KI","og_description":"Predsjedavaju\u0107i Predsjedni\u0161tva BiH Milorad Dodik izrazio je zahvalnost Vladi Narodne Republike Kine na odluci da donira BiH 50.000 doza cjepiva protiv virusa korona. Dodik je uputio i pismo zahvalnosti predsjedniku Kine Xi Jinpingu na ovoj zna\u010dajnoj donaciji, isti\u010du\u0107i da je Kina i ovim \u010dinom jo\u0161 jednom pokazala veliku solidarnost i nesebi\u010dnost, naro\u010dito prema malim narodima, [&hellip;]","og_url":"https:\/\/radioljubuski.ba\/index.php\/2021\/03\/24\/dodik-zahvalan-sam-kini-na-odluci-da-bih-donira-50-000-doza-cjepiva-turkovic-smijesna\/","og_site_name":"RADIO LJUBU\u0160KI","article_publisher":"https:\/\/www.facebook.com\/Radiio-Ljubuski-1490835324566332","article_published_time":"2021-03-24T19:00:55+00:00","og_image":[{"width":1068,"height":601,"url":"https:\/\/radioljubuski.ba\/wp-content\/uploads\/2021\/03\/dodik-2-1068x601-1.jpg","type":"image\/jpeg"}],"author":"Radio Ljubu\u0161ki","twitter_card":"summary_large_image","twitter_creator":"@radioljubuski","twitter_site":"@radioljubuski","twitter_misc":{"Napisao\/la":"Radio Ljubu\u0161ki","Procijenjeno vrijeme \u010ditanja":"2 minute"},"schema":{"@context":"https:\/\/schema.org","@graph":[{"@type":"Article","@id":"https:\/\/radioljubuski.ba\/index.php\/2021\/03\/24\/dodik-zahvalan-sam-kini-na-odluci-da-bih-donira-50-000-doza-cjepiva-turkovic-smijesna\/#article","isPartOf":{"@id":"https:\/\/radioljubuski.ba\/index.php\/2021\/03\/24\/dodik-zahvalan-sam-kini-na-odluci-da-bih-donira-50-000-doza-cjepiva-turkovic-smijesna\/"},"author":{"name":"Radio Ljubu\u0161ki","@id":"https:\/\/radioljubuski.ba\/#\/schema\/person\/19fc700381a780f69665d7956c469e3b"},"headline":"Dodik: Zahvalan sam Kini na odluci da BiH donira 50.000 doza cjepiva, Turkovi\u0107 smije\u0161na","datePublished":"2021-03-24T19:00:55+00:00","mainEntityOfPage":{"@id":"https:\/\/radioljubuski.ba\/index.php\/2021\/03\/24\/dodik-zahvalan-sam-kini-na-odluci-da-bih-donira-50-000-doza-cjepiva-turkovic-smijesna\/"},"wordCount":363,"publisher":{"@id":"https:\/\/radioljubuski.ba\/#organization"},"image":{"@id":"https:\/\/radioljubuski.ba\/index.php\/2021\/03\/24\/dodik-zahvalan-sam-kini-na-odluci-da-bih-donira-50-000-doza-cjepiva-turkovic-smijesna\/#primaryimage"},"thumbnailUrl":"https:\/\/radioljubuski.ba\/wp-content\/uploads\/2021\/03\/dodik-2-1068x601-1.jpg","articleSection":["BIH i regija"],"inLanguage":"hr"},{"@type":"WebPage","@id":"https:\/\/radioljubuski.ba\/index.php\/2021\/03\/24\/dodik-zahvalan-sam-kini-na-odluci-da-bih-donira-50-000-doza-cjepiva-turkovic-smijesna\/","url":"https:\/\/radioljubuski.ba\/index.php\/2021\/03\/24\/dodik-zahvalan-sam-kini-na-odluci-da-bih-donira-50-000-doza-cjepiva-turkovic-smijesna\/","name":"Dodik: Zahvalan sam Kini na odluci da BiH donira 50.000 doza cjepiva, Turkovi\u0107 smije\u0161na - RADIO LJUBU\u0160KI","isPartOf":{"@id":"https:\/\/radioljubuski.ba\/#website"},"primaryImageOfPage":{"@id":"https:\/\/radioljubuski.ba\/index.php\/2021\/03\/24\/dodik-zahvalan-sam-kini-na-odluci-da-bih-donira-50-000-doza-cjepiva-turkovic-smijesna\/#primaryimage"},"image":{"@id":"https:\/\/radioljubuski.ba\/index.php\/2021\/03\/24\/dodik-zahvalan-sam-kini-na-odluci-da-bih-donira-50-000-doza-cjepiva-turkovic-smijesna\/#primaryimage"},"thumbnailUrl":"https:\/\/radioljubuski.ba\/wp-content\/uploads\/2021\/03\/dodik-2-1068x601-1.jpg","datePublished":"2021-03-24T19:00:55+00:00","breadcrumb":{"@id":"https:\/\/radioljubuski.ba\/index.php\/2021\/03\/24\/dodik-zahvalan-sam-kini-na-odluci-da-bih-donira-50-000-doza-cjepiva-turkovic-smijesna\/#breadcrumb"},"inLanguage":"hr","potentialAction":[{"@type":"ReadAction","target":["https:\/\/radioljubuski.ba\/index.php\/2021\/03\/24\/dodik-zahvalan-sam-kini-na-odluci-da-bih-donira-50-000-doza-cjepiva-turkovic-smijesna\/"]}]},{"@type":"ImageObject","inLanguage":"hr","@id":"https:\/\/radioljubuski.ba\/index.php\/2021\/03\/24\/dodik-zahvalan-sam-kini-na-odluci-da-bih-donira-50-000-doza-cjepiva-turkovic-smijesna\/#primaryimage","url":"https:\/\/radioljubuski.ba\/wp-content\/uploads\/2021\/03\/dodik-2-1068x601-1.jpg","contentUrl":"https:\/\/radioljubuski.ba\/wp-content\/uploads\/2021\/03\/dodik-2-1068x601-1.jpg","width":1068,"height":601},{"@type":"BreadcrumbList","@id":"https:\/\/radioljubuski.ba\/index.php\/2021\/03\/24\/dodik-zahvalan-sam-kini-na-odluci-da-bih-donira-50-000-doza-cjepiva-turkovic-smijesna\/#breadcrumb","itemListElement":[{"@type":"ListItem","position":1,"name":"Po\u010detna stranica","item":"https:\/\/radioljubuski.ba\/"},{"@type":"ListItem","position":2,"name":"Dodik: Zahvalan sam Kini na odluci da BiH donira 50.000 doza cjepiva, Turkovi\u0107 smije\u0161na"}]},{"@type":"WebSite","@id":"https:\/\/radioljubuski.ba\/#website","url":"https:\/\/radioljubuski.ba\/","name":"Radio Ljubu\u0161ki","description":"Sun\u010dana frekvencija Hercegovine","publisher":{"@id":"https:\/\/radioljubuski.ba\/#organization"},"potentialAction":[{"@type":"SearchAction","target":{"@type":"EntryPoint","urlTemplate":"https:\/\/radioljubuski.ba\/?s={search_term_string}"},"query-input":{"@type":"PropertyValueSpecification","valueRequired":true,"valueName":"search_term_string"}}],"inLanguage":"hr"},{"@type":"Organization","@id":"https:\/\/radioljubuski.ba\/#organization","name":"Radio Ljubu\u0161ki","url":"https:\/\/radioljubuski.ba\/","logo":{"@type":"ImageObject","inLanguage":"hr","@id":"https:\/\/radioljubuski.ba\/#\/schema\/logo\/image\/","url":"https:\/\/radioljubuski.ba\/wp-content\/uploads\/2021\/02\/cropped-Radio_Ljubuski_logo1.jpg","contentUrl":"https:\/\/radioljubuski.ba\/wp-content\/uploads\/2021\/02\/cropped-Radio_Ljubuski_logo1.jpg","width":512,"height":512,"caption":"Radio Ljubu\u0161ki"},"image":{"@id":"https:\/\/radioljubuski.ba\/#\/schema\/logo\/image\/"},"sameAs":["https:\/\/www.facebook.com\/Radiio-Ljubuski-1490835324566332","https:\/\/x.com\/radioljubuski","https:\/\/hr.linkedin.com\/company\/radio-ljubuski","https:\/\/www.youtube.com\/channel\/UCHYaeO_n0Db3tjNGudGpXyw"]},{"@type":"Person","@id":"https:\/\/radioljubuski.ba\/#\/schema\/person\/19fc700381a780f69665d7956c469e3b","name":"Radio Ljubu\u0161ki"}]}},"_links":{"self":[{"href":"https:\/\/radioljubuski.ba\/index.php\/wp-json\/wp\/v2\/posts\/6573","targetHints":{"allow":["GET"]}}],"collection":[{"href":"https:\/\/radioljubuski.ba\/index.php\/wp-json\/wp\/v2\/posts"}],"about":[{"href":"https:\/\/radioljubuski.ba\/index.php\/wp-json\/wp\/v2\/types\/post"}],"author":[{"embeddable":true,"href":"https:\/\/radioljubuski.ba\/index.php\/wp-json\/wp\/v2\/users\/2"}],"replies":[{"embeddable":true,"href":"https:\/\/radioljubuski.ba\/index.php\/wp-json\/wp\/v2\/comments?post=6573"}],"version-history":[{"count":1,"href":"https:\/\/radioljubuski.ba\/index.php\/wp-json\/wp\/v2\/posts\/6573\/revisions"}],"predecessor-version":[{"id":6575,"href":"https:\/\/radioljubuski.ba\/index.php\/wp-json\/wp\/v2\/posts\/6573\/revisions\/6575"}],"wp:featuredmedia":[{"embeddable":true,"href":"https:\/\/radioljubuski.ba\/index.php\/wp-json\/wp\/v2\/media\/6574"}],"wp:attachment":[{"href":"https:\/\/radioljubuski.ba\/index.php\/wp-json\/wp\/v2\/media?parent=6573"}],"wp:term":[{"taxonomy":"category","embeddable":true,"href":"https:\/\/radioljubuski.ba\/index.php\/wp-json\/wp\/v2\/categories?post=6573"},{"taxonomy":"post_tag","embeddable":true,"href":"https:\/\/radioljubuski.ba\/index.php\/wp-json\/wp\/v2\/tags?post=6573"}],"curies":[{"name":"wp","href":"https:\/\/api.w.org\/{rel}","templated":true}]}}