{"id":6576,"date":"2021-03-24T20:02:57","date_gmt":"2021-03-24T19:02:57","guid":{"rendered":"https:\/\/radioljubuski.ba\/?p=6576"},"modified":"2021-03-24T20:02:57","modified_gmt":"2021-03-24T19:02:57","slug":"informacije-o-cjepivima-i-cijepljenju-za-stanovnike-bih","status":"publish","type":"post","link":"https:\/\/radioljubuski.ba\/index.php\/2021\/03\/24\/informacije-o-cjepivima-i-cijepljenju-za-stanovnike-bih\/","title":{"rendered":"Informacije o cjepivima i cijepljenju za stanovnike BiH"},"content":{"rendered":"\n<p>Ministarstvo civilnih poslova je u suradnji sa Svjetskom zdravstvenom organizacijom \u2013 ured za BiH priredilo promotivne plakate za stanovnike BiH.<\/p>\n\n\n\n<p>Plakati imaju za cilj podizanje svijesti o zna\u010daju cijepljenja, a ujedno nude i neke temeljne podatke o cjepivima koje stanovnici BiH \u010desto postavljaju, a sa \u017eeljom da saznaju \u0161to vi\u0161e informacija o sadr\u017eaju cjepiva, razlikama me\u0111u cjepivima, posljedicama i drugim temama. Ministarstvo civilnih poslova BiH preporu\u010da da svi kojima se ponudi cjepivo prihvate i prime cjepivo uz va\u017enu napomenu \u201eNe zaboravimo svi imamo pravo na izbor! Izbor je na\u0161!\u201c.<\/p>\n\n\n\n<p>Ovo je po\u010detak kampanje koju \u0107e Ministarstvo nastaviti u narednom razdoblju kako bi odagnali anksioznost, dileme ili naprosto kako bi dobili \u0161to vi\u0161e informacija, svi oni pred kojima se nalazi izazov susreta sa cjepivima protiv Covid 19. Kampanja, tako\u0111er, ima za cilj i da prati dolazak svih cjepiva koja \u0107e biti isporu\u010dena u BiH putem COVAX mehanizma.<\/p>\n\n\n\n<p>Promotivne plakate mo\u017eete preuzeti&nbsp;<a href=\"http:\/\/www.mcp.gov.ba\/data\/Novi%20dokumenti\/Word\/Pages_from_plakat_A3_24.02.2021_H.pdf\">OVDJE<\/a>.<\/p>\n\n\n\n<p>Izvor:pogled.ba<\/p>\n","protected":false},"excerpt":{"rendered":"<p>Ministarstvo civilnih poslova je u suradnji sa Svjetskom zdravstvenom organizacijom \u2013 ured za BiH priredilo promotivne plakate za stanovnike BiH. Plakati imaju za cilj podizanje svijesti o zna\u010daju cijepljenja, a ujedno nude i neke temeljne podatke o cjepivima koje stanovnici BiH \u010desto postavljaju, a sa \u017eeljom da saznaju \u0161to vi\u0161e informacija o sadr\u017eaju cjepiva, razlikama [&hellip;]<\/p>\n","protected":false},"author":2,"featured_media":6577,"comment_status":"closed","ping_status":"closed","sticky":false,"template":"","format":"standard","meta":{"h5ap_radio_sources":[],"footnotes":""},"categories":[1],"tags":[],"class_list":["post-6576","post","type-post","status-publish","format-standard","has-post-thumbnail","hentry","category-bihiregija"],"yoast_head":"<!-- This site is optimized with the Yoast SEO plugin v27.5 - https:\/\/yoast.com\/product\/yoast-seo-wordpress\/ -->\n<title>Informacije o cjepivima i cijepljenju za stanovnike BiH - RADIO LJUBU\u0160KI<\/title>\n<meta name=\"robots\" content=\"index, follow, max-snippet:-1, max-image-preview:large, max-video-preview:-1\" \/>\n<link rel=\"canonical\" href=\"https:\/\/radioljubuski.ba\/index.php\/2021\/03\/24\/informacije-o-cjepivima-i-cijepljenju-za-stanovnike-bih\/\" \/>\n<meta property=\"og:locale\" content=\"hr_HR\" \/>\n<meta property=\"og:type\" content=\"article\" \/>\n<meta property=\"og:title\" content=\"Informacije o cjepivima i cijepljenju za stanovnike BiH - RADIO LJUBU\u0160KI\" \/>\n<meta property=\"og:description\" content=\"Ministarstvo civilnih poslova je u suradnji sa Svjetskom zdravstvenom organizacijom \u2013 ured za BiH priredilo promotivne plakate za stanovnike BiH. Plakati imaju za cilj podizanje svijesti o zna\u010daju cijepljenja, a ujedno nude i neke temeljne podatke o cjepivima koje stanovnici BiH \u010desto postavljaju, a sa \u017eeljom da saznaju \u0161to vi\u0161e informacija o sadr\u017eaju cjepiva, razlikama [&hellip;]\" \/>\n<meta property=\"og:url\" content=\"https:\/\/radioljubuski.ba\/index.php\/2021\/03\/24\/informacije-o-cjepivima-i-cijepljenju-za-stanovnike-bih\/\" \/>\n<meta property=\"og:site_name\" content=\"RADIO LJUBU\u0160KI\" \/>\n<meta property=\"article:publisher\" content=\"https:\/\/www.facebook.com\/Radiio-Ljubuski-1490835324566332\" \/>\n<meta property=\"article:published_time\" content=\"2021-03-24T19:02:57+00:00\" \/>\n<meta property=\"og:image\" content=\"https:\/\/radioljubuski.ba\/wp-content\/uploads\/2021\/03\/7-2021-03-24-19-48-58-mcp23.jpg\" \/>\n\t<meta property=\"og:image:width\" content=\"1000\" \/>\n\t<meta property=\"og:image:height\" content=\"625\" \/>\n\t<meta property=\"og:image:type\" content=\"image\/jpeg\" \/>\n<meta name=\"author\" content=\"Radio Ljubu\u0161ki\" \/>\n<meta name=\"twitter:card\" content=\"summary_large_image\" \/>\n<meta name=\"twitter:creator\" content=\"@radioljubuski\" \/>\n<meta name=\"twitter:site\" content=\"@radioljubuski\" \/>\n<meta name=\"twitter:label1\" content=\"Napisao\/la\" \/>\n\t<meta name=\"twitter:data1\" content=\"Radio Ljubu\u0161ki\" \/>\n\t<meta name=\"twitter:label2\" content=\"Procijenjeno vrijeme \u010ditanja\" \/>\n\t<meta name=\"twitter:data2\" content=\"1 minuta\" \/>\n<script type=\"application\/ld+json\" class=\"yoast-schema-graph\">{\"@context\":\"https:\\\/\\\/schema.org\",\"@graph\":[{\"@type\":\"Article\",\"@id\":\"https:\\\/\\\/radioljubuski.ba\\\/index.php\\\/2021\\\/03\\\/24\\\/informacije-o-cjepivima-i-cijepljenju-za-stanovnike-bih\\\/#article\",\"isPartOf\":{\"@id\":\"https:\\\/\\\/radioljubuski.ba\\\/index.php\\\/2021\\\/03\\\/24\\\/informacije-o-cjepivima-i-cijepljenju-za-stanovnike-bih\\\/\"},\"author\":{\"name\":\"Radio Ljubu\u0161ki\",\"@id\":\"https:\\\/\\\/radioljubuski.ba\\\/#\\\/schema\\\/person\\\/19fc700381a780f69665d7956c469e3b\"},\"headline\":\"Informacije o cjepivima i cijepljenju za stanovnike BiH\",\"datePublished\":\"2021-03-24T19:02:57+00:00\",\"mainEntityOfPage\":{\"@id\":\"https:\\\/\\\/radioljubuski.ba\\\/index.php\\\/2021\\\/03\\\/24\\\/informacije-o-cjepivima-i-cijepljenju-za-stanovnike-bih\\\/\"},\"wordCount\":172,\"publisher\":{\"@id\":\"https:\\\/\\\/radioljubuski.ba\\\/#organization\"},\"image\":{\"@id\":\"https:\\\/\\\/radioljubuski.ba\\\/index.php\\\/2021\\\/03\\\/24\\\/informacije-o-cjepivima-i-cijepljenju-za-stanovnike-bih\\\/#primaryimage\"},\"thumbnailUrl\":\"https:\\\/\\\/radioljubuski.ba\\\/wp-content\\\/uploads\\\/2021\\\/03\\\/7-2021-03-24-19-48-58-mcp23.jpg\",\"articleSection\":[\"BIH i regija\"],\"inLanguage\":\"hr\"},{\"@type\":\"WebPage\",\"@id\":\"https:\\\/\\\/radioljubuski.ba\\\/index.php\\\/2021\\\/03\\\/24\\\/informacije-o-cjepivima-i-cijepljenju-za-stanovnike-bih\\\/\",\"url\":\"https:\\\/\\\/radioljubuski.ba\\\/index.php\\\/2021\\\/03\\\/24\\\/informacije-o-cjepivima-i-cijepljenju-za-stanovnike-bih\\\/\",\"name\":\"Informacije o cjepivima i cijepljenju za stanovnike BiH - RADIO LJUBU\u0160KI\",\"isPartOf\":{\"@id\":\"https:\\\/\\\/radioljubuski.ba\\\/#website\"},\"primaryImageOfPage\":{\"@id\":\"https:\\\/\\\/radioljubuski.ba\\\/index.php\\\/2021\\\/03\\\/24\\\/informacije-o-cjepivima-i-cijepljenju-za-stanovnike-bih\\\/#primaryimage\"},\"image\":{\"@id\":\"https:\\\/\\\/radioljubuski.ba\\\/index.php\\\/2021\\\/03\\\/24\\\/informacije-o-cjepivima-i-cijepljenju-za-stanovnike-bih\\\/#primaryimage\"},\"thumbnailUrl\":\"https:\\\/\\\/radioljubuski.ba\\\/wp-content\\\/uploads\\\/2021\\\/03\\\/7-2021-03-24-19-48-58-mcp23.jpg\",\"datePublished\":\"2021-03-24T19:02:57+00:00\",\"breadcrumb\":{\"@id\":\"https:\\\/\\\/radioljubuski.ba\\\/index.php\\\/2021\\\/03\\\/24\\\/informacije-o-cjepivima-i-cijepljenju-za-stanovnike-bih\\\/#breadcrumb\"},\"inLanguage\":\"hr\",\"potentialAction\":[{\"@type\":\"ReadAction\",\"target\":[\"https:\\\/\\\/radioljubuski.ba\\\/index.php\\\/2021\\\/03\\\/24\\\/informacije-o-cjepivima-i-cijepljenju-za-stanovnike-bih\\\/\"]}]},{\"@type\":\"ImageObject\",\"inLanguage\":\"hr\",\"@id\":\"https:\\\/\\\/radioljubuski.ba\\\/index.php\\\/2021\\\/03\\\/24\\\/informacije-o-cjepivima-i-cijepljenju-za-stanovnike-bih\\\/#primaryimage\",\"url\":\"https:\\\/\\\/radioljubuski.ba\\\/wp-content\\\/uploads\\\/2021\\\/03\\\/7-2021-03-24-19-48-58-mcp23.jpg\",\"contentUrl\":\"https:\\\/\\\/radioljubuski.ba\\\/wp-content\\\/uploads\\\/2021\\\/03\\\/7-2021-03-24-19-48-58-mcp23.jpg\",\"width\":1000,\"height\":625},{\"@type\":\"BreadcrumbList\",\"@id\":\"https:\\\/\\\/radioljubuski.ba\\\/index.php\\\/2021\\\/03\\\/24\\\/informacije-o-cjepivima-i-cijepljenju-za-stanovnike-bih\\\/#breadcrumb\",\"itemListElement\":[{\"@type\":\"ListItem\",\"position\":1,\"name\":\"Po\u010detna stranica\",\"item\":\"https:\\\/\\\/radioljubuski.ba\\\/\"},{\"@type\":\"ListItem\",\"position\":2,\"name\":\"Informacije o cjepivima i cijepljenju za stanovnike BiH\"}]},{\"@type\":\"WebSite\",\"@id\":\"https:\\\/\\\/radioljubuski.ba\\\/#website\",\"url\":\"https:\\\/\\\/radioljubuski.ba\\\/\",\"name\":\"Radio Ljubu\u0161ki\",\"description\":\"Sun\u010dana frekvencija Hercegovine\",\"publisher\":{\"@id\":\"https:\\\/\\\/radioljubuski.ba\\\/#organization\"},\"potentialAction\":[{\"@type\":\"SearchAction\",\"target\":{\"@type\":\"EntryPoint\",\"urlTemplate\":\"https:\\\/\\\/radioljubuski.ba\\\/?s={search_term_string}\"},\"query-input\":{\"@type\":\"PropertyValueSpecification\",\"valueRequired\":true,\"valueName\":\"search_term_string\"}}],\"inLanguage\":\"hr\"},{\"@type\":\"Organization\",\"@id\":\"https:\\\/\\\/radioljubuski.ba\\\/#organization\",\"name\":\"Radio Ljubu\u0161ki\",\"url\":\"https:\\\/\\\/radioljubuski.ba\\\/\",\"logo\":{\"@type\":\"ImageObject\",\"inLanguage\":\"hr\",\"@id\":\"https:\\\/\\\/radioljubuski.ba\\\/#\\\/schema\\\/logo\\\/image\\\/\",\"url\":\"https:\\\/\\\/radioljubuski.ba\\\/wp-content\\\/uploads\\\/2021\\\/02\\\/cropped-Radio_Ljubuski_logo1.jpg\",\"contentUrl\":\"https:\\\/\\\/radioljubuski.ba\\\/wp-content\\\/uploads\\\/2021\\\/02\\\/cropped-Radio_Ljubuski_logo1.jpg\",\"width\":512,\"height\":512,\"caption\":\"Radio Ljubu\u0161ki\"},\"image\":{\"@id\":\"https:\\\/\\\/radioljubuski.ba\\\/#\\\/schema\\\/logo\\\/image\\\/\"},\"sameAs\":[\"https:\\\/\\\/www.facebook.com\\\/Radiio-Ljubuski-1490835324566332\",\"https:\\\/\\\/x.com\\\/radioljubuski\",\"https:\\\/\\\/hr.linkedin.com\\\/company\\\/radio-ljubuski\",\"https:\\\/\\\/www.youtube.com\\\/channel\\\/UCHYaeO_n0Db3tjNGudGpXyw\"]},{\"@type\":\"Person\",\"@id\":\"https:\\\/\\\/radioljubuski.ba\\\/#\\\/schema\\\/person\\\/19fc700381a780f69665d7956c469e3b\",\"name\":\"Radio Ljubu\u0161ki\"}]}<\/script>\n<!-- \/ Yoast SEO plugin. -->","yoast_head_json":{"title":"Informacije o cjepivima i cijepljenju za stanovnike BiH - RADIO LJUBU\u0160KI","robots":{"index":"index","follow":"follow","max-snippet":"max-snippet:-1","max-image-preview":"max-image-preview:large","max-video-preview":"max-video-preview:-1"},"canonical":"https:\/\/radioljubuski.ba\/index.php\/2021\/03\/24\/informacije-o-cjepivima-i-cijepljenju-za-stanovnike-bih\/","og_locale":"hr_HR","og_type":"article","og_title":"Informacije o cjepivima i cijepljenju za stanovnike BiH - RADIO LJUBU\u0160KI","og_description":"Ministarstvo civilnih poslova je u suradnji sa Svjetskom zdravstvenom organizacijom \u2013 ured za BiH priredilo promotivne plakate za stanovnike BiH. Plakati imaju za cilj podizanje svijesti o zna\u010daju cijepljenja, a ujedno nude i neke temeljne podatke o cjepivima koje stanovnici BiH \u010desto postavljaju, a sa \u017eeljom da saznaju \u0161to vi\u0161e informacija o sadr\u017eaju cjepiva, razlikama [&hellip;]","og_url":"https:\/\/radioljubuski.ba\/index.php\/2021\/03\/24\/informacije-o-cjepivima-i-cijepljenju-za-stanovnike-bih\/","og_site_name":"RADIO LJUBU\u0160KI","article_publisher":"https:\/\/www.facebook.com\/Radiio-Ljubuski-1490835324566332","article_published_time":"2021-03-24T19:02:57+00:00","og_image":[{"width":1000,"height":625,"url":"https:\/\/radioljubuski.ba\/wp-content\/uploads\/2021\/03\/7-2021-03-24-19-48-58-mcp23.jpg","type":"image\/jpeg"}],"author":"Radio Ljubu\u0161ki","twitter_card":"summary_large_image","twitter_creator":"@radioljubuski","twitter_site":"@radioljubuski","twitter_misc":{"Napisao\/la":"Radio Ljubu\u0161ki","Procijenjeno vrijeme \u010ditanja":"1 minuta"},"schema":{"@context":"https:\/\/schema.org","@graph":[{"@type":"Article","@id":"https:\/\/radioljubuski.ba\/index.php\/2021\/03\/24\/informacije-o-cjepivima-i-cijepljenju-za-stanovnike-bih\/#article","isPartOf":{"@id":"https:\/\/radioljubuski.ba\/index.php\/2021\/03\/24\/informacije-o-cjepivima-i-cijepljenju-za-stanovnike-bih\/"},"author":{"name":"Radio Ljubu\u0161ki","@id":"https:\/\/radioljubuski.ba\/#\/schema\/person\/19fc700381a780f69665d7956c469e3b"},"headline":"Informacije o cjepivima i cijepljenju za stanovnike BiH","datePublished":"2021-03-24T19:02:57+00:00","mainEntityOfPage":{"@id":"https:\/\/radioljubuski.ba\/index.php\/2021\/03\/24\/informacije-o-cjepivima-i-cijepljenju-za-stanovnike-bih\/"},"wordCount":172,"publisher":{"@id":"https:\/\/radioljubuski.ba\/#organization"},"image":{"@id":"https:\/\/radioljubuski.ba\/index.php\/2021\/03\/24\/informacije-o-cjepivima-i-cijepljenju-za-stanovnike-bih\/#primaryimage"},"thumbnailUrl":"https:\/\/radioljubuski.ba\/wp-content\/uploads\/2021\/03\/7-2021-03-24-19-48-58-mcp23.jpg","articleSection":["BIH i regija"],"inLanguage":"hr"},{"@type":"WebPage","@id":"https:\/\/radioljubuski.ba\/index.php\/2021\/03\/24\/informacije-o-cjepivima-i-cijepljenju-za-stanovnike-bih\/","url":"https:\/\/radioljubuski.ba\/index.php\/2021\/03\/24\/informacije-o-cjepivima-i-cijepljenju-za-stanovnike-bih\/","name":"Informacije o cjepivima i cijepljenju za stanovnike BiH - RADIO LJUBU\u0160KI","isPartOf":{"@id":"https:\/\/radioljubuski.ba\/#website"},"primaryImageOfPage":{"@id":"https:\/\/radioljubuski.ba\/index.php\/2021\/03\/24\/informacije-o-cjepivima-i-cijepljenju-za-stanovnike-bih\/#primaryimage"},"image":{"@id":"https:\/\/radioljubuski.ba\/index.php\/2021\/03\/24\/informacije-o-cjepivima-i-cijepljenju-za-stanovnike-bih\/#primaryimage"},"thumbnailUrl":"https:\/\/radioljubuski.ba\/wp-content\/uploads\/2021\/03\/7-2021-03-24-19-48-58-mcp23.jpg","datePublished":"2021-03-24T19:02:57+00:00","breadcrumb":{"@id":"https:\/\/radioljubuski.ba\/index.php\/2021\/03\/24\/informacije-o-cjepivima-i-cijepljenju-za-stanovnike-bih\/#breadcrumb"},"inLanguage":"hr","potentialAction":[{"@type":"ReadAction","target":["https:\/\/radioljubuski.ba\/index.php\/2021\/03\/24\/informacije-o-cjepivima-i-cijepljenju-za-stanovnike-bih\/"]}]},{"@type":"ImageObject","inLanguage":"hr","@id":"https:\/\/radioljubuski.ba\/index.php\/2021\/03\/24\/informacije-o-cjepivima-i-cijepljenju-za-stanovnike-bih\/#primaryimage","url":"https:\/\/radioljubuski.ba\/wp-content\/uploads\/2021\/03\/7-2021-03-24-19-48-58-mcp23.jpg","contentUrl":"https:\/\/radioljubuski.ba\/wp-content\/uploads\/2021\/03\/7-2021-03-24-19-48-58-mcp23.jpg","width":1000,"height":625},{"@type":"BreadcrumbList","@id":"https:\/\/radioljubuski.ba\/index.php\/2021\/03\/24\/informacije-o-cjepivima-i-cijepljenju-za-stanovnike-bih\/#breadcrumb","itemListElement":[{"@type":"ListItem","position":1,"name":"Po\u010detna stranica","item":"https:\/\/radioljubuski.ba\/"},{"@type":"ListItem","position":2,"name":"Informacije o cjepivima i cijepljenju za stanovnike BiH"}]},{"@type":"WebSite","@id":"https:\/\/radioljubuski.ba\/#website","url":"https:\/\/radioljubuski.ba\/","name":"Radio Ljubu\u0161ki","description":"Sun\u010dana frekvencija Hercegovine","publisher":{"@id":"https:\/\/radioljubuski.ba\/#organization"},"potentialAction":[{"@type":"SearchAction","target":{"@type":"EntryPoint","urlTemplate":"https:\/\/radioljubuski.ba\/?s={search_term_string}"},"query-input":{"@type":"PropertyValueSpecification","valueRequired":true,"valueName":"search_term_string"}}],"inLanguage":"hr"},{"@type":"Organization","@id":"https:\/\/radioljubuski.ba\/#organization","name":"Radio Ljubu\u0161ki","url":"https:\/\/radioljubuski.ba\/","logo":{"@type":"ImageObject","inLanguage":"hr","@id":"https:\/\/radioljubuski.ba\/#\/schema\/logo\/image\/","url":"https:\/\/radioljubuski.ba\/wp-content\/uploads\/2021\/02\/cropped-Radio_Ljubuski_logo1.jpg","contentUrl":"https:\/\/radioljubuski.ba\/wp-content\/uploads\/2021\/02\/cropped-Radio_Ljubuski_logo1.jpg","width":512,"height":512,"caption":"Radio Ljubu\u0161ki"},"image":{"@id":"https:\/\/radioljubuski.ba\/#\/schema\/logo\/image\/"},"sameAs":["https:\/\/www.facebook.com\/Radiio-Ljubuski-1490835324566332","https:\/\/x.com\/radioljubuski","https:\/\/hr.linkedin.com\/company\/radio-ljubuski","https:\/\/www.youtube.com\/channel\/UCHYaeO_n0Db3tjNGudGpXyw"]},{"@type":"Person","@id":"https:\/\/radioljubuski.ba\/#\/schema\/person\/19fc700381a780f69665d7956c469e3b","name":"Radio Ljubu\u0161ki"}]}},"_links":{"self":[{"href":"https:\/\/radioljubuski.ba\/index.php\/wp-json\/wp\/v2\/posts\/6576","targetHints":{"allow":["GET"]}}],"collection":[{"href":"https:\/\/radioljubuski.ba\/index.php\/wp-json\/wp\/v2\/posts"}],"about":[{"href":"https:\/\/radioljubuski.ba\/index.php\/wp-json\/wp\/v2\/types\/post"}],"author":[{"embeddable":true,"href":"https:\/\/radioljubuski.ba\/index.php\/wp-json\/wp\/v2\/users\/2"}],"replies":[{"embeddable":true,"href":"https:\/\/radioljubuski.ba\/index.php\/wp-json\/wp\/v2\/comments?post=6576"}],"version-history":[{"count":1,"href":"https:\/\/radioljubuski.ba\/index.php\/wp-json\/wp\/v2\/posts\/6576\/revisions"}],"predecessor-version":[{"id":6578,"href":"https:\/\/radioljubuski.ba\/index.php\/wp-json\/wp\/v2\/posts\/6576\/revisions\/6578"}],"wp:featuredmedia":[{"embeddable":true,"href":"https:\/\/radioljubuski.ba\/index.php\/wp-json\/wp\/v2\/media\/6577"}],"wp:attachment":[{"href":"https:\/\/radioljubuski.ba\/index.php\/wp-json\/wp\/v2\/media?parent=6576"}],"wp:term":[{"taxonomy":"category","embeddable":true,"href":"https:\/\/radioljubuski.ba\/index.php\/wp-json\/wp\/v2\/categories?post=6576"},{"taxonomy":"post_tag","embeddable":true,"href":"https:\/\/radioljubuski.ba\/index.php\/wp-json\/wp\/v2\/tags?post=6576"}],"curies":[{"name":"wp","href":"https:\/\/api.w.org\/{rel}","templated":true}]}}