{"id":661,"date":"2021-03-02T01:14:20","date_gmt":"2021-03-02T01:14:20","guid":{"rendered":"https:\/\/radioljubuski.ba\/?p=661"},"modified":"2021-03-02T01:14:21","modified_gmt":"2021-03-02T01:14:21","slug":"nove-hrvatske-rijeci-hoce-li-lockdown-postati-drustvostaj-ili-mozda-obustavka","status":"publish","type":"post","link":"https:\/\/radioljubuski.ba\/index.php\/2021\/03\/02\/nove-hrvatske-rijeci-hoce-li-lockdown-postati-drustvostaj-ili-mozda-obustavka\/","title":{"rendered":"Nove hrvatske rije\u010di: Ho\u0107e li lockdown postati dru\u0161tvostaj ili mo\u017eda obustavka"},"content":{"rendered":"\n<p><strong>\u010casopis &#8220;Jezik&#8221; i Zaklada &#8220;Dr. Ivan \u0160reter&#8221; objavili su 19 rije\u010di koje su u\u0161le u u\u017ei izbor natje\u010daja za najbolju novu hrvatsku rije\u010d i Nagradu &#8220;Dr. Ivan \u0160reter&#8221; za 2020., a tri \u0107e rije\u010di uskoro biti progla\u0161ene najboljima.<\/strong><\/p>\n\n\n\n<p>Od 19 rije\u010di \u010dak osam njih poku\u0161ava zamijeniti tu\u0111ice koje su povezane uz epidemiju COVID-a.<br><br>Za rije\u010d pandemija predlo\u017eena je velepo\u0161ast, za komorbiditet subolest, za respirator di\u0161nik ili disajnik, a za lockdown dru\u0161tvostaj ili obustavka. Rije\u010d hihobran predlo\u017eena je za sneez protector, stakloplasti\u010dno pomagalo koje \u0161titi od kihanja i ostalih kaplji\u010dnih napada, a za samoizolaciju samoosama.<br><br>Za newsletter predlo\u017een je novosnik, za regenerator obnovnik, za solarnu plo\u010du suncozor, za osobu koja govori znakovnim jezikom za osobe o\u0161te\u0107ena sluha rije\u010d rukozborac, za screenshotati preklikati, za tabu zabranjenica, a za korektor prebrisa\u010d ili prebrisnik.<br><br>Umjesto etuija za kartice predlo\u017eena je nova rije\u010d karti\u010dnik, a rije\u010d \u0161ekspiriti za nekoga tko se na razmetljiv i neopravdan na\u010din pravi\/prikazuje velikim piscem, tj. kad se netko neutemeljeno busa da je ravan \u010dak i Williamu Shakespeareu.<br><br>Na natje\u010daj za najbolju novu hrvatsku rije\u010d pristigle su 244 rije\u010di od 166 predlagatelja.<br><br>Rije\u010di je prikupljala i rje\u010dnik novih rije\u010di izradila Ljubica Josi\u0107, tajnica \u010dasopisa &#8220;Jezik&#8221;. Povjerenstvo za izbor nove rije\u010di \u010dine: predsjednica Sanda Ham, \u010dlanovi Nata\u0161a Ba\u0161i\u0107, Mario Gr\u010devi\u0107, Mile Mami\u0107, Dubravka Smaji\u0107, Hrvoje Hitrec, Zvonimir Jakobovi\u0107 i Igor \u010cati\u0107.<br><br>Povjerenstvo je izabralo tri najbolje nove rije\u010di, a rezultati \u0107e biti objavljeni i protuma\u010deni u 2. broju \u010dasopisa &#8220;Jezik&#8221;. Za Dane hrvatskoga jezika, sredinom o\u017eujka, bit \u0107e priop\u0107eni u medijima.<br><br>Javna i sve\u010dana dodjela nagrada najuspje\u0161nijim tvorbenjacima odr\u017eavala se uobi\u010dajeno u Pakracu ili Lipiku, a na njoj je bilo pedesetak uzvanika. Ove godine, na\u017ealost, javne dodjele ne\u0107e biti zbog epidemije.<br><br>Najuspje\u0161nijim tvorbenjacima pripast \u0107e diplome i nov\u010dane nagrade. Nagrade \u0107e biti malo manje nego prija\u0161njih godina &#8211; 4000 kuna za prvu najbolju rije\u010d, 2000 za drugu i 1000 za tre\u0107u rije\u010d. Posljedice pandemije pogodile su sve, pa tako i darovatelje nagrada, priop\u0107eno je u ponedjeljak iz Odnosa s javno\u0161\u0107u Zaklade &#8220;Dr. Ivan \u0160reter&#8221; i \u010dasopisa &#8220;Jezik&#8221;.<\/p>\n\n\n\n<p>Izvor:hrt.hr<\/p>\n","protected":false},"excerpt":{"rendered":"<p>\u010casopis &#8220;Jezik&#8221; i Zaklada &#8220;Dr. Ivan \u0160reter&#8221; objavili su 19 rije\u010di koje su u\u0161le u u\u017ei izbor natje\u010daja za najbolju novu hrvatsku rije\u010d i Nagradu &#8220;Dr. Ivan \u0160reter&#8221; za 2020., a tri \u0107e rije\u010di uskoro biti progla\u0161ene najboljima. Od 19 rije\u010di \u010dak osam njih poku\u0161ava zamijeniti tu\u0111ice koje su povezane uz epidemiju COVID-a. Za rije\u010d [&hellip;]<\/p>\n","protected":false},"author":2,"featured_media":662,"comment_status":"closed","ping_status":"closed","sticky":false,"template":"","format":"standard","meta":{"h5ap_radio_sources":[],"footnotes":""},"categories":[1],"tags":[],"class_list":["post-661","post","type-post","status-publish","format-standard","has-post-thumbnail","hentry","category-bihiregija"],"yoast_head":"<!-- This site is optimized with the Yoast SEO plugin v27.5 - https:\/\/yoast.com\/product\/yoast-seo-wordpress\/ -->\n<title>Nove hrvatske rije\u010di: Ho\u0107e li lockdown postati dru\u0161tvostaj ili mo\u017eda obustavka - RADIO LJUBU\u0160KI<\/title>\n<meta name=\"robots\" content=\"index, follow, max-snippet:-1, max-image-preview:large, max-video-preview:-1\" \/>\n<link rel=\"canonical\" href=\"https:\/\/radioljubuski.ba\/index.php\/2021\/03\/02\/nove-hrvatske-rijeci-hoce-li-lockdown-postati-drustvostaj-ili-mozda-obustavka\/\" \/>\n<meta property=\"og:locale\" content=\"hr_HR\" \/>\n<meta property=\"og:type\" content=\"article\" \/>\n<meta property=\"og:title\" content=\"Nove hrvatske rije\u010di: Ho\u0107e li lockdown postati dru\u0161tvostaj ili mo\u017eda obustavka - RADIO LJUBU\u0160KI\" \/>\n<meta property=\"og:description\" content=\"\u010casopis &#8220;Jezik&#8221; i Zaklada &#8220;Dr. Ivan \u0160reter&#8221; objavili su 19 rije\u010di koje su u\u0161le u u\u017ei izbor natje\u010daja za najbolju novu hrvatsku rije\u010d i Nagradu &#8220;Dr. Ivan \u0160reter&#8221; za 2020., a tri \u0107e rije\u010di uskoro biti progla\u0161ene najboljima. Od 19 rije\u010di \u010dak osam njih poku\u0161ava zamijeniti tu\u0111ice koje su povezane uz epidemiju COVID-a. Za rije\u010d [&hellip;]\" \/>\n<meta property=\"og:url\" content=\"https:\/\/radioljubuski.ba\/index.php\/2021\/03\/02\/nove-hrvatske-rijeci-hoce-li-lockdown-postati-drustvostaj-ili-mozda-obustavka\/\" \/>\n<meta property=\"og:site_name\" content=\"RADIO LJUBU\u0160KI\" \/>\n<meta property=\"article:publisher\" content=\"https:\/\/www.facebook.com\/Radiio-Ljubuski-1490835324566332\" \/>\n<meta property=\"article:published_time\" content=\"2021-03-02T01:14:20+00:00\" \/>\n<meta property=\"article:modified_time\" content=\"2021-03-02T01:14:21+00:00\" \/>\n<meta property=\"og:image\" content=\"https:\/\/radioljubuski.ba\/wp-content\/uploads\/2021\/03\/reading-925589-960-720-20210301114807.jpg\" \/>\n\t<meta property=\"og:image:width\" content=\"960\" \/>\n\t<meta property=\"og:image:height\" content=\"640\" \/>\n\t<meta property=\"og:image:type\" content=\"image\/jpeg\" \/>\n<meta name=\"author\" content=\"Radio Ljubu\u0161ki\" \/>\n<meta name=\"twitter:card\" content=\"summary_large_image\" \/>\n<meta name=\"twitter:creator\" content=\"@radioljubuski\" \/>\n<meta name=\"twitter:site\" content=\"@radioljubuski\" \/>\n<meta name=\"twitter:label1\" content=\"Napisao\/la\" \/>\n\t<meta name=\"twitter:data1\" content=\"Radio Ljubu\u0161ki\" \/>\n\t<meta name=\"twitter:label2\" content=\"Procijenjeno vrijeme \u010ditanja\" \/>\n\t<meta name=\"twitter:data2\" content=\"2 minute\" \/>\n<script type=\"application\/ld+json\" class=\"yoast-schema-graph\">{\"@context\":\"https:\\\/\\\/schema.org\",\"@graph\":[{\"@type\":\"Article\",\"@id\":\"https:\\\/\\\/radioljubuski.ba\\\/index.php\\\/2021\\\/03\\\/02\\\/nove-hrvatske-rijeci-hoce-li-lockdown-postati-drustvostaj-ili-mozda-obustavka\\\/#article\",\"isPartOf\":{\"@id\":\"https:\\\/\\\/radioljubuski.ba\\\/index.php\\\/2021\\\/03\\\/02\\\/nove-hrvatske-rijeci-hoce-li-lockdown-postati-drustvostaj-ili-mozda-obustavka\\\/\"},\"author\":{\"name\":\"Radio Ljubu\u0161ki\",\"@id\":\"https:\\\/\\\/radioljubuski.ba\\\/#\\\/schema\\\/person\\\/19fc700381a780f69665d7956c469e3b\"},\"headline\":\"Nove hrvatske rije\u010di: Ho\u0107e li lockdown postati dru\u0161tvostaj ili mo\u017eda obustavka\",\"datePublished\":\"2021-03-02T01:14:20+00:00\",\"dateModified\":\"2021-03-02T01:14:21+00:00\",\"mainEntityOfPage\":{\"@id\":\"https:\\\/\\\/radioljubuski.ba\\\/index.php\\\/2021\\\/03\\\/02\\\/nove-hrvatske-rijeci-hoce-li-lockdown-postati-drustvostaj-ili-mozda-obustavka\\\/\"},\"wordCount\":393,\"publisher\":{\"@id\":\"https:\\\/\\\/radioljubuski.ba\\\/#organization\"},\"image\":{\"@id\":\"https:\\\/\\\/radioljubuski.ba\\\/index.php\\\/2021\\\/03\\\/02\\\/nove-hrvatske-rijeci-hoce-li-lockdown-postati-drustvostaj-ili-mozda-obustavka\\\/#primaryimage\"},\"thumbnailUrl\":\"https:\\\/\\\/radioljubuski.ba\\\/wp-content\\\/uploads\\\/2021\\\/03\\\/reading-925589-960-720-20210301114807.jpg\",\"articleSection\":[\"BIH i regija\"],\"inLanguage\":\"hr\"},{\"@type\":\"WebPage\",\"@id\":\"https:\\\/\\\/radioljubuski.ba\\\/index.php\\\/2021\\\/03\\\/02\\\/nove-hrvatske-rijeci-hoce-li-lockdown-postati-drustvostaj-ili-mozda-obustavka\\\/\",\"url\":\"https:\\\/\\\/radioljubuski.ba\\\/index.php\\\/2021\\\/03\\\/02\\\/nove-hrvatske-rijeci-hoce-li-lockdown-postati-drustvostaj-ili-mozda-obustavka\\\/\",\"name\":\"Nove hrvatske rije\u010di: Ho\u0107e li lockdown postati dru\u0161tvostaj ili mo\u017eda obustavka - RADIO LJUBU\u0160KI\",\"isPartOf\":{\"@id\":\"https:\\\/\\\/radioljubuski.ba\\\/#website\"},\"primaryImageOfPage\":{\"@id\":\"https:\\\/\\\/radioljubuski.ba\\\/index.php\\\/2021\\\/03\\\/02\\\/nove-hrvatske-rijeci-hoce-li-lockdown-postati-drustvostaj-ili-mozda-obustavka\\\/#primaryimage\"},\"image\":{\"@id\":\"https:\\\/\\\/radioljubuski.ba\\\/index.php\\\/2021\\\/03\\\/02\\\/nove-hrvatske-rijeci-hoce-li-lockdown-postati-drustvostaj-ili-mozda-obustavka\\\/#primaryimage\"},\"thumbnailUrl\":\"https:\\\/\\\/radioljubuski.ba\\\/wp-content\\\/uploads\\\/2021\\\/03\\\/reading-925589-960-720-20210301114807.jpg\",\"datePublished\":\"2021-03-02T01:14:20+00:00\",\"dateModified\":\"2021-03-02T01:14:21+00:00\",\"breadcrumb\":{\"@id\":\"https:\\\/\\\/radioljubuski.ba\\\/index.php\\\/2021\\\/03\\\/02\\\/nove-hrvatske-rijeci-hoce-li-lockdown-postati-drustvostaj-ili-mozda-obustavka\\\/#breadcrumb\"},\"inLanguage\":\"hr\",\"potentialAction\":[{\"@type\":\"ReadAction\",\"target\":[\"https:\\\/\\\/radioljubuski.ba\\\/index.php\\\/2021\\\/03\\\/02\\\/nove-hrvatske-rijeci-hoce-li-lockdown-postati-drustvostaj-ili-mozda-obustavka\\\/\"]}]},{\"@type\":\"ImageObject\",\"inLanguage\":\"hr\",\"@id\":\"https:\\\/\\\/radioljubuski.ba\\\/index.php\\\/2021\\\/03\\\/02\\\/nove-hrvatske-rijeci-hoce-li-lockdown-postati-drustvostaj-ili-mozda-obustavka\\\/#primaryimage\",\"url\":\"https:\\\/\\\/radioljubuski.ba\\\/wp-content\\\/uploads\\\/2021\\\/03\\\/reading-925589-960-720-20210301114807.jpg\",\"contentUrl\":\"https:\\\/\\\/radioljubuski.ba\\\/wp-content\\\/uploads\\\/2021\\\/03\\\/reading-925589-960-720-20210301114807.jpg\",\"width\":960,\"height\":640},{\"@type\":\"BreadcrumbList\",\"@id\":\"https:\\\/\\\/radioljubuski.ba\\\/index.php\\\/2021\\\/03\\\/02\\\/nove-hrvatske-rijeci-hoce-li-lockdown-postati-drustvostaj-ili-mozda-obustavka\\\/#breadcrumb\",\"itemListElement\":[{\"@type\":\"ListItem\",\"position\":1,\"name\":\"Po\u010detna stranica\",\"item\":\"https:\\\/\\\/radioljubuski.ba\\\/\"},{\"@type\":\"ListItem\",\"position\":2,\"name\":\"Nove hrvatske rije\u010di: Ho\u0107e li lockdown postati dru\u0161tvostaj ili mo\u017eda obustavka\"}]},{\"@type\":\"WebSite\",\"@id\":\"https:\\\/\\\/radioljubuski.ba\\\/#website\",\"url\":\"https:\\\/\\\/radioljubuski.ba\\\/\",\"name\":\"Radio Ljubu\u0161ki\",\"description\":\"Sun\u010dana frekvencija Hercegovine\",\"publisher\":{\"@id\":\"https:\\\/\\\/radioljubuski.ba\\\/#organization\"},\"potentialAction\":[{\"@type\":\"SearchAction\",\"target\":{\"@type\":\"EntryPoint\",\"urlTemplate\":\"https:\\\/\\\/radioljubuski.ba\\\/?s={search_term_string}\"},\"query-input\":{\"@type\":\"PropertyValueSpecification\",\"valueRequired\":true,\"valueName\":\"search_term_string\"}}],\"inLanguage\":\"hr\"},{\"@type\":\"Organization\",\"@id\":\"https:\\\/\\\/radioljubuski.ba\\\/#organization\",\"name\":\"Radio Ljubu\u0161ki\",\"url\":\"https:\\\/\\\/radioljubuski.ba\\\/\",\"logo\":{\"@type\":\"ImageObject\",\"inLanguage\":\"hr\",\"@id\":\"https:\\\/\\\/radioljubuski.ba\\\/#\\\/schema\\\/logo\\\/image\\\/\",\"url\":\"https:\\\/\\\/radioljubuski.ba\\\/wp-content\\\/uploads\\\/2021\\\/02\\\/cropped-Radio_Ljubuski_logo1.jpg\",\"contentUrl\":\"https:\\\/\\\/radioljubuski.ba\\\/wp-content\\\/uploads\\\/2021\\\/02\\\/cropped-Radio_Ljubuski_logo1.jpg\",\"width\":512,\"height\":512,\"caption\":\"Radio Ljubu\u0161ki\"},\"image\":{\"@id\":\"https:\\\/\\\/radioljubuski.ba\\\/#\\\/schema\\\/logo\\\/image\\\/\"},\"sameAs\":[\"https:\\\/\\\/www.facebook.com\\\/Radiio-Ljubuski-1490835324566332\",\"https:\\\/\\\/x.com\\\/radioljubuski\",\"https:\\\/\\\/hr.linkedin.com\\\/company\\\/radio-ljubuski\",\"https:\\\/\\\/www.youtube.com\\\/channel\\\/UCHYaeO_n0Db3tjNGudGpXyw\"]},{\"@type\":\"Person\",\"@id\":\"https:\\\/\\\/radioljubuski.ba\\\/#\\\/schema\\\/person\\\/19fc700381a780f69665d7956c469e3b\",\"name\":\"Radio Ljubu\u0161ki\"}]}<\/script>\n<!-- \/ Yoast SEO plugin. -->","yoast_head_json":{"title":"Nove hrvatske rije\u010di: Ho\u0107e li lockdown postati dru\u0161tvostaj ili mo\u017eda obustavka - RADIO LJUBU\u0160KI","robots":{"index":"index","follow":"follow","max-snippet":"max-snippet:-1","max-image-preview":"max-image-preview:large","max-video-preview":"max-video-preview:-1"},"canonical":"https:\/\/radioljubuski.ba\/index.php\/2021\/03\/02\/nove-hrvatske-rijeci-hoce-li-lockdown-postati-drustvostaj-ili-mozda-obustavka\/","og_locale":"hr_HR","og_type":"article","og_title":"Nove hrvatske rije\u010di: Ho\u0107e li lockdown postati dru\u0161tvostaj ili mo\u017eda obustavka - RADIO LJUBU\u0160KI","og_description":"\u010casopis &#8220;Jezik&#8221; i Zaklada &#8220;Dr. Ivan \u0160reter&#8221; objavili su 19 rije\u010di koje su u\u0161le u u\u017ei izbor natje\u010daja za najbolju novu hrvatsku rije\u010d i Nagradu &#8220;Dr. Ivan \u0160reter&#8221; za 2020., a tri \u0107e rije\u010di uskoro biti progla\u0161ene najboljima. Od 19 rije\u010di \u010dak osam njih poku\u0161ava zamijeniti tu\u0111ice koje su povezane uz epidemiju COVID-a. Za rije\u010d [&hellip;]","og_url":"https:\/\/radioljubuski.ba\/index.php\/2021\/03\/02\/nove-hrvatske-rijeci-hoce-li-lockdown-postati-drustvostaj-ili-mozda-obustavka\/","og_site_name":"RADIO LJUBU\u0160KI","article_publisher":"https:\/\/www.facebook.com\/Radiio-Ljubuski-1490835324566332","article_published_time":"2021-03-02T01:14:20+00:00","article_modified_time":"2021-03-02T01:14:21+00:00","og_image":[{"width":960,"height":640,"url":"https:\/\/radioljubuski.ba\/wp-content\/uploads\/2021\/03\/reading-925589-960-720-20210301114807.jpg","type":"image\/jpeg"}],"author":"Radio Ljubu\u0161ki","twitter_card":"summary_large_image","twitter_creator":"@radioljubuski","twitter_site":"@radioljubuski","twitter_misc":{"Napisao\/la":"Radio Ljubu\u0161ki","Procijenjeno vrijeme \u010ditanja":"2 minute"},"schema":{"@context":"https:\/\/schema.org","@graph":[{"@type":"Article","@id":"https:\/\/radioljubuski.ba\/index.php\/2021\/03\/02\/nove-hrvatske-rijeci-hoce-li-lockdown-postati-drustvostaj-ili-mozda-obustavka\/#article","isPartOf":{"@id":"https:\/\/radioljubuski.ba\/index.php\/2021\/03\/02\/nove-hrvatske-rijeci-hoce-li-lockdown-postati-drustvostaj-ili-mozda-obustavka\/"},"author":{"name":"Radio Ljubu\u0161ki","@id":"https:\/\/radioljubuski.ba\/#\/schema\/person\/19fc700381a780f69665d7956c469e3b"},"headline":"Nove hrvatske rije\u010di: Ho\u0107e li lockdown postati dru\u0161tvostaj ili mo\u017eda obustavka","datePublished":"2021-03-02T01:14:20+00:00","dateModified":"2021-03-02T01:14:21+00:00","mainEntityOfPage":{"@id":"https:\/\/radioljubuski.ba\/index.php\/2021\/03\/02\/nove-hrvatske-rijeci-hoce-li-lockdown-postati-drustvostaj-ili-mozda-obustavka\/"},"wordCount":393,"publisher":{"@id":"https:\/\/radioljubuski.ba\/#organization"},"image":{"@id":"https:\/\/radioljubuski.ba\/index.php\/2021\/03\/02\/nove-hrvatske-rijeci-hoce-li-lockdown-postati-drustvostaj-ili-mozda-obustavka\/#primaryimage"},"thumbnailUrl":"https:\/\/radioljubuski.ba\/wp-content\/uploads\/2021\/03\/reading-925589-960-720-20210301114807.jpg","articleSection":["BIH i regija"],"inLanguage":"hr"},{"@type":"WebPage","@id":"https:\/\/radioljubuski.ba\/index.php\/2021\/03\/02\/nove-hrvatske-rijeci-hoce-li-lockdown-postati-drustvostaj-ili-mozda-obustavka\/","url":"https:\/\/radioljubuski.ba\/index.php\/2021\/03\/02\/nove-hrvatske-rijeci-hoce-li-lockdown-postati-drustvostaj-ili-mozda-obustavka\/","name":"Nove hrvatske rije\u010di: Ho\u0107e li lockdown postati dru\u0161tvostaj ili mo\u017eda obustavka - RADIO LJUBU\u0160KI","isPartOf":{"@id":"https:\/\/radioljubuski.ba\/#website"},"primaryImageOfPage":{"@id":"https:\/\/radioljubuski.ba\/index.php\/2021\/03\/02\/nove-hrvatske-rijeci-hoce-li-lockdown-postati-drustvostaj-ili-mozda-obustavka\/#primaryimage"},"image":{"@id":"https:\/\/radioljubuski.ba\/index.php\/2021\/03\/02\/nove-hrvatske-rijeci-hoce-li-lockdown-postati-drustvostaj-ili-mozda-obustavka\/#primaryimage"},"thumbnailUrl":"https:\/\/radioljubuski.ba\/wp-content\/uploads\/2021\/03\/reading-925589-960-720-20210301114807.jpg","datePublished":"2021-03-02T01:14:20+00:00","dateModified":"2021-03-02T01:14:21+00:00","breadcrumb":{"@id":"https:\/\/radioljubuski.ba\/index.php\/2021\/03\/02\/nove-hrvatske-rijeci-hoce-li-lockdown-postati-drustvostaj-ili-mozda-obustavka\/#breadcrumb"},"inLanguage":"hr","potentialAction":[{"@type":"ReadAction","target":["https:\/\/radioljubuski.ba\/index.php\/2021\/03\/02\/nove-hrvatske-rijeci-hoce-li-lockdown-postati-drustvostaj-ili-mozda-obustavka\/"]}]},{"@type":"ImageObject","inLanguage":"hr","@id":"https:\/\/radioljubuski.ba\/index.php\/2021\/03\/02\/nove-hrvatske-rijeci-hoce-li-lockdown-postati-drustvostaj-ili-mozda-obustavka\/#primaryimage","url":"https:\/\/radioljubuski.ba\/wp-content\/uploads\/2021\/03\/reading-925589-960-720-20210301114807.jpg","contentUrl":"https:\/\/radioljubuski.ba\/wp-content\/uploads\/2021\/03\/reading-925589-960-720-20210301114807.jpg","width":960,"height":640},{"@type":"BreadcrumbList","@id":"https:\/\/radioljubuski.ba\/index.php\/2021\/03\/02\/nove-hrvatske-rijeci-hoce-li-lockdown-postati-drustvostaj-ili-mozda-obustavka\/#breadcrumb","itemListElement":[{"@type":"ListItem","position":1,"name":"Po\u010detna stranica","item":"https:\/\/radioljubuski.ba\/"},{"@type":"ListItem","position":2,"name":"Nove hrvatske rije\u010di: Ho\u0107e li lockdown postati dru\u0161tvostaj ili mo\u017eda obustavka"}]},{"@type":"WebSite","@id":"https:\/\/radioljubuski.ba\/#website","url":"https:\/\/radioljubuski.ba\/","name":"Radio Ljubu\u0161ki","description":"Sun\u010dana frekvencija Hercegovine","publisher":{"@id":"https:\/\/radioljubuski.ba\/#organization"},"potentialAction":[{"@type":"SearchAction","target":{"@type":"EntryPoint","urlTemplate":"https:\/\/radioljubuski.ba\/?s={search_term_string}"},"query-input":{"@type":"PropertyValueSpecification","valueRequired":true,"valueName":"search_term_string"}}],"inLanguage":"hr"},{"@type":"Organization","@id":"https:\/\/radioljubuski.ba\/#organization","name":"Radio Ljubu\u0161ki","url":"https:\/\/radioljubuski.ba\/","logo":{"@type":"ImageObject","inLanguage":"hr","@id":"https:\/\/radioljubuski.ba\/#\/schema\/logo\/image\/","url":"https:\/\/radioljubuski.ba\/wp-content\/uploads\/2021\/02\/cropped-Radio_Ljubuski_logo1.jpg","contentUrl":"https:\/\/radioljubuski.ba\/wp-content\/uploads\/2021\/02\/cropped-Radio_Ljubuski_logo1.jpg","width":512,"height":512,"caption":"Radio Ljubu\u0161ki"},"image":{"@id":"https:\/\/radioljubuski.ba\/#\/schema\/logo\/image\/"},"sameAs":["https:\/\/www.facebook.com\/Radiio-Ljubuski-1490835324566332","https:\/\/x.com\/radioljubuski","https:\/\/hr.linkedin.com\/company\/radio-ljubuski","https:\/\/www.youtube.com\/channel\/UCHYaeO_n0Db3tjNGudGpXyw"]},{"@type":"Person","@id":"https:\/\/radioljubuski.ba\/#\/schema\/person\/19fc700381a780f69665d7956c469e3b","name":"Radio Ljubu\u0161ki"}]}},"_links":{"self":[{"href":"https:\/\/radioljubuski.ba\/index.php\/wp-json\/wp\/v2\/posts\/661","targetHints":{"allow":["GET"]}}],"collection":[{"href":"https:\/\/radioljubuski.ba\/index.php\/wp-json\/wp\/v2\/posts"}],"about":[{"href":"https:\/\/radioljubuski.ba\/index.php\/wp-json\/wp\/v2\/types\/post"}],"author":[{"embeddable":true,"href":"https:\/\/radioljubuski.ba\/index.php\/wp-json\/wp\/v2\/users\/2"}],"replies":[{"embeddable":true,"href":"https:\/\/radioljubuski.ba\/index.php\/wp-json\/wp\/v2\/comments?post=661"}],"version-history":[{"count":1,"href":"https:\/\/radioljubuski.ba\/index.php\/wp-json\/wp\/v2\/posts\/661\/revisions"}],"predecessor-version":[{"id":663,"href":"https:\/\/radioljubuski.ba\/index.php\/wp-json\/wp\/v2\/posts\/661\/revisions\/663"}],"wp:featuredmedia":[{"embeddable":true,"href":"https:\/\/radioljubuski.ba\/index.php\/wp-json\/wp\/v2\/media\/662"}],"wp:attachment":[{"href":"https:\/\/radioljubuski.ba\/index.php\/wp-json\/wp\/v2\/media?parent=661"}],"wp:term":[{"taxonomy":"category","embeddable":true,"href":"https:\/\/radioljubuski.ba\/index.php\/wp-json\/wp\/v2\/categories?post=661"},{"taxonomy":"post_tag","embeddable":true,"href":"https:\/\/radioljubuski.ba\/index.php\/wp-json\/wp\/v2\/tags?post=661"}],"curies":[{"name":"wp","href":"https:\/\/api.w.org\/{rel}","templated":true}]}}