{"id":664,"date":"2021-03-02T01:16:36","date_gmt":"2021-03-02T01:16:36","guid":{"rendered":"https:\/\/radioljubuski.ba\/?p=664"},"modified":"2021-03-02T01:16:37","modified_gmt":"2021-03-02T01:16:37","slug":"osobe-s-invaliditetom-za-vrijeme-pandemije-pate-od-kronicne-usamljenosti","status":"publish","type":"post","link":"https:\/\/radioljubuski.ba\/index.php\/2021\/03\/02\/osobe-s-invaliditetom-za-vrijeme-pandemije-pate-od-kronicne-usamljenosti\/","title":{"rendered":"Osobe s invaliditetom za vrijeme pandemije pate od kroni\u010dne usamljenosti"},"content":{"rendered":"\n<p><strong>Gotovo dvije tre\u0107ine osoba s invaliditetom u vrijeme zatvaranja osje\u0107a kroni\u010dnu usamljenost, pokazalo je najnovije istra\u017eivanje britanske dobrotvorne organizacije Sense, u kojoj se posebno isti\u010de da je broj takvih osoba jo\u0161 ve\u0107i me\u0111u mladim invalidima i iznosi \u010dak 70 posto.<\/strong><\/p>\n\n\n\n<p>Ovi podaci poti\u010du bojazan od krize mentalnog zdravlja s kojom se suo\u010dava 14,1 milijuna osoba s invaliditetom, koliko ih \u017eivi u Velikoj Britaniji.<br><br>Dobrotvorna organizacija je izvijestila da je broj slu\u010dajeva kroni\u010dne usamljenosti u posljednjih godinu dana porastao za \u010detvrtinu me\u0111u osobama koje su i prije izbijanja pandemije koronavirusa bile nesrazmjerno pogo\u0111ene tim problemom.<br><br>Od 1011 ispitanika s invaliditetom, anketiranih izme\u0111u 20. i 22. sije\u010dnja ove godine, 37 posto je kazalo da su i prije po\u010detka pandemije osje\u0107ali kroni\u010dnu usamljenost, a ta je brojka u populaciji mladih osoba u dobi izme\u0111u 16 i 24 godine iznosila \u010dak 54 posto.<br><br>Gotovo dvije tre\u0107ine ili 61 posto osoba s invaliditetom odgovorilo je da su tijekom razdoblja zatvaranja kroni\u010dno usamljeni te su rekli da se &#8220;stalno&#8221; ili &#8220;vrlo \u010desto&#8221; osje\u0107aju usamljeno.<br><br>Udruga Sense upozorava da osje\u0107aj kroni\u010dne usamljenosti me\u0111u invalidnim osobama sad ve\u0107 &#8220;traje vrlo dugo&#8221; te da pritom ljudi pate od &#8220;neprekidnog osje\u0107aja samo\u0107e, usamljenosti, odvojenosti od ostalih te nemogu\u0107nosti povezivanja s drugim osobama na dubljoj razini&#8221;.<br><br>Christine Punt (70) iz Watforda u Hertfordshireu, gluhoslijepa je osoba i od samog po\u010detka pandemije pazi da se ne zarazi koronavirusom.<br><br>S obzirom na to da joj je uobi\u010dajena njega dostupna u manjoj mjeri nego ranije, Christine uvelike ovisi o svojem suprugu Georgeu, \u0161to, po njezinu mi\u0161ljenju vrlo negativno utje\u010de na njihovu vezu i odnos, a zbog toga se i ona osje\u0107a frustrirano i izolirano.<br><br>&#8220;\u010citavo ovo vrijeme osje\u0107am se neizmjerno izolirano&#8230;, tjedne sam provela u postelji&#8221;, rekla je Punt.<br><br>&#8220;Za vrijeme pandemije jo\u0161 sam sna\u017enije postala svjesna svojeg invaliditeta i sve sam frustriranija jer se ne mogu osloniti na dosada\u0161nji na\u010din njege i potpore na uobi\u010dajen na\u010din.&#8221;<br><br>Studija je pokazala da je tre\u0107ina osoba s invaliditetom svakodnevno tijekom pandemije imala manje od sat vremena interakcije s nekom drugom osobom.<br><br>Oko 70 posto ispitanika odgovorilo je da je socijalna izolacija sna\u017eno utjecala na njihovo mentalno zdravlje i op\u0107u dobrobit, dok ih je 40 posto reklo da je utjecala i na njihovo fizi\u010dko zdravlje.<br><br>&#8220;Za vrijeme pandemije su se potrebe osoba s invaliditetom jednostavno previdjele, zbog \u010dega su se takvi ljudi \u010desto osje\u0107ali zaboravljeno. Vlada mora prepoznati iznimno ozbiljan utjecaj pandemije na \u017eivot invalidnih osoba i pobolj\u0161ati im potporu i njegu kako se ne bi osje\u0107ali izolirano i odsje\u010deno od ostatka dru\u0161tva&#8221;, istaknuo je Richard Kramer, izvr\u0161ni direktor tvrtke Sense.<\/p>\n\n\n\n<p>Izvor:hrt.hr<\/p>\n","protected":false},"excerpt":{"rendered":"<p>Gotovo dvije tre\u0107ine osoba s invaliditetom u vrijeme zatvaranja osje\u0107a kroni\u010dnu usamljenost, pokazalo je najnovije istra\u017eivanje britanske dobrotvorne organizacije Sense, u kojoj se posebno isti\u010de da je broj takvih osoba jo\u0161 ve\u0107i me\u0111u mladim invalidima i iznosi \u010dak 70 posto. Ovi podaci poti\u010du bojazan od krize mentalnog zdravlja s kojom se suo\u010dava 14,1 milijuna osoba [&hellip;]<\/p>\n","protected":false},"author":2,"featured_media":665,"comment_status":"closed","ping_status":"closed","sticky":false,"template":"","format":"standard","meta":{"h5ap_radio_sources":[],"footnotes":""},"categories":[1],"tags":[],"class_list":["post-664","post","type-post","status-publish","format-standard","has-post-thumbnail","hentry","category-bihiregija"],"yoast_head":"<!-- This site is optimized with the Yoast SEO plugin v27.5 - https:\/\/yoast.com\/product\/yoast-seo-wordpress\/ -->\n<title>Osobe s invaliditetom za vrijeme pandemije pate od kroni\u010dne usamljenosti - RADIO LJUBU\u0160KI<\/title>\n<meta name=\"robots\" content=\"index, follow, max-snippet:-1, max-image-preview:large, max-video-preview:-1\" \/>\n<link rel=\"canonical\" href=\"https:\/\/radioljubuski.ba\/index.php\/2021\/03\/02\/osobe-s-invaliditetom-za-vrijeme-pandemije-pate-od-kronicne-usamljenosti\/\" \/>\n<meta property=\"og:locale\" content=\"hr_HR\" \/>\n<meta property=\"og:type\" content=\"article\" \/>\n<meta property=\"og:title\" content=\"Osobe s invaliditetom za vrijeme pandemije pate od kroni\u010dne usamljenosti - RADIO LJUBU\u0160KI\" \/>\n<meta property=\"og:description\" content=\"Gotovo dvije tre\u0107ine osoba s invaliditetom u vrijeme zatvaranja osje\u0107a kroni\u010dnu usamljenost, pokazalo je najnovije istra\u017eivanje britanske dobrotvorne organizacije Sense, u kojoj se posebno isti\u010de da je broj takvih osoba jo\u0161 ve\u0107i me\u0111u mladim invalidima i iznosi \u010dak 70 posto. Ovi podaci poti\u010du bojazan od krize mentalnog zdravlja s kojom se suo\u010dava 14,1 milijuna osoba [&hellip;]\" \/>\n<meta property=\"og:url\" content=\"https:\/\/radioljubuski.ba\/index.php\/2021\/03\/02\/osobe-s-invaliditetom-za-vrijeme-pandemije-pate-od-kronicne-usamljenosti\/\" \/>\n<meta property=\"og:site_name\" content=\"RADIO LJUBU\u0160KI\" \/>\n<meta property=\"article:publisher\" content=\"https:\/\/www.facebook.com\/Radiio-Ljubuski-1490835324566332\" \/>\n<meta property=\"article:published_time\" content=\"2021-03-02T01:16:36+00:00\" \/>\n<meta property=\"article:modified_time\" content=\"2021-03-02T01:16:37+00:00\" \/>\n<meta property=\"og:image\" content=\"https:\/\/radioljubuski.ba\/wp-content\/uploads\/2021\/03\/invaliditet-kolica.jpg\" \/>\n\t<meta property=\"og:image:width\" content=\"1280\" \/>\n\t<meta property=\"og:image:height\" content=\"880\" \/>\n\t<meta property=\"og:image:type\" content=\"image\/jpeg\" \/>\n<meta name=\"author\" content=\"Radio Ljubu\u0161ki\" \/>\n<meta name=\"twitter:card\" content=\"summary_large_image\" \/>\n<meta name=\"twitter:creator\" content=\"@radioljubuski\" \/>\n<meta name=\"twitter:site\" content=\"@radioljubuski\" \/>\n<meta name=\"twitter:label1\" content=\"Napisao\/la\" \/>\n\t<meta name=\"twitter:data1\" content=\"Radio Ljubu\u0161ki\" \/>\n\t<meta name=\"twitter:label2\" content=\"Procijenjeno vrijeme \u010ditanja\" \/>\n\t<meta name=\"twitter:data2\" content=\"2 minute\" \/>\n<script type=\"application\/ld+json\" class=\"yoast-schema-graph\">{\"@context\":\"https:\\\/\\\/schema.org\",\"@graph\":[{\"@type\":\"Article\",\"@id\":\"https:\\\/\\\/radioljubuski.ba\\\/index.php\\\/2021\\\/03\\\/02\\\/osobe-s-invaliditetom-za-vrijeme-pandemije-pate-od-kronicne-usamljenosti\\\/#article\",\"isPartOf\":{\"@id\":\"https:\\\/\\\/radioljubuski.ba\\\/index.php\\\/2021\\\/03\\\/02\\\/osobe-s-invaliditetom-za-vrijeme-pandemije-pate-od-kronicne-usamljenosti\\\/\"},\"author\":{\"name\":\"Radio Ljubu\u0161ki\",\"@id\":\"https:\\\/\\\/radioljubuski.ba\\\/#\\\/schema\\\/person\\\/19fc700381a780f69665d7956c469e3b\"},\"headline\":\"Osobe s invaliditetom za vrijeme pandemije pate od kroni\u010dne usamljenosti\",\"datePublished\":\"2021-03-02T01:16:36+00:00\",\"dateModified\":\"2021-03-02T01:16:37+00:00\",\"mainEntityOfPage\":{\"@id\":\"https:\\\/\\\/radioljubuski.ba\\\/index.php\\\/2021\\\/03\\\/02\\\/osobe-s-invaliditetom-za-vrijeme-pandemije-pate-od-kronicne-usamljenosti\\\/\"},\"wordCount\":474,\"publisher\":{\"@id\":\"https:\\\/\\\/radioljubuski.ba\\\/#organization\"},\"image\":{\"@id\":\"https:\\\/\\\/radioljubuski.ba\\\/index.php\\\/2021\\\/03\\\/02\\\/osobe-s-invaliditetom-za-vrijeme-pandemije-pate-od-kronicne-usamljenosti\\\/#primaryimage\"},\"thumbnailUrl\":\"https:\\\/\\\/radioljubuski.ba\\\/wp-content\\\/uploads\\\/2021\\\/03\\\/invaliditet-kolica.jpg\",\"articleSection\":[\"BIH i regija\"],\"inLanguage\":\"hr\"},{\"@type\":\"WebPage\",\"@id\":\"https:\\\/\\\/radioljubuski.ba\\\/index.php\\\/2021\\\/03\\\/02\\\/osobe-s-invaliditetom-za-vrijeme-pandemije-pate-od-kronicne-usamljenosti\\\/\",\"url\":\"https:\\\/\\\/radioljubuski.ba\\\/index.php\\\/2021\\\/03\\\/02\\\/osobe-s-invaliditetom-za-vrijeme-pandemije-pate-od-kronicne-usamljenosti\\\/\",\"name\":\"Osobe s invaliditetom za vrijeme pandemije pate od kroni\u010dne usamljenosti - RADIO LJUBU\u0160KI\",\"isPartOf\":{\"@id\":\"https:\\\/\\\/radioljubuski.ba\\\/#website\"},\"primaryImageOfPage\":{\"@id\":\"https:\\\/\\\/radioljubuski.ba\\\/index.php\\\/2021\\\/03\\\/02\\\/osobe-s-invaliditetom-za-vrijeme-pandemije-pate-od-kronicne-usamljenosti\\\/#primaryimage\"},\"image\":{\"@id\":\"https:\\\/\\\/radioljubuski.ba\\\/index.php\\\/2021\\\/03\\\/02\\\/osobe-s-invaliditetom-za-vrijeme-pandemije-pate-od-kronicne-usamljenosti\\\/#primaryimage\"},\"thumbnailUrl\":\"https:\\\/\\\/radioljubuski.ba\\\/wp-content\\\/uploads\\\/2021\\\/03\\\/invaliditet-kolica.jpg\",\"datePublished\":\"2021-03-02T01:16:36+00:00\",\"dateModified\":\"2021-03-02T01:16:37+00:00\",\"breadcrumb\":{\"@id\":\"https:\\\/\\\/radioljubuski.ba\\\/index.php\\\/2021\\\/03\\\/02\\\/osobe-s-invaliditetom-za-vrijeme-pandemije-pate-od-kronicne-usamljenosti\\\/#breadcrumb\"},\"inLanguage\":\"hr\",\"potentialAction\":[{\"@type\":\"ReadAction\",\"target\":[\"https:\\\/\\\/radioljubuski.ba\\\/index.php\\\/2021\\\/03\\\/02\\\/osobe-s-invaliditetom-za-vrijeme-pandemije-pate-od-kronicne-usamljenosti\\\/\"]}]},{\"@type\":\"ImageObject\",\"inLanguage\":\"hr\",\"@id\":\"https:\\\/\\\/radioljubuski.ba\\\/index.php\\\/2021\\\/03\\\/02\\\/osobe-s-invaliditetom-za-vrijeme-pandemije-pate-od-kronicne-usamljenosti\\\/#primaryimage\",\"url\":\"https:\\\/\\\/radioljubuski.ba\\\/wp-content\\\/uploads\\\/2021\\\/03\\\/invaliditet-kolica.jpg\",\"contentUrl\":\"https:\\\/\\\/radioljubuski.ba\\\/wp-content\\\/uploads\\\/2021\\\/03\\\/invaliditet-kolica.jpg\",\"width\":1280,\"height\":880},{\"@type\":\"BreadcrumbList\",\"@id\":\"https:\\\/\\\/radioljubuski.ba\\\/index.php\\\/2021\\\/03\\\/02\\\/osobe-s-invaliditetom-za-vrijeme-pandemije-pate-od-kronicne-usamljenosti\\\/#breadcrumb\",\"itemListElement\":[{\"@type\":\"ListItem\",\"position\":1,\"name\":\"Po\u010detna stranica\",\"item\":\"https:\\\/\\\/radioljubuski.ba\\\/\"},{\"@type\":\"ListItem\",\"position\":2,\"name\":\"Osobe s invaliditetom za vrijeme pandemije pate od kroni\u010dne usamljenosti\"}]},{\"@type\":\"WebSite\",\"@id\":\"https:\\\/\\\/radioljubuski.ba\\\/#website\",\"url\":\"https:\\\/\\\/radioljubuski.ba\\\/\",\"name\":\"Radio Ljubu\u0161ki\",\"description\":\"Sun\u010dana frekvencija Hercegovine\",\"publisher\":{\"@id\":\"https:\\\/\\\/radioljubuski.ba\\\/#organization\"},\"potentialAction\":[{\"@type\":\"SearchAction\",\"target\":{\"@type\":\"EntryPoint\",\"urlTemplate\":\"https:\\\/\\\/radioljubuski.ba\\\/?s={search_term_string}\"},\"query-input\":{\"@type\":\"PropertyValueSpecification\",\"valueRequired\":true,\"valueName\":\"search_term_string\"}}],\"inLanguage\":\"hr\"},{\"@type\":\"Organization\",\"@id\":\"https:\\\/\\\/radioljubuski.ba\\\/#organization\",\"name\":\"Radio Ljubu\u0161ki\",\"url\":\"https:\\\/\\\/radioljubuski.ba\\\/\",\"logo\":{\"@type\":\"ImageObject\",\"inLanguage\":\"hr\",\"@id\":\"https:\\\/\\\/radioljubuski.ba\\\/#\\\/schema\\\/logo\\\/image\\\/\",\"url\":\"https:\\\/\\\/radioljubuski.ba\\\/wp-content\\\/uploads\\\/2021\\\/02\\\/cropped-Radio_Ljubuski_logo1.jpg\",\"contentUrl\":\"https:\\\/\\\/radioljubuski.ba\\\/wp-content\\\/uploads\\\/2021\\\/02\\\/cropped-Radio_Ljubuski_logo1.jpg\",\"width\":512,\"height\":512,\"caption\":\"Radio Ljubu\u0161ki\"},\"image\":{\"@id\":\"https:\\\/\\\/radioljubuski.ba\\\/#\\\/schema\\\/logo\\\/image\\\/\"},\"sameAs\":[\"https:\\\/\\\/www.facebook.com\\\/Radiio-Ljubuski-1490835324566332\",\"https:\\\/\\\/x.com\\\/radioljubuski\",\"https:\\\/\\\/hr.linkedin.com\\\/company\\\/radio-ljubuski\",\"https:\\\/\\\/www.youtube.com\\\/channel\\\/UCHYaeO_n0Db3tjNGudGpXyw\"]},{\"@type\":\"Person\",\"@id\":\"https:\\\/\\\/radioljubuski.ba\\\/#\\\/schema\\\/person\\\/19fc700381a780f69665d7956c469e3b\",\"name\":\"Radio Ljubu\u0161ki\"}]}<\/script>\n<!-- \/ Yoast SEO plugin. -->","yoast_head_json":{"title":"Osobe s invaliditetom za vrijeme pandemije pate od kroni\u010dne usamljenosti - RADIO LJUBU\u0160KI","robots":{"index":"index","follow":"follow","max-snippet":"max-snippet:-1","max-image-preview":"max-image-preview:large","max-video-preview":"max-video-preview:-1"},"canonical":"https:\/\/radioljubuski.ba\/index.php\/2021\/03\/02\/osobe-s-invaliditetom-za-vrijeme-pandemije-pate-od-kronicne-usamljenosti\/","og_locale":"hr_HR","og_type":"article","og_title":"Osobe s invaliditetom za vrijeme pandemije pate od kroni\u010dne usamljenosti - RADIO LJUBU\u0160KI","og_description":"Gotovo dvije tre\u0107ine osoba s invaliditetom u vrijeme zatvaranja osje\u0107a kroni\u010dnu usamljenost, pokazalo je najnovije istra\u017eivanje britanske dobrotvorne organizacije Sense, u kojoj se posebno isti\u010de da je broj takvih osoba jo\u0161 ve\u0107i me\u0111u mladim invalidima i iznosi \u010dak 70 posto. Ovi podaci poti\u010du bojazan od krize mentalnog zdravlja s kojom se suo\u010dava 14,1 milijuna osoba [&hellip;]","og_url":"https:\/\/radioljubuski.ba\/index.php\/2021\/03\/02\/osobe-s-invaliditetom-za-vrijeme-pandemije-pate-od-kronicne-usamljenosti\/","og_site_name":"RADIO LJUBU\u0160KI","article_publisher":"https:\/\/www.facebook.com\/Radiio-Ljubuski-1490835324566332","article_published_time":"2021-03-02T01:16:36+00:00","article_modified_time":"2021-03-02T01:16:37+00:00","og_image":[{"width":1280,"height":880,"url":"https:\/\/radioljubuski.ba\/wp-content\/uploads\/2021\/03\/invaliditet-kolica.jpg","type":"image\/jpeg"}],"author":"Radio Ljubu\u0161ki","twitter_card":"summary_large_image","twitter_creator":"@radioljubuski","twitter_site":"@radioljubuski","twitter_misc":{"Napisao\/la":"Radio Ljubu\u0161ki","Procijenjeno vrijeme \u010ditanja":"2 minute"},"schema":{"@context":"https:\/\/schema.org","@graph":[{"@type":"Article","@id":"https:\/\/radioljubuski.ba\/index.php\/2021\/03\/02\/osobe-s-invaliditetom-za-vrijeme-pandemije-pate-od-kronicne-usamljenosti\/#article","isPartOf":{"@id":"https:\/\/radioljubuski.ba\/index.php\/2021\/03\/02\/osobe-s-invaliditetom-za-vrijeme-pandemije-pate-od-kronicne-usamljenosti\/"},"author":{"name":"Radio Ljubu\u0161ki","@id":"https:\/\/radioljubuski.ba\/#\/schema\/person\/19fc700381a780f69665d7956c469e3b"},"headline":"Osobe s invaliditetom za vrijeme pandemije pate od kroni\u010dne usamljenosti","datePublished":"2021-03-02T01:16:36+00:00","dateModified":"2021-03-02T01:16:37+00:00","mainEntityOfPage":{"@id":"https:\/\/radioljubuski.ba\/index.php\/2021\/03\/02\/osobe-s-invaliditetom-za-vrijeme-pandemije-pate-od-kronicne-usamljenosti\/"},"wordCount":474,"publisher":{"@id":"https:\/\/radioljubuski.ba\/#organization"},"image":{"@id":"https:\/\/radioljubuski.ba\/index.php\/2021\/03\/02\/osobe-s-invaliditetom-za-vrijeme-pandemije-pate-od-kronicne-usamljenosti\/#primaryimage"},"thumbnailUrl":"https:\/\/radioljubuski.ba\/wp-content\/uploads\/2021\/03\/invaliditet-kolica.jpg","articleSection":["BIH i regija"],"inLanguage":"hr"},{"@type":"WebPage","@id":"https:\/\/radioljubuski.ba\/index.php\/2021\/03\/02\/osobe-s-invaliditetom-za-vrijeme-pandemije-pate-od-kronicne-usamljenosti\/","url":"https:\/\/radioljubuski.ba\/index.php\/2021\/03\/02\/osobe-s-invaliditetom-za-vrijeme-pandemije-pate-od-kronicne-usamljenosti\/","name":"Osobe s invaliditetom za vrijeme pandemije pate od kroni\u010dne usamljenosti - RADIO LJUBU\u0160KI","isPartOf":{"@id":"https:\/\/radioljubuski.ba\/#website"},"primaryImageOfPage":{"@id":"https:\/\/radioljubuski.ba\/index.php\/2021\/03\/02\/osobe-s-invaliditetom-za-vrijeme-pandemije-pate-od-kronicne-usamljenosti\/#primaryimage"},"image":{"@id":"https:\/\/radioljubuski.ba\/index.php\/2021\/03\/02\/osobe-s-invaliditetom-za-vrijeme-pandemije-pate-od-kronicne-usamljenosti\/#primaryimage"},"thumbnailUrl":"https:\/\/radioljubuski.ba\/wp-content\/uploads\/2021\/03\/invaliditet-kolica.jpg","datePublished":"2021-03-02T01:16:36+00:00","dateModified":"2021-03-02T01:16:37+00:00","breadcrumb":{"@id":"https:\/\/radioljubuski.ba\/index.php\/2021\/03\/02\/osobe-s-invaliditetom-za-vrijeme-pandemije-pate-od-kronicne-usamljenosti\/#breadcrumb"},"inLanguage":"hr","potentialAction":[{"@type":"ReadAction","target":["https:\/\/radioljubuski.ba\/index.php\/2021\/03\/02\/osobe-s-invaliditetom-za-vrijeme-pandemije-pate-od-kronicne-usamljenosti\/"]}]},{"@type":"ImageObject","inLanguage":"hr","@id":"https:\/\/radioljubuski.ba\/index.php\/2021\/03\/02\/osobe-s-invaliditetom-za-vrijeme-pandemije-pate-od-kronicne-usamljenosti\/#primaryimage","url":"https:\/\/radioljubuski.ba\/wp-content\/uploads\/2021\/03\/invaliditet-kolica.jpg","contentUrl":"https:\/\/radioljubuski.ba\/wp-content\/uploads\/2021\/03\/invaliditet-kolica.jpg","width":1280,"height":880},{"@type":"BreadcrumbList","@id":"https:\/\/radioljubuski.ba\/index.php\/2021\/03\/02\/osobe-s-invaliditetom-za-vrijeme-pandemije-pate-od-kronicne-usamljenosti\/#breadcrumb","itemListElement":[{"@type":"ListItem","position":1,"name":"Po\u010detna stranica","item":"https:\/\/radioljubuski.ba\/"},{"@type":"ListItem","position":2,"name":"Osobe s invaliditetom za vrijeme pandemije pate od kroni\u010dne usamljenosti"}]},{"@type":"WebSite","@id":"https:\/\/radioljubuski.ba\/#website","url":"https:\/\/radioljubuski.ba\/","name":"Radio Ljubu\u0161ki","description":"Sun\u010dana frekvencija Hercegovine","publisher":{"@id":"https:\/\/radioljubuski.ba\/#organization"},"potentialAction":[{"@type":"SearchAction","target":{"@type":"EntryPoint","urlTemplate":"https:\/\/radioljubuski.ba\/?s={search_term_string}"},"query-input":{"@type":"PropertyValueSpecification","valueRequired":true,"valueName":"search_term_string"}}],"inLanguage":"hr"},{"@type":"Organization","@id":"https:\/\/radioljubuski.ba\/#organization","name":"Radio Ljubu\u0161ki","url":"https:\/\/radioljubuski.ba\/","logo":{"@type":"ImageObject","inLanguage":"hr","@id":"https:\/\/radioljubuski.ba\/#\/schema\/logo\/image\/","url":"https:\/\/radioljubuski.ba\/wp-content\/uploads\/2021\/02\/cropped-Radio_Ljubuski_logo1.jpg","contentUrl":"https:\/\/radioljubuski.ba\/wp-content\/uploads\/2021\/02\/cropped-Radio_Ljubuski_logo1.jpg","width":512,"height":512,"caption":"Radio Ljubu\u0161ki"},"image":{"@id":"https:\/\/radioljubuski.ba\/#\/schema\/logo\/image\/"},"sameAs":["https:\/\/www.facebook.com\/Radiio-Ljubuski-1490835324566332","https:\/\/x.com\/radioljubuski","https:\/\/hr.linkedin.com\/company\/radio-ljubuski","https:\/\/www.youtube.com\/channel\/UCHYaeO_n0Db3tjNGudGpXyw"]},{"@type":"Person","@id":"https:\/\/radioljubuski.ba\/#\/schema\/person\/19fc700381a780f69665d7956c469e3b","name":"Radio Ljubu\u0161ki"}]}},"_links":{"self":[{"href":"https:\/\/radioljubuski.ba\/index.php\/wp-json\/wp\/v2\/posts\/664","targetHints":{"allow":["GET"]}}],"collection":[{"href":"https:\/\/radioljubuski.ba\/index.php\/wp-json\/wp\/v2\/posts"}],"about":[{"href":"https:\/\/radioljubuski.ba\/index.php\/wp-json\/wp\/v2\/types\/post"}],"author":[{"embeddable":true,"href":"https:\/\/radioljubuski.ba\/index.php\/wp-json\/wp\/v2\/users\/2"}],"replies":[{"embeddable":true,"href":"https:\/\/radioljubuski.ba\/index.php\/wp-json\/wp\/v2\/comments?post=664"}],"version-history":[{"count":1,"href":"https:\/\/radioljubuski.ba\/index.php\/wp-json\/wp\/v2\/posts\/664\/revisions"}],"predecessor-version":[{"id":666,"href":"https:\/\/radioljubuski.ba\/index.php\/wp-json\/wp\/v2\/posts\/664\/revisions\/666"}],"wp:featuredmedia":[{"embeddable":true,"href":"https:\/\/radioljubuski.ba\/index.php\/wp-json\/wp\/v2\/media\/665"}],"wp:attachment":[{"href":"https:\/\/radioljubuski.ba\/index.php\/wp-json\/wp\/v2\/media?parent=664"}],"wp:term":[{"taxonomy":"category","embeddable":true,"href":"https:\/\/radioljubuski.ba\/index.php\/wp-json\/wp\/v2\/categories?post=664"},{"taxonomy":"post_tag","embeddable":true,"href":"https:\/\/radioljubuski.ba\/index.php\/wp-json\/wp\/v2\/tags?post=664"}],"curies":[{"name":"wp","href":"https:\/\/api.w.org\/{rel}","templated":true}]}}