{"id":671,"date":"2021-03-02T01:24:46","date_gmt":"2021-03-02T01:24:46","guid":{"rendered":"https:\/\/radioljubuski.ba\/?p=671"},"modified":"2021-03-02T01:24:46","modified_gmt":"2021-03-02T01:24:46","slug":"hercegovina-je-provansa-kraj-koji-lijepo-odgaja-svoju-djecu-ali-mi-to-zaboravljamo","status":"publish","type":"post","link":"https:\/\/radioljubuski.ba\/index.php\/2021\/03\/02\/hercegovina-je-provansa-kraj-koji-lijepo-odgaja-svoju-djecu-ali-mi-to-zaboravljamo\/","title":{"rendered":"Hercegovina je Provansa, kraj koji lijepo odgaja svoju djecu, ali mi to zaboravljamo"},"content":{"rendered":"\n<p>Goran Bogdan pro\u0161le je godine bio nominiran za najboljeg europskog glumca. \u0160irokobrije\u017eanin, koji je postao sinonim za izvrsne uloge, snima od Balkana do Hollywooda, me\u0111utim, toliko je jednostavan i susretljiv da ga ubrzo nakon upoznavanja po\u010dnete do\u017eivljavati kao \u010dlana obitelji. U pandemijskoj, 2020. bio je jedan od najzaposlenijih glumaca, a i u \u201cnastavku\u201d te godine, u 2021. ima posla preko glave. To ga nije sprije\u010dilo do\u0107i na Ve\u010dernji TV BiH i dati intervju Ve\u010dernjaku.<br><br>Gorane, za po\u010detak idemo na neizostavnu temu jer \u017eivimo u ovom, mo\u017eemo re\u0107i, \u010dudnom vremenu. Nekad na po\u010detku pandemije pojavila se informacija da ste zara\u017eeni koronom, onda je to bio bauk pa nas je pola razmi\u0161ljalo ho\u0107e li nam poznati glumac pre\u017eivjeti. Kako se sve rasplelo?&nbsp;<br><br>Nisam, hvala Bogu, nikad bio zara\u017een, odnosno nisam imao simptome. Bio sam tri puta u samoizolaciji u koju sam se sam stavio. Ja, kao i svi ostali u nedostatku informacija tada, nisam znao \u0161to je to to\u010dno, pa ni sad nismo do kraja upu\u0107eni. Pazio sam prvo da ne zarazim nekoga drugoga pa sam se sam izolirao. Zbog prirode posla testirao sam se stalno u Zagrebu, Beogradu i bio sam negativan.<br><br>Zna\u010di, nemate antitijela?<br><br>&#8211; E, na kraju sam razvio antitijela. Vjerojatno sam, primaju\u0107i malu dozu agensa, vidite kako smo nau\u010dili te nove rije\u010di, s vremenom razvio neki imunitet. Tako mi je rekla prijateljica koja je ujedno i lije\u010dnica. Ali, evo, kao \u0161to se vidi, \u017eivi smo, zdravi smo, mi smo ljudi kao \u017eohari, naviknemo se na sve.<br><br>Kako vam je bilo funkcionirati kao glumcu?<br><br>&#8211; Pa ne bih rekao kao glumcu, ve\u0107 kao i \u010dovjeku, kao i svima, kao i vama. Nezgodno, zna\u0161&#8230;, svaka nepoznanica stvara odre\u0111enu tjeskobu dok se ne svlada do kraja i ne spozna, tako da mislim kako se to razlikuje od profesije do profesije, nije lako. Neovisni umjetnici jo\u0161 stradaju zbog toga, ali ekonomske posljedice \u0107e se tek vidjeti. Jo\u0161 ne znamo kako nam je.<br><br>Ali ipak, nije lako sve scene snimati u ovakvim uvjetima?<br><br>&#8211; Nije lako. Primjerice, kad snimate ljubavne scene, te\u0161ko je to raditi pod maskom, mo\u017eete kao umjetni\u010dki potpis to pro\u010ditati, ali. Nezgodno je. A, opet, \u0161to nam ostaje nego prilago\u0111avati se.<br><br>Vidimo da dosta glumaca, dosta umjetnika ne radi, ali vi radite punom parom, dvije serije, film, reklame&#8230;<br><br>&#8211; Istina, jer doga\u0111a se ne\u0161to dobro, neka je renesansa televizije. U Srbiji se, primjerice, jako puno snima, postavljaju se neki novi tokovi stalno i to je \u017eiva materija, to je dobro za sve kolege iz struke. Kvantiteta nu\u017eno ra\u0111a kvalitetu, tako da se tu dobre stvari doga\u0111aju. Ali zbog pandemije sve je jo\u0161 na staklenim nogama.<br><br>Me\u0111u filmovima moramo istaknuti jedan &#8211; \u201cOtac\u201d, zbog kojeg ste nominirani za europskog glumca godine. Izgubili ste \u010dak 20 kilograma za tu ulogu?<br><br>&#8211; Kao \u0161to se vidi (smijeh). Vidi se da je bilo lako i vratiti kilograme. Korona je nekom majka, nekome ma\u0107eha.<br><br>Dobro, mo\u017eemo se slo\u017eiti oko toga. Nego, kako je bilo raditi taj film? Potresan je previ\u0161e.<br><br>&#8211; Naravno, film je potresan, ali meni je bilo prelijepo raditi ga jer na\u0161ao sam tu istomi\u0161ljenika u vidu Sr\u0111ana Golubovi\u0107a i njegove supruge Jelene Mitrovi\u0107. Koliko god mi je bilo te\u0161ko, vjerovao sam u to i sve mi je bilo lak\u0161e. Mi smo premijeru filma imali 27. velja\u010de, netom prije po\u010detka pandemije, taman je film trebao dobiti taj distributivni \u017eivot, ali se nije dogodilo. Onda smo sve odradili preko Zooma, kao i ostatak \u010dovje\u010danstva, s kau\u010da, prokleti Wolt i dostava hrane, sad se opet borim da se vratim u formu (smijeh). Treba \u010dovjek biti pa\u017eljiv.<br><br>Koliko vam ljudi poma\u017ee?<br><br>&#8211; Pa nitko (smijeh). Znam da to postoji negdje, ali nemam takve probleme. Ovaj posao dosta je intiman i osamljeni\u010dki jer se sve doga\u0111a unutar tebe, ali nekako, tu sam svoj na svome, ne bih pravio oko toga dramu. Ne znam da mo\u017ee druk\u010dije. Jo\u0161 uvijek imam osje\u0107aj da sam na po\u010detku svega toga i imam snage, a dok su \u017ear i ljubav prisutni, lijepo je i ne treba vam \u201cautobus\u201d pomaga\u010da.<br><br>Spomenuli smo film \u201cOtac\u201d, znamo svi \u0161to u Hercegovini zna\u010de otac, majka, bake, djedovi&#8230; Svoje ranije doba, a i danas puno vremena, provodite u rodnom \u0160irokom Brijegu te diljem ovih prostora. Kakva sje\u0107anja nosite na dje\u010da\u010dke dane?<br><br>&#8211; Gledaj, ja se i dan-danas volim vratiti ovdje, ne samo zbog onda\u0161njih osje\u0107aja, nostalgije i tog djetinjstva koje je bilo prelijepo. Sredina kao Hercegovina, to je Provansa, ne samo zbog geografije, nego ima tu nadvrijednosti koje mi sami cenzuriramo i zaboravljamo, ima tu ne\u0161to lijepo, ima ne\u0161to duhovno u ovom kraju koji dobro odgaja svoju djecu. Mislim da mi kao naseljenici ovdje \u010dak zaboravljamo svoje vrijednosti i ove vrijednosti. I ja smatram da nikad nisam oti\u0161ao odavde iako fizi\u010dki nisam tu.<br><br>Zna\u010di, otac \u0160imun i majka Milka jo\u0161 daju savjete?<br><br>&#8211; To je dosta demokratski odnos. Skupa sudjelujemo u svim promi\u0161ljanjima kako i treba biti. Bogu hvala na njima.<br><br>Jednom ste rekli, od Hollywooda najvi\u0161e volim pobje\u0107i na svoj festival u \u0160iroki Brijeg. West Herzegowina Fest postao je nezaobilazan kulturni doga\u0111aj i znate ono kad se ne\u0161to postavi na zdrave temelje, kasnije je lak\u0161e to odr\u017eavati, pa i s malo manje snage. Kako danas gledate na taj festival?<br><br>&#8211; Po\u010detna tema bile su korona i pandemija. Na\u017ealost, u tom kontekstu sada spominjem i WHF jer je on takav da se ne mo\u017ee odr\u017eati online. Cilj WHF-a je dru\u017eenje i spajanje razli\u010ditih individualaca iz razli\u010ditih polova kreativne industrije, tako da je nama cilj tog festivala da se mladi nalaze i razmjenjuju ideje. Tako, dok god je ovakvo, izvanredno stanje, mi ne \u017eelimo biti generatori novih klastera. \u017delimo da ovo pro\u0111e i da se vratimo u punoj snazi. Ve\u0107 je vrijeme da se to priprema, a ho\u0107e li se odr\u017eati ove godine, vidjet \u0107emo.<br><br>Sve prolazimo, ali struke se jo\u0161 nismo dotakli. Mnogi, pogotovo mla\u0111i i ne znaju da ste davali instrukcije iz matematike i statistike?<br><br>&#8211; Nemojte me pitati za instrukcije. (smijeh)<br><br>Dobro onda, diplomirani ste ekonomist pa, evo, da vas ne pitam odakle ekonomist u glumi, kako \u0107e ova kriza djelovati na gospodarstvo?<br><br>&#8211; Ove teme su isprepletene. Nije ovo prva pandemija s kojom se svijet suo\u010dio, 77. je bila variola vera, ne tako davno. Nisam neki teoreti\u010dar zavjera, niti njihov zastupnik, niti im ljubitelj. Ovo se povijest ponavlja i ponavljat \u0107e se i dalje. Takav je svijet. A konkretno, ekonomiju dugo ne prakticiram i ne bih to dizao na neku razinu, ali mislim da \u0107e najgore uslijediti. Mislim, dobro je da se cjepivo na\u0161lo i da se stanovni\u0161tvo cijepi, ali posljedice ove krize \u0107e, po nekom mom amaterskom poznavanju, biti dosta ozbiljne i dugo \u0107e se sagledavati. Cijena je to ovog lockdowna koji smo imali od o\u017eujka pro\u0161le godine i tko zna koliko \u0107e sve jo\u0161 trajati.<br><br>Kao ekonomist, \u0161to mislite o kriptovalutama, o rastu bitcoina, ethereuma?<br><br>&#8211; A otkad sam upisao glumu, samo sam u tome i iskreno, sve to ekonomsko sam nekako zaboravio. A volio bih da sam nekad ranije ulagao u kriptovalute, bilo bi mi sada drago, ali i da znam gdje sam ih ostavio, da ne zaboravim \u0161ifru (smijeh).<br><br>Volite za sebe re\u0107i da ste gurman, a poznato je da imate udio u jednom restoranu. Je li to za okupiti ekipu na kvalitetno dru\u017eenje ili ste ipak dublje unutra?<br><br>&#8211; Vidi se na meni da sam gurman (smijeh). A ovo je jedan fini restoran, kontra mojih afiniteta. Iako, pona\u0161am se kao prijatelj restorana. Zanima me to. Kulinarstvo mi je neka ljubav. Zaljubio sam se i u kulinarsko umije\u0107e Filipa Horvata koji je chef u restoranu i nije mi se te\u0161ko bilo prona\u0107i u toj pri\u010di.<br><br>Ima li hercegova\u010dkih specijaliteta?<br><br>&#8211; Pa, kako ja ne dopu\u0161tam nikome da se petlja u moj kreativni proces, tako ni ja ne ulazim u Filipov. Filip je Slavonac pa ima njihovih specijaliteta, ali i imotskog krumpira pa tog nekog hercegova\u010dkoga \u0161lifa i potpisa, ali kolegi se ne petljam u kreacije.<br><br>\u0160to mo\u017ee mladima poru\u010diti dje\u010dak iz \u0160irokog Brijega koji je dogurao do statusa filmske zvijezde koja je stigla \u010dak i do Hollywooda?<br><br>&#8211; Geografija nikoga ne odre\u0111uje. Mislim da \u010dovjek treba slijediti svoje snove, zadr\u017eati neku nadu i vjeru i ostati uspravan.<br><br>Za kraj, \u017eelimo da uz sve uloge i nagrade zasja i Oscar kojeg \u0107ete, mo\u017eda, donijeti u Hercegovinu danas, sutra.<br><br>&#8211; Ne bih imao ni\u0161ta protiv, ali Bog nam dao zdravlja.<\/p>\n\n\n\n<p>Izvor:vecernji.ba<\/p>\n","protected":false},"excerpt":{"rendered":"<p>Goran Bogdan pro\u0161le je godine bio nominiran za najboljeg europskog glumca. \u0160irokobrije\u017eanin, koji je postao sinonim za izvrsne uloge, snima od Balkana do Hollywooda, me\u0111utim, toliko je jednostavan i susretljiv da ga ubrzo nakon upoznavanja po\u010dnete do\u017eivljavati kao \u010dlana obitelji. U pandemijskoj, 2020. bio je jedan od najzaposlenijih glumaca, a i u \u201cnastavku\u201d te godine, [&hellip;]<\/p>\n","protected":false},"author":2,"featured_media":672,"comment_status":"closed","ping_status":"closed","sticky":false,"template":"","format":"standard","meta":{"h5ap_radio_sources":[],"footnotes":""},"categories":[1],"tags":[],"class_list":["post-671","post","type-post","status-publish","format-standard","has-post-thumbnail","hentry","category-bihiregija"],"yoast_head":"<!-- This site is optimized with the Yoast SEO plugin v27.5 - https:\/\/yoast.com\/product\/yoast-seo-wordpress\/ -->\n<title>Hercegovina je Provansa, kraj koji lijepo odgaja svoju djecu, ali mi to zaboravljamo - RADIO LJUBU\u0160KI<\/title>\n<meta name=\"robots\" content=\"index, follow, max-snippet:-1, max-image-preview:large, max-video-preview:-1\" \/>\n<link rel=\"canonical\" href=\"https:\/\/radioljubuski.ba\/index.php\/2021\/03\/02\/hercegovina-je-provansa-kraj-koji-lijepo-odgaja-svoju-djecu-ali-mi-to-zaboravljamo\/\" \/>\n<meta property=\"og:locale\" content=\"hr_HR\" \/>\n<meta property=\"og:type\" content=\"article\" \/>\n<meta property=\"og:title\" content=\"Hercegovina je Provansa, kraj koji lijepo odgaja svoju djecu, ali mi to zaboravljamo - RADIO LJUBU\u0160KI\" \/>\n<meta property=\"og:description\" content=\"Goran Bogdan pro\u0161le je godine bio nominiran za najboljeg europskog glumca. \u0160irokobrije\u017eanin, koji je postao sinonim za izvrsne uloge, snima od Balkana do Hollywooda, me\u0111utim, toliko je jednostavan i susretljiv da ga ubrzo nakon upoznavanja po\u010dnete do\u017eivljavati kao \u010dlana obitelji. U pandemijskoj, 2020. bio je jedan od najzaposlenijih glumaca, a i u \u201cnastavku\u201d te godine, [&hellip;]\" \/>\n<meta property=\"og:url\" content=\"https:\/\/radioljubuski.ba\/index.php\/2021\/03\/02\/hercegovina-je-provansa-kraj-koji-lijepo-odgaja-svoju-djecu-ali-mi-to-zaboravljamo\/\" \/>\n<meta property=\"og:site_name\" content=\"RADIO LJUBU\u0160KI\" \/>\n<meta property=\"article:publisher\" content=\"https:\/\/www.facebook.com\/Radiio-Ljubuski-1490835324566332\" \/>\n<meta property=\"article:published_time\" content=\"2021-03-02T01:24:46+00:00\" \/>\n<meta property=\"og:image\" content=\"https:\/\/radioljubuski.ba\/wp-content\/uploads\/2021\/03\/7e2OfzrD_BOGDAN_475_316_85_s_c1.jpg\" \/>\n\t<meta property=\"og:image:width\" content=\"475\" \/>\n\t<meta property=\"og:image:height\" content=\"316\" \/>\n\t<meta property=\"og:image:type\" content=\"image\/jpeg\" \/>\n<meta name=\"author\" content=\"Radio Ljubu\u0161ki\" \/>\n<meta name=\"twitter:card\" content=\"summary_large_image\" \/>\n<meta name=\"twitter:creator\" content=\"@radioljubuski\" \/>\n<meta name=\"twitter:site\" content=\"@radioljubuski\" \/>\n<meta name=\"twitter:label1\" content=\"Napisao\/la\" \/>\n\t<meta name=\"twitter:data1\" content=\"Radio Ljubu\u0161ki\" \/>\n\t<meta name=\"twitter:label2\" content=\"Procijenjeno vrijeme \u010ditanja\" \/>\n\t<meta name=\"twitter:data2\" content=\"7 minuta\" \/>\n<script type=\"application\/ld+json\" class=\"yoast-schema-graph\">{\"@context\":\"https:\\\/\\\/schema.org\",\"@graph\":[{\"@type\":\"Article\",\"@id\":\"https:\\\/\\\/radioljubuski.ba\\\/index.php\\\/2021\\\/03\\\/02\\\/hercegovina-je-provansa-kraj-koji-lijepo-odgaja-svoju-djecu-ali-mi-to-zaboravljamo\\\/#article\",\"isPartOf\":{\"@id\":\"https:\\\/\\\/radioljubuski.ba\\\/index.php\\\/2021\\\/03\\\/02\\\/hercegovina-je-provansa-kraj-koji-lijepo-odgaja-svoju-djecu-ali-mi-to-zaboravljamo\\\/\"},\"author\":{\"name\":\"Radio Ljubu\u0161ki\",\"@id\":\"https:\\\/\\\/radioljubuski.ba\\\/#\\\/schema\\\/person\\\/19fc700381a780f69665d7956c469e3b\"},\"headline\":\"Hercegovina je Provansa, kraj koji lijepo odgaja svoju djecu, ali mi to zaboravljamo\",\"datePublished\":\"2021-03-02T01:24:46+00:00\",\"mainEntityOfPage\":{\"@id\":\"https:\\\/\\\/radioljubuski.ba\\\/index.php\\\/2021\\\/03\\\/02\\\/hercegovina-je-provansa-kraj-koji-lijepo-odgaja-svoju-djecu-ali-mi-to-zaboravljamo\\\/\"},\"wordCount\":1512,\"publisher\":{\"@id\":\"https:\\\/\\\/radioljubuski.ba\\\/#organization\"},\"image\":{\"@id\":\"https:\\\/\\\/radioljubuski.ba\\\/index.php\\\/2021\\\/03\\\/02\\\/hercegovina-je-provansa-kraj-koji-lijepo-odgaja-svoju-djecu-ali-mi-to-zaboravljamo\\\/#primaryimage\"},\"thumbnailUrl\":\"https:\\\/\\\/radioljubuski.ba\\\/wp-content\\\/uploads\\\/2021\\\/03\\\/7e2OfzrD_BOGDAN_475_316_85_s_c1.jpg\",\"articleSection\":[\"BIH i regija\"],\"inLanguage\":\"hr\"},{\"@type\":\"WebPage\",\"@id\":\"https:\\\/\\\/radioljubuski.ba\\\/index.php\\\/2021\\\/03\\\/02\\\/hercegovina-je-provansa-kraj-koji-lijepo-odgaja-svoju-djecu-ali-mi-to-zaboravljamo\\\/\",\"url\":\"https:\\\/\\\/radioljubuski.ba\\\/index.php\\\/2021\\\/03\\\/02\\\/hercegovina-je-provansa-kraj-koji-lijepo-odgaja-svoju-djecu-ali-mi-to-zaboravljamo\\\/\",\"name\":\"Hercegovina je Provansa, kraj koji lijepo odgaja svoju djecu, ali mi to zaboravljamo - RADIO LJUBU\u0160KI\",\"isPartOf\":{\"@id\":\"https:\\\/\\\/radioljubuski.ba\\\/#website\"},\"primaryImageOfPage\":{\"@id\":\"https:\\\/\\\/radioljubuski.ba\\\/index.php\\\/2021\\\/03\\\/02\\\/hercegovina-je-provansa-kraj-koji-lijepo-odgaja-svoju-djecu-ali-mi-to-zaboravljamo\\\/#primaryimage\"},\"image\":{\"@id\":\"https:\\\/\\\/radioljubuski.ba\\\/index.php\\\/2021\\\/03\\\/02\\\/hercegovina-je-provansa-kraj-koji-lijepo-odgaja-svoju-djecu-ali-mi-to-zaboravljamo\\\/#primaryimage\"},\"thumbnailUrl\":\"https:\\\/\\\/radioljubuski.ba\\\/wp-content\\\/uploads\\\/2021\\\/03\\\/7e2OfzrD_BOGDAN_475_316_85_s_c1.jpg\",\"datePublished\":\"2021-03-02T01:24:46+00:00\",\"breadcrumb\":{\"@id\":\"https:\\\/\\\/radioljubuski.ba\\\/index.php\\\/2021\\\/03\\\/02\\\/hercegovina-je-provansa-kraj-koji-lijepo-odgaja-svoju-djecu-ali-mi-to-zaboravljamo\\\/#breadcrumb\"},\"inLanguage\":\"hr\",\"potentialAction\":[{\"@type\":\"ReadAction\",\"target\":[\"https:\\\/\\\/radioljubuski.ba\\\/index.php\\\/2021\\\/03\\\/02\\\/hercegovina-je-provansa-kraj-koji-lijepo-odgaja-svoju-djecu-ali-mi-to-zaboravljamo\\\/\"]}]},{\"@type\":\"ImageObject\",\"inLanguage\":\"hr\",\"@id\":\"https:\\\/\\\/radioljubuski.ba\\\/index.php\\\/2021\\\/03\\\/02\\\/hercegovina-je-provansa-kraj-koji-lijepo-odgaja-svoju-djecu-ali-mi-to-zaboravljamo\\\/#primaryimage\",\"url\":\"https:\\\/\\\/radioljubuski.ba\\\/wp-content\\\/uploads\\\/2021\\\/03\\\/7e2OfzrD_BOGDAN_475_316_85_s_c1.jpg\",\"contentUrl\":\"https:\\\/\\\/radioljubuski.ba\\\/wp-content\\\/uploads\\\/2021\\\/03\\\/7e2OfzrD_BOGDAN_475_316_85_s_c1.jpg\",\"width\":475,\"height\":316},{\"@type\":\"BreadcrumbList\",\"@id\":\"https:\\\/\\\/radioljubuski.ba\\\/index.php\\\/2021\\\/03\\\/02\\\/hercegovina-je-provansa-kraj-koji-lijepo-odgaja-svoju-djecu-ali-mi-to-zaboravljamo\\\/#breadcrumb\",\"itemListElement\":[{\"@type\":\"ListItem\",\"position\":1,\"name\":\"Po\u010detna stranica\",\"item\":\"https:\\\/\\\/radioljubuski.ba\\\/\"},{\"@type\":\"ListItem\",\"position\":2,\"name\":\"Hercegovina je Provansa, kraj koji lijepo odgaja svoju djecu, ali mi to zaboravljamo\"}]},{\"@type\":\"WebSite\",\"@id\":\"https:\\\/\\\/radioljubuski.ba\\\/#website\",\"url\":\"https:\\\/\\\/radioljubuski.ba\\\/\",\"name\":\"Radio Ljubu\u0161ki\",\"description\":\"Sun\u010dana frekvencija Hercegovine\",\"publisher\":{\"@id\":\"https:\\\/\\\/radioljubuski.ba\\\/#organization\"},\"potentialAction\":[{\"@type\":\"SearchAction\",\"target\":{\"@type\":\"EntryPoint\",\"urlTemplate\":\"https:\\\/\\\/radioljubuski.ba\\\/?s={search_term_string}\"},\"query-input\":{\"@type\":\"PropertyValueSpecification\",\"valueRequired\":true,\"valueName\":\"search_term_string\"}}],\"inLanguage\":\"hr\"},{\"@type\":\"Organization\",\"@id\":\"https:\\\/\\\/radioljubuski.ba\\\/#organization\",\"name\":\"Radio Ljubu\u0161ki\",\"url\":\"https:\\\/\\\/radioljubuski.ba\\\/\",\"logo\":{\"@type\":\"ImageObject\",\"inLanguage\":\"hr\",\"@id\":\"https:\\\/\\\/radioljubuski.ba\\\/#\\\/schema\\\/logo\\\/image\\\/\",\"url\":\"https:\\\/\\\/radioljubuski.ba\\\/wp-content\\\/uploads\\\/2021\\\/02\\\/cropped-Radio_Ljubuski_logo1.jpg\",\"contentUrl\":\"https:\\\/\\\/radioljubuski.ba\\\/wp-content\\\/uploads\\\/2021\\\/02\\\/cropped-Radio_Ljubuski_logo1.jpg\",\"width\":512,\"height\":512,\"caption\":\"Radio Ljubu\u0161ki\"},\"image\":{\"@id\":\"https:\\\/\\\/radioljubuski.ba\\\/#\\\/schema\\\/logo\\\/image\\\/\"},\"sameAs\":[\"https:\\\/\\\/www.facebook.com\\\/Radiio-Ljubuski-1490835324566332\",\"https:\\\/\\\/x.com\\\/radioljubuski\",\"https:\\\/\\\/hr.linkedin.com\\\/company\\\/radio-ljubuski\",\"https:\\\/\\\/www.youtube.com\\\/channel\\\/UCHYaeO_n0Db3tjNGudGpXyw\"]},{\"@type\":\"Person\",\"@id\":\"https:\\\/\\\/radioljubuski.ba\\\/#\\\/schema\\\/person\\\/19fc700381a780f69665d7956c469e3b\",\"name\":\"Radio Ljubu\u0161ki\"}]}<\/script>\n<!-- \/ Yoast SEO plugin. -->","yoast_head_json":{"title":"Hercegovina je Provansa, kraj koji lijepo odgaja svoju djecu, ali mi to zaboravljamo - RADIO LJUBU\u0160KI","robots":{"index":"index","follow":"follow","max-snippet":"max-snippet:-1","max-image-preview":"max-image-preview:large","max-video-preview":"max-video-preview:-1"},"canonical":"https:\/\/radioljubuski.ba\/index.php\/2021\/03\/02\/hercegovina-je-provansa-kraj-koji-lijepo-odgaja-svoju-djecu-ali-mi-to-zaboravljamo\/","og_locale":"hr_HR","og_type":"article","og_title":"Hercegovina je Provansa, kraj koji lijepo odgaja svoju djecu, ali mi to zaboravljamo - RADIO LJUBU\u0160KI","og_description":"Goran Bogdan pro\u0161le je godine bio nominiran za najboljeg europskog glumca. \u0160irokobrije\u017eanin, koji je postao sinonim za izvrsne uloge, snima od Balkana do Hollywooda, me\u0111utim, toliko je jednostavan i susretljiv da ga ubrzo nakon upoznavanja po\u010dnete do\u017eivljavati kao \u010dlana obitelji. U pandemijskoj, 2020. bio je jedan od najzaposlenijih glumaca, a i u \u201cnastavku\u201d te godine, [&hellip;]","og_url":"https:\/\/radioljubuski.ba\/index.php\/2021\/03\/02\/hercegovina-je-provansa-kraj-koji-lijepo-odgaja-svoju-djecu-ali-mi-to-zaboravljamo\/","og_site_name":"RADIO LJUBU\u0160KI","article_publisher":"https:\/\/www.facebook.com\/Radiio-Ljubuski-1490835324566332","article_published_time":"2021-03-02T01:24:46+00:00","og_image":[{"width":475,"height":316,"url":"https:\/\/radioljubuski.ba\/wp-content\/uploads\/2021\/03\/7e2OfzrD_BOGDAN_475_316_85_s_c1.jpg","type":"image\/jpeg"}],"author":"Radio Ljubu\u0161ki","twitter_card":"summary_large_image","twitter_creator":"@radioljubuski","twitter_site":"@radioljubuski","twitter_misc":{"Napisao\/la":"Radio Ljubu\u0161ki","Procijenjeno vrijeme \u010ditanja":"7 minuta"},"schema":{"@context":"https:\/\/schema.org","@graph":[{"@type":"Article","@id":"https:\/\/radioljubuski.ba\/index.php\/2021\/03\/02\/hercegovina-je-provansa-kraj-koji-lijepo-odgaja-svoju-djecu-ali-mi-to-zaboravljamo\/#article","isPartOf":{"@id":"https:\/\/radioljubuski.ba\/index.php\/2021\/03\/02\/hercegovina-je-provansa-kraj-koji-lijepo-odgaja-svoju-djecu-ali-mi-to-zaboravljamo\/"},"author":{"name":"Radio Ljubu\u0161ki","@id":"https:\/\/radioljubuski.ba\/#\/schema\/person\/19fc700381a780f69665d7956c469e3b"},"headline":"Hercegovina je Provansa, kraj koji lijepo odgaja svoju djecu, ali mi to zaboravljamo","datePublished":"2021-03-02T01:24:46+00:00","mainEntityOfPage":{"@id":"https:\/\/radioljubuski.ba\/index.php\/2021\/03\/02\/hercegovina-je-provansa-kraj-koji-lijepo-odgaja-svoju-djecu-ali-mi-to-zaboravljamo\/"},"wordCount":1512,"publisher":{"@id":"https:\/\/radioljubuski.ba\/#organization"},"image":{"@id":"https:\/\/radioljubuski.ba\/index.php\/2021\/03\/02\/hercegovina-je-provansa-kraj-koji-lijepo-odgaja-svoju-djecu-ali-mi-to-zaboravljamo\/#primaryimage"},"thumbnailUrl":"https:\/\/radioljubuski.ba\/wp-content\/uploads\/2021\/03\/7e2OfzrD_BOGDAN_475_316_85_s_c1.jpg","articleSection":["BIH i regija"],"inLanguage":"hr"},{"@type":"WebPage","@id":"https:\/\/radioljubuski.ba\/index.php\/2021\/03\/02\/hercegovina-je-provansa-kraj-koji-lijepo-odgaja-svoju-djecu-ali-mi-to-zaboravljamo\/","url":"https:\/\/radioljubuski.ba\/index.php\/2021\/03\/02\/hercegovina-je-provansa-kraj-koji-lijepo-odgaja-svoju-djecu-ali-mi-to-zaboravljamo\/","name":"Hercegovina je Provansa, kraj koji lijepo odgaja svoju djecu, ali mi to zaboravljamo - RADIO LJUBU\u0160KI","isPartOf":{"@id":"https:\/\/radioljubuski.ba\/#website"},"primaryImageOfPage":{"@id":"https:\/\/radioljubuski.ba\/index.php\/2021\/03\/02\/hercegovina-je-provansa-kraj-koji-lijepo-odgaja-svoju-djecu-ali-mi-to-zaboravljamo\/#primaryimage"},"image":{"@id":"https:\/\/radioljubuski.ba\/index.php\/2021\/03\/02\/hercegovina-je-provansa-kraj-koji-lijepo-odgaja-svoju-djecu-ali-mi-to-zaboravljamo\/#primaryimage"},"thumbnailUrl":"https:\/\/radioljubuski.ba\/wp-content\/uploads\/2021\/03\/7e2OfzrD_BOGDAN_475_316_85_s_c1.jpg","datePublished":"2021-03-02T01:24:46+00:00","breadcrumb":{"@id":"https:\/\/radioljubuski.ba\/index.php\/2021\/03\/02\/hercegovina-je-provansa-kraj-koji-lijepo-odgaja-svoju-djecu-ali-mi-to-zaboravljamo\/#breadcrumb"},"inLanguage":"hr","potentialAction":[{"@type":"ReadAction","target":["https:\/\/radioljubuski.ba\/index.php\/2021\/03\/02\/hercegovina-je-provansa-kraj-koji-lijepo-odgaja-svoju-djecu-ali-mi-to-zaboravljamo\/"]}]},{"@type":"ImageObject","inLanguage":"hr","@id":"https:\/\/radioljubuski.ba\/index.php\/2021\/03\/02\/hercegovina-je-provansa-kraj-koji-lijepo-odgaja-svoju-djecu-ali-mi-to-zaboravljamo\/#primaryimage","url":"https:\/\/radioljubuski.ba\/wp-content\/uploads\/2021\/03\/7e2OfzrD_BOGDAN_475_316_85_s_c1.jpg","contentUrl":"https:\/\/radioljubuski.ba\/wp-content\/uploads\/2021\/03\/7e2OfzrD_BOGDAN_475_316_85_s_c1.jpg","width":475,"height":316},{"@type":"BreadcrumbList","@id":"https:\/\/radioljubuski.ba\/index.php\/2021\/03\/02\/hercegovina-je-provansa-kraj-koji-lijepo-odgaja-svoju-djecu-ali-mi-to-zaboravljamo\/#breadcrumb","itemListElement":[{"@type":"ListItem","position":1,"name":"Po\u010detna stranica","item":"https:\/\/radioljubuski.ba\/"},{"@type":"ListItem","position":2,"name":"Hercegovina je Provansa, kraj koji lijepo odgaja svoju djecu, ali mi to zaboravljamo"}]},{"@type":"WebSite","@id":"https:\/\/radioljubuski.ba\/#website","url":"https:\/\/radioljubuski.ba\/","name":"Radio Ljubu\u0161ki","description":"Sun\u010dana frekvencija Hercegovine","publisher":{"@id":"https:\/\/radioljubuski.ba\/#organization"},"potentialAction":[{"@type":"SearchAction","target":{"@type":"EntryPoint","urlTemplate":"https:\/\/radioljubuski.ba\/?s={search_term_string}"},"query-input":{"@type":"PropertyValueSpecification","valueRequired":true,"valueName":"search_term_string"}}],"inLanguage":"hr"},{"@type":"Organization","@id":"https:\/\/radioljubuski.ba\/#organization","name":"Radio Ljubu\u0161ki","url":"https:\/\/radioljubuski.ba\/","logo":{"@type":"ImageObject","inLanguage":"hr","@id":"https:\/\/radioljubuski.ba\/#\/schema\/logo\/image\/","url":"https:\/\/radioljubuski.ba\/wp-content\/uploads\/2021\/02\/cropped-Radio_Ljubuski_logo1.jpg","contentUrl":"https:\/\/radioljubuski.ba\/wp-content\/uploads\/2021\/02\/cropped-Radio_Ljubuski_logo1.jpg","width":512,"height":512,"caption":"Radio Ljubu\u0161ki"},"image":{"@id":"https:\/\/radioljubuski.ba\/#\/schema\/logo\/image\/"},"sameAs":["https:\/\/www.facebook.com\/Radiio-Ljubuski-1490835324566332","https:\/\/x.com\/radioljubuski","https:\/\/hr.linkedin.com\/company\/radio-ljubuski","https:\/\/www.youtube.com\/channel\/UCHYaeO_n0Db3tjNGudGpXyw"]},{"@type":"Person","@id":"https:\/\/radioljubuski.ba\/#\/schema\/person\/19fc700381a780f69665d7956c469e3b","name":"Radio Ljubu\u0161ki"}]}},"_links":{"self":[{"href":"https:\/\/radioljubuski.ba\/index.php\/wp-json\/wp\/v2\/posts\/671","targetHints":{"allow":["GET"]}}],"collection":[{"href":"https:\/\/radioljubuski.ba\/index.php\/wp-json\/wp\/v2\/posts"}],"about":[{"href":"https:\/\/radioljubuski.ba\/index.php\/wp-json\/wp\/v2\/types\/post"}],"author":[{"embeddable":true,"href":"https:\/\/radioljubuski.ba\/index.php\/wp-json\/wp\/v2\/users\/2"}],"replies":[{"embeddable":true,"href":"https:\/\/radioljubuski.ba\/index.php\/wp-json\/wp\/v2\/comments?post=671"}],"version-history":[{"count":1,"href":"https:\/\/radioljubuski.ba\/index.php\/wp-json\/wp\/v2\/posts\/671\/revisions"}],"predecessor-version":[{"id":673,"href":"https:\/\/radioljubuski.ba\/index.php\/wp-json\/wp\/v2\/posts\/671\/revisions\/673"}],"wp:featuredmedia":[{"embeddable":true,"href":"https:\/\/radioljubuski.ba\/index.php\/wp-json\/wp\/v2\/media\/672"}],"wp:attachment":[{"href":"https:\/\/radioljubuski.ba\/index.php\/wp-json\/wp\/v2\/media?parent=671"}],"wp:term":[{"taxonomy":"category","embeddable":true,"href":"https:\/\/radioljubuski.ba\/index.php\/wp-json\/wp\/v2\/categories?post=671"},{"taxonomy":"post_tag","embeddable":true,"href":"https:\/\/radioljubuski.ba\/index.php\/wp-json\/wp\/v2\/tags?post=671"}],"curies":[{"name":"wp","href":"https:\/\/api.w.org\/{rel}","templated":true}]}}