{"id":674,"date":"2021-03-02T01:29:49","date_gmt":"2021-03-02T01:29:49","guid":{"rendered":"https:\/\/radioljubuski.ba\/?p=674"},"modified":"2021-03-02T01:29:50","modified_gmt":"2021-03-02T01:29:50","slug":"muslimanski-knjizevnik-hadzem-hajdarevic-laz-je-da-nema-bosne-bez-hrvata-i-srba","status":"publish","type":"post","link":"https:\/\/radioljubuski.ba\/index.php\/2021\/03\/02\/muslimanski-knjizevnik-hadzem-hajdarevic-laz-je-da-nema-bosne-bez-hrvata-i-srba\/","title":{"rendered":"Muslimanski knji\u017eevnik Had\u017eem Hajdarevi\u0107: La\u017e je da nema Bosne bez Hrvata i Srba"},"content":{"rendered":"\n<p><strong>Koordinacija zajednice Bo\u0161njaka u Fo\u010di povodom Dana neovisnosti BIH organizirala je program u kompleksu Alad\u017ea d\u017eamije kojem su prisustvovali brojni povratnici, \u010dlanovi bora\u010dkih i udru\u017eenja \u017ertava rata, te brojni Fo\u010daci raseljeni \u0161irom zemlje koji su \u017eeljeli ovaj dan provesti upravo u Fo\u010di.<\/strong><\/p>\n\n\n\n<p>Dan neovisnosti BiH u ovom gradu se obilje\u017eava od pro\u0161le godine, a Izet Spahi\u0107, jedini bo\u0161nja\u010dki odbornik u lokalnom parlamentu isti\u010de kako je jedan od najzna\u010dajnijih dr\u017eavnih praznika trebao biti obilje\u017een u nekoj od gradskih sala me\u0111utim da to nisu mogli uraditi zbog pandemije i ograni\u010denja.<\/p>\n\n\n\n<p>\u201cAli smo iz na\u0161e Fo\u010de, s obala \u0106ehotine i Drine danas poru\u010dili da jesmo tu i da ne\u0107emo nikada odustati od ovog grada\u201d, poru\u010dio je Spahi\u0107.<\/p>\n\n\n\n<p>Obilje\u017eavanju Dana neovisnosti BiH u Fo\u010di prisustvovao je i zastupnik u Parlamentu BiH Nermin Mandra (SDA). On je podsjetio da su Bo\u0161njaci narod koji je stotinama godina \u017eivio pod tu\u0111om vla\u0161\u0107u.<\/p>\n\n\n\n<p>\u201cNakon progla\u0161enja neovisnosti BiH traje 29 godina. 29 godina jedan vu\u010de naprijed, a dvojica nazad. Toliko godina slu\u0161amo kako \u017eele da nestane ove zemlje. 29 godina progona, agresije, zlo\u010dina, genocida i danas se na politi\u010dkom planu na tome istrajava. Zato me nekad boli na\u0161a ravnodu\u0161nost. Nama Bo\u0161njacima je luksuz biti ravnodu\u0161an prema domovini, nama domovina mora biti na prvom mjestu\u201d, poru\u010dio je Mandra.<\/p>\n\n\n\n<p>Na skupu u kompleksu Alad\u017ee o ljubavi prema domovini BIH govorio je knji\u017eevnik Had\u017eem Hajdarevi\u0107.<\/p>\n\n\n\n<p>\u201cZemlja se voli, dr\u017eava se trpi, ali ono \u0161to je nama kao Bosancima jako bitno je da samo onda kad svoju dr\u017eavu do\u017eivljavamo kao svog najva\u017enijeg \u017eivotnog saveznika mo\u017eemo se nadati nekoj budu\u0107nosti\u201d, poru\u010dio je Hajdarevi\u0107.<\/p>\n\n\n\n<p>U svom govoru stavio je naglasak na \u010detiri stuba bosanskog identiteta po\u010dev od pripadnosti Bosni, isti\u010du\u0107i da suvremene generacije znaju jako malo o zna\u010dajnim datumima i li\u010dnostima iz povijesti BIH, poput pobjede bana Stjepana II na Bobovcu ili Tvrtka I Kotromani\u0107a, prenosi Klix.ba.<\/p>\n\n\n\n<p>On je danas u Fo\u010di podsjetio da je drugi stub identiteta osje\u0107aj pripadnosti narodu, Bo\u0161njacima ili Bosancima dok su tre\u0107i vjera, a \u010detvrti bosanski jezik. Poru\u010dio je da su Bo\u0161njaci na\u017ealost narod koji izbjegava da se sje\u0107a i pamti.<\/p>\n\n\n\n<p>\u201cBosna je obranjena, a granica na Drini je uzdignuta do nebesa. Va\u017eno je da tu dr\u017eavu i tu granicu mi u sebi nosimo. Ima jedna la\u017ena floskula: \u201cNema Bosne bez Bo\u0161njaka, Srba i Hrvata\u201d. Nema Bosne bez bosanskih patriota, bez onih koji su odgovorni za Bosnu. To je istina, sve druge su prolazne i la\u017ene\u201d, istaknuo je knji\u017eevnik Had\u017eem Hajdarevi\u0107.<\/p>\n\n\n\n<p>Glumac Mirza Mu\u0161ija govorio je stihove Ned\u017eada Ibri\u0161imovi\u0107a.<\/p>\n\n\n\n<p>\u201cBilo mi je zadovoljstvo biti danas u Fo\u010di na ovaj specifi\u010dan datum, da na svoj na\u010din dam doprinos. Stihovi na\u0161eg rahmetli Ned\u017eada Ibri\u0161imovi\u0107a itekako su sna\u017eno odjeknuli na ovim prostorima, Jako je va\u017eno da ba\u0161 u ovom dijelu BiH govorimo o ljubavi prema domovini i da svojim dolaskom damo do znanja na\u0161im prijateljima i patriotima BiH da nisu sami\u201d, kazao je Mu\u0161ija.<\/p>\n\n\n\n<p>\/HMS\/<\/p>\n","protected":false},"excerpt":{"rendered":"<p>Koordinacija zajednice Bo\u0161njaka u Fo\u010di povodom Dana neovisnosti BIH organizirala je program u kompleksu Alad\u017ea d\u017eamije kojem su prisustvovali brojni povratnici, \u010dlanovi bora\u010dkih i udru\u017eenja \u017ertava rata, te brojni Fo\u010daci raseljeni \u0161irom zemlje koji su \u017eeljeli ovaj dan provesti upravo u Fo\u010di. Dan neovisnosti BiH u ovom gradu se obilje\u017eava od pro\u0161le godine, a Izet [&hellip;]<\/p>\n","protected":false},"author":2,"featured_media":675,"comment_status":"closed","ping_status":"closed","sticky":false,"template":"","format":"standard","meta":{"h5ap_radio_sources":[],"footnotes":""},"categories":[1],"tags":[],"class_list":["post-674","post","type-post","status-publish","format-standard","has-post-thumbnail","hentry","category-bihiregija"],"yoast_head":"<!-- This site is optimized with the Yoast SEO plugin v27.4 - https:\/\/yoast.com\/product\/yoast-seo-wordpress\/ -->\n<title>Muslimanski knji\u017eevnik Had\u017eem Hajdarevi\u0107: La\u017e je da nema Bosne bez Hrvata i Srba - RADIO LJUBU\u0160KI<\/title>\n<meta name=\"robots\" content=\"index, follow, max-snippet:-1, max-image-preview:large, max-video-preview:-1\" \/>\n<link rel=\"canonical\" href=\"https:\/\/radioljubuski.ba\/index.php\/2021\/03\/02\/muslimanski-knjizevnik-hadzem-hajdarevic-laz-je-da-nema-bosne-bez-hrvata-i-srba\/\" \/>\n<meta property=\"og:locale\" content=\"hr_HR\" \/>\n<meta property=\"og:type\" content=\"article\" \/>\n<meta property=\"og:title\" content=\"Muslimanski knji\u017eevnik Had\u017eem Hajdarevi\u0107: La\u017e je da nema Bosne bez Hrvata i Srba - RADIO LJUBU\u0160KI\" \/>\n<meta property=\"og:description\" content=\"Koordinacija zajednice Bo\u0161njaka u Fo\u010di povodom Dana neovisnosti BIH organizirala je program u kompleksu Alad\u017ea d\u017eamije kojem su prisustvovali brojni povratnici, \u010dlanovi bora\u010dkih i udru\u017eenja \u017ertava rata, te brojni Fo\u010daci raseljeni \u0161irom zemlje koji su \u017eeljeli ovaj dan provesti upravo u Fo\u010di. Dan neovisnosti BiH u ovom gradu se obilje\u017eava od pro\u0161le godine, a Izet [&hellip;]\" \/>\n<meta property=\"og:url\" content=\"https:\/\/radioljubuski.ba\/index.php\/2021\/03\/02\/muslimanski-knjizevnik-hadzem-hajdarevic-laz-je-da-nema-bosne-bez-hrvata-i-srba\/\" \/>\n<meta property=\"og:site_name\" content=\"RADIO LJUBU\u0160KI\" \/>\n<meta property=\"article:publisher\" content=\"https:\/\/www.facebook.com\/Radiio-Ljubuski-1490835324566332\" \/>\n<meta property=\"article:published_time\" content=\"2021-03-02T01:29:49+00:00\" \/>\n<meta property=\"article:modified_time\" content=\"2021-03-02T01:29:50+00:00\" \/>\n<meta property=\"og:image\" content=\"https:\/\/radioljubuski.ba\/wp-content\/uploads\/2021\/03\/untitled_design_9_0-1.jpg\" \/>\n\t<meta property=\"og:image:width\" content=\"840\" \/>\n\t<meta property=\"og:image:height\" content=\"470\" \/>\n\t<meta property=\"og:image:type\" content=\"image\/jpeg\" \/>\n<meta name=\"author\" content=\"Radio Ljubu\u0161ki\" \/>\n<meta name=\"twitter:card\" content=\"summary_large_image\" \/>\n<meta name=\"twitter:creator\" content=\"@radioljubuski\" \/>\n<meta name=\"twitter:site\" content=\"@radioljubuski\" \/>\n<meta name=\"twitter:label1\" content=\"Napisao\/la\" \/>\n\t<meta name=\"twitter:data1\" content=\"Radio Ljubu\u0161ki\" \/>\n\t<meta name=\"twitter:label2\" content=\"Procijenjeno vrijeme \u010ditanja\" \/>\n\t<meta name=\"twitter:data2\" content=\"3 minute\" \/>\n<script type=\"application\/ld+json\" class=\"yoast-schema-graph\">{\"@context\":\"https:\\\/\\\/schema.org\",\"@graph\":[{\"@type\":\"Article\",\"@id\":\"https:\\\/\\\/radioljubuski.ba\\\/index.php\\\/2021\\\/03\\\/02\\\/muslimanski-knjizevnik-hadzem-hajdarevic-laz-je-da-nema-bosne-bez-hrvata-i-srba\\\/#article\",\"isPartOf\":{\"@id\":\"https:\\\/\\\/radioljubuski.ba\\\/index.php\\\/2021\\\/03\\\/02\\\/muslimanski-knjizevnik-hadzem-hajdarevic-laz-je-da-nema-bosne-bez-hrvata-i-srba\\\/\"},\"author\":{\"name\":\"Radio Ljubu\u0161ki\",\"@id\":\"https:\\\/\\\/radioljubuski.ba\\\/#\\\/schema\\\/person\\\/19fc700381a780f69665d7956c469e3b\"},\"headline\":\"Muslimanski knji\u017eevnik Had\u017eem Hajdarevi\u0107: La\u017e je da nema Bosne bez Hrvata i Srba\",\"datePublished\":\"2021-03-02T01:29:49+00:00\",\"dateModified\":\"2021-03-02T01:29:50+00:00\",\"mainEntityOfPage\":{\"@id\":\"https:\\\/\\\/radioljubuski.ba\\\/index.php\\\/2021\\\/03\\\/02\\\/muslimanski-knjizevnik-hadzem-hajdarevic-laz-je-da-nema-bosne-bez-hrvata-i-srba\\\/\"},\"wordCount\":569,\"publisher\":{\"@id\":\"https:\\\/\\\/radioljubuski.ba\\\/#organization\"},\"image\":{\"@id\":\"https:\\\/\\\/radioljubuski.ba\\\/index.php\\\/2021\\\/03\\\/02\\\/muslimanski-knjizevnik-hadzem-hajdarevic-laz-je-da-nema-bosne-bez-hrvata-i-srba\\\/#primaryimage\"},\"thumbnailUrl\":\"https:\\\/\\\/radioljubuski.ba\\\/wp-content\\\/uploads\\\/2021\\\/03\\\/untitled_design_9_0-1.jpg\",\"articleSection\":[\"BIH i regija\"],\"inLanguage\":\"hr\"},{\"@type\":\"WebPage\",\"@id\":\"https:\\\/\\\/radioljubuski.ba\\\/index.php\\\/2021\\\/03\\\/02\\\/muslimanski-knjizevnik-hadzem-hajdarevic-laz-je-da-nema-bosne-bez-hrvata-i-srba\\\/\",\"url\":\"https:\\\/\\\/radioljubuski.ba\\\/index.php\\\/2021\\\/03\\\/02\\\/muslimanski-knjizevnik-hadzem-hajdarevic-laz-je-da-nema-bosne-bez-hrvata-i-srba\\\/\",\"name\":\"Muslimanski knji\u017eevnik Had\u017eem Hajdarevi\u0107: La\u017e je da nema Bosne bez Hrvata i Srba - RADIO LJUBU\u0160KI\",\"isPartOf\":{\"@id\":\"https:\\\/\\\/radioljubuski.ba\\\/#website\"},\"primaryImageOfPage\":{\"@id\":\"https:\\\/\\\/radioljubuski.ba\\\/index.php\\\/2021\\\/03\\\/02\\\/muslimanski-knjizevnik-hadzem-hajdarevic-laz-je-da-nema-bosne-bez-hrvata-i-srba\\\/#primaryimage\"},\"image\":{\"@id\":\"https:\\\/\\\/radioljubuski.ba\\\/index.php\\\/2021\\\/03\\\/02\\\/muslimanski-knjizevnik-hadzem-hajdarevic-laz-je-da-nema-bosne-bez-hrvata-i-srba\\\/#primaryimage\"},\"thumbnailUrl\":\"https:\\\/\\\/radioljubuski.ba\\\/wp-content\\\/uploads\\\/2021\\\/03\\\/untitled_design_9_0-1.jpg\",\"datePublished\":\"2021-03-02T01:29:49+00:00\",\"dateModified\":\"2021-03-02T01:29:50+00:00\",\"breadcrumb\":{\"@id\":\"https:\\\/\\\/radioljubuski.ba\\\/index.php\\\/2021\\\/03\\\/02\\\/muslimanski-knjizevnik-hadzem-hajdarevic-laz-je-da-nema-bosne-bez-hrvata-i-srba\\\/#breadcrumb\"},\"inLanguage\":\"hr\",\"potentialAction\":[{\"@type\":\"ReadAction\",\"target\":[\"https:\\\/\\\/radioljubuski.ba\\\/index.php\\\/2021\\\/03\\\/02\\\/muslimanski-knjizevnik-hadzem-hajdarevic-laz-je-da-nema-bosne-bez-hrvata-i-srba\\\/\"]}]},{\"@type\":\"ImageObject\",\"inLanguage\":\"hr\",\"@id\":\"https:\\\/\\\/radioljubuski.ba\\\/index.php\\\/2021\\\/03\\\/02\\\/muslimanski-knjizevnik-hadzem-hajdarevic-laz-je-da-nema-bosne-bez-hrvata-i-srba\\\/#primaryimage\",\"url\":\"https:\\\/\\\/radioljubuski.ba\\\/wp-content\\\/uploads\\\/2021\\\/03\\\/untitled_design_9_0-1.jpg\",\"contentUrl\":\"https:\\\/\\\/radioljubuski.ba\\\/wp-content\\\/uploads\\\/2021\\\/03\\\/untitled_design_9_0-1.jpg\",\"width\":840,\"height\":470},{\"@type\":\"BreadcrumbList\",\"@id\":\"https:\\\/\\\/radioljubuski.ba\\\/index.php\\\/2021\\\/03\\\/02\\\/muslimanski-knjizevnik-hadzem-hajdarevic-laz-je-da-nema-bosne-bez-hrvata-i-srba\\\/#breadcrumb\",\"itemListElement\":[{\"@type\":\"ListItem\",\"position\":1,\"name\":\"Po\u010detna stranica\",\"item\":\"https:\\\/\\\/radioljubuski.ba\\\/\"},{\"@type\":\"ListItem\",\"position\":2,\"name\":\"Muslimanski knji\u017eevnik Had\u017eem Hajdarevi\u0107: La\u017e je da nema Bosne bez Hrvata i Srba\"}]},{\"@type\":\"WebSite\",\"@id\":\"https:\\\/\\\/radioljubuski.ba\\\/#website\",\"url\":\"https:\\\/\\\/radioljubuski.ba\\\/\",\"name\":\"Radio Ljubu\u0161ki\",\"description\":\"Sun\u010dana frekvencija Hercegovine\",\"publisher\":{\"@id\":\"https:\\\/\\\/radioljubuski.ba\\\/#organization\"},\"potentialAction\":[{\"@type\":\"SearchAction\",\"target\":{\"@type\":\"EntryPoint\",\"urlTemplate\":\"https:\\\/\\\/radioljubuski.ba\\\/?s={search_term_string}\"},\"query-input\":{\"@type\":\"PropertyValueSpecification\",\"valueRequired\":true,\"valueName\":\"search_term_string\"}}],\"inLanguage\":\"hr\"},{\"@type\":\"Organization\",\"@id\":\"https:\\\/\\\/radioljubuski.ba\\\/#organization\",\"name\":\"Radio Ljubu\u0161ki\",\"url\":\"https:\\\/\\\/radioljubuski.ba\\\/\",\"logo\":{\"@type\":\"ImageObject\",\"inLanguage\":\"hr\",\"@id\":\"https:\\\/\\\/radioljubuski.ba\\\/#\\\/schema\\\/logo\\\/image\\\/\",\"url\":\"https:\\\/\\\/radioljubuski.ba\\\/wp-content\\\/uploads\\\/2021\\\/02\\\/cropped-Radio_Ljubuski_logo1.jpg\",\"contentUrl\":\"https:\\\/\\\/radioljubuski.ba\\\/wp-content\\\/uploads\\\/2021\\\/02\\\/cropped-Radio_Ljubuski_logo1.jpg\",\"width\":512,\"height\":512,\"caption\":\"Radio Ljubu\u0161ki\"},\"image\":{\"@id\":\"https:\\\/\\\/radioljubuski.ba\\\/#\\\/schema\\\/logo\\\/image\\\/\"},\"sameAs\":[\"https:\\\/\\\/www.facebook.com\\\/Radiio-Ljubuski-1490835324566332\",\"https:\\\/\\\/x.com\\\/radioljubuski\",\"https:\\\/\\\/hr.linkedin.com\\\/company\\\/radio-ljubuski\",\"https:\\\/\\\/www.youtube.com\\\/channel\\\/UCHYaeO_n0Db3tjNGudGpXyw\"]},{\"@type\":\"Person\",\"@id\":\"https:\\\/\\\/radioljubuski.ba\\\/#\\\/schema\\\/person\\\/19fc700381a780f69665d7956c469e3b\",\"name\":\"Radio Ljubu\u0161ki\"}]}<\/script>\n<!-- \/ Yoast SEO plugin. -->","yoast_head_json":{"title":"Muslimanski knji\u017eevnik Had\u017eem Hajdarevi\u0107: La\u017e je da nema Bosne bez Hrvata i Srba - RADIO LJUBU\u0160KI","robots":{"index":"index","follow":"follow","max-snippet":"max-snippet:-1","max-image-preview":"max-image-preview:large","max-video-preview":"max-video-preview:-1"},"canonical":"https:\/\/radioljubuski.ba\/index.php\/2021\/03\/02\/muslimanski-knjizevnik-hadzem-hajdarevic-laz-je-da-nema-bosne-bez-hrvata-i-srba\/","og_locale":"hr_HR","og_type":"article","og_title":"Muslimanski knji\u017eevnik Had\u017eem Hajdarevi\u0107: La\u017e je da nema Bosne bez Hrvata i Srba - RADIO LJUBU\u0160KI","og_description":"Koordinacija zajednice Bo\u0161njaka u Fo\u010di povodom Dana neovisnosti BIH organizirala je program u kompleksu Alad\u017ea d\u017eamije kojem su prisustvovali brojni povratnici, \u010dlanovi bora\u010dkih i udru\u017eenja \u017ertava rata, te brojni Fo\u010daci raseljeni \u0161irom zemlje koji su \u017eeljeli ovaj dan provesti upravo u Fo\u010di. Dan neovisnosti BiH u ovom gradu se obilje\u017eava od pro\u0161le godine, a Izet [&hellip;]","og_url":"https:\/\/radioljubuski.ba\/index.php\/2021\/03\/02\/muslimanski-knjizevnik-hadzem-hajdarevic-laz-je-da-nema-bosne-bez-hrvata-i-srba\/","og_site_name":"RADIO LJUBU\u0160KI","article_publisher":"https:\/\/www.facebook.com\/Radiio-Ljubuski-1490835324566332","article_published_time":"2021-03-02T01:29:49+00:00","article_modified_time":"2021-03-02T01:29:50+00:00","og_image":[{"width":840,"height":470,"url":"https:\/\/radioljubuski.ba\/wp-content\/uploads\/2021\/03\/untitled_design_9_0-1.jpg","type":"image\/jpeg"}],"author":"Radio Ljubu\u0161ki","twitter_card":"summary_large_image","twitter_creator":"@radioljubuski","twitter_site":"@radioljubuski","twitter_misc":{"Napisao\/la":"Radio Ljubu\u0161ki","Procijenjeno vrijeme \u010ditanja":"3 minute"},"schema":{"@context":"https:\/\/schema.org","@graph":[{"@type":"Article","@id":"https:\/\/radioljubuski.ba\/index.php\/2021\/03\/02\/muslimanski-knjizevnik-hadzem-hajdarevic-laz-je-da-nema-bosne-bez-hrvata-i-srba\/#article","isPartOf":{"@id":"https:\/\/radioljubuski.ba\/index.php\/2021\/03\/02\/muslimanski-knjizevnik-hadzem-hajdarevic-laz-je-da-nema-bosne-bez-hrvata-i-srba\/"},"author":{"name":"Radio Ljubu\u0161ki","@id":"https:\/\/radioljubuski.ba\/#\/schema\/person\/19fc700381a780f69665d7956c469e3b"},"headline":"Muslimanski knji\u017eevnik Had\u017eem Hajdarevi\u0107: La\u017e je da nema Bosne bez Hrvata i Srba","datePublished":"2021-03-02T01:29:49+00:00","dateModified":"2021-03-02T01:29:50+00:00","mainEntityOfPage":{"@id":"https:\/\/radioljubuski.ba\/index.php\/2021\/03\/02\/muslimanski-knjizevnik-hadzem-hajdarevic-laz-je-da-nema-bosne-bez-hrvata-i-srba\/"},"wordCount":569,"publisher":{"@id":"https:\/\/radioljubuski.ba\/#organization"},"image":{"@id":"https:\/\/radioljubuski.ba\/index.php\/2021\/03\/02\/muslimanski-knjizevnik-hadzem-hajdarevic-laz-je-da-nema-bosne-bez-hrvata-i-srba\/#primaryimage"},"thumbnailUrl":"https:\/\/radioljubuski.ba\/wp-content\/uploads\/2021\/03\/untitled_design_9_0-1.jpg","articleSection":["BIH i regija"],"inLanguage":"hr"},{"@type":"WebPage","@id":"https:\/\/radioljubuski.ba\/index.php\/2021\/03\/02\/muslimanski-knjizevnik-hadzem-hajdarevic-laz-je-da-nema-bosne-bez-hrvata-i-srba\/","url":"https:\/\/radioljubuski.ba\/index.php\/2021\/03\/02\/muslimanski-knjizevnik-hadzem-hajdarevic-laz-je-da-nema-bosne-bez-hrvata-i-srba\/","name":"Muslimanski knji\u017eevnik Had\u017eem Hajdarevi\u0107: La\u017e je da nema Bosne bez Hrvata i Srba - RADIO LJUBU\u0160KI","isPartOf":{"@id":"https:\/\/radioljubuski.ba\/#website"},"primaryImageOfPage":{"@id":"https:\/\/radioljubuski.ba\/index.php\/2021\/03\/02\/muslimanski-knjizevnik-hadzem-hajdarevic-laz-je-da-nema-bosne-bez-hrvata-i-srba\/#primaryimage"},"image":{"@id":"https:\/\/radioljubuski.ba\/index.php\/2021\/03\/02\/muslimanski-knjizevnik-hadzem-hajdarevic-laz-je-da-nema-bosne-bez-hrvata-i-srba\/#primaryimage"},"thumbnailUrl":"https:\/\/radioljubuski.ba\/wp-content\/uploads\/2021\/03\/untitled_design_9_0-1.jpg","datePublished":"2021-03-02T01:29:49+00:00","dateModified":"2021-03-02T01:29:50+00:00","breadcrumb":{"@id":"https:\/\/radioljubuski.ba\/index.php\/2021\/03\/02\/muslimanski-knjizevnik-hadzem-hajdarevic-laz-je-da-nema-bosne-bez-hrvata-i-srba\/#breadcrumb"},"inLanguage":"hr","potentialAction":[{"@type":"ReadAction","target":["https:\/\/radioljubuski.ba\/index.php\/2021\/03\/02\/muslimanski-knjizevnik-hadzem-hajdarevic-laz-je-da-nema-bosne-bez-hrvata-i-srba\/"]}]},{"@type":"ImageObject","inLanguage":"hr","@id":"https:\/\/radioljubuski.ba\/index.php\/2021\/03\/02\/muslimanski-knjizevnik-hadzem-hajdarevic-laz-je-da-nema-bosne-bez-hrvata-i-srba\/#primaryimage","url":"https:\/\/radioljubuski.ba\/wp-content\/uploads\/2021\/03\/untitled_design_9_0-1.jpg","contentUrl":"https:\/\/radioljubuski.ba\/wp-content\/uploads\/2021\/03\/untitled_design_9_0-1.jpg","width":840,"height":470},{"@type":"BreadcrumbList","@id":"https:\/\/radioljubuski.ba\/index.php\/2021\/03\/02\/muslimanski-knjizevnik-hadzem-hajdarevic-laz-je-da-nema-bosne-bez-hrvata-i-srba\/#breadcrumb","itemListElement":[{"@type":"ListItem","position":1,"name":"Po\u010detna stranica","item":"https:\/\/radioljubuski.ba\/"},{"@type":"ListItem","position":2,"name":"Muslimanski knji\u017eevnik Had\u017eem Hajdarevi\u0107: La\u017e je da nema Bosne bez Hrvata i Srba"}]},{"@type":"WebSite","@id":"https:\/\/radioljubuski.ba\/#website","url":"https:\/\/radioljubuski.ba\/","name":"Radio Ljubu\u0161ki","description":"Sun\u010dana frekvencija Hercegovine","publisher":{"@id":"https:\/\/radioljubuski.ba\/#organization"},"potentialAction":[{"@type":"SearchAction","target":{"@type":"EntryPoint","urlTemplate":"https:\/\/radioljubuski.ba\/?s={search_term_string}"},"query-input":{"@type":"PropertyValueSpecification","valueRequired":true,"valueName":"search_term_string"}}],"inLanguage":"hr"},{"@type":"Organization","@id":"https:\/\/radioljubuski.ba\/#organization","name":"Radio Ljubu\u0161ki","url":"https:\/\/radioljubuski.ba\/","logo":{"@type":"ImageObject","inLanguage":"hr","@id":"https:\/\/radioljubuski.ba\/#\/schema\/logo\/image\/","url":"https:\/\/radioljubuski.ba\/wp-content\/uploads\/2021\/02\/cropped-Radio_Ljubuski_logo1.jpg","contentUrl":"https:\/\/radioljubuski.ba\/wp-content\/uploads\/2021\/02\/cropped-Radio_Ljubuski_logo1.jpg","width":512,"height":512,"caption":"Radio Ljubu\u0161ki"},"image":{"@id":"https:\/\/radioljubuski.ba\/#\/schema\/logo\/image\/"},"sameAs":["https:\/\/www.facebook.com\/Radiio-Ljubuski-1490835324566332","https:\/\/x.com\/radioljubuski","https:\/\/hr.linkedin.com\/company\/radio-ljubuski","https:\/\/www.youtube.com\/channel\/UCHYaeO_n0Db3tjNGudGpXyw"]},{"@type":"Person","@id":"https:\/\/radioljubuski.ba\/#\/schema\/person\/19fc700381a780f69665d7956c469e3b","name":"Radio Ljubu\u0161ki"}]}},"_links":{"self":[{"href":"https:\/\/radioljubuski.ba\/index.php\/wp-json\/wp\/v2\/posts\/674","targetHints":{"allow":["GET"]}}],"collection":[{"href":"https:\/\/radioljubuski.ba\/index.php\/wp-json\/wp\/v2\/posts"}],"about":[{"href":"https:\/\/radioljubuski.ba\/index.php\/wp-json\/wp\/v2\/types\/post"}],"author":[{"embeddable":true,"href":"https:\/\/radioljubuski.ba\/index.php\/wp-json\/wp\/v2\/users\/2"}],"replies":[{"embeddable":true,"href":"https:\/\/radioljubuski.ba\/index.php\/wp-json\/wp\/v2\/comments?post=674"}],"version-history":[{"count":1,"href":"https:\/\/radioljubuski.ba\/index.php\/wp-json\/wp\/v2\/posts\/674\/revisions"}],"predecessor-version":[{"id":676,"href":"https:\/\/radioljubuski.ba\/index.php\/wp-json\/wp\/v2\/posts\/674\/revisions\/676"}],"wp:featuredmedia":[{"embeddable":true,"href":"https:\/\/radioljubuski.ba\/index.php\/wp-json\/wp\/v2\/media\/675"}],"wp:attachment":[{"href":"https:\/\/radioljubuski.ba\/index.php\/wp-json\/wp\/v2\/media?parent=674"}],"wp:term":[{"taxonomy":"category","embeddable":true,"href":"https:\/\/radioljubuski.ba\/index.php\/wp-json\/wp\/v2\/categories?post=674"},{"taxonomy":"post_tag","embeddable":true,"href":"https:\/\/radioljubuski.ba\/index.php\/wp-json\/wp\/v2\/tags?post=674"}],"curies":[{"name":"wp","href":"https:\/\/api.w.org\/{rel}","templated":true}]}}