{"id":6802,"date":"2021-03-25T15:39:55","date_gmt":"2021-03-25T14:39:55","guid":{"rendered":"https:\/\/radioljubuski.ba\/?p=6802"},"modified":"2021-03-25T15:39:56","modified_gmt":"2021-03-25T14:39:56","slug":"kosti-zrtava-hrvatske-nacionalnosti-u-minskom-polju-kod-travnika","status":"publish","type":"post","link":"https:\/\/radioljubuski.ba\/index.php\/2021\/03\/25\/kosti-zrtava-hrvatske-nacionalnosti-u-minskom-polju-kod-travnika\/","title":{"rendered":"Kosti \u017ertava hrvatske nacionalnosti u minskom polju kod Travnika"},"content":{"rendered":"\n<p>Prekinuta je ekshumacija na lokalitetu Mala Bukovica, op\u0107ina Travnik, jer su prilikom iskopavanja prona\u0111ena minsko-eksplozivna sredstva, najvjerojatnije zaostala iz proteklog rata.<\/p>\n\n\n\n<p>Glasnogovornica Instituta za nestale osobe (INO) BiH Emza Fazli\u0107 kazala je Feni kako je ekshumacija zapo\u010dela jutros, te da je istra\u017eitelj Tu\u017eila\u0161tva BiH, pod \u010dijim nadzorom se provodi, pozvao deminerski tim koji \u0107e ukloniti minsko-eksploziva sredstva.<\/p>\n\n\n\n<p>Kako je navela, na lokalitetu Male Bukovice traga se za posmrtnim ostacima jedne \u017ertve hrvatske nacionalnosti, koja je na tom podru\u010dju nestala 1993. godine.<\/p>\n\n\n\n<p>Ekshumacija se vr\u0161i po naredbi Suda BiH i pod rukovodstvom Tu\u017eiteljstva BiH.<\/p>\n\n\n\n<p>Izvor:pogled.ba<\/p>\n","protected":false},"excerpt":{"rendered":"<p>Prekinuta je ekshumacija na lokalitetu Mala Bukovica, op\u0107ina Travnik, jer su prilikom iskopavanja prona\u0111ena minsko-eksplozivna sredstva, najvjerojatnije zaostala iz proteklog rata. Glasnogovornica Instituta za nestale osobe (INO) BiH Emza Fazli\u0107 kazala je Feni kako je ekshumacija zapo\u010dela jutros, te da je istra\u017eitelj Tu\u017eila\u0161tva BiH, pod \u010dijim nadzorom se provodi, pozvao deminerski tim koji \u0107e ukloniti [&hellip;]<\/p>\n","protected":false},"author":2,"featured_media":6803,"comment_status":"closed","ping_status":"closed","sticky":false,"template":"","format":"standard","meta":{"h5ap_radio_sources":[],"footnotes":""},"categories":[1],"tags":[],"class_list":["post-6802","post","type-post","status-publish","format-standard","has-post-thumbnail","hentry","category-bihiregija"],"yoast_head":"<!-- This site is optimized with the Yoast SEO plugin v27.4 - https:\/\/yoast.com\/product\/yoast-seo-wordpress\/ -->\n<title>Kosti \u017ertava hrvatske nacionalnosti u minskom polju kod Travnika - RADIO LJUBU\u0160KI<\/title>\n<meta name=\"robots\" content=\"index, follow, max-snippet:-1, max-image-preview:large, max-video-preview:-1\" \/>\n<link rel=\"canonical\" href=\"https:\/\/radioljubuski.ba\/index.php\/2021\/03\/25\/kosti-zrtava-hrvatske-nacionalnosti-u-minskom-polju-kod-travnika\/\" \/>\n<meta property=\"og:locale\" content=\"hr_HR\" \/>\n<meta property=\"og:type\" content=\"article\" \/>\n<meta property=\"og:title\" content=\"Kosti \u017ertava hrvatske nacionalnosti u minskom polju kod Travnika - RADIO LJUBU\u0160KI\" \/>\n<meta property=\"og:description\" content=\"Prekinuta je ekshumacija na lokalitetu Mala Bukovica, op\u0107ina Travnik, jer su prilikom iskopavanja prona\u0111ena minsko-eksplozivna sredstva, najvjerojatnije zaostala iz proteklog rata. Glasnogovornica Instituta za nestale osobe (INO) BiH Emza Fazli\u0107 kazala je Feni kako je ekshumacija zapo\u010dela jutros, te da je istra\u017eitelj Tu\u017eila\u0161tva BiH, pod \u010dijim nadzorom se provodi, pozvao deminerski tim koji \u0107e ukloniti [&hellip;]\" \/>\n<meta property=\"og:url\" content=\"https:\/\/radioljubuski.ba\/index.php\/2021\/03\/25\/kosti-zrtava-hrvatske-nacionalnosti-u-minskom-polju-kod-travnika\/\" \/>\n<meta property=\"og:site_name\" content=\"RADIO LJUBU\u0160KI\" \/>\n<meta property=\"article:publisher\" content=\"https:\/\/www.facebook.com\/Radiio-Ljubuski-1490835324566332\" \/>\n<meta property=\"article:published_time\" content=\"2021-03-25T14:39:55+00:00\" \/>\n<meta property=\"article:modified_time\" content=\"2021-03-25T14:39:56+00:00\" \/>\n<meta property=\"og:image\" content=\"https:\/\/radioljubuski.ba\/wp-content\/uploads\/2021\/03\/2-2021-03-25-12-21-29-travnik.jpg\" \/>\n\t<meta property=\"og:image:width\" content=\"1000\" \/>\n\t<meta property=\"og:image:height\" content=\"625\" \/>\n\t<meta property=\"og:image:type\" content=\"image\/jpeg\" \/>\n<meta name=\"author\" content=\"Radio Ljubu\u0161ki\" \/>\n<meta name=\"twitter:card\" content=\"summary_large_image\" \/>\n<meta name=\"twitter:creator\" content=\"@radioljubuski\" \/>\n<meta name=\"twitter:site\" content=\"@radioljubuski\" \/>\n<meta name=\"twitter:label1\" content=\"Napisao\/la\" \/>\n\t<meta name=\"twitter:data1\" content=\"Radio Ljubu\u0161ki\" \/>\n\t<meta name=\"twitter:label2\" content=\"Procijenjeno vrijeme \u010ditanja\" \/>\n\t<meta name=\"twitter:data2\" content=\"1 minuta\" \/>\n<script type=\"application\/ld+json\" class=\"yoast-schema-graph\">{\"@context\":\"https:\\\/\\\/schema.org\",\"@graph\":[{\"@type\":\"Article\",\"@id\":\"https:\\\/\\\/radioljubuski.ba\\\/index.php\\\/2021\\\/03\\\/25\\\/kosti-zrtava-hrvatske-nacionalnosti-u-minskom-polju-kod-travnika\\\/#article\",\"isPartOf\":{\"@id\":\"https:\\\/\\\/radioljubuski.ba\\\/index.php\\\/2021\\\/03\\\/25\\\/kosti-zrtava-hrvatske-nacionalnosti-u-minskom-polju-kod-travnika\\\/\"},\"author\":{\"name\":\"Radio Ljubu\u0161ki\",\"@id\":\"https:\\\/\\\/radioljubuski.ba\\\/#\\\/schema\\\/person\\\/19fc700381a780f69665d7956c469e3b\"},\"headline\":\"Kosti \u017ertava hrvatske nacionalnosti u minskom polju kod Travnika\",\"datePublished\":\"2021-03-25T14:39:55+00:00\",\"dateModified\":\"2021-03-25T14:39:56+00:00\",\"mainEntityOfPage\":{\"@id\":\"https:\\\/\\\/radioljubuski.ba\\\/index.php\\\/2021\\\/03\\\/25\\\/kosti-zrtava-hrvatske-nacionalnosti-u-minskom-polju-kod-travnika\\\/\"},\"wordCount\":113,\"publisher\":{\"@id\":\"https:\\\/\\\/radioljubuski.ba\\\/#organization\"},\"image\":{\"@id\":\"https:\\\/\\\/radioljubuski.ba\\\/index.php\\\/2021\\\/03\\\/25\\\/kosti-zrtava-hrvatske-nacionalnosti-u-minskom-polju-kod-travnika\\\/#primaryimage\"},\"thumbnailUrl\":\"https:\\\/\\\/radioljubuski.ba\\\/wp-content\\\/uploads\\\/2021\\\/03\\\/2-2021-03-25-12-21-29-travnik.jpg\",\"articleSection\":[\"BIH i regija\"],\"inLanguage\":\"hr\"},{\"@type\":\"WebPage\",\"@id\":\"https:\\\/\\\/radioljubuski.ba\\\/index.php\\\/2021\\\/03\\\/25\\\/kosti-zrtava-hrvatske-nacionalnosti-u-minskom-polju-kod-travnika\\\/\",\"url\":\"https:\\\/\\\/radioljubuski.ba\\\/index.php\\\/2021\\\/03\\\/25\\\/kosti-zrtava-hrvatske-nacionalnosti-u-minskom-polju-kod-travnika\\\/\",\"name\":\"Kosti \u017ertava hrvatske nacionalnosti u minskom polju kod Travnika - RADIO LJUBU\u0160KI\",\"isPartOf\":{\"@id\":\"https:\\\/\\\/radioljubuski.ba\\\/#website\"},\"primaryImageOfPage\":{\"@id\":\"https:\\\/\\\/radioljubuski.ba\\\/index.php\\\/2021\\\/03\\\/25\\\/kosti-zrtava-hrvatske-nacionalnosti-u-minskom-polju-kod-travnika\\\/#primaryimage\"},\"image\":{\"@id\":\"https:\\\/\\\/radioljubuski.ba\\\/index.php\\\/2021\\\/03\\\/25\\\/kosti-zrtava-hrvatske-nacionalnosti-u-minskom-polju-kod-travnika\\\/#primaryimage\"},\"thumbnailUrl\":\"https:\\\/\\\/radioljubuski.ba\\\/wp-content\\\/uploads\\\/2021\\\/03\\\/2-2021-03-25-12-21-29-travnik.jpg\",\"datePublished\":\"2021-03-25T14:39:55+00:00\",\"dateModified\":\"2021-03-25T14:39:56+00:00\",\"breadcrumb\":{\"@id\":\"https:\\\/\\\/radioljubuski.ba\\\/index.php\\\/2021\\\/03\\\/25\\\/kosti-zrtava-hrvatske-nacionalnosti-u-minskom-polju-kod-travnika\\\/#breadcrumb\"},\"inLanguage\":\"hr\",\"potentialAction\":[{\"@type\":\"ReadAction\",\"target\":[\"https:\\\/\\\/radioljubuski.ba\\\/index.php\\\/2021\\\/03\\\/25\\\/kosti-zrtava-hrvatske-nacionalnosti-u-minskom-polju-kod-travnika\\\/\"]}]},{\"@type\":\"ImageObject\",\"inLanguage\":\"hr\",\"@id\":\"https:\\\/\\\/radioljubuski.ba\\\/index.php\\\/2021\\\/03\\\/25\\\/kosti-zrtava-hrvatske-nacionalnosti-u-minskom-polju-kod-travnika\\\/#primaryimage\",\"url\":\"https:\\\/\\\/radioljubuski.ba\\\/wp-content\\\/uploads\\\/2021\\\/03\\\/2-2021-03-25-12-21-29-travnik.jpg\",\"contentUrl\":\"https:\\\/\\\/radioljubuski.ba\\\/wp-content\\\/uploads\\\/2021\\\/03\\\/2-2021-03-25-12-21-29-travnik.jpg\",\"width\":1000,\"height\":625},{\"@type\":\"BreadcrumbList\",\"@id\":\"https:\\\/\\\/radioljubuski.ba\\\/index.php\\\/2021\\\/03\\\/25\\\/kosti-zrtava-hrvatske-nacionalnosti-u-minskom-polju-kod-travnika\\\/#breadcrumb\",\"itemListElement\":[{\"@type\":\"ListItem\",\"position\":1,\"name\":\"Po\u010detna stranica\",\"item\":\"https:\\\/\\\/radioljubuski.ba\\\/\"},{\"@type\":\"ListItem\",\"position\":2,\"name\":\"Kosti \u017ertava hrvatske nacionalnosti u minskom polju kod Travnika\"}]},{\"@type\":\"WebSite\",\"@id\":\"https:\\\/\\\/radioljubuski.ba\\\/#website\",\"url\":\"https:\\\/\\\/radioljubuski.ba\\\/\",\"name\":\"Radio Ljubu\u0161ki\",\"description\":\"Sun\u010dana frekvencija Hercegovine\",\"publisher\":{\"@id\":\"https:\\\/\\\/radioljubuski.ba\\\/#organization\"},\"potentialAction\":[{\"@type\":\"SearchAction\",\"target\":{\"@type\":\"EntryPoint\",\"urlTemplate\":\"https:\\\/\\\/radioljubuski.ba\\\/?s={search_term_string}\"},\"query-input\":{\"@type\":\"PropertyValueSpecification\",\"valueRequired\":true,\"valueName\":\"search_term_string\"}}],\"inLanguage\":\"hr\"},{\"@type\":\"Organization\",\"@id\":\"https:\\\/\\\/radioljubuski.ba\\\/#organization\",\"name\":\"Radio Ljubu\u0161ki\",\"url\":\"https:\\\/\\\/radioljubuski.ba\\\/\",\"logo\":{\"@type\":\"ImageObject\",\"inLanguage\":\"hr\",\"@id\":\"https:\\\/\\\/radioljubuski.ba\\\/#\\\/schema\\\/logo\\\/image\\\/\",\"url\":\"https:\\\/\\\/radioljubuski.ba\\\/wp-content\\\/uploads\\\/2021\\\/02\\\/cropped-Radio_Ljubuski_logo1.jpg\",\"contentUrl\":\"https:\\\/\\\/radioljubuski.ba\\\/wp-content\\\/uploads\\\/2021\\\/02\\\/cropped-Radio_Ljubuski_logo1.jpg\",\"width\":512,\"height\":512,\"caption\":\"Radio Ljubu\u0161ki\"},\"image\":{\"@id\":\"https:\\\/\\\/radioljubuski.ba\\\/#\\\/schema\\\/logo\\\/image\\\/\"},\"sameAs\":[\"https:\\\/\\\/www.facebook.com\\\/Radiio-Ljubuski-1490835324566332\",\"https:\\\/\\\/x.com\\\/radioljubuski\",\"https:\\\/\\\/hr.linkedin.com\\\/company\\\/radio-ljubuski\",\"https:\\\/\\\/www.youtube.com\\\/channel\\\/UCHYaeO_n0Db3tjNGudGpXyw\"]},{\"@type\":\"Person\",\"@id\":\"https:\\\/\\\/radioljubuski.ba\\\/#\\\/schema\\\/person\\\/19fc700381a780f69665d7956c469e3b\",\"name\":\"Radio Ljubu\u0161ki\"}]}<\/script>\n<!-- \/ Yoast SEO plugin. -->","yoast_head_json":{"title":"Kosti \u017ertava hrvatske nacionalnosti u minskom polju kod Travnika - RADIO LJUBU\u0160KI","robots":{"index":"index","follow":"follow","max-snippet":"max-snippet:-1","max-image-preview":"max-image-preview:large","max-video-preview":"max-video-preview:-1"},"canonical":"https:\/\/radioljubuski.ba\/index.php\/2021\/03\/25\/kosti-zrtava-hrvatske-nacionalnosti-u-minskom-polju-kod-travnika\/","og_locale":"hr_HR","og_type":"article","og_title":"Kosti \u017ertava hrvatske nacionalnosti u minskom polju kod Travnika - RADIO LJUBU\u0160KI","og_description":"Prekinuta je ekshumacija na lokalitetu Mala Bukovica, op\u0107ina Travnik, jer su prilikom iskopavanja prona\u0111ena minsko-eksplozivna sredstva, najvjerojatnije zaostala iz proteklog rata. Glasnogovornica Instituta za nestale osobe (INO) BiH Emza Fazli\u0107 kazala je Feni kako je ekshumacija zapo\u010dela jutros, te da je istra\u017eitelj Tu\u017eila\u0161tva BiH, pod \u010dijim nadzorom se provodi, pozvao deminerski tim koji \u0107e ukloniti [&hellip;]","og_url":"https:\/\/radioljubuski.ba\/index.php\/2021\/03\/25\/kosti-zrtava-hrvatske-nacionalnosti-u-minskom-polju-kod-travnika\/","og_site_name":"RADIO LJUBU\u0160KI","article_publisher":"https:\/\/www.facebook.com\/Radiio-Ljubuski-1490835324566332","article_published_time":"2021-03-25T14:39:55+00:00","article_modified_time":"2021-03-25T14:39:56+00:00","og_image":[{"width":1000,"height":625,"url":"https:\/\/radioljubuski.ba\/wp-content\/uploads\/2021\/03\/2-2021-03-25-12-21-29-travnik.jpg","type":"image\/jpeg"}],"author":"Radio Ljubu\u0161ki","twitter_card":"summary_large_image","twitter_creator":"@radioljubuski","twitter_site":"@radioljubuski","twitter_misc":{"Napisao\/la":"Radio Ljubu\u0161ki","Procijenjeno vrijeme \u010ditanja":"1 minuta"},"schema":{"@context":"https:\/\/schema.org","@graph":[{"@type":"Article","@id":"https:\/\/radioljubuski.ba\/index.php\/2021\/03\/25\/kosti-zrtava-hrvatske-nacionalnosti-u-minskom-polju-kod-travnika\/#article","isPartOf":{"@id":"https:\/\/radioljubuski.ba\/index.php\/2021\/03\/25\/kosti-zrtava-hrvatske-nacionalnosti-u-minskom-polju-kod-travnika\/"},"author":{"name":"Radio Ljubu\u0161ki","@id":"https:\/\/radioljubuski.ba\/#\/schema\/person\/19fc700381a780f69665d7956c469e3b"},"headline":"Kosti \u017ertava hrvatske nacionalnosti u minskom polju kod Travnika","datePublished":"2021-03-25T14:39:55+00:00","dateModified":"2021-03-25T14:39:56+00:00","mainEntityOfPage":{"@id":"https:\/\/radioljubuski.ba\/index.php\/2021\/03\/25\/kosti-zrtava-hrvatske-nacionalnosti-u-minskom-polju-kod-travnika\/"},"wordCount":113,"publisher":{"@id":"https:\/\/radioljubuski.ba\/#organization"},"image":{"@id":"https:\/\/radioljubuski.ba\/index.php\/2021\/03\/25\/kosti-zrtava-hrvatske-nacionalnosti-u-minskom-polju-kod-travnika\/#primaryimage"},"thumbnailUrl":"https:\/\/radioljubuski.ba\/wp-content\/uploads\/2021\/03\/2-2021-03-25-12-21-29-travnik.jpg","articleSection":["BIH i regija"],"inLanguage":"hr"},{"@type":"WebPage","@id":"https:\/\/radioljubuski.ba\/index.php\/2021\/03\/25\/kosti-zrtava-hrvatske-nacionalnosti-u-minskom-polju-kod-travnika\/","url":"https:\/\/radioljubuski.ba\/index.php\/2021\/03\/25\/kosti-zrtava-hrvatske-nacionalnosti-u-minskom-polju-kod-travnika\/","name":"Kosti \u017ertava hrvatske nacionalnosti u minskom polju kod Travnika - RADIO LJUBU\u0160KI","isPartOf":{"@id":"https:\/\/radioljubuski.ba\/#website"},"primaryImageOfPage":{"@id":"https:\/\/radioljubuski.ba\/index.php\/2021\/03\/25\/kosti-zrtava-hrvatske-nacionalnosti-u-minskom-polju-kod-travnika\/#primaryimage"},"image":{"@id":"https:\/\/radioljubuski.ba\/index.php\/2021\/03\/25\/kosti-zrtava-hrvatske-nacionalnosti-u-minskom-polju-kod-travnika\/#primaryimage"},"thumbnailUrl":"https:\/\/radioljubuski.ba\/wp-content\/uploads\/2021\/03\/2-2021-03-25-12-21-29-travnik.jpg","datePublished":"2021-03-25T14:39:55+00:00","dateModified":"2021-03-25T14:39:56+00:00","breadcrumb":{"@id":"https:\/\/radioljubuski.ba\/index.php\/2021\/03\/25\/kosti-zrtava-hrvatske-nacionalnosti-u-minskom-polju-kod-travnika\/#breadcrumb"},"inLanguage":"hr","potentialAction":[{"@type":"ReadAction","target":["https:\/\/radioljubuski.ba\/index.php\/2021\/03\/25\/kosti-zrtava-hrvatske-nacionalnosti-u-minskom-polju-kod-travnika\/"]}]},{"@type":"ImageObject","inLanguage":"hr","@id":"https:\/\/radioljubuski.ba\/index.php\/2021\/03\/25\/kosti-zrtava-hrvatske-nacionalnosti-u-minskom-polju-kod-travnika\/#primaryimage","url":"https:\/\/radioljubuski.ba\/wp-content\/uploads\/2021\/03\/2-2021-03-25-12-21-29-travnik.jpg","contentUrl":"https:\/\/radioljubuski.ba\/wp-content\/uploads\/2021\/03\/2-2021-03-25-12-21-29-travnik.jpg","width":1000,"height":625},{"@type":"BreadcrumbList","@id":"https:\/\/radioljubuski.ba\/index.php\/2021\/03\/25\/kosti-zrtava-hrvatske-nacionalnosti-u-minskom-polju-kod-travnika\/#breadcrumb","itemListElement":[{"@type":"ListItem","position":1,"name":"Po\u010detna stranica","item":"https:\/\/radioljubuski.ba\/"},{"@type":"ListItem","position":2,"name":"Kosti \u017ertava hrvatske nacionalnosti u minskom polju kod Travnika"}]},{"@type":"WebSite","@id":"https:\/\/radioljubuski.ba\/#website","url":"https:\/\/radioljubuski.ba\/","name":"Radio Ljubu\u0161ki","description":"Sun\u010dana frekvencija Hercegovine","publisher":{"@id":"https:\/\/radioljubuski.ba\/#organization"},"potentialAction":[{"@type":"SearchAction","target":{"@type":"EntryPoint","urlTemplate":"https:\/\/radioljubuski.ba\/?s={search_term_string}"},"query-input":{"@type":"PropertyValueSpecification","valueRequired":true,"valueName":"search_term_string"}}],"inLanguage":"hr"},{"@type":"Organization","@id":"https:\/\/radioljubuski.ba\/#organization","name":"Radio Ljubu\u0161ki","url":"https:\/\/radioljubuski.ba\/","logo":{"@type":"ImageObject","inLanguage":"hr","@id":"https:\/\/radioljubuski.ba\/#\/schema\/logo\/image\/","url":"https:\/\/radioljubuski.ba\/wp-content\/uploads\/2021\/02\/cropped-Radio_Ljubuski_logo1.jpg","contentUrl":"https:\/\/radioljubuski.ba\/wp-content\/uploads\/2021\/02\/cropped-Radio_Ljubuski_logo1.jpg","width":512,"height":512,"caption":"Radio Ljubu\u0161ki"},"image":{"@id":"https:\/\/radioljubuski.ba\/#\/schema\/logo\/image\/"},"sameAs":["https:\/\/www.facebook.com\/Radiio-Ljubuski-1490835324566332","https:\/\/x.com\/radioljubuski","https:\/\/hr.linkedin.com\/company\/radio-ljubuski","https:\/\/www.youtube.com\/channel\/UCHYaeO_n0Db3tjNGudGpXyw"]},{"@type":"Person","@id":"https:\/\/radioljubuski.ba\/#\/schema\/person\/19fc700381a780f69665d7956c469e3b","name":"Radio Ljubu\u0161ki"}]}},"_links":{"self":[{"href":"https:\/\/radioljubuski.ba\/index.php\/wp-json\/wp\/v2\/posts\/6802","targetHints":{"allow":["GET"]}}],"collection":[{"href":"https:\/\/radioljubuski.ba\/index.php\/wp-json\/wp\/v2\/posts"}],"about":[{"href":"https:\/\/radioljubuski.ba\/index.php\/wp-json\/wp\/v2\/types\/post"}],"author":[{"embeddable":true,"href":"https:\/\/radioljubuski.ba\/index.php\/wp-json\/wp\/v2\/users\/2"}],"replies":[{"embeddable":true,"href":"https:\/\/radioljubuski.ba\/index.php\/wp-json\/wp\/v2\/comments?post=6802"}],"version-history":[{"count":1,"href":"https:\/\/radioljubuski.ba\/index.php\/wp-json\/wp\/v2\/posts\/6802\/revisions"}],"predecessor-version":[{"id":6804,"href":"https:\/\/radioljubuski.ba\/index.php\/wp-json\/wp\/v2\/posts\/6802\/revisions\/6804"}],"wp:featuredmedia":[{"embeddable":true,"href":"https:\/\/radioljubuski.ba\/index.php\/wp-json\/wp\/v2\/media\/6803"}],"wp:attachment":[{"href":"https:\/\/radioljubuski.ba\/index.php\/wp-json\/wp\/v2\/media?parent=6802"}],"wp:term":[{"taxonomy":"category","embeddable":true,"href":"https:\/\/radioljubuski.ba\/index.php\/wp-json\/wp\/v2\/categories?post=6802"},{"taxonomy":"post_tag","embeddable":true,"href":"https:\/\/radioljubuski.ba\/index.php\/wp-json\/wp\/v2\/tags?post=6802"}],"curies":[{"name":"wp","href":"https:\/\/api.w.org\/{rel}","templated":true}]}}